{"id":10101,"date":"2016-10-20T15:13:01","date_gmt":"2016-10-20T13:13:01","guid":{"rendered":"http:\/\/aktuelles.uni-frankfurt.de\/?p=10101"},"modified":"2016-10-20T15:13:01","modified_gmt":"2016-10-20T13:13:01","slug":"3-bis-6-november-kongress-der-gesellschaft-fuer-theaterwissenschaft","status":"publish","type":"post","link":"https:\/\/aktuelles.uni-frankfurt.de\/en\/veranstaltungen\/3-bis-6-november-kongress-der-gesellschaft-fuer-theaterwissenschaft\/","title":{"rendered":"3. bis 6. November \/  Kongress der Gesellschaft f\u00fcr Theaterwissenschaft"},"content":{"rendered":"<p><em><strong><img fetchpriority=\"high\" decoding=\"async\" class=\"alignleft wp-image-10103\" src=\"https:\/\/aktuelles.uni-frankfurt.de\/wp-content\/uploads\/2016\/10\/tak_banner_21.jpg\" alt=\"tak_banner_21\" width=\"749\" height=\"242\" srcset=\"https:\/\/aktuelles.uni-frankfurt.de\/wp-content\/uploads\/2016\/10\/tak_banner_21.jpg 898w, https:\/\/aktuelles.uni-frankfurt.de\/wp-content\/uploads\/2016\/10\/tak_banner_21-300x97.jpg 300w, https:\/\/aktuelles.uni-frankfurt.de\/wp-content\/uploads\/2016\/10\/tak_banner_21-768x248.jpg 768w\" sizes=\"(max-width: 749px) 100vw, 749px\" \/>13. Kongress der Gesellschaft f\u00fcr Theaterwissenschaft in Frankfurt \u2013 in Kooperation der Goethe-Universit\u00e4t und Justus-Liebig-Universit\u00e4t Gie\u00dfen.<\/strong><\/em><\/p>\n<p>\u00dcber das Thema \u201eTheater als Kritik\u201c werden beim 13. Kongress der Gesellschaft f\u00fcr Theaterwissenschaft vom 3. bis 6. November \u00fcber 200 Theaterwissenschaftler aus dem In- und Ausland in Frankfurt diskutieren. Die Initiatoren, Nikolaus M\u00fcller-Sch\u00f6ll (Goethe-Universit\u00e4t Frankfurt) und Gerald Siegmund (Justus-Liebig-Universit\u00e4t Gie\u00dfen) laden dazu ein, Theater als eine kritische Praktik im doppelten Sinne zu untersuchen: Vor dem Hintergrund der Krise klassischer Begr\u00fcndungen des Theaters wie auch der Kritik sollen deren Geschichte, Theorie und Fragen neu beleuchtet werden. Nicht also die Gegenst\u00e4nde, mit denen sich die Kritik des Theaters besch\u00e4ftigt, stehen zur Debatte, sondern vielmehr diese Kritik selbst.<\/p>\n<p>Der Kongress der Gesellschaft f\u00fcr Theaterwissenschaft wird alle zwei Jahre an wechselnden Instituten durchgef\u00fchrt und ist die wichtigste wissenschaftliche Veranstaltung des Fachs im deutschsprachigen Raum. Organisiert wird er von der Theaterwissenschaft der Goethe-Universit\u00e4t in Kooperation mit der Angewandten Theaterwissenschaft der Justus Liebig Universit\u00e4t-Gie\u00dfen und der Hessischen Theaterakademie. Weitere Partner sind das Frankfurt LAB, das K\u00fcnstlerhaus Mousonturm und das Stadttheater Gie\u00dfen.<\/p>\n<p>Plenarvortr\u00e4ge von Shannon Jackson (Berkeley), Christoph Menke (Frankfurt) und Werner Hamacher (Frankfurt) sowie rund 200 Einzelvortr\u00e4ge in \u00fcber 60 Panels werden dabei durch ein k\u00fcnstlerisches Programm von Studierenden der Hessischen Theaterakademie (HTA) aus Gie\u00dfen, Frankfurt und Offenbach sowie durch eine Auff\u00fchrung von \u201eFive Easy Pieces\u201c von Milo Rau\/IIPM und CAMPO erg\u00e4nzt.<\/p>\n<p>Der Kongress steht im Zeichen der Internationalisierung des Faches: Ein Viertel der teilnehmenden Redner kommt von Instituten au\u00dferhalb Deutschlands, \u00d6sterreichs oder der Schweiz. Erstmals werden durchg\u00e4ngig englischsprachige Panels angeboten und die Plenarvortr\u00e4ge mit einer englischen \u00dcbersetzung \u00fcbertitelt. Die ausl\u00e4ndischen G\u00e4ste kommen u.a. aus D\u00e4nemark, Hongkong, Japan, Kanada, Kroatien, Mexiko, Nigeria, USA, Russland, Rum\u00e4nien, Schweden, Zimbabwe. Der diesj\u00e4hrige Kongress ist damit der mit Abstand internationalste Kongress der Gesellschaft f\u00fcr Theaterwissenschaft seit seiner ersten Ausgabe im Jahre 1992 und will so \u00fcber die Organisation des Fachgespr\u00e4chs hinaus zur internationalen Vernetzung der deutschsprachigen Theaterwissenschaft und der \u00d6ffnung des Faches beitragen.<\/p>\n<p>Die Veranstaltung wird gef\u00f6rdert von der Deutschen Forschungsgemeinschaft (DFG), der Gesellschaft f\u00fcr Theaterwissenschaft, der Hessischen Theaterakademie, von den Freunden und F\u00f6rderern der Goethe-Universit\u00e4t und der Stiftung zur F\u00f6rderung der internationalen Beziehungen der Goethe-Universit\u00e4t, vom Kulturdezernat der Stadt Frankfurt, dem Kulturfonds Rhein Main sowie von der Gie\u00dfener Hochschulgesellschaft.<\/p>\n<p>[dt_call_to_action content_size=&#8220;normal&#8220; background=&#8220;plain&#8220; line=&#8220;true&#8220; style=&#8220;1&#8243; animation=&#8220;fadeIn&#8220;]<\/p>\n<p><strong>Mehr Informationen:<\/strong> <a href=\"http:\/\/www.theater-als-kritik.de\" target=\"_blank\">www.theater-als-kritik.de<\/a><\/p>\n<p>[\/dt_call_to_action]<\/p>\n<p><em><strong>Quelle: <\/strong><a href=\"http:\/\/www.muk.uni-frankfurt.de\/63694087\/245?\" target=\"_blank\">Pressemitteilung vom 20. Oktober 2016<\/a><\/em><\/p>\n","protected":false},"excerpt":{"rendered":"<p>13. Kongress der Gesellschaft f\u00fcr Theaterwissenschaft in Frankfurt \u2013 in Kooperation der Goethe-Universit\u00e4t und Justus-Liebig-Universit\u00e4t Gie\u00dfen. \u00dcber das Thema \u201eTheater als Kritik\u201c werden beim 13. Kongress der Gesellschaft f\u00fcr Theaterwissenschaft [&hellip;]<\/p>\n","protected":false},"author":8,"featured_media":10107,"comment_status":"closed","ping_status":"closed","sticky":false,"template":"","format":"standard","meta":{"_eb_attr":"","_price":"","_stock":"","_tribe_ticket_header":"","_tribe_default_ticket_provider":"","_ticket_start_date":"","_ticket_end_date":"","_tribe_ticket_show_description":"","_tribe_ticket_show_not_going":false,"_tribe_ticket_use_global_stock":"","_tribe_ticket_global_stock_level":"","_global_stock_mode":"","_global_stock_cap":"","_tribe_rsvp_for_event":"","_tribe_ticket_going_count":"","_tribe_ticket_not_going_count":"","_tribe_tickets_list":"[]","_tribe_ticket_has_attendee_info_fields":false,"footnotes":""},"categories":[12],"tags":[],"post_folder":[],"class_list":["post-10101","post","type-post","status-publish","format-standard","has-post-thumbnail","hentry","category-veranstaltungen"],"yoast_head":"<!-- This site is optimized with the Yoast SEO plugin v27.5 - https:\/\/yoast.com\/product\/yoast-seo-wordpress\/ -->\n<title>3. bis 6. November \/ Kongress der Gesellschaft f\u00fcr Theaterwissenschaft | Aktuelles aus der Goethe-Universit\u00e4t Frankfurt<\/title>\n<meta name=\"robots\" content=\"index, follow, max-snippet:-1, max-image-preview:large, max-video-preview:-1\" \/>\n<link rel=\"canonical\" href=\"https:\/\/aktuelles.uni-frankfurt.de\/en\/veranstaltungen\/3-bis-6-november-kongress-der-gesellschaft-fuer-theaterwissenschaft\/\" \/>\n<meta property=\"og:locale\" content=\"en_GB\" \/>\n<meta property=\"og:type\" content=\"article\" \/>\n<meta property=\"og:title\" content=\"3. bis 6. November \/ Kongress der Gesellschaft f\u00fcr Theaterwissenschaft | Aktuelles aus der Goethe-Universit\u00e4t Frankfurt\" \/>\n<meta property=\"og:description\" content=\"13. Kongress der Gesellschaft f\u00fcr Theaterwissenschaft in Frankfurt \u2013 in Kooperation der Goethe-Universit\u00e4t und Justus-Liebig-Universit\u00e4t Gie\u00dfen. \u00dcber das Thema \u201eTheater als Kritik\u201c werden beim 13. Kongress der Gesellschaft f\u00fcr Theaterwissenschaft [&hellip;]\" \/>\n<meta property=\"og:url\" content=\"https:\/\/aktuelles.uni-frankfurt.de\/en\/veranstaltungen\/3-bis-6-november-kongress-der-gesellschaft-fuer-theaterwissenschaft\/\" \/>\n<meta property=\"og:site_name\" content=\"Aktuelles aus der Goethe-Universit\u00e4t Frankfurt\" \/>\n<meta property=\"article:published_time\" content=\"2016-10-20T13:13:01+00:00\" \/>\n<meta property=\"og:image\" content=\"https:\/\/aktuelles.uni-frankfurt.de\/wp-content\/uploads\/2016\/10\/blog_beitragsbild_theater-als-kritik.jpg\" \/>\n\t<meta property=\"og:image:width\" content=\"650\" \/>\n\t<meta property=\"og:image:height\" content=\"450\" \/>\n\t<meta property=\"og:image:type\" content=\"image\/jpeg\" \/>\n<meta name=\"author\" content=\"-\" \/>\n<meta name=\"twitter:card\" content=\"summary_large_image\" \/>\n<meta name=\"twitter:label1\" content=\"Written by\" \/>\n\t<meta name=\"twitter:data1\" content=\"-\" \/>\n\t<meta name=\"twitter:label2\" content=\"Estimated reading time\" \/>\n\t<meta name=\"twitter:data2\" content=\"2 minutes\" \/>\n<script type=\"application\/ld+json\" class=\"yoast-schema-graph\">{\"@context\":\"https:\\\/\\\/schema.org\",\"@graph\":[{\"@type\":\"Article\",\"@id\":\"https:\\\/\\\/aktuelles.uni-frankfurt.de\\\/veranstaltungen\\\/3-bis-6-november-kongress-der-gesellschaft-fuer-theaterwissenschaft\\\/#article\",\"isPartOf\":{\"@id\":\"https:\\\/\\\/aktuelles.uni-frankfurt.de\\\/veranstaltungen\\\/3-bis-6-november-kongress-der-gesellschaft-fuer-theaterwissenschaft\\\/\"},\"author\":{\"name\":\"-\",\"@id\":\"https:\\\/\\\/aktuelles.uni-frankfurt.de\\\/#\\\/schema\\\/person\\\/8e55ea338fb65d1ce87a91565d1f1739\"},\"headline\":\"3. bis 6. November \\\/ Kongress der Gesellschaft f\u00fcr Theaterwissenschaft\",\"datePublished\":\"2016-10-20T13:13:01+00:00\",\"mainEntityOfPage\":{\"@id\":\"https:\\\/\\\/aktuelles.uni-frankfurt.de\\\/veranstaltungen\\\/3-bis-6-november-kongress-der-gesellschaft-fuer-theaterwissenschaft\\\/\"},\"wordCount\":438,\"publisher\":{\"@id\":\"https:\\\/\\\/aktuelles.uni-frankfurt.de\\\/#organization\"},\"image\":{\"@id\":\"https:\\\/\\\/aktuelles.uni-frankfurt.de\\\/veranstaltungen\\\/3-bis-6-november-kongress-der-gesellschaft-fuer-theaterwissenschaft\\\/#primaryimage\"},\"thumbnailUrl\":\"https:\\\/\\\/aktuelles.uni-frankfurt.de\\\/wp-content\\\/uploads\\\/2016\\\/10\\\/blog_beitragsbild_theater-als-kritik.jpg\",\"articleSection\":[\"Veranstaltungen\"],\"inLanguage\":\"en-GB\"},{\"@type\":\"WebPage\",\"@id\":\"https:\\\/\\\/aktuelles.uni-frankfurt.de\\\/veranstaltungen\\\/3-bis-6-november-kongress-der-gesellschaft-fuer-theaterwissenschaft\\\/\",\"url\":\"https:\\\/\\\/aktuelles.uni-frankfurt.de\\\/veranstaltungen\\\/3-bis-6-november-kongress-der-gesellschaft-fuer-theaterwissenschaft\\\/\",\"name\":\"3. bis 6. November \\\/ Kongress der Gesellschaft f\u00fcr Theaterwissenschaft | Aktuelles aus der Goethe-Universit\u00e4t Frankfurt\",\"isPartOf\":{\"@id\":\"https:\\\/\\\/aktuelles.uni-frankfurt.de\\\/#website\"},\"primaryImageOfPage\":{\"@id\":\"https:\\\/\\\/aktuelles.uni-frankfurt.de\\\/veranstaltungen\\\/3-bis-6-november-kongress-der-gesellschaft-fuer-theaterwissenschaft\\\/#primaryimage\"},\"image\":{\"@id\":\"https:\\\/\\\/aktuelles.uni-frankfurt.de\\\/veranstaltungen\\\/3-bis-6-november-kongress-der-gesellschaft-fuer-theaterwissenschaft\\\/#primaryimage\"},\"thumbnailUrl\":\"https:\\\/\\\/aktuelles.uni-frankfurt.de\\\/wp-content\\\/uploads\\\/2016\\\/10\\\/blog_beitragsbild_theater-als-kritik.jpg\",\"datePublished\":\"2016-10-20T13:13:01+00:00\",\"breadcrumb\":{\"@id\":\"https:\\\/\\\/aktuelles.uni-frankfurt.de\\\/veranstaltungen\\\/3-bis-6-november-kongress-der-gesellschaft-fuer-theaterwissenschaft\\\/#breadcrumb\"},\"inLanguage\":\"en-GB\",\"potentialAction\":[{\"@type\":\"ReadAction\",\"target\":[\"https:\\\/\\\/aktuelles.uni-frankfurt.de\\\/veranstaltungen\\\/3-bis-6-november-kongress-der-gesellschaft-fuer-theaterwissenschaft\\\/\"]}]},{\"@type\":\"ImageObject\",\"inLanguage\":\"en-GB\",\"@id\":\"https:\\\/\\\/aktuelles.uni-frankfurt.de\\\/veranstaltungen\\\/3-bis-6-november-kongress-der-gesellschaft-fuer-theaterwissenschaft\\\/#primaryimage\",\"url\":\"https:\\\/\\\/aktuelles.uni-frankfurt.de\\\/wp-content\\\/uploads\\\/2016\\\/10\\\/blog_beitragsbild_theater-als-kritik.jpg\",\"contentUrl\":\"https:\\\/\\\/aktuelles.uni-frankfurt.de\\\/wp-content\\\/uploads\\\/2016\\\/10\\\/blog_beitragsbild_theater-als-kritik.jpg\",\"width\":650,\"height\":450},{\"@type\":\"BreadcrumbList\",\"@id\":\"https:\\\/\\\/aktuelles.uni-frankfurt.de\\\/veranstaltungen\\\/3-bis-6-november-kongress-der-gesellschaft-fuer-theaterwissenschaft\\\/#breadcrumb\",\"itemListElement\":[{\"@type\":\"ListItem\",\"position\":1,\"name\":\"Startseite\",\"item\":\"https:\\\/\\\/aktuelles.uni-frankfurt.de\\\/\"},{\"@type\":\"ListItem\",\"position\":2,\"name\":\"3. bis 6. November \\\/ Kongress der Gesellschaft f\u00fcr Theaterwissenschaft\"}]},{\"@type\":\"WebSite\",\"@id\":\"https:\\\/\\\/aktuelles.uni-frankfurt.de\\\/#website\",\"url\":\"https:\\\/\\\/aktuelles.uni-frankfurt.de\\\/\",\"name\":\"Aktuelles aus der Goethe-Universit\u00e4t Frankfurt\",\"description\":\"Aktuelles aus der Goethe-Universit\u00e4t | Neues aus Forschung, Lehre, Studium\",\"publisher\":{\"@id\":\"https:\\\/\\\/aktuelles.uni-frankfurt.de\\\/#organization\"},\"potentialAction\":[{\"@type\":\"SearchAction\",\"target\":{\"@type\":\"EntryPoint\",\"urlTemplate\":\"https:\\\/\\\/aktuelles.uni-frankfurt.de\\\/?s={search_term_string}\"},\"query-input\":{\"@type\":\"PropertyValueSpecification\",\"valueRequired\":true,\"valueName\":\"search_term_string\"}}],\"inLanguage\":\"en-GB\"},{\"@type\":\"Organization\",\"@id\":\"https:\\\/\\\/aktuelles.uni-frankfurt.de\\\/#organization\",\"name\":\"Goethe-Universit\u00e4t\",\"url\":\"https:\\\/\\\/aktuelles.uni-frankfurt.de\\\/\",\"logo\":{\"@type\":\"ImageObject\",\"inLanguage\":\"en-GB\",\"@id\":\"https:\\\/\\\/aktuelles.uni-frankfurt.de\\\/#\\\/schema\\\/logo\\\/image\\\/\",\"url\":\"https:\\\/\\\/aktuelles.uni-frankfurt.de\\\/wp-content\\\/uploads\\\/2022\\\/03\\\/800px-Goethe-Logo.png\",\"contentUrl\":\"https:\\\/\\\/aktuelles.uni-frankfurt.de\\\/wp-content\\\/uploads\\\/2022\\\/03\\\/800px-Goethe-Logo.png\",\"width\":800,\"height\":436,\"caption\":\"Goethe-Universit\u00e4t\"},\"image\":{\"@id\":\"https:\\\/\\\/aktuelles.uni-frankfurt.de\\\/#\\\/schema\\\/logo\\\/image\\\/\"}},{\"@type\":\"Person\",\"@id\":\"https:\\\/\\\/aktuelles.uni-frankfurt.de\\\/#\\\/schema\\\/person\\\/8e55ea338fb65d1ce87a91565d1f1739\",\"name\":\"-\",\"description\":\"Dieser Beitrag wurde von der Online-Redaktion ver\u00f6ffentlicht. Wenn der Beitrag von einem Gastautoren verfasst wurde, findet sich dieser Hinweis am Ende des jeweiligen Artikels.\",\"sameAs\":[\"http:\\\/\\\/aktuelles.uni-frankfurt.de\\\/autoren\"],\"url\":\"https:\\\/\\\/aktuelles.uni-frankfurt.de\\\/en\\\/author\\\/redaktion\\\/\"}]}<\/script>\n<!-- \/ Yoast SEO plugin. -->","yoast_head_json":{"title":"3. bis 6. November \/ Kongress der Gesellschaft f\u00fcr Theaterwissenschaft | Aktuelles aus der Goethe-Universit\u00e4t Frankfurt","robots":{"index":"index","follow":"follow","max-snippet":"max-snippet:-1","max-image-preview":"max-image-preview:large","max-video-preview":"max-video-preview:-1"},"canonical":"https:\/\/aktuelles.uni-frankfurt.de\/en\/veranstaltungen\/3-bis-6-november-kongress-der-gesellschaft-fuer-theaterwissenschaft\/","og_locale":"en_GB","og_type":"article","og_title":"3. bis 6. November \/ Kongress der Gesellschaft f\u00fcr Theaterwissenschaft | Aktuelles aus der Goethe-Universit\u00e4t Frankfurt","og_description":"13. Kongress der Gesellschaft f\u00fcr Theaterwissenschaft in Frankfurt \u2013 in Kooperation der Goethe-Universit\u00e4t und Justus-Liebig-Universit\u00e4t Gie\u00dfen. \u00dcber das Thema \u201eTheater als Kritik\u201c werden beim 13. Kongress der Gesellschaft f\u00fcr Theaterwissenschaft [&hellip;]","og_url":"https:\/\/aktuelles.uni-frankfurt.de\/en\/veranstaltungen\/3-bis-6-november-kongress-der-gesellschaft-fuer-theaterwissenschaft\/","og_site_name":"Aktuelles aus der Goethe-Universit\u00e4t Frankfurt","article_published_time":"2016-10-20T13:13:01+00:00","og_image":[{"width":650,"height":450,"url":"https:\/\/aktuelles.uni-frankfurt.de\/wp-content\/uploads\/2016\/10\/blog_beitragsbild_theater-als-kritik.jpg","type":"image\/jpeg"}],"author":"-","twitter_card":"summary_large_image","twitter_misc":{"Written by":"-","Estimated reading time":"2 minutes"},"schema":{"@context":"https:\/\/schema.org","@graph":[{"@type":"Article","@id":"https:\/\/aktuelles.uni-frankfurt.de\/veranstaltungen\/3-bis-6-november-kongress-der-gesellschaft-fuer-theaterwissenschaft\/#article","isPartOf":{"@id":"https:\/\/aktuelles.uni-frankfurt.de\/veranstaltungen\/3-bis-6-november-kongress-der-gesellschaft-fuer-theaterwissenschaft\/"},"author":{"name":"-","@id":"https:\/\/aktuelles.uni-frankfurt.de\/#\/schema\/person\/8e55ea338fb65d1ce87a91565d1f1739"},"headline":"3. bis 6. November \/ Kongress der Gesellschaft f\u00fcr Theaterwissenschaft","datePublished":"2016-10-20T13:13:01+00:00","mainEntityOfPage":{"@id":"https:\/\/aktuelles.uni-frankfurt.de\/veranstaltungen\/3-bis-6-november-kongress-der-gesellschaft-fuer-theaterwissenschaft\/"},"wordCount":438,"publisher":{"@id":"https:\/\/aktuelles.uni-frankfurt.de\/#organization"},"image":{"@id":"https:\/\/aktuelles.uni-frankfurt.de\/veranstaltungen\/3-bis-6-november-kongress-der-gesellschaft-fuer-theaterwissenschaft\/#primaryimage"},"thumbnailUrl":"https:\/\/aktuelles.uni-frankfurt.de\/wp-content\/uploads\/2016\/10\/blog_beitragsbild_theater-als-kritik.jpg","articleSection":["Veranstaltungen"],"inLanguage":"en-GB"},{"@type":"WebPage","@id":"https:\/\/aktuelles.uni-frankfurt.de\/veranstaltungen\/3-bis-6-november-kongress-der-gesellschaft-fuer-theaterwissenschaft\/","url":"https:\/\/aktuelles.uni-frankfurt.de\/veranstaltungen\/3-bis-6-november-kongress-der-gesellschaft-fuer-theaterwissenschaft\/","name":"3. bis 6. November \/ Kongress der Gesellschaft f\u00fcr Theaterwissenschaft | Aktuelles aus der Goethe-Universit\u00e4t Frankfurt","isPartOf":{"@id":"https:\/\/aktuelles.uni-frankfurt.de\/#website"},"primaryImageOfPage":{"@id":"https:\/\/aktuelles.uni-frankfurt.de\/veranstaltungen\/3-bis-6-november-kongress-der-gesellschaft-fuer-theaterwissenschaft\/#primaryimage"},"image":{"@id":"https:\/\/aktuelles.uni-frankfurt.de\/veranstaltungen\/3-bis-6-november-kongress-der-gesellschaft-fuer-theaterwissenschaft\/#primaryimage"},"thumbnailUrl":"https:\/\/aktuelles.uni-frankfurt.de\/wp-content\/uploads\/2016\/10\/blog_beitragsbild_theater-als-kritik.jpg","datePublished":"2016-10-20T13:13:01+00:00","breadcrumb":{"@id":"https:\/\/aktuelles.uni-frankfurt.de\/veranstaltungen\/3-bis-6-november-kongress-der-gesellschaft-fuer-theaterwissenschaft\/#breadcrumb"},"inLanguage":"en-GB","potentialAction":[{"@type":"ReadAction","target":["https:\/\/aktuelles.uni-frankfurt.de\/veranstaltungen\/3-bis-6-november-kongress-der-gesellschaft-fuer-theaterwissenschaft\/"]}]},{"@type":"ImageObject","inLanguage":"en-GB","@id":"https:\/\/aktuelles.uni-frankfurt.de\/veranstaltungen\/3-bis-6-november-kongress-der-gesellschaft-fuer-theaterwissenschaft\/#primaryimage","url":"https:\/\/aktuelles.uni-frankfurt.de\/wp-content\/uploads\/2016\/10\/blog_beitragsbild_theater-als-kritik.jpg","contentUrl":"https:\/\/aktuelles.uni-frankfurt.de\/wp-content\/uploads\/2016\/10\/blog_beitragsbild_theater-als-kritik.jpg","width":650,"height":450},{"@type":"BreadcrumbList","@id":"https:\/\/aktuelles.uni-frankfurt.de\/veranstaltungen\/3-bis-6-november-kongress-der-gesellschaft-fuer-theaterwissenschaft\/#breadcrumb","itemListElement":[{"@type":"ListItem","position":1,"name":"Startseite","item":"https:\/\/aktuelles.uni-frankfurt.de\/"},{"@type":"ListItem","position":2,"name":"3. bis 6. November \/ Kongress der Gesellschaft f\u00fcr Theaterwissenschaft"}]},{"@type":"WebSite","@id":"https:\/\/aktuelles.uni-frankfurt.de\/#website","url":"https:\/\/aktuelles.uni-frankfurt.de\/","name":"Aktuelles aus der Goethe-Universit\u00e4t Frankfurt","description":"Aktuelles aus der Goethe-Universit\u00e4t | Neues aus Forschung, Lehre, Studium","publisher":{"@id":"https:\/\/aktuelles.uni-frankfurt.de\/#organization"},"potentialAction":[{"@type":"SearchAction","target":{"@type":"EntryPoint","urlTemplate":"https:\/\/aktuelles.uni-frankfurt.de\/?s={search_term_string}"},"query-input":{"@type":"PropertyValueSpecification","valueRequired":true,"valueName":"search_term_string"}}],"inLanguage":"en-GB"},{"@type":"Organization","@id":"https:\/\/aktuelles.uni-frankfurt.de\/#organization","name":"Goethe University Frankfurt","url":"https:\/\/aktuelles.uni-frankfurt.de\/","logo":{"@type":"ImageObject","inLanguage":"en-GB","@id":"https:\/\/aktuelles.uni-frankfurt.de\/#\/schema\/logo\/image\/","url":"https:\/\/aktuelles.uni-frankfurt.de\/wp-content\/uploads\/2022\/03\/800px-Goethe-Logo.png","contentUrl":"https:\/\/aktuelles.uni-frankfurt.de\/wp-content\/uploads\/2022\/03\/800px-Goethe-Logo.png","width":800,"height":436,"caption":"Goethe-Universit\u00e4t"},"image":{"@id":"https:\/\/aktuelles.uni-frankfurt.de\/#\/schema\/logo\/image\/"}},{"@type":"Person","@id":"https:\/\/aktuelles.uni-frankfurt.de\/#\/schema\/person\/8e55ea338fb65d1ce87a91565d1f1739","name":"-","description":"Dieser Beitrag wurde von der Online-Redaktion ver\u00f6ffentlicht. Wenn der Beitrag von einem Gastautoren verfasst wurde, findet sich dieser Hinweis am Ende des jeweiligen Artikels.","sameAs":["http:\/\/aktuelles.uni-frankfurt.de\/autoren"],"url":"https:\/\/aktuelles.uni-frankfurt.de\/en\/author\/redaktion\/"}]}},"_links":{"self":[{"href":"https:\/\/aktuelles.uni-frankfurt.de\/en\/wp-json\/wp\/v2\/posts\/10101","targetHints":{"allow":["GET"]}}],"collection":[{"href":"https:\/\/aktuelles.uni-frankfurt.de\/en\/wp-json\/wp\/v2\/posts"}],"about":[{"href":"https:\/\/aktuelles.uni-frankfurt.de\/en\/wp-json\/wp\/v2\/types\/post"}],"author":[{"embeddable":true,"href":"https:\/\/aktuelles.uni-frankfurt.de\/en\/wp-json\/wp\/v2\/users\/8"}],"replies":[{"embeddable":true,"href":"https:\/\/aktuelles.uni-frankfurt.de\/en\/wp-json\/wp\/v2\/comments?post=10101"}],"version-history":[{"count":0,"href":"https:\/\/aktuelles.uni-frankfurt.de\/en\/wp-json\/wp\/v2\/posts\/10101\/revisions"}],"wp:featuredmedia":[{"embeddable":true,"href":"https:\/\/aktuelles.uni-frankfurt.de\/en\/wp-json\/wp\/v2\/media\/10107"}],"wp:attachment":[{"href":"https:\/\/aktuelles.uni-frankfurt.de\/en\/wp-json\/wp\/v2\/media?parent=10101"}],"wp:term":[{"taxonomy":"category","embeddable":true,"href":"https:\/\/aktuelles.uni-frankfurt.de\/en\/wp-json\/wp\/v2\/categories?post=10101"},{"taxonomy":"post_tag","embeddable":true,"href":"https:\/\/aktuelles.uni-frankfurt.de\/en\/wp-json\/wp\/v2\/tags?post=10101"},{"taxonomy":"post_folder","embeddable":true,"href":"https:\/\/aktuelles.uni-frankfurt.de\/en\/wp-json\/wp\/v2\/post_folder?post=10101"}],"curies":[{"name":"wp","href":"https:\/\/api.w.org\/{rel}","templated":true}]}}