{"id":10273,"date":"2016-11-03T13:31:04","date_gmt":"2016-11-03T12:31:04","guid":{"rendered":"http:\/\/aktuelles.uni-frankfurt.de\/?p=10273"},"modified":"2016-11-03T13:32:46","modified_gmt":"2016-11-03T12:32:46","slug":"differenziert-ueber-den-islam-reden","status":"publish","type":"post","link":"https:\/\/aktuelles.uni-frankfurt.de\/en\/gesellschaft\/differenziert-ueber-den-islam-reden\/","title":{"rendered":"Differenziert \u00fcber den Islam reden"},"content":{"rendered":"<figure id=\"attachment_7797\" aria-describedby=\"caption-attachment-7797\" style=\"width: 750px\" class=\"wp-caption alignleft\"><img fetchpriority=\"high\" decoding=\"async\" class=\"wp-image-7797 size-full\" src=\"https:\/\/aktuelles.uni-frankfurt.de\/wp-content\/uploads\/2016\/06\/blog_ff_islam-interview_cover2.jpg\" alt=\"Alle Illustrationen in diesem Interview geh\u00f6ren zu dem Projekt der Bundeszentrale f\u00fcr politische Bildung \u00bbBegriffswelten Islam\u00ab, www.bpb.de\/begriffswelten-islam\" width=\"750\" height=\"350\" srcset=\"https:\/\/aktuelles.uni-frankfurt.de\/wp-content\/uploads\/2016\/06\/blog_ff_islam-interview_cover2.jpg 750w, https:\/\/aktuelles.uni-frankfurt.de\/wp-content\/uploads\/2016\/06\/blog_ff_islam-interview_cover2-300x140.jpg 300w\" sizes=\"(max-width: 750px) 100vw, 750px\" \/><figcaption id=\"caption-attachment-7797\" class=\"wp-caption-text\">Die Illustration\u00a0geh\u00f6rt zu dem Projekt der Bundeszentrale f\u00fcr politische Bildung \u00bbBegriffswelten Islam\u00ab<\/figcaption><\/figure>\n<p><em><strong>Erfolgreiches YouTube-Projekt der Bundeszentrale f\u00fcr\u00a0politische Bildung mit Frankfurter Professorin Armina Omerika als Fachberaterin.<\/strong><\/em><\/p>\n<p>Gott allein entscheidet, wer gl\u00e4ubig ist und wer ungl\u00e4ubig\u201c: Der junge Frankfurter Islamwissenschaftler Tim Sievers antwortet der YouTuberin Hatice Schmidt auf eine Frage in eigener Sache. Unter dem Stichwort \u201eTravellingIslam\u201c befragt Schmidt Wissenschaftler an verschiedenen Universit\u00e4ten zu wichtigen Begriffen im Islam.<\/p>\n<p>Ohne Kopftuch, mit angeheiratetem deutschen Namen \u2013 das hat ihr im Netz erboste Kommentare eingebracht. Sie wurde als \u201eUngl\u00e4ubige\u201c beschimpft. Bin ich wirklich ungl\u00e4ubig, und was ist das eigentlich? Das wollte sie von Sievers wissen. Jemanden als ungl\u00e4ubig zu bewerten, f\u00e4llt oft auf den zur\u00fcck, der dies tut: Das wird aus Sievers\u2019 Antwort deutlich.<\/p>\n<h3>Jugendarbeit im Netz<\/h3>\n<p>Scharia. Dschihad. Salafismus. In den Medien wird oft nur aus einer einseitigen Perspektive \u00fcber diese Begriffe gesprochen und viele Menschen, darunter auch Muslime, verbinden h\u00e4ufig nur vage Vorstellungen mit ihnen. Werden diese Begriffe und die Konzepte, die ihnen zugrunde liegen, aber zu stark vereinfacht, kann das Muslim- und Islamfeindlichkeit, aber auch sich religi\u00f6s begr\u00fcndende extremistische Meinungen bef\u00f6rdern.<\/p>\n<p>Um dem etwas entgegenzusetzen, hat die Bundeszentrale f\u00fcr politische Bildung im vorigen Jahr ein YouTube-Projekt ins Leben gerufen, wissenschaftliche Beraterin war Prof. Dr. Armina Omerika, Juniorprofessorin an der Goethe-Universit\u00e4t. Seit dem Erstarken der sozialen Netzwerke ist vermehrt zu beobachten, dass sich bestimmte Formen der abwertenden, menschenfeindlichen Rede verbreiten bis hin zu Hasskommentaren, die gepr\u00e4gt sind von Vorurteilen und Intoleranz.<\/p>\n<p>Es braucht keine lange Recherche, um festzustellen, dass gerade hinsichtlich des Islam einseitige Informationen vorherrschen \u2013 zum einen von Seiten islamfeindlicher Rechtspopulisten und Rechtsextremisten, zum anderen von religi\u00f6sen Fundamentalisten. Hatice Schmidt hat es an der eigenen Person erfahren m\u00fcssen. \u201eInsbesondere Jugendliche sind oft Ziel von Desinformation und gruppenbezogenen menschenfeindlichen Kommentaren\u201c, sagt Clemens Stolzenberg von der Bundeszentrale f\u00fcr politische Bildung.<\/p>\n<p>Auftrag seiner Institution sei es, Verst\u00e4ndnis f\u00fcr politische Sachverhalte zu f\u00f6rdern und Werte wie Demokratie, Pluralismus und Toleranz in der Bev\u00f6lkerung zu festigen. Abwertung und Diskriminierung, die von einem einseitigen Islamverst\u00e4ndnis herr\u00fchren, nahm die Bundeszentrale zum Anlass, ein Informationsangebot auf YouTube zu konzipieren \u2013 quasi als \u201eaufsuchende Jugendarbeit\u201c in der virtuellen Welt.<\/p>\n<p>Am Projektteam f\u00fcr \u201eBegriffswelten Islam\u201c war die Frankfurter Islamwissenschaftlerin Armina Omerika beteiligt, sie hat das Team fachwissenschaftlich beraten. \u201eEs ging uns vor allem darum, die Vorstellungen von begrifflicher Eindeutigkeit aufzubrechen\u201c, sagt Omerika. Das geht nicht ohne begriffsgeschichtliche Kenntnisse und das Wissen darum, welche Auslegungen es gibt.<\/p>\n<p>Au\u00dfer den acht Interviews mit Wissenschaftlern aus dem deutschsprachigen Raum gibt es auch acht Informationsfilme, in denen YouTuber wie LeFloid sich mit Hilfe ansprechender Graphiken mit Begriffen auseinandersetzen, die in den medialen Diskursen \u00fcber den Islam eine Rolle spielen. Denn nur wer wei\u00df, wovon er spricht, kann an einer konstruktiven Diskussion teilnehmen. Armina Omerika hat das Skript f\u00fcr die animierten Begriffserkl\u00e4rungen mit erstellt.<\/p>\n<p>Es sei ein sensibles Austarieren gewesen, um etwaige Fallstricke zu vermeiden. Aber es sei ihr wichtig, auf diese Weise in die Gesellschaft zu wirken. \u201eEs gibt ein gro\u00dfes Informationsdefizit, und diesen Bedarf sollten kundige Leute decken\u201c, ist Omerika \u00fcberzeugt. Dabei hilft die Zusammenarbeit mit bekannten YouTubern Jugendlichen, Zug\u00e4nge zu dem Thema zu finden. 600.000 Seitenaufrufe seit Herbst 2015, damit k\u00f6nne man zufrieden sein, sagt Clemens Stolzenberg.<\/p>\n<p>Besonders erfreulich sei die \u00fcberwiegend konstruktive Diskussion der Nutzer untereinander in rund 7600 Kommentaren. 200 Fragen zu den Themen der Videos wurden von Fachwissenschaftlern beantwortet. Schulen, Museen und auch die Polizei greifen zur Weiterbildung auf die Videos zur\u00fcck, die seit kurzem auch ins Englische und Arabische \u00fcbersetzt werden. \u201eWir wollen auch Schulmaterialien entwickeln, die auf den Videos basieren\u201c, sagt Stolzenberg.<\/p>\n<h3>Insgesamt positive Resonanz<\/h3>\n<p>Wie zu erwarten, gab es auch negative Kommentare und Angriffe, nicht nur auf die Person von YouTuberin Hatice Schmidt. \u201eDas ist aber ja die Chance eines solchen Projekts\u201c, sagt Armina Omerika: Indem man User mit verschiedenen Haltungen erreicht und die Filterblasen des Internets durchbrochen habe, habe \u00fcberhaupt eine Diskussion stattfinden k\u00f6nnen. Das k\u00f6nne einen pr\u00e4ventiven Effekt haben \u2013 sofern diese jungen Leute noch nicht radikalisiert seien.<\/p>\n<p>Gemessen an der Anzahl vergebener \u201eLikes\u201c sei die Resonanz jedoch zu rund 95 Prozent positiv gewesen, sagt Clemens Stolzenberg. Es habe viel Lob und Anerkennung daf\u00fcr gegeben, dass sich Wissenschaftler in die Lebenswelten der Jugendlichen begeben h\u00e4tten, um mit ihnen auf Augenh\u00f6he \u00fcber die Themen der Videos zu sprechen.<\/p>\n<p>Ein User schrieb:<\/p>\n<blockquote><p>\u201eIch wei\u00df nicht, ob du schon erw\u00e4hnt hast wie lang diese Reihe gehen wird, aber ich hoffe es kommen noch ein paar Folgen \ud83d\ude42 Mir gefallen die Videos sehr gut und vor allem finde ich es toll, dass die Videos so viel Inhalt haben.\u201c<\/p><\/blockquote>\n<p>Die Reihe \u201eBegriffswelten Islam\u201c selbst ist mit insgesamt 16 Videos inzwischen abgeschlossen. Schlie\u00dflich handelte es sich um ein Modellprojekt. Aber \u00fcber die Fortf\u00fchrung durch einen zivilgesellschaftlichen Tr\u00e4ger w\u00fcrde man sich von Seiten des Projektteams auf alle F\u00e4lle freuen.<\/p>\n<p>[dt_call_to_action content_size=&#8220;small&#8220; background=&#8220;plain&#8220; line=&#8220;false&#8220; style=&#8220;1&#8243; animation=&#8220;fadeIn&#8220;]<\/p>\n<p><strong>Weitere Informationen:<\/strong> <a href=\"http:\/\/www.bpb.de\/mediathek\/221931\/begriffswelten-islam\" target=\"_blank\">www.bpb.de\/mediathek\/221931\/begriffswelten-islam<\/a><\/p>\n<p>[\/dt_call_to_action]<\/p>\n<p><strong><em>Dieser Artikel ist in der <\/em><\/strong><a href=\"http:\/\/www.unireport.info\/63574937\/Unireport_5-16.pdf\" target=\"_blank\"><strong><em>Ausgabe 5.16 (PDF-Download)<\/em><\/strong><\/a><strong><em> des UniReport erschienen.<\/em><\/strong><\/p>\n","protected":false},"excerpt":{"rendered":"<p>Erfolgreiches YouTube-Projekt der Bundeszentrale f\u00fcr\u00a0politische Bildung mit Frankfurter Professorin Armina Omerika als Fachberaterin. Gott allein entscheidet, wer gl\u00e4ubig ist und wer ungl\u00e4ubig\u201c: Der junge Frankfurter Islamwissenschaftler Tim Sievers antwortet der [&hellip;]<\/p>\n","protected":false},"author":5,"featured_media":7796,"comment_status":"closed","ping_status":"closed","sticky":false,"template":"","format":"standard","meta":{"_eb_attr":"","_price":"","_stock":"","_tribe_ticket_header":"","_tribe_default_ticket_provider":"","_ticket_start_date":"","_ticket_end_date":"","_tribe_ticket_show_description":"","_tribe_ticket_show_not_going":false,"_tribe_ticket_use_global_stock":"","_tribe_ticket_global_stock_level":"","_global_stock_mode":"","_global_stock_cap":"","_tribe_rsvp_for_event":"","_tribe_ticket_going_count":"","_tribe_ticket_not_going_count":"","_tribe_tickets_list":"[]","_tribe_ticket_has_attendee_info_fields":false,"footnotes":""},"categories":[4],"tags":[61,10],"post_folder":[],"class_list":["post-10273","post","type-post","status-publish","format-standard","has-post-thumbnail","hentry","category-gesellschaft","tag-islam","tag-unireport"],"yoast_head":"<!-- This site is optimized with the Yoast SEO plugin v27.5 - https:\/\/yoast.com\/product\/yoast-seo-wordpress\/ -->\n<title>Differenziert \u00fcber den Islam reden | Aktuelles aus der Goethe-Universit\u00e4t Frankfurt<\/title>\n<meta name=\"robots\" content=\"index, follow, max-snippet:-1, max-image-preview:large, max-video-preview:-1\" \/>\n<link rel=\"canonical\" href=\"https:\/\/aktuelles.uni-frankfurt.de\/en\/gesellschaft\/differenziert-ueber-den-islam-reden\/\" \/>\n<meta property=\"og:locale\" content=\"en_GB\" \/>\n<meta property=\"og:type\" content=\"article\" \/>\n<meta property=\"og:title\" content=\"Differenziert \u00fcber den Islam reden | Aktuelles aus der Goethe-Universit\u00e4t Frankfurt\" \/>\n<meta property=\"og:description\" content=\"Erfolgreiches YouTube-Projekt der Bundeszentrale f\u00fcr\u00a0politische Bildung mit Frankfurter Professorin Armina Omerika als Fachberaterin. Gott allein entscheidet, wer gl\u00e4ubig ist und wer ungl\u00e4ubig\u201c: Der junge Frankfurter Islamwissenschaftler Tim Sievers antwortet der [&hellip;]\" \/>\n<meta property=\"og:url\" content=\"https:\/\/aktuelles.uni-frankfurt.de\/en\/gesellschaft\/differenziert-ueber-den-islam-reden\/\" \/>\n<meta property=\"og:site_name\" content=\"Aktuelles aus der Goethe-Universit\u00e4t Frankfurt\" \/>\n<meta property=\"article:published_time\" content=\"2016-11-03T12:31:04+00:00\" \/>\n<meta property=\"article:modified_time\" content=\"2016-11-03T12:32:46+00:00\" \/>\n<meta property=\"og:image\" content=\"https:\/\/aktuelles.uni-frankfurt.de\/wp-content\/uploads\/2016\/06\/blog_ff_islam-interview_cover.jpg\" \/>\n\t<meta property=\"og:image:width\" content=\"650\" \/>\n\t<meta property=\"og:image:height\" content=\"450\" \/>\n\t<meta property=\"og:image:type\" content=\"image\/jpeg\" \/>\n<meta name=\"author\" content=\"Dr. Anke Sauter\" \/>\n<meta name=\"twitter:card\" content=\"summary_large_image\" \/>\n<meta name=\"twitter:label1\" content=\"Written by\" \/>\n\t<meta name=\"twitter:data1\" content=\"Dr. Anke Sauter\" \/>\n\t<meta name=\"twitter:label2\" content=\"Estimated reading time\" \/>\n\t<meta name=\"twitter:data2\" content=\"4 minutes\" \/>\n<script type=\"application\/ld+json\" class=\"yoast-schema-graph\">{\"@context\":\"https:\\\/\\\/schema.org\",\"@graph\":[{\"@type\":\"Article\",\"@id\":\"https:\\\/\\\/aktuelles.uni-frankfurt.de\\\/gesellschaft\\\/differenziert-ueber-den-islam-reden\\\/#article\",\"isPartOf\":{\"@id\":\"https:\\\/\\\/aktuelles.uni-frankfurt.de\\\/gesellschaft\\\/differenziert-ueber-den-islam-reden\\\/\"},\"author\":{\"name\":\"Dr. Anke Sauter\",\"@id\":\"https:\\\/\\\/aktuelles.uni-frankfurt.de\\\/#\\\/schema\\\/person\\\/1b9eb6fa6c6aed90031661dd4e37970d\"},\"headline\":\"Differenziert \u00fcber den Islam reden\",\"datePublished\":\"2016-11-03T12:31:04+00:00\",\"dateModified\":\"2016-11-03T12:32:46+00:00\",\"mainEntityOfPage\":{\"@id\":\"https:\\\/\\\/aktuelles.uni-frankfurt.de\\\/gesellschaft\\\/differenziert-ueber-den-islam-reden\\\/\"},\"wordCount\":873,\"publisher\":{\"@id\":\"https:\\\/\\\/aktuelles.uni-frankfurt.de\\\/#organization\"},\"image\":{\"@id\":\"https:\\\/\\\/aktuelles.uni-frankfurt.de\\\/gesellschaft\\\/differenziert-ueber-den-islam-reden\\\/#primaryimage\"},\"thumbnailUrl\":\"https:\\\/\\\/aktuelles.uni-frankfurt.de\\\/wp-content\\\/uploads\\\/2016\\\/06\\\/blog_ff_islam-interview_cover.jpg\",\"keywords\":[\"Islam\",\"UniReport\"],\"articleSection\":[\"Gesellschaft\"],\"inLanguage\":\"en-GB\"},{\"@type\":\"WebPage\",\"@id\":\"https:\\\/\\\/aktuelles.uni-frankfurt.de\\\/gesellschaft\\\/differenziert-ueber-den-islam-reden\\\/\",\"url\":\"https:\\\/\\\/aktuelles.uni-frankfurt.de\\\/gesellschaft\\\/differenziert-ueber-den-islam-reden\\\/\",\"name\":\"Differenziert \u00fcber den Islam reden | Aktuelles aus der Goethe-Universit\u00e4t Frankfurt\",\"isPartOf\":{\"@id\":\"https:\\\/\\\/aktuelles.uni-frankfurt.de\\\/#website\"},\"primaryImageOfPage\":{\"@id\":\"https:\\\/\\\/aktuelles.uni-frankfurt.de\\\/gesellschaft\\\/differenziert-ueber-den-islam-reden\\\/#primaryimage\"},\"image\":{\"@id\":\"https:\\\/\\\/aktuelles.uni-frankfurt.de\\\/gesellschaft\\\/differenziert-ueber-den-islam-reden\\\/#primaryimage\"},\"thumbnailUrl\":\"https:\\\/\\\/aktuelles.uni-frankfurt.de\\\/wp-content\\\/uploads\\\/2016\\\/06\\\/blog_ff_islam-interview_cover.jpg\",\"datePublished\":\"2016-11-03T12:31:04+00:00\",\"dateModified\":\"2016-11-03T12:32:46+00:00\",\"breadcrumb\":{\"@id\":\"https:\\\/\\\/aktuelles.uni-frankfurt.de\\\/gesellschaft\\\/differenziert-ueber-den-islam-reden\\\/#breadcrumb\"},\"inLanguage\":\"en-GB\",\"potentialAction\":[{\"@type\":\"ReadAction\",\"target\":[\"https:\\\/\\\/aktuelles.uni-frankfurt.de\\\/gesellschaft\\\/differenziert-ueber-den-islam-reden\\\/\"]}]},{\"@type\":\"ImageObject\",\"inLanguage\":\"en-GB\",\"@id\":\"https:\\\/\\\/aktuelles.uni-frankfurt.de\\\/gesellschaft\\\/differenziert-ueber-den-islam-reden\\\/#primaryimage\",\"url\":\"https:\\\/\\\/aktuelles.uni-frankfurt.de\\\/wp-content\\\/uploads\\\/2016\\\/06\\\/blog_ff_islam-interview_cover.jpg\",\"contentUrl\":\"https:\\\/\\\/aktuelles.uni-frankfurt.de\\\/wp-content\\\/uploads\\\/2016\\\/06\\\/blog_ff_islam-interview_cover.jpg\",\"width\":650,\"height\":450,\"caption\":\"Alle Illustrationen in diesem Interview geh\u00f6ren zu dem Projekt der Bundeszentrale f\u00fcr politische Bildung \u00bbBegriffswelten Islam\u00ab, www.bpb.de\\\/begriffswelten-islam\"},{\"@type\":\"BreadcrumbList\",\"@id\":\"https:\\\/\\\/aktuelles.uni-frankfurt.de\\\/gesellschaft\\\/differenziert-ueber-den-islam-reden\\\/#breadcrumb\",\"itemListElement\":[{\"@type\":\"ListItem\",\"position\":1,\"name\":\"Startseite\",\"item\":\"https:\\\/\\\/aktuelles.uni-frankfurt.de\\\/\"},{\"@type\":\"ListItem\",\"position\":2,\"name\":\"Differenziert \u00fcber den Islam reden\"}]},{\"@type\":\"WebSite\",\"@id\":\"https:\\\/\\\/aktuelles.uni-frankfurt.de\\\/#website\",\"url\":\"https:\\\/\\\/aktuelles.uni-frankfurt.de\\\/\",\"name\":\"Aktuelles aus der Goethe-Universit\u00e4t Frankfurt\",\"description\":\"Aktuelles aus der Goethe-Universit\u00e4t | Neues aus Forschung, Lehre, Studium\",\"publisher\":{\"@id\":\"https:\\\/\\\/aktuelles.uni-frankfurt.de\\\/#organization\"},\"potentialAction\":[{\"@type\":\"SearchAction\",\"target\":{\"@type\":\"EntryPoint\",\"urlTemplate\":\"https:\\\/\\\/aktuelles.uni-frankfurt.de\\\/?s={search_term_string}\"},\"query-input\":{\"@type\":\"PropertyValueSpecification\",\"valueRequired\":true,\"valueName\":\"search_term_string\"}}],\"inLanguage\":\"en-GB\"},{\"@type\":\"Organization\",\"@id\":\"https:\\\/\\\/aktuelles.uni-frankfurt.de\\\/#organization\",\"name\":\"Goethe-Universit\u00e4t\",\"url\":\"https:\\\/\\\/aktuelles.uni-frankfurt.de\\\/\",\"logo\":{\"@type\":\"ImageObject\",\"inLanguage\":\"en-GB\",\"@id\":\"https:\\\/\\\/aktuelles.uni-frankfurt.de\\\/#\\\/schema\\\/logo\\\/image\\\/\",\"url\":\"https:\\\/\\\/aktuelles.uni-frankfurt.de\\\/wp-content\\\/uploads\\\/2022\\\/03\\\/800px-Goethe-Logo.png\",\"contentUrl\":\"https:\\\/\\\/aktuelles.uni-frankfurt.de\\\/wp-content\\\/uploads\\\/2022\\\/03\\\/800px-Goethe-Logo.png\",\"width\":800,\"height\":436,\"caption\":\"Goethe-Universit\u00e4t\"},\"image\":{\"@id\":\"https:\\\/\\\/aktuelles.uni-frankfurt.de\\\/#\\\/schema\\\/logo\\\/image\\\/\"}},{\"@type\":\"Person\",\"@id\":\"https:\\\/\\\/aktuelles.uni-frankfurt.de\\\/#\\\/schema\\\/person\\\/1b9eb6fa6c6aed90031661dd4e37970d\",\"name\":\"Dr. Anke Sauter\",\"description\":\"Dr. Anke Sauter hat in Bamberg Germanistik, Journalistik und Geografie studiert, mit einer Dissertation \u00fcber den Sprachlehrer und Fremdwortpuristen Eduard Engel wurde sie promoviert. Sie arbeitet als Wissenschaftsredakteurin in der Abteilung Marketing und Kommunikation der Goethe-Universit\u00e4t.\",\"sameAs\":[\"http:\\\/\\\/aktuelles.uni-frankfurt.de\\\/\"],\"url\":\"https:\\\/\\\/aktuelles.uni-frankfurt.de\\\/en\\\/author\\\/dr-ankesauter\\\/\"}]}<\/script>\n<!-- \/ Yoast SEO plugin. -->","yoast_head_json":{"title":"Differenziert \u00fcber den Islam reden | Aktuelles aus der Goethe-Universit\u00e4t Frankfurt","robots":{"index":"index","follow":"follow","max-snippet":"max-snippet:-1","max-image-preview":"max-image-preview:large","max-video-preview":"max-video-preview:-1"},"canonical":"https:\/\/aktuelles.uni-frankfurt.de\/en\/gesellschaft\/differenziert-ueber-den-islam-reden\/","og_locale":"en_GB","og_type":"article","og_title":"Differenziert \u00fcber den Islam reden | Aktuelles aus der Goethe-Universit\u00e4t Frankfurt","og_description":"Erfolgreiches YouTube-Projekt der Bundeszentrale f\u00fcr\u00a0politische Bildung mit Frankfurter Professorin Armina Omerika als Fachberaterin. Gott allein entscheidet, wer gl\u00e4ubig ist und wer ungl\u00e4ubig\u201c: Der junge Frankfurter Islamwissenschaftler Tim Sievers antwortet der [&hellip;]","og_url":"https:\/\/aktuelles.uni-frankfurt.de\/en\/gesellschaft\/differenziert-ueber-den-islam-reden\/","og_site_name":"Aktuelles aus der Goethe-Universit\u00e4t Frankfurt","article_published_time":"2016-11-03T12:31:04+00:00","article_modified_time":"2016-11-03T12:32:46+00:00","og_image":[{"width":650,"height":450,"url":"https:\/\/aktuelles.uni-frankfurt.de\/wp-content\/uploads\/2016\/06\/blog_ff_islam-interview_cover.jpg","type":"image\/jpeg"}],"author":"Dr. Anke Sauter","twitter_card":"summary_large_image","twitter_misc":{"Written by":"Dr. Anke Sauter","Estimated reading time":"4 minutes"},"schema":{"@context":"https:\/\/schema.org","@graph":[{"@type":"Article","@id":"https:\/\/aktuelles.uni-frankfurt.de\/gesellschaft\/differenziert-ueber-den-islam-reden\/#article","isPartOf":{"@id":"https:\/\/aktuelles.uni-frankfurt.de\/gesellschaft\/differenziert-ueber-den-islam-reden\/"},"author":{"name":"Dr. Anke Sauter","@id":"https:\/\/aktuelles.uni-frankfurt.de\/#\/schema\/person\/1b9eb6fa6c6aed90031661dd4e37970d"},"headline":"Differenziert \u00fcber den Islam reden","datePublished":"2016-11-03T12:31:04+00:00","dateModified":"2016-11-03T12:32:46+00:00","mainEntityOfPage":{"@id":"https:\/\/aktuelles.uni-frankfurt.de\/gesellschaft\/differenziert-ueber-den-islam-reden\/"},"wordCount":873,"publisher":{"@id":"https:\/\/aktuelles.uni-frankfurt.de\/#organization"},"image":{"@id":"https:\/\/aktuelles.uni-frankfurt.de\/gesellschaft\/differenziert-ueber-den-islam-reden\/#primaryimage"},"thumbnailUrl":"https:\/\/aktuelles.uni-frankfurt.de\/wp-content\/uploads\/2016\/06\/blog_ff_islam-interview_cover.jpg","keywords":["Islam","UniReport"],"articleSection":["Gesellschaft"],"inLanguage":"en-GB"},{"@type":"WebPage","@id":"https:\/\/aktuelles.uni-frankfurt.de\/gesellschaft\/differenziert-ueber-den-islam-reden\/","url":"https:\/\/aktuelles.uni-frankfurt.de\/gesellschaft\/differenziert-ueber-den-islam-reden\/","name":"Differenziert \u00fcber den Islam reden | Aktuelles aus der Goethe-Universit\u00e4t Frankfurt","isPartOf":{"@id":"https:\/\/aktuelles.uni-frankfurt.de\/#website"},"primaryImageOfPage":{"@id":"https:\/\/aktuelles.uni-frankfurt.de\/gesellschaft\/differenziert-ueber-den-islam-reden\/#primaryimage"},"image":{"@id":"https:\/\/aktuelles.uni-frankfurt.de\/gesellschaft\/differenziert-ueber-den-islam-reden\/#primaryimage"},"thumbnailUrl":"https:\/\/aktuelles.uni-frankfurt.de\/wp-content\/uploads\/2016\/06\/blog_ff_islam-interview_cover.jpg","datePublished":"2016-11-03T12:31:04+00:00","dateModified":"2016-11-03T12:32:46+00:00","breadcrumb":{"@id":"https:\/\/aktuelles.uni-frankfurt.de\/gesellschaft\/differenziert-ueber-den-islam-reden\/#breadcrumb"},"inLanguage":"en-GB","potentialAction":[{"@type":"ReadAction","target":["https:\/\/aktuelles.uni-frankfurt.de\/gesellschaft\/differenziert-ueber-den-islam-reden\/"]}]},{"@type":"ImageObject","inLanguage":"en-GB","@id":"https:\/\/aktuelles.uni-frankfurt.de\/gesellschaft\/differenziert-ueber-den-islam-reden\/#primaryimage","url":"https:\/\/aktuelles.uni-frankfurt.de\/wp-content\/uploads\/2016\/06\/blog_ff_islam-interview_cover.jpg","contentUrl":"https:\/\/aktuelles.uni-frankfurt.de\/wp-content\/uploads\/2016\/06\/blog_ff_islam-interview_cover.jpg","width":650,"height":450,"caption":"Alle Illustrationen in diesem Interview geh\u00f6ren zu dem Projekt der Bundeszentrale f\u00fcr politische Bildung \u00bbBegriffswelten Islam\u00ab, www.bpb.de\/begriffswelten-islam"},{"@type":"BreadcrumbList","@id":"https:\/\/aktuelles.uni-frankfurt.de\/gesellschaft\/differenziert-ueber-den-islam-reden\/#breadcrumb","itemListElement":[{"@type":"ListItem","position":1,"name":"Startseite","item":"https:\/\/aktuelles.uni-frankfurt.de\/"},{"@type":"ListItem","position":2,"name":"Differenziert \u00fcber den Islam reden"}]},{"@type":"WebSite","@id":"https:\/\/aktuelles.uni-frankfurt.de\/#website","url":"https:\/\/aktuelles.uni-frankfurt.de\/","name":"Aktuelles aus der Goethe-Universit\u00e4t Frankfurt","description":"Aktuelles aus der Goethe-Universit\u00e4t | Neues aus Forschung, Lehre, Studium","publisher":{"@id":"https:\/\/aktuelles.uni-frankfurt.de\/#organization"},"potentialAction":[{"@type":"SearchAction","target":{"@type":"EntryPoint","urlTemplate":"https:\/\/aktuelles.uni-frankfurt.de\/?s={search_term_string}"},"query-input":{"@type":"PropertyValueSpecification","valueRequired":true,"valueName":"search_term_string"}}],"inLanguage":"en-GB"},{"@type":"Organization","@id":"https:\/\/aktuelles.uni-frankfurt.de\/#organization","name":"Goethe University Frankfurt","url":"https:\/\/aktuelles.uni-frankfurt.de\/","logo":{"@type":"ImageObject","inLanguage":"en-GB","@id":"https:\/\/aktuelles.uni-frankfurt.de\/#\/schema\/logo\/image\/","url":"https:\/\/aktuelles.uni-frankfurt.de\/wp-content\/uploads\/2022\/03\/800px-Goethe-Logo.png","contentUrl":"https:\/\/aktuelles.uni-frankfurt.de\/wp-content\/uploads\/2022\/03\/800px-Goethe-Logo.png","width":800,"height":436,"caption":"Goethe-Universit\u00e4t"},"image":{"@id":"https:\/\/aktuelles.uni-frankfurt.de\/#\/schema\/logo\/image\/"}},{"@type":"Person","@id":"https:\/\/aktuelles.uni-frankfurt.de\/#\/schema\/person\/1b9eb6fa6c6aed90031661dd4e37970d","name":"Dr. Anke Sauter","description":"Dr. Anke Sauter hat in Bamberg Germanistik, Journalistik und Geografie studiert, mit einer Dissertation \u00fcber den Sprachlehrer und Fremdwortpuristen Eduard Engel wurde sie promoviert. Sie arbeitet als Wissenschaftsredakteurin in der Abteilung Marketing und Kommunikation der Goethe-Universit\u00e4t.","sameAs":["http:\/\/aktuelles.uni-frankfurt.de\/"],"url":"https:\/\/aktuelles.uni-frankfurt.de\/en\/author\/dr-ankesauter\/"}]}},"_links":{"self":[{"href":"https:\/\/aktuelles.uni-frankfurt.de\/en\/wp-json\/wp\/v2\/posts\/10273","targetHints":{"allow":["GET"]}}],"collection":[{"href":"https:\/\/aktuelles.uni-frankfurt.de\/en\/wp-json\/wp\/v2\/posts"}],"about":[{"href":"https:\/\/aktuelles.uni-frankfurt.de\/en\/wp-json\/wp\/v2\/types\/post"}],"author":[{"embeddable":true,"href":"https:\/\/aktuelles.uni-frankfurt.de\/en\/wp-json\/wp\/v2\/users\/5"}],"replies":[{"embeddable":true,"href":"https:\/\/aktuelles.uni-frankfurt.de\/en\/wp-json\/wp\/v2\/comments?post=10273"}],"version-history":[{"count":0,"href":"https:\/\/aktuelles.uni-frankfurt.de\/en\/wp-json\/wp\/v2\/posts\/10273\/revisions"}],"wp:featuredmedia":[{"embeddable":true,"href":"https:\/\/aktuelles.uni-frankfurt.de\/en\/wp-json\/wp\/v2\/media\/7796"}],"wp:attachment":[{"href":"https:\/\/aktuelles.uni-frankfurt.de\/en\/wp-json\/wp\/v2\/media?parent=10273"}],"wp:term":[{"taxonomy":"category","embeddable":true,"href":"https:\/\/aktuelles.uni-frankfurt.de\/en\/wp-json\/wp\/v2\/categories?post=10273"},{"taxonomy":"post_tag","embeddable":true,"href":"https:\/\/aktuelles.uni-frankfurt.de\/en\/wp-json\/wp\/v2\/tags?post=10273"},{"taxonomy":"post_folder","embeddable":true,"href":"https:\/\/aktuelles.uni-frankfurt.de\/en\/wp-json\/wp\/v2\/post_folder?post=10273"}],"curies":[{"name":"wp","href":"https:\/\/api.w.org\/{rel}","templated":true}]}}