{"id":10470,"date":"2016-11-10T17:20:57","date_gmt":"2016-11-10T16:20:57","guid":{"rendered":"http:\/\/aktuelles.uni-frankfurt.de\/?p=10470"},"modified":"2016-11-11T16:31:54","modified_gmt":"2016-11-11T15:31:54","slug":"podiumsgespraech-fasten-und-sport-einfluss-auf-krebs-und-altern","status":"publish","type":"post","link":"https:\/\/aktuelles.uni-frankfurt.de\/en\/veranstaltungen\/podiumsgespraech-fasten-und-sport-einfluss-auf-krebs-und-altern\/","title":{"rendered":"Podiumsgespr\u00e4ch \/ Fasten und Sport: Einfluss auf Krebs und Altern"},"content":{"rendered":"<figure id=\"attachment_10480\" aria-describedby=\"caption-attachment-10480\" style=\"width: 350px\" class=\"wp-caption alignleft\"><a href=\"https:\/\/aktuelles.uni-frankfurt.de\/wp-content\/uploads\/2016\/11\/blog_GU-Poster-Merz-fasten-und-sport.jpg\"><img fetchpriority=\"high\" decoding=\"async\" class=\"wp-image-10480\" src=\"https:\/\/aktuelles.uni-frankfurt.de\/wp-content\/uploads\/2016\/11\/blog_GU-Poster-Merz-fasten-und-sport.jpg\" alt=\"blog_gu-poster-merz-fasten-und-sport\" width=\"350\" height=\"495\" srcset=\"https:\/\/aktuelles.uni-frankfurt.de\/wp-content\/uploads\/2016\/11\/blog_GU-Poster-Merz-fasten-und-sport.jpg 650w, https:\/\/aktuelles.uni-frankfurt.de\/wp-content\/uploads\/2016\/11\/blog_GU-Poster-Merz-fasten-und-sport-212x300.jpg 212w\" sizes=\"(max-width: 350px) 100vw, 350px\" \/><\/a><figcaption id=\"caption-attachment-10480\" class=\"wp-caption-text\">Prof. Valter Longo<\/figcaption><\/figure>\n<p>Mit seiner Entdeckung, dass Fasten Chemo- und Strahlentherapie wirksam unterst\u00fctzt, erregte der Biochemiker Prof. Valter Longo weltweites Aufsehen. Neue Ergebnisse der Tumorforschung zeigen immer deutlicher, dass Longo mit seiner Vermutung richtig liegt und welche Mechanismen dem Effekt des Fastens zugrunde liegen.<\/p>\n<p>Auch den Einfluss von Fasten auf Alterungsprozesse hat Prof. Longo gr\u00fcndlich untersucht. Vom 20. bis 25. November ist er als Merz Stiftungsgastprofessor an der Goethe-Universit\u00e4t. In einer B\u00fcrgerveranstaltung mit dem Thema \u201eFasten und Sport: Einfluss auf Krebs und Altern\u201c beantwortet er auch Fragen von Betroffenen und Interessierten. Die Dr. Senckenbergische Stiftung l\u00e4dt als Mitveranstalter ein.<\/p>\n<p>[dt_call_to_action content_size=&#8220;small&#8220; background=&#8220;plain&#8220; line=&#8220;true&#8220; style=&#8220;1&#8243; animation=&#8220;fadeIn&#8220;]<\/p>\n<p><strong>Die B\u00fcrgerveranstaltung beginnt mit einer Podiumsdiskussion zu aktuellen Konzepten und konkreten Empfehlungen.<\/strong><\/p>\n<p><strong>Was?<\/strong> Podiumsdiskussion mit anschlie\u00dfender \u00d6ffnung f\u00fcr Fragen aus dem Publikum<br \/>\n<strong>Wann?<\/strong> 24. November 2016, 17 Uhr<br \/>\n<strong>Wo?<\/strong> Arkadensaal des Goethe-Hauses, Gro\u00dfer Hirschgraben 23-25, 60311 Frankfurt<\/p>\n<p><strong>Auf dem Podium:<\/strong><br \/>\n<strong>Prof. Valter Longo,<\/strong> University of Southern California, Los Angeles<br \/>\n<strong>Prof. Agnes Fl\u00f6el,<\/strong> Leiterin der Arbeitsgruppe kognitive Neurologie, Charit\u00e9 Berlin<br \/>\n<strong>Prof. Helmuth Steinmetz,<\/strong> Direktor der Klinik f\u00fcr Neurologie, Goethe-Universit\u00e4t<br \/>\n<strong>Prof. Joachim Steinbach,<\/strong> Leiter des Dr. Senckenbergischen Instituts f\u00fcr Neuroonkologie, Goethe-Universit\u00e4t<br \/>\n<strong>Prof. Manfred Schubert-Zsilavecz,<\/strong> Vizepr\u00e4sident der Goethe-Universit\u00e4t (Moderation)<\/p>\n<p>[\/dt_call_to_action]<\/p>\n<p>Valter Longo, geboren 1967 in Genua, ist Professor f\u00fcr Gerontologie und Direktor des \u201eLongevity Institute\u201c der University of Southern California in Los Angeles, USA. Seine viel beachteten Arbeiten zu Mechanismen und Effekten des Fastens haben ihn \u00fcber Fachkreise hinaus bekannt gemacht. Seine Konzepte sind Gegenstand einer Vielzahl von klinischen Studien.<\/p>\n<p>Um diese klinischen Studien und den aktuellen Forschungs- und Wissensstand rund um das Thema \u201eCancer Metabolism: Mechanisms and Treatment Strategies\u201c wird es bei dem wissenschaftlichen Symposium am 23. November am Universit\u00e4tsklinikum (9:30h \u2013 17:15h, H\u00f6rsaal 22-2) gehen. In der Mittagspause ab 12:30 Uhr besteht die M\u00f6glichkeit zu Interviews mit Prof. Longo und anderen Wissenschaftlern. Wir bitten um Anmeldung an Helga Ott unter ott@pvw.uni-frankfurt.de.<\/p>\n<p>Das pharmazeutische Unternehmen Merz aus Frankfurt am Main f\u00f6rdert mit der Friedrich-Merz-Stiftungsgastprofessur seit 1987 internationale wissenschaftliche Beziehungen der Goethe-Universit\u00e4t in den Bereichen Medizin und Pharmazie.<\/p>\n<p><em><strong>Quelle: <a href=\"http:\/\/www.muk.uni-frankfurt.de\/63969738\/283?\" target=\"_blank\">Pressemitteilung vom 10. November 2016<\/a><\/strong><\/em><\/p>\n","protected":false},"excerpt":{"rendered":"<p>Mit seiner Entdeckung, dass Fasten Chemo- und Strahlentherapie wirksam unterst\u00fctzt, erregte der Biochemiker Prof. Valter Longo weltweites Aufsehen. Neue Ergebnisse der Tumorforschung zeigen immer deutlicher, dass Longo mit seiner Vermutung [&hellip;]<\/p>\n","protected":false},"author":8,"featured_media":10482,"comment_status":"closed","ping_status":"closed","sticky":false,"template":"","format":"standard","meta":{"_eb_attr":"","_price":"","_stock":"","_tribe_ticket_header":"","_tribe_default_ticket_provider":"","_ticket_start_date":"","_ticket_end_date":"","_tribe_ticket_show_description":"","_tribe_ticket_show_not_going":false,"_tribe_ticket_use_global_stock":"","_tribe_ticket_global_stock_level":"","_global_stock_mode":"","_global_stock_cap":"","_tribe_rsvp_for_event":"","_tribe_ticket_going_count":"","_tribe_ticket_not_going_count":"","_tribe_tickets_list":"[]","_tribe_ticket_has_attendee_info_fields":false,"footnotes":""},"categories":[12],"tags":[59],"post_folder":[],"class_list":["post-10470","post","type-post","status-publish","format-standard","has-post-thumbnail","hentry","category-veranstaltungen","tag-buerger-universitaet"],"yoast_head":"<!-- This site is optimized with the Yoast SEO plugin v27.5 - https:\/\/yoast.com\/product\/yoast-seo-wordpress\/ -->\n<title>Podiumsgespr\u00e4ch \/ Fasten und Sport: Einfluss auf Krebs und Altern | Aktuelles aus der Goethe-Universit\u00e4t Frankfurt<\/title>\n<meta name=\"robots\" content=\"index, follow, max-snippet:-1, max-image-preview:large, max-video-preview:-1\" \/>\n<link rel=\"canonical\" href=\"https:\/\/aktuelles.uni-frankfurt.de\/en\/veranstaltungen\/podiumsgespraech-fasten-und-sport-einfluss-auf-krebs-und-altern\/\" \/>\n<meta property=\"og:locale\" content=\"en_GB\" \/>\n<meta property=\"og:type\" content=\"article\" \/>\n<meta property=\"og:title\" content=\"Podiumsgespr\u00e4ch \/ Fasten und Sport: Einfluss auf Krebs und Altern | Aktuelles aus der Goethe-Universit\u00e4t Frankfurt\" \/>\n<meta property=\"og:description\" content=\"Mit seiner Entdeckung, dass Fasten Chemo- und Strahlentherapie wirksam unterst\u00fctzt, erregte der Biochemiker Prof. Valter Longo weltweites Aufsehen. Neue Ergebnisse der Tumorforschung zeigen immer deutlicher, dass Longo mit seiner Vermutung [&hellip;]\" \/>\n<meta property=\"og:url\" content=\"https:\/\/aktuelles.uni-frankfurt.de\/en\/veranstaltungen\/podiumsgespraech-fasten-und-sport-einfluss-auf-krebs-und-altern\/\" \/>\n<meta property=\"og:site_name\" content=\"Aktuelles aus der Goethe-Universit\u00e4t Frankfurt\" \/>\n<meta property=\"article:published_time\" content=\"2016-11-10T16:20:57+00:00\" \/>\n<meta property=\"article:modified_time\" content=\"2016-11-11T15:31:54+00:00\" \/>\n<meta property=\"og:image\" content=\"https:\/\/aktuelles.uni-frankfurt.de\/wp-content\/uploads\/2016\/11\/blog_beitragsbild_fasten-und-sport.jpg\" \/>\n\t<meta property=\"og:image:width\" content=\"650\" \/>\n\t<meta property=\"og:image:height\" content=\"450\" \/>\n\t<meta property=\"og:image:type\" content=\"image\/jpeg\" \/>\n<meta name=\"author\" content=\"-\" \/>\n<meta name=\"twitter:card\" content=\"summary_large_image\" \/>\n<meta name=\"twitter:label1\" content=\"Written by\" \/>\n\t<meta name=\"twitter:data1\" content=\"-\" \/>\n\t<meta name=\"twitter:label2\" content=\"Estimated reading time\" \/>\n\t<meta name=\"twitter:data2\" content=\"2 minutes\" \/>\n<script type=\"application\/ld+json\" class=\"yoast-schema-graph\">{\"@context\":\"https:\\\/\\\/schema.org\",\"@graph\":[{\"@type\":\"Article\",\"@id\":\"https:\\\/\\\/aktuelles.uni-frankfurt.de\\\/veranstaltungen\\\/podiumsgespraech-fasten-und-sport-einfluss-auf-krebs-und-altern\\\/#article\",\"isPartOf\":{\"@id\":\"https:\\\/\\\/aktuelles.uni-frankfurt.de\\\/veranstaltungen\\\/podiumsgespraech-fasten-und-sport-einfluss-auf-krebs-und-altern\\\/\"},\"author\":{\"name\":\"-\",\"@id\":\"https:\\\/\\\/aktuelles.uni-frankfurt.de\\\/#\\\/schema\\\/person\\\/8e55ea338fb65d1ce87a91565d1f1739\"},\"headline\":\"Podiumsgespr\u00e4ch \\\/ Fasten und Sport: Einfluss auf Krebs und Altern\",\"datePublished\":\"2016-11-10T16:20:57+00:00\",\"dateModified\":\"2016-11-11T15:31:54+00:00\",\"mainEntityOfPage\":{\"@id\":\"https:\\\/\\\/aktuelles.uni-frankfurt.de\\\/veranstaltungen\\\/podiumsgespraech-fasten-und-sport-einfluss-auf-krebs-und-altern\\\/\"},\"wordCount\":376,\"publisher\":{\"@id\":\"https:\\\/\\\/aktuelles.uni-frankfurt.de\\\/#organization\"},\"image\":{\"@id\":\"https:\\\/\\\/aktuelles.uni-frankfurt.de\\\/veranstaltungen\\\/podiumsgespraech-fasten-und-sport-einfluss-auf-krebs-und-altern\\\/#primaryimage\"},\"thumbnailUrl\":\"https:\\\/\\\/aktuelles.uni-frankfurt.de\\\/wp-content\\\/uploads\\\/2016\\\/11\\\/blog_beitragsbild_fasten-und-sport.jpg\",\"keywords\":[\"B\u00fcrger-Universit\u00e4t\"],\"articleSection\":[\"Veranstaltungen\"],\"inLanguage\":\"en-GB\"},{\"@type\":\"WebPage\",\"@id\":\"https:\\\/\\\/aktuelles.uni-frankfurt.de\\\/veranstaltungen\\\/podiumsgespraech-fasten-und-sport-einfluss-auf-krebs-und-altern\\\/\",\"url\":\"https:\\\/\\\/aktuelles.uni-frankfurt.de\\\/veranstaltungen\\\/podiumsgespraech-fasten-und-sport-einfluss-auf-krebs-und-altern\\\/\",\"name\":\"Podiumsgespr\u00e4ch \\\/ Fasten und Sport: Einfluss auf Krebs und Altern | Aktuelles aus der Goethe-Universit\u00e4t Frankfurt\",\"isPartOf\":{\"@id\":\"https:\\\/\\\/aktuelles.uni-frankfurt.de\\\/#website\"},\"primaryImageOfPage\":{\"@id\":\"https:\\\/\\\/aktuelles.uni-frankfurt.de\\\/veranstaltungen\\\/podiumsgespraech-fasten-und-sport-einfluss-auf-krebs-und-altern\\\/#primaryimage\"},\"image\":{\"@id\":\"https:\\\/\\\/aktuelles.uni-frankfurt.de\\\/veranstaltungen\\\/podiumsgespraech-fasten-und-sport-einfluss-auf-krebs-und-altern\\\/#primaryimage\"},\"thumbnailUrl\":\"https:\\\/\\\/aktuelles.uni-frankfurt.de\\\/wp-content\\\/uploads\\\/2016\\\/11\\\/blog_beitragsbild_fasten-und-sport.jpg\",\"datePublished\":\"2016-11-10T16:20:57+00:00\",\"dateModified\":\"2016-11-11T15:31:54+00:00\",\"breadcrumb\":{\"@id\":\"https:\\\/\\\/aktuelles.uni-frankfurt.de\\\/veranstaltungen\\\/podiumsgespraech-fasten-und-sport-einfluss-auf-krebs-und-altern\\\/#breadcrumb\"},\"inLanguage\":\"en-GB\",\"potentialAction\":[{\"@type\":\"ReadAction\",\"target\":[\"https:\\\/\\\/aktuelles.uni-frankfurt.de\\\/veranstaltungen\\\/podiumsgespraech-fasten-und-sport-einfluss-auf-krebs-und-altern\\\/\"]}]},{\"@type\":\"ImageObject\",\"inLanguage\":\"en-GB\",\"@id\":\"https:\\\/\\\/aktuelles.uni-frankfurt.de\\\/veranstaltungen\\\/podiumsgespraech-fasten-und-sport-einfluss-auf-krebs-und-altern\\\/#primaryimage\",\"url\":\"https:\\\/\\\/aktuelles.uni-frankfurt.de\\\/wp-content\\\/uploads\\\/2016\\\/11\\\/blog_beitragsbild_fasten-und-sport.jpg\",\"contentUrl\":\"https:\\\/\\\/aktuelles.uni-frankfurt.de\\\/wp-content\\\/uploads\\\/2016\\\/11\\\/blog_beitragsbild_fasten-und-sport.jpg\",\"width\":650,\"height\":450},{\"@type\":\"BreadcrumbList\",\"@id\":\"https:\\\/\\\/aktuelles.uni-frankfurt.de\\\/veranstaltungen\\\/podiumsgespraech-fasten-und-sport-einfluss-auf-krebs-und-altern\\\/#breadcrumb\",\"itemListElement\":[{\"@type\":\"ListItem\",\"position\":1,\"name\":\"Startseite\",\"item\":\"https:\\\/\\\/aktuelles.uni-frankfurt.de\\\/\"},{\"@type\":\"ListItem\",\"position\":2,\"name\":\"Podiumsgespr\u00e4ch \\\/ Fasten und Sport: Einfluss auf Krebs und Altern\"}]},{\"@type\":\"WebSite\",\"@id\":\"https:\\\/\\\/aktuelles.uni-frankfurt.de\\\/#website\",\"url\":\"https:\\\/\\\/aktuelles.uni-frankfurt.de\\\/\",\"name\":\"Aktuelles aus der Goethe-Universit\u00e4t Frankfurt\",\"description\":\"Aktuelles aus der Goethe-Universit\u00e4t | Neues aus Forschung, Lehre, Studium\",\"publisher\":{\"@id\":\"https:\\\/\\\/aktuelles.uni-frankfurt.de\\\/#organization\"},\"potentialAction\":[{\"@type\":\"SearchAction\",\"target\":{\"@type\":\"EntryPoint\",\"urlTemplate\":\"https:\\\/\\\/aktuelles.uni-frankfurt.de\\\/?s={search_term_string}\"},\"query-input\":{\"@type\":\"PropertyValueSpecification\",\"valueRequired\":true,\"valueName\":\"search_term_string\"}}],\"inLanguage\":\"en-GB\"},{\"@type\":\"Organization\",\"@id\":\"https:\\\/\\\/aktuelles.uni-frankfurt.de\\\/#organization\",\"name\":\"Goethe-Universit\u00e4t\",\"url\":\"https:\\\/\\\/aktuelles.uni-frankfurt.de\\\/\",\"logo\":{\"@type\":\"ImageObject\",\"inLanguage\":\"en-GB\",\"@id\":\"https:\\\/\\\/aktuelles.uni-frankfurt.de\\\/#\\\/schema\\\/logo\\\/image\\\/\",\"url\":\"https:\\\/\\\/aktuelles.uni-frankfurt.de\\\/wp-content\\\/uploads\\\/2022\\\/03\\\/800px-Goethe-Logo.png\",\"contentUrl\":\"https:\\\/\\\/aktuelles.uni-frankfurt.de\\\/wp-content\\\/uploads\\\/2022\\\/03\\\/800px-Goethe-Logo.png\",\"width\":800,\"height\":436,\"caption\":\"Goethe-Universit\u00e4t\"},\"image\":{\"@id\":\"https:\\\/\\\/aktuelles.uni-frankfurt.de\\\/#\\\/schema\\\/logo\\\/image\\\/\"}},{\"@type\":\"Person\",\"@id\":\"https:\\\/\\\/aktuelles.uni-frankfurt.de\\\/#\\\/schema\\\/person\\\/8e55ea338fb65d1ce87a91565d1f1739\",\"name\":\"-\",\"description\":\"Dieser Beitrag wurde von der Online-Redaktion ver\u00f6ffentlicht. Wenn der Beitrag von einem Gastautoren verfasst wurde, findet sich dieser Hinweis am Ende des jeweiligen Artikels.\",\"sameAs\":[\"http:\\\/\\\/aktuelles.uni-frankfurt.de\\\/autoren\"],\"url\":\"https:\\\/\\\/aktuelles.uni-frankfurt.de\\\/en\\\/author\\\/redaktion\\\/\"}]}<\/script>\n<!-- \/ Yoast SEO plugin. -->","yoast_head_json":{"title":"Podiumsgespr\u00e4ch \/ Fasten und Sport: Einfluss auf Krebs und Altern | Aktuelles aus der Goethe-Universit\u00e4t Frankfurt","robots":{"index":"index","follow":"follow","max-snippet":"max-snippet:-1","max-image-preview":"max-image-preview:large","max-video-preview":"max-video-preview:-1"},"canonical":"https:\/\/aktuelles.uni-frankfurt.de\/en\/veranstaltungen\/podiumsgespraech-fasten-und-sport-einfluss-auf-krebs-und-altern\/","og_locale":"en_GB","og_type":"article","og_title":"Podiumsgespr\u00e4ch \/ Fasten und Sport: Einfluss auf Krebs und Altern | Aktuelles aus der Goethe-Universit\u00e4t Frankfurt","og_description":"Mit seiner Entdeckung, dass Fasten Chemo- und Strahlentherapie wirksam unterst\u00fctzt, erregte der Biochemiker Prof. Valter Longo weltweites Aufsehen. Neue Ergebnisse der Tumorforschung zeigen immer deutlicher, dass Longo mit seiner Vermutung [&hellip;]","og_url":"https:\/\/aktuelles.uni-frankfurt.de\/en\/veranstaltungen\/podiumsgespraech-fasten-und-sport-einfluss-auf-krebs-und-altern\/","og_site_name":"Aktuelles aus der Goethe-Universit\u00e4t Frankfurt","article_published_time":"2016-11-10T16:20:57+00:00","article_modified_time":"2016-11-11T15:31:54+00:00","og_image":[{"width":650,"height":450,"url":"https:\/\/aktuelles.uni-frankfurt.de\/wp-content\/uploads\/2016\/11\/blog_beitragsbild_fasten-und-sport.jpg","type":"image\/jpeg"}],"author":"-","twitter_card":"summary_large_image","twitter_misc":{"Written by":"-","Estimated reading time":"2 minutes"},"schema":{"@context":"https:\/\/schema.org","@graph":[{"@type":"Article","@id":"https:\/\/aktuelles.uni-frankfurt.de\/veranstaltungen\/podiumsgespraech-fasten-und-sport-einfluss-auf-krebs-und-altern\/#article","isPartOf":{"@id":"https:\/\/aktuelles.uni-frankfurt.de\/veranstaltungen\/podiumsgespraech-fasten-und-sport-einfluss-auf-krebs-und-altern\/"},"author":{"name":"-","@id":"https:\/\/aktuelles.uni-frankfurt.de\/#\/schema\/person\/8e55ea338fb65d1ce87a91565d1f1739"},"headline":"Podiumsgespr\u00e4ch \/ Fasten und Sport: Einfluss auf Krebs und Altern","datePublished":"2016-11-10T16:20:57+00:00","dateModified":"2016-11-11T15:31:54+00:00","mainEntityOfPage":{"@id":"https:\/\/aktuelles.uni-frankfurt.de\/veranstaltungen\/podiumsgespraech-fasten-und-sport-einfluss-auf-krebs-und-altern\/"},"wordCount":376,"publisher":{"@id":"https:\/\/aktuelles.uni-frankfurt.de\/#organization"},"image":{"@id":"https:\/\/aktuelles.uni-frankfurt.de\/veranstaltungen\/podiumsgespraech-fasten-und-sport-einfluss-auf-krebs-und-altern\/#primaryimage"},"thumbnailUrl":"https:\/\/aktuelles.uni-frankfurt.de\/wp-content\/uploads\/2016\/11\/blog_beitragsbild_fasten-und-sport.jpg","keywords":["B\u00fcrger-Universit\u00e4t"],"articleSection":["Veranstaltungen"],"inLanguage":"en-GB"},{"@type":"WebPage","@id":"https:\/\/aktuelles.uni-frankfurt.de\/veranstaltungen\/podiumsgespraech-fasten-und-sport-einfluss-auf-krebs-und-altern\/","url":"https:\/\/aktuelles.uni-frankfurt.de\/veranstaltungen\/podiumsgespraech-fasten-und-sport-einfluss-auf-krebs-und-altern\/","name":"Podiumsgespr\u00e4ch \/ Fasten und Sport: Einfluss auf Krebs und Altern | Aktuelles aus der Goethe-Universit\u00e4t Frankfurt","isPartOf":{"@id":"https:\/\/aktuelles.uni-frankfurt.de\/#website"},"primaryImageOfPage":{"@id":"https:\/\/aktuelles.uni-frankfurt.de\/veranstaltungen\/podiumsgespraech-fasten-und-sport-einfluss-auf-krebs-und-altern\/#primaryimage"},"image":{"@id":"https:\/\/aktuelles.uni-frankfurt.de\/veranstaltungen\/podiumsgespraech-fasten-und-sport-einfluss-auf-krebs-und-altern\/#primaryimage"},"thumbnailUrl":"https:\/\/aktuelles.uni-frankfurt.de\/wp-content\/uploads\/2016\/11\/blog_beitragsbild_fasten-und-sport.jpg","datePublished":"2016-11-10T16:20:57+00:00","dateModified":"2016-11-11T15:31:54+00:00","breadcrumb":{"@id":"https:\/\/aktuelles.uni-frankfurt.de\/veranstaltungen\/podiumsgespraech-fasten-und-sport-einfluss-auf-krebs-und-altern\/#breadcrumb"},"inLanguage":"en-GB","potentialAction":[{"@type":"ReadAction","target":["https:\/\/aktuelles.uni-frankfurt.de\/veranstaltungen\/podiumsgespraech-fasten-und-sport-einfluss-auf-krebs-und-altern\/"]}]},{"@type":"ImageObject","inLanguage":"en-GB","@id":"https:\/\/aktuelles.uni-frankfurt.de\/veranstaltungen\/podiumsgespraech-fasten-und-sport-einfluss-auf-krebs-und-altern\/#primaryimage","url":"https:\/\/aktuelles.uni-frankfurt.de\/wp-content\/uploads\/2016\/11\/blog_beitragsbild_fasten-und-sport.jpg","contentUrl":"https:\/\/aktuelles.uni-frankfurt.de\/wp-content\/uploads\/2016\/11\/blog_beitragsbild_fasten-und-sport.jpg","width":650,"height":450},{"@type":"BreadcrumbList","@id":"https:\/\/aktuelles.uni-frankfurt.de\/veranstaltungen\/podiumsgespraech-fasten-und-sport-einfluss-auf-krebs-und-altern\/#breadcrumb","itemListElement":[{"@type":"ListItem","position":1,"name":"Startseite","item":"https:\/\/aktuelles.uni-frankfurt.de\/"},{"@type":"ListItem","position":2,"name":"Podiumsgespr\u00e4ch \/ Fasten und Sport: Einfluss auf Krebs und Altern"}]},{"@type":"WebSite","@id":"https:\/\/aktuelles.uni-frankfurt.de\/#website","url":"https:\/\/aktuelles.uni-frankfurt.de\/","name":"Aktuelles aus der Goethe-Universit\u00e4t Frankfurt","description":"Aktuelles aus der Goethe-Universit\u00e4t | Neues aus Forschung, Lehre, Studium","publisher":{"@id":"https:\/\/aktuelles.uni-frankfurt.de\/#organization"},"potentialAction":[{"@type":"SearchAction","target":{"@type":"EntryPoint","urlTemplate":"https:\/\/aktuelles.uni-frankfurt.de\/?s={search_term_string}"},"query-input":{"@type":"PropertyValueSpecification","valueRequired":true,"valueName":"search_term_string"}}],"inLanguage":"en-GB"},{"@type":"Organization","@id":"https:\/\/aktuelles.uni-frankfurt.de\/#organization","name":"Goethe University Frankfurt","url":"https:\/\/aktuelles.uni-frankfurt.de\/","logo":{"@type":"ImageObject","inLanguage":"en-GB","@id":"https:\/\/aktuelles.uni-frankfurt.de\/#\/schema\/logo\/image\/","url":"https:\/\/aktuelles.uni-frankfurt.de\/wp-content\/uploads\/2022\/03\/800px-Goethe-Logo.png","contentUrl":"https:\/\/aktuelles.uni-frankfurt.de\/wp-content\/uploads\/2022\/03\/800px-Goethe-Logo.png","width":800,"height":436,"caption":"Goethe-Universit\u00e4t"},"image":{"@id":"https:\/\/aktuelles.uni-frankfurt.de\/#\/schema\/logo\/image\/"}},{"@type":"Person","@id":"https:\/\/aktuelles.uni-frankfurt.de\/#\/schema\/person\/8e55ea338fb65d1ce87a91565d1f1739","name":"-","description":"Dieser Beitrag wurde von der Online-Redaktion ver\u00f6ffentlicht. Wenn der Beitrag von einem Gastautoren verfasst wurde, findet sich dieser Hinweis am Ende des jeweiligen Artikels.","sameAs":["http:\/\/aktuelles.uni-frankfurt.de\/autoren"],"url":"https:\/\/aktuelles.uni-frankfurt.de\/en\/author\/redaktion\/"}]}},"_links":{"self":[{"href":"https:\/\/aktuelles.uni-frankfurt.de\/en\/wp-json\/wp\/v2\/posts\/10470","targetHints":{"allow":["GET"]}}],"collection":[{"href":"https:\/\/aktuelles.uni-frankfurt.de\/en\/wp-json\/wp\/v2\/posts"}],"about":[{"href":"https:\/\/aktuelles.uni-frankfurt.de\/en\/wp-json\/wp\/v2\/types\/post"}],"author":[{"embeddable":true,"href":"https:\/\/aktuelles.uni-frankfurt.de\/en\/wp-json\/wp\/v2\/users\/8"}],"replies":[{"embeddable":true,"href":"https:\/\/aktuelles.uni-frankfurt.de\/en\/wp-json\/wp\/v2\/comments?post=10470"}],"version-history":[{"count":0,"href":"https:\/\/aktuelles.uni-frankfurt.de\/en\/wp-json\/wp\/v2\/posts\/10470\/revisions"}],"wp:featuredmedia":[{"embeddable":true,"href":"https:\/\/aktuelles.uni-frankfurt.de\/en\/wp-json\/wp\/v2\/media\/10482"}],"wp:attachment":[{"href":"https:\/\/aktuelles.uni-frankfurt.de\/en\/wp-json\/wp\/v2\/media?parent=10470"}],"wp:term":[{"taxonomy":"category","embeddable":true,"href":"https:\/\/aktuelles.uni-frankfurt.de\/en\/wp-json\/wp\/v2\/categories?post=10470"},{"taxonomy":"post_tag","embeddable":true,"href":"https:\/\/aktuelles.uni-frankfurt.de\/en\/wp-json\/wp\/v2\/tags?post=10470"},{"taxonomy":"post_folder","embeddable":true,"href":"https:\/\/aktuelles.uni-frankfurt.de\/en\/wp-json\/wp\/v2\/post_folder?post=10470"}],"curies":[{"name":"wp","href":"https:\/\/api.w.org\/{rel}","templated":true}]}}