{"id":11434,"date":"2016-12-09T16:52:40","date_gmt":"2016-12-09T15:52:40","guid":{"rendered":"http:\/\/aktuelles.uni-frankfurt.de\/?p=11434"},"modified":"2016-12-09T18:07:42","modified_gmt":"2016-12-09T17:07:42","slug":"neuer-band-gruender-goenner-und-gelehrte-erschienen","status":"publish","type":"post","link":"https:\/\/aktuelles.uni-frankfurt.de\/en\/gesellschaft\/neuer-band-gruender-goenner-und-gelehrte-erschienen\/","title":{"rendered":"Neuer Band &#8222;Gr\u00fcnder, G\u00f6nner und Gelehrte&#8220; erschienen"},"content":{"rendered":"<p><img fetchpriority=\"high\" decoding=\"async\" class=\"alignleft wp-image-11442\" src=\"https:\/\/aktuelles.uni-frankfurt.de\/wp-content\/uploads\/2016\/12\/kaschnitz_weinberg_web-1.jpg\" alt=\"kaschnitz_weinberg_web\" width=\"300\" height=\"483\" srcset=\"https:\/\/aktuelles.uni-frankfurt.de\/wp-content\/uploads\/2016\/12\/kaschnitz_weinberg_web-1.jpg 650w, https:\/\/aktuelles.uni-frankfurt.de\/wp-content\/uploads\/2016\/12\/kaschnitz_weinberg_web-1-186x300.jpg 186w, https:\/\/aktuelles.uni-frankfurt.de\/wp-content\/uploads\/2016\/12\/kaschnitz_weinberg_web-1-636x1024.jpg 636w\" sizes=\"(max-width: 300px) 100vw, 300px\" \/>In der Biographienreihe der Goethe-Universit\u00e4t \u201eGr\u00fcnder, G\u00f6nner und Gelehrte\u201c ist jetzt der 15. Band erschienen: \u201eGuido von Kaschnitz-Weinberg \u2013 Gelehrter zwischen Arch\u00e4ologie und Politik\u201c. Der Arch\u00e4ologe Prof. Dr. Wulf Raeck und die Historikerin Dr. Claudia Becker portr\u00e4tieren in diesem Band Guido von Kaschnitz-Weinberg (1890-1958) als Europ\u00e4er mit gro\u00dfer Leidenschaft f\u00fcr die Antike.<\/p>\n<p>Zum ersten Mal wird das Leben dieses international anerkannten Wissenschaftlers, der mit der Schriftstellerin Marie-Luise Kaschnitz (1901-1974) verheiratet war, in einer Monographie nachgezeichnet. Dabei nimmt die gemeinsame Zeit in Frankfurt breiten Raum ein. Als Heranwachsender und Student erlebte der geb\u00fcrtige Wiener die entfesselnde Kraft der Moderne in Kunst, Musik und Theater, aber auch die gesellschaftlichen Ver\u00e4nderungen im Wien der Kaiserzeit unmittelbar. Das pr\u00e4gte seine arch\u00e4ologischen und kunsthistorischen Interessen ebenso wie sein politisches Bewusstsein.<\/p>\n<p>Er engagierte sich in einer sozialistischen Studentenvereinigung. Seine Kriegsbegeisterung war nur von kurzer Dauer, bei der \u201eKunstschutzgruppe\u201c entging er dem Dienst an der Waffe und fand Kontakt zu Literaten und K\u00fcnstlern. Kaschnitz, der nach dem Ersten Weltkrieg bei einem Kunstverlag in M\u00fcnchen arbeitete, empfand als Zeuge des ersten Auftritts Hitlers 1921 in M\u00fcnchen \u201eeine instinktive und \u00fcberaus heftige Abneigung gegen den aufkommenden NS\u201c. Das sollte sich nicht \u00e4ndern, als er 1932 zun\u00e4chst als Professor f\u00fcr Arch\u00e4ologie nach K\u00f6nigsberg, dann nach Marburg und ab 1941 nach Frankfurt kam.<\/p>\n<p>Er blieb in kritischer Distanz, was ihm auch bei dem Entnazifizierungsprozess bescheinigt wurde. Nischen der Normalit\u00e4t wurden allerdings ab 1939 immer kleiner. Besonders schwierig wurde es f\u00fcr Kaschnitz-Weinberg, zu Forschungszwecken nach Rom zu reisen, wo er schon vor dem Zweiten Weltkrieg ein stabiles Netz aus vielf\u00e4ltigen wissenschaftlichen und pers\u00f6nlichen Kontakten gekn\u00fcpft hatte. Seine Frau, Marie Luise Kaschnitz, lernte er in den 1920er Jahren in M\u00fcnchen kennen, sie teilte mit ihm seine Leidenschaft f\u00fcr die Antike.<\/p>\n<p>Der Arch\u00e4ologe arbeitete \u00fcber Jahrzehnte an seinem nie vollendeten Lebenswerk, der Strukturgeschichte der antiken Mittelmeerkultur. Dabei ging er zun\u00e4chst von der italisch-r\u00f6mischen Kunst aus, deren Eigenart er im Vergleich zur griechischen Formensprache analysierte. Dieses Thema war in der damaligen Zeit f\u00fcr viele Arch\u00e4ologen aktuell und wurde gew\u00f6hnlich als Antagonismus zwischen einer indigenen, d. h. italisch-r\u00f6mischen, und einer importierten \u201egraezisierenden\u201c oder \u201ehellenisierenden\u201c Kunststr\u00f6mung im Rahmen eines komplexen historischen Prozesses behandelt.<\/p>\n<p>Trotz seiner kritischen Einstellung zum Nationalsozialismus erhielt Kaschnitz-Weinberg w\u00e4hrend des Zweiten Weltkriegs einen Ruf an die Goethe-Universit\u00e4t. 1941 begann er seine Lehrt\u00e4tigkeit in Frankfurt unter schwierigsten Bedingungen. Bombenangriffe zerst\u00f6rten die Innenstadt und zahlreiche Geb\u00e4ude der Uni, zeitweise konnte Kaschnitz-Weinberg seine Lehrveranstaltungen nur in privaten R\u00e4umen abhalten. Zum Milit\u00e4rdienst wurde er nicht einberufen, der Rektor argumentierte, dass Kaschnitz-Weinberg noch der einzige Vertreter seines Fachs an der Universit\u00e4t war.<\/p>\n<p>Zum Ende des Kriegs erkrankte Kaschnitz-Weinberg an einer Neuritis, verbrachte mehrere Monate in einem Sanatorium und konnte sich anfangs nur zeitweise am Weiteraufbau der Universit\u00e4t beteiligen. Noch zu Beginn der 1950er Jahre normalisiert sich das Leben des Ehepaars Kaschnitz-Weinberg langsam. Marie-Luise Kaschnitz berichtet von \u201egeistig anregender Gesellschaft\u201c, kn\u00fcpft ein intellektuelles Netz, zu dem neben Dolf Sternberger auch Theodor W. Adorno geh\u00f6rt.<\/p>\n<p>F\u00fcr den Arch\u00e4ologen begann ein Leben zwischen Frankfurt und Rom, ihm wurde die politisch heikle Mission \u00fcbertragen, die Wiederer\u00f6ffnung des Deutschen Arch\u00e4ologischen Instituts (DAI) in Rom vorzubereiten und dieses dann ab 1953 zu leiten. Kaschnitz-Weinberg erlag 1958 einem Hirn-Tumor, seine Frau, die 1955 mit dem B\u00fcchner-Preis ausgezeichnet wurde, kehrte ganz nach Frankfurt zur\u00fcck und \u00fcbernahm 1960 die Poetik-Dozentur an der Goethe-Universit\u00e4t.<\/p>\n<p>In diesem Band der Reihe \u201eGr\u00fcnder, G\u00f6nner und Gelehrte\u201c zeichnen die beiden Frankfurter Autoren ein lebhaftes Bild des Intellektuellen-Paars von den 1920er bis zu den 1960er Jahren. So erfahren die Leser im Detail, wie Guido und Marie Luise Kaschnitz-Weinberg die gesellschaftlichen und politischen Umbr\u00fcche erlebt haben und wie die tiefgreifenden historischen Z\u00e4suren ihr Leben gepr\u00e4gt haben. Der Autor Wulf Raeck nutzte f\u00fcr diese Biographie bisher unver\u00f6ffentlichte Dokumente aus Archiven, insbesondere vom Deutschen Arch\u00e4ologischen Institut. Sie belegen, wie eng Politiker und Wissenschaftler in der Gr\u00fcndungsphase der Bundesrepublik zusammen gearbeitet haben, um international wieder Fu\u00df zu fassen. Dies wird besonders deutlich bei der Wieder\u00f6ffnung des DIA in Rom, wo neben den Italienern auch die Alliierten ma\u00dfgebliches Mitspracherecht hatten.<\/p>\n<p>[dt_call_to_action content_size=&#8220;small&#8220; background=&#8220;plain&#8220; line=&#8220;true&#8220; style=&#8220;1&#8243; animation=&#8220;fadeIn&#8220;]<\/p>\n<p><img decoding=\"async\" class=\"alignleft wp-image-11448\" src=\"https:\/\/aktuelles.uni-frankfurt.de\/wp-content\/uploads\/2016\/12\/beitragsbild_schuber_frei_neu.png\" alt=\"beitragsbild_schuber_frei_neu\" width=\"225\" height=\"244\" srcset=\"https:\/\/aktuelles.uni-frankfurt.de\/wp-content\/uploads\/2016\/12\/beitragsbild_schuber_frei_neu.png 300w, https:\/\/aktuelles.uni-frankfurt.de\/wp-content\/uploads\/2016\/12\/beitragsbild_schuber_frei_neu-277x300.png 277w\" sizes=\"(max-width: 225px) 100vw, 225px\" \/><strong><em>Geschichte(n) von der Universit\u00e4t<\/em><br \/>\n<\/strong><\/p>\n<p><em>Die Frankfurter Goethe-Universit\u00e4t feierte im Oktober 2014 ihr 100-j\u00e4hriges Bestehen und begleitet dieses Jubil\u00e4um mit einer Biographienreihe zu Frankfurts Gr\u00fcndern, G\u00f6nnern und Gelehrten. Die Reihe portr\u00e4tiert ber\u00fchmte Wissenschaftler, M\u00e4zene und charismatische Pers\u00f6nlichkeiten des intellektuellen Lebens. Wie in kaum einer anderen Universit\u00e4tsstadt in Deutschland war und ist der lebendige Austausch zwischen Theorie und Praxis in Frankfurt sp\u00fcrbar. | <strong>12 B\u00e4nde im Schuber; Mai 2014; Preis: 98,00 Euro<\/strong><\/em><\/p>\n<p><a href=\"http:\/\/www.societaets-verlag.de\/buecher\/schriftenreihen\/gruender-goenner-und-gelehrte\/schuber-goethe-universitaet\" target=\"_blank\">Mehr Infos auf der Website des Societ\u00e4ts Verlag \u00bb<\/a><\/p>\n<p>[\/dt_call_to_action]<\/p>\n<p>In der im Frankfurter Societ\u00e4tsVerlag publizierten Biographienreihe werden Pers\u00f6nlichkeiten der Gr\u00fcnderjahre der Universit\u00e4t vor und nach 1914 ebenso wie die Generation des Wiederaufbaus nach 1945, aber auch Vordenker und Akteure der bildungsbewegten 1960er und 1970er Jahre portr\u00e4tiert. In ihren Lebensbildern spiegelt sich die wechselvolle deutsche Geschichte im 20. Jahrhundert. Bisher sind bereits 15 bebilderte B\u00e4nde erschienen, portr\u00e4tiert wurden (in der Reihenfolge des Erscheinens): Wilhelm Merton, Otto Stern, Leo Gans und Arthur von Weinberg, Franz Adickes, Fritz Neumark, Friedrich Dessauer, Theodor W. Adorno, Henry Oswalt, Franz Oppenheimer, Leo Frobenius, Ernst Kantorowicz, Max Horkheimer, Moritz Schmidt-Metzler, Heinrich Roessler, Guido von Kaschnitz-Weinberg.<\/p>\n<p>Weitere Biographien sind geplant, so wird im kommenden Jahr ein Band \u00fcber Kurt Riezler, von 1928 bis 1933 Kurator der Universit\u00e4t Frankfurt, erscheinen. Mit Riezler erlebte die Frankfurter Universit\u00e4t eine intellektuelle Bl\u00fcte. Konsequent f\u00f6rderte er Wissenschaftszweige, die einen Beitrag zum politisch-gesellschaftlichen Diskurs der Weimarer Republik und zur L\u00f6sung zeitgen\u00f6ssischer Probleme zu leisten versprachen. Anlass f\u00fcr die Biographienreihe war der 100. Geburtstag der Goethe-Universit\u00e4t vor zwei\u00a0Jahren.<\/p>\n<p>[dt_call_to_action content_size=&#8220;small&#8220; background=&#8220;fancy&#8220; line=&#8220;true&#8220; style=&#8220;1&#8243; animation=&#8220;fadeIn&#8220;]<\/p>\n<p>Wulf Raeck, Claudia Becker: Guido von Kaschnitz-Weinberg, Gelehrter zwischen Arch\u00e4ologie und Politik, Frankfurt 2016, Societ\u00e4tsVerlag, ISBN 978-3-95542-126-7, 205 Seiten, 14,80 Euro. <a href=\"http:\/\/www.societaets-verlag.de\/buecher\/schriftenreihen\/gruender-goenner-und-gelehrte\/guido-von-kaschnitz-weinberg-2\" target=\"_blank\">Mehr Infos auf der Website des Societ\u00e4ts Verlag \u00bb<\/a><\/p>\n<p>[\/dt_call_to_action]<\/p>\n<p><em><strong>Quelle: <a href=\"http:\/\/www.muk.uni-frankfurt.de\/64365854\/323?\" target=\"_blank\">Pressemitteilung vom 9. Dezember<\/a><\/strong><\/em><\/p>\n","protected":false},"excerpt":{"rendered":"<p>In der Biographienreihe der Goethe-Universit\u00e4t \u201eGr\u00fcnder, G\u00f6nner und Gelehrte\u201c ist jetzt der 15. Band erschienen: \u201eGuido von Kaschnitz-Weinberg \u2013 Gelehrter zwischen Arch\u00e4ologie und Politik\u201c. Der Arch\u00e4ologe Prof. Dr. Wulf Raeck [&hellip;]<\/p>\n","protected":false},"author":8,"featured_media":11446,"comment_status":"closed","ping_status":"closed","sticky":false,"template":"","format":"standard","meta":{"_eb_attr":"","_price":"","_stock":"","_tribe_ticket_header":"","_tribe_default_ticket_provider":"","_ticket_start_date":"","_ticket_end_date":"","_tribe_ticket_show_description":"","_tribe_ticket_show_not_going":false,"_tribe_ticket_use_global_stock":"","_tribe_ticket_global_stock_level":"","_global_stock_mode":"","_global_stock_cap":"","_tribe_rsvp_for_event":"","_tribe_ticket_going_count":"","_tribe_ticket_not_going_count":"","_tribe_tickets_list":"[]","_tribe_ticket_has_attendee_info_fields":false,"footnotes":""},"categories":[4],"tags":[26],"post_folder":[],"class_list":["post-11434","post","type-post","status-publish","format-standard","has-post-thumbnail","hentry","category-gesellschaft","tag-buecher"],"yoast_head":"<!-- This site is optimized with the Yoast SEO plugin v27.5 - https:\/\/yoast.com\/product\/yoast-seo-wordpress\/ -->\n<title>Neuer Band &quot;Gr\u00fcnder, G\u00f6nner und Gelehrte&quot; erschienen | Aktuelles aus der Goethe-Universit\u00e4t Frankfurt<\/title>\n<meta name=\"robots\" content=\"index, follow, max-snippet:-1, max-image-preview:large, max-video-preview:-1\" \/>\n<link rel=\"canonical\" href=\"https:\/\/aktuelles.uni-frankfurt.de\/en\/gesellschaft\/neuer-band-gruender-goenner-und-gelehrte-erschienen\/\" \/>\n<meta property=\"og:locale\" content=\"en_GB\" \/>\n<meta property=\"og:type\" content=\"article\" \/>\n<meta property=\"og:title\" content=\"Neuer Band &quot;Gr\u00fcnder, G\u00f6nner und Gelehrte&quot; erschienen | Aktuelles aus der Goethe-Universit\u00e4t Frankfurt\" \/>\n<meta property=\"og:description\" content=\"In der Biographienreihe der Goethe-Universit\u00e4t \u201eGr\u00fcnder, G\u00f6nner und Gelehrte\u201c ist jetzt der 15. Band erschienen: \u201eGuido von Kaschnitz-Weinberg \u2013 Gelehrter zwischen Arch\u00e4ologie und Politik\u201c. Der Arch\u00e4ologe Prof. Dr. Wulf Raeck [&hellip;]\" \/>\n<meta property=\"og:url\" content=\"https:\/\/aktuelles.uni-frankfurt.de\/en\/gesellschaft\/neuer-band-gruender-goenner-und-gelehrte-erschienen\/\" \/>\n<meta property=\"og:site_name\" content=\"Aktuelles aus der Goethe-Universit\u00e4t Frankfurt\" \/>\n<meta property=\"article:published_time\" content=\"2016-12-09T15:52:40+00:00\" \/>\n<meta property=\"article:modified_time\" content=\"2016-12-09T17:07:42+00:00\" \/>\n<meta property=\"og:image\" content=\"https:\/\/aktuelles.uni-frankfurt.de\/wp-content\/uploads\/2016\/12\/beitragsbild_kaschnitz-weinberg_buch.jpg\" \/>\n\t<meta property=\"og:image:width\" content=\"650\" \/>\n\t<meta property=\"og:image:height\" content=\"450\" \/>\n\t<meta property=\"og:image:type\" content=\"image\/jpeg\" \/>\n<meta name=\"author\" content=\"-\" \/>\n<meta name=\"twitter:card\" content=\"summary_large_image\" \/>\n<meta name=\"twitter:label1\" content=\"Written by\" \/>\n\t<meta name=\"twitter:data1\" content=\"-\" \/>\n\t<meta name=\"twitter:label2\" content=\"Estimated reading time\" \/>\n\t<meta name=\"twitter:data2\" content=\"5 minutes\" \/>\n<script type=\"application\/ld+json\" class=\"yoast-schema-graph\">{\"@context\":\"https:\\\/\\\/schema.org\",\"@graph\":[{\"@type\":\"Article\",\"@id\":\"https:\\\/\\\/aktuelles.uni-frankfurt.de\\\/gesellschaft\\\/neuer-band-gruender-goenner-und-gelehrte-erschienen\\\/#article\",\"isPartOf\":{\"@id\":\"https:\\\/\\\/aktuelles.uni-frankfurt.de\\\/gesellschaft\\\/neuer-band-gruender-goenner-und-gelehrte-erschienen\\\/\"},\"author\":{\"name\":\"-\",\"@id\":\"https:\\\/\\\/aktuelles.uni-frankfurt.de\\\/#\\\/schema\\\/person\\\/8e55ea338fb65d1ce87a91565d1f1739\"},\"headline\":\"Neuer Band &#8222;Gr\u00fcnder, G\u00f6nner und Gelehrte&#8220; erschienen\",\"datePublished\":\"2016-12-09T15:52:40+00:00\",\"dateModified\":\"2016-12-09T17:07:42+00:00\",\"mainEntityOfPage\":{\"@id\":\"https:\\\/\\\/aktuelles.uni-frankfurt.de\\\/gesellschaft\\\/neuer-band-gruender-goenner-und-gelehrte-erschienen\\\/\"},\"wordCount\":1056,\"publisher\":{\"@id\":\"https:\\\/\\\/aktuelles.uni-frankfurt.de\\\/#organization\"},\"image\":{\"@id\":\"https:\\\/\\\/aktuelles.uni-frankfurt.de\\\/gesellschaft\\\/neuer-band-gruender-goenner-und-gelehrte-erschienen\\\/#primaryimage\"},\"thumbnailUrl\":\"https:\\\/\\\/aktuelles.uni-frankfurt.de\\\/wp-content\\\/uploads\\\/2016\\\/12\\\/beitragsbild_kaschnitz-weinberg_buch.jpg\",\"keywords\":[\"B\u00fccher\"],\"articleSection\":[\"Gesellschaft\"],\"inLanguage\":\"en-GB\"},{\"@type\":\"WebPage\",\"@id\":\"https:\\\/\\\/aktuelles.uni-frankfurt.de\\\/gesellschaft\\\/neuer-band-gruender-goenner-und-gelehrte-erschienen\\\/\",\"url\":\"https:\\\/\\\/aktuelles.uni-frankfurt.de\\\/gesellschaft\\\/neuer-band-gruender-goenner-und-gelehrte-erschienen\\\/\",\"name\":\"Neuer Band \\\"Gr\u00fcnder, G\u00f6nner und Gelehrte\\\" erschienen | Aktuelles aus der Goethe-Universit\u00e4t Frankfurt\",\"isPartOf\":{\"@id\":\"https:\\\/\\\/aktuelles.uni-frankfurt.de\\\/#website\"},\"primaryImageOfPage\":{\"@id\":\"https:\\\/\\\/aktuelles.uni-frankfurt.de\\\/gesellschaft\\\/neuer-band-gruender-goenner-und-gelehrte-erschienen\\\/#primaryimage\"},\"image\":{\"@id\":\"https:\\\/\\\/aktuelles.uni-frankfurt.de\\\/gesellschaft\\\/neuer-band-gruender-goenner-und-gelehrte-erschienen\\\/#primaryimage\"},\"thumbnailUrl\":\"https:\\\/\\\/aktuelles.uni-frankfurt.de\\\/wp-content\\\/uploads\\\/2016\\\/12\\\/beitragsbild_kaschnitz-weinberg_buch.jpg\",\"datePublished\":\"2016-12-09T15:52:40+00:00\",\"dateModified\":\"2016-12-09T17:07:42+00:00\",\"breadcrumb\":{\"@id\":\"https:\\\/\\\/aktuelles.uni-frankfurt.de\\\/gesellschaft\\\/neuer-band-gruender-goenner-und-gelehrte-erschienen\\\/#breadcrumb\"},\"inLanguage\":\"en-GB\",\"potentialAction\":[{\"@type\":\"ReadAction\",\"target\":[\"https:\\\/\\\/aktuelles.uni-frankfurt.de\\\/gesellschaft\\\/neuer-band-gruender-goenner-und-gelehrte-erschienen\\\/\"]}]},{\"@type\":\"ImageObject\",\"inLanguage\":\"en-GB\",\"@id\":\"https:\\\/\\\/aktuelles.uni-frankfurt.de\\\/gesellschaft\\\/neuer-band-gruender-goenner-und-gelehrte-erschienen\\\/#primaryimage\",\"url\":\"https:\\\/\\\/aktuelles.uni-frankfurt.de\\\/wp-content\\\/uploads\\\/2016\\\/12\\\/beitragsbild_kaschnitz-weinberg_buch.jpg\",\"contentUrl\":\"https:\\\/\\\/aktuelles.uni-frankfurt.de\\\/wp-content\\\/uploads\\\/2016\\\/12\\\/beitragsbild_kaschnitz-weinberg_buch.jpg\",\"width\":650,\"height\":450},{\"@type\":\"BreadcrumbList\",\"@id\":\"https:\\\/\\\/aktuelles.uni-frankfurt.de\\\/gesellschaft\\\/neuer-band-gruender-goenner-und-gelehrte-erschienen\\\/#breadcrumb\",\"itemListElement\":[{\"@type\":\"ListItem\",\"position\":1,\"name\":\"Startseite\",\"item\":\"https:\\\/\\\/aktuelles.uni-frankfurt.de\\\/\"},{\"@type\":\"ListItem\",\"position\":2,\"name\":\"Neuer Band &#8220;Gr\u00fcnder, G\u00f6nner und Gelehrte&#8221; erschienen\"}]},{\"@type\":\"WebSite\",\"@id\":\"https:\\\/\\\/aktuelles.uni-frankfurt.de\\\/#website\",\"url\":\"https:\\\/\\\/aktuelles.uni-frankfurt.de\\\/\",\"name\":\"Aktuelles aus der Goethe-Universit\u00e4t Frankfurt\",\"description\":\"Aktuelles aus der Goethe-Universit\u00e4t | Neues aus Forschung, Lehre, Studium\",\"publisher\":{\"@id\":\"https:\\\/\\\/aktuelles.uni-frankfurt.de\\\/#organization\"},\"potentialAction\":[{\"@type\":\"SearchAction\",\"target\":{\"@type\":\"EntryPoint\",\"urlTemplate\":\"https:\\\/\\\/aktuelles.uni-frankfurt.de\\\/?s={search_term_string}\"},\"query-input\":{\"@type\":\"PropertyValueSpecification\",\"valueRequired\":true,\"valueName\":\"search_term_string\"}}],\"inLanguage\":\"en-GB\"},{\"@type\":\"Organization\",\"@id\":\"https:\\\/\\\/aktuelles.uni-frankfurt.de\\\/#organization\",\"name\":\"Goethe-Universit\u00e4t\",\"url\":\"https:\\\/\\\/aktuelles.uni-frankfurt.de\\\/\",\"logo\":{\"@type\":\"ImageObject\",\"inLanguage\":\"en-GB\",\"@id\":\"https:\\\/\\\/aktuelles.uni-frankfurt.de\\\/#\\\/schema\\\/logo\\\/image\\\/\",\"url\":\"https:\\\/\\\/aktuelles.uni-frankfurt.de\\\/wp-content\\\/uploads\\\/2022\\\/03\\\/800px-Goethe-Logo.png\",\"contentUrl\":\"https:\\\/\\\/aktuelles.uni-frankfurt.de\\\/wp-content\\\/uploads\\\/2022\\\/03\\\/800px-Goethe-Logo.png\",\"width\":800,\"height\":436,\"caption\":\"Goethe-Universit\u00e4t\"},\"image\":{\"@id\":\"https:\\\/\\\/aktuelles.uni-frankfurt.de\\\/#\\\/schema\\\/logo\\\/image\\\/\"}},{\"@type\":\"Person\",\"@id\":\"https:\\\/\\\/aktuelles.uni-frankfurt.de\\\/#\\\/schema\\\/person\\\/8e55ea338fb65d1ce87a91565d1f1739\",\"name\":\"-\",\"description\":\"Dieser Beitrag wurde von der Online-Redaktion ver\u00f6ffentlicht. Wenn der Beitrag von einem Gastautoren verfasst wurde, findet sich dieser Hinweis am Ende des jeweiligen Artikels.\",\"sameAs\":[\"http:\\\/\\\/aktuelles.uni-frankfurt.de\\\/autoren\"],\"url\":\"https:\\\/\\\/aktuelles.uni-frankfurt.de\\\/en\\\/author\\\/redaktion\\\/\"}]}<\/script>\n<!-- \/ Yoast SEO plugin. -->","yoast_head_json":{"title":"Neuer Band \"Gr\u00fcnder, G\u00f6nner und Gelehrte\" erschienen | Aktuelles aus der Goethe-Universit\u00e4t Frankfurt","robots":{"index":"index","follow":"follow","max-snippet":"max-snippet:-1","max-image-preview":"max-image-preview:large","max-video-preview":"max-video-preview:-1"},"canonical":"https:\/\/aktuelles.uni-frankfurt.de\/en\/gesellschaft\/neuer-band-gruender-goenner-und-gelehrte-erschienen\/","og_locale":"en_GB","og_type":"article","og_title":"Neuer Band \"Gr\u00fcnder, G\u00f6nner und Gelehrte\" erschienen | Aktuelles aus der Goethe-Universit\u00e4t Frankfurt","og_description":"In der Biographienreihe der Goethe-Universit\u00e4t \u201eGr\u00fcnder, G\u00f6nner und Gelehrte\u201c ist jetzt der 15. Band erschienen: \u201eGuido von Kaschnitz-Weinberg \u2013 Gelehrter zwischen Arch\u00e4ologie und Politik\u201c. Der Arch\u00e4ologe Prof. Dr. Wulf Raeck [&hellip;]","og_url":"https:\/\/aktuelles.uni-frankfurt.de\/en\/gesellschaft\/neuer-band-gruender-goenner-und-gelehrte-erschienen\/","og_site_name":"Aktuelles aus der Goethe-Universit\u00e4t Frankfurt","article_published_time":"2016-12-09T15:52:40+00:00","article_modified_time":"2016-12-09T17:07:42+00:00","og_image":[{"width":650,"height":450,"url":"https:\/\/aktuelles.uni-frankfurt.de\/wp-content\/uploads\/2016\/12\/beitragsbild_kaschnitz-weinberg_buch.jpg","type":"image\/jpeg"}],"author":"-","twitter_card":"summary_large_image","twitter_misc":{"Written by":"-","Estimated reading time":"5 minutes"},"schema":{"@context":"https:\/\/schema.org","@graph":[{"@type":"Article","@id":"https:\/\/aktuelles.uni-frankfurt.de\/gesellschaft\/neuer-band-gruender-goenner-und-gelehrte-erschienen\/#article","isPartOf":{"@id":"https:\/\/aktuelles.uni-frankfurt.de\/gesellschaft\/neuer-band-gruender-goenner-und-gelehrte-erschienen\/"},"author":{"name":"-","@id":"https:\/\/aktuelles.uni-frankfurt.de\/#\/schema\/person\/8e55ea338fb65d1ce87a91565d1f1739"},"headline":"Neuer Band &#8222;Gr\u00fcnder, G\u00f6nner und Gelehrte&#8220; erschienen","datePublished":"2016-12-09T15:52:40+00:00","dateModified":"2016-12-09T17:07:42+00:00","mainEntityOfPage":{"@id":"https:\/\/aktuelles.uni-frankfurt.de\/gesellschaft\/neuer-band-gruender-goenner-und-gelehrte-erschienen\/"},"wordCount":1056,"publisher":{"@id":"https:\/\/aktuelles.uni-frankfurt.de\/#organization"},"image":{"@id":"https:\/\/aktuelles.uni-frankfurt.de\/gesellschaft\/neuer-band-gruender-goenner-und-gelehrte-erschienen\/#primaryimage"},"thumbnailUrl":"https:\/\/aktuelles.uni-frankfurt.de\/wp-content\/uploads\/2016\/12\/beitragsbild_kaschnitz-weinberg_buch.jpg","keywords":["B\u00fccher"],"articleSection":["Gesellschaft"],"inLanguage":"en-GB"},{"@type":"WebPage","@id":"https:\/\/aktuelles.uni-frankfurt.de\/gesellschaft\/neuer-band-gruender-goenner-und-gelehrte-erschienen\/","url":"https:\/\/aktuelles.uni-frankfurt.de\/gesellschaft\/neuer-band-gruender-goenner-und-gelehrte-erschienen\/","name":"Neuer Band \"Gr\u00fcnder, G\u00f6nner und Gelehrte\" erschienen | Aktuelles aus der Goethe-Universit\u00e4t Frankfurt","isPartOf":{"@id":"https:\/\/aktuelles.uni-frankfurt.de\/#website"},"primaryImageOfPage":{"@id":"https:\/\/aktuelles.uni-frankfurt.de\/gesellschaft\/neuer-band-gruender-goenner-und-gelehrte-erschienen\/#primaryimage"},"image":{"@id":"https:\/\/aktuelles.uni-frankfurt.de\/gesellschaft\/neuer-band-gruender-goenner-und-gelehrte-erschienen\/#primaryimage"},"thumbnailUrl":"https:\/\/aktuelles.uni-frankfurt.de\/wp-content\/uploads\/2016\/12\/beitragsbild_kaschnitz-weinberg_buch.jpg","datePublished":"2016-12-09T15:52:40+00:00","dateModified":"2016-12-09T17:07:42+00:00","breadcrumb":{"@id":"https:\/\/aktuelles.uni-frankfurt.de\/gesellschaft\/neuer-band-gruender-goenner-und-gelehrte-erschienen\/#breadcrumb"},"inLanguage":"en-GB","potentialAction":[{"@type":"ReadAction","target":["https:\/\/aktuelles.uni-frankfurt.de\/gesellschaft\/neuer-band-gruender-goenner-und-gelehrte-erschienen\/"]}]},{"@type":"ImageObject","inLanguage":"en-GB","@id":"https:\/\/aktuelles.uni-frankfurt.de\/gesellschaft\/neuer-band-gruender-goenner-und-gelehrte-erschienen\/#primaryimage","url":"https:\/\/aktuelles.uni-frankfurt.de\/wp-content\/uploads\/2016\/12\/beitragsbild_kaschnitz-weinberg_buch.jpg","contentUrl":"https:\/\/aktuelles.uni-frankfurt.de\/wp-content\/uploads\/2016\/12\/beitragsbild_kaschnitz-weinberg_buch.jpg","width":650,"height":450},{"@type":"BreadcrumbList","@id":"https:\/\/aktuelles.uni-frankfurt.de\/gesellschaft\/neuer-band-gruender-goenner-und-gelehrte-erschienen\/#breadcrumb","itemListElement":[{"@type":"ListItem","position":1,"name":"Startseite","item":"https:\/\/aktuelles.uni-frankfurt.de\/"},{"@type":"ListItem","position":2,"name":"Neuer Band &#8220;Gr\u00fcnder, G\u00f6nner und Gelehrte&#8221; erschienen"}]},{"@type":"WebSite","@id":"https:\/\/aktuelles.uni-frankfurt.de\/#website","url":"https:\/\/aktuelles.uni-frankfurt.de\/","name":"Aktuelles aus der Goethe-Universit\u00e4t Frankfurt","description":"Aktuelles aus der Goethe-Universit\u00e4t | Neues aus Forschung, Lehre, Studium","publisher":{"@id":"https:\/\/aktuelles.uni-frankfurt.de\/#organization"},"potentialAction":[{"@type":"SearchAction","target":{"@type":"EntryPoint","urlTemplate":"https:\/\/aktuelles.uni-frankfurt.de\/?s={search_term_string}"},"query-input":{"@type":"PropertyValueSpecification","valueRequired":true,"valueName":"search_term_string"}}],"inLanguage":"en-GB"},{"@type":"Organization","@id":"https:\/\/aktuelles.uni-frankfurt.de\/#organization","name":"Goethe University Frankfurt","url":"https:\/\/aktuelles.uni-frankfurt.de\/","logo":{"@type":"ImageObject","inLanguage":"en-GB","@id":"https:\/\/aktuelles.uni-frankfurt.de\/#\/schema\/logo\/image\/","url":"https:\/\/aktuelles.uni-frankfurt.de\/wp-content\/uploads\/2022\/03\/800px-Goethe-Logo.png","contentUrl":"https:\/\/aktuelles.uni-frankfurt.de\/wp-content\/uploads\/2022\/03\/800px-Goethe-Logo.png","width":800,"height":436,"caption":"Goethe-Universit\u00e4t"},"image":{"@id":"https:\/\/aktuelles.uni-frankfurt.de\/#\/schema\/logo\/image\/"}},{"@type":"Person","@id":"https:\/\/aktuelles.uni-frankfurt.de\/#\/schema\/person\/8e55ea338fb65d1ce87a91565d1f1739","name":"-","description":"Dieser Beitrag wurde von der Online-Redaktion ver\u00f6ffentlicht. Wenn der Beitrag von einem Gastautoren verfasst wurde, findet sich dieser Hinweis am Ende des jeweiligen Artikels.","sameAs":["http:\/\/aktuelles.uni-frankfurt.de\/autoren"],"url":"https:\/\/aktuelles.uni-frankfurt.de\/en\/author\/redaktion\/"}]}},"_links":{"self":[{"href":"https:\/\/aktuelles.uni-frankfurt.de\/en\/wp-json\/wp\/v2\/posts\/11434","targetHints":{"allow":["GET"]}}],"collection":[{"href":"https:\/\/aktuelles.uni-frankfurt.de\/en\/wp-json\/wp\/v2\/posts"}],"about":[{"href":"https:\/\/aktuelles.uni-frankfurt.de\/en\/wp-json\/wp\/v2\/types\/post"}],"author":[{"embeddable":true,"href":"https:\/\/aktuelles.uni-frankfurt.de\/en\/wp-json\/wp\/v2\/users\/8"}],"replies":[{"embeddable":true,"href":"https:\/\/aktuelles.uni-frankfurt.de\/en\/wp-json\/wp\/v2\/comments?post=11434"}],"version-history":[{"count":0,"href":"https:\/\/aktuelles.uni-frankfurt.de\/en\/wp-json\/wp\/v2\/posts\/11434\/revisions"}],"wp:featuredmedia":[{"embeddable":true,"href":"https:\/\/aktuelles.uni-frankfurt.de\/en\/wp-json\/wp\/v2\/media\/11446"}],"wp:attachment":[{"href":"https:\/\/aktuelles.uni-frankfurt.de\/en\/wp-json\/wp\/v2\/media?parent=11434"}],"wp:term":[{"taxonomy":"category","embeddable":true,"href":"https:\/\/aktuelles.uni-frankfurt.de\/en\/wp-json\/wp\/v2\/categories?post=11434"},{"taxonomy":"post_tag","embeddable":true,"href":"https:\/\/aktuelles.uni-frankfurt.de\/en\/wp-json\/wp\/v2\/tags?post=11434"},{"taxonomy":"post_folder","embeddable":true,"href":"https:\/\/aktuelles.uni-frankfurt.de\/en\/wp-json\/wp\/v2\/post_folder?post=11434"}],"curies":[{"name":"wp","href":"https:\/\/api.w.org\/{rel}","templated":true}]}}