{"id":12073,"date":"2017-01-05T14:46:38","date_gmt":"2017-01-05T13:46:38","guid":{"rendered":"http:\/\/aktuelles.uni-frankfurt.de\/?p=12073"},"modified":"2017-01-06T10:34:28","modified_gmt":"2017-01-06T09:34:28","slug":"9-1-oekosystemleistungen-zwischen-bewertung-und-inwertsetzung-von-natur","status":"publish","type":"post","link":"https:\/\/aktuelles.uni-frankfurt.de\/en\/veranstaltungen\/9-1-oekosystemleistungen-zwischen-bewertung-und-inwertsetzung-von-natur\/","title":{"rendered":"9.1. \/ \u00d6kosystemleistungen \u2013 Zwischen Bewertung und Inwertsetzung von Natur"},"content":{"rendered":"<p><em><a href=\"http:\/\/www.normativeorders.net\/de\/component\/content\/article\/69-veranstaltungen\/5051-ringvorlesung-wert-der-natur\" target=\"_blank\"><img fetchpriority=\"high\" decoding=\"async\" class=\"alignleft\" src=\"http:\/\/www.normativeorders.net\/media\/images\/Plakate\/2016_Vortragsreihe_Wert_der_Natur.jpg\" width=\"300\" height=\"424\" \/><\/a><\/em><em>Am kommenden Montag (9.1.) findet der dritte Termin der gemeinsamen Ringvorlesung des ISOE (Institut f\u00fcr sozial-\u00f6kologische Forschung, des Exzellenzclusters \u201eDie Herausbildung normativer Ordnungen\u201c) und der Senckenberg Gesellschaft f\u00fcr Naturforschung statt.<\/em><\/p>\n<p>9. Januar 2017 | 18 Uhr | Prof. Dr. Christoph G\u00f6rg | Universit\u00e4t Klagenfurt, Institut f\u00fcr Soziale \u00d6kologie Wien | \u00d6KOSYSTEMLEISTUNGEN \u2013 ZWISCHEN BEWERTUNG UND INWERTSETZUNG VON NATUR<\/p>\n<p>In den Umweltwissenschaften werden die verschiedensten Prozesse und Entwicklungen bewertet \u2013 von Umweltauswirkungen einzelner Infrastrukturprojekte bis zu den Folgen des Klimawandels f\u00fcr die Biodiversit\u00e4t. Zunehmend werden hier interdisziplin\u00e4re bzw. integrierte Ans\u00e4tze verwendet, in denen \u00f6kologische, \u00f6konomische und soziale Auswirkungen im Zusammenhang erfasst werden. Das Konzept der \u00d6kosystemleistungen erfasst die zahlreichen Leistungen, die \u00d6kosysteme f\u00fcr die Menschen erbringen. Der Vortrag zeigt einerseits die Potentiale auf, die dieses Konzept f\u00fcr eine integrierte Umweltund Nachhaltigkeitsforschung hat; andererseits verdeutlicht er auch die Gefahren, die eine Reduktion der \u00d6kosystemleistungen auf eine \u00f6konomische Bewertung mit sich bringt.<\/p>\n<p><em>Christoph G\u00f6rg, Politikwissenschaftler mit dem Schwerpunkt Umweltforschung, ist Professor f\u00fcr Sozial- und Human\u00f6kologie an der Universit\u00e4t Klagenfurt. Ihn interessiert besonders das Wechselspiel zwischen Umwelt- und Sozialproblemen, Klima, Ressourcen und \u00f6kologischen Folgen.<\/em><\/p>\n<p>[dt_call_to_action content_size=&#8220;normal&#8220; background=&#8220;fancy&#8220; line=&#8220;true&#8220; style=&#8220;1&#8243; animation=&#8220;fadeIn&#8220;]<\/p>\n<p><strong>Veranstaltungsort<\/strong><br \/>\nH\u00f6rsaal des Senckenberg Biodiversit\u00e4t und Klima Forschungszentrums<br \/>\nGeorg-Voigt-Strasse 14<br \/>\n60325 Frankfurt am Main<\/p>\n<p>Der Eintritt zu den Vortr\u00e4gen ist frei.<\/p>\n<p><strong>Weitere Infos<\/strong> zur Ringvorlesung gibt es <a href=\"https:\/\/aktuelles.uni-frankfurt.de\/veranstaltungen\/ab-1-dezember-ringvorlesung-der-wert-der-natur\/\">hier im Webmagazin \u00bb<\/a><\/p>\n<p>[\/dt_call_to_action]<\/p>\n","protected":false},"excerpt":{"rendered":"<p>Am kommenden Montag (9.1.) findet der dritte Termin der gemeinsamen Ringvorlesung des ISOE (Institut f\u00fcr sozial-\u00f6kologische Forschung, des Exzellenzclusters \u201eDie Herausbildung normativer Ordnungen\u201c) und der Senckenberg Gesellschaft f\u00fcr Naturforschung statt. [&hellip;]<\/p>\n","protected":false},"author":8,"featured_media":10863,"comment_status":"closed","ping_status":"closed","sticky":false,"template":"","format":"standard","meta":{"_eb_attr":"","_price":"","_stock":"","_tribe_ticket_header":"","_tribe_default_ticket_provider":"","_ticket_start_date":"","_ticket_end_date":"","_tribe_ticket_show_description":"","_tribe_ticket_show_not_going":false,"_tribe_ticket_use_global_stock":"","_tribe_ticket_global_stock_level":"","_global_stock_mode":"","_global_stock_cap":"","_tribe_rsvp_for_event":"","_tribe_ticket_going_count":"","_tribe_ticket_not_going_count":"","_tribe_tickets_list":"[]","_tribe_ticket_has_attendee_info_fields":false,"footnotes":""},"categories":[12],"tags":[81],"post_folder":[],"class_list":["post-12073","post","type-post","status-publish","format-standard","has-post-thumbnail","hentry","category-veranstaltungen","tag-exzellenzcluster"],"yoast_head":"<!-- This site is optimized with the Yoast SEO plugin v27.5 - https:\/\/yoast.com\/product\/yoast-seo-wordpress\/ -->\n<title>9.1. \/ \u00d6kosystemleistungen \u2013 Zwischen Bewertung und Inwertsetzung von Natur | Aktuelles aus der Goethe-Universit\u00e4t Frankfurt<\/title>\n<meta name=\"robots\" content=\"index, follow, max-snippet:-1, max-image-preview:large, max-video-preview:-1\" \/>\n<link rel=\"canonical\" href=\"https:\/\/aktuelles.uni-frankfurt.de\/en\/veranstaltungen\/9-1-oekosystemleistungen-zwischen-bewertung-und-inwertsetzung-von-natur\/\" \/>\n<meta property=\"og:locale\" content=\"en_GB\" \/>\n<meta property=\"og:type\" content=\"article\" \/>\n<meta property=\"og:title\" content=\"9.1. \/ \u00d6kosystemleistungen \u2013 Zwischen Bewertung und Inwertsetzung von Natur | Aktuelles aus der Goethe-Universit\u00e4t Frankfurt\" \/>\n<meta property=\"og:description\" content=\"Am kommenden Montag (9.1.) findet der dritte Termin der gemeinsamen Ringvorlesung des ISOE (Institut f\u00fcr sozial-\u00f6kologische Forschung, des Exzellenzclusters \u201eDie Herausbildung normativer Ordnungen\u201c) und der Senckenberg Gesellschaft f\u00fcr Naturforschung statt. [&hellip;]\" \/>\n<meta property=\"og:url\" content=\"https:\/\/aktuelles.uni-frankfurt.de\/en\/veranstaltungen\/9-1-oekosystemleistungen-zwischen-bewertung-und-inwertsetzung-von-natur\/\" \/>\n<meta property=\"og:site_name\" content=\"Aktuelles aus der Goethe-Universit\u00e4t Frankfurt\" \/>\n<meta property=\"article:published_time\" content=\"2017-01-05T13:46:38+00:00\" \/>\n<meta property=\"article:modified_time\" content=\"2017-01-06T09:34:28+00:00\" \/>\n<meta property=\"og:image\" content=\"https:\/\/aktuelles.uni-frankfurt.de\/wp-content\/uploads\/2016\/11\/beitragsbild_Vortragsreihe_Wert_der_Natur.jpg\" \/>\n\t<meta property=\"og:image:width\" content=\"650\" \/>\n\t<meta property=\"og:image:height\" content=\"450\" \/>\n\t<meta property=\"og:image:type\" content=\"image\/jpeg\" \/>\n<meta name=\"author\" content=\"-\" \/>\n<meta name=\"twitter:card\" content=\"summary_large_image\" \/>\n<meta name=\"twitter:label1\" content=\"Written by\" \/>\n\t<meta name=\"twitter:data1\" content=\"-\" \/>\n\t<meta name=\"twitter:label2\" content=\"Estimated reading time\" \/>\n\t<meta name=\"twitter:data2\" content=\"1 minute\" \/>\n<script type=\"application\/ld+json\" class=\"yoast-schema-graph\">{\"@context\":\"https:\\\/\\\/schema.org\",\"@graph\":[{\"@type\":\"Article\",\"@id\":\"https:\\\/\\\/aktuelles.uni-frankfurt.de\\\/veranstaltungen\\\/9-1-oekosystemleistungen-zwischen-bewertung-und-inwertsetzung-von-natur\\\/#article\",\"isPartOf\":{\"@id\":\"https:\\\/\\\/aktuelles.uni-frankfurt.de\\\/veranstaltungen\\\/9-1-oekosystemleistungen-zwischen-bewertung-und-inwertsetzung-von-natur\\\/\"},\"author\":{\"name\":\"-\",\"@id\":\"https:\\\/\\\/aktuelles.uni-frankfurt.de\\\/#\\\/schema\\\/person\\\/8e55ea338fb65d1ce87a91565d1f1739\"},\"headline\":\"9.1. \\\/ \u00d6kosystemleistungen \u2013 Zwischen Bewertung und Inwertsetzung von Natur\",\"datePublished\":\"2017-01-05T13:46:38+00:00\",\"dateModified\":\"2017-01-06T09:34:28+00:00\",\"mainEntityOfPage\":{\"@id\":\"https:\\\/\\\/aktuelles.uni-frankfurt.de\\\/veranstaltungen\\\/9-1-oekosystemleistungen-zwischen-bewertung-und-inwertsetzung-von-natur\\\/\"},\"wordCount\":242,\"publisher\":{\"@id\":\"https:\\\/\\\/aktuelles.uni-frankfurt.de\\\/#organization\"},\"image\":{\"@id\":\"https:\\\/\\\/aktuelles.uni-frankfurt.de\\\/veranstaltungen\\\/9-1-oekosystemleistungen-zwischen-bewertung-und-inwertsetzung-von-natur\\\/#primaryimage\"},\"thumbnailUrl\":\"https:\\\/\\\/aktuelles.uni-frankfurt.de\\\/wp-content\\\/uploads\\\/2016\\\/11\\\/beitragsbild_Vortragsreihe_Wert_der_Natur.jpg\",\"keywords\":[\"Exzellenzcluster\"],\"articleSection\":[\"Veranstaltungen\"],\"inLanguage\":\"en-GB\"},{\"@type\":\"WebPage\",\"@id\":\"https:\\\/\\\/aktuelles.uni-frankfurt.de\\\/veranstaltungen\\\/9-1-oekosystemleistungen-zwischen-bewertung-und-inwertsetzung-von-natur\\\/\",\"url\":\"https:\\\/\\\/aktuelles.uni-frankfurt.de\\\/veranstaltungen\\\/9-1-oekosystemleistungen-zwischen-bewertung-und-inwertsetzung-von-natur\\\/\",\"name\":\"9.1. \\\/ \u00d6kosystemleistungen \u2013 Zwischen Bewertung und Inwertsetzung von Natur | Aktuelles aus der Goethe-Universit\u00e4t Frankfurt\",\"isPartOf\":{\"@id\":\"https:\\\/\\\/aktuelles.uni-frankfurt.de\\\/#website\"},\"primaryImageOfPage\":{\"@id\":\"https:\\\/\\\/aktuelles.uni-frankfurt.de\\\/veranstaltungen\\\/9-1-oekosystemleistungen-zwischen-bewertung-und-inwertsetzung-von-natur\\\/#primaryimage\"},\"image\":{\"@id\":\"https:\\\/\\\/aktuelles.uni-frankfurt.de\\\/veranstaltungen\\\/9-1-oekosystemleistungen-zwischen-bewertung-und-inwertsetzung-von-natur\\\/#primaryimage\"},\"thumbnailUrl\":\"https:\\\/\\\/aktuelles.uni-frankfurt.de\\\/wp-content\\\/uploads\\\/2016\\\/11\\\/beitragsbild_Vortragsreihe_Wert_der_Natur.jpg\",\"datePublished\":\"2017-01-05T13:46:38+00:00\",\"dateModified\":\"2017-01-06T09:34:28+00:00\",\"breadcrumb\":{\"@id\":\"https:\\\/\\\/aktuelles.uni-frankfurt.de\\\/veranstaltungen\\\/9-1-oekosystemleistungen-zwischen-bewertung-und-inwertsetzung-von-natur\\\/#breadcrumb\"},\"inLanguage\":\"en-GB\",\"potentialAction\":[{\"@type\":\"ReadAction\",\"target\":[\"https:\\\/\\\/aktuelles.uni-frankfurt.de\\\/veranstaltungen\\\/9-1-oekosystemleistungen-zwischen-bewertung-und-inwertsetzung-von-natur\\\/\"]}]},{\"@type\":\"ImageObject\",\"inLanguage\":\"en-GB\",\"@id\":\"https:\\\/\\\/aktuelles.uni-frankfurt.de\\\/veranstaltungen\\\/9-1-oekosystemleistungen-zwischen-bewertung-und-inwertsetzung-von-natur\\\/#primaryimage\",\"url\":\"https:\\\/\\\/aktuelles.uni-frankfurt.de\\\/wp-content\\\/uploads\\\/2016\\\/11\\\/beitragsbild_Vortragsreihe_Wert_der_Natur.jpg\",\"contentUrl\":\"https:\\\/\\\/aktuelles.uni-frankfurt.de\\\/wp-content\\\/uploads\\\/2016\\\/11\\\/beitragsbild_Vortragsreihe_Wert_der_Natur.jpg\",\"width\":650,\"height\":450},{\"@type\":\"BreadcrumbList\",\"@id\":\"https:\\\/\\\/aktuelles.uni-frankfurt.de\\\/veranstaltungen\\\/9-1-oekosystemleistungen-zwischen-bewertung-und-inwertsetzung-von-natur\\\/#breadcrumb\",\"itemListElement\":[{\"@type\":\"ListItem\",\"position\":1,\"name\":\"Startseite\",\"item\":\"https:\\\/\\\/aktuelles.uni-frankfurt.de\\\/\"},{\"@type\":\"ListItem\",\"position\":2,\"name\":\"9.1. \\\/ \u00d6kosystemleistungen \u2013 Zwischen Bewertung und Inwertsetzung von Natur\"}]},{\"@type\":\"WebSite\",\"@id\":\"https:\\\/\\\/aktuelles.uni-frankfurt.de\\\/#website\",\"url\":\"https:\\\/\\\/aktuelles.uni-frankfurt.de\\\/\",\"name\":\"Aktuelles aus der Goethe-Universit\u00e4t Frankfurt\",\"description\":\"Aktuelles aus der Goethe-Universit\u00e4t | Neues aus Forschung, Lehre, Studium\",\"publisher\":{\"@id\":\"https:\\\/\\\/aktuelles.uni-frankfurt.de\\\/#organization\"},\"potentialAction\":[{\"@type\":\"SearchAction\",\"target\":{\"@type\":\"EntryPoint\",\"urlTemplate\":\"https:\\\/\\\/aktuelles.uni-frankfurt.de\\\/?s={search_term_string}\"},\"query-input\":{\"@type\":\"PropertyValueSpecification\",\"valueRequired\":true,\"valueName\":\"search_term_string\"}}],\"inLanguage\":\"en-GB\"},{\"@type\":\"Organization\",\"@id\":\"https:\\\/\\\/aktuelles.uni-frankfurt.de\\\/#organization\",\"name\":\"Goethe-Universit\u00e4t\",\"url\":\"https:\\\/\\\/aktuelles.uni-frankfurt.de\\\/\",\"logo\":{\"@type\":\"ImageObject\",\"inLanguage\":\"en-GB\",\"@id\":\"https:\\\/\\\/aktuelles.uni-frankfurt.de\\\/#\\\/schema\\\/logo\\\/image\\\/\",\"url\":\"https:\\\/\\\/aktuelles.uni-frankfurt.de\\\/wp-content\\\/uploads\\\/2022\\\/03\\\/800px-Goethe-Logo.png\",\"contentUrl\":\"https:\\\/\\\/aktuelles.uni-frankfurt.de\\\/wp-content\\\/uploads\\\/2022\\\/03\\\/800px-Goethe-Logo.png\",\"width\":800,\"height\":436,\"caption\":\"Goethe-Universit\u00e4t\"},\"image\":{\"@id\":\"https:\\\/\\\/aktuelles.uni-frankfurt.de\\\/#\\\/schema\\\/logo\\\/image\\\/\"}},{\"@type\":\"Person\",\"@id\":\"https:\\\/\\\/aktuelles.uni-frankfurt.de\\\/#\\\/schema\\\/person\\\/8e55ea338fb65d1ce87a91565d1f1739\",\"name\":\"-\",\"description\":\"Dieser Beitrag wurde von der Online-Redaktion ver\u00f6ffentlicht. Wenn der Beitrag von einem Gastautoren verfasst wurde, findet sich dieser Hinweis am Ende des jeweiligen Artikels.\",\"sameAs\":[\"http:\\\/\\\/aktuelles.uni-frankfurt.de\\\/autoren\"],\"url\":\"https:\\\/\\\/aktuelles.uni-frankfurt.de\\\/en\\\/author\\\/redaktion\\\/\"}]}<\/script>\n<!-- \/ Yoast SEO plugin. -->","yoast_head_json":{"title":"9.1. \/ \u00d6kosystemleistungen \u2013 Zwischen Bewertung und Inwertsetzung von Natur | Aktuelles aus der Goethe-Universit\u00e4t Frankfurt","robots":{"index":"index","follow":"follow","max-snippet":"max-snippet:-1","max-image-preview":"max-image-preview:large","max-video-preview":"max-video-preview:-1"},"canonical":"https:\/\/aktuelles.uni-frankfurt.de\/en\/veranstaltungen\/9-1-oekosystemleistungen-zwischen-bewertung-und-inwertsetzung-von-natur\/","og_locale":"en_GB","og_type":"article","og_title":"9.1. \/ \u00d6kosystemleistungen \u2013 Zwischen Bewertung und Inwertsetzung von Natur | Aktuelles aus der Goethe-Universit\u00e4t Frankfurt","og_description":"Am kommenden Montag (9.1.) findet der dritte Termin der gemeinsamen Ringvorlesung des ISOE (Institut f\u00fcr sozial-\u00f6kologische Forschung, des Exzellenzclusters \u201eDie Herausbildung normativer Ordnungen\u201c) und der Senckenberg Gesellschaft f\u00fcr Naturforschung statt. [&hellip;]","og_url":"https:\/\/aktuelles.uni-frankfurt.de\/en\/veranstaltungen\/9-1-oekosystemleistungen-zwischen-bewertung-und-inwertsetzung-von-natur\/","og_site_name":"Aktuelles aus der Goethe-Universit\u00e4t Frankfurt","article_published_time":"2017-01-05T13:46:38+00:00","article_modified_time":"2017-01-06T09:34:28+00:00","og_image":[{"width":650,"height":450,"url":"https:\/\/aktuelles.uni-frankfurt.de\/wp-content\/uploads\/2016\/11\/beitragsbild_Vortragsreihe_Wert_der_Natur.jpg","type":"image\/jpeg"}],"author":"-","twitter_card":"summary_large_image","twitter_misc":{"Written by":"-","Estimated reading time":"1 minute"},"schema":{"@context":"https:\/\/schema.org","@graph":[{"@type":"Article","@id":"https:\/\/aktuelles.uni-frankfurt.de\/veranstaltungen\/9-1-oekosystemleistungen-zwischen-bewertung-und-inwertsetzung-von-natur\/#article","isPartOf":{"@id":"https:\/\/aktuelles.uni-frankfurt.de\/veranstaltungen\/9-1-oekosystemleistungen-zwischen-bewertung-und-inwertsetzung-von-natur\/"},"author":{"name":"-","@id":"https:\/\/aktuelles.uni-frankfurt.de\/#\/schema\/person\/8e55ea338fb65d1ce87a91565d1f1739"},"headline":"9.1. \/ \u00d6kosystemleistungen \u2013 Zwischen Bewertung und Inwertsetzung von Natur","datePublished":"2017-01-05T13:46:38+00:00","dateModified":"2017-01-06T09:34:28+00:00","mainEntityOfPage":{"@id":"https:\/\/aktuelles.uni-frankfurt.de\/veranstaltungen\/9-1-oekosystemleistungen-zwischen-bewertung-und-inwertsetzung-von-natur\/"},"wordCount":242,"publisher":{"@id":"https:\/\/aktuelles.uni-frankfurt.de\/#organization"},"image":{"@id":"https:\/\/aktuelles.uni-frankfurt.de\/veranstaltungen\/9-1-oekosystemleistungen-zwischen-bewertung-und-inwertsetzung-von-natur\/#primaryimage"},"thumbnailUrl":"https:\/\/aktuelles.uni-frankfurt.de\/wp-content\/uploads\/2016\/11\/beitragsbild_Vortragsreihe_Wert_der_Natur.jpg","keywords":["Exzellenzcluster"],"articleSection":["Veranstaltungen"],"inLanguage":"en-GB"},{"@type":"WebPage","@id":"https:\/\/aktuelles.uni-frankfurt.de\/veranstaltungen\/9-1-oekosystemleistungen-zwischen-bewertung-und-inwertsetzung-von-natur\/","url":"https:\/\/aktuelles.uni-frankfurt.de\/veranstaltungen\/9-1-oekosystemleistungen-zwischen-bewertung-und-inwertsetzung-von-natur\/","name":"9.1. \/ \u00d6kosystemleistungen \u2013 Zwischen Bewertung und Inwertsetzung von Natur | Aktuelles aus der Goethe-Universit\u00e4t Frankfurt","isPartOf":{"@id":"https:\/\/aktuelles.uni-frankfurt.de\/#website"},"primaryImageOfPage":{"@id":"https:\/\/aktuelles.uni-frankfurt.de\/veranstaltungen\/9-1-oekosystemleistungen-zwischen-bewertung-und-inwertsetzung-von-natur\/#primaryimage"},"image":{"@id":"https:\/\/aktuelles.uni-frankfurt.de\/veranstaltungen\/9-1-oekosystemleistungen-zwischen-bewertung-und-inwertsetzung-von-natur\/#primaryimage"},"thumbnailUrl":"https:\/\/aktuelles.uni-frankfurt.de\/wp-content\/uploads\/2016\/11\/beitragsbild_Vortragsreihe_Wert_der_Natur.jpg","datePublished":"2017-01-05T13:46:38+00:00","dateModified":"2017-01-06T09:34:28+00:00","breadcrumb":{"@id":"https:\/\/aktuelles.uni-frankfurt.de\/veranstaltungen\/9-1-oekosystemleistungen-zwischen-bewertung-und-inwertsetzung-von-natur\/#breadcrumb"},"inLanguage":"en-GB","potentialAction":[{"@type":"ReadAction","target":["https:\/\/aktuelles.uni-frankfurt.de\/veranstaltungen\/9-1-oekosystemleistungen-zwischen-bewertung-und-inwertsetzung-von-natur\/"]}]},{"@type":"ImageObject","inLanguage":"en-GB","@id":"https:\/\/aktuelles.uni-frankfurt.de\/veranstaltungen\/9-1-oekosystemleistungen-zwischen-bewertung-und-inwertsetzung-von-natur\/#primaryimage","url":"https:\/\/aktuelles.uni-frankfurt.de\/wp-content\/uploads\/2016\/11\/beitragsbild_Vortragsreihe_Wert_der_Natur.jpg","contentUrl":"https:\/\/aktuelles.uni-frankfurt.de\/wp-content\/uploads\/2016\/11\/beitragsbild_Vortragsreihe_Wert_der_Natur.jpg","width":650,"height":450},{"@type":"BreadcrumbList","@id":"https:\/\/aktuelles.uni-frankfurt.de\/veranstaltungen\/9-1-oekosystemleistungen-zwischen-bewertung-und-inwertsetzung-von-natur\/#breadcrumb","itemListElement":[{"@type":"ListItem","position":1,"name":"Startseite","item":"https:\/\/aktuelles.uni-frankfurt.de\/"},{"@type":"ListItem","position":2,"name":"9.1. \/ \u00d6kosystemleistungen \u2013 Zwischen Bewertung und Inwertsetzung von Natur"}]},{"@type":"WebSite","@id":"https:\/\/aktuelles.uni-frankfurt.de\/#website","url":"https:\/\/aktuelles.uni-frankfurt.de\/","name":"Aktuelles aus der Goethe-Universit\u00e4t Frankfurt","description":"Aktuelles aus der Goethe-Universit\u00e4t | Neues aus Forschung, Lehre, Studium","publisher":{"@id":"https:\/\/aktuelles.uni-frankfurt.de\/#organization"},"potentialAction":[{"@type":"SearchAction","target":{"@type":"EntryPoint","urlTemplate":"https:\/\/aktuelles.uni-frankfurt.de\/?s={search_term_string}"},"query-input":{"@type":"PropertyValueSpecification","valueRequired":true,"valueName":"search_term_string"}}],"inLanguage":"en-GB"},{"@type":"Organization","@id":"https:\/\/aktuelles.uni-frankfurt.de\/#organization","name":"Goethe University Frankfurt","url":"https:\/\/aktuelles.uni-frankfurt.de\/","logo":{"@type":"ImageObject","inLanguage":"en-GB","@id":"https:\/\/aktuelles.uni-frankfurt.de\/#\/schema\/logo\/image\/","url":"https:\/\/aktuelles.uni-frankfurt.de\/wp-content\/uploads\/2022\/03\/800px-Goethe-Logo.png","contentUrl":"https:\/\/aktuelles.uni-frankfurt.de\/wp-content\/uploads\/2022\/03\/800px-Goethe-Logo.png","width":800,"height":436,"caption":"Goethe-Universit\u00e4t"},"image":{"@id":"https:\/\/aktuelles.uni-frankfurt.de\/#\/schema\/logo\/image\/"}},{"@type":"Person","@id":"https:\/\/aktuelles.uni-frankfurt.de\/#\/schema\/person\/8e55ea338fb65d1ce87a91565d1f1739","name":"-","description":"Dieser Beitrag wurde von der Online-Redaktion ver\u00f6ffentlicht. Wenn der Beitrag von einem Gastautoren verfasst wurde, findet sich dieser Hinweis am Ende des jeweiligen Artikels.","sameAs":["http:\/\/aktuelles.uni-frankfurt.de\/autoren"],"url":"https:\/\/aktuelles.uni-frankfurt.de\/en\/author\/redaktion\/"}]}},"_links":{"self":[{"href":"https:\/\/aktuelles.uni-frankfurt.de\/en\/wp-json\/wp\/v2\/posts\/12073","targetHints":{"allow":["GET"]}}],"collection":[{"href":"https:\/\/aktuelles.uni-frankfurt.de\/en\/wp-json\/wp\/v2\/posts"}],"about":[{"href":"https:\/\/aktuelles.uni-frankfurt.de\/en\/wp-json\/wp\/v2\/types\/post"}],"author":[{"embeddable":true,"href":"https:\/\/aktuelles.uni-frankfurt.de\/en\/wp-json\/wp\/v2\/users\/8"}],"replies":[{"embeddable":true,"href":"https:\/\/aktuelles.uni-frankfurt.de\/en\/wp-json\/wp\/v2\/comments?post=12073"}],"version-history":[{"count":0,"href":"https:\/\/aktuelles.uni-frankfurt.de\/en\/wp-json\/wp\/v2\/posts\/12073\/revisions"}],"wp:featuredmedia":[{"embeddable":true,"href":"https:\/\/aktuelles.uni-frankfurt.de\/en\/wp-json\/wp\/v2\/media\/10863"}],"wp:attachment":[{"href":"https:\/\/aktuelles.uni-frankfurt.de\/en\/wp-json\/wp\/v2\/media?parent=12073"}],"wp:term":[{"taxonomy":"category","embeddable":true,"href":"https:\/\/aktuelles.uni-frankfurt.de\/en\/wp-json\/wp\/v2\/categories?post=12073"},{"taxonomy":"post_tag","embeddable":true,"href":"https:\/\/aktuelles.uni-frankfurt.de\/en\/wp-json\/wp\/v2\/tags?post=12073"},{"taxonomy":"post_folder","embeddable":true,"href":"https:\/\/aktuelles.uni-frankfurt.de\/en\/wp-json\/wp\/v2\/post_folder?post=12073"}],"curies":[{"name":"wp","href":"https:\/\/api.w.org\/{rel}","templated":true}]}}