{"id":12085,"date":"2017-01-06T11:07:38","date_gmt":"2017-01-06T10:07:38","guid":{"rendered":"http:\/\/aktuelles.uni-frankfurt.de\/?p=12085"},"modified":"2017-01-06T11:08:03","modified_gmt":"2017-01-06T10:08:03","slug":"poetikvorlesungen-von-ulrike-draesner-starten-am-10-januar","status":"publish","type":"post","link":"https:\/\/aktuelles.uni-frankfurt.de\/en\/veranstaltungen\/poetikvorlesungen-von-ulrike-draesner-starten-am-10-januar\/","title":{"rendered":"Poetikvorlesungen von Ulrike Draesner starten am 10. Januar"},"content":{"rendered":"<figure id=\"attachment_11762\" aria-describedby=\"caption-attachment-11762\" style=\"width: 350px\" class=\"wp-caption alignleft\"><img fetchpriority=\"high\" decoding=\"async\" class=\"wp-image-11762\" src=\"https:\/\/aktuelles.uni-frankfurt.de\/wp-content\/uploads\/2016\/12\/blog_interview_Draesner.jpg\" alt=\"Ulrike Draesner; Foto: J\u00fcrgen Bauer\" width=\"350\" height=\"242\" srcset=\"https:\/\/aktuelles.uni-frankfurt.de\/wp-content\/uploads\/2016\/12\/blog_interview_Draesner.jpg 650w, https:\/\/aktuelles.uni-frankfurt.de\/wp-content\/uploads\/2016\/12\/blog_interview_Draesner-300x208.jpg 300w\" sizes=\"(max-width: 350px) 100vw, 350px\" \/><figcaption id=\"caption-attachment-11762\" class=\"wp-caption-text\">Ulrike Draesner; Foto: J\u00fcrgen Bauer<\/figcaption><\/figure>\n<p>Die Schriftstellerin Ulrike Draesner \u00fcbernimmt die Stiftungsgastdozentur f\u00fcr Poetik an der Goethe-Universit\u00e4t im Wintersemester 2016\/17. In den f\u00fcnf Vorlesungen mit dem Titel \u201eGrammatik der Gespenster\u201c wird Draesner \u00fcber Grundlagen und Bedingungen ihres literarischen Schaffens sprechen. Die Frankfurter Poetikvorlesungen werden wieder begleitet von einer Ausstellung im \u201eFenster zur Stadt\u201c, vom Literaturarchiv an der Goethe-Universit\u00e4t kuratiert. Zus\u00e4tzlich liest Ulrike Draesner im Rahmen der \u201ePoetik-Gespensternacht\u201c im Frankfurter Literaturhaus.<\/p>\n<p>[dt_call_to_action content_size=&#8220;small&#8220; background=&#8220;fancy&#8220; line=&#8220;true&#8220; style=&#8220;1&#8243; animation=&#8220;fadeIn&#8220;]<\/p>\n<p><strong>Frankfurter Poetikvorlesungen im Wintersemester 2016\/17<\/strong><br \/>\n<strong>Ulrike Draesner &#8211; \u201eGrammatik der Gespenster\u201c.<\/strong><\/p>\n<p>Jeweils dienstags am 10., 17., 24. und 31. Januar sowie am 7. Februar.<br \/>\nBeginn: 18 Uhr c.t. Campus Westend, Audimax (H\u00f6rsaalzentrum HZ 1&amp;2). Eintritt ist frei.<br \/>\nBegleitausstellung ab dem 11. Januar im \u201eFenster zur Stadt (Restaurant Margarete, Braubachstra\u00dfe).<br \/>\n\u201ePoetik-Gespensternacht\u201c mit Ulrike Draesner. 23. Januar, Frankfurter Literaturhaus.<\/p>\n<p>[\/dt_call_to_action]<\/p>\n<p>Die heute in Berlin lebende Romanautorin, Lyrikerin, Essayistin und promovierte Literaturwissenschaftlerin Draesner ver\u00f6ffentlichte im Jahre 1995 ihr erstes Buch, den Gedichtband \u201eged\u00e4chtnisschleifen\u201c. Draesners Werk zeichnet eine gro\u00dfe Vielseitigkeit aus: So geh\u00f6ren neben Essays, intermedialen Arbeiten und so genannten \u201eRadikal-\u00dcbersetzungen\u201c auch Erz\u00e4hlb\u00e4nde und literarische Interpretationen dazu. Sie hat zahlreiche Auszeichnungen erhalten, wie unter anderem den Preis der Literaturh\u00e4user (2002), den Droste-Preis der Stadt Meersburg (2006) und den Joachim-Ringelnatz-Preis (2014). 2016 wurde sie mit dem Nicolas-Born-Preis des Landes Niedersachsen ausgezeichnet.<\/p>\n<p>Im Interview mit dem UniReport hat Draesner das Konzept ihrer Frankfurter Poetikvorlesungen erl\u00e4utert: Sie m\u00f6chte \u201emit Hilfe unterschiedlichster literarischer Beispiele danach fragen, was wir durch Literatur erfahren oder wissen k\u00f6nnen.\u201c Ihre Vorlesungen stehen laut Draesner \u201eim Zeichen einer Frage: Wie schreiben wir Leben? Was life writing hei\u00dft \u2013 in Novellen, im Roman, im Essay in Gedichten und in \u00dcbersetzungen \u2013 m\u00f6chte ich gemeinsam mit dem Publikum erkunden.\u201c<\/p>\n<p>Draesner setzt die erfolgreiche Geschichte der Frankfurter Poetikvorlesungen fort: Diese beginnt 1959 mit Ingeborg Bachmanns \u201eFragen zeitgen\u00f6ssischer Dichtung\u201c. Seitdem folgten die einflussreichsten Schriftsteller der deutschsprachigen Gegenwartsliteratur dem Ruf an die Goethe-Universit\u00e4t. In den vergangenen Semestern konnten u.a. Clemens Meyer, Marcel Beyer und Katja Lange-M\u00fcller als Dozenten gewonnen werden.<\/p>\n<p>[dt_call_to_action content_size=&#8220;small&#8220; background=&#8220;plain&#8220; line=&#8220;false&#8220; style=&#8220;1&#8243; animation=&#8220;fadeIn&#8220;]<\/p>\n<p><strong>Interview mit Ulrike Draesner aktuellen UniReport (6.16)<\/strong><\/p>\n<p><em>Die Schriftstellerin Ulrike Draesner wird im Wintersemester 2016\/17 neue Frankfurter Poetikdozentin. Am 10. Januar 2017 h\u00e4lt sie ihre erste Vorlesung. Der UniReport hat Ulrike Draesner vorab interviewt.<\/em>&#8230;<a href=\"https:\/\/aktuelles.uni-frankfurt.de\/veranstaltungen\/ulrike-draesner-wird-neue-frankfurter-poetikdozentin\/\">weiterlesen \u00bb<\/a><\/p>\n<p>[\/dt_call_to_action]<\/p>\n","protected":false},"excerpt":{"rendered":"<p>Die Schriftstellerin Ulrike Draesner \u00fcbernimmt die Stiftungsgastdozentur f\u00fcr Poetik an der Goethe-Universit\u00e4t im Wintersemester 2016\/17. In den f\u00fcnf Vorlesungen mit dem Titel \u201eGrammatik der Gespenster\u201c wird Draesner \u00fcber Grundlagen und [&hellip;]<\/p>\n","protected":false},"author":8,"featured_media":11762,"comment_status":"closed","ping_status":"closed","sticky":false,"template":"","format":"standard","meta":{"_eb_attr":"","_price":"","_stock":"","_tribe_ticket_header":"","_tribe_default_ticket_provider":"","_ticket_start_date":"","_ticket_end_date":"","_tribe_ticket_show_description":"","_tribe_ticket_show_not_going":false,"_tribe_ticket_use_global_stock":"","_tribe_ticket_global_stock_level":"","_global_stock_mode":"","_global_stock_cap":"","_tribe_rsvp_for_event":"","_tribe_ticket_going_count":"","_tribe_ticket_not_going_count":"","_tribe_tickets_list":"[]","_tribe_ticket_has_attendee_info_fields":false,"footnotes":""},"categories":[12],"tags":[67],"post_folder":[],"class_list":["post-12085","post","type-post","status-publish","format-standard","has-post-thumbnail","hentry","category-veranstaltungen","tag-poetikvorlesung"],"yoast_head":"<!-- This site is optimized with the Yoast SEO plugin v27.5 - https:\/\/yoast.com\/product\/yoast-seo-wordpress\/ -->\n<title>Poetikvorlesungen von Ulrike Draesner starten am 10. Januar | Aktuelles aus der Goethe-Universit\u00e4t Frankfurt<\/title>\n<meta name=\"robots\" content=\"index, follow, max-snippet:-1, max-image-preview:large, max-video-preview:-1\" \/>\n<link rel=\"canonical\" href=\"https:\/\/aktuelles.uni-frankfurt.de\/en\/veranstaltungen\/poetikvorlesungen-von-ulrike-draesner-starten-am-10-januar\/\" \/>\n<meta property=\"og:locale\" content=\"en_GB\" \/>\n<meta property=\"og:type\" content=\"article\" \/>\n<meta property=\"og:title\" content=\"Poetikvorlesungen von Ulrike Draesner starten am 10. Januar | Aktuelles aus der Goethe-Universit\u00e4t Frankfurt\" \/>\n<meta property=\"og:description\" content=\"Die Schriftstellerin Ulrike Draesner \u00fcbernimmt die Stiftungsgastdozentur f\u00fcr Poetik an der Goethe-Universit\u00e4t im Wintersemester 2016\/17. In den f\u00fcnf Vorlesungen mit dem Titel \u201eGrammatik der Gespenster\u201c wird Draesner \u00fcber Grundlagen und [&hellip;]\" \/>\n<meta property=\"og:url\" content=\"https:\/\/aktuelles.uni-frankfurt.de\/en\/veranstaltungen\/poetikvorlesungen-von-ulrike-draesner-starten-am-10-januar\/\" \/>\n<meta property=\"og:site_name\" content=\"Aktuelles aus der Goethe-Universit\u00e4t Frankfurt\" \/>\n<meta property=\"article:published_time\" content=\"2017-01-06T10:07:38+00:00\" \/>\n<meta property=\"article:modified_time\" content=\"2017-01-06T10:08:03+00:00\" \/>\n<meta property=\"og:image\" content=\"https:\/\/aktuelles.uni-frankfurt.de\/wp-content\/uploads\/2016\/12\/blog_interview_Draesner.jpg\" \/>\n\t<meta property=\"og:image:width\" content=\"650\" \/>\n\t<meta property=\"og:image:height\" content=\"450\" \/>\n\t<meta property=\"og:image:type\" content=\"image\/jpeg\" \/>\n<meta name=\"author\" content=\"-\" \/>\n<meta name=\"twitter:card\" content=\"summary_large_image\" \/>\n<meta name=\"twitter:label1\" content=\"Written by\" \/>\n\t<meta name=\"twitter:data1\" content=\"-\" \/>\n\t<meta name=\"twitter:label2\" content=\"Estimated reading time\" \/>\n\t<meta name=\"twitter:data2\" content=\"2 minutes\" \/>\n<script type=\"application\/ld+json\" class=\"yoast-schema-graph\">{\"@context\":\"https:\\\/\\\/schema.org\",\"@graph\":[{\"@type\":\"Article\",\"@id\":\"https:\\\/\\\/aktuelles.uni-frankfurt.de\\\/veranstaltungen\\\/poetikvorlesungen-von-ulrike-draesner-starten-am-10-januar\\\/#article\",\"isPartOf\":{\"@id\":\"https:\\\/\\\/aktuelles.uni-frankfurt.de\\\/veranstaltungen\\\/poetikvorlesungen-von-ulrike-draesner-starten-am-10-januar\\\/\"},\"author\":{\"name\":\"-\",\"@id\":\"https:\\\/\\\/aktuelles.uni-frankfurt.de\\\/#\\\/schema\\\/person\\\/8e55ea338fb65d1ce87a91565d1f1739\"},\"headline\":\"Poetikvorlesungen von Ulrike Draesner starten am 10. Januar\",\"datePublished\":\"2017-01-06T10:07:38+00:00\",\"dateModified\":\"2017-01-06T10:08:03+00:00\",\"mainEntityOfPage\":{\"@id\":\"https:\\\/\\\/aktuelles.uni-frankfurt.de\\\/veranstaltungen\\\/poetikvorlesungen-von-ulrike-draesner-starten-am-10-januar\\\/\"},\"wordCount\":410,\"publisher\":{\"@id\":\"https:\\\/\\\/aktuelles.uni-frankfurt.de\\\/#organization\"},\"image\":{\"@id\":\"https:\\\/\\\/aktuelles.uni-frankfurt.de\\\/veranstaltungen\\\/poetikvorlesungen-von-ulrike-draesner-starten-am-10-januar\\\/#primaryimage\"},\"thumbnailUrl\":\"https:\\\/\\\/aktuelles.uni-frankfurt.de\\\/wp-content\\\/uploads\\\/2016\\\/12\\\/blog_interview_Draesner.jpg\",\"keywords\":[\"Poetikvorlesung\"],\"articleSection\":[\"Veranstaltungen\"],\"inLanguage\":\"en-GB\"},{\"@type\":\"WebPage\",\"@id\":\"https:\\\/\\\/aktuelles.uni-frankfurt.de\\\/veranstaltungen\\\/poetikvorlesungen-von-ulrike-draesner-starten-am-10-januar\\\/\",\"url\":\"https:\\\/\\\/aktuelles.uni-frankfurt.de\\\/veranstaltungen\\\/poetikvorlesungen-von-ulrike-draesner-starten-am-10-januar\\\/\",\"name\":\"Poetikvorlesungen von Ulrike Draesner starten am 10. Januar | Aktuelles aus der Goethe-Universit\u00e4t Frankfurt\",\"isPartOf\":{\"@id\":\"https:\\\/\\\/aktuelles.uni-frankfurt.de\\\/#website\"},\"primaryImageOfPage\":{\"@id\":\"https:\\\/\\\/aktuelles.uni-frankfurt.de\\\/veranstaltungen\\\/poetikvorlesungen-von-ulrike-draesner-starten-am-10-januar\\\/#primaryimage\"},\"image\":{\"@id\":\"https:\\\/\\\/aktuelles.uni-frankfurt.de\\\/veranstaltungen\\\/poetikvorlesungen-von-ulrike-draesner-starten-am-10-januar\\\/#primaryimage\"},\"thumbnailUrl\":\"https:\\\/\\\/aktuelles.uni-frankfurt.de\\\/wp-content\\\/uploads\\\/2016\\\/12\\\/blog_interview_Draesner.jpg\",\"datePublished\":\"2017-01-06T10:07:38+00:00\",\"dateModified\":\"2017-01-06T10:08:03+00:00\",\"breadcrumb\":{\"@id\":\"https:\\\/\\\/aktuelles.uni-frankfurt.de\\\/veranstaltungen\\\/poetikvorlesungen-von-ulrike-draesner-starten-am-10-januar\\\/#breadcrumb\"},\"inLanguage\":\"en-GB\",\"potentialAction\":[{\"@type\":\"ReadAction\",\"target\":[\"https:\\\/\\\/aktuelles.uni-frankfurt.de\\\/veranstaltungen\\\/poetikvorlesungen-von-ulrike-draesner-starten-am-10-januar\\\/\"]}]},{\"@type\":\"ImageObject\",\"inLanguage\":\"en-GB\",\"@id\":\"https:\\\/\\\/aktuelles.uni-frankfurt.de\\\/veranstaltungen\\\/poetikvorlesungen-von-ulrike-draesner-starten-am-10-januar\\\/#primaryimage\",\"url\":\"https:\\\/\\\/aktuelles.uni-frankfurt.de\\\/wp-content\\\/uploads\\\/2016\\\/12\\\/blog_interview_Draesner.jpg\",\"contentUrl\":\"https:\\\/\\\/aktuelles.uni-frankfurt.de\\\/wp-content\\\/uploads\\\/2016\\\/12\\\/blog_interview_Draesner.jpg\",\"width\":650,\"height\":450,\"caption\":\"Ulrike Draesner; Foto: J\u00fcrgen Bauer\"},{\"@type\":\"BreadcrumbList\",\"@id\":\"https:\\\/\\\/aktuelles.uni-frankfurt.de\\\/veranstaltungen\\\/poetikvorlesungen-von-ulrike-draesner-starten-am-10-januar\\\/#breadcrumb\",\"itemListElement\":[{\"@type\":\"ListItem\",\"position\":1,\"name\":\"Startseite\",\"item\":\"https:\\\/\\\/aktuelles.uni-frankfurt.de\\\/\"},{\"@type\":\"ListItem\",\"position\":2,\"name\":\"Poetikvorlesungen von Ulrike Draesner starten am 10. Januar\"}]},{\"@type\":\"WebSite\",\"@id\":\"https:\\\/\\\/aktuelles.uni-frankfurt.de\\\/#website\",\"url\":\"https:\\\/\\\/aktuelles.uni-frankfurt.de\\\/\",\"name\":\"Aktuelles aus der Goethe-Universit\u00e4t Frankfurt\",\"description\":\"Aktuelles aus der Goethe-Universit\u00e4t | Neues aus Forschung, Lehre, Studium\",\"publisher\":{\"@id\":\"https:\\\/\\\/aktuelles.uni-frankfurt.de\\\/#organization\"},\"potentialAction\":[{\"@type\":\"SearchAction\",\"target\":{\"@type\":\"EntryPoint\",\"urlTemplate\":\"https:\\\/\\\/aktuelles.uni-frankfurt.de\\\/?s={search_term_string}\"},\"query-input\":{\"@type\":\"PropertyValueSpecification\",\"valueRequired\":true,\"valueName\":\"search_term_string\"}}],\"inLanguage\":\"en-GB\"},{\"@type\":\"Organization\",\"@id\":\"https:\\\/\\\/aktuelles.uni-frankfurt.de\\\/#organization\",\"name\":\"Goethe-Universit\u00e4t\",\"url\":\"https:\\\/\\\/aktuelles.uni-frankfurt.de\\\/\",\"logo\":{\"@type\":\"ImageObject\",\"inLanguage\":\"en-GB\",\"@id\":\"https:\\\/\\\/aktuelles.uni-frankfurt.de\\\/#\\\/schema\\\/logo\\\/image\\\/\",\"url\":\"https:\\\/\\\/aktuelles.uni-frankfurt.de\\\/wp-content\\\/uploads\\\/2022\\\/03\\\/800px-Goethe-Logo.png\",\"contentUrl\":\"https:\\\/\\\/aktuelles.uni-frankfurt.de\\\/wp-content\\\/uploads\\\/2022\\\/03\\\/800px-Goethe-Logo.png\",\"width\":800,\"height\":436,\"caption\":\"Goethe-Universit\u00e4t\"},\"image\":{\"@id\":\"https:\\\/\\\/aktuelles.uni-frankfurt.de\\\/#\\\/schema\\\/logo\\\/image\\\/\"}},{\"@type\":\"Person\",\"@id\":\"https:\\\/\\\/aktuelles.uni-frankfurt.de\\\/#\\\/schema\\\/person\\\/8e55ea338fb65d1ce87a91565d1f1739\",\"name\":\"-\",\"description\":\"Dieser Beitrag wurde von der Online-Redaktion ver\u00f6ffentlicht. Wenn der Beitrag von einem Gastautoren verfasst wurde, findet sich dieser Hinweis am Ende des jeweiligen Artikels.\",\"sameAs\":[\"http:\\\/\\\/aktuelles.uni-frankfurt.de\\\/autoren\"],\"url\":\"https:\\\/\\\/aktuelles.uni-frankfurt.de\\\/en\\\/author\\\/redaktion\\\/\"}]}<\/script>\n<!-- \/ Yoast SEO plugin. -->","yoast_head_json":{"title":"Poetikvorlesungen von Ulrike Draesner starten am 10. Januar | Aktuelles aus der Goethe-Universit\u00e4t Frankfurt","robots":{"index":"index","follow":"follow","max-snippet":"max-snippet:-1","max-image-preview":"max-image-preview:large","max-video-preview":"max-video-preview:-1"},"canonical":"https:\/\/aktuelles.uni-frankfurt.de\/en\/veranstaltungen\/poetikvorlesungen-von-ulrike-draesner-starten-am-10-januar\/","og_locale":"en_GB","og_type":"article","og_title":"Poetikvorlesungen von Ulrike Draesner starten am 10. Januar | Aktuelles aus der Goethe-Universit\u00e4t Frankfurt","og_description":"Die Schriftstellerin Ulrike Draesner \u00fcbernimmt die Stiftungsgastdozentur f\u00fcr Poetik an der Goethe-Universit\u00e4t im Wintersemester 2016\/17. In den f\u00fcnf Vorlesungen mit dem Titel \u201eGrammatik der Gespenster\u201c wird Draesner \u00fcber Grundlagen und [&hellip;]","og_url":"https:\/\/aktuelles.uni-frankfurt.de\/en\/veranstaltungen\/poetikvorlesungen-von-ulrike-draesner-starten-am-10-januar\/","og_site_name":"Aktuelles aus der Goethe-Universit\u00e4t Frankfurt","article_published_time":"2017-01-06T10:07:38+00:00","article_modified_time":"2017-01-06T10:08:03+00:00","og_image":[{"width":650,"height":450,"url":"https:\/\/aktuelles.uni-frankfurt.de\/wp-content\/uploads\/2016\/12\/blog_interview_Draesner.jpg","type":"image\/jpeg"}],"author":"-","twitter_card":"summary_large_image","twitter_misc":{"Written by":"-","Estimated reading time":"2 minutes"},"schema":{"@context":"https:\/\/schema.org","@graph":[{"@type":"Article","@id":"https:\/\/aktuelles.uni-frankfurt.de\/veranstaltungen\/poetikvorlesungen-von-ulrike-draesner-starten-am-10-januar\/#article","isPartOf":{"@id":"https:\/\/aktuelles.uni-frankfurt.de\/veranstaltungen\/poetikvorlesungen-von-ulrike-draesner-starten-am-10-januar\/"},"author":{"name":"-","@id":"https:\/\/aktuelles.uni-frankfurt.de\/#\/schema\/person\/8e55ea338fb65d1ce87a91565d1f1739"},"headline":"Poetikvorlesungen von Ulrike Draesner starten am 10. Januar","datePublished":"2017-01-06T10:07:38+00:00","dateModified":"2017-01-06T10:08:03+00:00","mainEntityOfPage":{"@id":"https:\/\/aktuelles.uni-frankfurt.de\/veranstaltungen\/poetikvorlesungen-von-ulrike-draesner-starten-am-10-januar\/"},"wordCount":410,"publisher":{"@id":"https:\/\/aktuelles.uni-frankfurt.de\/#organization"},"image":{"@id":"https:\/\/aktuelles.uni-frankfurt.de\/veranstaltungen\/poetikvorlesungen-von-ulrike-draesner-starten-am-10-januar\/#primaryimage"},"thumbnailUrl":"https:\/\/aktuelles.uni-frankfurt.de\/wp-content\/uploads\/2016\/12\/blog_interview_Draesner.jpg","keywords":["Poetikvorlesung"],"articleSection":["Veranstaltungen"],"inLanguage":"en-GB"},{"@type":"WebPage","@id":"https:\/\/aktuelles.uni-frankfurt.de\/veranstaltungen\/poetikvorlesungen-von-ulrike-draesner-starten-am-10-januar\/","url":"https:\/\/aktuelles.uni-frankfurt.de\/veranstaltungen\/poetikvorlesungen-von-ulrike-draesner-starten-am-10-januar\/","name":"Poetikvorlesungen von Ulrike Draesner starten am 10. Januar | Aktuelles aus der Goethe-Universit\u00e4t Frankfurt","isPartOf":{"@id":"https:\/\/aktuelles.uni-frankfurt.de\/#website"},"primaryImageOfPage":{"@id":"https:\/\/aktuelles.uni-frankfurt.de\/veranstaltungen\/poetikvorlesungen-von-ulrike-draesner-starten-am-10-januar\/#primaryimage"},"image":{"@id":"https:\/\/aktuelles.uni-frankfurt.de\/veranstaltungen\/poetikvorlesungen-von-ulrike-draesner-starten-am-10-januar\/#primaryimage"},"thumbnailUrl":"https:\/\/aktuelles.uni-frankfurt.de\/wp-content\/uploads\/2016\/12\/blog_interview_Draesner.jpg","datePublished":"2017-01-06T10:07:38+00:00","dateModified":"2017-01-06T10:08:03+00:00","breadcrumb":{"@id":"https:\/\/aktuelles.uni-frankfurt.de\/veranstaltungen\/poetikvorlesungen-von-ulrike-draesner-starten-am-10-januar\/#breadcrumb"},"inLanguage":"en-GB","potentialAction":[{"@type":"ReadAction","target":["https:\/\/aktuelles.uni-frankfurt.de\/veranstaltungen\/poetikvorlesungen-von-ulrike-draesner-starten-am-10-januar\/"]}]},{"@type":"ImageObject","inLanguage":"en-GB","@id":"https:\/\/aktuelles.uni-frankfurt.de\/veranstaltungen\/poetikvorlesungen-von-ulrike-draesner-starten-am-10-januar\/#primaryimage","url":"https:\/\/aktuelles.uni-frankfurt.de\/wp-content\/uploads\/2016\/12\/blog_interview_Draesner.jpg","contentUrl":"https:\/\/aktuelles.uni-frankfurt.de\/wp-content\/uploads\/2016\/12\/blog_interview_Draesner.jpg","width":650,"height":450,"caption":"Ulrike Draesner; Foto: J\u00fcrgen Bauer"},{"@type":"BreadcrumbList","@id":"https:\/\/aktuelles.uni-frankfurt.de\/veranstaltungen\/poetikvorlesungen-von-ulrike-draesner-starten-am-10-januar\/#breadcrumb","itemListElement":[{"@type":"ListItem","position":1,"name":"Startseite","item":"https:\/\/aktuelles.uni-frankfurt.de\/"},{"@type":"ListItem","position":2,"name":"Poetikvorlesungen von Ulrike Draesner starten am 10. Januar"}]},{"@type":"WebSite","@id":"https:\/\/aktuelles.uni-frankfurt.de\/#website","url":"https:\/\/aktuelles.uni-frankfurt.de\/","name":"Aktuelles aus der Goethe-Universit\u00e4t Frankfurt","description":"Aktuelles aus der Goethe-Universit\u00e4t | Neues aus Forschung, Lehre, Studium","publisher":{"@id":"https:\/\/aktuelles.uni-frankfurt.de\/#organization"},"potentialAction":[{"@type":"SearchAction","target":{"@type":"EntryPoint","urlTemplate":"https:\/\/aktuelles.uni-frankfurt.de\/?s={search_term_string}"},"query-input":{"@type":"PropertyValueSpecification","valueRequired":true,"valueName":"search_term_string"}}],"inLanguage":"en-GB"},{"@type":"Organization","@id":"https:\/\/aktuelles.uni-frankfurt.de\/#organization","name":"Goethe University Frankfurt","url":"https:\/\/aktuelles.uni-frankfurt.de\/","logo":{"@type":"ImageObject","inLanguage":"en-GB","@id":"https:\/\/aktuelles.uni-frankfurt.de\/#\/schema\/logo\/image\/","url":"https:\/\/aktuelles.uni-frankfurt.de\/wp-content\/uploads\/2022\/03\/800px-Goethe-Logo.png","contentUrl":"https:\/\/aktuelles.uni-frankfurt.de\/wp-content\/uploads\/2022\/03\/800px-Goethe-Logo.png","width":800,"height":436,"caption":"Goethe-Universit\u00e4t"},"image":{"@id":"https:\/\/aktuelles.uni-frankfurt.de\/#\/schema\/logo\/image\/"}},{"@type":"Person","@id":"https:\/\/aktuelles.uni-frankfurt.de\/#\/schema\/person\/8e55ea338fb65d1ce87a91565d1f1739","name":"-","description":"Dieser Beitrag wurde von der Online-Redaktion ver\u00f6ffentlicht. Wenn der Beitrag von einem Gastautoren verfasst wurde, findet sich dieser Hinweis am Ende des jeweiligen Artikels.","sameAs":["http:\/\/aktuelles.uni-frankfurt.de\/autoren"],"url":"https:\/\/aktuelles.uni-frankfurt.de\/en\/author\/redaktion\/"}]}},"_links":{"self":[{"href":"https:\/\/aktuelles.uni-frankfurt.de\/en\/wp-json\/wp\/v2\/posts\/12085","targetHints":{"allow":["GET"]}}],"collection":[{"href":"https:\/\/aktuelles.uni-frankfurt.de\/en\/wp-json\/wp\/v2\/posts"}],"about":[{"href":"https:\/\/aktuelles.uni-frankfurt.de\/en\/wp-json\/wp\/v2\/types\/post"}],"author":[{"embeddable":true,"href":"https:\/\/aktuelles.uni-frankfurt.de\/en\/wp-json\/wp\/v2\/users\/8"}],"replies":[{"embeddable":true,"href":"https:\/\/aktuelles.uni-frankfurt.de\/en\/wp-json\/wp\/v2\/comments?post=12085"}],"version-history":[{"count":0,"href":"https:\/\/aktuelles.uni-frankfurt.de\/en\/wp-json\/wp\/v2\/posts\/12085\/revisions"}],"wp:featuredmedia":[{"embeddable":true,"href":"https:\/\/aktuelles.uni-frankfurt.de\/en\/wp-json\/wp\/v2\/media\/11762"}],"wp:attachment":[{"href":"https:\/\/aktuelles.uni-frankfurt.de\/en\/wp-json\/wp\/v2\/media?parent=12085"}],"wp:term":[{"taxonomy":"category","embeddable":true,"href":"https:\/\/aktuelles.uni-frankfurt.de\/en\/wp-json\/wp\/v2\/categories?post=12085"},{"taxonomy":"post_tag","embeddable":true,"href":"https:\/\/aktuelles.uni-frankfurt.de\/en\/wp-json\/wp\/v2\/tags?post=12085"},{"taxonomy":"post_folder","embeddable":true,"href":"https:\/\/aktuelles.uni-frankfurt.de\/en\/wp-json\/wp\/v2\/post_folder?post=12085"}],"curies":[{"name":"wp","href":"https:\/\/api.w.org\/{rel}","templated":true}]}}