{"id":1286,"date":"2015-10-08T14:06:42","date_gmt":"2015-10-08T12:06:42","guid":{"rendered":"http:\/\/aktuelles.uni-frankfurt.de\/?p=1286"},"modified":"2016-01-10T22:00:53","modified_gmt":"2016-01-10T21:00:53","slug":"unternehmer-und-ns-verbrechen","status":"publish","type":"post","link":"https:\/\/aktuelles.uni-frankfurt.de\/en\/forschung\/unternehmer-und-ns-verbrechen\/","title":{"rendered":"Unternehmer und NS-Verbrechen"},"content":{"rendered":"<figure id=\"attachment_1287\" aria-describedby=\"caption-attachment-1287\" style=\"width: 184px\" class=\"wp-caption alignleft\"><a class=\"dt-single-image\" href=\"https:\/\/aktuelles.uni-frankfurt.de\/wp-content\/uploads\/2015\/11\/blog_unireport_buecher_osterloh.jpg\" data-dt-img-description=\"J\u00f6rg Osterloh, Harald Wixforth (Hg.), Unternehmer und NS-Verbrechen, Wirtschaftseliten im \u201eDritten Reich\u201c undin der Bundesrepublik Deutschland, Campus Verlag 2014\"><img fetchpriority=\"high\" decoding=\"async\" class=\"size-medium wp-image-1287\" src=\"https:\/\/aktuelles.uni-frankfurt.de\/wp-content\/uploads\/2015\/11\/blog_unireport_buecher_osterloh-184x300.jpg\" alt=\"J\u00f6rg Osterloh, Harald Wixforth (Hg.), Unternehmer und NS-Verbrechen, Wirtschaftseliten im \u201eDritten Reich\u201c und in der Bundesrepublik Deutschland, Campus Verlag 2014\" width=\"184\" height=\"300\" srcset=\"https:\/\/aktuelles.uni-frankfurt.de\/wp-content\/uploads\/2015\/11\/blog_unireport_buecher_osterloh-184x300.jpg 184w, https:\/\/aktuelles.uni-frankfurt.de\/wp-content\/uploads\/2015\/11\/blog_unireport_buecher_osterloh.jpg 400w\" sizes=\"(max-width: 184px) 100vw, 184px\" \/><\/a><figcaption id=\"caption-attachment-1287\" class=\"wp-caption-text\">J\u00f6rg Osterloh, Harald Wixforth (Hg.), Unternehmer und NS-Verbrechen, Wirtschaftseliten im \u201eDritten Reich\u201c und<br \/>in der Bundesrepublik Deutschland, Campus Verlag 2014<\/figcaption><\/figure>\n<p>Heikle R\u00fcstungsgesch\u00e4fte und Transaktionen, wirtschaftliche Ausbeutung besetzter Gebiete, skrupellose Ausnutzung von Zwangsarbeit, Verfolgung, Auspl\u00fcnderung und Ermordung der europ\u00e4ischen Juden: die Bandbreite von Verbrechen, an denen Unternehmer im \u201eDritten Reich\u201c beteiligt waren, ist gro\u00df. \u00dcber die Gr\u00fcnde dieses \u201etotalen moralischen Bankrotts einer hochmodernen Industriegesellschaft im Herzen Europas\u201c wird bis heute diskutiert.<\/p>\n<p>Bei den Fragen, ob die Gr\u00fcnde f\u00fcr diese Entwicklung in allen Teilen der deutschen Gesellschaft zu suchen sind, steht h\u00e4ufig die wirtschaftsb\u00fcrgerliche Elite im Zentrum. Kaum eine soziale Gruppe geriet neben den unmittelbaren Funktionstr\u00e4gern so sehr ins Kreuzfeuer wie das deutsche Unternehmertum.<\/p>\n<p>Ab Mitte der 1990er Jahre sahen sich deutsche Konzerne in den USA gezwungen, sich ihrer Vergangenheit zu stellen, ausgel\u00f6st durch Sammelklagen und befeuert von einer langen und kontroversen \u00f6ffentlichen Debatte \u00fcber Schuld und Verantwortung der Wirtschaft im \u201eDritten Reich\u201c. Der vorliegende Band kn\u00fcpft an die Diskussion \u00fcber Umbr\u00fcche und Kontinuit\u00e4ten in der deutschen Gesellschaft nach dem Ende des Zweiten Weltkriegs an.<\/p>\n<p>[dt_call_to_action content_size=&#8220;small&#8220; background=&#8220;fancy&#8220; line=&#8220;true&#8220; animation=&#8220;fadeIn&#8220;]J\u00f6rg Osterloh, Dr. phil., ist wissenschaftlicher Mitarbeiter am Fritz Bauer Institut in Frankfurt am Main.<br \/>\nHarald Wixforth, Dr. phil., ist wissenschaftlicher Mitarbeiter am Lehrstuhl f\u00fcr Wirtschafts- und Unternehmensgeschichte an der Universit\u00e4t Bochum.<\/p>\n<p align=\"LEFT\">Unternehmer und NS-Verbrechen<br \/>\nWirtschaftseliten im \u201eDritten Reich\u201c und in der Bundesrepublik Deutschland,<br \/>\nCampus Verlag 2014, Frankfurt, New York,<br \/>\n413 Seiten, kartoniert, 34,90 Euro[\/dt_call_to_action]<\/p>\n","protected":false},"excerpt":{"rendered":"<p>Heikle R\u00fcstungsgesch\u00e4fte und Transaktionen, wirtschaftliche Ausbeutung besetzter Gebiete, skrupellose Ausnutzung von Zwangsarbeit, Verfolgung, Auspl\u00fcnderung und Ermordung der europ\u00e4ischen Juden: die Bandbreite von Verbrechen, an denen Unternehmer im \u201eDritten Reich\u201c beteiligt [&hellip;]<\/p>\n","protected":false},"author":8,"featured_media":1287,"comment_status":"closed","ping_status":"closed","sticky":false,"template":"","format":"standard","meta":{"_eb_attr":"","_price":"","_stock":"","_tribe_ticket_header":"","_tribe_default_ticket_provider":"","_ticket_start_date":"","_ticket_end_date":"","_tribe_ticket_show_description":"","_tribe_ticket_show_not_going":false,"_tribe_ticket_use_global_stock":"","_tribe_ticket_global_stock_level":"","_global_stock_mode":"","_global_stock_cap":"","_tribe_rsvp_for_event":"","_tribe_ticket_going_count":"","_tribe_ticket_not_going_count":"","_tribe_tickets_list":"[]","_tribe_ticket_has_attendee_info_fields":false,"footnotes":""},"categories":[3],"tags":[26,10],"post_folder":[],"class_list":["post-1286","post","type-post","status-publish","format-standard","has-post-thumbnail","hentry","category-forschung","tag-buecher","tag-unireport"],"yoast_head":"<!-- This site is optimized with the Yoast SEO plugin v27.5 - https:\/\/yoast.com\/product\/yoast-seo-wordpress\/ -->\n<title>Unternehmer und NS-Verbrechen | Aktuelles aus der Goethe-Universit\u00e4t Frankfurt<\/title>\n<meta name=\"robots\" content=\"index, follow, max-snippet:-1, max-image-preview:large, max-video-preview:-1\" \/>\n<link rel=\"canonical\" href=\"https:\/\/aktuelles.uni-frankfurt.de\/en\/forschung\/unternehmer-und-ns-verbrechen\/\" \/>\n<meta property=\"og:locale\" content=\"en_GB\" \/>\n<meta property=\"og:type\" content=\"article\" \/>\n<meta property=\"og:title\" content=\"Unternehmer und NS-Verbrechen | Aktuelles aus der Goethe-Universit\u00e4t Frankfurt\" \/>\n<meta property=\"og:description\" content=\"Heikle R\u00fcstungsgesch\u00e4fte und Transaktionen, wirtschaftliche Ausbeutung besetzter Gebiete, skrupellose Ausnutzung von Zwangsarbeit, Verfolgung, Auspl\u00fcnderung und Ermordung der europ\u00e4ischen Juden: die Bandbreite von Verbrechen, an denen Unternehmer im \u201eDritten Reich\u201c beteiligt [&hellip;]\" \/>\n<meta property=\"og:url\" content=\"https:\/\/aktuelles.uni-frankfurt.de\/en\/forschung\/unternehmer-und-ns-verbrechen\/\" \/>\n<meta property=\"og:site_name\" content=\"Aktuelles aus der Goethe-Universit\u00e4t Frankfurt\" \/>\n<meta property=\"article:published_time\" content=\"2015-10-08T12:06:42+00:00\" \/>\n<meta property=\"article:modified_time\" content=\"2016-01-10T21:00:53+00:00\" \/>\n<meta property=\"og:image\" content=\"https:\/\/aktuelles.uni-frankfurt.de\/wp-content\/uploads\/2015\/11\/blog_unireport_buecher_osterloh.jpg\" \/>\n\t<meta property=\"og:image:width\" content=\"400\" \/>\n\t<meta property=\"og:image:height\" content=\"653\" \/>\n\t<meta property=\"og:image:type\" content=\"image\/jpeg\" \/>\n<meta name=\"author\" content=\"-\" \/>\n<meta name=\"twitter:card\" content=\"summary_large_image\" \/>\n<meta name=\"twitter:label1\" content=\"Written by\" \/>\n\t<meta name=\"twitter:data1\" content=\"-\" \/>\n\t<meta name=\"twitter:label2\" content=\"Estimated reading time\" \/>\n\t<meta name=\"twitter:data2\" content=\"1 minute\" \/>\n<script type=\"application\/ld+json\" class=\"yoast-schema-graph\">{\"@context\":\"https:\\\/\\\/schema.org\",\"@graph\":[{\"@type\":\"Article\",\"@id\":\"https:\\\/\\\/aktuelles.uni-frankfurt.de\\\/forschung\\\/unternehmer-und-ns-verbrechen\\\/#article\",\"isPartOf\":{\"@id\":\"https:\\\/\\\/aktuelles.uni-frankfurt.de\\\/forschung\\\/unternehmer-und-ns-verbrechen\\\/\"},\"author\":{\"name\":\"-\",\"@id\":\"https:\\\/\\\/aktuelles.uni-frankfurt.de\\\/#\\\/schema\\\/person\\\/8e55ea338fb65d1ce87a91565d1f1739\"},\"headline\":\"Unternehmer und NS-Verbrechen\",\"datePublished\":\"2015-10-08T12:06:42+00:00\",\"dateModified\":\"2016-01-10T21:00:53+00:00\",\"mainEntityOfPage\":{\"@id\":\"https:\\\/\\\/aktuelles.uni-frankfurt.de\\\/forschung\\\/unternehmer-und-ns-verbrechen\\\/\"},\"wordCount\":268,\"publisher\":{\"@id\":\"https:\\\/\\\/aktuelles.uni-frankfurt.de\\\/#organization\"},\"image\":{\"@id\":\"https:\\\/\\\/aktuelles.uni-frankfurt.de\\\/forschung\\\/unternehmer-und-ns-verbrechen\\\/#primaryimage\"},\"thumbnailUrl\":\"https:\\\/\\\/aktuelles.uni-frankfurt.de\\\/wp-content\\\/uploads\\\/2015\\\/11\\\/blog_unireport_buecher_osterloh.jpg\",\"keywords\":[\"B\u00fccher\",\"UniReport\"],\"articleSection\":[\"Forschung\"],\"inLanguage\":\"en-GB\"},{\"@type\":\"WebPage\",\"@id\":\"https:\\\/\\\/aktuelles.uni-frankfurt.de\\\/forschung\\\/unternehmer-und-ns-verbrechen\\\/\",\"url\":\"https:\\\/\\\/aktuelles.uni-frankfurt.de\\\/forschung\\\/unternehmer-und-ns-verbrechen\\\/\",\"name\":\"Unternehmer und NS-Verbrechen | Aktuelles aus der Goethe-Universit\u00e4t Frankfurt\",\"isPartOf\":{\"@id\":\"https:\\\/\\\/aktuelles.uni-frankfurt.de\\\/#website\"},\"primaryImageOfPage\":{\"@id\":\"https:\\\/\\\/aktuelles.uni-frankfurt.de\\\/forschung\\\/unternehmer-und-ns-verbrechen\\\/#primaryimage\"},\"image\":{\"@id\":\"https:\\\/\\\/aktuelles.uni-frankfurt.de\\\/forschung\\\/unternehmer-und-ns-verbrechen\\\/#primaryimage\"},\"thumbnailUrl\":\"https:\\\/\\\/aktuelles.uni-frankfurt.de\\\/wp-content\\\/uploads\\\/2015\\\/11\\\/blog_unireport_buecher_osterloh.jpg\",\"datePublished\":\"2015-10-08T12:06:42+00:00\",\"dateModified\":\"2016-01-10T21:00:53+00:00\",\"breadcrumb\":{\"@id\":\"https:\\\/\\\/aktuelles.uni-frankfurt.de\\\/forschung\\\/unternehmer-und-ns-verbrechen\\\/#breadcrumb\"},\"inLanguage\":\"en-GB\",\"potentialAction\":[{\"@type\":\"ReadAction\",\"target\":[\"https:\\\/\\\/aktuelles.uni-frankfurt.de\\\/forschung\\\/unternehmer-und-ns-verbrechen\\\/\"]}]},{\"@type\":\"ImageObject\",\"inLanguage\":\"en-GB\",\"@id\":\"https:\\\/\\\/aktuelles.uni-frankfurt.de\\\/forschung\\\/unternehmer-und-ns-verbrechen\\\/#primaryimage\",\"url\":\"https:\\\/\\\/aktuelles.uni-frankfurt.de\\\/wp-content\\\/uploads\\\/2015\\\/11\\\/blog_unireport_buecher_osterloh.jpg\",\"contentUrl\":\"https:\\\/\\\/aktuelles.uni-frankfurt.de\\\/wp-content\\\/uploads\\\/2015\\\/11\\\/blog_unireport_buecher_osterloh.jpg\",\"width\":400,\"height\":653,\"caption\":\"J\u00f6rg Osterloh, Harald Wixforth (Hg.), Unternehmer und NS-Verbrechen, Wirtschaftseliten im \u201eDritten Reich\u201c und in der Bundesrepublik Deutschland, Campus Verlag 2014\"},{\"@type\":\"BreadcrumbList\",\"@id\":\"https:\\\/\\\/aktuelles.uni-frankfurt.de\\\/forschung\\\/unternehmer-und-ns-verbrechen\\\/#breadcrumb\",\"itemListElement\":[{\"@type\":\"ListItem\",\"position\":1,\"name\":\"Startseite\",\"item\":\"https:\\\/\\\/aktuelles.uni-frankfurt.de\\\/\"},{\"@type\":\"ListItem\",\"position\":2,\"name\":\"Unternehmer und NS-Verbrechen\"}]},{\"@type\":\"WebSite\",\"@id\":\"https:\\\/\\\/aktuelles.uni-frankfurt.de\\\/#website\",\"url\":\"https:\\\/\\\/aktuelles.uni-frankfurt.de\\\/\",\"name\":\"Aktuelles aus der Goethe-Universit\u00e4t Frankfurt\",\"description\":\"Aktuelles aus der Goethe-Universit\u00e4t | Neues aus Forschung, Lehre, Studium\",\"publisher\":{\"@id\":\"https:\\\/\\\/aktuelles.uni-frankfurt.de\\\/#organization\"},\"potentialAction\":[{\"@type\":\"SearchAction\",\"target\":{\"@type\":\"EntryPoint\",\"urlTemplate\":\"https:\\\/\\\/aktuelles.uni-frankfurt.de\\\/?s={search_term_string}\"},\"query-input\":{\"@type\":\"PropertyValueSpecification\",\"valueRequired\":true,\"valueName\":\"search_term_string\"}}],\"inLanguage\":\"en-GB\"},{\"@type\":\"Organization\",\"@id\":\"https:\\\/\\\/aktuelles.uni-frankfurt.de\\\/#organization\",\"name\":\"Goethe-Universit\u00e4t\",\"url\":\"https:\\\/\\\/aktuelles.uni-frankfurt.de\\\/\",\"logo\":{\"@type\":\"ImageObject\",\"inLanguage\":\"en-GB\",\"@id\":\"https:\\\/\\\/aktuelles.uni-frankfurt.de\\\/#\\\/schema\\\/logo\\\/image\\\/\",\"url\":\"https:\\\/\\\/aktuelles.uni-frankfurt.de\\\/wp-content\\\/uploads\\\/2022\\\/03\\\/800px-Goethe-Logo.png\",\"contentUrl\":\"https:\\\/\\\/aktuelles.uni-frankfurt.de\\\/wp-content\\\/uploads\\\/2022\\\/03\\\/800px-Goethe-Logo.png\",\"width\":800,\"height\":436,\"caption\":\"Goethe-Universit\u00e4t\"},\"image\":{\"@id\":\"https:\\\/\\\/aktuelles.uni-frankfurt.de\\\/#\\\/schema\\\/logo\\\/image\\\/\"}},{\"@type\":\"Person\",\"@id\":\"https:\\\/\\\/aktuelles.uni-frankfurt.de\\\/#\\\/schema\\\/person\\\/8e55ea338fb65d1ce87a91565d1f1739\",\"name\":\"-\",\"description\":\"Dieser Beitrag wurde von der Online-Redaktion ver\u00f6ffentlicht. Wenn der Beitrag von einem Gastautoren verfasst wurde, findet sich dieser Hinweis am Ende des jeweiligen Artikels.\",\"sameAs\":[\"http:\\\/\\\/aktuelles.uni-frankfurt.de\\\/autoren\"],\"url\":\"https:\\\/\\\/aktuelles.uni-frankfurt.de\\\/en\\\/author\\\/redaktion\\\/\"}]}<\/script>\n<!-- \/ Yoast SEO plugin. -->","yoast_head_json":{"title":"Unternehmer und NS-Verbrechen | Aktuelles aus der Goethe-Universit\u00e4t Frankfurt","robots":{"index":"index","follow":"follow","max-snippet":"max-snippet:-1","max-image-preview":"max-image-preview:large","max-video-preview":"max-video-preview:-1"},"canonical":"https:\/\/aktuelles.uni-frankfurt.de\/en\/forschung\/unternehmer-und-ns-verbrechen\/","og_locale":"en_GB","og_type":"article","og_title":"Unternehmer und NS-Verbrechen | Aktuelles aus der Goethe-Universit\u00e4t Frankfurt","og_description":"Heikle R\u00fcstungsgesch\u00e4fte und Transaktionen, wirtschaftliche Ausbeutung besetzter Gebiete, skrupellose Ausnutzung von Zwangsarbeit, Verfolgung, Auspl\u00fcnderung und Ermordung der europ\u00e4ischen Juden: die Bandbreite von Verbrechen, an denen Unternehmer im \u201eDritten Reich\u201c beteiligt [&hellip;]","og_url":"https:\/\/aktuelles.uni-frankfurt.de\/en\/forschung\/unternehmer-und-ns-verbrechen\/","og_site_name":"Aktuelles aus der Goethe-Universit\u00e4t Frankfurt","article_published_time":"2015-10-08T12:06:42+00:00","article_modified_time":"2016-01-10T21:00:53+00:00","og_image":[{"width":400,"height":653,"url":"https:\/\/aktuelles.uni-frankfurt.de\/wp-content\/uploads\/2015\/11\/blog_unireport_buecher_osterloh.jpg","type":"image\/jpeg"}],"author":"-","twitter_card":"summary_large_image","twitter_misc":{"Written by":"-","Estimated reading time":"1 minute"},"schema":{"@context":"https:\/\/schema.org","@graph":[{"@type":"Article","@id":"https:\/\/aktuelles.uni-frankfurt.de\/forschung\/unternehmer-und-ns-verbrechen\/#article","isPartOf":{"@id":"https:\/\/aktuelles.uni-frankfurt.de\/forschung\/unternehmer-und-ns-verbrechen\/"},"author":{"name":"-","@id":"https:\/\/aktuelles.uni-frankfurt.de\/#\/schema\/person\/8e55ea338fb65d1ce87a91565d1f1739"},"headline":"Unternehmer und NS-Verbrechen","datePublished":"2015-10-08T12:06:42+00:00","dateModified":"2016-01-10T21:00:53+00:00","mainEntityOfPage":{"@id":"https:\/\/aktuelles.uni-frankfurt.de\/forschung\/unternehmer-und-ns-verbrechen\/"},"wordCount":268,"publisher":{"@id":"https:\/\/aktuelles.uni-frankfurt.de\/#organization"},"image":{"@id":"https:\/\/aktuelles.uni-frankfurt.de\/forschung\/unternehmer-und-ns-verbrechen\/#primaryimage"},"thumbnailUrl":"https:\/\/aktuelles.uni-frankfurt.de\/wp-content\/uploads\/2015\/11\/blog_unireport_buecher_osterloh.jpg","keywords":["B\u00fccher","UniReport"],"articleSection":["Forschung"],"inLanguage":"en-GB"},{"@type":"WebPage","@id":"https:\/\/aktuelles.uni-frankfurt.de\/forschung\/unternehmer-und-ns-verbrechen\/","url":"https:\/\/aktuelles.uni-frankfurt.de\/forschung\/unternehmer-und-ns-verbrechen\/","name":"Unternehmer und NS-Verbrechen | Aktuelles aus der Goethe-Universit\u00e4t Frankfurt","isPartOf":{"@id":"https:\/\/aktuelles.uni-frankfurt.de\/#website"},"primaryImageOfPage":{"@id":"https:\/\/aktuelles.uni-frankfurt.de\/forschung\/unternehmer-und-ns-verbrechen\/#primaryimage"},"image":{"@id":"https:\/\/aktuelles.uni-frankfurt.de\/forschung\/unternehmer-und-ns-verbrechen\/#primaryimage"},"thumbnailUrl":"https:\/\/aktuelles.uni-frankfurt.de\/wp-content\/uploads\/2015\/11\/blog_unireport_buecher_osterloh.jpg","datePublished":"2015-10-08T12:06:42+00:00","dateModified":"2016-01-10T21:00:53+00:00","breadcrumb":{"@id":"https:\/\/aktuelles.uni-frankfurt.de\/forschung\/unternehmer-und-ns-verbrechen\/#breadcrumb"},"inLanguage":"en-GB","potentialAction":[{"@type":"ReadAction","target":["https:\/\/aktuelles.uni-frankfurt.de\/forschung\/unternehmer-und-ns-verbrechen\/"]}]},{"@type":"ImageObject","inLanguage":"en-GB","@id":"https:\/\/aktuelles.uni-frankfurt.de\/forschung\/unternehmer-und-ns-verbrechen\/#primaryimage","url":"https:\/\/aktuelles.uni-frankfurt.de\/wp-content\/uploads\/2015\/11\/blog_unireport_buecher_osterloh.jpg","contentUrl":"https:\/\/aktuelles.uni-frankfurt.de\/wp-content\/uploads\/2015\/11\/blog_unireport_buecher_osterloh.jpg","width":400,"height":653,"caption":"J\u00f6rg Osterloh, Harald Wixforth (Hg.), Unternehmer und NS-Verbrechen, Wirtschaftseliten im \u201eDritten Reich\u201c und in der Bundesrepublik Deutschland, Campus Verlag 2014"},{"@type":"BreadcrumbList","@id":"https:\/\/aktuelles.uni-frankfurt.de\/forschung\/unternehmer-und-ns-verbrechen\/#breadcrumb","itemListElement":[{"@type":"ListItem","position":1,"name":"Startseite","item":"https:\/\/aktuelles.uni-frankfurt.de\/"},{"@type":"ListItem","position":2,"name":"Unternehmer und NS-Verbrechen"}]},{"@type":"WebSite","@id":"https:\/\/aktuelles.uni-frankfurt.de\/#website","url":"https:\/\/aktuelles.uni-frankfurt.de\/","name":"Aktuelles aus der Goethe-Universit\u00e4t Frankfurt","description":"Aktuelles aus der Goethe-Universit\u00e4t | Neues aus Forschung, Lehre, Studium","publisher":{"@id":"https:\/\/aktuelles.uni-frankfurt.de\/#organization"},"potentialAction":[{"@type":"SearchAction","target":{"@type":"EntryPoint","urlTemplate":"https:\/\/aktuelles.uni-frankfurt.de\/?s={search_term_string}"},"query-input":{"@type":"PropertyValueSpecification","valueRequired":true,"valueName":"search_term_string"}}],"inLanguage":"en-GB"},{"@type":"Organization","@id":"https:\/\/aktuelles.uni-frankfurt.de\/#organization","name":"Goethe University Frankfurt","url":"https:\/\/aktuelles.uni-frankfurt.de\/","logo":{"@type":"ImageObject","inLanguage":"en-GB","@id":"https:\/\/aktuelles.uni-frankfurt.de\/#\/schema\/logo\/image\/","url":"https:\/\/aktuelles.uni-frankfurt.de\/wp-content\/uploads\/2022\/03\/800px-Goethe-Logo.png","contentUrl":"https:\/\/aktuelles.uni-frankfurt.de\/wp-content\/uploads\/2022\/03\/800px-Goethe-Logo.png","width":800,"height":436,"caption":"Goethe-Universit\u00e4t"},"image":{"@id":"https:\/\/aktuelles.uni-frankfurt.de\/#\/schema\/logo\/image\/"}},{"@type":"Person","@id":"https:\/\/aktuelles.uni-frankfurt.de\/#\/schema\/person\/8e55ea338fb65d1ce87a91565d1f1739","name":"-","description":"Dieser Beitrag wurde von der Online-Redaktion ver\u00f6ffentlicht. Wenn der Beitrag von einem Gastautoren verfasst wurde, findet sich dieser Hinweis am Ende des jeweiligen Artikels.","sameAs":["http:\/\/aktuelles.uni-frankfurt.de\/autoren"],"url":"https:\/\/aktuelles.uni-frankfurt.de\/en\/author\/redaktion\/"}]}},"_links":{"self":[{"href":"https:\/\/aktuelles.uni-frankfurt.de\/en\/wp-json\/wp\/v2\/posts\/1286","targetHints":{"allow":["GET"]}}],"collection":[{"href":"https:\/\/aktuelles.uni-frankfurt.de\/en\/wp-json\/wp\/v2\/posts"}],"about":[{"href":"https:\/\/aktuelles.uni-frankfurt.de\/en\/wp-json\/wp\/v2\/types\/post"}],"author":[{"embeddable":true,"href":"https:\/\/aktuelles.uni-frankfurt.de\/en\/wp-json\/wp\/v2\/users\/8"}],"replies":[{"embeddable":true,"href":"https:\/\/aktuelles.uni-frankfurt.de\/en\/wp-json\/wp\/v2\/comments?post=1286"}],"version-history":[{"count":0,"href":"https:\/\/aktuelles.uni-frankfurt.de\/en\/wp-json\/wp\/v2\/posts\/1286\/revisions"}],"wp:featuredmedia":[{"embeddable":true,"href":"https:\/\/aktuelles.uni-frankfurt.de\/en\/wp-json\/wp\/v2\/media\/1287"}],"wp:attachment":[{"href":"https:\/\/aktuelles.uni-frankfurt.de\/en\/wp-json\/wp\/v2\/media?parent=1286"}],"wp:term":[{"taxonomy":"category","embeddable":true,"href":"https:\/\/aktuelles.uni-frankfurt.de\/en\/wp-json\/wp\/v2\/categories?post=1286"},{"taxonomy":"post_tag","embeddable":true,"href":"https:\/\/aktuelles.uni-frankfurt.de\/en\/wp-json\/wp\/v2\/tags?post=1286"},{"taxonomy":"post_folder","embeddable":true,"href":"https:\/\/aktuelles.uni-frankfurt.de\/en\/wp-json\/wp\/v2\/post_folder?post=1286"}],"curies":[{"name":"wp","href":"https:\/\/api.w.org\/{rel}","templated":true}]}}