{"id":13071,"date":"2017-01-24T11:24:41","date_gmt":"2017-01-24T10:24:41","guid":{"rendered":"http:\/\/aktuelles.uni-frankfurt.de\/?p=13071"},"modified":"2024-11-15T14:06:03","modified_gmt":"2024-11-15T13:06:03","slug":"goethe-universitaet-trauert-um-dagmar-westberg","status":"publish","type":"post","link":"https:\/\/aktuelles.uni-frankfurt.de\/en\/gesellschaft\/goethe-universitaet-trauert-um-dagmar-westberg\/","title":{"rendered":"Goethe-Universit\u00e4t trauert um Dagmar Westberg"},"content":{"rendered":"<p><img fetchpriority=\"high\" decoding=\"async\" class=\"alignleft size-full wp-image-13072\" src=\"https:\/\/aktuelles.uni-frankfurt.de\/wp-content\/uploads\/2017\/01\/bm_01_Westberg_2.jpg\" alt=\"bm_01_Westberg_2\" width=\"743\" height=\"241\" srcset=\"https:\/\/aktuelles.uni-frankfurt.de\/wp-content\/uploads\/2017\/01\/bm_01_Westberg_2.jpg 743w, https:\/\/aktuelles.uni-frankfurt.de\/wp-content\/uploads\/2017\/01\/bm_01_Westberg_2-300x97.jpg 300w\" sizes=\"(max-width: 743px) 100vw, 743px\" \/>Sie war eine gro\u00dfe Pers\u00f6nlichkeit, eine gro\u00dfz\u00fcgige Stifterin von Forschung und Kultur und ein gern gesehener Gast auf zahlreichen Veranstaltungen der Goethe-Universit\u00e4t: Dagmar Westberg, die erst im vergangenen Dezember ihren 102. Geburtstag feiern konnte, ist am Wochenende verstorben. \u201eWir sind sehr traurig! Dagmar Westberg hat sich auf ausgesprochen sympathische Weise f\u00fcr Forschung und Wissenschaft an der Goethe-Universit\u00e4t engagiert. Besonders die Geisteswissenschaften lagen ihr sehr am Herzen, hier hat sie viel bewegt. Sie war der Universit\u00e4t eine treue Wegbegleiterin. Wir werden Dagmar Westberg vermissen\u201c, sagte Universit\u00e4tspr\u00e4sidentin Prof. Birgitta Wolff.<\/p>\n<p>Prof. Matthias Lutz-Bachmann, Professor f\u00fcr Philosophie an der Goethe-Universit\u00e4t und Direktor des Forschungskolleg Humanwissenschaften, beschreibt das Engagement von Dagmar Westberg: \u201eWir verdanken Frau Westberg die Errichtung der Dagmar Westberg-Gastprofessur am Campus Westend und des Historischen Kollegs im Rahmen des Forschungskollegs Humanwissenschaften. Mit beiden Einrichtungen hat Frau Westberg die Forschungen der Goethe-Universit\u00e4t nachhaltig unterst\u00fctzt und auf diesem Weg mit dazu beigetragen, dass die Goethe-Universit\u00e4t heute zu den weltweit f\u00fchrenden und international anerkannten Universit\u00e4ten auf dem Gebiet der Geistes- und Kulturwissenschaften z\u00e4hlt.\u201c<\/p>\n<p>2010 wurde erstmals an der Goethe-Universit\u00e4t der Dagmar Westberg-Preis verliehen, der j\u00e4hrlich herausragende geisteswissenschaftliche Abschlussarbeiten honoriert, die einen Bezug zu Gro\u00dfbritannien haben. Mit dem zus\u00e4tzlich eingerichteten Dagmar Westberg-Universit\u00e4tsfonds sollen wissenschaftliche Studien zur britischen Literatur, Kultur und Geschichte an der Goethe-Universit\u00e4t vorangetrieben werden. Beides wird von der Deutsch-Britischen-Gesellschaft, deren Ehrenmitglied Dagmar Westberg ist, zusammen mit der Goethe-Universit\u00e4t verantwortet.<\/p>\n<p>[dt_call_to_action content_size=&#8220;small&#8220; background=&#8220;fancy&#8220; line=&#8220;true&#8220; style=&#8220;1&#8243; animation=&#8220;fadeIn&#8220;]<\/p>\n<p><strong>5. Dagmar-Westberg-Vorlesung:<\/strong> Der renommierte amerikanische Wissenschaftler Anthony T. Grafton, Henry Putnam Professor of History an der Princeton University, h\u00e4lt in dieser Woche drei \u00f6ffentliche Vortr\u00e4ge an der Goethe-Universit\u00e4t zum Thema \u201eEarly Christianity in Early Modern Europe: Religion and Scholarship\u201c und ein Kolloquium zum Thema \u201eChristianity, Antiquarianism and the Sense of the Past\u201c. Am heutigen Dienstag (24.01.) und am Mittwoch (25.01.) spricht Grafton um 18.00 Uhr im H\u00f6rsaalzentrum, HZ 3, auf dem Campus Westend.<\/p>\n<p>[\/dt_call_to_action]<\/p>\n","protected":false},"excerpt":{"rendered":"<p>Sie war eine gro\u00dfe Pers\u00f6nlichkeit, eine gro\u00dfz\u00fcgige Stifterin von Forschung und Kultur und ein gern gesehener Gast auf zahlreichen Veranstaltungen der Goethe-Universit\u00e4t: Dagmar Westberg, die erst im vergangenen Dezember ihren [&hellip;]<\/p>\n","protected":false},"author":8,"featured_media":13073,"comment_status":"closed","ping_status":"closed","sticky":false,"template":"","format":"standard","meta":{"_eb_attr":"","_price":"","_stock":"","_tribe_ticket_header":"","_tribe_default_ticket_provider":"","_ticket_start_date":"","_ticket_end_date":"","_tribe_ticket_show_description":"","_tribe_ticket_show_not_going":false,"_tribe_ticket_use_global_stock":"","_tribe_ticket_global_stock_level":"","_global_stock_mode":"","_global_stock_cap":"","_tribe_rsvp_for_event":"","_tribe_ticket_going_count":"","_tribe_ticket_not_going_count":"","_tribe_tickets_list":"[]","_tribe_ticket_has_attendee_info_fields":false,"footnotes":""},"categories":[4],"tags":[390],"post_folder":[],"class_list":["post-13071","post","type-post","status-publish","format-standard","has-post-thumbnail","hentry","category-gesellschaft","tag-nachruf"],"yoast_head":"<!-- This site is optimized with the Yoast SEO plugin v27.5 - https:\/\/yoast.com\/product\/yoast-seo-wordpress\/ -->\n<title>Goethe-Universit\u00e4t trauert um Dagmar Westberg | Aktuelles aus der Goethe-Universit\u00e4t Frankfurt<\/title>\n<meta name=\"robots\" content=\"index, follow, max-snippet:-1, max-image-preview:large, max-video-preview:-1\" \/>\n<link rel=\"canonical\" href=\"https:\/\/aktuelles.uni-frankfurt.de\/en\/gesellschaft\/goethe-universitaet-trauert-um-dagmar-westberg\/\" \/>\n<meta property=\"og:locale\" content=\"en_GB\" \/>\n<meta property=\"og:type\" content=\"article\" \/>\n<meta property=\"og:title\" content=\"Goethe-Universit\u00e4t trauert um Dagmar Westberg | Aktuelles aus der Goethe-Universit\u00e4t Frankfurt\" \/>\n<meta property=\"og:description\" content=\"Sie war eine gro\u00dfe Pers\u00f6nlichkeit, eine gro\u00dfz\u00fcgige Stifterin von Forschung und Kultur und ein gern gesehener Gast auf zahlreichen Veranstaltungen der Goethe-Universit\u00e4t: Dagmar Westberg, die erst im vergangenen Dezember ihren [&hellip;]\" \/>\n<meta property=\"og:url\" content=\"https:\/\/aktuelles.uni-frankfurt.de\/en\/gesellschaft\/goethe-universitaet-trauert-um-dagmar-westberg\/\" \/>\n<meta property=\"og:site_name\" content=\"Aktuelles aus der Goethe-Universit\u00e4t Frankfurt\" \/>\n<meta property=\"article:published_time\" content=\"2017-01-24T10:24:41+00:00\" \/>\n<meta property=\"article:modified_time\" content=\"2024-11-15T13:06:03+00:00\" \/>\n<meta property=\"og:image\" content=\"https:\/\/aktuelles.uni-frankfurt.de\/wp-content\/uploads\/2017\/01\/beitrag_Westberg-Trauer.jpg\" \/>\n\t<meta property=\"og:image:width\" content=\"650\" \/>\n\t<meta property=\"og:image:height\" content=\"450\" \/>\n\t<meta property=\"og:image:type\" content=\"image\/jpeg\" \/>\n<meta name=\"author\" content=\"-\" \/>\n<meta name=\"twitter:card\" content=\"summary_large_image\" \/>\n<meta name=\"twitter:label1\" content=\"Written by\" \/>\n\t<meta name=\"twitter:data1\" content=\"-\" \/>\n\t<meta name=\"twitter:label2\" content=\"Estimated reading time\" \/>\n\t<meta name=\"twitter:data2\" content=\"2 minutes\" \/>\n<script type=\"application\/ld+json\" class=\"yoast-schema-graph\">{\"@context\":\"https:\\\/\\\/schema.org\",\"@graph\":[{\"@type\":\"Article\",\"@id\":\"https:\\\/\\\/aktuelles.uni-frankfurt.de\\\/gesellschaft\\\/goethe-universitaet-trauert-um-dagmar-westberg\\\/#article\",\"isPartOf\":{\"@id\":\"https:\\\/\\\/aktuelles.uni-frankfurt.de\\\/gesellschaft\\\/goethe-universitaet-trauert-um-dagmar-westberg\\\/\"},\"author\":{\"name\":\"-\",\"@id\":\"https:\\\/\\\/aktuelles.uni-frankfurt.de\\\/#\\\/schema\\\/person\\\/8e55ea338fb65d1ce87a91565d1f1739\"},\"headline\":\"Goethe-Universit\u00e4t trauert um Dagmar Westberg\",\"datePublished\":\"2017-01-24T10:24:41+00:00\",\"dateModified\":\"2024-11-15T13:06:03+00:00\",\"mainEntityOfPage\":{\"@id\":\"https:\\\/\\\/aktuelles.uni-frankfurt.de\\\/gesellschaft\\\/goethe-universitaet-trauert-um-dagmar-westberg\\\/\"},\"wordCount\":344,\"publisher\":{\"@id\":\"https:\\\/\\\/aktuelles.uni-frankfurt.de\\\/#organization\"},\"image\":{\"@id\":\"https:\\\/\\\/aktuelles.uni-frankfurt.de\\\/gesellschaft\\\/goethe-universitaet-trauert-um-dagmar-westberg\\\/#primaryimage\"},\"thumbnailUrl\":\"https:\\\/\\\/aktuelles.uni-frankfurt.de\\\/wp-content\\\/uploads\\\/2017\\\/01\\\/beitrag_Westberg-Trauer.jpg\",\"keywords\":[\"Nachruf\"],\"articleSection\":[\"Gesellschaft\"],\"inLanguage\":\"en-GB\"},{\"@type\":\"WebPage\",\"@id\":\"https:\\\/\\\/aktuelles.uni-frankfurt.de\\\/gesellschaft\\\/goethe-universitaet-trauert-um-dagmar-westberg\\\/\",\"url\":\"https:\\\/\\\/aktuelles.uni-frankfurt.de\\\/gesellschaft\\\/goethe-universitaet-trauert-um-dagmar-westberg\\\/\",\"name\":\"Goethe-Universit\u00e4t trauert um Dagmar Westberg | Aktuelles aus der Goethe-Universit\u00e4t Frankfurt\",\"isPartOf\":{\"@id\":\"https:\\\/\\\/aktuelles.uni-frankfurt.de\\\/#website\"},\"primaryImageOfPage\":{\"@id\":\"https:\\\/\\\/aktuelles.uni-frankfurt.de\\\/gesellschaft\\\/goethe-universitaet-trauert-um-dagmar-westberg\\\/#primaryimage\"},\"image\":{\"@id\":\"https:\\\/\\\/aktuelles.uni-frankfurt.de\\\/gesellschaft\\\/goethe-universitaet-trauert-um-dagmar-westberg\\\/#primaryimage\"},\"thumbnailUrl\":\"https:\\\/\\\/aktuelles.uni-frankfurt.de\\\/wp-content\\\/uploads\\\/2017\\\/01\\\/beitrag_Westberg-Trauer.jpg\",\"datePublished\":\"2017-01-24T10:24:41+00:00\",\"dateModified\":\"2024-11-15T13:06:03+00:00\",\"breadcrumb\":{\"@id\":\"https:\\\/\\\/aktuelles.uni-frankfurt.de\\\/gesellschaft\\\/goethe-universitaet-trauert-um-dagmar-westberg\\\/#breadcrumb\"},\"inLanguage\":\"en-GB\",\"potentialAction\":[{\"@type\":\"ReadAction\",\"target\":[\"https:\\\/\\\/aktuelles.uni-frankfurt.de\\\/gesellschaft\\\/goethe-universitaet-trauert-um-dagmar-westberg\\\/\"]}]},{\"@type\":\"ImageObject\",\"inLanguage\":\"en-GB\",\"@id\":\"https:\\\/\\\/aktuelles.uni-frankfurt.de\\\/gesellschaft\\\/goethe-universitaet-trauert-um-dagmar-westberg\\\/#primaryimage\",\"url\":\"https:\\\/\\\/aktuelles.uni-frankfurt.de\\\/wp-content\\\/uploads\\\/2017\\\/01\\\/beitrag_Westberg-Trauer.jpg\",\"contentUrl\":\"https:\\\/\\\/aktuelles.uni-frankfurt.de\\\/wp-content\\\/uploads\\\/2017\\\/01\\\/beitrag_Westberg-Trauer.jpg\",\"width\":650,\"height\":450},{\"@type\":\"BreadcrumbList\",\"@id\":\"https:\\\/\\\/aktuelles.uni-frankfurt.de\\\/gesellschaft\\\/goethe-universitaet-trauert-um-dagmar-westberg\\\/#breadcrumb\",\"itemListElement\":[{\"@type\":\"ListItem\",\"position\":1,\"name\":\"Startseite\",\"item\":\"https:\\\/\\\/aktuelles.uni-frankfurt.de\\\/\"},{\"@type\":\"ListItem\",\"position\":2,\"name\":\"Goethe-Universit\u00e4t trauert um Dagmar Westberg\"}]},{\"@type\":\"WebSite\",\"@id\":\"https:\\\/\\\/aktuelles.uni-frankfurt.de\\\/#website\",\"url\":\"https:\\\/\\\/aktuelles.uni-frankfurt.de\\\/\",\"name\":\"Aktuelles aus der Goethe-Universit\u00e4t Frankfurt\",\"description\":\"Aktuelles aus der Goethe-Universit\u00e4t | Neues aus Forschung, Lehre, Studium\",\"publisher\":{\"@id\":\"https:\\\/\\\/aktuelles.uni-frankfurt.de\\\/#organization\"},\"potentialAction\":[{\"@type\":\"SearchAction\",\"target\":{\"@type\":\"EntryPoint\",\"urlTemplate\":\"https:\\\/\\\/aktuelles.uni-frankfurt.de\\\/?s={search_term_string}\"},\"query-input\":{\"@type\":\"PropertyValueSpecification\",\"valueRequired\":true,\"valueName\":\"search_term_string\"}}],\"inLanguage\":\"en-GB\"},{\"@type\":\"Organization\",\"@id\":\"https:\\\/\\\/aktuelles.uni-frankfurt.de\\\/#organization\",\"name\":\"Goethe-Universit\u00e4t\",\"url\":\"https:\\\/\\\/aktuelles.uni-frankfurt.de\\\/\",\"logo\":{\"@type\":\"ImageObject\",\"inLanguage\":\"en-GB\",\"@id\":\"https:\\\/\\\/aktuelles.uni-frankfurt.de\\\/#\\\/schema\\\/logo\\\/image\\\/\",\"url\":\"https:\\\/\\\/aktuelles.uni-frankfurt.de\\\/wp-content\\\/uploads\\\/2022\\\/03\\\/800px-Goethe-Logo.png\",\"contentUrl\":\"https:\\\/\\\/aktuelles.uni-frankfurt.de\\\/wp-content\\\/uploads\\\/2022\\\/03\\\/800px-Goethe-Logo.png\",\"width\":800,\"height\":436,\"caption\":\"Goethe-Universit\u00e4t\"},\"image\":{\"@id\":\"https:\\\/\\\/aktuelles.uni-frankfurt.de\\\/#\\\/schema\\\/logo\\\/image\\\/\"}},{\"@type\":\"Person\",\"@id\":\"https:\\\/\\\/aktuelles.uni-frankfurt.de\\\/#\\\/schema\\\/person\\\/8e55ea338fb65d1ce87a91565d1f1739\",\"name\":\"-\",\"description\":\"Dieser Beitrag wurde von der Online-Redaktion ver\u00f6ffentlicht. Wenn der Beitrag von einem Gastautoren verfasst wurde, findet sich dieser Hinweis am Ende des jeweiligen Artikels.\",\"sameAs\":[\"http:\\\/\\\/aktuelles.uni-frankfurt.de\\\/autoren\"],\"url\":\"https:\\\/\\\/aktuelles.uni-frankfurt.de\\\/en\\\/author\\\/redaktion\\\/\"}]}<\/script>\n<!-- \/ Yoast SEO plugin. -->","yoast_head_json":{"title":"Goethe-Universit\u00e4t trauert um Dagmar Westberg | Aktuelles aus der Goethe-Universit\u00e4t Frankfurt","robots":{"index":"index","follow":"follow","max-snippet":"max-snippet:-1","max-image-preview":"max-image-preview:large","max-video-preview":"max-video-preview:-1"},"canonical":"https:\/\/aktuelles.uni-frankfurt.de\/en\/gesellschaft\/goethe-universitaet-trauert-um-dagmar-westberg\/","og_locale":"en_GB","og_type":"article","og_title":"Goethe-Universit\u00e4t trauert um Dagmar Westberg | Aktuelles aus der Goethe-Universit\u00e4t Frankfurt","og_description":"Sie war eine gro\u00dfe Pers\u00f6nlichkeit, eine gro\u00dfz\u00fcgige Stifterin von Forschung und Kultur und ein gern gesehener Gast auf zahlreichen Veranstaltungen der Goethe-Universit\u00e4t: Dagmar Westberg, die erst im vergangenen Dezember ihren [&hellip;]","og_url":"https:\/\/aktuelles.uni-frankfurt.de\/en\/gesellschaft\/goethe-universitaet-trauert-um-dagmar-westberg\/","og_site_name":"Aktuelles aus der Goethe-Universit\u00e4t Frankfurt","article_published_time":"2017-01-24T10:24:41+00:00","article_modified_time":"2024-11-15T13:06:03+00:00","og_image":[{"width":650,"height":450,"url":"https:\/\/aktuelles.uni-frankfurt.de\/wp-content\/uploads\/2017\/01\/beitrag_Westberg-Trauer.jpg","type":"image\/jpeg"}],"author":"-","twitter_card":"summary_large_image","twitter_misc":{"Written by":"-","Estimated reading time":"2 minutes"},"schema":{"@context":"https:\/\/schema.org","@graph":[{"@type":"Article","@id":"https:\/\/aktuelles.uni-frankfurt.de\/gesellschaft\/goethe-universitaet-trauert-um-dagmar-westberg\/#article","isPartOf":{"@id":"https:\/\/aktuelles.uni-frankfurt.de\/gesellschaft\/goethe-universitaet-trauert-um-dagmar-westberg\/"},"author":{"name":"-","@id":"https:\/\/aktuelles.uni-frankfurt.de\/#\/schema\/person\/8e55ea338fb65d1ce87a91565d1f1739"},"headline":"Goethe-Universit\u00e4t trauert um Dagmar Westberg","datePublished":"2017-01-24T10:24:41+00:00","dateModified":"2024-11-15T13:06:03+00:00","mainEntityOfPage":{"@id":"https:\/\/aktuelles.uni-frankfurt.de\/gesellschaft\/goethe-universitaet-trauert-um-dagmar-westberg\/"},"wordCount":344,"publisher":{"@id":"https:\/\/aktuelles.uni-frankfurt.de\/#organization"},"image":{"@id":"https:\/\/aktuelles.uni-frankfurt.de\/gesellschaft\/goethe-universitaet-trauert-um-dagmar-westberg\/#primaryimage"},"thumbnailUrl":"https:\/\/aktuelles.uni-frankfurt.de\/wp-content\/uploads\/2017\/01\/beitrag_Westberg-Trauer.jpg","keywords":["Nachruf"],"articleSection":["Gesellschaft"],"inLanguage":"en-GB"},{"@type":"WebPage","@id":"https:\/\/aktuelles.uni-frankfurt.de\/gesellschaft\/goethe-universitaet-trauert-um-dagmar-westberg\/","url":"https:\/\/aktuelles.uni-frankfurt.de\/gesellschaft\/goethe-universitaet-trauert-um-dagmar-westberg\/","name":"Goethe-Universit\u00e4t trauert um Dagmar Westberg | Aktuelles aus der Goethe-Universit\u00e4t Frankfurt","isPartOf":{"@id":"https:\/\/aktuelles.uni-frankfurt.de\/#website"},"primaryImageOfPage":{"@id":"https:\/\/aktuelles.uni-frankfurt.de\/gesellschaft\/goethe-universitaet-trauert-um-dagmar-westberg\/#primaryimage"},"image":{"@id":"https:\/\/aktuelles.uni-frankfurt.de\/gesellschaft\/goethe-universitaet-trauert-um-dagmar-westberg\/#primaryimage"},"thumbnailUrl":"https:\/\/aktuelles.uni-frankfurt.de\/wp-content\/uploads\/2017\/01\/beitrag_Westberg-Trauer.jpg","datePublished":"2017-01-24T10:24:41+00:00","dateModified":"2024-11-15T13:06:03+00:00","breadcrumb":{"@id":"https:\/\/aktuelles.uni-frankfurt.de\/gesellschaft\/goethe-universitaet-trauert-um-dagmar-westberg\/#breadcrumb"},"inLanguage":"en-GB","potentialAction":[{"@type":"ReadAction","target":["https:\/\/aktuelles.uni-frankfurt.de\/gesellschaft\/goethe-universitaet-trauert-um-dagmar-westberg\/"]}]},{"@type":"ImageObject","inLanguage":"en-GB","@id":"https:\/\/aktuelles.uni-frankfurt.de\/gesellschaft\/goethe-universitaet-trauert-um-dagmar-westberg\/#primaryimage","url":"https:\/\/aktuelles.uni-frankfurt.de\/wp-content\/uploads\/2017\/01\/beitrag_Westberg-Trauer.jpg","contentUrl":"https:\/\/aktuelles.uni-frankfurt.de\/wp-content\/uploads\/2017\/01\/beitrag_Westberg-Trauer.jpg","width":650,"height":450},{"@type":"BreadcrumbList","@id":"https:\/\/aktuelles.uni-frankfurt.de\/gesellschaft\/goethe-universitaet-trauert-um-dagmar-westberg\/#breadcrumb","itemListElement":[{"@type":"ListItem","position":1,"name":"Startseite","item":"https:\/\/aktuelles.uni-frankfurt.de\/"},{"@type":"ListItem","position":2,"name":"Goethe-Universit\u00e4t trauert um Dagmar Westberg"}]},{"@type":"WebSite","@id":"https:\/\/aktuelles.uni-frankfurt.de\/#website","url":"https:\/\/aktuelles.uni-frankfurt.de\/","name":"Aktuelles aus der Goethe-Universit\u00e4t Frankfurt","description":"Aktuelles aus der Goethe-Universit\u00e4t | Neues aus Forschung, Lehre, Studium","publisher":{"@id":"https:\/\/aktuelles.uni-frankfurt.de\/#organization"},"potentialAction":[{"@type":"SearchAction","target":{"@type":"EntryPoint","urlTemplate":"https:\/\/aktuelles.uni-frankfurt.de\/?s={search_term_string}"},"query-input":{"@type":"PropertyValueSpecification","valueRequired":true,"valueName":"search_term_string"}}],"inLanguage":"en-GB"},{"@type":"Organization","@id":"https:\/\/aktuelles.uni-frankfurt.de\/#organization","name":"Goethe University Frankfurt","url":"https:\/\/aktuelles.uni-frankfurt.de\/","logo":{"@type":"ImageObject","inLanguage":"en-GB","@id":"https:\/\/aktuelles.uni-frankfurt.de\/#\/schema\/logo\/image\/","url":"https:\/\/aktuelles.uni-frankfurt.de\/wp-content\/uploads\/2022\/03\/800px-Goethe-Logo.png","contentUrl":"https:\/\/aktuelles.uni-frankfurt.de\/wp-content\/uploads\/2022\/03\/800px-Goethe-Logo.png","width":800,"height":436,"caption":"Goethe-Universit\u00e4t"},"image":{"@id":"https:\/\/aktuelles.uni-frankfurt.de\/#\/schema\/logo\/image\/"}},{"@type":"Person","@id":"https:\/\/aktuelles.uni-frankfurt.de\/#\/schema\/person\/8e55ea338fb65d1ce87a91565d1f1739","name":"-","description":"Dieser Beitrag wurde von der Online-Redaktion ver\u00f6ffentlicht. Wenn der Beitrag von einem Gastautoren verfasst wurde, findet sich dieser Hinweis am Ende des jeweiligen Artikels.","sameAs":["http:\/\/aktuelles.uni-frankfurt.de\/autoren"],"url":"https:\/\/aktuelles.uni-frankfurt.de\/en\/author\/redaktion\/"}]}},"_links":{"self":[{"href":"https:\/\/aktuelles.uni-frankfurt.de\/en\/wp-json\/wp\/v2\/posts\/13071","targetHints":{"allow":["GET"]}}],"collection":[{"href":"https:\/\/aktuelles.uni-frankfurt.de\/en\/wp-json\/wp\/v2\/posts"}],"about":[{"href":"https:\/\/aktuelles.uni-frankfurt.de\/en\/wp-json\/wp\/v2\/types\/post"}],"author":[{"embeddable":true,"href":"https:\/\/aktuelles.uni-frankfurt.de\/en\/wp-json\/wp\/v2\/users\/8"}],"replies":[{"embeddable":true,"href":"https:\/\/aktuelles.uni-frankfurt.de\/en\/wp-json\/wp\/v2\/comments?post=13071"}],"version-history":[{"count":0,"href":"https:\/\/aktuelles.uni-frankfurt.de\/en\/wp-json\/wp\/v2\/posts\/13071\/revisions"}],"wp:featuredmedia":[{"embeddable":true,"href":"https:\/\/aktuelles.uni-frankfurt.de\/en\/wp-json\/wp\/v2\/media\/13073"}],"wp:attachment":[{"href":"https:\/\/aktuelles.uni-frankfurt.de\/en\/wp-json\/wp\/v2\/media?parent=13071"}],"wp:term":[{"taxonomy":"category","embeddable":true,"href":"https:\/\/aktuelles.uni-frankfurt.de\/en\/wp-json\/wp\/v2\/categories?post=13071"},{"taxonomy":"post_tag","embeddable":true,"href":"https:\/\/aktuelles.uni-frankfurt.de\/en\/wp-json\/wp\/v2\/tags?post=13071"},{"taxonomy":"post_folder","embeddable":true,"href":"https:\/\/aktuelles.uni-frankfurt.de\/en\/wp-json\/wp\/v2\/post_folder?post=13071"}],"curies":[{"name":"wp","href":"https:\/\/api.w.org\/{rel}","templated":true}]}}