{"id":16186,"date":"2017-04-11T14:51:43","date_gmt":"2017-04-11T12:51:43","guid":{"rendered":"http:\/\/aktuelles.uni-frankfurt.de\/?p=16186"},"modified":"2017-04-11T14:51:43","modified_gmt":"2017-04-11T12:51:43","slug":"zoom-aufs-schwarze-loch-faz-interview-mit-luciano-rezzolla","status":"publish","type":"post","link":"https:\/\/aktuelles.uni-frankfurt.de\/en\/aktuelles\/zoom-aufs-schwarze-loch-faz-interview-mit-luciano-rezzolla\/","title":{"rendered":"&#8222;Zoom aufs Schwarze Loch&#8220; \/ FAZ-Interview mit Luciano Rezzolla"},"content":{"rendered":"<p>Das internationale \u201eEvent Horizon Teleskop\u201c-Konsortium, das zurzeit erstmalig versucht, das vermutete Schwarze Loch im Zentrum unserer Milchstra\u00dfe zu vermessen, hat einen Schwerpunkt in Deutschland, und die Arbeitsgruppe von Prof. Luciano Rezzolla am Institut f\u00fcr Theoretische Physik der Goethe-Universit\u00e4t ist ma\u00dfgeblich daran beteiligt.<\/p>\n<p>Ulf von Rauchhaupt, verantwortlich f\u00fcr das Ressort &#8222;Wissenschaft&#8220; der Frankfurter Allgemeinen Zeitung Sonntagszeitung, hat Prof. Luciano Rezzolla dazu interviewt. <a href=\"http:\/\/www.faz.net\/aktuell\/wissen\/weltraum\/luciano-rezzolla-spricht-ueber-den-blick-ins-schwarze-loch-14963516.html\" target=\"_blank\">Hier k\u00f6nnen Sie das Interview online lesen\u00a0\u00bb<\/a><\/p>\n<p><strong>Mehr zu diesem Thema:<\/strong><\/p>\n<blockquote class=\"wp-embedded-content\" data-secret=\"oPNhoeAUrv\"><p><a href=\"https:\/\/aktuelles.uni-frankfurt.de\/forschung\/event-horizon-teleskop-vermisst-schwarzes-loch\/\">\u201eEvent Horizon Teleskop\u201c vermisst Schwarzes Loch<\/a><\/p><\/blockquote>\n<p><iframe class=\"wp-embedded-content\" sandbox=\"allow-scripts\" security=\"restricted\" style=\"position: absolute; clip: rect(1px, 1px, 1px, 1px);\" title=\"&#8222;\u201eEvent Horizon Teleskop\u201c vermisst Schwarzes Loch&#8220; &#8212; Aktuelles aus der Goethe-Universit\u00e4t Frankfurt\" src=\"https:\/\/aktuelles.uni-frankfurt.de\/forschung\/event-horizon-teleskop-vermisst-schwarzes-loch\/embed\/#?secret=jwSEXWmNaO#?secret=oPNhoeAUrv\" data-secret=\"oPNhoeAUrv\" width=\"600\" height=\"338\" frameborder=\"0\" marginwidth=\"0\" marginheight=\"0\" scrolling=\"no\"><\/iframe><\/p>","protected":false},"excerpt":{"rendered":"<p>Das internationale \u201eEvent Horizon Teleskop\u201c-Konsortium, das zurzeit erstmalig versucht, das vermutete Schwarze Loch im Zentrum unserer Milchstra\u00dfe zu vermessen, hat einen Schwerpunkt in Deutschland, und die Arbeitsgruppe von Prof. Luciano [&hellip;]<\/p>\n","protected":false},"author":8,"featured_media":0,"comment_status":"closed","ping_status":"closed","sticky":false,"template":"","format":"standard","meta":{"_eb_attr":"","_price":"","_stock":"","_tribe_ticket_header":"","_tribe_default_ticket_provider":"","_ticket_start_date":"","_ticket_end_date":"","_tribe_ticket_show_description":"","_tribe_ticket_show_not_going":false,"_tribe_ticket_use_global_stock":"","_tribe_ticket_global_stock_level":"","_global_stock_mode":"","_global_stock_cap":"","_tribe_rsvp_for_event":"","_tribe_ticket_going_count":"","_tribe_ticket_not_going_count":"","_tribe_tickets_list":"[]","_tribe_ticket_has_attendee_info_fields":false,"footnotes":""},"categories":[39],"tags":[23],"post_folder":[],"class_list":["post-16186","post","type-post","status-publish","format-standard","hentry","category-aktuelles","tag-physik"],"yoast_head":"<!-- This site is optimized with the Yoast SEO plugin v27.5 - https:\/\/yoast.com\/product\/yoast-seo-wordpress\/ -->\n<title>&quot;Zoom aufs Schwarze Loch&quot; \/ FAZ-Interview mit Luciano Rezzolla | Aktuelles aus der Goethe-Universit\u00e4t Frankfurt<\/title>\n<meta name=\"robots\" content=\"index, follow, max-snippet:-1, max-image-preview:large, max-video-preview:-1\" \/>\n<link rel=\"canonical\" href=\"https:\/\/aktuelles.uni-frankfurt.de\/en\/aktuelles\/zoom-aufs-schwarze-loch-faz-interview-mit-luciano-rezzolla\/\" \/>\n<meta property=\"og:locale\" content=\"en_GB\" \/>\n<meta property=\"og:type\" content=\"article\" \/>\n<meta property=\"og:title\" content=\"&quot;Zoom aufs Schwarze Loch&quot; \/ FAZ-Interview mit Luciano Rezzolla | Aktuelles aus der Goethe-Universit\u00e4t Frankfurt\" \/>\n<meta property=\"og:description\" content=\"Das internationale \u201eEvent Horizon Teleskop\u201c-Konsortium, das zurzeit erstmalig versucht, das vermutete Schwarze Loch im Zentrum unserer Milchstra\u00dfe zu vermessen, hat einen Schwerpunkt in Deutschland, und die Arbeitsgruppe von Prof. Luciano [&hellip;]\" \/>\n<meta property=\"og:url\" content=\"https:\/\/aktuelles.uni-frankfurt.de\/en\/aktuelles\/zoom-aufs-schwarze-loch-faz-interview-mit-luciano-rezzolla\/\" \/>\n<meta property=\"og:site_name\" content=\"Aktuelles aus der Goethe-Universit\u00e4t Frankfurt\" \/>\n<meta property=\"article:published_time\" content=\"2017-04-11T12:51:43+00:00\" \/>\n<meta name=\"author\" content=\"-\" \/>\n<meta name=\"twitter:card\" content=\"summary_large_image\" \/>\n<meta name=\"twitter:label1\" content=\"Written by\" \/>\n\t<meta name=\"twitter:data1\" content=\"-\" \/>\n<script type=\"application\/ld+json\" class=\"yoast-schema-graph\">{\"@context\":\"https:\\\/\\\/schema.org\",\"@graph\":[{\"@type\":\"Article\",\"@id\":\"https:\\\/\\\/aktuelles.uni-frankfurt.de\\\/aktuelles\\\/zoom-aufs-schwarze-loch-faz-interview-mit-luciano-rezzolla\\\/#article\",\"isPartOf\":{\"@id\":\"https:\\\/\\\/aktuelles.uni-frankfurt.de\\\/aktuelles\\\/zoom-aufs-schwarze-loch-faz-interview-mit-luciano-rezzolla\\\/\"},\"author\":{\"name\":\"-\",\"@id\":\"https:\\\/\\\/aktuelles.uni-frankfurt.de\\\/#\\\/schema\\\/person\\\/8e55ea338fb65d1ce87a91565d1f1739\"},\"headline\":\"&#8222;Zoom aufs Schwarze Loch&#8220; \\\/ FAZ-Interview mit Luciano Rezzolla\",\"datePublished\":\"2017-04-11T12:51:43+00:00\",\"mainEntityOfPage\":{\"@id\":\"https:\\\/\\\/aktuelles.uni-frankfurt.de\\\/aktuelles\\\/zoom-aufs-schwarze-loch-faz-interview-mit-luciano-rezzolla\\\/\"},\"wordCount\":93,\"publisher\":{\"@id\":\"https:\\\/\\\/aktuelles.uni-frankfurt.de\\\/#organization\"},\"keywords\":[\"Physik\"],\"articleSection\":[\"Kurz gemeldet\"],\"inLanguage\":\"en-GB\"},{\"@type\":\"WebPage\",\"@id\":\"https:\\\/\\\/aktuelles.uni-frankfurt.de\\\/aktuelles\\\/zoom-aufs-schwarze-loch-faz-interview-mit-luciano-rezzolla\\\/\",\"url\":\"https:\\\/\\\/aktuelles.uni-frankfurt.de\\\/aktuelles\\\/zoom-aufs-schwarze-loch-faz-interview-mit-luciano-rezzolla\\\/\",\"name\":\"\\\"Zoom aufs Schwarze Loch\\\" \\\/ FAZ-Interview mit Luciano Rezzolla | Aktuelles aus der Goethe-Universit\u00e4t Frankfurt\",\"isPartOf\":{\"@id\":\"https:\\\/\\\/aktuelles.uni-frankfurt.de\\\/#website\"},\"datePublished\":\"2017-04-11T12:51:43+00:00\",\"breadcrumb\":{\"@id\":\"https:\\\/\\\/aktuelles.uni-frankfurt.de\\\/aktuelles\\\/zoom-aufs-schwarze-loch-faz-interview-mit-luciano-rezzolla\\\/#breadcrumb\"},\"inLanguage\":\"en-GB\",\"potentialAction\":[{\"@type\":\"ReadAction\",\"target\":[\"https:\\\/\\\/aktuelles.uni-frankfurt.de\\\/aktuelles\\\/zoom-aufs-schwarze-loch-faz-interview-mit-luciano-rezzolla\\\/\"]}]},{\"@type\":\"BreadcrumbList\",\"@id\":\"https:\\\/\\\/aktuelles.uni-frankfurt.de\\\/aktuelles\\\/zoom-aufs-schwarze-loch-faz-interview-mit-luciano-rezzolla\\\/#breadcrumb\",\"itemListElement\":[{\"@type\":\"ListItem\",\"position\":1,\"name\":\"Startseite\",\"item\":\"https:\\\/\\\/aktuelles.uni-frankfurt.de\\\/\"},{\"@type\":\"ListItem\",\"position\":2,\"name\":\"&#8220;Zoom aufs Schwarze Loch&#8221; \\\/ FAZ-Interview mit Luciano Rezzolla\"}]},{\"@type\":\"WebSite\",\"@id\":\"https:\\\/\\\/aktuelles.uni-frankfurt.de\\\/#website\",\"url\":\"https:\\\/\\\/aktuelles.uni-frankfurt.de\\\/\",\"name\":\"Aktuelles aus der Goethe-Universit\u00e4t Frankfurt\",\"description\":\"Aktuelles aus der Goethe-Universit\u00e4t | Neues aus Forschung, Lehre, Studium\",\"publisher\":{\"@id\":\"https:\\\/\\\/aktuelles.uni-frankfurt.de\\\/#organization\"},\"potentialAction\":[{\"@type\":\"SearchAction\",\"target\":{\"@type\":\"EntryPoint\",\"urlTemplate\":\"https:\\\/\\\/aktuelles.uni-frankfurt.de\\\/?s={search_term_string}\"},\"query-input\":{\"@type\":\"PropertyValueSpecification\",\"valueRequired\":true,\"valueName\":\"search_term_string\"}}],\"inLanguage\":\"en-GB\"},{\"@type\":\"Organization\",\"@id\":\"https:\\\/\\\/aktuelles.uni-frankfurt.de\\\/#organization\",\"name\":\"Goethe-Universit\u00e4t\",\"url\":\"https:\\\/\\\/aktuelles.uni-frankfurt.de\\\/\",\"logo\":{\"@type\":\"ImageObject\",\"inLanguage\":\"en-GB\",\"@id\":\"https:\\\/\\\/aktuelles.uni-frankfurt.de\\\/#\\\/schema\\\/logo\\\/image\\\/\",\"url\":\"https:\\\/\\\/aktuelles.uni-frankfurt.de\\\/wp-content\\\/uploads\\\/2022\\\/03\\\/800px-Goethe-Logo.png\",\"contentUrl\":\"https:\\\/\\\/aktuelles.uni-frankfurt.de\\\/wp-content\\\/uploads\\\/2022\\\/03\\\/800px-Goethe-Logo.png\",\"width\":800,\"height\":436,\"caption\":\"Goethe-Universit\u00e4t\"},\"image\":{\"@id\":\"https:\\\/\\\/aktuelles.uni-frankfurt.de\\\/#\\\/schema\\\/logo\\\/image\\\/\"}},{\"@type\":\"Person\",\"@id\":\"https:\\\/\\\/aktuelles.uni-frankfurt.de\\\/#\\\/schema\\\/person\\\/8e55ea338fb65d1ce87a91565d1f1739\",\"name\":\"-\",\"description\":\"Dieser Beitrag wurde von der Online-Redaktion ver\u00f6ffentlicht. Wenn der Beitrag von einem Gastautoren verfasst wurde, findet sich dieser Hinweis am Ende des jeweiligen Artikels.\",\"sameAs\":[\"http:\\\/\\\/aktuelles.uni-frankfurt.de\\\/autoren\"],\"url\":\"https:\\\/\\\/aktuelles.uni-frankfurt.de\\\/en\\\/author\\\/redaktion\\\/\"}]}<\/script>\n<!-- \/ Yoast SEO plugin. -->","yoast_head_json":{"title":"\"Zoom aufs Schwarze Loch\" \/ FAZ-Interview mit Luciano Rezzolla | Aktuelles aus der Goethe-Universit\u00e4t Frankfurt","robots":{"index":"index","follow":"follow","max-snippet":"max-snippet:-1","max-image-preview":"max-image-preview:large","max-video-preview":"max-video-preview:-1"},"canonical":"https:\/\/aktuelles.uni-frankfurt.de\/en\/aktuelles\/zoom-aufs-schwarze-loch-faz-interview-mit-luciano-rezzolla\/","og_locale":"en_GB","og_type":"article","og_title":"\"Zoom aufs Schwarze Loch\" \/ FAZ-Interview mit Luciano Rezzolla | Aktuelles aus der Goethe-Universit\u00e4t Frankfurt","og_description":"Das internationale \u201eEvent Horizon Teleskop\u201c-Konsortium, das zurzeit erstmalig versucht, das vermutete Schwarze Loch im Zentrum unserer Milchstra\u00dfe zu vermessen, hat einen Schwerpunkt in Deutschland, und die Arbeitsgruppe von Prof. Luciano [&hellip;]","og_url":"https:\/\/aktuelles.uni-frankfurt.de\/en\/aktuelles\/zoom-aufs-schwarze-loch-faz-interview-mit-luciano-rezzolla\/","og_site_name":"Aktuelles aus der Goethe-Universit\u00e4t Frankfurt","article_published_time":"2017-04-11T12:51:43+00:00","author":"-","twitter_card":"summary_large_image","twitter_misc":{"Written by":"-"},"schema":{"@context":"https:\/\/schema.org","@graph":[{"@type":"Article","@id":"https:\/\/aktuelles.uni-frankfurt.de\/aktuelles\/zoom-aufs-schwarze-loch-faz-interview-mit-luciano-rezzolla\/#article","isPartOf":{"@id":"https:\/\/aktuelles.uni-frankfurt.de\/aktuelles\/zoom-aufs-schwarze-loch-faz-interview-mit-luciano-rezzolla\/"},"author":{"name":"-","@id":"https:\/\/aktuelles.uni-frankfurt.de\/#\/schema\/person\/8e55ea338fb65d1ce87a91565d1f1739"},"headline":"&#8222;Zoom aufs Schwarze Loch&#8220; \/ FAZ-Interview mit Luciano Rezzolla","datePublished":"2017-04-11T12:51:43+00:00","mainEntityOfPage":{"@id":"https:\/\/aktuelles.uni-frankfurt.de\/aktuelles\/zoom-aufs-schwarze-loch-faz-interview-mit-luciano-rezzolla\/"},"wordCount":93,"publisher":{"@id":"https:\/\/aktuelles.uni-frankfurt.de\/#organization"},"keywords":["Physik"],"articleSection":["Kurz gemeldet"],"inLanguage":"en-GB"},{"@type":"WebPage","@id":"https:\/\/aktuelles.uni-frankfurt.de\/aktuelles\/zoom-aufs-schwarze-loch-faz-interview-mit-luciano-rezzolla\/","url":"https:\/\/aktuelles.uni-frankfurt.de\/aktuelles\/zoom-aufs-schwarze-loch-faz-interview-mit-luciano-rezzolla\/","name":"\"Zoom aufs Schwarze Loch\" \/ FAZ-Interview mit Luciano Rezzolla | Aktuelles aus der Goethe-Universit\u00e4t Frankfurt","isPartOf":{"@id":"https:\/\/aktuelles.uni-frankfurt.de\/#website"},"datePublished":"2017-04-11T12:51:43+00:00","breadcrumb":{"@id":"https:\/\/aktuelles.uni-frankfurt.de\/aktuelles\/zoom-aufs-schwarze-loch-faz-interview-mit-luciano-rezzolla\/#breadcrumb"},"inLanguage":"en-GB","potentialAction":[{"@type":"ReadAction","target":["https:\/\/aktuelles.uni-frankfurt.de\/aktuelles\/zoom-aufs-schwarze-loch-faz-interview-mit-luciano-rezzolla\/"]}]},{"@type":"BreadcrumbList","@id":"https:\/\/aktuelles.uni-frankfurt.de\/aktuelles\/zoom-aufs-schwarze-loch-faz-interview-mit-luciano-rezzolla\/#breadcrumb","itemListElement":[{"@type":"ListItem","position":1,"name":"Startseite","item":"https:\/\/aktuelles.uni-frankfurt.de\/"},{"@type":"ListItem","position":2,"name":"&#8220;Zoom aufs Schwarze Loch&#8221; \/ FAZ-Interview mit Luciano Rezzolla"}]},{"@type":"WebSite","@id":"https:\/\/aktuelles.uni-frankfurt.de\/#website","url":"https:\/\/aktuelles.uni-frankfurt.de\/","name":"Aktuelles aus der Goethe-Universit\u00e4t Frankfurt","description":"Aktuelles aus der Goethe-Universit\u00e4t | Neues aus Forschung, Lehre, Studium","publisher":{"@id":"https:\/\/aktuelles.uni-frankfurt.de\/#organization"},"potentialAction":[{"@type":"SearchAction","target":{"@type":"EntryPoint","urlTemplate":"https:\/\/aktuelles.uni-frankfurt.de\/?s={search_term_string}"},"query-input":{"@type":"PropertyValueSpecification","valueRequired":true,"valueName":"search_term_string"}}],"inLanguage":"en-GB"},{"@type":"Organization","@id":"https:\/\/aktuelles.uni-frankfurt.de\/#organization","name":"Goethe University Frankfurt","url":"https:\/\/aktuelles.uni-frankfurt.de\/","logo":{"@type":"ImageObject","inLanguage":"en-GB","@id":"https:\/\/aktuelles.uni-frankfurt.de\/#\/schema\/logo\/image\/","url":"https:\/\/aktuelles.uni-frankfurt.de\/wp-content\/uploads\/2022\/03\/800px-Goethe-Logo.png","contentUrl":"https:\/\/aktuelles.uni-frankfurt.de\/wp-content\/uploads\/2022\/03\/800px-Goethe-Logo.png","width":800,"height":436,"caption":"Goethe-Universit\u00e4t"},"image":{"@id":"https:\/\/aktuelles.uni-frankfurt.de\/#\/schema\/logo\/image\/"}},{"@type":"Person","@id":"https:\/\/aktuelles.uni-frankfurt.de\/#\/schema\/person\/8e55ea338fb65d1ce87a91565d1f1739","name":"-","description":"Dieser Beitrag wurde von der Online-Redaktion ver\u00f6ffentlicht. Wenn der Beitrag von einem Gastautoren verfasst wurde, findet sich dieser Hinweis am Ende des jeweiligen Artikels.","sameAs":["http:\/\/aktuelles.uni-frankfurt.de\/autoren"],"url":"https:\/\/aktuelles.uni-frankfurt.de\/en\/author\/redaktion\/"}]}},"_links":{"self":[{"href":"https:\/\/aktuelles.uni-frankfurt.de\/en\/wp-json\/wp\/v2\/posts\/16186","targetHints":{"allow":["GET"]}}],"collection":[{"href":"https:\/\/aktuelles.uni-frankfurt.de\/en\/wp-json\/wp\/v2\/posts"}],"about":[{"href":"https:\/\/aktuelles.uni-frankfurt.de\/en\/wp-json\/wp\/v2\/types\/post"}],"author":[{"embeddable":true,"href":"https:\/\/aktuelles.uni-frankfurt.de\/en\/wp-json\/wp\/v2\/users\/8"}],"replies":[{"embeddable":true,"href":"https:\/\/aktuelles.uni-frankfurt.de\/en\/wp-json\/wp\/v2\/comments?post=16186"}],"version-history":[{"count":0,"href":"https:\/\/aktuelles.uni-frankfurt.de\/en\/wp-json\/wp\/v2\/posts\/16186\/revisions"}],"wp:attachment":[{"href":"https:\/\/aktuelles.uni-frankfurt.de\/en\/wp-json\/wp\/v2\/media?parent=16186"}],"wp:term":[{"taxonomy":"category","embeddable":true,"href":"https:\/\/aktuelles.uni-frankfurt.de\/en\/wp-json\/wp\/v2\/categories?post=16186"},{"taxonomy":"post_tag","embeddable":true,"href":"https:\/\/aktuelles.uni-frankfurt.de\/en\/wp-json\/wp\/v2\/tags?post=16186"},{"taxonomy":"post_folder","embeddable":true,"href":"https:\/\/aktuelles.uni-frankfurt.de\/en\/wp-json\/wp\/v2\/post_folder?post=16186"}],"curies":[{"name":"wp","href":"https:\/\/api.w.org\/{rel}","templated":true}]}}