{"id":17760,"date":"2017-05-29T18:01:42","date_gmt":"2017-05-29T16:01:42","guid":{"rendered":"http:\/\/aktuelles.uni-frankfurt.de\/?p=17760"},"modified":"2017-05-30T10:18:00","modified_gmt":"2017-05-30T08:18:00","slug":"pokalfinale-mathematiker-lag-mit-prognose-richtig","status":"publish","type":"post","link":"https:\/\/aktuelles.uni-frankfurt.de\/en\/forschung\/pokalfinale-mathematiker-lag-mit-prognose-richtig\/","title":{"rendered":"Pokalfinale: Mathematiker lag mit Prognose richtig"},"content":{"rendered":"<figure id=\"attachment_17763\" aria-describedby=\"caption-attachment-17763\" style=\"width: 350px\" class=\"wp-caption alignleft\"><img fetchpriority=\"high\" decoding=\"async\" class=\"wp-image-17763\" src=\"https:\/\/aktuelles.uni-frankfurt.de\/wp-content\/uploads\/2017\/05\/beitragsbild_mathematik-ludwig-pokalfinale.jpg\" alt=\"\" width=\"350\" height=\"242\" srcset=\"https:\/\/aktuelles.uni-frankfurt.de\/wp-content\/uploads\/2017\/05\/beitragsbild_mathematik-ludwig-pokalfinale.jpg 650w, https:\/\/aktuelles.uni-frankfurt.de\/wp-content\/uploads\/2017\/05\/beitragsbild_mathematik-ludwig-pokalfinale-300x208.jpg 300w\" sizes=\"(max-width: 350px) 100vw, 350px\" \/><figcaption id=\"caption-attachment-17763\" class=\"wp-caption-text\">Mathematik-Didaktiker Prof. Matthias Ludwig bei der Kinder-Universit\u00e4t (2012); Foto: Dettmar<\/figcaption><\/figure>\n<p>Mit 2:1 hat Borussia Dortmund am vergangenen Samstag im Pokalfinale gegen Eintracht Frankfurt gewonnen. Einer, der dieses knappe Ergebnis vorhergesehen oder besser vorausberechnet hat, ist der Mathematik-Didaktiker Prof. Matthias Ludwig.<\/p>\n<p>Fu\u00dfball-Prognosen sind eine Spezialit\u00e4t des Forschers der Goethe-Uni. Besonders vor wichtigen Spielen der Bundesliga und Champions League, aber auch vor Europa- und Weltmeisterschaften ist seine Expertise stark gefragt. Ludwig erkl\u00e4rt das Prinzip der Prognose des Pokalfinales: \u201eIn unserem Berechnungsmodell von fussballmathe.de setzen wir auf objektive Daten wie Mannschaftwert, Toranzahl der letzten Spiele, Torverh\u00e4ltnis fr\u00fcherer Begegnungen.\u201c Heim- und Ausw\u00e4rtsst\u00e4rke konnte man durch den Spielort Berlin vernachl\u00e4ssigen, denn im Olympiastadion wurden die Tickets an beide Vereine gleich verteilt.<\/p>\n<p>Die Wahrscheinlichkeit f\u00fcr das 2:1 war am h\u00f6chsten, so kann sich Ludwig mit seinem Mitarbeiter Iwan Gurjanow \u00fcber die richtige Prognose freuen, was aber aus Sicht der Mathematik nur \u201eZufall\u201c sei: \u201eDas ist \u00fcbrigens bei jedem Einzelereignis so. Aber auf lange Sicht, also bei mehreren Spielen, l\u00e4sst sich der Zufall durchaus b\u00e4ndigen\u201c, sagt Ludwig. Ludwigs Portal fussballmathe.de ist ein Projekt der Arbeitsgruppe MATIS I des Instituts f\u00fcr Didaktik der Mathematik und Informatik in Kooperation mit der Stiftung Rechnen; dar\u00fcber soll vor allem eins erreicht werden: Sch\u00fclerinnen und Sch\u00fclern f\u00fcr Mathematik begeistern, denn das Modell verwendet nur Schulmathematik.<\/p>\n<p>Auf der Website finden Lehrkr\u00e4fte kostenfrei interessantes Material und Aufgaben f\u00fcr ihren Unterricht zum Download. <a href=\"http:\/\/fussballmathe.de\/\" target=\"_blank\" rel=\"noopener noreferrer\">Fussballmathe.de<\/a><\/p>","protected":false},"excerpt":{"rendered":"<p>Mit 2:1 hat Borussia Dortmund am vergangenen Samstag im Pokalfinale gegen Eintracht Frankfurt gewonnen. Einer, der dieses knappe Ergebnis vorhergesehen oder besser vorausberechnet hat, ist der Mathematik-Didaktiker Prof. Matthias Ludwig. [&hellip;]<\/p>\n","protected":false},"author":4,"featured_media":17763,"comment_status":"closed","ping_status":"closed","sticky":false,"template":"","format":"standard","meta":{"_eb_attr":"","_price":"","_stock":"","_tribe_ticket_header":"","_tribe_default_ticket_provider":"","_ticket_start_date":"","_ticket_end_date":"","_tribe_ticket_show_description":"","_tribe_ticket_show_not_going":false,"_tribe_ticket_use_global_stock":"","_tribe_ticket_global_stock_level":"","_global_stock_mode":"","_global_stock_cap":"","_tribe_rsvp_for_event":"","_tribe_ticket_going_count":"","_tribe_ticket_not_going_count":"","_tribe_tickets_list":"[]","_tribe_ticket_has_attendee_info_fields":false,"footnotes":""},"categories":[3],"tags":[32],"post_folder":[],"class_list":["post-17760","post","type-post","status-publish","format-standard","has-post-thumbnail","hentry","category-forschung","tag-mathematik"],"yoast_head":"<!-- This site is optimized with the Yoast SEO plugin v27.5 - https:\/\/yoast.com\/product\/yoast-seo-wordpress\/ -->\n<title>Pokalfinale: Mathematiker lag mit Prognose richtig | Aktuelles aus der Goethe-Universit\u00e4t Frankfurt<\/title>\n<meta name=\"robots\" content=\"index, follow, max-snippet:-1, max-image-preview:large, max-video-preview:-1\" \/>\n<link rel=\"canonical\" href=\"https:\/\/aktuelles.uni-frankfurt.de\/en\/forschung\/pokalfinale-mathematiker-lag-mit-prognose-richtig\/\" \/>\n<meta property=\"og:locale\" content=\"en_GB\" \/>\n<meta property=\"og:type\" content=\"article\" \/>\n<meta property=\"og:title\" content=\"Pokalfinale: Mathematiker lag mit Prognose richtig | Aktuelles aus der Goethe-Universit\u00e4t Frankfurt\" \/>\n<meta property=\"og:description\" content=\"Mit 2:1 hat Borussia Dortmund am vergangenen Samstag im Pokalfinale gegen Eintracht Frankfurt gewonnen. Einer, der dieses knappe Ergebnis vorhergesehen oder besser vorausberechnet hat, ist der Mathematik-Didaktiker Prof. Matthias Ludwig. [&hellip;]\" \/>\n<meta property=\"og:url\" content=\"https:\/\/aktuelles.uni-frankfurt.de\/en\/forschung\/pokalfinale-mathematiker-lag-mit-prognose-richtig\/\" \/>\n<meta property=\"og:site_name\" content=\"Aktuelles aus der Goethe-Universit\u00e4t Frankfurt\" \/>\n<meta property=\"article:published_time\" content=\"2017-05-29T16:01:42+00:00\" \/>\n<meta property=\"article:modified_time\" content=\"2017-05-30T08:18:00+00:00\" \/>\n<meta property=\"og:image\" content=\"https:\/\/aktuelles.uni-frankfurt.de\/wp-content\/uploads\/2017\/05\/beitragsbild_mathematik-ludwig-pokalfinale.jpg\" \/>\n\t<meta property=\"og:image:width\" content=\"650\" \/>\n\t<meta property=\"og:image:height\" content=\"450\" \/>\n\t<meta property=\"og:image:type\" content=\"image\/jpeg\" \/>\n<meta name=\"author\" content=\"Dr. Dirk Frank\" \/>\n<meta name=\"twitter:card\" content=\"summary_large_image\" \/>\n<meta name=\"twitter:label1\" content=\"Written by\" \/>\n\t<meta name=\"twitter:data1\" content=\"Dr. Dirk Frank\" \/>\n\t<meta name=\"twitter:label2\" content=\"Estimated reading time\" \/>\n\t<meta name=\"twitter:data2\" content=\"1 minute\" \/>\n<script type=\"application\/ld+json\" class=\"yoast-schema-graph\">{\"@context\":\"https:\\\/\\\/schema.org\",\"@graph\":[{\"@type\":\"Article\",\"@id\":\"https:\\\/\\\/aktuelles.uni-frankfurt.de\\\/forschung\\\/pokalfinale-mathematiker-lag-mit-prognose-richtig\\\/#article\",\"isPartOf\":{\"@id\":\"https:\\\/\\\/aktuelles.uni-frankfurt.de\\\/forschung\\\/pokalfinale-mathematiker-lag-mit-prognose-richtig\\\/\"},\"author\":{\"name\":\"Dr. Dirk Frank\",\"@id\":\"https:\\\/\\\/aktuelles.uni-frankfurt.de\\\/#\\\/schema\\\/person\\\/370c4588b49f66f89d917e8bd01f72b0\"},\"headline\":\"Pokalfinale: Mathematiker lag mit Prognose richtig\",\"datePublished\":\"2017-05-29T16:01:42+00:00\",\"dateModified\":\"2017-05-30T08:18:00+00:00\",\"mainEntityOfPage\":{\"@id\":\"https:\\\/\\\/aktuelles.uni-frankfurt.de\\\/forschung\\\/pokalfinale-mathematiker-lag-mit-prognose-richtig\\\/\"},\"wordCount\":262,\"publisher\":{\"@id\":\"https:\\\/\\\/aktuelles.uni-frankfurt.de\\\/#organization\"},\"image\":{\"@id\":\"https:\\\/\\\/aktuelles.uni-frankfurt.de\\\/forschung\\\/pokalfinale-mathematiker-lag-mit-prognose-richtig\\\/#primaryimage\"},\"thumbnailUrl\":\"https:\\\/\\\/aktuelles.uni-frankfurt.de\\\/wp-content\\\/uploads\\\/2017\\\/05\\\/beitragsbild_mathematik-ludwig-pokalfinale.jpg\",\"keywords\":[\"Mathematik\"],\"articleSection\":[\"Forschung\"],\"inLanguage\":\"en-GB\"},{\"@type\":\"WebPage\",\"@id\":\"https:\\\/\\\/aktuelles.uni-frankfurt.de\\\/forschung\\\/pokalfinale-mathematiker-lag-mit-prognose-richtig\\\/\",\"url\":\"https:\\\/\\\/aktuelles.uni-frankfurt.de\\\/forschung\\\/pokalfinale-mathematiker-lag-mit-prognose-richtig\\\/\",\"name\":\"Pokalfinale: Mathematiker lag mit Prognose richtig | Aktuelles aus der Goethe-Universit\u00e4t Frankfurt\",\"isPartOf\":{\"@id\":\"https:\\\/\\\/aktuelles.uni-frankfurt.de\\\/#website\"},\"primaryImageOfPage\":{\"@id\":\"https:\\\/\\\/aktuelles.uni-frankfurt.de\\\/forschung\\\/pokalfinale-mathematiker-lag-mit-prognose-richtig\\\/#primaryimage\"},\"image\":{\"@id\":\"https:\\\/\\\/aktuelles.uni-frankfurt.de\\\/forschung\\\/pokalfinale-mathematiker-lag-mit-prognose-richtig\\\/#primaryimage\"},\"thumbnailUrl\":\"https:\\\/\\\/aktuelles.uni-frankfurt.de\\\/wp-content\\\/uploads\\\/2017\\\/05\\\/beitragsbild_mathematik-ludwig-pokalfinale.jpg\",\"datePublished\":\"2017-05-29T16:01:42+00:00\",\"dateModified\":\"2017-05-30T08:18:00+00:00\",\"breadcrumb\":{\"@id\":\"https:\\\/\\\/aktuelles.uni-frankfurt.de\\\/forschung\\\/pokalfinale-mathematiker-lag-mit-prognose-richtig\\\/#breadcrumb\"},\"inLanguage\":\"en-GB\",\"potentialAction\":[{\"@type\":\"ReadAction\",\"target\":[\"https:\\\/\\\/aktuelles.uni-frankfurt.de\\\/forschung\\\/pokalfinale-mathematiker-lag-mit-prognose-richtig\\\/\"]}]},{\"@type\":\"ImageObject\",\"inLanguage\":\"en-GB\",\"@id\":\"https:\\\/\\\/aktuelles.uni-frankfurt.de\\\/forschung\\\/pokalfinale-mathematiker-lag-mit-prognose-richtig\\\/#primaryimage\",\"url\":\"https:\\\/\\\/aktuelles.uni-frankfurt.de\\\/wp-content\\\/uploads\\\/2017\\\/05\\\/beitragsbild_mathematik-ludwig-pokalfinale.jpg\",\"contentUrl\":\"https:\\\/\\\/aktuelles.uni-frankfurt.de\\\/wp-content\\\/uploads\\\/2017\\\/05\\\/beitragsbild_mathematik-ludwig-pokalfinale.jpg\",\"width\":650,\"height\":450,\"caption\":\"Mathematik-Didaktiker Prof. Matthias Ludwig bei der Kinder-Universit\u00e4t (2012); Foto: Dettmar\"},{\"@type\":\"BreadcrumbList\",\"@id\":\"https:\\\/\\\/aktuelles.uni-frankfurt.de\\\/forschung\\\/pokalfinale-mathematiker-lag-mit-prognose-richtig\\\/#breadcrumb\",\"itemListElement\":[{\"@type\":\"ListItem\",\"position\":1,\"name\":\"Startseite\",\"item\":\"https:\\\/\\\/aktuelles.uni-frankfurt.de\\\/\"},{\"@type\":\"ListItem\",\"position\":2,\"name\":\"Pokalfinale: Mathematiker lag mit Prognose richtig\"}]},{\"@type\":\"WebSite\",\"@id\":\"https:\\\/\\\/aktuelles.uni-frankfurt.de\\\/#website\",\"url\":\"https:\\\/\\\/aktuelles.uni-frankfurt.de\\\/\",\"name\":\"Aktuelles aus der Goethe-Universit\u00e4t Frankfurt\",\"description\":\"Aktuelles aus der Goethe-Universit\u00e4t | Neues aus Forschung, Lehre, Studium\",\"publisher\":{\"@id\":\"https:\\\/\\\/aktuelles.uni-frankfurt.de\\\/#organization\"},\"potentialAction\":[{\"@type\":\"SearchAction\",\"target\":{\"@type\":\"EntryPoint\",\"urlTemplate\":\"https:\\\/\\\/aktuelles.uni-frankfurt.de\\\/?s={search_term_string}\"},\"query-input\":{\"@type\":\"PropertyValueSpecification\",\"valueRequired\":true,\"valueName\":\"search_term_string\"}}],\"inLanguage\":\"en-GB\"},{\"@type\":\"Organization\",\"@id\":\"https:\\\/\\\/aktuelles.uni-frankfurt.de\\\/#organization\",\"name\":\"Goethe-Universit\u00e4t\",\"url\":\"https:\\\/\\\/aktuelles.uni-frankfurt.de\\\/\",\"logo\":{\"@type\":\"ImageObject\",\"inLanguage\":\"en-GB\",\"@id\":\"https:\\\/\\\/aktuelles.uni-frankfurt.de\\\/#\\\/schema\\\/logo\\\/image\\\/\",\"url\":\"https:\\\/\\\/aktuelles.uni-frankfurt.de\\\/wp-content\\\/uploads\\\/2022\\\/03\\\/800px-Goethe-Logo.png\",\"contentUrl\":\"https:\\\/\\\/aktuelles.uni-frankfurt.de\\\/wp-content\\\/uploads\\\/2022\\\/03\\\/800px-Goethe-Logo.png\",\"width\":800,\"height\":436,\"caption\":\"Goethe-Universit\u00e4t\"},\"image\":{\"@id\":\"https:\\\/\\\/aktuelles.uni-frankfurt.de\\\/#\\\/schema\\\/logo\\\/image\\\/\"}},{\"@type\":\"Person\",\"@id\":\"https:\\\/\\\/aktuelles.uni-frankfurt.de\\\/#\\\/schema\\\/person\\\/370c4588b49f66f89d917e8bd01f72b0\",\"name\":\"Dr. Dirk Frank\",\"description\":\"Dr. Dirk Frank, 49, ist seit 2012 Pressereferent an der Goethe-Universit\u00e4t. Der promovierte Literaturwissenschaftler ist stellvertretender Leiter der Abteilung Marketing und Kommunikation und f\u00fcr die Redaktion des UniReport zust\u00e4ndig.\",\"sameAs\":[\"http:\\\/\\\/aktuelles.uni-frankfurt.de\\\/\"],\"url\":\"https:\\\/\\\/aktuelles.uni-frankfurt.de\\\/en\\\/author\\\/dr-dirkfrank\\\/\"}]}<\/script>\n<!-- \/ Yoast SEO plugin. -->","yoast_head_json":{"title":"Pokalfinale: Mathematiker lag mit Prognose richtig | Aktuelles aus der Goethe-Universit\u00e4t Frankfurt","robots":{"index":"index","follow":"follow","max-snippet":"max-snippet:-1","max-image-preview":"max-image-preview:large","max-video-preview":"max-video-preview:-1"},"canonical":"https:\/\/aktuelles.uni-frankfurt.de\/en\/forschung\/pokalfinale-mathematiker-lag-mit-prognose-richtig\/","og_locale":"en_GB","og_type":"article","og_title":"Pokalfinale: Mathematiker lag mit Prognose richtig | Aktuelles aus der Goethe-Universit\u00e4t Frankfurt","og_description":"Mit 2:1 hat Borussia Dortmund am vergangenen Samstag im Pokalfinale gegen Eintracht Frankfurt gewonnen. Einer, der dieses knappe Ergebnis vorhergesehen oder besser vorausberechnet hat, ist der Mathematik-Didaktiker Prof. Matthias Ludwig. [&hellip;]","og_url":"https:\/\/aktuelles.uni-frankfurt.de\/en\/forschung\/pokalfinale-mathematiker-lag-mit-prognose-richtig\/","og_site_name":"Aktuelles aus der Goethe-Universit\u00e4t Frankfurt","article_published_time":"2017-05-29T16:01:42+00:00","article_modified_time":"2017-05-30T08:18:00+00:00","og_image":[{"width":650,"height":450,"url":"https:\/\/aktuelles.uni-frankfurt.de\/wp-content\/uploads\/2017\/05\/beitragsbild_mathematik-ludwig-pokalfinale.jpg","type":"image\/jpeg"}],"author":"Dr. Dirk Frank","twitter_card":"summary_large_image","twitter_misc":{"Written by":"Dr. Dirk Frank","Estimated reading time":"1 minute"},"schema":{"@context":"https:\/\/schema.org","@graph":[{"@type":"Article","@id":"https:\/\/aktuelles.uni-frankfurt.de\/forschung\/pokalfinale-mathematiker-lag-mit-prognose-richtig\/#article","isPartOf":{"@id":"https:\/\/aktuelles.uni-frankfurt.de\/forschung\/pokalfinale-mathematiker-lag-mit-prognose-richtig\/"},"author":{"name":"Dr. Dirk Frank","@id":"https:\/\/aktuelles.uni-frankfurt.de\/#\/schema\/person\/370c4588b49f66f89d917e8bd01f72b0"},"headline":"Pokalfinale: Mathematiker lag mit Prognose richtig","datePublished":"2017-05-29T16:01:42+00:00","dateModified":"2017-05-30T08:18:00+00:00","mainEntityOfPage":{"@id":"https:\/\/aktuelles.uni-frankfurt.de\/forschung\/pokalfinale-mathematiker-lag-mit-prognose-richtig\/"},"wordCount":262,"publisher":{"@id":"https:\/\/aktuelles.uni-frankfurt.de\/#organization"},"image":{"@id":"https:\/\/aktuelles.uni-frankfurt.de\/forschung\/pokalfinale-mathematiker-lag-mit-prognose-richtig\/#primaryimage"},"thumbnailUrl":"https:\/\/aktuelles.uni-frankfurt.de\/wp-content\/uploads\/2017\/05\/beitragsbild_mathematik-ludwig-pokalfinale.jpg","keywords":["Mathematik"],"articleSection":["Forschung"],"inLanguage":"en-GB"},{"@type":"WebPage","@id":"https:\/\/aktuelles.uni-frankfurt.de\/forschung\/pokalfinale-mathematiker-lag-mit-prognose-richtig\/","url":"https:\/\/aktuelles.uni-frankfurt.de\/forschung\/pokalfinale-mathematiker-lag-mit-prognose-richtig\/","name":"Pokalfinale: Mathematiker lag mit Prognose richtig | Aktuelles aus der Goethe-Universit\u00e4t Frankfurt","isPartOf":{"@id":"https:\/\/aktuelles.uni-frankfurt.de\/#website"},"primaryImageOfPage":{"@id":"https:\/\/aktuelles.uni-frankfurt.de\/forschung\/pokalfinale-mathematiker-lag-mit-prognose-richtig\/#primaryimage"},"image":{"@id":"https:\/\/aktuelles.uni-frankfurt.de\/forschung\/pokalfinale-mathematiker-lag-mit-prognose-richtig\/#primaryimage"},"thumbnailUrl":"https:\/\/aktuelles.uni-frankfurt.de\/wp-content\/uploads\/2017\/05\/beitragsbild_mathematik-ludwig-pokalfinale.jpg","datePublished":"2017-05-29T16:01:42+00:00","dateModified":"2017-05-30T08:18:00+00:00","breadcrumb":{"@id":"https:\/\/aktuelles.uni-frankfurt.de\/forschung\/pokalfinale-mathematiker-lag-mit-prognose-richtig\/#breadcrumb"},"inLanguage":"en-GB","potentialAction":[{"@type":"ReadAction","target":["https:\/\/aktuelles.uni-frankfurt.de\/forschung\/pokalfinale-mathematiker-lag-mit-prognose-richtig\/"]}]},{"@type":"ImageObject","inLanguage":"en-GB","@id":"https:\/\/aktuelles.uni-frankfurt.de\/forschung\/pokalfinale-mathematiker-lag-mit-prognose-richtig\/#primaryimage","url":"https:\/\/aktuelles.uni-frankfurt.de\/wp-content\/uploads\/2017\/05\/beitragsbild_mathematik-ludwig-pokalfinale.jpg","contentUrl":"https:\/\/aktuelles.uni-frankfurt.de\/wp-content\/uploads\/2017\/05\/beitragsbild_mathematik-ludwig-pokalfinale.jpg","width":650,"height":450,"caption":"Mathematik-Didaktiker Prof. Matthias Ludwig bei der Kinder-Universit\u00e4t (2012); Foto: Dettmar"},{"@type":"BreadcrumbList","@id":"https:\/\/aktuelles.uni-frankfurt.de\/forschung\/pokalfinale-mathematiker-lag-mit-prognose-richtig\/#breadcrumb","itemListElement":[{"@type":"ListItem","position":1,"name":"Startseite","item":"https:\/\/aktuelles.uni-frankfurt.de\/"},{"@type":"ListItem","position":2,"name":"Pokalfinale: Mathematiker lag mit Prognose richtig"}]},{"@type":"WebSite","@id":"https:\/\/aktuelles.uni-frankfurt.de\/#website","url":"https:\/\/aktuelles.uni-frankfurt.de\/","name":"Aktuelles aus der Goethe-Universit\u00e4t Frankfurt","description":"Aktuelles aus der Goethe-Universit\u00e4t | Neues aus Forschung, Lehre, Studium","publisher":{"@id":"https:\/\/aktuelles.uni-frankfurt.de\/#organization"},"potentialAction":[{"@type":"SearchAction","target":{"@type":"EntryPoint","urlTemplate":"https:\/\/aktuelles.uni-frankfurt.de\/?s={search_term_string}"},"query-input":{"@type":"PropertyValueSpecification","valueRequired":true,"valueName":"search_term_string"}}],"inLanguage":"en-GB"},{"@type":"Organization","@id":"https:\/\/aktuelles.uni-frankfurt.de\/#organization","name":"Goethe University Frankfurt","url":"https:\/\/aktuelles.uni-frankfurt.de\/","logo":{"@type":"ImageObject","inLanguage":"en-GB","@id":"https:\/\/aktuelles.uni-frankfurt.de\/#\/schema\/logo\/image\/","url":"https:\/\/aktuelles.uni-frankfurt.de\/wp-content\/uploads\/2022\/03\/800px-Goethe-Logo.png","contentUrl":"https:\/\/aktuelles.uni-frankfurt.de\/wp-content\/uploads\/2022\/03\/800px-Goethe-Logo.png","width":800,"height":436,"caption":"Goethe-Universit\u00e4t"},"image":{"@id":"https:\/\/aktuelles.uni-frankfurt.de\/#\/schema\/logo\/image\/"}},{"@type":"Person","@id":"https:\/\/aktuelles.uni-frankfurt.de\/#\/schema\/person\/370c4588b49f66f89d917e8bd01f72b0","name":"Dr. Dirk Frank","description":"Dr. Dirk Frank, 49, ist seit 2012 Pressereferent an der Goethe-Universit\u00e4t. Der promovierte Literaturwissenschaftler ist stellvertretender Leiter der Abteilung Marketing und Kommunikation und f\u00fcr die Redaktion des UniReport zust\u00e4ndig.","sameAs":["http:\/\/aktuelles.uni-frankfurt.de\/"],"url":"https:\/\/aktuelles.uni-frankfurt.de\/en\/author\/dr-dirkfrank\/"}]}},"_links":{"self":[{"href":"https:\/\/aktuelles.uni-frankfurt.de\/en\/wp-json\/wp\/v2\/posts\/17760","targetHints":{"allow":["GET"]}}],"collection":[{"href":"https:\/\/aktuelles.uni-frankfurt.de\/en\/wp-json\/wp\/v2\/posts"}],"about":[{"href":"https:\/\/aktuelles.uni-frankfurt.de\/en\/wp-json\/wp\/v2\/types\/post"}],"author":[{"embeddable":true,"href":"https:\/\/aktuelles.uni-frankfurt.de\/en\/wp-json\/wp\/v2\/users\/4"}],"replies":[{"embeddable":true,"href":"https:\/\/aktuelles.uni-frankfurt.de\/en\/wp-json\/wp\/v2\/comments?post=17760"}],"version-history":[{"count":0,"href":"https:\/\/aktuelles.uni-frankfurt.de\/en\/wp-json\/wp\/v2\/posts\/17760\/revisions"}],"wp:featuredmedia":[{"embeddable":true,"href":"https:\/\/aktuelles.uni-frankfurt.de\/en\/wp-json\/wp\/v2\/media\/17763"}],"wp:attachment":[{"href":"https:\/\/aktuelles.uni-frankfurt.de\/en\/wp-json\/wp\/v2\/media?parent=17760"}],"wp:term":[{"taxonomy":"category","embeddable":true,"href":"https:\/\/aktuelles.uni-frankfurt.de\/en\/wp-json\/wp\/v2\/categories?post=17760"},{"taxonomy":"post_tag","embeddable":true,"href":"https:\/\/aktuelles.uni-frankfurt.de\/en\/wp-json\/wp\/v2\/tags?post=17760"},{"taxonomy":"post_folder","embeddable":true,"href":"https:\/\/aktuelles.uni-frankfurt.de\/en\/wp-json\/wp\/v2\/post_folder?post=17760"}],"curies":[{"name":"wp","href":"https:\/\/api.w.org\/{rel}","templated":true}]}}