{"id":1840,"date":"2015-12-03T11:16:51","date_gmt":"2015-12-03T10:16:51","guid":{"rendered":"http:\/\/aktuelles.uni-frankfurt.de\/?p=1840"},"modified":"2016-01-26T17:13:17","modified_gmt":"2016-01-26T16:13:17","slug":"hanna-reuther-ueber-das-academic-welcome-program","status":"publish","type":"post","link":"https:\/\/aktuelles.uni-frankfurt.de\/en\/studium\/hanna-reuther-ueber-das-academic-welcome-program\/","title":{"rendered":"Hanna Reuther \u00fcber das Academic Welcome Program"},"content":{"rendered":"<p><strong>UniReport: Frau Reuther, m\u00fcssen sich die Fl\u00fcchtlinge allein um die Belegung eines Sprachkurses, das B\u00fccher-Ausleihen etc. k\u00fcmmern oder bekommen sie dabei Hilfe?<\/strong><\/p>\n<p><strong>Hanna Reuther:<\/strong> Es gibt eine studentische Mitarbeiterin im AWP, die zweimal in der Woche Sprechstunden anbietet und dar\u00fcber hinaus den Kontakt zu den Teilnehmern h\u00e4lt. Dar\u00fcber hinaus stehen die Services des International Office und der Zentralen Studienberatung den Gefl\u00fcchteten jederzeit zur Verf\u00fcgung. Zudem gibt es das Angebot von AEW, an einem Tandem-Programm mit deutschen Studierenden teilzunehmen.<\/p>\n<p><strong>Werden sich die Fl\u00fcchtlinge im Rahmen des Programms untereinander kennenlernen?<\/strong><\/p>\n<p>Ja, es wird weitere Informationsveranstaltungen im Semesterverlauf geben zu Themen wie Arbeiten in Deutschland oder Studienwahl und es gibt das Tutorium f\u00fcr das Online-Sprachlernprogramm, das zweimal pro Woche stattfindet. Dar\u00fcber hinaus m\u00f6chten wir die Teilnehmer ermutigen, gemeinsame Lernzeiten festzulegen, um sich in bestimmten Pool-R\u00e4umen der GU zu treffen oder sich \u00fcber Foren\/ Gruppen via OLAT zu vernetzten. Hierzu sind wir gerade mit dem HRZ im Gespr\u00e4ch.<\/p>\n<p><strong>Warum d\u00fcrfen die Fl\u00fcchtlinge Vorlesungen nur als Gasth\u00f6rer besuchen?<\/strong><\/p>\n<p>Das ist eine Frage des Kapazit\u00e4tsrechts. Es gibt ja auch viele deutsche Studienbewerber, die keinen Studienplatz bekommen und folglich keine Pr\u00fcfungen absolvieren d\u00fcrfen, weil es eben nur bestimmte Betreuungs- und Pr\u00fcfungskapazit\u00e4ten gibt.<\/p>\n<p><strong>Wie viele Leute haben sich urspr\u00fcnglichbeworben um das Programm und wie viele d\u00fcrfen es im n\u00e4chsten Semester?<\/strong><\/p>\n<p>Wir sind mit 30 Personen gestartet und planen, ab dem n\u00e4chsten Semester mindestens 50 Pl\u00e4tze anzubieten. Das Programm kann und soll weiter wachsen, ggf. auf bis zu 100 Teilnehmer oder mehr \u2013 wenn entsprechende Ressourcen vorhanden sind. Der jetzige Anfang mit 30 Personen hilft uns, zun\u00e4chst die Strukturen und Prozesse stabil aufzubauen, um dann auch eine gr\u00f6\u00dfere Anzahl aufnehmen zu k\u00f6nnen.<\/p>\n<p><strong>Wof\u00fcr werden die 50.000 Euro der Aventis Foundation ausgegeben?<\/strong><\/p>\n<p>Vor allem f\u00fcr Deutschkurse und den Ausbau des Multimedialen Sprachlabors, f\u00fcr die studentische Mitarbeiterin im AWP, f\u00fcr Sachkosten wie die Durchf\u00fchrung von Auftakt- und Informationsveranstaltungen. Dar\u00fcber hinaus erh\u00e4lt die studentische Initiative AEW einen kleineren Betrag f\u00fcr Sachkosten und Mobilit\u00e4tszusch\u00fcsse, um ihre Angebote durchf\u00fchren zu k\u00f6nnen.<\/p>\n<p><strong>Wie k\u00f6nnen GU-Mitarbeiter und Studierende Fl\u00fcchtlingen helfen?<\/strong><\/p>\n<p>Jeder ist eingeladen, sich an der Initiative \u201eFrankfurt hilft\u201c zu beteiligen, die vielf\u00e4ltige Aktionen und Unterst\u00fctzungsangebote f\u00fcr Fl\u00fcchtlinge koordiniert: www.frankfurt-hilft.de. Es gibt auch Fachbereiche oder Institute, die selbst eine Idee entwickeln, wie z. B. die neue Lesegruppe \u201eBordercrossers \u2013 Book Club for Refugees and Non-Refugees\u201c vom Institut f\u00fcr England- und Amerikastudien. Studierende k\u00f6nnen sich au\u00dferdem dem Tandem-Programm der studentischen Initiative Academic Experience worldwide anschlie\u00dfen: Hier profitiert der Asylsuchende von der kulturellen und sprachlichen Expertise des Studierenden, w\u00e4hrend dieser von dem Asylsuchenden fachspezifische Einblicke aus dessen akademischem Werdegang bekommt. <em>[Autorin: Julia Wittenhagen]<\/em><\/p>\n<p>[dt_call_to_action content_size=&#8220;small&#8220; background=&#8220;plain&#8220; line=&#8220;true&#8220; style=&#8220;1&#8243; animation=&#8220;fadeIn&#8220;]<\/p>\n<p><em><strong><a href=\"https:\/\/aktuelles.uni-frankfurt.de\/studium\/willkommen-an-der-goethe-universitaet\/\">Zum Artikel: \u00bbWillkommen an der Goethe-Universit\u00e4t\u00ab<\/a><\/strong><\/em><\/p>\n<p>[\/dt_call_to_action]<\/p>\n","protected":false},"excerpt":{"rendered":"<p>UniReport: Frau Reuther, m\u00fcssen sich die Fl\u00fcchtlinge allein um die Belegung eines Sprachkurses, das B\u00fccher-Ausleihen etc. k\u00fcmmern oder bekommen sie dabei Hilfe? Hanna Reuther: Es gibt eine studentische Mitarbeiterin im [&hellip;]<\/p>\n","protected":false},"author":8,"featured_media":3005,"comment_status":"closed","ping_status":"closed","sticky":false,"template":"","format":"standard","meta":{"_eb_attr":"","_price":"","_stock":"","_tribe_ticket_header":"","_tribe_default_ticket_provider":"","_ticket_start_date":"","_ticket_end_date":"","_tribe_ticket_show_description":"","_tribe_ticket_show_not_going":false,"_tribe_ticket_use_global_stock":"","_tribe_ticket_global_stock_level":"","_global_stock_mode":"","_global_stock_cap":"","_tribe_rsvp_for_event":"","_tribe_ticket_going_count":"","_tribe_ticket_not_going_count":"","_tribe_tickets_list":"[]","_tribe_ticket_has_attendee_info_fields":false,"footnotes":""},"categories":[9],"tags":[27,25,10],"post_folder":[],"class_list":["post-1840","post","type-post","status-publish","format-standard","has-post-thumbnail","hentry","category-studium","tag-internationales","tag-interview","tag-unireport"],"yoast_head":"<!-- This site is optimized with the Yoast SEO plugin v27.4 - https:\/\/yoast.com\/product\/yoast-seo-wordpress\/ -->\n<title>Hanna Reuther \u00fcber das Academic Welcome Program | Aktuelles aus der Goethe-Universit\u00e4t Frankfurt<\/title>\n<meta name=\"robots\" content=\"index, follow, max-snippet:-1, max-image-preview:large, max-video-preview:-1\" \/>\n<link rel=\"canonical\" href=\"https:\/\/aktuelles.uni-frankfurt.de\/en\/studium\/hanna-reuther-ueber-das-academic-welcome-program\/\" \/>\n<meta property=\"og:locale\" content=\"en_GB\" \/>\n<meta property=\"og:type\" content=\"article\" \/>\n<meta property=\"og:title\" content=\"Hanna Reuther \u00fcber das Academic Welcome Program | Aktuelles aus der Goethe-Universit\u00e4t Frankfurt\" \/>\n<meta property=\"og:description\" content=\"UniReport: Frau Reuther, m\u00fcssen sich die Fl\u00fcchtlinge allein um die Belegung eines Sprachkurses, das B\u00fccher-Ausleihen etc. k\u00fcmmern oder bekommen sie dabei Hilfe? Hanna Reuther: Es gibt eine studentische Mitarbeiterin im [&hellip;]\" \/>\n<meta property=\"og:url\" content=\"https:\/\/aktuelles.uni-frankfurt.de\/en\/studium\/hanna-reuther-ueber-das-academic-welcome-program\/\" \/>\n<meta property=\"og:site_name\" content=\"Aktuelles aus der Goethe-Universit\u00e4t Frankfurt\" \/>\n<meta property=\"article:published_time\" content=\"2015-12-03T10:16:51+00:00\" \/>\n<meta property=\"article:modified_time\" content=\"2016-01-26T16:13:17+00:00\" \/>\n<meta property=\"og:image\" content=\"https:\/\/aktuelles.uni-frankfurt.de\/wp-content\/uploads\/2015\/12\/blog_studium-academic.jpg\" \/>\n\t<meta property=\"og:image:width\" content=\"400\" \/>\n\t<meta property=\"og:image:height\" content=\"300\" \/>\n\t<meta property=\"og:image:type\" content=\"image\/jpeg\" \/>\n<meta name=\"author\" content=\"-\" \/>\n<meta name=\"twitter:card\" content=\"summary_large_image\" \/>\n<meta name=\"twitter:label1\" content=\"Written by\" \/>\n\t<meta name=\"twitter:data1\" content=\"-\" \/>\n\t<meta name=\"twitter:label2\" content=\"Estimated reading time\" \/>\n\t<meta name=\"twitter:data2\" content=\"2 minutes\" \/>\n<script type=\"application\/ld+json\" class=\"yoast-schema-graph\">{\"@context\":\"https:\\\/\\\/schema.org\",\"@graph\":[{\"@type\":\"Article\",\"@id\":\"https:\\\/\\\/aktuelles.uni-frankfurt.de\\\/studium\\\/hanna-reuther-ueber-das-academic-welcome-program\\\/#article\",\"isPartOf\":{\"@id\":\"https:\\\/\\\/aktuelles.uni-frankfurt.de\\\/studium\\\/hanna-reuther-ueber-das-academic-welcome-program\\\/\"},\"author\":{\"name\":\"-\",\"@id\":\"https:\\\/\\\/aktuelles.uni-frankfurt.de\\\/#\\\/schema\\\/person\\\/8e55ea338fb65d1ce87a91565d1f1739\"},\"headline\":\"Hanna Reuther \u00fcber das Academic Welcome Program\",\"datePublished\":\"2015-12-03T10:16:51+00:00\",\"dateModified\":\"2016-01-26T16:13:17+00:00\",\"mainEntityOfPage\":{\"@id\":\"https:\\\/\\\/aktuelles.uni-frankfurt.de\\\/studium\\\/hanna-reuther-ueber-das-academic-welcome-program\\\/\"},\"wordCount\":506,\"publisher\":{\"@id\":\"https:\\\/\\\/aktuelles.uni-frankfurt.de\\\/#organization\"},\"image\":{\"@id\":\"https:\\\/\\\/aktuelles.uni-frankfurt.de\\\/studium\\\/hanna-reuther-ueber-das-academic-welcome-program\\\/#primaryimage\"},\"thumbnailUrl\":\"https:\\\/\\\/aktuelles.uni-frankfurt.de\\\/wp-content\\\/uploads\\\/2015\\\/12\\\/blog_studium-academic.jpg\",\"keywords\":[\"Internationales\",\"Interview\",\"UniReport\"],\"articleSection\":[\"Studium\"],\"inLanguage\":\"en-GB\"},{\"@type\":\"WebPage\",\"@id\":\"https:\\\/\\\/aktuelles.uni-frankfurt.de\\\/studium\\\/hanna-reuther-ueber-das-academic-welcome-program\\\/\",\"url\":\"https:\\\/\\\/aktuelles.uni-frankfurt.de\\\/studium\\\/hanna-reuther-ueber-das-academic-welcome-program\\\/\",\"name\":\"Hanna Reuther \u00fcber das Academic Welcome Program | Aktuelles aus der Goethe-Universit\u00e4t Frankfurt\",\"isPartOf\":{\"@id\":\"https:\\\/\\\/aktuelles.uni-frankfurt.de\\\/#website\"},\"primaryImageOfPage\":{\"@id\":\"https:\\\/\\\/aktuelles.uni-frankfurt.de\\\/studium\\\/hanna-reuther-ueber-das-academic-welcome-program\\\/#primaryimage\"},\"image\":{\"@id\":\"https:\\\/\\\/aktuelles.uni-frankfurt.de\\\/studium\\\/hanna-reuther-ueber-das-academic-welcome-program\\\/#primaryimage\"},\"thumbnailUrl\":\"https:\\\/\\\/aktuelles.uni-frankfurt.de\\\/wp-content\\\/uploads\\\/2015\\\/12\\\/blog_studium-academic.jpg\",\"datePublished\":\"2015-12-03T10:16:51+00:00\",\"dateModified\":\"2016-01-26T16:13:17+00:00\",\"breadcrumb\":{\"@id\":\"https:\\\/\\\/aktuelles.uni-frankfurt.de\\\/studium\\\/hanna-reuther-ueber-das-academic-welcome-program\\\/#breadcrumb\"},\"inLanguage\":\"en-GB\",\"potentialAction\":[{\"@type\":\"ReadAction\",\"target\":[\"https:\\\/\\\/aktuelles.uni-frankfurt.de\\\/studium\\\/hanna-reuther-ueber-das-academic-welcome-program\\\/\"]}]},{\"@type\":\"ImageObject\",\"inLanguage\":\"en-GB\",\"@id\":\"https:\\\/\\\/aktuelles.uni-frankfurt.de\\\/studium\\\/hanna-reuther-ueber-das-academic-welcome-program\\\/#primaryimage\",\"url\":\"https:\\\/\\\/aktuelles.uni-frankfurt.de\\\/wp-content\\\/uploads\\\/2015\\\/12\\\/blog_studium-academic.jpg\",\"contentUrl\":\"https:\\\/\\\/aktuelles.uni-frankfurt.de\\\/wp-content\\\/uploads\\\/2015\\\/12\\\/blog_studium-academic.jpg\",\"width\":400,\"height\":300,\"caption\":\"Body of Knowledge; Foto: Uwe Dettmar\"},{\"@type\":\"BreadcrumbList\",\"@id\":\"https:\\\/\\\/aktuelles.uni-frankfurt.de\\\/studium\\\/hanna-reuther-ueber-das-academic-welcome-program\\\/#breadcrumb\",\"itemListElement\":[{\"@type\":\"ListItem\",\"position\":1,\"name\":\"Startseite\",\"item\":\"https:\\\/\\\/aktuelles.uni-frankfurt.de\\\/\"},{\"@type\":\"ListItem\",\"position\":2,\"name\":\"Hanna Reuther \u00fcber das Academic Welcome Program\"}]},{\"@type\":\"WebSite\",\"@id\":\"https:\\\/\\\/aktuelles.uni-frankfurt.de\\\/#website\",\"url\":\"https:\\\/\\\/aktuelles.uni-frankfurt.de\\\/\",\"name\":\"Aktuelles aus der Goethe-Universit\u00e4t Frankfurt\",\"description\":\"Aktuelles aus der Goethe-Universit\u00e4t | Neues aus Forschung, Lehre, Studium\",\"publisher\":{\"@id\":\"https:\\\/\\\/aktuelles.uni-frankfurt.de\\\/#organization\"},\"potentialAction\":[{\"@type\":\"SearchAction\",\"target\":{\"@type\":\"EntryPoint\",\"urlTemplate\":\"https:\\\/\\\/aktuelles.uni-frankfurt.de\\\/?s={search_term_string}\"},\"query-input\":{\"@type\":\"PropertyValueSpecification\",\"valueRequired\":true,\"valueName\":\"search_term_string\"}}],\"inLanguage\":\"en-GB\"},{\"@type\":\"Organization\",\"@id\":\"https:\\\/\\\/aktuelles.uni-frankfurt.de\\\/#organization\",\"name\":\"Goethe-Universit\u00e4t\",\"url\":\"https:\\\/\\\/aktuelles.uni-frankfurt.de\\\/\",\"logo\":{\"@type\":\"ImageObject\",\"inLanguage\":\"en-GB\",\"@id\":\"https:\\\/\\\/aktuelles.uni-frankfurt.de\\\/#\\\/schema\\\/logo\\\/image\\\/\",\"url\":\"https:\\\/\\\/aktuelles.uni-frankfurt.de\\\/wp-content\\\/uploads\\\/2022\\\/03\\\/800px-Goethe-Logo.png\",\"contentUrl\":\"https:\\\/\\\/aktuelles.uni-frankfurt.de\\\/wp-content\\\/uploads\\\/2022\\\/03\\\/800px-Goethe-Logo.png\",\"width\":800,\"height\":436,\"caption\":\"Goethe-Universit\u00e4t\"},\"image\":{\"@id\":\"https:\\\/\\\/aktuelles.uni-frankfurt.de\\\/#\\\/schema\\\/logo\\\/image\\\/\"}},{\"@type\":\"Person\",\"@id\":\"https:\\\/\\\/aktuelles.uni-frankfurt.de\\\/#\\\/schema\\\/person\\\/8e55ea338fb65d1ce87a91565d1f1739\",\"name\":\"-\",\"description\":\"Dieser Beitrag wurde von der Online-Redaktion ver\u00f6ffentlicht. Wenn der Beitrag von einem Gastautoren verfasst wurde, findet sich dieser Hinweis am Ende des jeweiligen Artikels.\",\"sameAs\":[\"http:\\\/\\\/aktuelles.uni-frankfurt.de\\\/autoren\"],\"url\":\"https:\\\/\\\/aktuelles.uni-frankfurt.de\\\/en\\\/author\\\/redaktion\\\/\"}]}<\/script>\n<!-- \/ Yoast SEO plugin. -->","yoast_head_json":{"title":"Hanna Reuther \u00fcber das Academic Welcome Program | Aktuelles aus der Goethe-Universit\u00e4t Frankfurt","robots":{"index":"index","follow":"follow","max-snippet":"max-snippet:-1","max-image-preview":"max-image-preview:large","max-video-preview":"max-video-preview:-1"},"canonical":"https:\/\/aktuelles.uni-frankfurt.de\/en\/studium\/hanna-reuther-ueber-das-academic-welcome-program\/","og_locale":"en_GB","og_type":"article","og_title":"Hanna Reuther \u00fcber das Academic Welcome Program | Aktuelles aus der Goethe-Universit\u00e4t Frankfurt","og_description":"UniReport: Frau Reuther, m\u00fcssen sich die Fl\u00fcchtlinge allein um die Belegung eines Sprachkurses, das B\u00fccher-Ausleihen etc. k\u00fcmmern oder bekommen sie dabei Hilfe? Hanna Reuther: Es gibt eine studentische Mitarbeiterin im [&hellip;]","og_url":"https:\/\/aktuelles.uni-frankfurt.de\/en\/studium\/hanna-reuther-ueber-das-academic-welcome-program\/","og_site_name":"Aktuelles aus der Goethe-Universit\u00e4t Frankfurt","article_published_time":"2015-12-03T10:16:51+00:00","article_modified_time":"2016-01-26T16:13:17+00:00","og_image":[{"width":400,"height":300,"url":"https:\/\/aktuelles.uni-frankfurt.de\/wp-content\/uploads\/2015\/12\/blog_studium-academic.jpg","type":"image\/jpeg"}],"author":"-","twitter_card":"summary_large_image","twitter_misc":{"Written by":"-","Estimated reading time":"2 minutes"},"schema":{"@context":"https:\/\/schema.org","@graph":[{"@type":"Article","@id":"https:\/\/aktuelles.uni-frankfurt.de\/studium\/hanna-reuther-ueber-das-academic-welcome-program\/#article","isPartOf":{"@id":"https:\/\/aktuelles.uni-frankfurt.de\/studium\/hanna-reuther-ueber-das-academic-welcome-program\/"},"author":{"name":"-","@id":"https:\/\/aktuelles.uni-frankfurt.de\/#\/schema\/person\/8e55ea338fb65d1ce87a91565d1f1739"},"headline":"Hanna Reuther \u00fcber das Academic Welcome Program","datePublished":"2015-12-03T10:16:51+00:00","dateModified":"2016-01-26T16:13:17+00:00","mainEntityOfPage":{"@id":"https:\/\/aktuelles.uni-frankfurt.de\/studium\/hanna-reuther-ueber-das-academic-welcome-program\/"},"wordCount":506,"publisher":{"@id":"https:\/\/aktuelles.uni-frankfurt.de\/#organization"},"image":{"@id":"https:\/\/aktuelles.uni-frankfurt.de\/studium\/hanna-reuther-ueber-das-academic-welcome-program\/#primaryimage"},"thumbnailUrl":"https:\/\/aktuelles.uni-frankfurt.de\/wp-content\/uploads\/2015\/12\/blog_studium-academic.jpg","keywords":["Internationales","Interview","UniReport"],"articleSection":["Studium"],"inLanguage":"en-GB"},{"@type":"WebPage","@id":"https:\/\/aktuelles.uni-frankfurt.de\/studium\/hanna-reuther-ueber-das-academic-welcome-program\/","url":"https:\/\/aktuelles.uni-frankfurt.de\/studium\/hanna-reuther-ueber-das-academic-welcome-program\/","name":"Hanna Reuther \u00fcber das Academic Welcome Program | Aktuelles aus der Goethe-Universit\u00e4t Frankfurt","isPartOf":{"@id":"https:\/\/aktuelles.uni-frankfurt.de\/#website"},"primaryImageOfPage":{"@id":"https:\/\/aktuelles.uni-frankfurt.de\/studium\/hanna-reuther-ueber-das-academic-welcome-program\/#primaryimage"},"image":{"@id":"https:\/\/aktuelles.uni-frankfurt.de\/studium\/hanna-reuther-ueber-das-academic-welcome-program\/#primaryimage"},"thumbnailUrl":"https:\/\/aktuelles.uni-frankfurt.de\/wp-content\/uploads\/2015\/12\/blog_studium-academic.jpg","datePublished":"2015-12-03T10:16:51+00:00","dateModified":"2016-01-26T16:13:17+00:00","breadcrumb":{"@id":"https:\/\/aktuelles.uni-frankfurt.de\/studium\/hanna-reuther-ueber-das-academic-welcome-program\/#breadcrumb"},"inLanguage":"en-GB","potentialAction":[{"@type":"ReadAction","target":["https:\/\/aktuelles.uni-frankfurt.de\/studium\/hanna-reuther-ueber-das-academic-welcome-program\/"]}]},{"@type":"ImageObject","inLanguage":"en-GB","@id":"https:\/\/aktuelles.uni-frankfurt.de\/studium\/hanna-reuther-ueber-das-academic-welcome-program\/#primaryimage","url":"https:\/\/aktuelles.uni-frankfurt.de\/wp-content\/uploads\/2015\/12\/blog_studium-academic.jpg","contentUrl":"https:\/\/aktuelles.uni-frankfurt.de\/wp-content\/uploads\/2015\/12\/blog_studium-academic.jpg","width":400,"height":300,"caption":"Body of Knowledge; Foto: Uwe Dettmar"},{"@type":"BreadcrumbList","@id":"https:\/\/aktuelles.uni-frankfurt.de\/studium\/hanna-reuther-ueber-das-academic-welcome-program\/#breadcrumb","itemListElement":[{"@type":"ListItem","position":1,"name":"Startseite","item":"https:\/\/aktuelles.uni-frankfurt.de\/"},{"@type":"ListItem","position":2,"name":"Hanna Reuther \u00fcber das Academic Welcome Program"}]},{"@type":"WebSite","@id":"https:\/\/aktuelles.uni-frankfurt.de\/#website","url":"https:\/\/aktuelles.uni-frankfurt.de\/","name":"Aktuelles aus der Goethe-Universit\u00e4t Frankfurt","description":"Aktuelles aus der Goethe-Universit\u00e4t | Neues aus Forschung, Lehre, Studium","publisher":{"@id":"https:\/\/aktuelles.uni-frankfurt.de\/#organization"},"potentialAction":[{"@type":"SearchAction","target":{"@type":"EntryPoint","urlTemplate":"https:\/\/aktuelles.uni-frankfurt.de\/?s={search_term_string}"},"query-input":{"@type":"PropertyValueSpecification","valueRequired":true,"valueName":"search_term_string"}}],"inLanguage":"en-GB"},{"@type":"Organization","@id":"https:\/\/aktuelles.uni-frankfurt.de\/#organization","name":"Goethe University Frankfurt","url":"https:\/\/aktuelles.uni-frankfurt.de\/","logo":{"@type":"ImageObject","inLanguage":"en-GB","@id":"https:\/\/aktuelles.uni-frankfurt.de\/#\/schema\/logo\/image\/","url":"https:\/\/aktuelles.uni-frankfurt.de\/wp-content\/uploads\/2022\/03\/800px-Goethe-Logo.png","contentUrl":"https:\/\/aktuelles.uni-frankfurt.de\/wp-content\/uploads\/2022\/03\/800px-Goethe-Logo.png","width":800,"height":436,"caption":"Goethe-Universit\u00e4t"},"image":{"@id":"https:\/\/aktuelles.uni-frankfurt.de\/#\/schema\/logo\/image\/"}},{"@type":"Person","@id":"https:\/\/aktuelles.uni-frankfurt.de\/#\/schema\/person\/8e55ea338fb65d1ce87a91565d1f1739","name":"-","description":"Dieser Beitrag wurde von der Online-Redaktion ver\u00f6ffentlicht. Wenn der Beitrag von einem Gastautoren verfasst wurde, findet sich dieser Hinweis am Ende des jeweiligen Artikels.","sameAs":["http:\/\/aktuelles.uni-frankfurt.de\/autoren"],"url":"https:\/\/aktuelles.uni-frankfurt.de\/en\/author\/redaktion\/"}]}},"_links":{"self":[{"href":"https:\/\/aktuelles.uni-frankfurt.de\/en\/wp-json\/wp\/v2\/posts\/1840","targetHints":{"allow":["GET"]}}],"collection":[{"href":"https:\/\/aktuelles.uni-frankfurt.de\/en\/wp-json\/wp\/v2\/posts"}],"about":[{"href":"https:\/\/aktuelles.uni-frankfurt.de\/en\/wp-json\/wp\/v2\/types\/post"}],"author":[{"embeddable":true,"href":"https:\/\/aktuelles.uni-frankfurt.de\/en\/wp-json\/wp\/v2\/users\/8"}],"replies":[{"embeddable":true,"href":"https:\/\/aktuelles.uni-frankfurt.de\/en\/wp-json\/wp\/v2\/comments?post=1840"}],"version-history":[{"count":0,"href":"https:\/\/aktuelles.uni-frankfurt.de\/en\/wp-json\/wp\/v2\/posts\/1840\/revisions"}],"wp:featuredmedia":[{"embeddable":true,"href":"https:\/\/aktuelles.uni-frankfurt.de\/en\/wp-json\/wp\/v2\/media\/3005"}],"wp:attachment":[{"href":"https:\/\/aktuelles.uni-frankfurt.de\/en\/wp-json\/wp\/v2\/media?parent=1840"}],"wp:term":[{"taxonomy":"category","embeddable":true,"href":"https:\/\/aktuelles.uni-frankfurt.de\/en\/wp-json\/wp\/v2\/categories?post=1840"},{"taxonomy":"post_tag","embeddable":true,"href":"https:\/\/aktuelles.uni-frankfurt.de\/en\/wp-json\/wp\/v2\/tags?post=1840"},{"taxonomy":"post_folder","embeddable":true,"href":"https:\/\/aktuelles.uni-frankfurt.de\/en\/wp-json\/wp\/v2\/post_folder?post=1840"}],"curies":[{"name":"wp","href":"https:\/\/api.w.org\/{rel}","templated":true}]}}