{"id":18492,"date":"2017-06-28T17:15:19","date_gmt":"2017-06-28T15:15:19","guid":{"rendered":"http:\/\/aktuelles.uni-frankfurt.de\/?p=18492"},"modified":"2017-06-30T11:45:52","modified_gmt":"2017-06-30T09:45:52","slug":"sommerfest-goethe-universitaet-und-senckenberg-feiern-gemeinsam","status":"publish","type":"post","link":"https:\/\/aktuelles.uni-frankfurt.de\/en\/veranstaltungen\/sommerfest-goethe-universitaet-und-senckenberg-feiern-gemeinsam\/","title":{"rendered":"Sommerfest: Goethe-Universit\u00e4t und Senckenberg feiern gemeinsam"},"content":{"rendered":"<p><img fetchpriority=\"high\" decoding=\"async\" class=\"alignleft wp-image-17758\" src=\"https:\/\/aktuelles.uni-frankfurt.de\/wp-content\/uploads\/2017\/01\/beitragsbild_UniSommer2017_Poster.jpg\" alt=\"\" width=\"350\" height=\"495\" srcset=\"https:\/\/aktuelles.uni-frankfurt.de\/wp-content\/uploads\/2017\/01\/beitragsbild_UniSommer2017_Poster.jpg 650w, https:\/\/aktuelles.uni-frankfurt.de\/wp-content\/uploads\/2017\/01\/beitragsbild_UniSommer2017_Poster-212x300.jpg 212w\" sizes=\"(max-width: 350px) 100vw, 350px\" \/>Am 30. Juni 2017 feiert die Goethe-Universit\u00e4t ihr Sommerfest, das im diesen Jahr dem Jubil\u00e4um einer Institution gewidmet ist, der die Hochschule immer schon eng verbunden war: Die Senckenberg Gesellschaft f\u00fcr Naturforschung schaut in diesem Jahr auf ihre 200-j\u00e4hrige Geschichte zur\u00fcck. Angeh\u00f6rige beider Institutionen und Frankfurter B\u00fcrgerinnen und B\u00fcrger sind herzlich zur bunten Geburtstagsfeier eingeladen.<\/p>\n<p>Diesmal lautet das Motto des Festes \u201eSommer. Campus. Feiern!\u201c Das bunte Programm startet am kommenden Freitag ab 15 Uhr. Um 18.30 Uhr werden die Besucher des Sommerfestes durch die Pr\u00e4sidentin der Goethe-Universit\u00e4t, Prof. Birgitta Wolff, den Oberb\u00fcrgermeister der Stadt Frankfurt, Peter Feldmann sowie durch den Stellvertretenden Generaldirektor der Senckenberg Gesellschaft f\u00fcr Naturforschung, Prof. Andreas Mulch, begr\u00fc\u00dft.<\/p>\n<p>Auf dem Markt der M\u00f6glichkeiten finden die Besucher zahlreiche Informationsst\u00e4nde, um Goethe-Universit\u00e4t, Senckenberg Gesellschaft und viele Initiativen aus dem universit\u00e4ren Umfeld kennenzulernen. Angeboten werden F\u00fchrungen von Studierenden und Mitarbeitenden \u00fcber den Campus (dt.\/engl.) und durch einige Sammlungen der Universit\u00e4t. F\u00fcr Kinder wird es ein spezielles Kinderprogramm geben, mit Fotobox, Kinderschminken oder Gl\u00fccksrad. Diverse Essens- und Getr\u00e4nkest\u00e4nde im Sommergarten des Studentenwerk Frankfurts und auf dem Campusplatz sorgen f\u00fcr das leibliche Wohl der G\u00e4ste.<\/p>\n<p>Das Programm auf der B\u00fchne startet um 15 Uhr mit Welthits auf Hessisch, um 17.15 Uhr folgen die East Town Rumblers, dann folgt das A-Capella-Ensemble Rotkehlchen; um 20.30 Uhr spielen Flagship Frankfurt Rockklassiker und eigene Songs, zum Abschluss des Musikprogramms pr\u00e4sentieren Fellaws Kingdom ihren tanzbaren \u201eSuperska\u201c. Das Sommerfest der Goethe-Universit\u00e4t findet statt am<\/p>\n<p>Freitag, den 30. Juni 2017, ab 15 Uhr auf dem Campus Westend, Theodor-W.-Adorno Platz 1. Der Eintritt ist frei!<\/p>\n<p><strong>Mehr Infos:<\/strong><\/p>\n<p>https:\/\/aktuelles.uni-frankfurt.de\/event\/sommerfest-am-campus-westend\/<\/p>\n<p>&#8211;<\/p>","protected":false},"excerpt":{"rendered":"<p>Am 30. Juni 2017 feiert die Goethe-Universit\u00e4t ihr Sommerfest, das im diesen Jahr dem Jubil\u00e4um einer Institution gewidmet ist, der die Hochschule immer schon eng verbunden war: Die Senckenberg Gesellschaft [&hellip;]<\/p>\n","protected":false},"author":8,"featured_media":17758,"comment_status":"closed","ping_status":"closed","sticky":false,"template":"","format":"standard","meta":{"_eb_attr":"","_price":"","_stock":"","_tribe_ticket_header":"","_tribe_default_ticket_provider":"","_ticket_start_date":"","_ticket_end_date":"","_tribe_ticket_show_description":"","_tribe_ticket_show_not_going":false,"_tribe_ticket_use_global_stock":"","_tribe_ticket_global_stock_level":"","_global_stock_mode":"","_global_stock_cap":"","_tribe_rsvp_for_event":"","_tribe_ticket_going_count":"","_tribe_ticket_not_going_count":"","_tribe_tickets_list":"[]","_tribe_ticket_has_attendee_info_fields":false,"footnotes":""},"categories":[12],"tags":[],"post_folder":[],"class_list":["post-18492","post","type-post","status-publish","format-standard","has-post-thumbnail","hentry","category-veranstaltungen"],"yoast_head":"<!-- This site is optimized with the Yoast SEO plugin v27.5 - https:\/\/yoast.com\/product\/yoast-seo-wordpress\/ -->\n<title>Sommerfest: Goethe-Universit\u00e4t und Senckenberg feiern gemeinsam | Aktuelles aus der Goethe-Universit\u00e4t Frankfurt<\/title>\n<meta name=\"robots\" content=\"index, follow, max-snippet:-1, max-image-preview:large, max-video-preview:-1\" \/>\n<link rel=\"canonical\" href=\"https:\/\/aktuelles.uni-frankfurt.de\/en\/veranstaltungen\/sommerfest-goethe-universitaet-und-senckenberg-feiern-gemeinsam\/\" \/>\n<meta property=\"og:locale\" content=\"en_GB\" \/>\n<meta property=\"og:type\" content=\"article\" \/>\n<meta property=\"og:title\" content=\"Sommerfest: Goethe-Universit\u00e4t und Senckenberg feiern gemeinsam | Aktuelles aus der Goethe-Universit\u00e4t Frankfurt\" \/>\n<meta property=\"og:description\" content=\"Am 30. Juni 2017 feiert die Goethe-Universit\u00e4t ihr Sommerfest, das im diesen Jahr dem Jubil\u00e4um einer Institution gewidmet ist, der die Hochschule immer schon eng verbunden war: Die Senckenberg Gesellschaft [&hellip;]\" \/>\n<meta property=\"og:url\" content=\"https:\/\/aktuelles.uni-frankfurt.de\/en\/veranstaltungen\/sommerfest-goethe-universitaet-und-senckenberg-feiern-gemeinsam\/\" \/>\n<meta property=\"og:site_name\" content=\"Aktuelles aus der Goethe-Universit\u00e4t Frankfurt\" \/>\n<meta property=\"article:published_time\" content=\"2017-06-28T15:15:19+00:00\" \/>\n<meta property=\"article:modified_time\" content=\"2017-06-30T09:45:52+00:00\" \/>\n<meta property=\"og:image\" content=\"https:\/\/aktuelles.uni-frankfurt.de\/wp-content\/uploads\/2017\/01\/beitragsbild_UniSommer2017_Poster.jpg\" \/>\n\t<meta property=\"og:image:width\" content=\"650\" \/>\n\t<meta property=\"og:image:height\" content=\"919\" \/>\n\t<meta property=\"og:image:type\" content=\"image\/jpeg\" \/>\n<meta name=\"author\" content=\"-\" \/>\n<meta name=\"twitter:card\" content=\"summary_large_image\" \/>\n<meta name=\"twitter:label1\" content=\"Written by\" \/>\n\t<meta name=\"twitter:data1\" content=\"-\" \/>\n\t<meta name=\"twitter:label2\" content=\"Estimated reading time\" \/>\n\t<meta name=\"twitter:data2\" content=\"1 minute\" \/>\n<script type=\"application\/ld+json\" class=\"yoast-schema-graph\">{\"@context\":\"https:\\\/\\\/schema.org\",\"@graph\":[{\"@type\":\"Article\",\"@id\":\"https:\\\/\\\/aktuelles.uni-frankfurt.de\\\/veranstaltungen\\\/sommerfest-goethe-universitaet-und-senckenberg-feiern-gemeinsam\\\/#article\",\"isPartOf\":{\"@id\":\"https:\\\/\\\/aktuelles.uni-frankfurt.de\\\/veranstaltungen\\\/sommerfest-goethe-universitaet-und-senckenberg-feiern-gemeinsam\\\/\"},\"author\":{\"name\":\"-\",\"@id\":\"https:\\\/\\\/aktuelles.uni-frankfurt.de\\\/#\\\/schema\\\/person\\\/8e55ea338fb65d1ce87a91565d1f1739\"},\"headline\":\"Sommerfest: Goethe-Universit\u00e4t und Senckenberg feiern gemeinsam\",\"datePublished\":\"2017-06-28T15:15:19+00:00\",\"dateModified\":\"2017-06-30T09:45:52+00:00\",\"mainEntityOfPage\":{\"@id\":\"https:\\\/\\\/aktuelles.uni-frankfurt.de\\\/veranstaltungen\\\/sommerfest-goethe-universitaet-und-senckenberg-feiern-gemeinsam\\\/\"},\"wordCount\":289,\"publisher\":{\"@id\":\"https:\\\/\\\/aktuelles.uni-frankfurt.de\\\/#organization\"},\"image\":{\"@id\":\"https:\\\/\\\/aktuelles.uni-frankfurt.de\\\/veranstaltungen\\\/sommerfest-goethe-universitaet-und-senckenberg-feiern-gemeinsam\\\/#primaryimage\"},\"thumbnailUrl\":\"https:\\\/\\\/aktuelles.uni-frankfurt.de\\\/wp-content\\\/uploads\\\/2017\\\/01\\\/beitragsbild_UniSommer2017_Poster.jpg\",\"articleSection\":[\"Veranstaltungen\"],\"inLanguage\":\"en-GB\"},{\"@type\":\"WebPage\",\"@id\":\"https:\\\/\\\/aktuelles.uni-frankfurt.de\\\/veranstaltungen\\\/sommerfest-goethe-universitaet-und-senckenberg-feiern-gemeinsam\\\/\",\"url\":\"https:\\\/\\\/aktuelles.uni-frankfurt.de\\\/veranstaltungen\\\/sommerfest-goethe-universitaet-und-senckenberg-feiern-gemeinsam\\\/\",\"name\":\"Sommerfest: Goethe-Universit\u00e4t und Senckenberg feiern gemeinsam | Aktuelles aus der Goethe-Universit\u00e4t Frankfurt\",\"isPartOf\":{\"@id\":\"https:\\\/\\\/aktuelles.uni-frankfurt.de\\\/#website\"},\"primaryImageOfPage\":{\"@id\":\"https:\\\/\\\/aktuelles.uni-frankfurt.de\\\/veranstaltungen\\\/sommerfest-goethe-universitaet-und-senckenberg-feiern-gemeinsam\\\/#primaryimage\"},\"image\":{\"@id\":\"https:\\\/\\\/aktuelles.uni-frankfurt.de\\\/veranstaltungen\\\/sommerfest-goethe-universitaet-und-senckenberg-feiern-gemeinsam\\\/#primaryimage\"},\"thumbnailUrl\":\"https:\\\/\\\/aktuelles.uni-frankfurt.de\\\/wp-content\\\/uploads\\\/2017\\\/01\\\/beitragsbild_UniSommer2017_Poster.jpg\",\"datePublished\":\"2017-06-28T15:15:19+00:00\",\"dateModified\":\"2017-06-30T09:45:52+00:00\",\"breadcrumb\":{\"@id\":\"https:\\\/\\\/aktuelles.uni-frankfurt.de\\\/veranstaltungen\\\/sommerfest-goethe-universitaet-und-senckenberg-feiern-gemeinsam\\\/#breadcrumb\"},\"inLanguage\":\"en-GB\",\"potentialAction\":[{\"@type\":\"ReadAction\",\"target\":[\"https:\\\/\\\/aktuelles.uni-frankfurt.de\\\/veranstaltungen\\\/sommerfest-goethe-universitaet-und-senckenberg-feiern-gemeinsam\\\/\"]}]},{\"@type\":\"ImageObject\",\"inLanguage\":\"en-GB\",\"@id\":\"https:\\\/\\\/aktuelles.uni-frankfurt.de\\\/veranstaltungen\\\/sommerfest-goethe-universitaet-und-senckenberg-feiern-gemeinsam\\\/#primaryimage\",\"url\":\"https:\\\/\\\/aktuelles.uni-frankfurt.de\\\/wp-content\\\/uploads\\\/2017\\\/01\\\/beitragsbild_UniSommer2017_Poster.jpg\",\"contentUrl\":\"https:\\\/\\\/aktuelles.uni-frankfurt.de\\\/wp-content\\\/uploads\\\/2017\\\/01\\\/beitragsbild_UniSommer2017_Poster.jpg\",\"width\":650,\"height\":919},{\"@type\":\"BreadcrumbList\",\"@id\":\"https:\\\/\\\/aktuelles.uni-frankfurt.de\\\/veranstaltungen\\\/sommerfest-goethe-universitaet-und-senckenberg-feiern-gemeinsam\\\/#breadcrumb\",\"itemListElement\":[{\"@type\":\"ListItem\",\"position\":1,\"name\":\"Startseite\",\"item\":\"https:\\\/\\\/aktuelles.uni-frankfurt.de\\\/\"},{\"@type\":\"ListItem\",\"position\":2,\"name\":\"Sommerfest: Goethe-Universit\u00e4t und Senckenberg feiern gemeinsam\"}]},{\"@type\":\"WebSite\",\"@id\":\"https:\\\/\\\/aktuelles.uni-frankfurt.de\\\/#website\",\"url\":\"https:\\\/\\\/aktuelles.uni-frankfurt.de\\\/\",\"name\":\"Aktuelles aus der Goethe-Universit\u00e4t Frankfurt\",\"description\":\"Aktuelles aus der Goethe-Universit\u00e4t | Neues aus Forschung, Lehre, Studium\",\"publisher\":{\"@id\":\"https:\\\/\\\/aktuelles.uni-frankfurt.de\\\/#organization\"},\"potentialAction\":[{\"@type\":\"SearchAction\",\"target\":{\"@type\":\"EntryPoint\",\"urlTemplate\":\"https:\\\/\\\/aktuelles.uni-frankfurt.de\\\/?s={search_term_string}\"},\"query-input\":{\"@type\":\"PropertyValueSpecification\",\"valueRequired\":true,\"valueName\":\"search_term_string\"}}],\"inLanguage\":\"en-GB\"},{\"@type\":\"Organization\",\"@id\":\"https:\\\/\\\/aktuelles.uni-frankfurt.de\\\/#organization\",\"name\":\"Goethe-Universit\u00e4t\",\"url\":\"https:\\\/\\\/aktuelles.uni-frankfurt.de\\\/\",\"logo\":{\"@type\":\"ImageObject\",\"inLanguage\":\"en-GB\",\"@id\":\"https:\\\/\\\/aktuelles.uni-frankfurt.de\\\/#\\\/schema\\\/logo\\\/image\\\/\",\"url\":\"https:\\\/\\\/aktuelles.uni-frankfurt.de\\\/wp-content\\\/uploads\\\/2022\\\/03\\\/800px-Goethe-Logo.png\",\"contentUrl\":\"https:\\\/\\\/aktuelles.uni-frankfurt.de\\\/wp-content\\\/uploads\\\/2022\\\/03\\\/800px-Goethe-Logo.png\",\"width\":800,\"height\":436,\"caption\":\"Goethe-Universit\u00e4t\"},\"image\":{\"@id\":\"https:\\\/\\\/aktuelles.uni-frankfurt.de\\\/#\\\/schema\\\/logo\\\/image\\\/\"}},{\"@type\":\"Person\",\"@id\":\"https:\\\/\\\/aktuelles.uni-frankfurt.de\\\/#\\\/schema\\\/person\\\/8e55ea338fb65d1ce87a91565d1f1739\",\"name\":\"-\",\"description\":\"Dieser Beitrag wurde von der Online-Redaktion ver\u00f6ffentlicht. Wenn der Beitrag von einem Gastautoren verfasst wurde, findet sich dieser Hinweis am Ende des jeweiligen Artikels.\",\"sameAs\":[\"http:\\\/\\\/aktuelles.uni-frankfurt.de\\\/autoren\"],\"url\":\"https:\\\/\\\/aktuelles.uni-frankfurt.de\\\/en\\\/author\\\/redaktion\\\/\"}]}<\/script>\n<!-- \/ Yoast SEO plugin. -->","yoast_head_json":{"title":"Sommerfest: Goethe-Universit\u00e4t und Senckenberg feiern gemeinsam | Aktuelles aus der Goethe-Universit\u00e4t Frankfurt","robots":{"index":"index","follow":"follow","max-snippet":"max-snippet:-1","max-image-preview":"max-image-preview:large","max-video-preview":"max-video-preview:-1"},"canonical":"https:\/\/aktuelles.uni-frankfurt.de\/en\/veranstaltungen\/sommerfest-goethe-universitaet-und-senckenberg-feiern-gemeinsam\/","og_locale":"en_GB","og_type":"article","og_title":"Sommerfest: Goethe-Universit\u00e4t und Senckenberg feiern gemeinsam | Aktuelles aus der Goethe-Universit\u00e4t Frankfurt","og_description":"Am 30. Juni 2017 feiert die Goethe-Universit\u00e4t ihr Sommerfest, das im diesen Jahr dem Jubil\u00e4um einer Institution gewidmet ist, der die Hochschule immer schon eng verbunden war: Die Senckenberg Gesellschaft [&hellip;]","og_url":"https:\/\/aktuelles.uni-frankfurt.de\/en\/veranstaltungen\/sommerfest-goethe-universitaet-und-senckenberg-feiern-gemeinsam\/","og_site_name":"Aktuelles aus der Goethe-Universit\u00e4t Frankfurt","article_published_time":"2017-06-28T15:15:19+00:00","article_modified_time":"2017-06-30T09:45:52+00:00","og_image":[{"width":650,"height":919,"url":"https:\/\/aktuelles.uni-frankfurt.de\/wp-content\/uploads\/2017\/01\/beitragsbild_UniSommer2017_Poster.jpg","type":"image\/jpeg"}],"author":"-","twitter_card":"summary_large_image","twitter_misc":{"Written by":"-","Estimated reading time":"1 minute"},"schema":{"@context":"https:\/\/schema.org","@graph":[{"@type":"Article","@id":"https:\/\/aktuelles.uni-frankfurt.de\/veranstaltungen\/sommerfest-goethe-universitaet-und-senckenberg-feiern-gemeinsam\/#article","isPartOf":{"@id":"https:\/\/aktuelles.uni-frankfurt.de\/veranstaltungen\/sommerfest-goethe-universitaet-und-senckenberg-feiern-gemeinsam\/"},"author":{"name":"-","@id":"https:\/\/aktuelles.uni-frankfurt.de\/#\/schema\/person\/8e55ea338fb65d1ce87a91565d1f1739"},"headline":"Sommerfest: Goethe-Universit\u00e4t und Senckenberg feiern gemeinsam","datePublished":"2017-06-28T15:15:19+00:00","dateModified":"2017-06-30T09:45:52+00:00","mainEntityOfPage":{"@id":"https:\/\/aktuelles.uni-frankfurt.de\/veranstaltungen\/sommerfest-goethe-universitaet-und-senckenberg-feiern-gemeinsam\/"},"wordCount":289,"publisher":{"@id":"https:\/\/aktuelles.uni-frankfurt.de\/#organization"},"image":{"@id":"https:\/\/aktuelles.uni-frankfurt.de\/veranstaltungen\/sommerfest-goethe-universitaet-und-senckenberg-feiern-gemeinsam\/#primaryimage"},"thumbnailUrl":"https:\/\/aktuelles.uni-frankfurt.de\/wp-content\/uploads\/2017\/01\/beitragsbild_UniSommer2017_Poster.jpg","articleSection":["Veranstaltungen"],"inLanguage":"en-GB"},{"@type":"WebPage","@id":"https:\/\/aktuelles.uni-frankfurt.de\/veranstaltungen\/sommerfest-goethe-universitaet-und-senckenberg-feiern-gemeinsam\/","url":"https:\/\/aktuelles.uni-frankfurt.de\/veranstaltungen\/sommerfest-goethe-universitaet-und-senckenberg-feiern-gemeinsam\/","name":"Sommerfest: Goethe-Universit\u00e4t und Senckenberg feiern gemeinsam | Aktuelles aus der Goethe-Universit\u00e4t Frankfurt","isPartOf":{"@id":"https:\/\/aktuelles.uni-frankfurt.de\/#website"},"primaryImageOfPage":{"@id":"https:\/\/aktuelles.uni-frankfurt.de\/veranstaltungen\/sommerfest-goethe-universitaet-und-senckenberg-feiern-gemeinsam\/#primaryimage"},"image":{"@id":"https:\/\/aktuelles.uni-frankfurt.de\/veranstaltungen\/sommerfest-goethe-universitaet-und-senckenberg-feiern-gemeinsam\/#primaryimage"},"thumbnailUrl":"https:\/\/aktuelles.uni-frankfurt.de\/wp-content\/uploads\/2017\/01\/beitragsbild_UniSommer2017_Poster.jpg","datePublished":"2017-06-28T15:15:19+00:00","dateModified":"2017-06-30T09:45:52+00:00","breadcrumb":{"@id":"https:\/\/aktuelles.uni-frankfurt.de\/veranstaltungen\/sommerfest-goethe-universitaet-und-senckenberg-feiern-gemeinsam\/#breadcrumb"},"inLanguage":"en-GB","potentialAction":[{"@type":"ReadAction","target":["https:\/\/aktuelles.uni-frankfurt.de\/veranstaltungen\/sommerfest-goethe-universitaet-und-senckenberg-feiern-gemeinsam\/"]}]},{"@type":"ImageObject","inLanguage":"en-GB","@id":"https:\/\/aktuelles.uni-frankfurt.de\/veranstaltungen\/sommerfest-goethe-universitaet-und-senckenberg-feiern-gemeinsam\/#primaryimage","url":"https:\/\/aktuelles.uni-frankfurt.de\/wp-content\/uploads\/2017\/01\/beitragsbild_UniSommer2017_Poster.jpg","contentUrl":"https:\/\/aktuelles.uni-frankfurt.de\/wp-content\/uploads\/2017\/01\/beitragsbild_UniSommer2017_Poster.jpg","width":650,"height":919},{"@type":"BreadcrumbList","@id":"https:\/\/aktuelles.uni-frankfurt.de\/veranstaltungen\/sommerfest-goethe-universitaet-und-senckenberg-feiern-gemeinsam\/#breadcrumb","itemListElement":[{"@type":"ListItem","position":1,"name":"Startseite","item":"https:\/\/aktuelles.uni-frankfurt.de\/"},{"@type":"ListItem","position":2,"name":"Sommerfest: Goethe-Universit\u00e4t und Senckenberg feiern gemeinsam"}]},{"@type":"WebSite","@id":"https:\/\/aktuelles.uni-frankfurt.de\/#website","url":"https:\/\/aktuelles.uni-frankfurt.de\/","name":"Aktuelles aus der Goethe-Universit\u00e4t Frankfurt","description":"Aktuelles aus der Goethe-Universit\u00e4t | Neues aus Forschung, Lehre, Studium","publisher":{"@id":"https:\/\/aktuelles.uni-frankfurt.de\/#organization"},"potentialAction":[{"@type":"SearchAction","target":{"@type":"EntryPoint","urlTemplate":"https:\/\/aktuelles.uni-frankfurt.de\/?s={search_term_string}"},"query-input":{"@type":"PropertyValueSpecification","valueRequired":true,"valueName":"search_term_string"}}],"inLanguage":"en-GB"},{"@type":"Organization","@id":"https:\/\/aktuelles.uni-frankfurt.de\/#organization","name":"Goethe University Frankfurt","url":"https:\/\/aktuelles.uni-frankfurt.de\/","logo":{"@type":"ImageObject","inLanguage":"en-GB","@id":"https:\/\/aktuelles.uni-frankfurt.de\/#\/schema\/logo\/image\/","url":"https:\/\/aktuelles.uni-frankfurt.de\/wp-content\/uploads\/2022\/03\/800px-Goethe-Logo.png","contentUrl":"https:\/\/aktuelles.uni-frankfurt.de\/wp-content\/uploads\/2022\/03\/800px-Goethe-Logo.png","width":800,"height":436,"caption":"Goethe-Universit\u00e4t"},"image":{"@id":"https:\/\/aktuelles.uni-frankfurt.de\/#\/schema\/logo\/image\/"}},{"@type":"Person","@id":"https:\/\/aktuelles.uni-frankfurt.de\/#\/schema\/person\/8e55ea338fb65d1ce87a91565d1f1739","name":"-","description":"Dieser Beitrag wurde von der Online-Redaktion ver\u00f6ffentlicht. Wenn der Beitrag von einem Gastautoren verfasst wurde, findet sich dieser Hinweis am Ende des jeweiligen Artikels.","sameAs":["http:\/\/aktuelles.uni-frankfurt.de\/autoren"],"url":"https:\/\/aktuelles.uni-frankfurt.de\/en\/author\/redaktion\/"}]}},"_links":{"self":[{"href":"https:\/\/aktuelles.uni-frankfurt.de\/en\/wp-json\/wp\/v2\/posts\/18492","targetHints":{"allow":["GET"]}}],"collection":[{"href":"https:\/\/aktuelles.uni-frankfurt.de\/en\/wp-json\/wp\/v2\/posts"}],"about":[{"href":"https:\/\/aktuelles.uni-frankfurt.de\/en\/wp-json\/wp\/v2\/types\/post"}],"author":[{"embeddable":true,"href":"https:\/\/aktuelles.uni-frankfurt.de\/en\/wp-json\/wp\/v2\/users\/8"}],"replies":[{"embeddable":true,"href":"https:\/\/aktuelles.uni-frankfurt.de\/en\/wp-json\/wp\/v2\/comments?post=18492"}],"version-history":[{"count":0,"href":"https:\/\/aktuelles.uni-frankfurt.de\/en\/wp-json\/wp\/v2\/posts\/18492\/revisions"}],"wp:featuredmedia":[{"embeddable":true,"href":"https:\/\/aktuelles.uni-frankfurt.de\/en\/wp-json\/wp\/v2\/media\/17758"}],"wp:attachment":[{"href":"https:\/\/aktuelles.uni-frankfurt.de\/en\/wp-json\/wp\/v2\/media?parent=18492"}],"wp:term":[{"taxonomy":"category","embeddable":true,"href":"https:\/\/aktuelles.uni-frankfurt.de\/en\/wp-json\/wp\/v2\/categories?post=18492"},{"taxonomy":"post_tag","embeddable":true,"href":"https:\/\/aktuelles.uni-frankfurt.de\/en\/wp-json\/wp\/v2\/tags?post=18492"},{"taxonomy":"post_folder","embeddable":true,"href":"https:\/\/aktuelles.uni-frankfurt.de\/en\/wp-json\/wp\/v2\/post_folder?post=18492"}],"curies":[{"name":"wp","href":"https:\/\/api.w.org\/{rel}","templated":true}]}}