{"id":19160,"date":"2017-08-22T08:23:31","date_gmt":"2017-08-22T06:23:31","guid":{"rendered":"http:\/\/aktuelles.uni-frankfurt.de\/?p=19160"},"modified":"2017-08-22T08:23:46","modified_gmt":"2017-08-22T06:23:46","slug":"start-ins-deutsche-studierende-der-goethe-uni-engagieren-sich-fuer-fluechtlinge-in-frankfurt","status":"publish","type":"post","link":"https:\/\/aktuelles.uni-frankfurt.de\/en\/gesellschaft\/start-ins-deutsche-studierende-der-goethe-uni-engagieren-sich-fuer-fluechtlinge-in-frankfurt\/","title":{"rendered":"&#8222;Start ins Deutsche&#8220;: Studierende der Goethe-Uni engagieren sich f\u00fcr Fl\u00fcchtlinge in Frankfurt"},"content":{"rendered":"<figure id=\"attachment_19161\" aria-describedby=\"caption-attachment-19161\" style=\"width: 223px\" class=\"wp-caption alignleft\"><img fetchpriority=\"high\" decoding=\"async\" class=\"size-medium wp-image-19161\" src=\"https:\/\/aktuelles.uni-frankfurt.de\/wp-content\/uploads\/2017\/07\/blog_GS_start-ins-deutsche-223x300.jpg\" alt=\"\" width=\"223\" height=\"300\" srcset=\"https:\/\/aktuelles.uni-frankfurt.de\/wp-content\/uploads\/2017\/07\/blog_GS_start-ins-deutsche-223x300.jpg 223w, https:\/\/aktuelles.uni-frankfurt.de\/wp-content\/uploads\/2017\/07\/blog_GS_start-ins-deutsche.jpg 282w\" sizes=\"(max-width: 223px) 100vw, 223px\" \/><figcaption id=\"caption-attachment-19161\" class=\"wp-caption-text\">Alena Nedbalova m\u00f6chte ein Zeichen f\u00fcr Menschlichkeit setzen; Foto: Heike J\u00fcngst<\/figcaption><\/figure>\n<p>Neu in einem fremden Land. Die Sprache nicht verstehen. Die Schrift nicht lesen k\u00f6nnen. Das macht unsicher. Das macht hilflos. Wie es sich anf\u00fchlt, Geldautomaten nur mit fremder Hilfe bedienen zu k\u00f6nnen, wei\u00df Alexander Barthel seit seinem Auslandsaufenthalt in Japan.<\/p>\n<p>Obwohl er Japanologie studiert, f\u00fchlte er sich anfangs ein wenig verloren: \u00bbIch war ein Jahr in Japan und sehr froh, dass ich Leute an der Hand hatte, die mich unterst\u00fctzten bei Beh\u00f6rdeng\u00e4ngen, mir halfen, mich im Alltag zurechtzufinden.\u00ab<\/p>\n<p>Als er von dem Programm \u00bbStart ins Deutsche\u00ab an der Goethe-Universit\u00e4t h\u00f6rte, war f\u00fcr Barthel sofort klar, dass er bei den Deutschkursen f\u00fcr Fl\u00fcchtlinge mitmacht. Nat\u00fcrlich ehrenamtlich. \u00bbIch habe gro\u00dfes Verst\u00e4ndnis daf\u00fcr, wie schwer es ist, irgendwo neu anzukommen und nur wenig zu verstehen\u00ab, sagt Alexander Barthel.<\/p>\n<h3>Welle der Hilfsbereitschaft<\/h3>\n<p>So wie er unterrichten seit anderthalb Jahren hunderte von Studierenden Deutsch f\u00fcr gefl\u00fcchtete Menschen: in \u00dcbergangseinrichtungen, in Caf\u00e9s, in R\u00e4umen der Universit\u00e4t. Jede Woche mindestens anderthalb Stunden. Das ist verbindlich. Dazu kommen Vor- und Nachbereitung. Schirmherrin Prof. Dr. Tanja Br\u00fchl erz\u00e4hlt:<\/p>\n<figure id=\"attachment_19163\" aria-describedby=\"caption-attachment-19163\" style=\"width: 218px\" class=\"wp-caption alignright\"><img decoding=\"async\" class=\"size-medium wp-image-19163\" src=\"https:\/\/aktuelles.uni-frankfurt.de\/wp-content\/uploads\/2017\/07\/blog_GS_start-ins-deutsche2-218x300.jpg\" alt=\"\" width=\"218\" height=\"300\" srcset=\"https:\/\/aktuelles.uni-frankfurt.de\/wp-content\/uploads\/2017\/07\/blog_GS_start-ins-deutsche2-218x300.jpg 218w, https:\/\/aktuelles.uni-frankfurt.de\/wp-content\/uploads\/2017\/07\/blog_GS_start-ins-deutsche2.jpg 282w\" sizes=\"(max-width: 218px) 100vw, 218px\" \/><figcaption id=\"caption-attachment-19163\" class=\"wp-caption-text\">Alexander Barthel versteht die<br \/>Situation von Fl\u00fcchtlingen; Foto: Heike J\u00fcngst<\/figcaption><\/figure>\n<p>\u00bbWir werden von Freiwilligen geradezu \u00fcberrannt. Gleich zum Projektstart Ende 2015 meldeten sich mehr als 1200 Studierende bei uns. Die Hilfsbereitschaft ist \u00fcberw\u00e4ltigend.\u00ab Eine zweit\u00e4gige Schulung bereitet die Studierenden auf die Aufgabe vor. Mehr als 140 von ihnen sind derzeit an 7 Standorten in Frankfurt regelm\u00e4\u00dfig aktiv. Sie treffen \u00fcberwiegend auf m\u00e4nnliche Erwachsene und Jugendliche, aber auch Frauen und Kinder.<\/p>\n<p>Unterrichtet werden jeweils 8\u201310 Teilnehmer. Das ist nicht immer leicht. Deshalb sind die Studierenden als Tandem vor Ort. Wie intensiv sie ihr Engagement gestalten, kommt auf das jeweilige Team an. Alexander Barthel etwa spielt zus\u00e4tzlich Karten mit Fl\u00fcchtlingen. Jeden Freitagabend, in der Fl\u00fcchtlingsunterkunft auf dem Campus Bockenheim. So verbessern Gefl\u00fcchtete ihr Deutsch.<\/p>\n<h3>Menschlichkeit ist ein Gebot<\/h3>\n<p>Auch Alena Nedbalova ist es wichtig, gesellschaftliche Verantwortung zu \u00fcbernehmen. Die Sinologie-Studentin kommt urspr\u00fcnglich aus Tschechien und kennt die Vorurteile gegen\u00fcber Fl\u00fcchtlingen. Gr\u00f6\u00dfer noch als in Deutschland sind die Vorbehalte in ihrer Heimat: \u00bbGerade weil ich aus Tschechien komme, wollte ich ein Signal setzen.<\/p>\n<p>Jemandem zu helfen, ist f\u00fcr mich kein Problem. Gesellschaft ist so, wie wir sie gestalten.\u00ab Mit ihrem Engagement m\u00f6chte Alena Nedbalova zeigen: Fl\u00fcchtlinge sind Menschen, keine Terroristen. Menschlichkeit ist ein Gebot. Regelm\u00e4\u00dfig tauschen sich die ehrenamtlichen Deutschlehrenden in Supervisionsgruppen \u00fcber ihre Erfahrungen aus.<\/p>\n<p>Das Projekt \u00bbStart ins Deutsche\u00ab wird seit Beginn von dem Frankfurter Psychoanalytischen Institut e. V. begleitet. Wenn gefl\u00fcchtete Menschen hier ankommen, sind viele von ihnen traumatisiert. Das kann auch f\u00fcr Helfer belastend sein. Das alles kostet Geld, auch wenn die Studierenden ehramtlich arbeiten. Die Programmkoordination sowie die Lehrmaterialien werden rein \u00fcber Spenden und Kooperationen finanziert. Die Hilfsbereitschaft gegen\u00fcber Fl\u00fcchtlingen h\u00e4lt an.<\/p>\n<p style=\"text-align: right;\"><em>[Autorin: Heike J\u00fcngst]<\/em><\/p>\n<p><strong><em>Dieser Artikel ist in der Ausgabe 36 des <a href=\"https:\/\/www.uni-frankfurt.de\/67053616\/Einblick-36-small.pdf\">Alumni-Magazins Einblick<\/a> erschienen.<\/em><\/strong><\/p>\n","protected":false},"excerpt":{"rendered":"<p>Neu in einem fremden Land. Die Sprache nicht verstehen. Die Schrift nicht lesen k\u00f6nnen. Das macht unsicher. Das macht hilflos. Wie es sich anf\u00fchlt, Geldautomaten nur mit fremder Hilfe bedienen [&hellip;]<\/p>\n","protected":false},"author":8,"featured_media":19162,"comment_status":"closed","ping_status":"closed","sticky":false,"template":"","format":"standard","meta":{"_eb_attr":"","_price":"","_stock":"","_tribe_ticket_header":"","_tribe_default_ticket_provider":"","_ticket_start_date":"","_ticket_end_date":"","_tribe_ticket_show_description":"","_tribe_ticket_show_not_going":false,"_tribe_ticket_use_global_stock":"","_tribe_ticket_global_stock_level":"","_global_stock_mode":"","_global_stock_cap":"","_tribe_rsvp_for_event":"","_tribe_ticket_going_count":"","_tribe_ticket_not_going_count":"","_tribe_tickets_list":"[]","_tribe_ticket_has_attendee_info_fields":false,"footnotes":""},"categories":[4],"tags":[80],"post_folder":[],"class_list":["post-19160","post","type-post","status-publish","format-standard","has-post-thumbnail","hentry","category-gesellschaft","tag-alumni"],"yoast_head":"<!-- This site is optimized with the Yoast SEO plugin v27.5 - https:\/\/yoast.com\/product\/yoast-seo-wordpress\/ -->\n<title>&quot;Start ins Deutsche&quot;: Studierende der Goethe-Uni engagieren sich f\u00fcr Fl\u00fcchtlinge in Frankfurt | Aktuelles aus der Goethe-Universit\u00e4t Frankfurt<\/title>\n<meta name=\"robots\" content=\"index, follow, max-snippet:-1, max-image-preview:large, max-video-preview:-1\" \/>\n<link rel=\"canonical\" href=\"https:\/\/aktuelles.uni-frankfurt.de\/en\/gesellschaft\/start-ins-deutsche-studierende-der-goethe-uni-engagieren-sich-fuer-fluechtlinge-in-frankfurt\/\" \/>\n<meta property=\"og:locale\" content=\"en_GB\" \/>\n<meta property=\"og:type\" content=\"article\" \/>\n<meta property=\"og:title\" content=\"&quot;Start ins Deutsche&quot;: Studierende der Goethe-Uni engagieren sich f\u00fcr Fl\u00fcchtlinge in Frankfurt | Aktuelles aus der Goethe-Universit\u00e4t Frankfurt\" \/>\n<meta property=\"og:description\" content=\"Neu in einem fremden Land. Die Sprache nicht verstehen. Die Schrift nicht lesen k\u00f6nnen. Das macht unsicher. Das macht hilflos. Wie es sich anf\u00fchlt, Geldautomaten nur mit fremder Hilfe bedienen [&hellip;]\" \/>\n<meta property=\"og:url\" content=\"https:\/\/aktuelles.uni-frankfurt.de\/en\/gesellschaft\/start-ins-deutsche-studierende-der-goethe-uni-engagieren-sich-fuer-fluechtlinge-in-frankfurt\/\" \/>\n<meta property=\"og:site_name\" content=\"Aktuelles aus der Goethe-Universit\u00e4t Frankfurt\" \/>\n<meta property=\"article:published_time\" content=\"2017-08-22T06:23:31+00:00\" \/>\n<meta property=\"article:modified_time\" content=\"2017-08-22T06:23:46+00:00\" \/>\n<meta property=\"og:image\" content=\"https:\/\/aktuelles.uni-frankfurt.de\/wp-content\/uploads\/2017\/07\/blog_GS_start-ins-deutsche-.jpg\" \/>\n\t<meta property=\"og:image:width\" content=\"650\" \/>\n\t<meta property=\"og:image:height\" content=\"450\" \/>\n\t<meta property=\"og:image:type\" content=\"image\/jpeg\" \/>\n<meta name=\"author\" content=\"-\" \/>\n<meta name=\"twitter:card\" content=\"summary_large_image\" \/>\n<meta name=\"twitter:label1\" content=\"Written by\" \/>\n\t<meta name=\"twitter:data1\" content=\"-\" \/>\n\t<meta name=\"twitter:label2\" content=\"Estimated reading time\" \/>\n\t<meta name=\"twitter:data2\" content=\"3 minutes\" \/>\n<script type=\"application\/ld+json\" class=\"yoast-schema-graph\">{\"@context\":\"https:\\\/\\\/schema.org\",\"@graph\":[{\"@type\":\"Article\",\"@id\":\"https:\\\/\\\/aktuelles.uni-frankfurt.de\\\/gesellschaft\\\/start-ins-deutsche-studierende-der-goethe-uni-engagieren-sich-fuer-fluechtlinge-in-frankfurt\\\/#article\",\"isPartOf\":{\"@id\":\"https:\\\/\\\/aktuelles.uni-frankfurt.de\\\/gesellschaft\\\/start-ins-deutsche-studierende-der-goethe-uni-engagieren-sich-fuer-fluechtlinge-in-frankfurt\\\/\"},\"author\":{\"name\":\"-\",\"@id\":\"https:\\\/\\\/aktuelles.uni-frankfurt.de\\\/#\\\/schema\\\/person\\\/8e55ea338fb65d1ce87a91565d1f1739\"},\"headline\":\"&#8222;Start ins Deutsche&#8220;: Studierende der Goethe-Uni engagieren sich f\u00fcr Fl\u00fcchtlinge in Frankfurt\",\"datePublished\":\"2017-08-22T06:23:31+00:00\",\"dateModified\":\"2017-08-22T06:23:46+00:00\",\"mainEntityOfPage\":{\"@id\":\"https:\\\/\\\/aktuelles.uni-frankfurt.de\\\/gesellschaft\\\/start-ins-deutsche-studierende-der-goethe-uni-engagieren-sich-fuer-fluechtlinge-in-frankfurt\\\/\"},\"wordCount\":539,\"publisher\":{\"@id\":\"https:\\\/\\\/aktuelles.uni-frankfurt.de\\\/#organization\"},\"image\":{\"@id\":\"https:\\\/\\\/aktuelles.uni-frankfurt.de\\\/gesellschaft\\\/start-ins-deutsche-studierende-der-goethe-uni-engagieren-sich-fuer-fluechtlinge-in-frankfurt\\\/#primaryimage\"},\"thumbnailUrl\":\"https:\\\/\\\/aktuelles.uni-frankfurt.de\\\/wp-content\\\/uploads\\\/2017\\\/07\\\/blog_GS_start-ins-deutsche-.jpg\",\"keywords\":[\"Alumni\"],\"articleSection\":[\"Gesellschaft\"],\"inLanguage\":\"en-GB\"},{\"@type\":\"WebPage\",\"@id\":\"https:\\\/\\\/aktuelles.uni-frankfurt.de\\\/gesellschaft\\\/start-ins-deutsche-studierende-der-goethe-uni-engagieren-sich-fuer-fluechtlinge-in-frankfurt\\\/\",\"url\":\"https:\\\/\\\/aktuelles.uni-frankfurt.de\\\/gesellschaft\\\/start-ins-deutsche-studierende-der-goethe-uni-engagieren-sich-fuer-fluechtlinge-in-frankfurt\\\/\",\"name\":\"\\\"Start ins Deutsche\\\": Studierende der Goethe-Uni engagieren sich f\u00fcr Fl\u00fcchtlinge in Frankfurt | Aktuelles aus der Goethe-Universit\u00e4t Frankfurt\",\"isPartOf\":{\"@id\":\"https:\\\/\\\/aktuelles.uni-frankfurt.de\\\/#website\"},\"primaryImageOfPage\":{\"@id\":\"https:\\\/\\\/aktuelles.uni-frankfurt.de\\\/gesellschaft\\\/start-ins-deutsche-studierende-der-goethe-uni-engagieren-sich-fuer-fluechtlinge-in-frankfurt\\\/#primaryimage\"},\"image\":{\"@id\":\"https:\\\/\\\/aktuelles.uni-frankfurt.de\\\/gesellschaft\\\/start-ins-deutsche-studierende-der-goethe-uni-engagieren-sich-fuer-fluechtlinge-in-frankfurt\\\/#primaryimage\"},\"thumbnailUrl\":\"https:\\\/\\\/aktuelles.uni-frankfurt.de\\\/wp-content\\\/uploads\\\/2017\\\/07\\\/blog_GS_start-ins-deutsche-.jpg\",\"datePublished\":\"2017-08-22T06:23:31+00:00\",\"dateModified\":\"2017-08-22T06:23:46+00:00\",\"breadcrumb\":{\"@id\":\"https:\\\/\\\/aktuelles.uni-frankfurt.de\\\/gesellschaft\\\/start-ins-deutsche-studierende-der-goethe-uni-engagieren-sich-fuer-fluechtlinge-in-frankfurt\\\/#breadcrumb\"},\"inLanguage\":\"en-GB\",\"potentialAction\":[{\"@type\":\"ReadAction\",\"target\":[\"https:\\\/\\\/aktuelles.uni-frankfurt.de\\\/gesellschaft\\\/start-ins-deutsche-studierende-der-goethe-uni-engagieren-sich-fuer-fluechtlinge-in-frankfurt\\\/\"]}]},{\"@type\":\"ImageObject\",\"inLanguage\":\"en-GB\",\"@id\":\"https:\\\/\\\/aktuelles.uni-frankfurt.de\\\/gesellschaft\\\/start-ins-deutsche-studierende-der-goethe-uni-engagieren-sich-fuer-fluechtlinge-in-frankfurt\\\/#primaryimage\",\"url\":\"https:\\\/\\\/aktuelles.uni-frankfurt.de\\\/wp-content\\\/uploads\\\/2017\\\/07\\\/blog_GS_start-ins-deutsche-.jpg\",\"contentUrl\":\"https:\\\/\\\/aktuelles.uni-frankfurt.de\\\/wp-content\\\/uploads\\\/2017\\\/07\\\/blog_GS_start-ins-deutsche-.jpg\",\"width\":650,\"height\":450},{\"@type\":\"BreadcrumbList\",\"@id\":\"https:\\\/\\\/aktuelles.uni-frankfurt.de\\\/gesellschaft\\\/start-ins-deutsche-studierende-der-goethe-uni-engagieren-sich-fuer-fluechtlinge-in-frankfurt\\\/#breadcrumb\",\"itemListElement\":[{\"@type\":\"ListItem\",\"position\":1,\"name\":\"Startseite\",\"item\":\"https:\\\/\\\/aktuelles.uni-frankfurt.de\\\/\"},{\"@type\":\"ListItem\",\"position\":2,\"name\":\"&#8220;Start ins Deutsche&#8221;: Studierende der Goethe-Uni engagieren sich f\u00fcr Fl\u00fcchtlinge in Frankfurt\"}]},{\"@type\":\"WebSite\",\"@id\":\"https:\\\/\\\/aktuelles.uni-frankfurt.de\\\/#website\",\"url\":\"https:\\\/\\\/aktuelles.uni-frankfurt.de\\\/\",\"name\":\"Aktuelles aus der Goethe-Universit\u00e4t Frankfurt\",\"description\":\"Aktuelles aus der Goethe-Universit\u00e4t | Neues aus Forschung, Lehre, Studium\",\"publisher\":{\"@id\":\"https:\\\/\\\/aktuelles.uni-frankfurt.de\\\/#organization\"},\"potentialAction\":[{\"@type\":\"SearchAction\",\"target\":{\"@type\":\"EntryPoint\",\"urlTemplate\":\"https:\\\/\\\/aktuelles.uni-frankfurt.de\\\/?s={search_term_string}\"},\"query-input\":{\"@type\":\"PropertyValueSpecification\",\"valueRequired\":true,\"valueName\":\"search_term_string\"}}],\"inLanguage\":\"en-GB\"},{\"@type\":\"Organization\",\"@id\":\"https:\\\/\\\/aktuelles.uni-frankfurt.de\\\/#organization\",\"name\":\"Goethe-Universit\u00e4t\",\"url\":\"https:\\\/\\\/aktuelles.uni-frankfurt.de\\\/\",\"logo\":{\"@type\":\"ImageObject\",\"inLanguage\":\"en-GB\",\"@id\":\"https:\\\/\\\/aktuelles.uni-frankfurt.de\\\/#\\\/schema\\\/logo\\\/image\\\/\",\"url\":\"https:\\\/\\\/aktuelles.uni-frankfurt.de\\\/wp-content\\\/uploads\\\/2022\\\/03\\\/800px-Goethe-Logo.png\",\"contentUrl\":\"https:\\\/\\\/aktuelles.uni-frankfurt.de\\\/wp-content\\\/uploads\\\/2022\\\/03\\\/800px-Goethe-Logo.png\",\"width\":800,\"height\":436,\"caption\":\"Goethe-Universit\u00e4t\"},\"image\":{\"@id\":\"https:\\\/\\\/aktuelles.uni-frankfurt.de\\\/#\\\/schema\\\/logo\\\/image\\\/\"}},{\"@type\":\"Person\",\"@id\":\"https:\\\/\\\/aktuelles.uni-frankfurt.de\\\/#\\\/schema\\\/person\\\/8e55ea338fb65d1ce87a91565d1f1739\",\"name\":\"-\",\"description\":\"Dieser Beitrag wurde von der Online-Redaktion ver\u00f6ffentlicht. Wenn der Beitrag von einem Gastautoren verfasst wurde, findet sich dieser Hinweis am Ende des jeweiligen Artikels.\",\"sameAs\":[\"http:\\\/\\\/aktuelles.uni-frankfurt.de\\\/autoren\"],\"url\":\"https:\\\/\\\/aktuelles.uni-frankfurt.de\\\/en\\\/author\\\/redaktion\\\/\"}]}<\/script>\n<!-- \/ Yoast SEO plugin. -->","yoast_head_json":{"title":"\"Start ins Deutsche\": Studierende der Goethe-Uni engagieren sich f\u00fcr Fl\u00fcchtlinge in Frankfurt | Aktuelles aus der Goethe-Universit\u00e4t Frankfurt","robots":{"index":"index","follow":"follow","max-snippet":"max-snippet:-1","max-image-preview":"max-image-preview:large","max-video-preview":"max-video-preview:-1"},"canonical":"https:\/\/aktuelles.uni-frankfurt.de\/en\/gesellschaft\/start-ins-deutsche-studierende-der-goethe-uni-engagieren-sich-fuer-fluechtlinge-in-frankfurt\/","og_locale":"en_GB","og_type":"article","og_title":"\"Start ins Deutsche\": Studierende der Goethe-Uni engagieren sich f\u00fcr Fl\u00fcchtlinge in Frankfurt | Aktuelles aus der Goethe-Universit\u00e4t Frankfurt","og_description":"Neu in einem fremden Land. Die Sprache nicht verstehen. Die Schrift nicht lesen k\u00f6nnen. Das macht unsicher. Das macht hilflos. Wie es sich anf\u00fchlt, Geldautomaten nur mit fremder Hilfe bedienen [&hellip;]","og_url":"https:\/\/aktuelles.uni-frankfurt.de\/en\/gesellschaft\/start-ins-deutsche-studierende-der-goethe-uni-engagieren-sich-fuer-fluechtlinge-in-frankfurt\/","og_site_name":"Aktuelles aus der Goethe-Universit\u00e4t Frankfurt","article_published_time":"2017-08-22T06:23:31+00:00","article_modified_time":"2017-08-22T06:23:46+00:00","og_image":[{"width":650,"height":450,"url":"https:\/\/aktuelles.uni-frankfurt.de\/wp-content\/uploads\/2017\/07\/blog_GS_start-ins-deutsche-.jpg","type":"image\/jpeg"}],"author":"-","twitter_card":"summary_large_image","twitter_misc":{"Written by":"-","Estimated reading time":"3 minutes"},"schema":{"@context":"https:\/\/schema.org","@graph":[{"@type":"Article","@id":"https:\/\/aktuelles.uni-frankfurt.de\/gesellschaft\/start-ins-deutsche-studierende-der-goethe-uni-engagieren-sich-fuer-fluechtlinge-in-frankfurt\/#article","isPartOf":{"@id":"https:\/\/aktuelles.uni-frankfurt.de\/gesellschaft\/start-ins-deutsche-studierende-der-goethe-uni-engagieren-sich-fuer-fluechtlinge-in-frankfurt\/"},"author":{"name":"-","@id":"https:\/\/aktuelles.uni-frankfurt.de\/#\/schema\/person\/8e55ea338fb65d1ce87a91565d1f1739"},"headline":"&#8222;Start ins Deutsche&#8220;: Studierende der Goethe-Uni engagieren sich f\u00fcr Fl\u00fcchtlinge in Frankfurt","datePublished":"2017-08-22T06:23:31+00:00","dateModified":"2017-08-22T06:23:46+00:00","mainEntityOfPage":{"@id":"https:\/\/aktuelles.uni-frankfurt.de\/gesellschaft\/start-ins-deutsche-studierende-der-goethe-uni-engagieren-sich-fuer-fluechtlinge-in-frankfurt\/"},"wordCount":539,"publisher":{"@id":"https:\/\/aktuelles.uni-frankfurt.de\/#organization"},"image":{"@id":"https:\/\/aktuelles.uni-frankfurt.de\/gesellschaft\/start-ins-deutsche-studierende-der-goethe-uni-engagieren-sich-fuer-fluechtlinge-in-frankfurt\/#primaryimage"},"thumbnailUrl":"https:\/\/aktuelles.uni-frankfurt.de\/wp-content\/uploads\/2017\/07\/blog_GS_start-ins-deutsche-.jpg","keywords":["Alumni"],"articleSection":["Gesellschaft"],"inLanguage":"en-GB"},{"@type":"WebPage","@id":"https:\/\/aktuelles.uni-frankfurt.de\/gesellschaft\/start-ins-deutsche-studierende-der-goethe-uni-engagieren-sich-fuer-fluechtlinge-in-frankfurt\/","url":"https:\/\/aktuelles.uni-frankfurt.de\/gesellschaft\/start-ins-deutsche-studierende-der-goethe-uni-engagieren-sich-fuer-fluechtlinge-in-frankfurt\/","name":"\"Start ins Deutsche\": Studierende der Goethe-Uni engagieren sich f\u00fcr Fl\u00fcchtlinge in Frankfurt | Aktuelles aus der Goethe-Universit\u00e4t Frankfurt","isPartOf":{"@id":"https:\/\/aktuelles.uni-frankfurt.de\/#website"},"primaryImageOfPage":{"@id":"https:\/\/aktuelles.uni-frankfurt.de\/gesellschaft\/start-ins-deutsche-studierende-der-goethe-uni-engagieren-sich-fuer-fluechtlinge-in-frankfurt\/#primaryimage"},"image":{"@id":"https:\/\/aktuelles.uni-frankfurt.de\/gesellschaft\/start-ins-deutsche-studierende-der-goethe-uni-engagieren-sich-fuer-fluechtlinge-in-frankfurt\/#primaryimage"},"thumbnailUrl":"https:\/\/aktuelles.uni-frankfurt.de\/wp-content\/uploads\/2017\/07\/blog_GS_start-ins-deutsche-.jpg","datePublished":"2017-08-22T06:23:31+00:00","dateModified":"2017-08-22T06:23:46+00:00","breadcrumb":{"@id":"https:\/\/aktuelles.uni-frankfurt.de\/gesellschaft\/start-ins-deutsche-studierende-der-goethe-uni-engagieren-sich-fuer-fluechtlinge-in-frankfurt\/#breadcrumb"},"inLanguage":"en-GB","potentialAction":[{"@type":"ReadAction","target":["https:\/\/aktuelles.uni-frankfurt.de\/gesellschaft\/start-ins-deutsche-studierende-der-goethe-uni-engagieren-sich-fuer-fluechtlinge-in-frankfurt\/"]}]},{"@type":"ImageObject","inLanguage":"en-GB","@id":"https:\/\/aktuelles.uni-frankfurt.de\/gesellschaft\/start-ins-deutsche-studierende-der-goethe-uni-engagieren-sich-fuer-fluechtlinge-in-frankfurt\/#primaryimage","url":"https:\/\/aktuelles.uni-frankfurt.de\/wp-content\/uploads\/2017\/07\/blog_GS_start-ins-deutsche-.jpg","contentUrl":"https:\/\/aktuelles.uni-frankfurt.de\/wp-content\/uploads\/2017\/07\/blog_GS_start-ins-deutsche-.jpg","width":650,"height":450},{"@type":"BreadcrumbList","@id":"https:\/\/aktuelles.uni-frankfurt.de\/gesellschaft\/start-ins-deutsche-studierende-der-goethe-uni-engagieren-sich-fuer-fluechtlinge-in-frankfurt\/#breadcrumb","itemListElement":[{"@type":"ListItem","position":1,"name":"Startseite","item":"https:\/\/aktuelles.uni-frankfurt.de\/"},{"@type":"ListItem","position":2,"name":"&#8220;Start ins Deutsche&#8221;: Studierende der Goethe-Uni engagieren sich f\u00fcr Fl\u00fcchtlinge in Frankfurt"}]},{"@type":"WebSite","@id":"https:\/\/aktuelles.uni-frankfurt.de\/#website","url":"https:\/\/aktuelles.uni-frankfurt.de\/","name":"Aktuelles aus der Goethe-Universit\u00e4t Frankfurt","description":"Aktuelles aus der Goethe-Universit\u00e4t | Neues aus Forschung, Lehre, Studium","publisher":{"@id":"https:\/\/aktuelles.uni-frankfurt.de\/#organization"},"potentialAction":[{"@type":"SearchAction","target":{"@type":"EntryPoint","urlTemplate":"https:\/\/aktuelles.uni-frankfurt.de\/?s={search_term_string}"},"query-input":{"@type":"PropertyValueSpecification","valueRequired":true,"valueName":"search_term_string"}}],"inLanguage":"en-GB"},{"@type":"Organization","@id":"https:\/\/aktuelles.uni-frankfurt.de\/#organization","name":"Goethe University Frankfurt","url":"https:\/\/aktuelles.uni-frankfurt.de\/","logo":{"@type":"ImageObject","inLanguage":"en-GB","@id":"https:\/\/aktuelles.uni-frankfurt.de\/#\/schema\/logo\/image\/","url":"https:\/\/aktuelles.uni-frankfurt.de\/wp-content\/uploads\/2022\/03\/800px-Goethe-Logo.png","contentUrl":"https:\/\/aktuelles.uni-frankfurt.de\/wp-content\/uploads\/2022\/03\/800px-Goethe-Logo.png","width":800,"height":436,"caption":"Goethe-Universit\u00e4t"},"image":{"@id":"https:\/\/aktuelles.uni-frankfurt.de\/#\/schema\/logo\/image\/"}},{"@type":"Person","@id":"https:\/\/aktuelles.uni-frankfurt.de\/#\/schema\/person\/8e55ea338fb65d1ce87a91565d1f1739","name":"-","description":"Dieser Beitrag wurde von der Online-Redaktion ver\u00f6ffentlicht. Wenn der Beitrag von einem Gastautoren verfasst wurde, findet sich dieser Hinweis am Ende des jeweiligen Artikels.","sameAs":["http:\/\/aktuelles.uni-frankfurt.de\/autoren"],"url":"https:\/\/aktuelles.uni-frankfurt.de\/en\/author\/redaktion\/"}]}},"_links":{"self":[{"href":"https:\/\/aktuelles.uni-frankfurt.de\/en\/wp-json\/wp\/v2\/posts\/19160","targetHints":{"allow":["GET"]}}],"collection":[{"href":"https:\/\/aktuelles.uni-frankfurt.de\/en\/wp-json\/wp\/v2\/posts"}],"about":[{"href":"https:\/\/aktuelles.uni-frankfurt.de\/en\/wp-json\/wp\/v2\/types\/post"}],"author":[{"embeddable":true,"href":"https:\/\/aktuelles.uni-frankfurt.de\/en\/wp-json\/wp\/v2\/users\/8"}],"replies":[{"embeddable":true,"href":"https:\/\/aktuelles.uni-frankfurt.de\/en\/wp-json\/wp\/v2\/comments?post=19160"}],"version-history":[{"count":0,"href":"https:\/\/aktuelles.uni-frankfurt.de\/en\/wp-json\/wp\/v2\/posts\/19160\/revisions"}],"wp:featuredmedia":[{"embeddable":true,"href":"https:\/\/aktuelles.uni-frankfurt.de\/en\/wp-json\/wp\/v2\/media\/19162"}],"wp:attachment":[{"href":"https:\/\/aktuelles.uni-frankfurt.de\/en\/wp-json\/wp\/v2\/media?parent=19160"}],"wp:term":[{"taxonomy":"category","embeddable":true,"href":"https:\/\/aktuelles.uni-frankfurt.de\/en\/wp-json\/wp\/v2\/categories?post=19160"},{"taxonomy":"post_tag","embeddable":true,"href":"https:\/\/aktuelles.uni-frankfurt.de\/en\/wp-json\/wp\/v2\/tags?post=19160"},{"taxonomy":"post_folder","embeddable":true,"href":"https:\/\/aktuelles.uni-frankfurt.de\/en\/wp-json\/wp\/v2\/post_folder?post=19160"}],"curies":[{"name":"wp","href":"https:\/\/api.w.org\/{rel}","templated":true}]}}