{"id":1925,"date":"2015-12-03T11:44:46","date_gmt":"2015-12-03T10:44:46","guid":{"rendered":"http:\/\/aktuelles.uni-frankfurt.de\/?p=1925"},"modified":"2017-03-01T13:47:39","modified_gmt":"2017-03-01T12:47:39","slug":"giulia-enders-liest-fuer-die-freunde","status":"publish","type":"post","link":"https:\/\/aktuelles.uni-frankfurt.de\/en\/veranstaltungen\/giulia-enders-liest-fuer-die-freunde\/","title":{"rendered":"Giulia Enders liest f\u00fcr die Freunde"},"content":{"rendered":"<figure id=\"attachment_1926\" aria-describedby=\"caption-attachment-1926\" style=\"width: 300px\" class=\"wp-caption alignleft\"><a class=\"dt-single-image\" href=\"https:\/\/aktuelles.uni-frankfurt.de\/wp-content\/uploads\/2015\/12\/blog_unireport_giulia-enders.jpg\" data-dt-img-description=\"Foto: Dettmar\"><img fetchpriority=\"high\" decoding=\"async\" class=\"size-medium wp-image-1926\" src=\"https:\/\/aktuelles.uni-frankfurt.de\/wp-content\/uploads\/2015\/12\/blog_unireport_giulia-enders-300x200.jpg\" alt=\"Foto: Dettmar\" width=\"300\" height=\"200\" srcset=\"https:\/\/aktuelles.uni-frankfurt.de\/wp-content\/uploads\/2015\/12\/blog_unireport_giulia-enders-300x200.jpg 300w, https:\/\/aktuelles.uni-frankfurt.de\/wp-content\/uploads\/2015\/12\/blog_unireport_giulia-enders.jpg 700w\" sizes=\"(max-width: 300px) 100vw, 300px\" \/><\/a><figcaption id=\"caption-attachment-1926\" class=\"wp-caption-text\">Foto: Dettmar<\/figcaption><\/figure>\n<p>Wissenschaftler schreiben viel, aber dass sie ein Buch schreiben, ist nicht sehr h\u00e4ufig. Und dass dieses Buch ein Bestseller wird, ist noch seltener \u2013 mit diesen Worten f\u00fchrte Univizepr\u00e4sident Manfred Schubert-Zsilavecz die Autorin ein. Stolz, dass es sich um eine Medizinstudentin der Goethe-Universit\u00e4t handelt, und mit einem gro\u00dfen Dankesch\u00f6n an die Freunde und F\u00f6rderer, die die Begegnung m\u00f6glich gemacht hatten, \u00fcbergab er das Wort. Es ging tats\u00e4chlich den ganzen Abend um \u201eDarm mit Charme. Alles \u00fcber ein untersch\u00e4tztes Organ\u201c.<\/p>\n<p>Das Buch, das kurz nach seinem Erscheinen im M\u00e4rz 2014 auf Platz 1 der Spiegel-Bestsellerliste landete, in Deutschland mit \u00fcber 1 Million Exemplaren das meistverkaufte Hardcover-Sachbuch war und inzwischen 35 L\u00e4nder auf der Liste seiner verkauften Buchrechte auff\u00fchrt. Das auf knapp 300 Seiten alles zusammentr\u00e4gt, was es \u00fcber dieses \u201efabelhafte Wesen\u201c in Bezug auf Aufbau, Funktion oder Dysfunktion, Zusammenhang mit anderen Organen, auch unserer Stimmung, und seinen Mikroben zu sagen gibt.<\/p>\n<p>Und wegen dem am 12. November, im Anschluss an die Mitgliederversammlung, \u00fcber 270 Freunde der Goethe-Universit\u00e4t und geladene Interessierte im gro\u00dfen Festsaal des Casinos sa\u00dfen und gespannt den Vortrag der zierlichen 25-j\u00e4hrigen Medizinerin verfolgten. Das Ziel der Autorin: den Lesern dazu zu verhelfen, mehr zu sehen als das, was unmittelbar sichtbar ist. So wie wir bei einem Baum nur die Krone (in L\u00f6ffelform) sehen, aber nicht den Wurzelballen, machen wir uns auch nicht klar, was in unserem K\u00f6rper alles so Erstaunliches abl\u00e4uft.<\/p>\n<p>\u201eW\u00e4hrend wir so l\u00f6ffelm\u00e4\u00dfig durchs Leben laufen, verpassen wir gro\u00dfartige Dinge\u201c \u2013 und darum und die richtige Wertsch\u00e4tzung geht\u2019s. Und zwar dank der Schwester Jil Enders auf sehr unterhaltsame Art. Die Kommunikationsdesignerin hat nicht nur die Illustrationen angefertigt, die an sich schon sehenswert sind, sondern auch f\u00fcr die Leichtigkeit gesorgt, mit der die wissenschaftlich fundierte Materie pr\u00e4sentiert wird: so, dass Dinge sehr schnell greifbar werden \u2013 und mit Humor. So war auch der Vortrag, bei dem sich Lesung und Erz\u00e4hlung zur Entstehungsgeschichte abwechselten, h\u00f6chst unterhaltsam.<\/p>\n<p>Bei allem Vergn\u00fcgen war aber durchaus deutlich, mit welchem Ernst und welcher Professionalit\u00e4t sich Giulia Enders mit dem Thema auseinandersetzt. Hochkonzentriert, aber immer f\u00fcr den Laien gut verst\u00e4ndlich behandelte sie verschiedene Ph\u00e4nomene wie Lebensmittelunvertr\u00e4glichkeit, Dickmacher oder Bakterien. In der ausf\u00fchrlichen Fragerunde kamen zahlreiche weitere Themen zur Sprache, die Frau Enders mit gro\u00dfer Detailkenntnis beantwortete. Auch bei den Gespr\u00e4chen am Buffet ging es noch lange um Laktose-Intoleranz, Heliobacter, Pr\u00e4biotika und wo es heute noch frisches Sauerkraut zu kaufen gibt. <em>[Autorin: Friederike Lohse]<\/em><\/p>\n","protected":false},"excerpt":{"rendered":"<p>Wissenschaftler schreiben viel, aber dass sie ein Buch schreiben, ist nicht sehr h\u00e4ufig. Und dass dieses Buch ein Bestseller wird, ist noch seltener \u2013 mit diesen Worten f\u00fchrte Univizepr\u00e4sident Manfred [&hellip;]<\/p>\n","protected":false},"author":8,"featured_media":1926,"comment_status":"closed","ping_status":"closed","sticky":false,"template":"","format":"standard","meta":{"_eb_attr":"","_price":"","_stock":"","_tribe_ticket_header":"","_tribe_default_ticket_provider":"","_ticket_start_date":"","_ticket_end_date":"","_tribe_ticket_show_description":"","_tribe_ticket_show_not_going":false,"_tribe_ticket_use_global_stock":"","_tribe_ticket_global_stock_level":"","_global_stock_mode":"","_global_stock_cap":"","_tribe_rsvp_for_event":"","_tribe_ticket_going_count":"","_tribe_ticket_not_going_count":"","_tribe_tickets_list":"[]","_tribe_ticket_has_attendee_info_fields":false,"footnotes":""},"categories":[12],"tags":[49,10],"post_folder":[],"class_list":["post-1925","post","type-post","status-publish","format-standard","has-post-thumbnail","hentry","category-veranstaltungen","tag-medizin","tag-unireport"],"yoast_head":"<!-- This site is optimized with the Yoast SEO plugin v27.5 - https:\/\/yoast.com\/product\/yoast-seo-wordpress\/ -->\n<title>Giulia Enders liest f\u00fcr die Freunde | Aktuelles aus der Goethe-Universit\u00e4t Frankfurt<\/title>\n<meta name=\"robots\" content=\"index, follow, max-snippet:-1, max-image-preview:large, max-video-preview:-1\" \/>\n<link rel=\"canonical\" href=\"https:\/\/aktuelles.uni-frankfurt.de\/en\/veranstaltungen\/giulia-enders-liest-fuer-die-freunde\/\" \/>\n<meta property=\"og:locale\" content=\"en_GB\" \/>\n<meta property=\"og:type\" content=\"article\" \/>\n<meta property=\"og:title\" content=\"Giulia Enders liest f\u00fcr die Freunde | Aktuelles aus der Goethe-Universit\u00e4t Frankfurt\" \/>\n<meta property=\"og:description\" content=\"Wissenschaftler schreiben viel, aber dass sie ein Buch schreiben, ist nicht sehr h\u00e4ufig. Und dass dieses Buch ein Bestseller wird, ist noch seltener \u2013 mit diesen Worten f\u00fchrte Univizepr\u00e4sident Manfred [&hellip;]\" \/>\n<meta property=\"og:url\" content=\"https:\/\/aktuelles.uni-frankfurt.de\/en\/veranstaltungen\/giulia-enders-liest-fuer-die-freunde\/\" \/>\n<meta property=\"og:site_name\" content=\"Aktuelles aus der Goethe-Universit\u00e4t Frankfurt\" \/>\n<meta property=\"article:published_time\" content=\"2015-12-03T10:44:46+00:00\" \/>\n<meta property=\"article:modified_time\" content=\"2017-03-01T12:47:39+00:00\" \/>\n<meta property=\"og:image\" content=\"https:\/\/aktuelles.uni-frankfurt.de\/wp-content\/uploads\/2015\/12\/blog_unireport_giulia-enders.jpg\" \/>\n\t<meta property=\"og:image:width\" content=\"700\" \/>\n\t<meta property=\"og:image:height\" content=\"467\" \/>\n\t<meta property=\"og:image:type\" content=\"image\/jpeg\" \/>\n<meta name=\"author\" content=\"-\" \/>\n<meta name=\"twitter:card\" content=\"summary_large_image\" \/>\n<meta name=\"twitter:label1\" content=\"Written by\" \/>\n\t<meta name=\"twitter:data1\" content=\"-\" \/>\n\t<meta name=\"twitter:label2\" content=\"Estimated reading time\" \/>\n\t<meta name=\"twitter:data2\" content=\"2 minutes\" \/>\n<script type=\"application\/ld+json\" class=\"yoast-schema-graph\">{\"@context\":\"https:\\\/\\\/schema.org\",\"@graph\":[{\"@type\":\"Article\",\"@id\":\"https:\\\/\\\/aktuelles.uni-frankfurt.de\\\/veranstaltungen\\\/giulia-enders-liest-fuer-die-freunde\\\/#article\",\"isPartOf\":{\"@id\":\"https:\\\/\\\/aktuelles.uni-frankfurt.de\\\/veranstaltungen\\\/giulia-enders-liest-fuer-die-freunde\\\/\"},\"author\":{\"name\":\"-\",\"@id\":\"https:\\\/\\\/aktuelles.uni-frankfurt.de\\\/#\\\/schema\\\/person\\\/8e55ea338fb65d1ce87a91565d1f1739\"},\"headline\":\"Giulia Enders liest f\u00fcr die Freunde\",\"datePublished\":\"2015-12-03T10:44:46+00:00\",\"dateModified\":\"2017-03-01T12:47:39+00:00\",\"mainEntityOfPage\":{\"@id\":\"https:\\\/\\\/aktuelles.uni-frankfurt.de\\\/veranstaltungen\\\/giulia-enders-liest-fuer-die-freunde\\\/\"},\"wordCount\":445,\"publisher\":{\"@id\":\"https:\\\/\\\/aktuelles.uni-frankfurt.de\\\/#organization\"},\"image\":{\"@id\":\"https:\\\/\\\/aktuelles.uni-frankfurt.de\\\/veranstaltungen\\\/giulia-enders-liest-fuer-die-freunde\\\/#primaryimage\"},\"thumbnailUrl\":\"https:\\\/\\\/aktuelles.uni-frankfurt.de\\\/wp-content\\\/uploads\\\/2015\\\/12\\\/blog_unireport_giulia-enders.jpg\",\"keywords\":[\"Medizin\",\"UniReport\"],\"articleSection\":[\"Veranstaltungen\"],\"inLanguage\":\"en-GB\"},{\"@type\":\"WebPage\",\"@id\":\"https:\\\/\\\/aktuelles.uni-frankfurt.de\\\/veranstaltungen\\\/giulia-enders-liest-fuer-die-freunde\\\/\",\"url\":\"https:\\\/\\\/aktuelles.uni-frankfurt.de\\\/veranstaltungen\\\/giulia-enders-liest-fuer-die-freunde\\\/\",\"name\":\"Giulia Enders liest f\u00fcr die Freunde | Aktuelles aus der Goethe-Universit\u00e4t Frankfurt\",\"isPartOf\":{\"@id\":\"https:\\\/\\\/aktuelles.uni-frankfurt.de\\\/#website\"},\"primaryImageOfPage\":{\"@id\":\"https:\\\/\\\/aktuelles.uni-frankfurt.de\\\/veranstaltungen\\\/giulia-enders-liest-fuer-die-freunde\\\/#primaryimage\"},\"image\":{\"@id\":\"https:\\\/\\\/aktuelles.uni-frankfurt.de\\\/veranstaltungen\\\/giulia-enders-liest-fuer-die-freunde\\\/#primaryimage\"},\"thumbnailUrl\":\"https:\\\/\\\/aktuelles.uni-frankfurt.de\\\/wp-content\\\/uploads\\\/2015\\\/12\\\/blog_unireport_giulia-enders.jpg\",\"datePublished\":\"2015-12-03T10:44:46+00:00\",\"dateModified\":\"2017-03-01T12:47:39+00:00\",\"breadcrumb\":{\"@id\":\"https:\\\/\\\/aktuelles.uni-frankfurt.de\\\/veranstaltungen\\\/giulia-enders-liest-fuer-die-freunde\\\/#breadcrumb\"},\"inLanguage\":\"en-GB\",\"potentialAction\":[{\"@type\":\"ReadAction\",\"target\":[\"https:\\\/\\\/aktuelles.uni-frankfurt.de\\\/veranstaltungen\\\/giulia-enders-liest-fuer-die-freunde\\\/\"]}]},{\"@type\":\"ImageObject\",\"inLanguage\":\"en-GB\",\"@id\":\"https:\\\/\\\/aktuelles.uni-frankfurt.de\\\/veranstaltungen\\\/giulia-enders-liest-fuer-die-freunde\\\/#primaryimage\",\"url\":\"https:\\\/\\\/aktuelles.uni-frankfurt.de\\\/wp-content\\\/uploads\\\/2015\\\/12\\\/blog_unireport_giulia-enders.jpg\",\"contentUrl\":\"https:\\\/\\\/aktuelles.uni-frankfurt.de\\\/wp-content\\\/uploads\\\/2015\\\/12\\\/blog_unireport_giulia-enders.jpg\",\"width\":700,\"height\":467,\"caption\":\"Foto: Dettmar\"},{\"@type\":\"BreadcrumbList\",\"@id\":\"https:\\\/\\\/aktuelles.uni-frankfurt.de\\\/veranstaltungen\\\/giulia-enders-liest-fuer-die-freunde\\\/#breadcrumb\",\"itemListElement\":[{\"@type\":\"ListItem\",\"position\":1,\"name\":\"Startseite\",\"item\":\"https:\\\/\\\/aktuelles.uni-frankfurt.de\\\/\"},{\"@type\":\"ListItem\",\"position\":2,\"name\":\"Giulia Enders liest f\u00fcr die Freunde\"}]},{\"@type\":\"WebSite\",\"@id\":\"https:\\\/\\\/aktuelles.uni-frankfurt.de\\\/#website\",\"url\":\"https:\\\/\\\/aktuelles.uni-frankfurt.de\\\/\",\"name\":\"Aktuelles aus der Goethe-Universit\u00e4t Frankfurt\",\"description\":\"Aktuelles aus der Goethe-Universit\u00e4t | Neues aus Forschung, Lehre, Studium\",\"publisher\":{\"@id\":\"https:\\\/\\\/aktuelles.uni-frankfurt.de\\\/#organization\"},\"potentialAction\":[{\"@type\":\"SearchAction\",\"target\":{\"@type\":\"EntryPoint\",\"urlTemplate\":\"https:\\\/\\\/aktuelles.uni-frankfurt.de\\\/?s={search_term_string}\"},\"query-input\":{\"@type\":\"PropertyValueSpecification\",\"valueRequired\":true,\"valueName\":\"search_term_string\"}}],\"inLanguage\":\"en-GB\"},{\"@type\":\"Organization\",\"@id\":\"https:\\\/\\\/aktuelles.uni-frankfurt.de\\\/#organization\",\"name\":\"Goethe-Universit\u00e4t\",\"url\":\"https:\\\/\\\/aktuelles.uni-frankfurt.de\\\/\",\"logo\":{\"@type\":\"ImageObject\",\"inLanguage\":\"en-GB\",\"@id\":\"https:\\\/\\\/aktuelles.uni-frankfurt.de\\\/#\\\/schema\\\/logo\\\/image\\\/\",\"url\":\"https:\\\/\\\/aktuelles.uni-frankfurt.de\\\/wp-content\\\/uploads\\\/2022\\\/03\\\/800px-Goethe-Logo.png\",\"contentUrl\":\"https:\\\/\\\/aktuelles.uni-frankfurt.de\\\/wp-content\\\/uploads\\\/2022\\\/03\\\/800px-Goethe-Logo.png\",\"width\":800,\"height\":436,\"caption\":\"Goethe-Universit\u00e4t\"},\"image\":{\"@id\":\"https:\\\/\\\/aktuelles.uni-frankfurt.de\\\/#\\\/schema\\\/logo\\\/image\\\/\"}},{\"@type\":\"Person\",\"@id\":\"https:\\\/\\\/aktuelles.uni-frankfurt.de\\\/#\\\/schema\\\/person\\\/8e55ea338fb65d1ce87a91565d1f1739\",\"name\":\"-\",\"description\":\"Dieser Beitrag wurde von der Online-Redaktion ver\u00f6ffentlicht. Wenn der Beitrag von einem Gastautoren verfasst wurde, findet sich dieser Hinweis am Ende des jeweiligen Artikels.\",\"sameAs\":[\"http:\\\/\\\/aktuelles.uni-frankfurt.de\\\/autoren\"],\"url\":\"https:\\\/\\\/aktuelles.uni-frankfurt.de\\\/en\\\/author\\\/redaktion\\\/\"}]}<\/script>\n<!-- \/ Yoast SEO plugin. -->","yoast_head_json":{"title":"Giulia Enders liest f\u00fcr die Freunde | Aktuelles aus der Goethe-Universit\u00e4t Frankfurt","robots":{"index":"index","follow":"follow","max-snippet":"max-snippet:-1","max-image-preview":"max-image-preview:large","max-video-preview":"max-video-preview:-1"},"canonical":"https:\/\/aktuelles.uni-frankfurt.de\/en\/veranstaltungen\/giulia-enders-liest-fuer-die-freunde\/","og_locale":"en_GB","og_type":"article","og_title":"Giulia Enders liest f\u00fcr die Freunde | Aktuelles aus der Goethe-Universit\u00e4t Frankfurt","og_description":"Wissenschaftler schreiben viel, aber dass sie ein Buch schreiben, ist nicht sehr h\u00e4ufig. Und dass dieses Buch ein Bestseller wird, ist noch seltener \u2013 mit diesen Worten f\u00fchrte Univizepr\u00e4sident Manfred [&hellip;]","og_url":"https:\/\/aktuelles.uni-frankfurt.de\/en\/veranstaltungen\/giulia-enders-liest-fuer-die-freunde\/","og_site_name":"Aktuelles aus der Goethe-Universit\u00e4t Frankfurt","article_published_time":"2015-12-03T10:44:46+00:00","article_modified_time":"2017-03-01T12:47:39+00:00","og_image":[{"width":700,"height":467,"url":"https:\/\/aktuelles.uni-frankfurt.de\/wp-content\/uploads\/2015\/12\/blog_unireport_giulia-enders.jpg","type":"image\/jpeg"}],"author":"-","twitter_card":"summary_large_image","twitter_misc":{"Written by":"-","Estimated reading time":"2 minutes"},"schema":{"@context":"https:\/\/schema.org","@graph":[{"@type":"Article","@id":"https:\/\/aktuelles.uni-frankfurt.de\/veranstaltungen\/giulia-enders-liest-fuer-die-freunde\/#article","isPartOf":{"@id":"https:\/\/aktuelles.uni-frankfurt.de\/veranstaltungen\/giulia-enders-liest-fuer-die-freunde\/"},"author":{"name":"-","@id":"https:\/\/aktuelles.uni-frankfurt.de\/#\/schema\/person\/8e55ea338fb65d1ce87a91565d1f1739"},"headline":"Giulia Enders liest f\u00fcr die Freunde","datePublished":"2015-12-03T10:44:46+00:00","dateModified":"2017-03-01T12:47:39+00:00","mainEntityOfPage":{"@id":"https:\/\/aktuelles.uni-frankfurt.de\/veranstaltungen\/giulia-enders-liest-fuer-die-freunde\/"},"wordCount":445,"publisher":{"@id":"https:\/\/aktuelles.uni-frankfurt.de\/#organization"},"image":{"@id":"https:\/\/aktuelles.uni-frankfurt.de\/veranstaltungen\/giulia-enders-liest-fuer-die-freunde\/#primaryimage"},"thumbnailUrl":"https:\/\/aktuelles.uni-frankfurt.de\/wp-content\/uploads\/2015\/12\/blog_unireport_giulia-enders.jpg","keywords":["Medizin","UniReport"],"articleSection":["Veranstaltungen"],"inLanguage":"en-GB"},{"@type":"WebPage","@id":"https:\/\/aktuelles.uni-frankfurt.de\/veranstaltungen\/giulia-enders-liest-fuer-die-freunde\/","url":"https:\/\/aktuelles.uni-frankfurt.de\/veranstaltungen\/giulia-enders-liest-fuer-die-freunde\/","name":"Giulia Enders liest f\u00fcr die Freunde | Aktuelles aus der Goethe-Universit\u00e4t Frankfurt","isPartOf":{"@id":"https:\/\/aktuelles.uni-frankfurt.de\/#website"},"primaryImageOfPage":{"@id":"https:\/\/aktuelles.uni-frankfurt.de\/veranstaltungen\/giulia-enders-liest-fuer-die-freunde\/#primaryimage"},"image":{"@id":"https:\/\/aktuelles.uni-frankfurt.de\/veranstaltungen\/giulia-enders-liest-fuer-die-freunde\/#primaryimage"},"thumbnailUrl":"https:\/\/aktuelles.uni-frankfurt.de\/wp-content\/uploads\/2015\/12\/blog_unireport_giulia-enders.jpg","datePublished":"2015-12-03T10:44:46+00:00","dateModified":"2017-03-01T12:47:39+00:00","breadcrumb":{"@id":"https:\/\/aktuelles.uni-frankfurt.de\/veranstaltungen\/giulia-enders-liest-fuer-die-freunde\/#breadcrumb"},"inLanguage":"en-GB","potentialAction":[{"@type":"ReadAction","target":["https:\/\/aktuelles.uni-frankfurt.de\/veranstaltungen\/giulia-enders-liest-fuer-die-freunde\/"]}]},{"@type":"ImageObject","inLanguage":"en-GB","@id":"https:\/\/aktuelles.uni-frankfurt.de\/veranstaltungen\/giulia-enders-liest-fuer-die-freunde\/#primaryimage","url":"https:\/\/aktuelles.uni-frankfurt.de\/wp-content\/uploads\/2015\/12\/blog_unireport_giulia-enders.jpg","contentUrl":"https:\/\/aktuelles.uni-frankfurt.de\/wp-content\/uploads\/2015\/12\/blog_unireport_giulia-enders.jpg","width":700,"height":467,"caption":"Foto: Dettmar"},{"@type":"BreadcrumbList","@id":"https:\/\/aktuelles.uni-frankfurt.de\/veranstaltungen\/giulia-enders-liest-fuer-die-freunde\/#breadcrumb","itemListElement":[{"@type":"ListItem","position":1,"name":"Startseite","item":"https:\/\/aktuelles.uni-frankfurt.de\/"},{"@type":"ListItem","position":2,"name":"Giulia Enders liest f\u00fcr die Freunde"}]},{"@type":"WebSite","@id":"https:\/\/aktuelles.uni-frankfurt.de\/#website","url":"https:\/\/aktuelles.uni-frankfurt.de\/","name":"Aktuelles aus der Goethe-Universit\u00e4t Frankfurt","description":"Aktuelles aus der Goethe-Universit\u00e4t | Neues aus Forschung, Lehre, Studium","publisher":{"@id":"https:\/\/aktuelles.uni-frankfurt.de\/#organization"},"potentialAction":[{"@type":"SearchAction","target":{"@type":"EntryPoint","urlTemplate":"https:\/\/aktuelles.uni-frankfurt.de\/?s={search_term_string}"},"query-input":{"@type":"PropertyValueSpecification","valueRequired":true,"valueName":"search_term_string"}}],"inLanguage":"en-GB"},{"@type":"Organization","@id":"https:\/\/aktuelles.uni-frankfurt.de\/#organization","name":"Goethe University Frankfurt","url":"https:\/\/aktuelles.uni-frankfurt.de\/","logo":{"@type":"ImageObject","inLanguage":"en-GB","@id":"https:\/\/aktuelles.uni-frankfurt.de\/#\/schema\/logo\/image\/","url":"https:\/\/aktuelles.uni-frankfurt.de\/wp-content\/uploads\/2022\/03\/800px-Goethe-Logo.png","contentUrl":"https:\/\/aktuelles.uni-frankfurt.de\/wp-content\/uploads\/2022\/03\/800px-Goethe-Logo.png","width":800,"height":436,"caption":"Goethe-Universit\u00e4t"},"image":{"@id":"https:\/\/aktuelles.uni-frankfurt.de\/#\/schema\/logo\/image\/"}},{"@type":"Person","@id":"https:\/\/aktuelles.uni-frankfurt.de\/#\/schema\/person\/8e55ea338fb65d1ce87a91565d1f1739","name":"-","description":"Dieser Beitrag wurde von der Online-Redaktion ver\u00f6ffentlicht. Wenn der Beitrag von einem Gastautoren verfasst wurde, findet sich dieser Hinweis am Ende des jeweiligen Artikels.","sameAs":["http:\/\/aktuelles.uni-frankfurt.de\/autoren"],"url":"https:\/\/aktuelles.uni-frankfurt.de\/en\/author\/redaktion\/"}]}},"_links":{"self":[{"href":"https:\/\/aktuelles.uni-frankfurt.de\/en\/wp-json\/wp\/v2\/posts\/1925","targetHints":{"allow":["GET"]}}],"collection":[{"href":"https:\/\/aktuelles.uni-frankfurt.de\/en\/wp-json\/wp\/v2\/posts"}],"about":[{"href":"https:\/\/aktuelles.uni-frankfurt.de\/en\/wp-json\/wp\/v2\/types\/post"}],"author":[{"embeddable":true,"href":"https:\/\/aktuelles.uni-frankfurt.de\/en\/wp-json\/wp\/v2\/users\/8"}],"replies":[{"embeddable":true,"href":"https:\/\/aktuelles.uni-frankfurt.de\/en\/wp-json\/wp\/v2\/comments?post=1925"}],"version-history":[{"count":0,"href":"https:\/\/aktuelles.uni-frankfurt.de\/en\/wp-json\/wp\/v2\/posts\/1925\/revisions"}],"wp:featuredmedia":[{"embeddable":true,"href":"https:\/\/aktuelles.uni-frankfurt.de\/en\/wp-json\/wp\/v2\/media\/1926"}],"wp:attachment":[{"href":"https:\/\/aktuelles.uni-frankfurt.de\/en\/wp-json\/wp\/v2\/media?parent=1925"}],"wp:term":[{"taxonomy":"category","embeddable":true,"href":"https:\/\/aktuelles.uni-frankfurt.de\/en\/wp-json\/wp\/v2\/categories?post=1925"},{"taxonomy":"post_tag","embeddable":true,"href":"https:\/\/aktuelles.uni-frankfurt.de\/en\/wp-json\/wp\/v2\/tags?post=1925"},{"taxonomy":"post_folder","embeddable":true,"href":"https:\/\/aktuelles.uni-frankfurt.de\/en\/wp-json\/wp\/v2\/post_folder?post=1925"}],"curies":[{"name":"wp","href":"https:\/\/api.w.org\/{rel}","templated":true}]}}