{"id":1956,"date":"2014-12-05T09:13:43","date_gmt":"2014-12-05T08:13:43","guid":{"rendered":"http:\/\/aktuelles.uni-frankfurt.de\/?p=1956"},"modified":"2016-01-10T22:08:41","modified_gmt":"2016-01-10T21:08:41","slug":"thomas-piketty-die-reichen-werden-immer-reicher","status":"publish","type":"post","link":"https:\/\/aktuelles.uni-frankfurt.de\/en\/gesellschaft\/thomas-piketty-die-reichen-werden-immer-reicher\/","title":{"rendered":"Thomas Piketty: Die Reichen werden immer reicher"},"content":{"rendered":"<figure id=\"attachment_1957\" aria-describedby=\"caption-attachment-1957\" style=\"width: 300px\" class=\"wp-caption alignleft\"><img fetchpriority=\"high\" decoding=\"async\" class=\"wp-image-1957 size-medium\" src=\"https:\/\/aktuelles.uni-frankfurt.de\/wp-content\/uploads\/2015\/12\/blog_unireport_piketty-300x225.jpg\" alt=\"Foto: Dettmar\" width=\"300\" height=\"225\" srcset=\"https:\/\/aktuelles.uni-frankfurt.de\/wp-content\/uploads\/2015\/12\/blog_unireport_piketty-300x225.jpg 300w, https:\/\/aktuelles.uni-frankfurt.de\/wp-content\/uploads\/2015\/12\/blog_unireport_piketty.jpg 400w\" sizes=\"(max-width: 300px) 100vw, 300px\" \/><figcaption id=\"caption-attachment-1957\" class=\"wp-caption-text\">Foto: Dettmar<\/figcaption><\/figure>\n<p>Thomas Piketty, Forschungsdirektor an der EHESS Paris und Wirtschaftsprofessor an der Paris School of Economics, kam am 10. Oktober anl\u00e4sslich der Ver\u00f6ffentlichung der deutschen Ausgabe seines Buches \u201eDas Kapital im 21. Jahrhundert\u201c an die Goethe-Universit\u00e4t. Auch hier stie\u00df Piketty auf gro\u00dfes Interesse bei Studierenden und Fachkollegen.<\/p>\n<h3>Die Ungleichheit nimmt zu<\/h3>\n<p>Pikettys umfangreiche Datensammlung und -analyse hat weltweit eine Debatte \u00fcber die ungleiche Verteilung von Einkommen und Verm\u00f6gen angesto\u00dfen. Der franz\u00f6sische \u00d6konom vertritt die These, dass im Kapitalismus die Reichen auf Dauer immer reicher und die Armen immer \u00e4rmer werden. Die Ungleichheit nimmt also zu. Belegen will Piketty diese These anhand historischer Daten, die bis ins 18. Jahrhundert zur\u00fcckreichen.<\/p>\n<p>Die Ergebnisse seiner Datenanalyse pr\u00e4sentiert Piketty seinem Publikum in Frankfurt mit einer Vielzahl von Grafiken. Diese zeigen, dass die Ungleichheit der Verm\u00f6gensverteilung in den Jahren von 1930 bis 1975 weltweit zun\u00e4chst abgenommen hat. Diese Entwicklung, erkl\u00e4rt Piketty, sei aber vor allem auf ungew\u00f6hnliche Ereignisse wie den zweiten Weltkrieg, die Weltwirtschafts- und \u00d6lkrise zur\u00fcckzuf\u00fchren, die einen Gro\u00dfteil der Verm\u00f6gen zerst\u00f6rt hatten. Schaue man sich dagegen die Einkommensverteilung in den USA seit 1980 an, so Piketty, zeige sich eindeutig, dass die Ungleichheit in dieser Zeit stark zugenommen hat.<\/p>\n<p>Seit den 1980er Jahren sei die Wirtschaft in den USA zwar kr\u00e4ftig gewachsen, allerdings habe die Mittelschicht davon kaum profitiert. In Deutschland k\u00f6nne man eine \u00e4hnliche Entwicklung beobachten, erl\u00e4utert Piketty. Auch hier h\u00e4tten die mittleren Einkommen trotz wirtschaftlichem Aufschwung wenig zugelegt. Piketty hat au\u00dferdem festgestellt, dass das Verm\u00f6gen der Superreichen j\u00e4hrlich durchschnittlich drei Mal so schnell w\u00e4chst wie das Verm\u00f6gen aller anderen.<\/p>\n<h3>Die \u00bbWeltformel\u00ab<\/h3>\n<p>Doch was ist der Grund f\u00fcr diese Entwicklung? Piketty fasst seine Ergebnisse in einer einfachen Formel zusammen, die schon als die neue \u201eWeltformel\u201c bezeichnet wird: r &gt; g. Das \u201er\u201c in der Formel steht f\u00fcr die Rendite, die man auf sein Verm\u00f6gen erh\u00e4lt, und das \u201eg\u201c f\u00fcr das Wirtschaftswachstum bzw. den Anstieg der Arbeitseinkommen. Laut Piketty bedeutet diese Ungleichung, dass die Menschen, die bereits \u00fcber ein gro\u00dfes Verm\u00f6gen verf\u00fcgen, ihr Geld viel schneller vermehren k\u00f6nnen als die L\u00f6hne und Geh\u00e4lter der weniger Verm\u00f6genden ansteigen.<\/p>\n<p>Die Mittelschicht mit ihren Arbeitseinkommen f\u00e4llt also im Zeitverlauf immer weiter hinter den Reichen zur\u00fcck und die Ungleichheit w\u00e4chst. Damit konzentriert sich der Reichtum zunehmend in den H\u00e4nden weniger Menschen. Genau das sei in den letzten Jahrzehnten verst\u00e4rkt der Fall gewesen, so Piketty. Er h\u00e4lt es f\u00fcr wahrscheinlich, dass die Schere zwischen Arm und Reich in Zukunft noch weiter auseinandergehen wird. Um dies zu verhindern, fordert er eine h\u00f6here Besteuerung von Verm\u00f6gen mit Spitzensteuers\u00e4tzen von bis zu 80 Prozent.<\/p>\n<p>Trotz seines internationalen Erfolges pr\u00e4sentiert sich Piketty in Frankfurt bescheiden und betont immer wieder, dass die von ihm zusammengestellten Daten durchaus nicht fehlerfrei und l\u00fcckenlos seien. Vielleicht will er damit den kritischen Stimmen zuvorkommen, die in den letzten Monaten immer wieder an der Vollst\u00e4ndigkeit seiner Daten und den daraus resultierenden Ergebnissen gezweifelt haben. Piketty hat die in seinem Buch verwendeten Daten auf seiner Webseite \u00f6ffentlich zur Verf\u00fcgung gestellt und m\u00f6chte die Datens\u00e4tze auch in Zukunft weiter vervollst\u00e4ndigen. Eine umfangreiche Sammlung von Daten zu Einkommen und Verm\u00f6gen h\u00e4lt Piketty f\u00fcr sinnvoll, da dadurch mehr Transparenz entsteht und eine fundiertere Diskussion \u00fcber Themen wie Ungleichheit und Besteuerung m\u00f6glich wird. <em>[Autorin: Ina Christ]<\/em><\/p>\n","protected":false},"excerpt":{"rendered":"<p>Thomas Piketty, Forschungsdirektor an der EHESS Paris und Wirtschaftsprofessor an der Paris School of Economics, kam am 10. Oktober anl\u00e4sslich der Ver\u00f6ffentlichung der deutschen Ausgabe seines Buches \u201eDas Kapital im [&hellip;]<\/p>\n","protected":false},"author":8,"featured_media":1957,"comment_status":"closed","ping_status":"closed","sticky":false,"template":"","format":"standard","meta":{"_eb_attr":"","_price":"","_stock":"","_tribe_ticket_header":"","_tribe_default_ticket_provider":"","_ticket_start_date":"","_ticket_end_date":"","_tribe_ticket_show_description":"","_tribe_ticket_show_not_going":false,"_tribe_ticket_use_global_stock":"","_tribe_ticket_global_stock_level":"","_global_stock_mode":"","_global_stock_cap":"","_tribe_rsvp_for_event":"","_tribe_ticket_going_count":"","_tribe_ticket_not_going_count":"","_tribe_tickets_list":"[]","_tribe_ticket_has_attendee_info_fields":false,"footnotes":""},"categories":[4],"tags":[10],"post_folder":[],"class_list":["post-1956","post","type-post","status-publish","format-standard","has-post-thumbnail","hentry","category-gesellschaft","tag-unireport"],"yoast_head":"<!-- This site is optimized with the Yoast SEO plugin v27.5 - https:\/\/yoast.com\/product\/yoast-seo-wordpress\/ -->\n<title>Thomas Piketty: Die Reichen werden immer reicher | Aktuelles aus der Goethe-Universit\u00e4t Frankfurt<\/title>\n<meta name=\"robots\" content=\"index, follow, max-snippet:-1, max-image-preview:large, max-video-preview:-1\" \/>\n<link rel=\"canonical\" href=\"https:\/\/aktuelles.uni-frankfurt.de\/en\/gesellschaft\/thomas-piketty-die-reichen-werden-immer-reicher\/\" \/>\n<meta property=\"og:locale\" content=\"en_GB\" \/>\n<meta property=\"og:type\" content=\"article\" \/>\n<meta property=\"og:title\" content=\"Thomas Piketty: Die Reichen werden immer reicher | Aktuelles aus der Goethe-Universit\u00e4t Frankfurt\" \/>\n<meta property=\"og:description\" content=\"Thomas Piketty, Forschungsdirektor an der EHESS Paris und Wirtschaftsprofessor an der Paris School of Economics, kam am 10. Oktober anl\u00e4sslich der Ver\u00f6ffentlichung der deutschen Ausgabe seines Buches \u201eDas Kapital im [&hellip;]\" \/>\n<meta property=\"og:url\" content=\"https:\/\/aktuelles.uni-frankfurt.de\/en\/gesellschaft\/thomas-piketty-die-reichen-werden-immer-reicher\/\" \/>\n<meta property=\"og:site_name\" content=\"Aktuelles aus der Goethe-Universit\u00e4t Frankfurt\" \/>\n<meta property=\"article:published_time\" content=\"2014-12-05T08:13:43+00:00\" \/>\n<meta property=\"article:modified_time\" content=\"2016-01-10T21:08:41+00:00\" \/>\n<meta property=\"og:image\" content=\"https:\/\/aktuelles.uni-frankfurt.de\/wp-content\/uploads\/2015\/12\/blog_unireport_piketty.jpg\" \/>\n\t<meta property=\"og:image:width\" content=\"400\" \/>\n\t<meta property=\"og:image:height\" content=\"300\" \/>\n\t<meta property=\"og:image:type\" content=\"image\/jpeg\" \/>\n<meta name=\"author\" content=\"-\" \/>\n<meta name=\"twitter:card\" content=\"summary_large_image\" \/>\n<meta name=\"twitter:label1\" content=\"Written by\" \/>\n\t<meta name=\"twitter:data1\" content=\"-\" \/>\n\t<meta name=\"twitter:label2\" content=\"Estimated reading time\" \/>\n\t<meta name=\"twitter:data2\" content=\"3 minutes\" \/>\n<script type=\"application\/ld+json\" class=\"yoast-schema-graph\">{\"@context\":\"https:\\\/\\\/schema.org\",\"@graph\":[{\"@type\":\"Article\",\"@id\":\"https:\\\/\\\/aktuelles.uni-frankfurt.de\\\/gesellschaft\\\/thomas-piketty-die-reichen-werden-immer-reicher\\\/#article\",\"isPartOf\":{\"@id\":\"https:\\\/\\\/aktuelles.uni-frankfurt.de\\\/gesellschaft\\\/thomas-piketty-die-reichen-werden-immer-reicher\\\/\"},\"author\":{\"name\":\"-\",\"@id\":\"https:\\\/\\\/aktuelles.uni-frankfurt.de\\\/#\\\/schema\\\/person\\\/8e55ea338fb65d1ce87a91565d1f1739\"},\"headline\":\"Thomas Piketty: Die Reichen werden immer reicher\",\"datePublished\":\"2014-12-05T08:13:43+00:00\",\"dateModified\":\"2016-01-10T21:08:41+00:00\",\"mainEntityOfPage\":{\"@id\":\"https:\\\/\\\/aktuelles.uni-frankfurt.de\\\/gesellschaft\\\/thomas-piketty-die-reichen-werden-immer-reicher\\\/\"},\"wordCount\":600,\"publisher\":{\"@id\":\"https:\\\/\\\/aktuelles.uni-frankfurt.de\\\/#organization\"},\"image\":{\"@id\":\"https:\\\/\\\/aktuelles.uni-frankfurt.de\\\/gesellschaft\\\/thomas-piketty-die-reichen-werden-immer-reicher\\\/#primaryimage\"},\"thumbnailUrl\":\"https:\\\/\\\/aktuelles.uni-frankfurt.de\\\/wp-content\\\/uploads\\\/2015\\\/12\\\/blog_unireport_piketty.jpg\",\"keywords\":[\"UniReport\"],\"articleSection\":[\"Gesellschaft\"],\"inLanguage\":\"en-GB\"},{\"@type\":\"WebPage\",\"@id\":\"https:\\\/\\\/aktuelles.uni-frankfurt.de\\\/gesellschaft\\\/thomas-piketty-die-reichen-werden-immer-reicher\\\/\",\"url\":\"https:\\\/\\\/aktuelles.uni-frankfurt.de\\\/gesellschaft\\\/thomas-piketty-die-reichen-werden-immer-reicher\\\/\",\"name\":\"Thomas Piketty: Die Reichen werden immer reicher | Aktuelles aus der Goethe-Universit\u00e4t Frankfurt\",\"isPartOf\":{\"@id\":\"https:\\\/\\\/aktuelles.uni-frankfurt.de\\\/#website\"},\"primaryImageOfPage\":{\"@id\":\"https:\\\/\\\/aktuelles.uni-frankfurt.de\\\/gesellschaft\\\/thomas-piketty-die-reichen-werden-immer-reicher\\\/#primaryimage\"},\"image\":{\"@id\":\"https:\\\/\\\/aktuelles.uni-frankfurt.de\\\/gesellschaft\\\/thomas-piketty-die-reichen-werden-immer-reicher\\\/#primaryimage\"},\"thumbnailUrl\":\"https:\\\/\\\/aktuelles.uni-frankfurt.de\\\/wp-content\\\/uploads\\\/2015\\\/12\\\/blog_unireport_piketty.jpg\",\"datePublished\":\"2014-12-05T08:13:43+00:00\",\"dateModified\":\"2016-01-10T21:08:41+00:00\",\"breadcrumb\":{\"@id\":\"https:\\\/\\\/aktuelles.uni-frankfurt.de\\\/gesellschaft\\\/thomas-piketty-die-reichen-werden-immer-reicher\\\/#breadcrumb\"},\"inLanguage\":\"en-GB\",\"potentialAction\":[{\"@type\":\"ReadAction\",\"target\":[\"https:\\\/\\\/aktuelles.uni-frankfurt.de\\\/gesellschaft\\\/thomas-piketty-die-reichen-werden-immer-reicher\\\/\"]}]},{\"@type\":\"ImageObject\",\"inLanguage\":\"en-GB\",\"@id\":\"https:\\\/\\\/aktuelles.uni-frankfurt.de\\\/gesellschaft\\\/thomas-piketty-die-reichen-werden-immer-reicher\\\/#primaryimage\",\"url\":\"https:\\\/\\\/aktuelles.uni-frankfurt.de\\\/wp-content\\\/uploads\\\/2015\\\/12\\\/blog_unireport_piketty.jpg\",\"contentUrl\":\"https:\\\/\\\/aktuelles.uni-frankfurt.de\\\/wp-content\\\/uploads\\\/2015\\\/12\\\/blog_unireport_piketty.jpg\",\"width\":400,\"height\":300,\"caption\":\"Foto: Dettmar\"},{\"@type\":\"BreadcrumbList\",\"@id\":\"https:\\\/\\\/aktuelles.uni-frankfurt.de\\\/gesellschaft\\\/thomas-piketty-die-reichen-werden-immer-reicher\\\/#breadcrumb\",\"itemListElement\":[{\"@type\":\"ListItem\",\"position\":1,\"name\":\"Startseite\",\"item\":\"https:\\\/\\\/aktuelles.uni-frankfurt.de\\\/\"},{\"@type\":\"ListItem\",\"position\":2,\"name\":\"Thomas Piketty: Die Reichen werden immer reicher\"}]},{\"@type\":\"WebSite\",\"@id\":\"https:\\\/\\\/aktuelles.uni-frankfurt.de\\\/#website\",\"url\":\"https:\\\/\\\/aktuelles.uni-frankfurt.de\\\/\",\"name\":\"Aktuelles aus der Goethe-Universit\u00e4t Frankfurt\",\"description\":\"Aktuelles aus der Goethe-Universit\u00e4t | Neues aus Forschung, Lehre, Studium\",\"publisher\":{\"@id\":\"https:\\\/\\\/aktuelles.uni-frankfurt.de\\\/#organization\"},\"potentialAction\":[{\"@type\":\"SearchAction\",\"target\":{\"@type\":\"EntryPoint\",\"urlTemplate\":\"https:\\\/\\\/aktuelles.uni-frankfurt.de\\\/?s={search_term_string}\"},\"query-input\":{\"@type\":\"PropertyValueSpecification\",\"valueRequired\":true,\"valueName\":\"search_term_string\"}}],\"inLanguage\":\"en-GB\"},{\"@type\":\"Organization\",\"@id\":\"https:\\\/\\\/aktuelles.uni-frankfurt.de\\\/#organization\",\"name\":\"Goethe-Universit\u00e4t\",\"url\":\"https:\\\/\\\/aktuelles.uni-frankfurt.de\\\/\",\"logo\":{\"@type\":\"ImageObject\",\"inLanguage\":\"en-GB\",\"@id\":\"https:\\\/\\\/aktuelles.uni-frankfurt.de\\\/#\\\/schema\\\/logo\\\/image\\\/\",\"url\":\"https:\\\/\\\/aktuelles.uni-frankfurt.de\\\/wp-content\\\/uploads\\\/2022\\\/03\\\/800px-Goethe-Logo.png\",\"contentUrl\":\"https:\\\/\\\/aktuelles.uni-frankfurt.de\\\/wp-content\\\/uploads\\\/2022\\\/03\\\/800px-Goethe-Logo.png\",\"width\":800,\"height\":436,\"caption\":\"Goethe-Universit\u00e4t\"},\"image\":{\"@id\":\"https:\\\/\\\/aktuelles.uni-frankfurt.de\\\/#\\\/schema\\\/logo\\\/image\\\/\"}},{\"@type\":\"Person\",\"@id\":\"https:\\\/\\\/aktuelles.uni-frankfurt.de\\\/#\\\/schema\\\/person\\\/8e55ea338fb65d1ce87a91565d1f1739\",\"name\":\"-\",\"description\":\"Dieser Beitrag wurde von der Online-Redaktion ver\u00f6ffentlicht. Wenn der Beitrag von einem Gastautoren verfasst wurde, findet sich dieser Hinweis am Ende des jeweiligen Artikels.\",\"sameAs\":[\"http:\\\/\\\/aktuelles.uni-frankfurt.de\\\/autoren\"],\"url\":\"https:\\\/\\\/aktuelles.uni-frankfurt.de\\\/en\\\/author\\\/redaktion\\\/\"}]}<\/script>\n<!-- \/ Yoast SEO plugin. -->","yoast_head_json":{"title":"Thomas Piketty: Die Reichen werden immer reicher | Aktuelles aus der Goethe-Universit\u00e4t Frankfurt","robots":{"index":"index","follow":"follow","max-snippet":"max-snippet:-1","max-image-preview":"max-image-preview:large","max-video-preview":"max-video-preview:-1"},"canonical":"https:\/\/aktuelles.uni-frankfurt.de\/en\/gesellschaft\/thomas-piketty-die-reichen-werden-immer-reicher\/","og_locale":"en_GB","og_type":"article","og_title":"Thomas Piketty: Die Reichen werden immer reicher | Aktuelles aus der Goethe-Universit\u00e4t Frankfurt","og_description":"Thomas Piketty, Forschungsdirektor an der EHESS Paris und Wirtschaftsprofessor an der Paris School of Economics, kam am 10. Oktober anl\u00e4sslich der Ver\u00f6ffentlichung der deutschen Ausgabe seines Buches \u201eDas Kapital im [&hellip;]","og_url":"https:\/\/aktuelles.uni-frankfurt.de\/en\/gesellschaft\/thomas-piketty-die-reichen-werden-immer-reicher\/","og_site_name":"Aktuelles aus der Goethe-Universit\u00e4t Frankfurt","article_published_time":"2014-12-05T08:13:43+00:00","article_modified_time":"2016-01-10T21:08:41+00:00","og_image":[{"width":400,"height":300,"url":"https:\/\/aktuelles.uni-frankfurt.de\/wp-content\/uploads\/2015\/12\/blog_unireport_piketty.jpg","type":"image\/jpeg"}],"author":"-","twitter_card":"summary_large_image","twitter_misc":{"Written by":"-","Estimated reading time":"3 minutes"},"schema":{"@context":"https:\/\/schema.org","@graph":[{"@type":"Article","@id":"https:\/\/aktuelles.uni-frankfurt.de\/gesellschaft\/thomas-piketty-die-reichen-werden-immer-reicher\/#article","isPartOf":{"@id":"https:\/\/aktuelles.uni-frankfurt.de\/gesellschaft\/thomas-piketty-die-reichen-werden-immer-reicher\/"},"author":{"name":"-","@id":"https:\/\/aktuelles.uni-frankfurt.de\/#\/schema\/person\/8e55ea338fb65d1ce87a91565d1f1739"},"headline":"Thomas Piketty: Die Reichen werden immer reicher","datePublished":"2014-12-05T08:13:43+00:00","dateModified":"2016-01-10T21:08:41+00:00","mainEntityOfPage":{"@id":"https:\/\/aktuelles.uni-frankfurt.de\/gesellschaft\/thomas-piketty-die-reichen-werden-immer-reicher\/"},"wordCount":600,"publisher":{"@id":"https:\/\/aktuelles.uni-frankfurt.de\/#organization"},"image":{"@id":"https:\/\/aktuelles.uni-frankfurt.de\/gesellschaft\/thomas-piketty-die-reichen-werden-immer-reicher\/#primaryimage"},"thumbnailUrl":"https:\/\/aktuelles.uni-frankfurt.de\/wp-content\/uploads\/2015\/12\/blog_unireport_piketty.jpg","keywords":["UniReport"],"articleSection":["Gesellschaft"],"inLanguage":"en-GB"},{"@type":"WebPage","@id":"https:\/\/aktuelles.uni-frankfurt.de\/gesellschaft\/thomas-piketty-die-reichen-werden-immer-reicher\/","url":"https:\/\/aktuelles.uni-frankfurt.de\/gesellschaft\/thomas-piketty-die-reichen-werden-immer-reicher\/","name":"Thomas Piketty: Die Reichen werden immer reicher | Aktuelles aus der Goethe-Universit\u00e4t Frankfurt","isPartOf":{"@id":"https:\/\/aktuelles.uni-frankfurt.de\/#website"},"primaryImageOfPage":{"@id":"https:\/\/aktuelles.uni-frankfurt.de\/gesellschaft\/thomas-piketty-die-reichen-werden-immer-reicher\/#primaryimage"},"image":{"@id":"https:\/\/aktuelles.uni-frankfurt.de\/gesellschaft\/thomas-piketty-die-reichen-werden-immer-reicher\/#primaryimage"},"thumbnailUrl":"https:\/\/aktuelles.uni-frankfurt.de\/wp-content\/uploads\/2015\/12\/blog_unireport_piketty.jpg","datePublished":"2014-12-05T08:13:43+00:00","dateModified":"2016-01-10T21:08:41+00:00","breadcrumb":{"@id":"https:\/\/aktuelles.uni-frankfurt.de\/gesellschaft\/thomas-piketty-die-reichen-werden-immer-reicher\/#breadcrumb"},"inLanguage":"en-GB","potentialAction":[{"@type":"ReadAction","target":["https:\/\/aktuelles.uni-frankfurt.de\/gesellschaft\/thomas-piketty-die-reichen-werden-immer-reicher\/"]}]},{"@type":"ImageObject","inLanguage":"en-GB","@id":"https:\/\/aktuelles.uni-frankfurt.de\/gesellschaft\/thomas-piketty-die-reichen-werden-immer-reicher\/#primaryimage","url":"https:\/\/aktuelles.uni-frankfurt.de\/wp-content\/uploads\/2015\/12\/blog_unireport_piketty.jpg","contentUrl":"https:\/\/aktuelles.uni-frankfurt.de\/wp-content\/uploads\/2015\/12\/blog_unireport_piketty.jpg","width":400,"height":300,"caption":"Foto: Dettmar"},{"@type":"BreadcrumbList","@id":"https:\/\/aktuelles.uni-frankfurt.de\/gesellschaft\/thomas-piketty-die-reichen-werden-immer-reicher\/#breadcrumb","itemListElement":[{"@type":"ListItem","position":1,"name":"Startseite","item":"https:\/\/aktuelles.uni-frankfurt.de\/"},{"@type":"ListItem","position":2,"name":"Thomas Piketty: Die Reichen werden immer reicher"}]},{"@type":"WebSite","@id":"https:\/\/aktuelles.uni-frankfurt.de\/#website","url":"https:\/\/aktuelles.uni-frankfurt.de\/","name":"Aktuelles aus der Goethe-Universit\u00e4t Frankfurt","description":"Aktuelles aus der Goethe-Universit\u00e4t | Neues aus Forschung, Lehre, Studium","publisher":{"@id":"https:\/\/aktuelles.uni-frankfurt.de\/#organization"},"potentialAction":[{"@type":"SearchAction","target":{"@type":"EntryPoint","urlTemplate":"https:\/\/aktuelles.uni-frankfurt.de\/?s={search_term_string}"},"query-input":{"@type":"PropertyValueSpecification","valueRequired":true,"valueName":"search_term_string"}}],"inLanguage":"en-GB"},{"@type":"Organization","@id":"https:\/\/aktuelles.uni-frankfurt.de\/#organization","name":"Goethe University Frankfurt","url":"https:\/\/aktuelles.uni-frankfurt.de\/","logo":{"@type":"ImageObject","inLanguage":"en-GB","@id":"https:\/\/aktuelles.uni-frankfurt.de\/#\/schema\/logo\/image\/","url":"https:\/\/aktuelles.uni-frankfurt.de\/wp-content\/uploads\/2022\/03\/800px-Goethe-Logo.png","contentUrl":"https:\/\/aktuelles.uni-frankfurt.de\/wp-content\/uploads\/2022\/03\/800px-Goethe-Logo.png","width":800,"height":436,"caption":"Goethe-Universit\u00e4t"},"image":{"@id":"https:\/\/aktuelles.uni-frankfurt.de\/#\/schema\/logo\/image\/"}},{"@type":"Person","@id":"https:\/\/aktuelles.uni-frankfurt.de\/#\/schema\/person\/8e55ea338fb65d1ce87a91565d1f1739","name":"-","description":"Dieser Beitrag wurde von der Online-Redaktion ver\u00f6ffentlicht. Wenn der Beitrag von einem Gastautoren verfasst wurde, findet sich dieser Hinweis am Ende des jeweiligen Artikels.","sameAs":["http:\/\/aktuelles.uni-frankfurt.de\/autoren"],"url":"https:\/\/aktuelles.uni-frankfurt.de\/en\/author\/redaktion\/"}]}},"_links":{"self":[{"href":"https:\/\/aktuelles.uni-frankfurt.de\/en\/wp-json\/wp\/v2\/posts\/1956","targetHints":{"allow":["GET"]}}],"collection":[{"href":"https:\/\/aktuelles.uni-frankfurt.de\/en\/wp-json\/wp\/v2\/posts"}],"about":[{"href":"https:\/\/aktuelles.uni-frankfurt.de\/en\/wp-json\/wp\/v2\/types\/post"}],"author":[{"embeddable":true,"href":"https:\/\/aktuelles.uni-frankfurt.de\/en\/wp-json\/wp\/v2\/users\/8"}],"replies":[{"embeddable":true,"href":"https:\/\/aktuelles.uni-frankfurt.de\/en\/wp-json\/wp\/v2\/comments?post=1956"}],"version-history":[{"count":0,"href":"https:\/\/aktuelles.uni-frankfurt.de\/en\/wp-json\/wp\/v2\/posts\/1956\/revisions"}],"wp:featuredmedia":[{"embeddable":true,"href":"https:\/\/aktuelles.uni-frankfurt.de\/en\/wp-json\/wp\/v2\/media\/1957"}],"wp:attachment":[{"href":"https:\/\/aktuelles.uni-frankfurt.de\/en\/wp-json\/wp\/v2\/media?parent=1956"}],"wp:term":[{"taxonomy":"category","embeddable":true,"href":"https:\/\/aktuelles.uni-frankfurt.de\/en\/wp-json\/wp\/v2\/categories?post=1956"},{"taxonomy":"post_tag","embeddable":true,"href":"https:\/\/aktuelles.uni-frankfurt.de\/en\/wp-json\/wp\/v2\/tags?post=1956"},{"taxonomy":"post_folder","embeddable":true,"href":"https:\/\/aktuelles.uni-frankfurt.de\/en\/wp-json\/wp\/v2\/post_folder?post=1956"}],"curies":[{"name":"wp","href":"https:\/\/api.w.org\/{rel}","templated":true}]}}