{"id":19869,"date":"2017-07-28T15:52:58","date_gmt":"2017-07-28T13:52:58","guid":{"rendered":"http:\/\/aktuelles.uni-frankfurt.de\/?p=19869"},"modified":"2017-07-28T13:45:14","modified_gmt":"2017-07-28T11:45:14","slug":"freiheit-erfordert-einsatz","status":"publish","type":"post","link":"https:\/\/aktuelles.uni-frankfurt.de\/en\/menschen\/freiheit-erfordert-einsatz\/","title":{"rendered":"Freiheit erfordert Einsatz"},"content":{"rendered":"<figure id=\"attachment_20347\" aria-describedby=\"caption-attachment-20347\" style=\"width: 233px\" class=\"wp-caption alignleft\"><img fetchpriority=\"high\" decoding=\"async\" class=\"size-medium wp-image-20347\" src=\"https:\/\/aktuelles.uni-frankfurt.de\/wp-content\/uploads\/2017\/07\/blog_GS_michael-gross2-233x300.jpg\" alt=\"\" width=\"233\" height=\"300\" srcset=\"https:\/\/aktuelles.uni-frankfurt.de\/wp-content\/uploads\/2017\/07\/blog_GS_michael-gross2-233x300.jpg 233w, https:\/\/aktuelles.uni-frankfurt.de\/wp-content\/uploads\/2017\/07\/blog_GS_michael-gross2.jpg 441w\" sizes=\"(max-width: 233px) 100vw, 233px\" \/><figcaption id=\"caption-attachment-20347\" class=\"wp-caption-text\">Unternehmensberater und<br \/>Schwimmweltmeister \u2013 Alumni-Rat Dr. Michael Gro\u00df; Foto: Privat<\/figcaption><\/figure>\n<p><em><strong>Sonnenbrille, buntes Hemd, Lederjacke, l\u00e4ssiger Gang \u2013 Michael Gro\u00df ist auf den ersten Blick nur durch seine K\u00f6rpergr\u00f6\u00dfe von den Studierenden vor dem \u00bbSturm &amp; Drang\u00ab zu unterscheiden. Einen Unternehmensberater stellt man sich anders vor.<\/strong><\/em><\/p>\n<p>Michael Gro\u00df weilt ausgesprochen gerne auf dem Universit\u00e4tsgel\u00e4nde. \u00bbDas ist der sch\u00f6nste Campus in Deutschland\u00ab, davon ist der Goethe-Uni-Alumnus \u00fcberzeugt. Umso bedauerlicher findet Gro\u00df, dass nach wie vor nur wenige Frankfurter das neue Universit\u00e4tsgel\u00e4nde kennen:<\/p>\n<p>\u00bbDie Uni m\u00fcsste sich nach au\u00dfen noch mehr positionieren. Sch\u00f6n w\u00e4ren Veranstaltungen auf dem Campus, die ein Muss f\u00fcr die Frankfurter Gesellschaft sind. So wie das Museumsuferfest zum Beispiel.\u00ab Da spricht der \u00fcberzeugte Frankfurter aus ihm.<\/p>\n<p>Aber, Michael Gro\u00df wei\u00df: solche Entwicklungen fallen nicht vom Himmel. Das braucht Jahre, das braucht Engagement. Das kostet Einsatz. \u00bbDie Freiheit, eine Stiftungsuniversit\u00e4t zu sein, verlangt flexibles Management. Fast wie ein Unternehmen. Freiheit ist auch anstrengend. \u00ab<\/p>\n<p>Gro\u00df ist keiner, der sich scheut, seine Meinung zu sagen. Sein eigenes Studium am Campus Bockenheim erinnert er als wenig ereignisreich. Germanistik, Politologie, Medienwissenschaften. Als Weltklasse- Schwimmer lebte Michael Gro\u00df kein ausschweifendes Studentenleben.<\/p>\n<p>\u00bbKlar, da waren die Studentenproteste, der besetzte AfE-Turm, Politikvorlesungen bei Ernst-Otto Czempiel, das volle Programm. \u00ab Er aber hat damals viel trainiert und deshalb straff studiert. Seine sportliche Leistung ist legend\u00e4r: Mit 21 Titelgewinnen bei Olympischen Spielen, Welt- und Europameisterschaften ist er der erfolgreichste Schwimmersportler Deutschlands.<\/p>\n<p>Insgesamt 39 Medaillen bei internationalen Meisterschaften gewann er und stellte zw\u00f6lf Weltrekorde auf. Heute schwimmt Michael Gro\u00df h\u00f6chstens mal im Meer, w\u00e4hrend des Urlaubs. Doch das Thema Leistung ist geblieben. Es zieht sich durch sein Leben wie ein roter Faden. Leistung ist ihm ein innerer Antrieb, nach wie vor.<\/p>\n<p>So wundert es wenig, dass Michael Gro\u00df sich auch beruflich breit aufstellt: eigene Beratung f\u00fcr Change-Management, Lehrauftr\u00e4ge an der Frankfurt School of Finance &amp; Management und an der Goethe-Universit\u00e4t. Sein Lehrauftrag an der Goethe- Universit\u00e4t: Digital Leadership in Unternehmen. Immer im Wintersemester lehrt er zu diesem Thema am Fachbereich Wirtschaftswissenschaften.<\/p>\n<p>Als Kommunikationsprofi referiert er aus seinem vielf\u00e4ltigen Erfahrungsschatz. Die Digitalisierung schaffe eine neue Dimension der Informationsflut, sagt Michael Gro\u00df. Damit m\u00fcsse man umgehen lernen, auch privat. Den \u00dcberblick f\u00fcr sich selbst behalten. Gro\u00df pl\u00e4diert f\u00fcr mehr Unabh\u00e4ngigkeit von Algorithmen.<\/p>\n<p>Smartphone auch mal abschalten. \u00bbEinfach machen.\u00ab Im doppelten Wortsinn. Dar\u00fcber hat Gro\u00df j\u00fcngst sein mittlerweile viertes Buch geschrieben. Das passt zu einem, der aus Erfahrung wei\u00df, dass zu viel Ablenkung keine herausragenden Leistungen erm\u00f6glicht.<\/p>\n<p style=\"text-align: right;\"><em>[Autorin: Heike J\u00fcngst]<\/em><\/p>\n<p>[dt_call_to_action content_size=&#8220;small&#8220; background=&#8220;fancy&#8220; line=&#8220;true&#8220; style=&#8220;1&#8243; animation=&#8220;fadeIn&#8220;]<\/p>\n<h4><strong>Alumni-Ratsmitglieder<\/strong><\/h4>\n<p><strong>Tarek Al-Wazir<\/strong> &#8211; Fachbereich 03 \/ Politikwissenschaften<br \/>\n<strong> Dr. Prinz Asfa-Wossen Asserate<\/strong> &#8211; Fachbereich 08 \/ Geschichtswissenschaften<br \/>\n<strong> Prof. Dr. Kurt Biedenkopf<\/strong> &#8211; Fachbereich 01 \/ Rechtwissenschaften<br \/>\n<strong> Dr. Michael Gross<\/strong> &#8211; Fachbereich 10 \/ Germanistik<br \/>\n<strong> J\u00f6rg-Uwe Hahn<\/strong> &#8211; Fachbereich 01 \/ Rechtwissenschaften<br \/>\n<strong>Prof. Dr. Heinz H\u00e4nel<\/strong> &#8211; Fachbereich 15 \/ Biowissenschaften<br \/>\n<strong> Roland Koch<\/strong> &#8211; Fachbereich 01 \/ Rechtswissenschaften<br \/>\n<strong> Dr. H.C. Helmut Oswald Maucher<\/strong> &#8211; Fachbereich 02 \/ Wirtschaftswissenschaften (BWL)<br \/>\n<strong>Prof. Dr. J\u00fcrgen Sch\u00f6lmerich<\/strong> &#8211; Fachbereich 16 \/ Medizin<br \/>\n<strong>Dr. Michael Strugala<\/strong> &#8211; Fachbereich 12 \/ Informatik<br \/>\n<strong>J\u00fcrgen Walter<\/strong> &#8211; Fachbereich 01 \/ Rechtswissenschaften<br \/>\n<strong>Dr. Dorothee Weber-Bruls<\/strong> &#8211; Fachbereich 13 \/ Physik<br \/>\n<strong>Heidemarie Wieczorek-Zeul<\/strong> &#8211; Fachbereich 08 \/ Geschichte-Englisch, Fachbereich 10 \/ Realschullehramt<\/p>\n<p>[\/dt_call_to_action]<\/p>\n<p><strong><em>Dieser Artikel ist in der Ausgabe 36 des <a href=\"https:\/\/www.uni-frankfurt.de\/67053616\/Einblick-36-small.pdf\">Alumni-Magazins Einblick<\/a> erschienen.<\/em><\/strong><\/p>\n","protected":false},"excerpt":{"rendered":"<p>Sonnenbrille, buntes Hemd, Lederjacke, l\u00e4ssiger Gang \u2013 Michael Gro\u00df ist auf den ersten Blick nur durch seine K\u00f6rpergr\u00f6\u00dfe von den Studierenden vor dem \u00bbSturm &amp; Drang\u00ab zu unterscheiden. Einen Unternehmensberater [&hellip;]<\/p>\n","protected":false},"author":8,"featured_media":20346,"comment_status":"closed","ping_status":"closed","sticky":false,"template":"","format":"standard","meta":{"_eb_attr":"","_price":"","_stock":"","_tribe_ticket_header":"","_tribe_default_ticket_provider":"","_ticket_start_date":"","_ticket_end_date":"","_tribe_ticket_show_description":"","_tribe_ticket_show_not_going":false,"_tribe_ticket_use_global_stock":"","_tribe_ticket_global_stock_level":"","_global_stock_mode":"","_global_stock_cap":"","_tribe_rsvp_for_event":"","_tribe_ticket_going_count":"","_tribe_ticket_not_going_count":"","_tribe_tickets_list":"[]","_tribe_ticket_has_attendee_info_fields":false,"footnotes":""},"categories":[6],"tags":[80],"post_folder":[],"class_list":["post-19869","post","type-post","status-publish","format-standard","has-post-thumbnail","hentry","category-menschen","tag-alumni"],"yoast_head":"<!-- This site is optimized with the Yoast SEO plugin v27.5 - https:\/\/yoast.com\/product\/yoast-seo-wordpress\/ -->\n<title>Freiheit erfordert Einsatz | Aktuelles aus der Goethe-Universit\u00e4t Frankfurt<\/title>\n<meta name=\"robots\" content=\"index, follow, max-snippet:-1, max-image-preview:large, max-video-preview:-1\" \/>\n<link rel=\"canonical\" href=\"https:\/\/aktuelles.uni-frankfurt.de\/en\/menschen\/freiheit-erfordert-einsatz\/\" \/>\n<meta property=\"og:locale\" content=\"en_GB\" \/>\n<meta property=\"og:type\" content=\"article\" \/>\n<meta property=\"og:title\" content=\"Freiheit erfordert Einsatz | Aktuelles aus der Goethe-Universit\u00e4t Frankfurt\" \/>\n<meta property=\"og:description\" content=\"Sonnenbrille, buntes Hemd, Lederjacke, l\u00e4ssiger Gang \u2013 Michael Gro\u00df ist auf den ersten Blick nur durch seine K\u00f6rpergr\u00f6\u00dfe von den Studierenden vor dem \u00bbSturm &amp; Drang\u00ab zu unterscheiden. Einen Unternehmensberater [&hellip;]\" \/>\n<meta property=\"og:url\" content=\"https:\/\/aktuelles.uni-frankfurt.de\/en\/menschen\/freiheit-erfordert-einsatz\/\" \/>\n<meta property=\"og:site_name\" content=\"Aktuelles aus der Goethe-Universit\u00e4t Frankfurt\" \/>\n<meta property=\"article:published_time\" content=\"2017-07-28T13:52:58+00:00\" \/>\n<meta property=\"og:image\" content=\"https:\/\/aktuelles.uni-frankfurt.de\/wp-content\/uploads\/2017\/07\/blog_GS_michael-gross.jpg\" \/>\n\t<meta property=\"og:image:width\" content=\"650\" \/>\n\t<meta property=\"og:image:height\" content=\"450\" \/>\n\t<meta property=\"og:image:type\" content=\"image\/jpeg\" \/>\n<meta name=\"author\" content=\"-\" \/>\n<meta name=\"twitter:card\" content=\"summary_large_image\" \/>\n<meta name=\"twitter:label1\" content=\"Written by\" \/>\n\t<meta name=\"twitter:data1\" content=\"-\" \/>\n\t<meta name=\"twitter:label2\" content=\"Estimated reading time\" \/>\n\t<meta name=\"twitter:data2\" content=\"3 minutes\" \/>\n<script type=\"application\/ld+json\" class=\"yoast-schema-graph\">{\"@context\":\"https:\\\/\\\/schema.org\",\"@graph\":[{\"@type\":\"Article\",\"@id\":\"https:\\\/\\\/aktuelles.uni-frankfurt.de\\\/menschen\\\/freiheit-erfordert-einsatz\\\/#article\",\"isPartOf\":{\"@id\":\"https:\\\/\\\/aktuelles.uni-frankfurt.de\\\/menschen\\\/freiheit-erfordert-einsatz\\\/\"},\"author\":{\"name\":\"-\",\"@id\":\"https:\\\/\\\/aktuelles.uni-frankfurt.de\\\/#\\\/schema\\\/person\\\/8e55ea338fb65d1ce87a91565d1f1739\"},\"headline\":\"Freiheit erfordert Einsatz\",\"datePublished\":\"2017-07-28T13:52:58+00:00\",\"mainEntityOfPage\":{\"@id\":\"https:\\\/\\\/aktuelles.uni-frankfurt.de\\\/menschen\\\/freiheit-erfordert-einsatz\\\/\"},\"wordCount\":559,\"publisher\":{\"@id\":\"https:\\\/\\\/aktuelles.uni-frankfurt.de\\\/#organization\"},\"image\":{\"@id\":\"https:\\\/\\\/aktuelles.uni-frankfurt.de\\\/menschen\\\/freiheit-erfordert-einsatz\\\/#primaryimage\"},\"thumbnailUrl\":\"https:\\\/\\\/aktuelles.uni-frankfurt.de\\\/wp-content\\\/uploads\\\/2017\\\/07\\\/blog_GS_michael-gross.jpg\",\"keywords\":[\"Alumni\"],\"articleSection\":[\"Menschen\"],\"inLanguage\":\"en-GB\"},{\"@type\":\"WebPage\",\"@id\":\"https:\\\/\\\/aktuelles.uni-frankfurt.de\\\/menschen\\\/freiheit-erfordert-einsatz\\\/\",\"url\":\"https:\\\/\\\/aktuelles.uni-frankfurt.de\\\/menschen\\\/freiheit-erfordert-einsatz\\\/\",\"name\":\"Freiheit erfordert Einsatz | Aktuelles aus der Goethe-Universit\u00e4t Frankfurt\",\"isPartOf\":{\"@id\":\"https:\\\/\\\/aktuelles.uni-frankfurt.de\\\/#website\"},\"primaryImageOfPage\":{\"@id\":\"https:\\\/\\\/aktuelles.uni-frankfurt.de\\\/menschen\\\/freiheit-erfordert-einsatz\\\/#primaryimage\"},\"image\":{\"@id\":\"https:\\\/\\\/aktuelles.uni-frankfurt.de\\\/menschen\\\/freiheit-erfordert-einsatz\\\/#primaryimage\"},\"thumbnailUrl\":\"https:\\\/\\\/aktuelles.uni-frankfurt.de\\\/wp-content\\\/uploads\\\/2017\\\/07\\\/blog_GS_michael-gross.jpg\",\"datePublished\":\"2017-07-28T13:52:58+00:00\",\"breadcrumb\":{\"@id\":\"https:\\\/\\\/aktuelles.uni-frankfurt.de\\\/menschen\\\/freiheit-erfordert-einsatz\\\/#breadcrumb\"},\"inLanguage\":\"en-GB\",\"potentialAction\":[{\"@type\":\"ReadAction\",\"target\":[\"https:\\\/\\\/aktuelles.uni-frankfurt.de\\\/menschen\\\/freiheit-erfordert-einsatz\\\/\"]}]},{\"@type\":\"ImageObject\",\"inLanguage\":\"en-GB\",\"@id\":\"https:\\\/\\\/aktuelles.uni-frankfurt.de\\\/menschen\\\/freiheit-erfordert-einsatz\\\/#primaryimage\",\"url\":\"https:\\\/\\\/aktuelles.uni-frankfurt.de\\\/wp-content\\\/uploads\\\/2017\\\/07\\\/blog_GS_michael-gross.jpg\",\"contentUrl\":\"https:\\\/\\\/aktuelles.uni-frankfurt.de\\\/wp-content\\\/uploads\\\/2017\\\/07\\\/blog_GS_michael-gross.jpg\",\"width\":650,\"height\":450,\"caption\":\"Unternehmensberater und Schwimmweltmeister \u2013 Alumni-Rat Dr. Michael Gro\u00df; Foto: Privat\"},{\"@type\":\"BreadcrumbList\",\"@id\":\"https:\\\/\\\/aktuelles.uni-frankfurt.de\\\/menschen\\\/freiheit-erfordert-einsatz\\\/#breadcrumb\",\"itemListElement\":[{\"@type\":\"ListItem\",\"position\":1,\"name\":\"Startseite\",\"item\":\"https:\\\/\\\/aktuelles.uni-frankfurt.de\\\/\"},{\"@type\":\"ListItem\",\"position\":2,\"name\":\"Freiheit erfordert Einsatz\"}]},{\"@type\":\"WebSite\",\"@id\":\"https:\\\/\\\/aktuelles.uni-frankfurt.de\\\/#website\",\"url\":\"https:\\\/\\\/aktuelles.uni-frankfurt.de\\\/\",\"name\":\"Aktuelles aus der Goethe-Universit\u00e4t Frankfurt\",\"description\":\"Aktuelles aus der Goethe-Universit\u00e4t | Neues aus Forschung, Lehre, Studium\",\"publisher\":{\"@id\":\"https:\\\/\\\/aktuelles.uni-frankfurt.de\\\/#organization\"},\"potentialAction\":[{\"@type\":\"SearchAction\",\"target\":{\"@type\":\"EntryPoint\",\"urlTemplate\":\"https:\\\/\\\/aktuelles.uni-frankfurt.de\\\/?s={search_term_string}\"},\"query-input\":{\"@type\":\"PropertyValueSpecification\",\"valueRequired\":true,\"valueName\":\"search_term_string\"}}],\"inLanguage\":\"en-GB\"},{\"@type\":\"Organization\",\"@id\":\"https:\\\/\\\/aktuelles.uni-frankfurt.de\\\/#organization\",\"name\":\"Goethe-Universit\u00e4t\",\"url\":\"https:\\\/\\\/aktuelles.uni-frankfurt.de\\\/\",\"logo\":{\"@type\":\"ImageObject\",\"inLanguage\":\"en-GB\",\"@id\":\"https:\\\/\\\/aktuelles.uni-frankfurt.de\\\/#\\\/schema\\\/logo\\\/image\\\/\",\"url\":\"https:\\\/\\\/aktuelles.uni-frankfurt.de\\\/wp-content\\\/uploads\\\/2022\\\/03\\\/800px-Goethe-Logo.png\",\"contentUrl\":\"https:\\\/\\\/aktuelles.uni-frankfurt.de\\\/wp-content\\\/uploads\\\/2022\\\/03\\\/800px-Goethe-Logo.png\",\"width\":800,\"height\":436,\"caption\":\"Goethe-Universit\u00e4t\"},\"image\":{\"@id\":\"https:\\\/\\\/aktuelles.uni-frankfurt.de\\\/#\\\/schema\\\/logo\\\/image\\\/\"}},{\"@type\":\"Person\",\"@id\":\"https:\\\/\\\/aktuelles.uni-frankfurt.de\\\/#\\\/schema\\\/person\\\/8e55ea338fb65d1ce87a91565d1f1739\",\"name\":\"-\",\"description\":\"Dieser Beitrag wurde von der Online-Redaktion ver\u00f6ffentlicht. Wenn der Beitrag von einem Gastautoren verfasst wurde, findet sich dieser Hinweis am Ende des jeweiligen Artikels.\",\"sameAs\":[\"http:\\\/\\\/aktuelles.uni-frankfurt.de\\\/autoren\"],\"url\":\"https:\\\/\\\/aktuelles.uni-frankfurt.de\\\/en\\\/author\\\/redaktion\\\/\"}]}<\/script>\n<!-- \/ Yoast SEO plugin. -->","yoast_head_json":{"title":"Freiheit erfordert Einsatz | Aktuelles aus der Goethe-Universit\u00e4t Frankfurt","robots":{"index":"index","follow":"follow","max-snippet":"max-snippet:-1","max-image-preview":"max-image-preview:large","max-video-preview":"max-video-preview:-1"},"canonical":"https:\/\/aktuelles.uni-frankfurt.de\/en\/menschen\/freiheit-erfordert-einsatz\/","og_locale":"en_GB","og_type":"article","og_title":"Freiheit erfordert Einsatz | Aktuelles aus der Goethe-Universit\u00e4t Frankfurt","og_description":"Sonnenbrille, buntes Hemd, Lederjacke, l\u00e4ssiger Gang \u2013 Michael Gro\u00df ist auf den ersten Blick nur durch seine K\u00f6rpergr\u00f6\u00dfe von den Studierenden vor dem \u00bbSturm &amp; Drang\u00ab zu unterscheiden. Einen Unternehmensberater [&hellip;]","og_url":"https:\/\/aktuelles.uni-frankfurt.de\/en\/menschen\/freiheit-erfordert-einsatz\/","og_site_name":"Aktuelles aus der Goethe-Universit\u00e4t Frankfurt","article_published_time":"2017-07-28T13:52:58+00:00","og_image":[{"width":650,"height":450,"url":"https:\/\/aktuelles.uni-frankfurt.de\/wp-content\/uploads\/2017\/07\/blog_GS_michael-gross.jpg","type":"image\/jpeg"}],"author":"-","twitter_card":"summary_large_image","twitter_misc":{"Written by":"-","Estimated reading time":"3 minutes"},"schema":{"@context":"https:\/\/schema.org","@graph":[{"@type":"Article","@id":"https:\/\/aktuelles.uni-frankfurt.de\/menschen\/freiheit-erfordert-einsatz\/#article","isPartOf":{"@id":"https:\/\/aktuelles.uni-frankfurt.de\/menschen\/freiheit-erfordert-einsatz\/"},"author":{"name":"-","@id":"https:\/\/aktuelles.uni-frankfurt.de\/#\/schema\/person\/8e55ea338fb65d1ce87a91565d1f1739"},"headline":"Freiheit erfordert Einsatz","datePublished":"2017-07-28T13:52:58+00:00","mainEntityOfPage":{"@id":"https:\/\/aktuelles.uni-frankfurt.de\/menschen\/freiheit-erfordert-einsatz\/"},"wordCount":559,"publisher":{"@id":"https:\/\/aktuelles.uni-frankfurt.de\/#organization"},"image":{"@id":"https:\/\/aktuelles.uni-frankfurt.de\/menschen\/freiheit-erfordert-einsatz\/#primaryimage"},"thumbnailUrl":"https:\/\/aktuelles.uni-frankfurt.de\/wp-content\/uploads\/2017\/07\/blog_GS_michael-gross.jpg","keywords":["Alumni"],"articleSection":["Menschen"],"inLanguage":"en-GB"},{"@type":"WebPage","@id":"https:\/\/aktuelles.uni-frankfurt.de\/menschen\/freiheit-erfordert-einsatz\/","url":"https:\/\/aktuelles.uni-frankfurt.de\/menschen\/freiheit-erfordert-einsatz\/","name":"Freiheit erfordert Einsatz | Aktuelles aus der Goethe-Universit\u00e4t Frankfurt","isPartOf":{"@id":"https:\/\/aktuelles.uni-frankfurt.de\/#website"},"primaryImageOfPage":{"@id":"https:\/\/aktuelles.uni-frankfurt.de\/menschen\/freiheit-erfordert-einsatz\/#primaryimage"},"image":{"@id":"https:\/\/aktuelles.uni-frankfurt.de\/menschen\/freiheit-erfordert-einsatz\/#primaryimage"},"thumbnailUrl":"https:\/\/aktuelles.uni-frankfurt.de\/wp-content\/uploads\/2017\/07\/blog_GS_michael-gross.jpg","datePublished":"2017-07-28T13:52:58+00:00","breadcrumb":{"@id":"https:\/\/aktuelles.uni-frankfurt.de\/menschen\/freiheit-erfordert-einsatz\/#breadcrumb"},"inLanguage":"en-GB","potentialAction":[{"@type":"ReadAction","target":["https:\/\/aktuelles.uni-frankfurt.de\/menschen\/freiheit-erfordert-einsatz\/"]}]},{"@type":"ImageObject","inLanguage":"en-GB","@id":"https:\/\/aktuelles.uni-frankfurt.de\/menschen\/freiheit-erfordert-einsatz\/#primaryimage","url":"https:\/\/aktuelles.uni-frankfurt.de\/wp-content\/uploads\/2017\/07\/blog_GS_michael-gross.jpg","contentUrl":"https:\/\/aktuelles.uni-frankfurt.de\/wp-content\/uploads\/2017\/07\/blog_GS_michael-gross.jpg","width":650,"height":450,"caption":"Unternehmensberater und Schwimmweltmeister \u2013 Alumni-Rat Dr. Michael Gro\u00df; Foto: Privat"},{"@type":"BreadcrumbList","@id":"https:\/\/aktuelles.uni-frankfurt.de\/menschen\/freiheit-erfordert-einsatz\/#breadcrumb","itemListElement":[{"@type":"ListItem","position":1,"name":"Startseite","item":"https:\/\/aktuelles.uni-frankfurt.de\/"},{"@type":"ListItem","position":2,"name":"Freiheit erfordert Einsatz"}]},{"@type":"WebSite","@id":"https:\/\/aktuelles.uni-frankfurt.de\/#website","url":"https:\/\/aktuelles.uni-frankfurt.de\/","name":"Aktuelles aus der Goethe-Universit\u00e4t Frankfurt","description":"Aktuelles aus der Goethe-Universit\u00e4t | Neues aus Forschung, Lehre, Studium","publisher":{"@id":"https:\/\/aktuelles.uni-frankfurt.de\/#organization"},"potentialAction":[{"@type":"SearchAction","target":{"@type":"EntryPoint","urlTemplate":"https:\/\/aktuelles.uni-frankfurt.de\/?s={search_term_string}"},"query-input":{"@type":"PropertyValueSpecification","valueRequired":true,"valueName":"search_term_string"}}],"inLanguage":"en-GB"},{"@type":"Organization","@id":"https:\/\/aktuelles.uni-frankfurt.de\/#organization","name":"Goethe University Frankfurt","url":"https:\/\/aktuelles.uni-frankfurt.de\/","logo":{"@type":"ImageObject","inLanguage":"en-GB","@id":"https:\/\/aktuelles.uni-frankfurt.de\/#\/schema\/logo\/image\/","url":"https:\/\/aktuelles.uni-frankfurt.de\/wp-content\/uploads\/2022\/03\/800px-Goethe-Logo.png","contentUrl":"https:\/\/aktuelles.uni-frankfurt.de\/wp-content\/uploads\/2022\/03\/800px-Goethe-Logo.png","width":800,"height":436,"caption":"Goethe-Universit\u00e4t"},"image":{"@id":"https:\/\/aktuelles.uni-frankfurt.de\/#\/schema\/logo\/image\/"}},{"@type":"Person","@id":"https:\/\/aktuelles.uni-frankfurt.de\/#\/schema\/person\/8e55ea338fb65d1ce87a91565d1f1739","name":"-","description":"Dieser Beitrag wurde von der Online-Redaktion ver\u00f6ffentlicht. Wenn der Beitrag von einem Gastautoren verfasst wurde, findet sich dieser Hinweis am Ende des jeweiligen Artikels.","sameAs":["http:\/\/aktuelles.uni-frankfurt.de\/autoren"],"url":"https:\/\/aktuelles.uni-frankfurt.de\/en\/author\/redaktion\/"}]}},"_links":{"self":[{"href":"https:\/\/aktuelles.uni-frankfurt.de\/en\/wp-json\/wp\/v2\/posts\/19869","targetHints":{"allow":["GET"]}}],"collection":[{"href":"https:\/\/aktuelles.uni-frankfurt.de\/en\/wp-json\/wp\/v2\/posts"}],"about":[{"href":"https:\/\/aktuelles.uni-frankfurt.de\/en\/wp-json\/wp\/v2\/types\/post"}],"author":[{"embeddable":true,"href":"https:\/\/aktuelles.uni-frankfurt.de\/en\/wp-json\/wp\/v2\/users\/8"}],"replies":[{"embeddable":true,"href":"https:\/\/aktuelles.uni-frankfurt.de\/en\/wp-json\/wp\/v2\/comments?post=19869"}],"version-history":[{"count":0,"href":"https:\/\/aktuelles.uni-frankfurt.de\/en\/wp-json\/wp\/v2\/posts\/19869\/revisions"}],"wp:featuredmedia":[{"embeddable":true,"href":"https:\/\/aktuelles.uni-frankfurt.de\/en\/wp-json\/wp\/v2\/media\/20346"}],"wp:attachment":[{"href":"https:\/\/aktuelles.uni-frankfurt.de\/en\/wp-json\/wp\/v2\/media?parent=19869"}],"wp:term":[{"taxonomy":"category","embeddable":true,"href":"https:\/\/aktuelles.uni-frankfurt.de\/en\/wp-json\/wp\/v2\/categories?post=19869"},{"taxonomy":"post_tag","embeddable":true,"href":"https:\/\/aktuelles.uni-frankfurt.de\/en\/wp-json\/wp\/v2\/tags?post=19869"},{"taxonomy":"post_folder","embeddable":true,"href":"https:\/\/aktuelles.uni-frankfurt.de\/en\/wp-json\/wp\/v2\/post_folder?post=19869"}],"curies":[{"name":"wp","href":"https:\/\/api.w.org\/{rel}","templated":true}]}}