{"id":20783,"date":"2017-08-23T13:06:37","date_gmt":"2017-08-23T11:06:37","guid":{"rendered":"http:\/\/aktuelles.uni-frankfurt.de\/?p=20783"},"modified":"2017-08-23T14:01:54","modified_gmt":"2017-08-23T12:01:54","slug":"johanna-quandt-stipendiaten-beim-europaeischen-forum-alpbach","status":"publish","type":"post","link":"https:\/\/aktuelles.uni-frankfurt.de\/en\/studium\/johanna-quandt-stipendiaten-beim-europaeischen-forum-alpbach\/","title":{"rendered":"Johanna-Quandt-Stipendiaten beim Europ\u00e4ischen Forum Alpbach"},"content":{"rendered":"<figure id=\"attachment_20785\" aria-describedby=\"caption-attachment-20785\" style=\"width: 750px\" class=\"wp-caption alignleft\"><img fetchpriority=\"high\" decoding=\"async\" class=\"size-full wp-image-20785\" src=\"https:\/\/aktuelles.uni-frankfurt.de\/wp-content\/uploads\/2017\/08\/beitrag_deutschlandstipendiaten-forum-alpbach.jpg\" alt=\"\" width=\"750\" height=\"375\" srcset=\"https:\/\/aktuelles.uni-frankfurt.de\/wp-content\/uploads\/2017\/08\/beitrag_deutschlandstipendiaten-forum-alpbach.jpg 750w, https:\/\/aktuelles.uni-frankfurt.de\/wp-content\/uploads\/2017\/08\/beitrag_deutschlandstipendiaten-forum-alpbach-300x150.jpg 300w\" sizes=\"(max-width: 750px) 100vw, 750px\" \/><figcaption id=\"caption-attachment-20785\" class=\"wp-caption-text\">Johanna-Quandt-Stipendien erm\u00f6glichen zehn Studierenden der Goethe-Uni die Teilnahme am Europ\u00e4ischen Forum Alpbach<\/figcaption><\/figure>\n<p>Erstmals konnte die Goethe-Universit\u00e4t zehn Studierenden mit Johanna-Quandt-Stipendien die Teilnahme am renommierten Europ\u00e4ischen Forum Alpbach erm\u00f6glichen. Jeden Sommer kommen Menschen aus aller Welt in das Tiroler Bergdorf Alpbach, um aktuelle Fragen der Zeit aus den Bereichen Wissenschaft, Politik, Kultur und Wirtschaft zu diskutieren und interdisziplin\u00e4re L\u00f6sungsans\u00e4tze zu finden. Neben renommierten Referenten setzt sich der Teilnehmerkreis aus Wissenschaftlern und Fachleuten sowie engagierten Studierenden aus allen Fachrichtungen zusammen. Jedes Jahr nehmen etwa 700 Studierende als Stipendiaten am Europ\u00e4ischen Forum Alpbach teil.<\/p>\n<p>Gestern (22. August) hatten die zehn engagierten Bachelor- und Masterstudierenden aus unterschiedlichen Fachbereichen der Goethe-Universit\u00e4t Gelegenheit, im Rahmen eines exklusiven Treffens Dr. Franz Fischler, EU-Kommissar a.D und Pr\u00e4sident des Europ\u00e4ischen Forum Alpbach, kennenzulernen. In dem vom Vizepr\u00e4sidenten der Goethe-Universit\u00e4t Prof. Dr. Manfred Schubert-Zsilavecz organisierten Treffen f\u00fcr die Johanna-Quandt-Stipendiaten wurde unter anderem \u00fcber die Zukunft der Europ\u00e4ischen Union aus der Perspektive des Landes Hessen diskutiert. Prof. Dr. Manfred Schubert-Zsilavecz: \u201eDie wissenschaftliche Vielfalt und internationale Ausrichtung der Stipendiaten haben einen lebendigen und kreativen Dialog entstehen lassen. Diese extracurricularen Aktivit\u00e4ten zu unterst\u00fctzen, ist eine lohnenswerte Investition in die pers\u00f6nliche und berufliche Entwicklung junger Menschen.\u201c<\/p>\n<p>\u00c4hnlich sieht das auch die Bereichsleiterin des Studien-Service-Centers der Goethe-Universit\u00e4t Dr. Rebekka G\u00f6hring: \u201eDas Johanna-Quandt-Stipendium hat den Stipendiaten erm\u00f6glicht ihre offene, kritische und tolerante Denkweise durch neue Blickwinkel zu bereichern.\u201c Rebekka G\u00f6hring hat den Bewerbungs- und Auswahlprozess der Johanna-Quandt-Stipendiaten koordiniert und die Stipendiaten in Alpbach begleitet.<\/p>\n<p>Zwischen 16. August und 1. September 2017 werden in Alpach hunderte Expertinnen und Experten aus Wissenschaft, Politik, Wirtschaft, Kultur und Zivilgesellschaft das Spannungsfeld zwischen \u201eKonflikt &amp; Kooperation\u201c beleuchten. In diesem Jahr stehen 20 wissenschaftliche Seminare, geleitet von renommierten Wissenschafterinnen und Wissenschaftern, und \u00fcber 200 Plenardiskussionen und Breakout Sessions zum Generalthema Konflikt &amp; Kooperation auf dem Programm.<\/p>\n<p>Die St\u00e4rkung von Demokratie und Wissenschaft, der Vorsto\u00df der k\u00fcnstlichen Intelligenz sowie soziale und \u00f6kologischen Innovationen bilden Schwerpunkte des 17-t\u00e4gigen Programms.<\/p>","protected":false},"excerpt":{"rendered":"<p>Erstmals konnte die Goethe-Universit\u00e4t zehn Studierenden mit Johanna-Quandt-Stipendien die Teilnahme am renommierten Europ\u00e4ischen Forum Alpbach erm\u00f6glichen. Jeden Sommer kommen Menschen aus aller Welt in das Tiroler Bergdorf Alpbach, um aktuelle [&hellip;]<\/p>\n","protected":false},"author":8,"featured_media":20784,"comment_status":"closed","ping_status":"closed","sticky":false,"template":"","format":"standard","meta":{"_eb_attr":"","_price":"","_stock":"","_tribe_ticket_header":"","_tribe_default_ticket_provider":"","_ticket_start_date":"","_ticket_end_date":"","_tribe_ticket_show_description":"","_tribe_ticket_show_not_going":false,"_tribe_ticket_use_global_stock":"","_tribe_ticket_global_stock_level":"","_global_stock_mode":"","_global_stock_cap":"","_tribe_rsvp_for_event":"","_tribe_ticket_going_count":"","_tribe_ticket_not_going_count":"","_tribe_tickets_list":"[]","_tribe_ticket_has_attendee_info_fields":false,"footnotes":""},"categories":[9],"tags":[89],"post_folder":[],"class_list":["post-20783","post","type-post","status-publish","format-standard","has-post-thumbnail","hentry","category-studium","tag-deutschlandstipendium"],"yoast_head":"<!-- This site is optimized with the Yoast SEO plugin v27.5 - https:\/\/yoast.com\/product\/yoast-seo-wordpress\/ -->\n<title>Johanna-Quandt-Stipendiaten beim Europ\u00e4ischen Forum Alpbach | Aktuelles aus der Goethe-Universit\u00e4t Frankfurt<\/title>\n<meta name=\"robots\" content=\"index, follow, max-snippet:-1, max-image-preview:large, max-video-preview:-1\" \/>\n<link rel=\"canonical\" href=\"https:\/\/aktuelles.uni-frankfurt.de\/en\/studium\/johanna-quandt-stipendiaten-beim-europaeischen-forum-alpbach\/\" \/>\n<meta property=\"og:locale\" content=\"en_GB\" \/>\n<meta property=\"og:type\" content=\"article\" \/>\n<meta property=\"og:title\" content=\"Johanna-Quandt-Stipendiaten beim Europ\u00e4ischen Forum Alpbach | Aktuelles aus der Goethe-Universit\u00e4t Frankfurt\" \/>\n<meta property=\"og:description\" content=\"Erstmals konnte die Goethe-Universit\u00e4t zehn Studierenden mit Johanna-Quandt-Stipendien die Teilnahme am renommierten Europ\u00e4ischen Forum Alpbach erm\u00f6glichen. Jeden Sommer kommen Menschen aus aller Welt in das Tiroler Bergdorf Alpbach, um aktuelle [&hellip;]\" \/>\n<meta property=\"og:url\" content=\"https:\/\/aktuelles.uni-frankfurt.de\/en\/studium\/johanna-quandt-stipendiaten-beim-europaeischen-forum-alpbach\/\" \/>\n<meta property=\"og:site_name\" content=\"Aktuelles aus der Goethe-Universit\u00e4t Frankfurt\" \/>\n<meta property=\"article:published_time\" content=\"2017-08-23T11:06:37+00:00\" \/>\n<meta property=\"article:modified_time\" content=\"2017-08-23T12:01:54+00:00\" \/>\n<meta property=\"og:image\" content=\"https:\/\/aktuelles.uni-frankfurt.de\/wp-content\/uploads\/2017\/08\/beitragsbild_deutschlandstipendiaten-forum-alpbach.jpg\" \/>\n\t<meta property=\"og:image:width\" content=\"650\" \/>\n\t<meta property=\"og:image:height\" content=\"450\" \/>\n\t<meta property=\"og:image:type\" content=\"image\/jpeg\" \/>\n<meta name=\"author\" content=\"-\" \/>\n<meta name=\"twitter:card\" content=\"summary_large_image\" \/>\n<meta name=\"twitter:label1\" content=\"Written by\" \/>\n\t<meta name=\"twitter:data1\" content=\"-\" \/>\n\t<meta name=\"twitter:label2\" content=\"Estimated reading time\" \/>\n\t<meta name=\"twitter:data2\" content=\"2 minutes\" \/>\n<script type=\"application\/ld+json\" class=\"yoast-schema-graph\">{\"@context\":\"https:\\\/\\\/schema.org\",\"@graph\":[{\"@type\":\"Article\",\"@id\":\"https:\\\/\\\/aktuelles.uni-frankfurt.de\\\/studium\\\/johanna-quandt-stipendiaten-beim-europaeischen-forum-alpbach\\\/#article\",\"isPartOf\":{\"@id\":\"https:\\\/\\\/aktuelles.uni-frankfurt.de\\\/studium\\\/johanna-quandt-stipendiaten-beim-europaeischen-forum-alpbach\\\/\"},\"author\":{\"name\":\"-\",\"@id\":\"https:\\\/\\\/aktuelles.uni-frankfurt.de\\\/#\\\/schema\\\/person\\\/8e55ea338fb65d1ce87a91565d1f1739\"},\"headline\":\"Johanna-Quandt-Stipendiaten beim Europ\u00e4ischen Forum Alpbach\",\"datePublished\":\"2017-08-23T11:06:37+00:00\",\"dateModified\":\"2017-08-23T12:01:54+00:00\",\"mainEntityOfPage\":{\"@id\":\"https:\\\/\\\/aktuelles.uni-frankfurt.de\\\/studium\\\/johanna-quandt-stipendiaten-beim-europaeischen-forum-alpbach\\\/\"},\"wordCount\":348,\"publisher\":{\"@id\":\"https:\\\/\\\/aktuelles.uni-frankfurt.de\\\/#organization\"},\"image\":{\"@id\":\"https:\\\/\\\/aktuelles.uni-frankfurt.de\\\/studium\\\/johanna-quandt-stipendiaten-beim-europaeischen-forum-alpbach\\\/#primaryimage\"},\"thumbnailUrl\":\"https:\\\/\\\/aktuelles.uni-frankfurt.de\\\/wp-content\\\/uploads\\\/2017\\\/08\\\/beitragsbild_deutschlandstipendiaten-forum-alpbach.jpg\",\"keywords\":[\"Deutschlandstipendium\"],\"articleSection\":[\"Studium\"],\"inLanguage\":\"en-GB\"},{\"@type\":\"WebPage\",\"@id\":\"https:\\\/\\\/aktuelles.uni-frankfurt.de\\\/studium\\\/johanna-quandt-stipendiaten-beim-europaeischen-forum-alpbach\\\/\",\"url\":\"https:\\\/\\\/aktuelles.uni-frankfurt.de\\\/studium\\\/johanna-quandt-stipendiaten-beim-europaeischen-forum-alpbach\\\/\",\"name\":\"Johanna-Quandt-Stipendiaten beim Europ\u00e4ischen Forum Alpbach | Aktuelles aus der Goethe-Universit\u00e4t Frankfurt\",\"isPartOf\":{\"@id\":\"https:\\\/\\\/aktuelles.uni-frankfurt.de\\\/#website\"},\"primaryImageOfPage\":{\"@id\":\"https:\\\/\\\/aktuelles.uni-frankfurt.de\\\/studium\\\/johanna-quandt-stipendiaten-beim-europaeischen-forum-alpbach\\\/#primaryimage\"},\"image\":{\"@id\":\"https:\\\/\\\/aktuelles.uni-frankfurt.de\\\/studium\\\/johanna-quandt-stipendiaten-beim-europaeischen-forum-alpbach\\\/#primaryimage\"},\"thumbnailUrl\":\"https:\\\/\\\/aktuelles.uni-frankfurt.de\\\/wp-content\\\/uploads\\\/2017\\\/08\\\/beitragsbild_deutschlandstipendiaten-forum-alpbach.jpg\",\"datePublished\":\"2017-08-23T11:06:37+00:00\",\"dateModified\":\"2017-08-23T12:01:54+00:00\",\"breadcrumb\":{\"@id\":\"https:\\\/\\\/aktuelles.uni-frankfurt.de\\\/studium\\\/johanna-quandt-stipendiaten-beim-europaeischen-forum-alpbach\\\/#breadcrumb\"},\"inLanguage\":\"en-GB\",\"potentialAction\":[{\"@type\":\"ReadAction\",\"target\":[\"https:\\\/\\\/aktuelles.uni-frankfurt.de\\\/studium\\\/johanna-quandt-stipendiaten-beim-europaeischen-forum-alpbach\\\/\"]}]},{\"@type\":\"ImageObject\",\"inLanguage\":\"en-GB\",\"@id\":\"https:\\\/\\\/aktuelles.uni-frankfurt.de\\\/studium\\\/johanna-quandt-stipendiaten-beim-europaeischen-forum-alpbach\\\/#primaryimage\",\"url\":\"https:\\\/\\\/aktuelles.uni-frankfurt.de\\\/wp-content\\\/uploads\\\/2017\\\/08\\\/beitragsbild_deutschlandstipendiaten-forum-alpbach.jpg\",\"contentUrl\":\"https:\\\/\\\/aktuelles.uni-frankfurt.de\\\/wp-content\\\/uploads\\\/2017\\\/08\\\/beitragsbild_deutschlandstipendiaten-forum-alpbach.jpg\",\"width\":650,\"height\":450},{\"@type\":\"BreadcrumbList\",\"@id\":\"https:\\\/\\\/aktuelles.uni-frankfurt.de\\\/studium\\\/johanna-quandt-stipendiaten-beim-europaeischen-forum-alpbach\\\/#breadcrumb\",\"itemListElement\":[{\"@type\":\"ListItem\",\"position\":1,\"name\":\"Startseite\",\"item\":\"https:\\\/\\\/aktuelles.uni-frankfurt.de\\\/\"},{\"@type\":\"ListItem\",\"position\":2,\"name\":\"Johanna-Quandt-Stipendiaten beim Europ\u00e4ischen Forum Alpbach\"}]},{\"@type\":\"WebSite\",\"@id\":\"https:\\\/\\\/aktuelles.uni-frankfurt.de\\\/#website\",\"url\":\"https:\\\/\\\/aktuelles.uni-frankfurt.de\\\/\",\"name\":\"Aktuelles aus der Goethe-Universit\u00e4t Frankfurt\",\"description\":\"Aktuelles aus der Goethe-Universit\u00e4t | Neues aus Forschung, Lehre, Studium\",\"publisher\":{\"@id\":\"https:\\\/\\\/aktuelles.uni-frankfurt.de\\\/#organization\"},\"potentialAction\":[{\"@type\":\"SearchAction\",\"target\":{\"@type\":\"EntryPoint\",\"urlTemplate\":\"https:\\\/\\\/aktuelles.uni-frankfurt.de\\\/?s={search_term_string}\"},\"query-input\":{\"@type\":\"PropertyValueSpecification\",\"valueRequired\":true,\"valueName\":\"search_term_string\"}}],\"inLanguage\":\"en-GB\"},{\"@type\":\"Organization\",\"@id\":\"https:\\\/\\\/aktuelles.uni-frankfurt.de\\\/#organization\",\"name\":\"Goethe-Universit\u00e4t\",\"url\":\"https:\\\/\\\/aktuelles.uni-frankfurt.de\\\/\",\"logo\":{\"@type\":\"ImageObject\",\"inLanguage\":\"en-GB\",\"@id\":\"https:\\\/\\\/aktuelles.uni-frankfurt.de\\\/#\\\/schema\\\/logo\\\/image\\\/\",\"url\":\"https:\\\/\\\/aktuelles.uni-frankfurt.de\\\/wp-content\\\/uploads\\\/2022\\\/03\\\/800px-Goethe-Logo.png\",\"contentUrl\":\"https:\\\/\\\/aktuelles.uni-frankfurt.de\\\/wp-content\\\/uploads\\\/2022\\\/03\\\/800px-Goethe-Logo.png\",\"width\":800,\"height\":436,\"caption\":\"Goethe-Universit\u00e4t\"},\"image\":{\"@id\":\"https:\\\/\\\/aktuelles.uni-frankfurt.de\\\/#\\\/schema\\\/logo\\\/image\\\/\"}},{\"@type\":\"Person\",\"@id\":\"https:\\\/\\\/aktuelles.uni-frankfurt.de\\\/#\\\/schema\\\/person\\\/8e55ea338fb65d1ce87a91565d1f1739\",\"name\":\"-\",\"description\":\"Dieser Beitrag wurde von der Online-Redaktion ver\u00f6ffentlicht. Wenn der Beitrag von einem Gastautoren verfasst wurde, findet sich dieser Hinweis am Ende des jeweiligen Artikels.\",\"sameAs\":[\"http:\\\/\\\/aktuelles.uni-frankfurt.de\\\/autoren\"],\"url\":\"https:\\\/\\\/aktuelles.uni-frankfurt.de\\\/en\\\/author\\\/redaktion\\\/\"}]}<\/script>\n<!-- \/ Yoast SEO plugin. -->","yoast_head_json":{"title":"Johanna-Quandt-Stipendiaten beim Europ\u00e4ischen Forum Alpbach | Aktuelles aus der Goethe-Universit\u00e4t Frankfurt","robots":{"index":"index","follow":"follow","max-snippet":"max-snippet:-1","max-image-preview":"max-image-preview:large","max-video-preview":"max-video-preview:-1"},"canonical":"https:\/\/aktuelles.uni-frankfurt.de\/en\/studium\/johanna-quandt-stipendiaten-beim-europaeischen-forum-alpbach\/","og_locale":"en_GB","og_type":"article","og_title":"Johanna-Quandt-Stipendiaten beim Europ\u00e4ischen Forum Alpbach | Aktuelles aus der Goethe-Universit\u00e4t Frankfurt","og_description":"Erstmals konnte die Goethe-Universit\u00e4t zehn Studierenden mit Johanna-Quandt-Stipendien die Teilnahme am renommierten Europ\u00e4ischen Forum Alpbach erm\u00f6glichen. Jeden Sommer kommen Menschen aus aller Welt in das Tiroler Bergdorf Alpbach, um aktuelle [&hellip;]","og_url":"https:\/\/aktuelles.uni-frankfurt.de\/en\/studium\/johanna-quandt-stipendiaten-beim-europaeischen-forum-alpbach\/","og_site_name":"Aktuelles aus der Goethe-Universit\u00e4t Frankfurt","article_published_time":"2017-08-23T11:06:37+00:00","article_modified_time":"2017-08-23T12:01:54+00:00","og_image":[{"width":650,"height":450,"url":"https:\/\/aktuelles.uni-frankfurt.de\/wp-content\/uploads\/2017\/08\/beitragsbild_deutschlandstipendiaten-forum-alpbach.jpg","type":"image\/jpeg"}],"author":"-","twitter_card":"summary_large_image","twitter_misc":{"Written by":"-","Estimated reading time":"2 minutes"},"schema":{"@context":"https:\/\/schema.org","@graph":[{"@type":"Article","@id":"https:\/\/aktuelles.uni-frankfurt.de\/studium\/johanna-quandt-stipendiaten-beim-europaeischen-forum-alpbach\/#article","isPartOf":{"@id":"https:\/\/aktuelles.uni-frankfurt.de\/studium\/johanna-quandt-stipendiaten-beim-europaeischen-forum-alpbach\/"},"author":{"name":"-","@id":"https:\/\/aktuelles.uni-frankfurt.de\/#\/schema\/person\/8e55ea338fb65d1ce87a91565d1f1739"},"headline":"Johanna-Quandt-Stipendiaten beim Europ\u00e4ischen Forum Alpbach","datePublished":"2017-08-23T11:06:37+00:00","dateModified":"2017-08-23T12:01:54+00:00","mainEntityOfPage":{"@id":"https:\/\/aktuelles.uni-frankfurt.de\/studium\/johanna-quandt-stipendiaten-beim-europaeischen-forum-alpbach\/"},"wordCount":348,"publisher":{"@id":"https:\/\/aktuelles.uni-frankfurt.de\/#organization"},"image":{"@id":"https:\/\/aktuelles.uni-frankfurt.de\/studium\/johanna-quandt-stipendiaten-beim-europaeischen-forum-alpbach\/#primaryimage"},"thumbnailUrl":"https:\/\/aktuelles.uni-frankfurt.de\/wp-content\/uploads\/2017\/08\/beitragsbild_deutschlandstipendiaten-forum-alpbach.jpg","keywords":["Deutschlandstipendium"],"articleSection":["Studium"],"inLanguage":"en-GB"},{"@type":"WebPage","@id":"https:\/\/aktuelles.uni-frankfurt.de\/studium\/johanna-quandt-stipendiaten-beim-europaeischen-forum-alpbach\/","url":"https:\/\/aktuelles.uni-frankfurt.de\/studium\/johanna-quandt-stipendiaten-beim-europaeischen-forum-alpbach\/","name":"Johanna-Quandt-Stipendiaten beim Europ\u00e4ischen Forum Alpbach | Aktuelles aus der Goethe-Universit\u00e4t Frankfurt","isPartOf":{"@id":"https:\/\/aktuelles.uni-frankfurt.de\/#website"},"primaryImageOfPage":{"@id":"https:\/\/aktuelles.uni-frankfurt.de\/studium\/johanna-quandt-stipendiaten-beim-europaeischen-forum-alpbach\/#primaryimage"},"image":{"@id":"https:\/\/aktuelles.uni-frankfurt.de\/studium\/johanna-quandt-stipendiaten-beim-europaeischen-forum-alpbach\/#primaryimage"},"thumbnailUrl":"https:\/\/aktuelles.uni-frankfurt.de\/wp-content\/uploads\/2017\/08\/beitragsbild_deutschlandstipendiaten-forum-alpbach.jpg","datePublished":"2017-08-23T11:06:37+00:00","dateModified":"2017-08-23T12:01:54+00:00","breadcrumb":{"@id":"https:\/\/aktuelles.uni-frankfurt.de\/studium\/johanna-quandt-stipendiaten-beim-europaeischen-forum-alpbach\/#breadcrumb"},"inLanguage":"en-GB","potentialAction":[{"@type":"ReadAction","target":["https:\/\/aktuelles.uni-frankfurt.de\/studium\/johanna-quandt-stipendiaten-beim-europaeischen-forum-alpbach\/"]}]},{"@type":"ImageObject","inLanguage":"en-GB","@id":"https:\/\/aktuelles.uni-frankfurt.de\/studium\/johanna-quandt-stipendiaten-beim-europaeischen-forum-alpbach\/#primaryimage","url":"https:\/\/aktuelles.uni-frankfurt.de\/wp-content\/uploads\/2017\/08\/beitragsbild_deutschlandstipendiaten-forum-alpbach.jpg","contentUrl":"https:\/\/aktuelles.uni-frankfurt.de\/wp-content\/uploads\/2017\/08\/beitragsbild_deutschlandstipendiaten-forum-alpbach.jpg","width":650,"height":450},{"@type":"BreadcrumbList","@id":"https:\/\/aktuelles.uni-frankfurt.de\/studium\/johanna-quandt-stipendiaten-beim-europaeischen-forum-alpbach\/#breadcrumb","itemListElement":[{"@type":"ListItem","position":1,"name":"Startseite","item":"https:\/\/aktuelles.uni-frankfurt.de\/"},{"@type":"ListItem","position":2,"name":"Johanna-Quandt-Stipendiaten beim Europ\u00e4ischen Forum Alpbach"}]},{"@type":"WebSite","@id":"https:\/\/aktuelles.uni-frankfurt.de\/#website","url":"https:\/\/aktuelles.uni-frankfurt.de\/","name":"Aktuelles aus der Goethe-Universit\u00e4t Frankfurt","description":"Aktuelles aus der Goethe-Universit\u00e4t | Neues aus Forschung, Lehre, Studium","publisher":{"@id":"https:\/\/aktuelles.uni-frankfurt.de\/#organization"},"potentialAction":[{"@type":"SearchAction","target":{"@type":"EntryPoint","urlTemplate":"https:\/\/aktuelles.uni-frankfurt.de\/?s={search_term_string}"},"query-input":{"@type":"PropertyValueSpecification","valueRequired":true,"valueName":"search_term_string"}}],"inLanguage":"en-GB"},{"@type":"Organization","@id":"https:\/\/aktuelles.uni-frankfurt.de\/#organization","name":"Goethe University Frankfurt","url":"https:\/\/aktuelles.uni-frankfurt.de\/","logo":{"@type":"ImageObject","inLanguage":"en-GB","@id":"https:\/\/aktuelles.uni-frankfurt.de\/#\/schema\/logo\/image\/","url":"https:\/\/aktuelles.uni-frankfurt.de\/wp-content\/uploads\/2022\/03\/800px-Goethe-Logo.png","contentUrl":"https:\/\/aktuelles.uni-frankfurt.de\/wp-content\/uploads\/2022\/03\/800px-Goethe-Logo.png","width":800,"height":436,"caption":"Goethe-Universit\u00e4t"},"image":{"@id":"https:\/\/aktuelles.uni-frankfurt.de\/#\/schema\/logo\/image\/"}},{"@type":"Person","@id":"https:\/\/aktuelles.uni-frankfurt.de\/#\/schema\/person\/8e55ea338fb65d1ce87a91565d1f1739","name":"-","description":"Dieser Beitrag wurde von der Online-Redaktion ver\u00f6ffentlicht. Wenn der Beitrag von einem Gastautoren verfasst wurde, findet sich dieser Hinweis am Ende des jeweiligen Artikels.","sameAs":["http:\/\/aktuelles.uni-frankfurt.de\/autoren"],"url":"https:\/\/aktuelles.uni-frankfurt.de\/en\/author\/redaktion\/"}]}},"_links":{"self":[{"href":"https:\/\/aktuelles.uni-frankfurt.de\/en\/wp-json\/wp\/v2\/posts\/20783","targetHints":{"allow":["GET"]}}],"collection":[{"href":"https:\/\/aktuelles.uni-frankfurt.de\/en\/wp-json\/wp\/v2\/posts"}],"about":[{"href":"https:\/\/aktuelles.uni-frankfurt.de\/en\/wp-json\/wp\/v2\/types\/post"}],"author":[{"embeddable":true,"href":"https:\/\/aktuelles.uni-frankfurt.de\/en\/wp-json\/wp\/v2\/users\/8"}],"replies":[{"embeddable":true,"href":"https:\/\/aktuelles.uni-frankfurt.de\/en\/wp-json\/wp\/v2\/comments?post=20783"}],"version-history":[{"count":0,"href":"https:\/\/aktuelles.uni-frankfurt.de\/en\/wp-json\/wp\/v2\/posts\/20783\/revisions"}],"wp:featuredmedia":[{"embeddable":true,"href":"https:\/\/aktuelles.uni-frankfurt.de\/en\/wp-json\/wp\/v2\/media\/20784"}],"wp:attachment":[{"href":"https:\/\/aktuelles.uni-frankfurt.de\/en\/wp-json\/wp\/v2\/media?parent=20783"}],"wp:term":[{"taxonomy":"category","embeddable":true,"href":"https:\/\/aktuelles.uni-frankfurt.de\/en\/wp-json\/wp\/v2\/categories?post=20783"},{"taxonomy":"post_tag","embeddable":true,"href":"https:\/\/aktuelles.uni-frankfurt.de\/en\/wp-json\/wp\/v2\/tags?post=20783"},{"taxonomy":"post_folder","embeddable":true,"href":"https:\/\/aktuelles.uni-frankfurt.de\/en\/wp-json\/wp\/v2\/post_folder?post=20783"}],"curies":[{"name":"wp","href":"https:\/\/api.w.org\/{rel}","templated":true}]}}