{"id":21032,"date":"2017-09-18T15:47:08","date_gmt":"2017-09-18T13:47:08","guid":{"rendered":"http:\/\/aktuelles.uni-frankfurt.de\/?p=21032"},"modified":"2017-09-18T15:47:08","modified_gmt":"2017-09-18T13:47:08","slug":"vortrag-am-27-september-vermoegensmanager-und-weltweite-ungleichheit","status":"publish","type":"post","link":"https:\/\/aktuelles.uni-frankfurt.de\/en\/veranstaltungen\/vortrag-am-27-september-vermoegensmanager-und-weltweite-ungleichheit\/","title":{"rendered":"Vortrag am 27. September \/ Verm\u00f6gensmanager und weltweite Ungleichheit"},"content":{"rendered":"<p><em><strong><img fetchpriority=\"high\" decoding=\"async\" class=\"alignleft wp-image-21034\" src=\"https:\/\/aktuelles.uni-frankfurt.de\/wp-content\/uploads\/2017\/09\/beitrag_exno-brooke-harrington-krahnen.jpg\" alt=\"\" width=\"350\" height=\"495\" srcset=\"https:\/\/aktuelles.uni-frankfurt.de\/wp-content\/uploads\/2017\/09\/beitrag_exno-brooke-harrington-krahnen.jpg 650w, https:\/\/aktuelles.uni-frankfurt.de\/wp-content\/uploads\/2017\/09\/beitrag_exno-brooke-harrington-krahnen-212x300.jpg 212w\" sizes=\"(max-width: 350px) 100vw, 350px\" \/>Am 27. September (19 Uhr) findet ein Vortrag der Wirtschaftssoziologin Brooke Harrington mit einem Kommentar des \u00d6konomen Jan Pieter Krahnen statt.<\/strong><\/em><\/p>\n<p>Sp\u00e4testens seit der Ver\u00f6ffentlichung der Panama Papers ist bekannt, dass Steuervermeidung und Steuerhinterziehung keine Randph\u00e4nomene sind, sondern von verm\u00f6genden Privatpersonen und Unternehmen in gro\u00dfem Ma\u00dfstab und \u00fcberall auf der Welt praktiziert werden. Ein genauerer Blick zeigt, dass in diese gesellschaftlich als nicht legitim angesehenen, wenngleich h\u00e4ufig legalen Praktiken eine Vielzahl unterschiedlicher professioneller Akteure verwickelt ist. Um eine besonders relevant erscheinende, jedoch bislang weitgehend unerforschte Berufsgruppe, die Verm\u00f6gensmanager, geht es in dem \u00f6ffentlichen Abendvortrag der Wirtschaftssoziologin Brooke Harrington \u00fcber<\/p>\n<p>\u201eInequality and the Wealth Management Profession\u201d am Mittwoch, den 27. September 2017, um 19.00 Uhr an der Goethe-Universit\u00e4t, Campus Westend, Geb\u00e4ude \u201eNormative Ordnungen\u201c, EG.01, Max-Horkheimer-Str. 2, 60323 Frankfurt am Main.<\/p>\n<p>Veranstaltet wird der Vortrag (in englischer Sprache, Eintritt frei) vom Exzellenzcluster \u201eDie Herausbildung normativer Ordnungen\u201c an der Goethe-Universit\u00e4t zusammen mit Kooperationspartnern im Rahmen der vom Bundesforschungsministerium gef\u00f6rderten Summer School \u201eFinanzsystem und Gesellschaft\u201c. Eine vorherige Anmeldung ist erforderlich unter: info@finanzsystem-und-gesellschaft.de.<\/p>\n<p>Brooke Harrington erkundet die Welt der Verm\u00f6gensmanager, also jener Finanzexperten, deren Aufgabe es ist, das Verm\u00f6gen der Reichsten zu bewahren und zu vermehren. Um sich einen Zugang zu dieser schwer erreichbaren Berufsgruppe zu verschaffen, hat sie sich selbst zur Verm\u00f6gensmanagerin ausbilden lassen. Sie hat die ber\u00fchmtesten Steueroasen der Welt bereist und viele Interviews gef\u00fchrt, um zu verstehen, wie wohlhabende Kunden dabei unterst\u00fctzt werden, ihr Verm\u00f6gen auf formal legale Weise von Finanz\u00e4mtern, Gl\u00e4ubigern und Familienmitgliedern unangetastet zu lassen. Harrington gibt einen informierten Einblick in die Mentalit\u00e4ten, Rechtfertigungen und Strategien einer kleinen professionellen Elite, die eine tragende Rolle f\u00fcr die Zunahme globaler Verm\u00f6gensungleichheiten spielt.<\/p>\n<p>Brooke Harrington ist seit 2010 Professorin f\u00fcr Wirtschaftssoziologie an der Copenhagen Business School. Zuvor forschte sie an der Harvard University, am European University Institute (Florenz), am Max-Planck-Institut f\u00fcr Gesellschaftsforschung (K\u00f6ln), an der Princeton University, der Stanford Graduate School of Business, dem Santa Fe Institute und der Brown University (Providence). Ihre Forschungsschwerpunkte sind neben der Wirtschaftssoziologie die Organisationssoziologie sowie Professionen und Ungleichheit. Ihre Arbeit befindet sich an der Schnittstelle von Politischer \u00d6konomie, Anthropologie, Sozialpsychologie und Verhaltens\u00f6konomie. 2016 ist ihr Buch \u201eCapital without Borders: Wealth Management and the One Percent\u201d bei Harvard University Press erschienen.<\/p>\n<p>Im Anschluss an den Vortrag wird Jan Pieter Krahnen die Diskussion mit einem Kommentar er\u00f6ffnen. Krahnen ist Professor f\u00fcr Kreditwirtschaft und Finanzierung im House of Finance der Goethe-Universit\u00e4t. Als (Co-)Direktor leitet er das Center for Financial Studies (CFS) und das Forschungszentrum SAFE an der Universit\u00e4t.<\/p>\n<p>Veranstalter des Vortragsabends sind neben dem Exzellenzcluster das Frankfurter Finanzethische Forum, in dem das Nell-Breuning-Institut, die Frankfurt School of Finance and Management und die Katholische Akademie Rabanus Maurus zusammenarbeiten, und die Servicestelle Information, die im Auftrag des Bundesministeriums f\u00fcr Bildung und Forschung die F\u00f6rderinitiative \u201eFinanzsystem und Gesellschaft\u201c begleitet. Ziel der Kooperation ist es, den Dialog zwischen Wissenschaft, Praktikern, Politik und Stadtgesellschaft zu f\u00f6rdern.<\/p>\n<p><strong>Anmeldung (erforderlich):<\/strong> <a href=\"mailto:info@finanzsystem-und-gesellschaft.de\">info@finanzsystem-und-gesellschaft.de<\/a><\/p>","protected":false},"excerpt":{"rendered":"<p>Am 27. September (19 Uhr) findet ein Vortrag der Wirtschaftssoziologin Brooke Harrington mit einem Kommentar des \u00d6konomen Jan Pieter Krahnen statt. Sp\u00e4testens seit der Ver\u00f6ffentlichung der Panama Papers ist bekannt, [&hellip;]<\/p>\n","protected":false},"author":8,"featured_media":21033,"comment_status":"closed","ping_status":"closed","sticky":false,"template":"","format":"standard","meta":{"_eb_attr":"","_price":"","_stock":"","_tribe_ticket_header":"","_tribe_default_ticket_provider":"","_ticket_start_date":"","_ticket_end_date":"","_tribe_ticket_show_description":"","_tribe_ticket_show_not_going":false,"_tribe_ticket_use_global_stock":"","_tribe_ticket_global_stock_level":"","_global_stock_mode":"","_global_stock_cap":"","_tribe_rsvp_for_event":"","_tribe_ticket_going_count":"","_tribe_ticket_not_going_count":"","_tribe_tickets_list":"[]","_tribe_ticket_has_attendee_info_fields":false,"footnotes":""},"categories":[12],"tags":[81,48,22],"post_folder":[],"class_list":["post-21032","post","type-post","status-publish","format-standard","has-post-thumbnail","hentry","category-veranstaltungen","tag-exzellenzcluster","tag-gesellschaftswissenschaften","tag-wirtschaftswissenschaften"],"yoast_head":"<!-- This site is optimized with the Yoast SEO plugin v27.5 - https:\/\/yoast.com\/product\/yoast-seo-wordpress\/ -->\n<title>Vortrag am 27. September \/ Verm\u00f6gensmanager und weltweite Ungleichheit | Aktuelles aus der Goethe-Universit\u00e4t Frankfurt<\/title>\n<meta name=\"robots\" content=\"index, follow, max-snippet:-1, max-image-preview:large, max-video-preview:-1\" \/>\n<link rel=\"canonical\" href=\"https:\/\/aktuelles.uni-frankfurt.de\/en\/veranstaltungen\/vortrag-am-27-september-vermoegensmanager-und-weltweite-ungleichheit\/\" \/>\n<meta property=\"og:locale\" content=\"en_GB\" \/>\n<meta property=\"og:type\" content=\"article\" \/>\n<meta property=\"og:title\" content=\"Vortrag am 27. September \/ Verm\u00f6gensmanager und weltweite Ungleichheit | Aktuelles aus der Goethe-Universit\u00e4t Frankfurt\" \/>\n<meta property=\"og:description\" content=\"Am 27. September (19 Uhr) findet ein Vortrag der Wirtschaftssoziologin Brooke Harrington mit einem Kommentar des \u00d6konomen Jan Pieter Krahnen statt. Sp\u00e4testens seit der Ver\u00f6ffentlichung der Panama Papers ist bekannt, [&hellip;]\" \/>\n<meta property=\"og:url\" content=\"https:\/\/aktuelles.uni-frankfurt.de\/en\/veranstaltungen\/vortrag-am-27-september-vermoegensmanager-und-weltweite-ungleichheit\/\" \/>\n<meta property=\"og:site_name\" content=\"Aktuelles aus der Goethe-Universit\u00e4t Frankfurt\" \/>\n<meta property=\"article:published_time\" content=\"2017-09-18T13:47:08+00:00\" \/>\n<meta property=\"og:image\" content=\"https:\/\/aktuelles.uni-frankfurt.de\/wp-content\/uploads\/2017\/09\/beitragsbild_exno-brooke-harrington-krahnen.jpg\" \/>\n\t<meta property=\"og:image:width\" content=\"650\" \/>\n\t<meta property=\"og:image:height\" content=\"450\" \/>\n\t<meta property=\"og:image:type\" content=\"image\/jpeg\" \/>\n<meta name=\"author\" content=\"-\" \/>\n<meta name=\"twitter:card\" content=\"summary_large_image\" \/>\n<meta name=\"twitter:label1\" content=\"Written by\" \/>\n\t<meta name=\"twitter:data1\" content=\"-\" \/>\n\t<meta name=\"twitter:label2\" content=\"Estimated reading time\" \/>\n\t<meta name=\"twitter:data2\" content=\"3 minutes\" \/>\n<script type=\"application\/ld+json\" class=\"yoast-schema-graph\">{\"@context\":\"https:\\\/\\\/schema.org\",\"@graph\":[{\"@type\":\"Article\",\"@id\":\"https:\\\/\\\/aktuelles.uni-frankfurt.de\\\/veranstaltungen\\\/vortrag-am-27-september-vermoegensmanager-und-weltweite-ungleichheit\\\/#article\",\"isPartOf\":{\"@id\":\"https:\\\/\\\/aktuelles.uni-frankfurt.de\\\/veranstaltungen\\\/vortrag-am-27-september-vermoegensmanager-und-weltweite-ungleichheit\\\/\"},\"author\":{\"name\":\"-\",\"@id\":\"https:\\\/\\\/aktuelles.uni-frankfurt.de\\\/#\\\/schema\\\/person\\\/8e55ea338fb65d1ce87a91565d1f1739\"},\"headline\":\"Vortrag am 27. September \\\/ Verm\u00f6gensmanager und weltweite Ungleichheit\",\"datePublished\":\"2017-09-18T13:47:08+00:00\",\"mainEntityOfPage\":{\"@id\":\"https:\\\/\\\/aktuelles.uni-frankfurt.de\\\/veranstaltungen\\\/vortrag-am-27-september-vermoegensmanager-und-weltweite-ungleichheit\\\/\"},\"wordCount\":513,\"publisher\":{\"@id\":\"https:\\\/\\\/aktuelles.uni-frankfurt.de\\\/#organization\"},\"image\":{\"@id\":\"https:\\\/\\\/aktuelles.uni-frankfurt.de\\\/veranstaltungen\\\/vortrag-am-27-september-vermoegensmanager-und-weltweite-ungleichheit\\\/#primaryimage\"},\"thumbnailUrl\":\"https:\\\/\\\/aktuelles.uni-frankfurt.de\\\/wp-content\\\/uploads\\\/2017\\\/09\\\/beitragsbild_exno-brooke-harrington-krahnen.jpg\",\"keywords\":[\"Exzellenzcluster\",\"Gesellschaftswissenschaften\",\"Wirtschaftswissenschaften\"],\"articleSection\":[\"Veranstaltungen\"],\"inLanguage\":\"en-GB\"},{\"@type\":\"WebPage\",\"@id\":\"https:\\\/\\\/aktuelles.uni-frankfurt.de\\\/veranstaltungen\\\/vortrag-am-27-september-vermoegensmanager-und-weltweite-ungleichheit\\\/\",\"url\":\"https:\\\/\\\/aktuelles.uni-frankfurt.de\\\/veranstaltungen\\\/vortrag-am-27-september-vermoegensmanager-und-weltweite-ungleichheit\\\/\",\"name\":\"Vortrag am 27. September \\\/ Verm\u00f6gensmanager und weltweite Ungleichheit | Aktuelles aus der Goethe-Universit\u00e4t Frankfurt\",\"isPartOf\":{\"@id\":\"https:\\\/\\\/aktuelles.uni-frankfurt.de\\\/#website\"},\"primaryImageOfPage\":{\"@id\":\"https:\\\/\\\/aktuelles.uni-frankfurt.de\\\/veranstaltungen\\\/vortrag-am-27-september-vermoegensmanager-und-weltweite-ungleichheit\\\/#primaryimage\"},\"image\":{\"@id\":\"https:\\\/\\\/aktuelles.uni-frankfurt.de\\\/veranstaltungen\\\/vortrag-am-27-september-vermoegensmanager-und-weltweite-ungleichheit\\\/#primaryimage\"},\"thumbnailUrl\":\"https:\\\/\\\/aktuelles.uni-frankfurt.de\\\/wp-content\\\/uploads\\\/2017\\\/09\\\/beitragsbild_exno-brooke-harrington-krahnen.jpg\",\"datePublished\":\"2017-09-18T13:47:08+00:00\",\"breadcrumb\":{\"@id\":\"https:\\\/\\\/aktuelles.uni-frankfurt.de\\\/veranstaltungen\\\/vortrag-am-27-september-vermoegensmanager-und-weltweite-ungleichheit\\\/#breadcrumb\"},\"inLanguage\":\"en-GB\",\"potentialAction\":[{\"@type\":\"ReadAction\",\"target\":[\"https:\\\/\\\/aktuelles.uni-frankfurt.de\\\/veranstaltungen\\\/vortrag-am-27-september-vermoegensmanager-und-weltweite-ungleichheit\\\/\"]}]},{\"@type\":\"ImageObject\",\"inLanguage\":\"en-GB\",\"@id\":\"https:\\\/\\\/aktuelles.uni-frankfurt.de\\\/veranstaltungen\\\/vortrag-am-27-september-vermoegensmanager-und-weltweite-ungleichheit\\\/#primaryimage\",\"url\":\"https:\\\/\\\/aktuelles.uni-frankfurt.de\\\/wp-content\\\/uploads\\\/2017\\\/09\\\/beitragsbild_exno-brooke-harrington-krahnen.jpg\",\"contentUrl\":\"https:\\\/\\\/aktuelles.uni-frankfurt.de\\\/wp-content\\\/uploads\\\/2017\\\/09\\\/beitragsbild_exno-brooke-harrington-krahnen.jpg\",\"width\":650,\"height\":450},{\"@type\":\"BreadcrumbList\",\"@id\":\"https:\\\/\\\/aktuelles.uni-frankfurt.de\\\/veranstaltungen\\\/vortrag-am-27-september-vermoegensmanager-und-weltweite-ungleichheit\\\/#breadcrumb\",\"itemListElement\":[{\"@type\":\"ListItem\",\"position\":1,\"name\":\"Startseite\",\"item\":\"https:\\\/\\\/aktuelles.uni-frankfurt.de\\\/\"},{\"@type\":\"ListItem\",\"position\":2,\"name\":\"Vortrag am 27. September \\\/ Verm\u00f6gensmanager und weltweite Ungleichheit\"}]},{\"@type\":\"WebSite\",\"@id\":\"https:\\\/\\\/aktuelles.uni-frankfurt.de\\\/#website\",\"url\":\"https:\\\/\\\/aktuelles.uni-frankfurt.de\\\/\",\"name\":\"Aktuelles aus der Goethe-Universit\u00e4t Frankfurt\",\"description\":\"Aktuelles aus der Goethe-Universit\u00e4t | Neues aus Forschung, Lehre, Studium\",\"publisher\":{\"@id\":\"https:\\\/\\\/aktuelles.uni-frankfurt.de\\\/#organization\"},\"potentialAction\":[{\"@type\":\"SearchAction\",\"target\":{\"@type\":\"EntryPoint\",\"urlTemplate\":\"https:\\\/\\\/aktuelles.uni-frankfurt.de\\\/?s={search_term_string}\"},\"query-input\":{\"@type\":\"PropertyValueSpecification\",\"valueRequired\":true,\"valueName\":\"search_term_string\"}}],\"inLanguage\":\"en-GB\"},{\"@type\":\"Organization\",\"@id\":\"https:\\\/\\\/aktuelles.uni-frankfurt.de\\\/#organization\",\"name\":\"Goethe-Universit\u00e4t\",\"url\":\"https:\\\/\\\/aktuelles.uni-frankfurt.de\\\/\",\"logo\":{\"@type\":\"ImageObject\",\"inLanguage\":\"en-GB\",\"@id\":\"https:\\\/\\\/aktuelles.uni-frankfurt.de\\\/#\\\/schema\\\/logo\\\/image\\\/\",\"url\":\"https:\\\/\\\/aktuelles.uni-frankfurt.de\\\/wp-content\\\/uploads\\\/2022\\\/03\\\/800px-Goethe-Logo.png\",\"contentUrl\":\"https:\\\/\\\/aktuelles.uni-frankfurt.de\\\/wp-content\\\/uploads\\\/2022\\\/03\\\/800px-Goethe-Logo.png\",\"width\":800,\"height\":436,\"caption\":\"Goethe-Universit\u00e4t\"},\"image\":{\"@id\":\"https:\\\/\\\/aktuelles.uni-frankfurt.de\\\/#\\\/schema\\\/logo\\\/image\\\/\"}},{\"@type\":\"Person\",\"@id\":\"https:\\\/\\\/aktuelles.uni-frankfurt.de\\\/#\\\/schema\\\/person\\\/8e55ea338fb65d1ce87a91565d1f1739\",\"name\":\"-\",\"description\":\"Dieser Beitrag wurde von der Online-Redaktion ver\u00f6ffentlicht. Wenn der Beitrag von einem Gastautoren verfasst wurde, findet sich dieser Hinweis am Ende des jeweiligen Artikels.\",\"sameAs\":[\"http:\\\/\\\/aktuelles.uni-frankfurt.de\\\/autoren\"],\"url\":\"https:\\\/\\\/aktuelles.uni-frankfurt.de\\\/en\\\/author\\\/redaktion\\\/\"}]}<\/script>\n<!-- \/ Yoast SEO plugin. -->","yoast_head_json":{"title":"Vortrag am 27. September \/ Verm\u00f6gensmanager und weltweite Ungleichheit | Aktuelles aus der Goethe-Universit\u00e4t Frankfurt","robots":{"index":"index","follow":"follow","max-snippet":"max-snippet:-1","max-image-preview":"max-image-preview:large","max-video-preview":"max-video-preview:-1"},"canonical":"https:\/\/aktuelles.uni-frankfurt.de\/en\/veranstaltungen\/vortrag-am-27-september-vermoegensmanager-und-weltweite-ungleichheit\/","og_locale":"en_GB","og_type":"article","og_title":"Vortrag am 27. September \/ Verm\u00f6gensmanager und weltweite Ungleichheit | Aktuelles aus der Goethe-Universit\u00e4t Frankfurt","og_description":"Am 27. September (19 Uhr) findet ein Vortrag der Wirtschaftssoziologin Brooke Harrington mit einem Kommentar des \u00d6konomen Jan Pieter Krahnen statt. Sp\u00e4testens seit der Ver\u00f6ffentlichung der Panama Papers ist bekannt, [&hellip;]","og_url":"https:\/\/aktuelles.uni-frankfurt.de\/en\/veranstaltungen\/vortrag-am-27-september-vermoegensmanager-und-weltweite-ungleichheit\/","og_site_name":"Aktuelles aus der Goethe-Universit\u00e4t Frankfurt","article_published_time":"2017-09-18T13:47:08+00:00","og_image":[{"width":650,"height":450,"url":"https:\/\/aktuelles.uni-frankfurt.de\/wp-content\/uploads\/2017\/09\/beitragsbild_exno-brooke-harrington-krahnen.jpg","type":"image\/jpeg"}],"author":"-","twitter_card":"summary_large_image","twitter_misc":{"Written by":"-","Estimated reading time":"3 minutes"},"schema":{"@context":"https:\/\/schema.org","@graph":[{"@type":"Article","@id":"https:\/\/aktuelles.uni-frankfurt.de\/veranstaltungen\/vortrag-am-27-september-vermoegensmanager-und-weltweite-ungleichheit\/#article","isPartOf":{"@id":"https:\/\/aktuelles.uni-frankfurt.de\/veranstaltungen\/vortrag-am-27-september-vermoegensmanager-und-weltweite-ungleichheit\/"},"author":{"name":"-","@id":"https:\/\/aktuelles.uni-frankfurt.de\/#\/schema\/person\/8e55ea338fb65d1ce87a91565d1f1739"},"headline":"Vortrag am 27. September \/ Verm\u00f6gensmanager und weltweite Ungleichheit","datePublished":"2017-09-18T13:47:08+00:00","mainEntityOfPage":{"@id":"https:\/\/aktuelles.uni-frankfurt.de\/veranstaltungen\/vortrag-am-27-september-vermoegensmanager-und-weltweite-ungleichheit\/"},"wordCount":513,"publisher":{"@id":"https:\/\/aktuelles.uni-frankfurt.de\/#organization"},"image":{"@id":"https:\/\/aktuelles.uni-frankfurt.de\/veranstaltungen\/vortrag-am-27-september-vermoegensmanager-und-weltweite-ungleichheit\/#primaryimage"},"thumbnailUrl":"https:\/\/aktuelles.uni-frankfurt.de\/wp-content\/uploads\/2017\/09\/beitragsbild_exno-brooke-harrington-krahnen.jpg","keywords":["Exzellenzcluster","Gesellschaftswissenschaften","Wirtschaftswissenschaften"],"articleSection":["Veranstaltungen"],"inLanguage":"en-GB"},{"@type":"WebPage","@id":"https:\/\/aktuelles.uni-frankfurt.de\/veranstaltungen\/vortrag-am-27-september-vermoegensmanager-und-weltweite-ungleichheit\/","url":"https:\/\/aktuelles.uni-frankfurt.de\/veranstaltungen\/vortrag-am-27-september-vermoegensmanager-und-weltweite-ungleichheit\/","name":"Vortrag am 27. September \/ Verm\u00f6gensmanager und weltweite Ungleichheit | Aktuelles aus der Goethe-Universit\u00e4t Frankfurt","isPartOf":{"@id":"https:\/\/aktuelles.uni-frankfurt.de\/#website"},"primaryImageOfPage":{"@id":"https:\/\/aktuelles.uni-frankfurt.de\/veranstaltungen\/vortrag-am-27-september-vermoegensmanager-und-weltweite-ungleichheit\/#primaryimage"},"image":{"@id":"https:\/\/aktuelles.uni-frankfurt.de\/veranstaltungen\/vortrag-am-27-september-vermoegensmanager-und-weltweite-ungleichheit\/#primaryimage"},"thumbnailUrl":"https:\/\/aktuelles.uni-frankfurt.de\/wp-content\/uploads\/2017\/09\/beitragsbild_exno-brooke-harrington-krahnen.jpg","datePublished":"2017-09-18T13:47:08+00:00","breadcrumb":{"@id":"https:\/\/aktuelles.uni-frankfurt.de\/veranstaltungen\/vortrag-am-27-september-vermoegensmanager-und-weltweite-ungleichheit\/#breadcrumb"},"inLanguage":"en-GB","potentialAction":[{"@type":"ReadAction","target":["https:\/\/aktuelles.uni-frankfurt.de\/veranstaltungen\/vortrag-am-27-september-vermoegensmanager-und-weltweite-ungleichheit\/"]}]},{"@type":"ImageObject","inLanguage":"en-GB","@id":"https:\/\/aktuelles.uni-frankfurt.de\/veranstaltungen\/vortrag-am-27-september-vermoegensmanager-und-weltweite-ungleichheit\/#primaryimage","url":"https:\/\/aktuelles.uni-frankfurt.de\/wp-content\/uploads\/2017\/09\/beitragsbild_exno-brooke-harrington-krahnen.jpg","contentUrl":"https:\/\/aktuelles.uni-frankfurt.de\/wp-content\/uploads\/2017\/09\/beitragsbild_exno-brooke-harrington-krahnen.jpg","width":650,"height":450},{"@type":"BreadcrumbList","@id":"https:\/\/aktuelles.uni-frankfurt.de\/veranstaltungen\/vortrag-am-27-september-vermoegensmanager-und-weltweite-ungleichheit\/#breadcrumb","itemListElement":[{"@type":"ListItem","position":1,"name":"Startseite","item":"https:\/\/aktuelles.uni-frankfurt.de\/"},{"@type":"ListItem","position":2,"name":"Vortrag am 27. September \/ Verm\u00f6gensmanager und weltweite Ungleichheit"}]},{"@type":"WebSite","@id":"https:\/\/aktuelles.uni-frankfurt.de\/#website","url":"https:\/\/aktuelles.uni-frankfurt.de\/","name":"Aktuelles aus der Goethe-Universit\u00e4t Frankfurt","description":"Aktuelles aus der Goethe-Universit\u00e4t | Neues aus Forschung, Lehre, Studium","publisher":{"@id":"https:\/\/aktuelles.uni-frankfurt.de\/#organization"},"potentialAction":[{"@type":"SearchAction","target":{"@type":"EntryPoint","urlTemplate":"https:\/\/aktuelles.uni-frankfurt.de\/?s={search_term_string}"},"query-input":{"@type":"PropertyValueSpecification","valueRequired":true,"valueName":"search_term_string"}}],"inLanguage":"en-GB"},{"@type":"Organization","@id":"https:\/\/aktuelles.uni-frankfurt.de\/#organization","name":"Goethe University Frankfurt","url":"https:\/\/aktuelles.uni-frankfurt.de\/","logo":{"@type":"ImageObject","inLanguage":"en-GB","@id":"https:\/\/aktuelles.uni-frankfurt.de\/#\/schema\/logo\/image\/","url":"https:\/\/aktuelles.uni-frankfurt.de\/wp-content\/uploads\/2022\/03\/800px-Goethe-Logo.png","contentUrl":"https:\/\/aktuelles.uni-frankfurt.de\/wp-content\/uploads\/2022\/03\/800px-Goethe-Logo.png","width":800,"height":436,"caption":"Goethe-Universit\u00e4t"},"image":{"@id":"https:\/\/aktuelles.uni-frankfurt.de\/#\/schema\/logo\/image\/"}},{"@type":"Person","@id":"https:\/\/aktuelles.uni-frankfurt.de\/#\/schema\/person\/8e55ea338fb65d1ce87a91565d1f1739","name":"-","description":"Dieser Beitrag wurde von der Online-Redaktion ver\u00f6ffentlicht. Wenn der Beitrag von einem Gastautoren verfasst wurde, findet sich dieser Hinweis am Ende des jeweiligen Artikels.","sameAs":["http:\/\/aktuelles.uni-frankfurt.de\/autoren"],"url":"https:\/\/aktuelles.uni-frankfurt.de\/en\/author\/redaktion\/"}]}},"_links":{"self":[{"href":"https:\/\/aktuelles.uni-frankfurt.de\/en\/wp-json\/wp\/v2\/posts\/21032","targetHints":{"allow":["GET"]}}],"collection":[{"href":"https:\/\/aktuelles.uni-frankfurt.de\/en\/wp-json\/wp\/v2\/posts"}],"about":[{"href":"https:\/\/aktuelles.uni-frankfurt.de\/en\/wp-json\/wp\/v2\/types\/post"}],"author":[{"embeddable":true,"href":"https:\/\/aktuelles.uni-frankfurt.de\/en\/wp-json\/wp\/v2\/users\/8"}],"replies":[{"embeddable":true,"href":"https:\/\/aktuelles.uni-frankfurt.de\/en\/wp-json\/wp\/v2\/comments?post=21032"}],"version-history":[{"count":0,"href":"https:\/\/aktuelles.uni-frankfurt.de\/en\/wp-json\/wp\/v2\/posts\/21032\/revisions"}],"wp:featuredmedia":[{"embeddable":true,"href":"https:\/\/aktuelles.uni-frankfurt.de\/en\/wp-json\/wp\/v2\/media\/21033"}],"wp:attachment":[{"href":"https:\/\/aktuelles.uni-frankfurt.de\/en\/wp-json\/wp\/v2\/media?parent=21032"}],"wp:term":[{"taxonomy":"category","embeddable":true,"href":"https:\/\/aktuelles.uni-frankfurt.de\/en\/wp-json\/wp\/v2\/categories?post=21032"},{"taxonomy":"post_tag","embeddable":true,"href":"https:\/\/aktuelles.uni-frankfurt.de\/en\/wp-json\/wp\/v2\/tags?post=21032"},{"taxonomy":"post_folder","embeddable":true,"href":"https:\/\/aktuelles.uni-frankfurt.de\/en\/wp-json\/wp\/v2\/post_folder?post=21032"}],"curies":[{"name":"wp","href":"https:\/\/api.w.org\/{rel}","templated":true}]}}