{"id":23851,"date":"2017-12-21T09:51:33","date_gmt":"2017-12-21T08:51:33","guid":{"rendered":"https:\/\/aktuelles.uni-frankfurt.de\/?p=23851"},"modified":"2017-12-21T17:25:54","modified_gmt":"2017-12-21T16:25:54","slug":"academic-welcome-program-feierte-erste-absolventen","status":"publish","type":"post","link":"https:\/\/aktuelles.uni-frankfurt.de\/en\/campus\/academic-welcome-program-feierte-erste-absolventen\/","title":{"rendered":"Academic Welcome Program feierte erste Absolventen"},"content":{"rendered":"<p><em><strong><img fetchpriority=\"high\" decoding=\"async\" class=\"alignleft wp-image-23853\" src=\"https:\/\/aktuelles.uni-frankfurt.de\/wp-content\/uploads\/2017\/12\/blog_UR_academic-welcome.jpg\" alt=\"\" width=\"400\" height=\"277\" srcset=\"https:\/\/aktuelles.uni-frankfurt.de\/wp-content\/uploads\/2017\/12\/blog_UR_academic-welcome.jpg 650w, https:\/\/aktuelles.uni-frankfurt.de\/wp-content\/uploads\/2017\/12\/blog_UR_academic-welcome-300x208.jpg 300w\" sizes=\"(max-width: 400px) 100vw, 400px\" \/><\/strong><\/em>Weltoffenheit und Solidarit\u00e4t haben an der Goethe-Universit\u00e4t einen lange Tradition. So passt es bestens ins Bild, dass die Hochschule mit dem \u201eAcademic Welcome Program for highly qualified refugees\u201c (AWP) hochqualifizierten jungen Gefl\u00fcchteten den Weg in ein Studium ebnet. Bei einer Feier erhielten die Absolventen des in der Regel eineinhalb Jahre dauernden Kurses k\u00fcrzlich ihre Auszeichnung zum Bestehen und freuen sich nun auf ihren Neustart.<\/p>\n<h3>Stolz auf ihre Leistung: AWP-Teilnehmer haben es ins Studium geschafft<\/h3>\n<p>Es war tats\u00e4chlich ein Tag zum Feiern, denn was die neuen Erstsemester erreicht haben, ist nicht selbstverst\u00e4ndlich. \u00dcber das AWP schafften sie den Zugang an eine Universit\u00e4t. \u201eWir haben die Erfahrung gemacht, dass es doch seine Zeit dauert, ein akademisches Deutsch zu lernen, das einen bef\u00e4higt, im Universit\u00e4tsbetrieb problemlos mitzuhalten\u201c, stellt Marius Jakl, Projektkoordinator am International Office, fest.<\/p>\n<p>Er hat zusammen mit seinen Kolleginnen Maryam Sayegh-Hussein und Julia Jochim auch in diesem Jahr die motivierten jungen Leute betreut. Von 35 Absolventen haben 30 einen Studienplatz bekommen, etwa die H\u00e4lfte davon an der Goethe-Universit\u00e4t, die anderen an den Hochschulen in Gie\u00dfen, Marburg, Darmstadt, G\u00f6ttingen und Hamburg sowie der Dualen Hochschule Baden-W\u00fcrttemberg.<\/p>\n<p>F\u00fcnf durchlaufen gerade ein Studienkolleg in Frankfurt. Etwa 40 Prozent der Studierenden haben bereits in ihren Heimatl\u00e4ndern ein Studium abgeschlossen, andere haben dort studiert oder Abitur gemacht. Dessen Anerkennung in Deutschland, die Abi-Note, Deutschkenntnisse und ein Eignungstest zur Studierf\u00e4higkeit geh\u00f6ren zu den Kriterien, nach denen die Teilnehmer ausgew\u00e4hlt werden. \u201eWir bekamen etwa 200 Bewerbungen, es gibt aber nur 50 Pl\u00e4tze\u201c, erkl\u00e4rt Marius Jakl.<\/p>\n<h3>Mit starkem Willen und Leistungsbereitschaft die Chance genutzt<\/h3>\n<p>Die meisten Ausgezeichneten kommen aus Syrien, einige aus Afghanistan, \u00c4thiopien, Pakistan und dem Iran. Sie haben ihren Studiengang aus einem breiten Spektrum ausgew\u00e4hlt, wie Wirtschaftswissenschaften, Informatik, Soziologie, Germanistik, Anglistik, Politikwissenschaften, Biologie, Biochemie, Molekulare Biotechnologie, Rechtswissenschaften und Physik. Drei bekamen sogar einen Platz f\u00fcr Medizin.<\/p>\n<p>Sakineh kam 2015 aus Afghanistan nach Deutschland. Nach ihrer Ankunft wollte sie so schnell wie m\u00f6glich Deutsch lernen und hat sich intensiv darum bem\u00fcht. Dann erfuhr sie vom AWP, bewarb sich und wurde aufgenommen. Im April 2016 konnte Sakineh starten. \u201eIch lernte in dem Programm aber nicht nur die Sprache, sondern auch viel \u00fcber die Kultur\u201c, erz\u00e4hlt sie.<\/p>\n<p>In Deutsch erreichte sie schlie\u00dflich das DSH-Niveau, also das der Deutschen Sprachpr\u00fcfung f\u00fcr den Hochschulzugang. Mit dem AWP-Abschluss bewarb sie sich ganz regul\u00e4r f\u00fcr einen Studienplatz f\u00fcr Biochemie und erhielt von der Zentralen Vergabestelle f\u00fcr Studienpl\u00e4tze die Zulassung. Das Programm, das vom Hessischen Ministerium f\u00fcr Wissenschaft und Kunst und dem Deutschen Akademischen Austauschdienst (DAAD) unterst\u00fctzt wird, vermittelt Kenntnisse in einzelnen Wissensgebieten und Orientierung in der akademischen Lehr- und Lernkultur.<\/p>\n<p>Die Teilnehmer k\u00f6nnen Vorlesungen besuchen und ihr Deutsch intensiv verbessern (Stufen B1\u2013C1). Zudem stehen ihnen die Universit\u00e4ts- Bibliothek und die Serviceleistungen des Hochschulrechenzentrums offen. Ein umfangreiches Begleitprogramm f\u00f6rdert die Integration, bietet aber ebenso Informationen und Beratung zu Studium und Berufsorientierung.<\/p>\n<p>Bewerben k\u00f6nnen sich Asylsuchende, -bewerberInnen und -berechtigte mit einer in Deutschland anerkannten Hochschulzugangsberechtigung, aber auch diejenigen, die in ihrer Heimat bereits studiert haben und in Deutschland ihr Studium fortsetzen m\u00f6chten. Ihre Hochschulzugangsberechtigung, also ob ihre internationalen Zeugnisse zum Studium in Deutschland berechtigen, k\u00f6nnen die Bewerber kostenlos im uni-assist-Verfahren der Universit\u00e4t online pr\u00fcfen lassen.<\/p>\n<h3>Besonderes Bewusstsein f\u00fcr das Leid von Gefl\u00fcchteten in Frankfurt<\/h3>\n<p>Auch Abdullah aus Syrien ist einer der Auserw\u00e4hlten, er spricht fl\u00fcssig deutsch und freut sich sehr \u00fcber den Studienplatz der Politikwissenschaften an der Goethe-Universit\u00e4t. Herzlich bedankt er sich beim Team und den Lehrkr\u00e4ften, aber auch bei den Sponsoren. \u201eDie Menschen hier haben mir sehr geholfen\u201c, freut er sich. Er hatte in seiner Heimat schon die Hoffnung verloren, sich weiterbilden zu k\u00f6nnen, obwohl er dort noch vor seiner Flucht ein Studium begonnen hatte.<\/p>\n<p>Es war ein schwieriger Weg an die Universit\u00e4t, den viele nicht schafften, meint er. \u201eSeid flei\u00dfig und nutzt die Chance\u201c, gab er seinen Mitstreitern auf den Weg. Auch der Dank von seinem Landsmann Belal kommt von ganzem Herzen. Er war vor dem Programm in einer schwierigen Lage, doch mithilfe des Teams hat er eine zweite Heimat gefunden und kann nun in Frankfurt Informatik studieren, wie er sagt.<\/p>\n<p>Die Goethe-Universit\u00e4t engagiert sich als B\u00fcrgeruniversit\u00e4t nicht nur f\u00fcr Bildung, sondern auch in der Diskussion gesellschaftlicher, politischer, wirtschaftlicher und kultureller Themen. So ist nicht nur Weltoffenheit ein starkes Motiv, sich f\u00fcr Gefl\u00fcchtete zu engagieren. \u201e1933 mussten viele Menschen Frankfurt und die Universit\u00e4t wegen ihrer Herkunft oder ihres Glaubens verlassen\u201c, betont Vizepr\u00e4sidentin und AWP-Schirmherrin Tanja Br\u00fchl.<\/p>\n<p>Das AWP startete im Wintersemester 2015\/16 mit rund 30 Gefl\u00fcchteten und wuchs mit seinem Angebot bis zum Wintersemester 2017\/18 auf \u00fcber 140 Gefl\u00fcchtete an. Das Projekt l\u00e4uft noch bis mindestens Ende 2019 und kann bis dahin noch vielen qualifizierten Fl\u00fcchtlingen beste Chancen f\u00fcr eine akademische Ausbildung erm\u00f6glichen.<\/p>\n<p style=\"text-align: right;\"><em>[Autorin: Andrea Gerber]<\/em><\/p>\n<p><strong>ZUM WEITERLESEN<\/strong><\/p>\n<blockquote class=\"wp-embedded-content\" data-secret=\"dum6o47Pg2\"><p><a href=\"https:\/\/aktuelles.uni-frankfurt.de\/gesellschaft\/musikprojekt-mit-gefluechteten-veranstaltete-abschlusskonzert\/\">Musikprojekt mit Gefl\u00fcchteten veranstaltete Abschlusskonzert<\/a><\/p><\/blockquote>\n<p><iframe class=\"wp-embedded-content\" sandbox=\"allow-scripts\" security=\"restricted\" style=\"position: absolute; clip: rect(1px, 1px, 1px, 1px);\" title=\"&#8222;Musikprojekt mit Gefl\u00fcchteten veranstaltete Abschlusskonzert&#8220; &#8212; Aktuelles aus der Goethe-Universit\u00e4t Frankfurt\" src=\"https:\/\/aktuelles.uni-frankfurt.de\/gesellschaft\/musikprojekt-mit-gefluechteten-veranstaltete-abschlusskonzert\/embed\/#?secret=JKecoafpSc#?secret=dum6o47Pg2\" data-secret=\"dum6o47Pg2\" width=\"600\" height=\"338\" frameborder=\"0\" marginwidth=\"0\" marginheight=\"0\" scrolling=\"no\"><\/iframe><\/p>\n<p><strong><em>Dieser Artikel ist in der Ausgabe 6.17 (<\/em><\/strong><a href=\"http:\/\/www.unireport.info\/53996845\/aktuelle_ausgabe\" target=\"_blank\" rel=\"noopener\"><strong><em>PDF-Download<\/em><\/strong><\/a><strong><em>) des UniReport erschienen.<\/em><\/strong><\/p>\n","protected":false},"excerpt":{"rendered":"<p>Weltoffenheit und Solidarit\u00e4t haben an der Goethe-Universit\u00e4t einen lange Tradition. So passt es bestens ins Bild, dass die Hochschule mit dem \u201eAcademic Welcome Program for highly qualified refugees\u201c (AWP) hochqualifizierten [&hellip;]<\/p>\n","protected":false},"author":8,"featured_media":23853,"comment_status":"closed","ping_status":"closed","sticky":false,"template":"","format":"standard","meta":{"_eb_attr":"","_price":"","_stock":"","_tribe_ticket_header":"","_tribe_default_ticket_provider":"","_ticket_start_date":"","_ticket_end_date":"","_tribe_ticket_show_description":"","_tribe_ticket_show_not_going":false,"_tribe_ticket_use_global_stock":"","_tribe_ticket_global_stock_level":"","_global_stock_mode":"","_global_stock_cap":"","_tribe_rsvp_for_event":"","_tribe_ticket_going_count":"","_tribe_ticket_not_going_count":"","_tribe_tickets_list":"[]","_tribe_ticket_has_attendee_info_fields":false,"footnotes":""},"categories":[5],"tags":[10],"post_folder":[],"class_list":["post-23851","post","type-post","status-publish","format-standard","has-post-thumbnail","hentry","category-campus","tag-unireport"],"yoast_head":"<!-- This site is optimized with the Yoast SEO plugin v27.5 - https:\/\/yoast.com\/product\/yoast-seo-wordpress\/ -->\n<title>Academic Welcome Program feierte erste Absolventen | Aktuelles aus der Goethe-Universit\u00e4t Frankfurt<\/title>\n<meta name=\"robots\" content=\"index, follow, max-snippet:-1, max-image-preview:large, max-video-preview:-1\" \/>\n<link rel=\"canonical\" href=\"https:\/\/aktuelles.uni-frankfurt.de\/en\/campus\/academic-welcome-program-feierte-erste-absolventen\/\" \/>\n<meta property=\"og:locale\" content=\"en_GB\" \/>\n<meta property=\"og:type\" content=\"article\" \/>\n<meta property=\"og:title\" content=\"Academic Welcome Program feierte erste Absolventen | Aktuelles aus der Goethe-Universit\u00e4t Frankfurt\" \/>\n<meta property=\"og:description\" content=\"Weltoffenheit und Solidarit\u00e4t haben an der Goethe-Universit\u00e4t einen lange Tradition. So passt es bestens ins Bild, dass die Hochschule mit dem \u201eAcademic Welcome Program for highly qualified refugees\u201c (AWP) hochqualifizierten [&hellip;]\" \/>\n<meta property=\"og:url\" content=\"https:\/\/aktuelles.uni-frankfurt.de\/en\/campus\/academic-welcome-program-feierte-erste-absolventen\/\" \/>\n<meta property=\"og:site_name\" content=\"Aktuelles aus der Goethe-Universit\u00e4t Frankfurt\" \/>\n<meta property=\"article:published_time\" content=\"2017-12-21T08:51:33+00:00\" \/>\n<meta property=\"article:modified_time\" content=\"2017-12-21T16:25:54+00:00\" \/>\n<meta property=\"og:image\" content=\"https:\/\/aktuelles.uni-frankfurt.de\/wp-content\/uploads\/2017\/12\/blog_UR_academic-welcome.jpg\" \/>\n\t<meta property=\"og:image:width\" content=\"650\" \/>\n\t<meta property=\"og:image:height\" content=\"450\" \/>\n\t<meta property=\"og:image:type\" content=\"image\/jpeg\" \/>\n<meta name=\"author\" content=\"-\" \/>\n<meta name=\"twitter:card\" content=\"summary_large_image\" \/>\n<meta name=\"twitter:label1\" content=\"Written by\" \/>\n\t<meta name=\"twitter:data1\" content=\"-\" \/>\n\t<meta name=\"twitter:label2\" content=\"Estimated reading time\" \/>\n\t<meta name=\"twitter:data2\" content=\"4 minutes\" \/>\n<script type=\"application\/ld+json\" class=\"yoast-schema-graph\">{\"@context\":\"https:\\\/\\\/schema.org\",\"@graph\":[{\"@type\":\"Article\",\"@id\":\"https:\\\/\\\/aktuelles.uni-frankfurt.de\\\/campus\\\/academic-welcome-program-feierte-erste-absolventen\\\/#article\",\"isPartOf\":{\"@id\":\"https:\\\/\\\/aktuelles.uni-frankfurt.de\\\/campus\\\/academic-welcome-program-feierte-erste-absolventen\\\/\"},\"author\":{\"name\":\"-\",\"@id\":\"https:\\\/\\\/aktuelles.uni-frankfurt.de\\\/#\\\/schema\\\/person\\\/8e55ea338fb65d1ce87a91565d1f1739\"},\"headline\":\"Academic Welcome Program feierte erste Absolventen\",\"datePublished\":\"2017-12-21T08:51:33+00:00\",\"dateModified\":\"2017-12-21T16:25:54+00:00\",\"mainEntityOfPage\":{\"@id\":\"https:\\\/\\\/aktuelles.uni-frankfurt.de\\\/campus\\\/academic-welcome-program-feierte-erste-absolventen\\\/\"},\"wordCount\":852,\"publisher\":{\"@id\":\"https:\\\/\\\/aktuelles.uni-frankfurt.de\\\/#organization\"},\"image\":{\"@id\":\"https:\\\/\\\/aktuelles.uni-frankfurt.de\\\/campus\\\/academic-welcome-program-feierte-erste-absolventen\\\/#primaryimage\"},\"thumbnailUrl\":\"https:\\\/\\\/aktuelles.uni-frankfurt.de\\\/wp-content\\\/uploads\\\/2017\\\/12\\\/blog_UR_academic-welcome.jpg\",\"keywords\":[\"UniReport\"],\"articleSection\":[\"Campus\"],\"inLanguage\":\"en-GB\"},{\"@type\":\"WebPage\",\"@id\":\"https:\\\/\\\/aktuelles.uni-frankfurt.de\\\/campus\\\/academic-welcome-program-feierte-erste-absolventen\\\/\",\"url\":\"https:\\\/\\\/aktuelles.uni-frankfurt.de\\\/campus\\\/academic-welcome-program-feierte-erste-absolventen\\\/\",\"name\":\"Academic Welcome Program feierte erste Absolventen | Aktuelles aus der Goethe-Universit\u00e4t Frankfurt\",\"isPartOf\":{\"@id\":\"https:\\\/\\\/aktuelles.uni-frankfurt.de\\\/#website\"},\"primaryImageOfPage\":{\"@id\":\"https:\\\/\\\/aktuelles.uni-frankfurt.de\\\/campus\\\/academic-welcome-program-feierte-erste-absolventen\\\/#primaryimage\"},\"image\":{\"@id\":\"https:\\\/\\\/aktuelles.uni-frankfurt.de\\\/campus\\\/academic-welcome-program-feierte-erste-absolventen\\\/#primaryimage\"},\"thumbnailUrl\":\"https:\\\/\\\/aktuelles.uni-frankfurt.de\\\/wp-content\\\/uploads\\\/2017\\\/12\\\/blog_UR_academic-welcome.jpg\",\"datePublished\":\"2017-12-21T08:51:33+00:00\",\"dateModified\":\"2017-12-21T16:25:54+00:00\",\"breadcrumb\":{\"@id\":\"https:\\\/\\\/aktuelles.uni-frankfurt.de\\\/campus\\\/academic-welcome-program-feierte-erste-absolventen\\\/#breadcrumb\"},\"inLanguage\":\"en-GB\",\"potentialAction\":[{\"@type\":\"ReadAction\",\"target\":[\"https:\\\/\\\/aktuelles.uni-frankfurt.de\\\/campus\\\/academic-welcome-program-feierte-erste-absolventen\\\/\"]}]},{\"@type\":\"ImageObject\",\"inLanguage\":\"en-GB\",\"@id\":\"https:\\\/\\\/aktuelles.uni-frankfurt.de\\\/campus\\\/academic-welcome-program-feierte-erste-absolventen\\\/#primaryimage\",\"url\":\"https:\\\/\\\/aktuelles.uni-frankfurt.de\\\/wp-content\\\/uploads\\\/2017\\\/12\\\/blog_UR_academic-welcome.jpg\",\"contentUrl\":\"https:\\\/\\\/aktuelles.uni-frankfurt.de\\\/wp-content\\\/uploads\\\/2017\\\/12\\\/blog_UR_academic-welcome.jpg\",\"width\":650,\"height\":450},{\"@type\":\"BreadcrumbList\",\"@id\":\"https:\\\/\\\/aktuelles.uni-frankfurt.de\\\/campus\\\/academic-welcome-program-feierte-erste-absolventen\\\/#breadcrumb\",\"itemListElement\":[{\"@type\":\"ListItem\",\"position\":1,\"name\":\"Startseite\",\"item\":\"https:\\\/\\\/aktuelles.uni-frankfurt.de\\\/\"},{\"@type\":\"ListItem\",\"position\":2,\"name\":\"Academic Welcome Program feierte erste Absolventen\"}]},{\"@type\":\"WebSite\",\"@id\":\"https:\\\/\\\/aktuelles.uni-frankfurt.de\\\/#website\",\"url\":\"https:\\\/\\\/aktuelles.uni-frankfurt.de\\\/\",\"name\":\"Aktuelles aus der Goethe-Universit\u00e4t Frankfurt\",\"description\":\"Aktuelles aus der Goethe-Universit\u00e4t | Neues aus Forschung, Lehre, Studium\",\"publisher\":{\"@id\":\"https:\\\/\\\/aktuelles.uni-frankfurt.de\\\/#organization\"},\"potentialAction\":[{\"@type\":\"SearchAction\",\"target\":{\"@type\":\"EntryPoint\",\"urlTemplate\":\"https:\\\/\\\/aktuelles.uni-frankfurt.de\\\/?s={search_term_string}\"},\"query-input\":{\"@type\":\"PropertyValueSpecification\",\"valueRequired\":true,\"valueName\":\"search_term_string\"}}],\"inLanguage\":\"en-GB\"},{\"@type\":\"Organization\",\"@id\":\"https:\\\/\\\/aktuelles.uni-frankfurt.de\\\/#organization\",\"name\":\"Goethe-Universit\u00e4t\",\"url\":\"https:\\\/\\\/aktuelles.uni-frankfurt.de\\\/\",\"logo\":{\"@type\":\"ImageObject\",\"inLanguage\":\"en-GB\",\"@id\":\"https:\\\/\\\/aktuelles.uni-frankfurt.de\\\/#\\\/schema\\\/logo\\\/image\\\/\",\"url\":\"https:\\\/\\\/aktuelles.uni-frankfurt.de\\\/wp-content\\\/uploads\\\/2022\\\/03\\\/800px-Goethe-Logo.png\",\"contentUrl\":\"https:\\\/\\\/aktuelles.uni-frankfurt.de\\\/wp-content\\\/uploads\\\/2022\\\/03\\\/800px-Goethe-Logo.png\",\"width\":800,\"height\":436,\"caption\":\"Goethe-Universit\u00e4t\"},\"image\":{\"@id\":\"https:\\\/\\\/aktuelles.uni-frankfurt.de\\\/#\\\/schema\\\/logo\\\/image\\\/\"}},{\"@type\":\"Person\",\"@id\":\"https:\\\/\\\/aktuelles.uni-frankfurt.de\\\/#\\\/schema\\\/person\\\/8e55ea338fb65d1ce87a91565d1f1739\",\"name\":\"-\",\"description\":\"Dieser Beitrag wurde von der Online-Redaktion ver\u00f6ffentlicht. Wenn der Beitrag von einem Gastautoren verfasst wurde, findet sich dieser Hinweis am Ende des jeweiligen Artikels.\",\"sameAs\":[\"http:\\\/\\\/aktuelles.uni-frankfurt.de\\\/autoren\"],\"url\":\"https:\\\/\\\/aktuelles.uni-frankfurt.de\\\/en\\\/author\\\/redaktion\\\/\"}]}<\/script>\n<!-- \/ Yoast SEO plugin. -->","yoast_head_json":{"title":"Academic Welcome Program feierte erste Absolventen | Aktuelles aus der Goethe-Universit\u00e4t Frankfurt","robots":{"index":"index","follow":"follow","max-snippet":"max-snippet:-1","max-image-preview":"max-image-preview:large","max-video-preview":"max-video-preview:-1"},"canonical":"https:\/\/aktuelles.uni-frankfurt.de\/en\/campus\/academic-welcome-program-feierte-erste-absolventen\/","og_locale":"en_GB","og_type":"article","og_title":"Academic Welcome Program feierte erste Absolventen | Aktuelles aus der Goethe-Universit\u00e4t Frankfurt","og_description":"Weltoffenheit und Solidarit\u00e4t haben an der Goethe-Universit\u00e4t einen lange Tradition. So passt es bestens ins Bild, dass die Hochschule mit dem \u201eAcademic Welcome Program for highly qualified refugees\u201c (AWP) hochqualifizierten [&hellip;]","og_url":"https:\/\/aktuelles.uni-frankfurt.de\/en\/campus\/academic-welcome-program-feierte-erste-absolventen\/","og_site_name":"Aktuelles aus der Goethe-Universit\u00e4t Frankfurt","article_published_time":"2017-12-21T08:51:33+00:00","article_modified_time":"2017-12-21T16:25:54+00:00","og_image":[{"width":650,"height":450,"url":"https:\/\/aktuelles.uni-frankfurt.de\/wp-content\/uploads\/2017\/12\/blog_UR_academic-welcome.jpg","type":"image\/jpeg"}],"author":"-","twitter_card":"summary_large_image","twitter_misc":{"Written by":"-","Estimated reading time":"4 minutes"},"schema":{"@context":"https:\/\/schema.org","@graph":[{"@type":"Article","@id":"https:\/\/aktuelles.uni-frankfurt.de\/campus\/academic-welcome-program-feierte-erste-absolventen\/#article","isPartOf":{"@id":"https:\/\/aktuelles.uni-frankfurt.de\/campus\/academic-welcome-program-feierte-erste-absolventen\/"},"author":{"name":"-","@id":"https:\/\/aktuelles.uni-frankfurt.de\/#\/schema\/person\/8e55ea338fb65d1ce87a91565d1f1739"},"headline":"Academic Welcome Program feierte erste Absolventen","datePublished":"2017-12-21T08:51:33+00:00","dateModified":"2017-12-21T16:25:54+00:00","mainEntityOfPage":{"@id":"https:\/\/aktuelles.uni-frankfurt.de\/campus\/academic-welcome-program-feierte-erste-absolventen\/"},"wordCount":852,"publisher":{"@id":"https:\/\/aktuelles.uni-frankfurt.de\/#organization"},"image":{"@id":"https:\/\/aktuelles.uni-frankfurt.de\/campus\/academic-welcome-program-feierte-erste-absolventen\/#primaryimage"},"thumbnailUrl":"https:\/\/aktuelles.uni-frankfurt.de\/wp-content\/uploads\/2017\/12\/blog_UR_academic-welcome.jpg","keywords":["UniReport"],"articleSection":["Campus"],"inLanguage":"en-GB"},{"@type":"WebPage","@id":"https:\/\/aktuelles.uni-frankfurt.de\/campus\/academic-welcome-program-feierte-erste-absolventen\/","url":"https:\/\/aktuelles.uni-frankfurt.de\/campus\/academic-welcome-program-feierte-erste-absolventen\/","name":"Academic Welcome Program feierte erste Absolventen | Aktuelles aus der Goethe-Universit\u00e4t Frankfurt","isPartOf":{"@id":"https:\/\/aktuelles.uni-frankfurt.de\/#website"},"primaryImageOfPage":{"@id":"https:\/\/aktuelles.uni-frankfurt.de\/campus\/academic-welcome-program-feierte-erste-absolventen\/#primaryimage"},"image":{"@id":"https:\/\/aktuelles.uni-frankfurt.de\/campus\/academic-welcome-program-feierte-erste-absolventen\/#primaryimage"},"thumbnailUrl":"https:\/\/aktuelles.uni-frankfurt.de\/wp-content\/uploads\/2017\/12\/blog_UR_academic-welcome.jpg","datePublished":"2017-12-21T08:51:33+00:00","dateModified":"2017-12-21T16:25:54+00:00","breadcrumb":{"@id":"https:\/\/aktuelles.uni-frankfurt.de\/campus\/academic-welcome-program-feierte-erste-absolventen\/#breadcrumb"},"inLanguage":"en-GB","potentialAction":[{"@type":"ReadAction","target":["https:\/\/aktuelles.uni-frankfurt.de\/campus\/academic-welcome-program-feierte-erste-absolventen\/"]}]},{"@type":"ImageObject","inLanguage":"en-GB","@id":"https:\/\/aktuelles.uni-frankfurt.de\/campus\/academic-welcome-program-feierte-erste-absolventen\/#primaryimage","url":"https:\/\/aktuelles.uni-frankfurt.de\/wp-content\/uploads\/2017\/12\/blog_UR_academic-welcome.jpg","contentUrl":"https:\/\/aktuelles.uni-frankfurt.de\/wp-content\/uploads\/2017\/12\/blog_UR_academic-welcome.jpg","width":650,"height":450},{"@type":"BreadcrumbList","@id":"https:\/\/aktuelles.uni-frankfurt.de\/campus\/academic-welcome-program-feierte-erste-absolventen\/#breadcrumb","itemListElement":[{"@type":"ListItem","position":1,"name":"Startseite","item":"https:\/\/aktuelles.uni-frankfurt.de\/"},{"@type":"ListItem","position":2,"name":"Academic Welcome Program feierte erste Absolventen"}]},{"@type":"WebSite","@id":"https:\/\/aktuelles.uni-frankfurt.de\/#website","url":"https:\/\/aktuelles.uni-frankfurt.de\/","name":"Aktuelles aus der Goethe-Universit\u00e4t Frankfurt","description":"Aktuelles aus der Goethe-Universit\u00e4t | Neues aus Forschung, Lehre, Studium","publisher":{"@id":"https:\/\/aktuelles.uni-frankfurt.de\/#organization"},"potentialAction":[{"@type":"SearchAction","target":{"@type":"EntryPoint","urlTemplate":"https:\/\/aktuelles.uni-frankfurt.de\/?s={search_term_string}"},"query-input":{"@type":"PropertyValueSpecification","valueRequired":true,"valueName":"search_term_string"}}],"inLanguage":"en-GB"},{"@type":"Organization","@id":"https:\/\/aktuelles.uni-frankfurt.de\/#organization","name":"Goethe University Frankfurt","url":"https:\/\/aktuelles.uni-frankfurt.de\/","logo":{"@type":"ImageObject","inLanguage":"en-GB","@id":"https:\/\/aktuelles.uni-frankfurt.de\/#\/schema\/logo\/image\/","url":"https:\/\/aktuelles.uni-frankfurt.de\/wp-content\/uploads\/2022\/03\/800px-Goethe-Logo.png","contentUrl":"https:\/\/aktuelles.uni-frankfurt.de\/wp-content\/uploads\/2022\/03\/800px-Goethe-Logo.png","width":800,"height":436,"caption":"Goethe-Universit\u00e4t"},"image":{"@id":"https:\/\/aktuelles.uni-frankfurt.de\/#\/schema\/logo\/image\/"}},{"@type":"Person","@id":"https:\/\/aktuelles.uni-frankfurt.de\/#\/schema\/person\/8e55ea338fb65d1ce87a91565d1f1739","name":"-","description":"Dieser Beitrag wurde von der Online-Redaktion ver\u00f6ffentlicht. Wenn der Beitrag von einem Gastautoren verfasst wurde, findet sich dieser Hinweis am Ende des jeweiligen Artikels.","sameAs":["http:\/\/aktuelles.uni-frankfurt.de\/autoren"],"url":"https:\/\/aktuelles.uni-frankfurt.de\/en\/author\/redaktion\/"}]}},"_links":{"self":[{"href":"https:\/\/aktuelles.uni-frankfurt.de\/en\/wp-json\/wp\/v2\/posts\/23851","targetHints":{"allow":["GET"]}}],"collection":[{"href":"https:\/\/aktuelles.uni-frankfurt.de\/en\/wp-json\/wp\/v2\/posts"}],"about":[{"href":"https:\/\/aktuelles.uni-frankfurt.de\/en\/wp-json\/wp\/v2\/types\/post"}],"author":[{"embeddable":true,"href":"https:\/\/aktuelles.uni-frankfurt.de\/en\/wp-json\/wp\/v2\/users\/8"}],"replies":[{"embeddable":true,"href":"https:\/\/aktuelles.uni-frankfurt.de\/en\/wp-json\/wp\/v2\/comments?post=23851"}],"version-history":[{"count":0,"href":"https:\/\/aktuelles.uni-frankfurt.de\/en\/wp-json\/wp\/v2\/posts\/23851\/revisions"}],"wp:featuredmedia":[{"embeddable":true,"href":"https:\/\/aktuelles.uni-frankfurt.de\/en\/wp-json\/wp\/v2\/media\/23853"}],"wp:attachment":[{"href":"https:\/\/aktuelles.uni-frankfurt.de\/en\/wp-json\/wp\/v2\/media?parent=23851"}],"wp:term":[{"taxonomy":"category","embeddable":true,"href":"https:\/\/aktuelles.uni-frankfurt.de\/en\/wp-json\/wp\/v2\/categories?post=23851"},{"taxonomy":"post_tag","embeddable":true,"href":"https:\/\/aktuelles.uni-frankfurt.de\/en\/wp-json\/wp\/v2\/tags?post=23851"},{"taxonomy":"post_folder","embeddable":true,"href":"https:\/\/aktuelles.uni-frankfurt.de\/en\/wp-json\/wp\/v2\/post_folder?post=23851"}],"curies":[{"name":"wp","href":"https:\/\/api.w.org\/{rel}","templated":true}]}}