{"id":24474,"date":"2018-01-12T12:01:01","date_gmt":"2018-01-12T11:01:01","guid":{"rendered":"https:\/\/aktuelles.uni-frankfurt.de\/?p=24474"},"modified":"2018-01-12T13:53:09","modified_gmt":"2018-01-12T12:53:09","slug":"17-januar-neue-impulse-fuer-die-eurozone-zwischen-reformnotwendigkeit-und-politischer-akzeptanz","status":"publish","type":"post","link":"https:\/\/aktuelles.uni-frankfurt.de\/en\/veranstaltungen\/17-januar-neue-impulse-fuer-die-eurozone-zwischen-reformnotwendigkeit-und-politischer-akzeptanz\/","title":{"rendered":"17. Januar: \u201cNeue Impulse f\u00fcr die Eurozone? Zwischen Reformnotwendigkeit und Politischer Akzeptanz\u201d"},"content":{"rendered":"<p><a href=\"https:\/\/aktuelles.uni-frankfurt.de\/wp-content\/uploads\/2017\/10\/blog_events_Zukunft-Eurozone.jpg\"><img fetchpriority=\"high\" decoding=\"async\" class=\"alignleft wp-image-24163\" src=\"https:\/\/aktuelles.uni-frankfurt.de\/wp-content\/uploads\/2017\/10\/blog_events_Zukunft-Eurozone.jpg\" alt=\"\" width=\"325\" height=\"448\" srcset=\"https:\/\/aktuelles.uni-frankfurt.de\/wp-content\/uploads\/2017\/10\/blog_events_Zukunft-Eurozone.jpg 650w, https:\/\/aktuelles.uni-frankfurt.de\/wp-content\/uploads\/2017\/10\/blog_events_Zukunft-Eurozone-217x300.jpg 217w\" sizes=\"(max-width: 325px) 100vw, 325px\" \/><\/a>Europa sieht sich zahlreichen Herausforderungen gegen\u00fcber, etwa im Bereich der Wirtschafts- und W\u00e4hrungsunion. Podiumsg\u00e4ste aus Wissenschaft, Praxis und Gesellschaft diskutieren Perspektiven f\u00fcr die Eurozone: Welche Reformen sind notwendig, um Funktionsf\u00e4higkeit und Effektivit\u00e4t zu gew\u00e4hrleisten? Was erscheint realisierbar angesichts des politischen Klimas in den Mitgliedstaaten? Wie kann die Akzeptanz durch die B\u00fcrgerinnen und B\u00fcrger f\u00fcr weitere Integrationsschritte erh\u00f6ht werden?<\/p>\n<p>Podiumsdiskussion: \u201eNeue Impulse f\u00fcr die Eurozone? Zwischen Reformnotwendigkeit und Politischer Akzeptanz\u201d. 17. Januar 2018, 19 Uhr, Eisenhower-Saal IG Farben (Raum 1.314), Campus Westend, Goethe-Universit\u00e4t.<\/p>\n<p>Es diskutieren:<\/p>\n<ul>\n<li>Prof. Dr. Ulrike Gu\u00e9rot, Professorin f\u00fcr Europapolitik und Demokratieforschung an der Donau- Universit\u00e4t Krems, Gr\u00fcnderin des European Democracy Lab, Alfred-Grosser-Gastprofessur f\u00fcr B\u00fcrgergesellschaftsforschung an der Goethe-Universit\u00e4t Frankfurt<\/li>\n<li>Prof. Hans-Helmut Kotz, Senior Fellow Center for Financial Studies (CFS) an der Goethe-Universit\u00e4t Frankfurt, Programmdirektor SAFE Policy Center, Resident Fellow am Center for European Studies der Harvard University<\/li>\n<li>Dr. Johannes Lindner, Leiter der Abteilung EU-Institutionen und -Foren bei der Europ\u00e4ischen Zentralbank<\/li>\n<li>Dr. Daniel R\u00f6der, Mitinitiator und Vorsitzender des Vorstands von PULSE OF EUROPE e.V.<\/li>\n<li>Prof. Dr. Sandra Seubert, Professorin f\u00fcr Politische Theorie an der Goethe-Universit\u00e4t Frankfurt, Teilprojektleitung \u201eAll Rights Reserved? Barriers towards European CITIZENship\u201c, bEUcitizen<\/li>\n<\/ul>\n<p><strong>Moderation:<\/strong> Prof. Dr. Sandra Eckert, Juniorprofessorin f\u00fcr Politik im Europ\u00e4ischen Mehrebenensystem an der Goethe-Universit\u00e4t Frankfurt.<\/p>\n<p>Die Podiumsdiskussion findet im Rahmen der Lehrveranstaltungsserie \u201eEuropa in Frankfurt\u201c statt. \u201eEuropa in Frankfurt\u201c wird als innovatives Lehrkonzept mit Praxisbezug und Kontakt zur Stadtgesellschaft durch die Stiftung Polytechnische Gesellschaft Frankfurt am Main gef\u00f6rdert. Zudem ist die Diskussion Teil der Reihe \u201eEuropaDialoge\/ Dialogues d\u2019Europe\u201c, gemeinsam veranstaltet vom Forschungskolleg Humanwissenschaften und dem Deutsch-Franz\u00f6sischen Institut der Geschichts- und Sozialwissenschaften der Goethe-Universit\u00e4t (IFRA).<\/p>\n<p>https:\/\/aktuelles.uni-frankfurt.de\/event\/neue-impulse-fuer-die-eurozone-zwischen-reformnotwendigkeit-und-politischer-akzeptanz\/<\/p>\n<p><em><strong>Pressemitteilung vom 12. Januar 2018<\/strong><\/em><\/p>","protected":false},"excerpt":{"rendered":"<p>Europa sieht sich zahlreichen Herausforderungen gegen\u00fcber, etwa im Bereich der Wirtschafts- und W\u00e4hrungsunion. Podiumsg\u00e4ste aus Wissenschaft, Praxis und Gesellschaft diskutieren Perspektiven f\u00fcr die Eurozone: Welche Reformen sind notwendig, um Funktionsf\u00e4higkeit [&hellip;]<\/p>\n","protected":false},"author":8,"featured_media":0,"comment_status":"closed","ping_status":"closed","sticky":false,"template":"","format":"standard","meta":{"_eb_attr":"","_price":"","_stock":"","_tribe_ticket_header":"","_tribe_default_ticket_provider":"","_ticket_start_date":"","_ticket_end_date":"","_tribe_ticket_show_description":"","_tribe_ticket_show_not_going":false,"_tribe_ticket_use_global_stock":"","_tribe_ticket_global_stock_level":"","_global_stock_mode":"","_global_stock_cap":"","_tribe_rsvp_for_event":"","_tribe_ticket_going_count":"","_tribe_ticket_not_going_count":"","_tribe_tickets_list":"[]","_tribe_ticket_has_attendee_info_fields":false,"footnotes":""},"categories":[12],"tags":[48,22],"post_folder":[],"class_list":["post-24474","post","type-post","status-publish","format-standard","hentry","category-veranstaltungen","tag-gesellschaftswissenschaften","tag-wirtschaftswissenschaften"],"yoast_head":"<!-- This site is optimized with the Yoast SEO plugin v27.5 - https:\/\/yoast.com\/product\/yoast-seo-wordpress\/ -->\n<title>17. Januar: \u201cNeue Impulse f\u00fcr die Eurozone? Zwischen Reformnotwendigkeit und Politischer Akzeptanz\u201d | Aktuelles aus der Goethe-Universit\u00e4t Frankfurt<\/title>\n<meta name=\"robots\" content=\"index, follow, max-snippet:-1, max-image-preview:large, max-video-preview:-1\" \/>\n<link rel=\"canonical\" href=\"https:\/\/aktuelles.uni-frankfurt.de\/en\/veranstaltungen\/17-januar-neue-impulse-fuer-die-eurozone-zwischen-reformnotwendigkeit-und-politischer-akzeptanz\/\" \/>\n<meta property=\"og:locale\" content=\"en_GB\" \/>\n<meta property=\"og:type\" content=\"article\" \/>\n<meta property=\"og:title\" content=\"17. Januar: \u201cNeue Impulse f\u00fcr die Eurozone? Zwischen Reformnotwendigkeit und Politischer Akzeptanz\u201d | Aktuelles aus der Goethe-Universit\u00e4t Frankfurt\" \/>\n<meta property=\"og:description\" content=\"Europa sieht sich zahlreichen Herausforderungen gegen\u00fcber, etwa im Bereich der Wirtschafts- und W\u00e4hrungsunion. Podiumsg\u00e4ste aus Wissenschaft, Praxis und Gesellschaft diskutieren Perspektiven f\u00fcr die Eurozone: Welche Reformen sind notwendig, um Funktionsf\u00e4higkeit [&hellip;]\" \/>\n<meta property=\"og:url\" content=\"https:\/\/aktuelles.uni-frankfurt.de\/en\/veranstaltungen\/17-januar-neue-impulse-fuer-die-eurozone-zwischen-reformnotwendigkeit-und-politischer-akzeptanz\/\" \/>\n<meta property=\"og:site_name\" content=\"Aktuelles aus der Goethe-Universit\u00e4t Frankfurt\" \/>\n<meta property=\"article:published_time\" content=\"2018-01-12T11:01:01+00:00\" \/>\n<meta property=\"article:modified_time\" content=\"2018-01-12T12:53:09+00:00\" \/>\n<meta property=\"og:image\" content=\"https:\/\/aktuelles.uni-frankfurt.de\/wp-content\/uploads\/2017\/10\/blog_events_Zukunft-Eurozone.jpg\" \/>\n<meta name=\"author\" content=\"-\" \/>\n<meta name=\"twitter:card\" content=\"summary_large_image\" \/>\n<meta name=\"twitter:label1\" content=\"Written by\" \/>\n\t<meta name=\"twitter:data1\" content=\"-\" \/>\n\t<meta name=\"twitter:label2\" content=\"Estimated reading time\" \/>\n\t<meta name=\"twitter:data2\" content=\"1 minute\" \/>\n<script type=\"application\/ld+json\" class=\"yoast-schema-graph\">{\"@context\":\"https:\\\/\\\/schema.org\",\"@graph\":[{\"@type\":\"Article\",\"@id\":\"https:\\\/\\\/aktuelles.uni-frankfurt.de\\\/veranstaltungen\\\/17-januar-neue-impulse-fuer-die-eurozone-zwischen-reformnotwendigkeit-und-politischer-akzeptanz\\\/#article\",\"isPartOf\":{\"@id\":\"https:\\\/\\\/aktuelles.uni-frankfurt.de\\\/veranstaltungen\\\/17-januar-neue-impulse-fuer-die-eurozone-zwischen-reformnotwendigkeit-und-politischer-akzeptanz\\\/\"},\"author\":{\"name\":\"-\",\"@id\":\"https:\\\/\\\/aktuelles.uni-frankfurt.de\\\/#\\\/schema\\\/person\\\/8e55ea338fb65d1ce87a91565d1f1739\"},\"headline\":\"17. Januar: \u201cNeue Impulse f\u00fcr die Eurozone? Zwischen Reformnotwendigkeit und Politischer Akzeptanz\u201d\",\"datePublished\":\"2018-01-12T11:01:01+00:00\",\"dateModified\":\"2018-01-12T12:53:09+00:00\",\"mainEntityOfPage\":{\"@id\":\"https:\\\/\\\/aktuelles.uni-frankfurt.de\\\/veranstaltungen\\\/17-januar-neue-impulse-fuer-die-eurozone-zwischen-reformnotwendigkeit-und-politischer-akzeptanz\\\/\"},\"wordCount\":309,\"publisher\":{\"@id\":\"https:\\\/\\\/aktuelles.uni-frankfurt.de\\\/#organization\"},\"image\":{\"@id\":\"https:\\\/\\\/aktuelles.uni-frankfurt.de\\\/veranstaltungen\\\/17-januar-neue-impulse-fuer-die-eurozone-zwischen-reformnotwendigkeit-und-politischer-akzeptanz\\\/#primaryimage\"},\"thumbnailUrl\":\"https:\\\/\\\/aktuelles.uni-frankfurt.de\\\/wp-content\\\/uploads\\\/2017\\\/10\\\/blog_events_Zukunft-Eurozone.jpg\",\"keywords\":[\"Gesellschaftswissenschaften\",\"Wirtschaftswissenschaften\"],\"articleSection\":[\"Veranstaltungen\"],\"inLanguage\":\"en-GB\"},{\"@type\":\"WebPage\",\"@id\":\"https:\\\/\\\/aktuelles.uni-frankfurt.de\\\/veranstaltungen\\\/17-januar-neue-impulse-fuer-die-eurozone-zwischen-reformnotwendigkeit-und-politischer-akzeptanz\\\/\",\"url\":\"https:\\\/\\\/aktuelles.uni-frankfurt.de\\\/veranstaltungen\\\/17-januar-neue-impulse-fuer-die-eurozone-zwischen-reformnotwendigkeit-und-politischer-akzeptanz\\\/\",\"name\":\"17. Januar: \u201cNeue Impulse f\u00fcr die Eurozone? Zwischen Reformnotwendigkeit und Politischer Akzeptanz\u201d | Aktuelles aus der Goethe-Universit\u00e4t Frankfurt\",\"isPartOf\":{\"@id\":\"https:\\\/\\\/aktuelles.uni-frankfurt.de\\\/#website\"},\"primaryImageOfPage\":{\"@id\":\"https:\\\/\\\/aktuelles.uni-frankfurt.de\\\/veranstaltungen\\\/17-januar-neue-impulse-fuer-die-eurozone-zwischen-reformnotwendigkeit-und-politischer-akzeptanz\\\/#primaryimage\"},\"image\":{\"@id\":\"https:\\\/\\\/aktuelles.uni-frankfurt.de\\\/veranstaltungen\\\/17-januar-neue-impulse-fuer-die-eurozone-zwischen-reformnotwendigkeit-und-politischer-akzeptanz\\\/#primaryimage\"},\"thumbnailUrl\":\"https:\\\/\\\/aktuelles.uni-frankfurt.de\\\/wp-content\\\/uploads\\\/2017\\\/10\\\/blog_events_Zukunft-Eurozone.jpg\",\"datePublished\":\"2018-01-12T11:01:01+00:00\",\"dateModified\":\"2018-01-12T12:53:09+00:00\",\"breadcrumb\":{\"@id\":\"https:\\\/\\\/aktuelles.uni-frankfurt.de\\\/veranstaltungen\\\/17-januar-neue-impulse-fuer-die-eurozone-zwischen-reformnotwendigkeit-und-politischer-akzeptanz\\\/#breadcrumb\"},\"inLanguage\":\"en-GB\",\"potentialAction\":[{\"@type\":\"ReadAction\",\"target\":[\"https:\\\/\\\/aktuelles.uni-frankfurt.de\\\/veranstaltungen\\\/17-januar-neue-impulse-fuer-die-eurozone-zwischen-reformnotwendigkeit-und-politischer-akzeptanz\\\/\"]}]},{\"@type\":\"ImageObject\",\"inLanguage\":\"en-GB\",\"@id\":\"https:\\\/\\\/aktuelles.uni-frankfurt.de\\\/veranstaltungen\\\/17-januar-neue-impulse-fuer-die-eurozone-zwischen-reformnotwendigkeit-und-politischer-akzeptanz\\\/#primaryimage\",\"url\":\"https:\\\/\\\/aktuelles.uni-frankfurt.de\\\/wp-content\\\/uploads\\\/2017\\\/10\\\/blog_events_Zukunft-Eurozone.jpg\",\"contentUrl\":\"https:\\\/\\\/aktuelles.uni-frankfurt.de\\\/wp-content\\\/uploads\\\/2017\\\/10\\\/blog_events_Zukunft-Eurozone.jpg\"},{\"@type\":\"BreadcrumbList\",\"@id\":\"https:\\\/\\\/aktuelles.uni-frankfurt.de\\\/veranstaltungen\\\/17-januar-neue-impulse-fuer-die-eurozone-zwischen-reformnotwendigkeit-und-politischer-akzeptanz\\\/#breadcrumb\",\"itemListElement\":[{\"@type\":\"ListItem\",\"position\":1,\"name\":\"Startseite\",\"item\":\"https:\\\/\\\/aktuelles.uni-frankfurt.de\\\/\"},{\"@type\":\"ListItem\",\"position\":2,\"name\":\"17. Januar: \u201cNeue Impulse f\u00fcr die Eurozone? Zwischen Reformnotwendigkeit und Politischer Akzeptanz\u201d\"}]},{\"@type\":\"WebSite\",\"@id\":\"https:\\\/\\\/aktuelles.uni-frankfurt.de\\\/#website\",\"url\":\"https:\\\/\\\/aktuelles.uni-frankfurt.de\\\/\",\"name\":\"Aktuelles aus der Goethe-Universit\u00e4t Frankfurt\",\"description\":\"Aktuelles aus der Goethe-Universit\u00e4t | Neues aus Forschung, Lehre, Studium\",\"publisher\":{\"@id\":\"https:\\\/\\\/aktuelles.uni-frankfurt.de\\\/#organization\"},\"potentialAction\":[{\"@type\":\"SearchAction\",\"target\":{\"@type\":\"EntryPoint\",\"urlTemplate\":\"https:\\\/\\\/aktuelles.uni-frankfurt.de\\\/?s={search_term_string}\"},\"query-input\":{\"@type\":\"PropertyValueSpecification\",\"valueRequired\":true,\"valueName\":\"search_term_string\"}}],\"inLanguage\":\"en-GB\"},{\"@type\":\"Organization\",\"@id\":\"https:\\\/\\\/aktuelles.uni-frankfurt.de\\\/#organization\",\"name\":\"Goethe-Universit\u00e4t\",\"url\":\"https:\\\/\\\/aktuelles.uni-frankfurt.de\\\/\",\"logo\":{\"@type\":\"ImageObject\",\"inLanguage\":\"en-GB\",\"@id\":\"https:\\\/\\\/aktuelles.uni-frankfurt.de\\\/#\\\/schema\\\/logo\\\/image\\\/\",\"url\":\"https:\\\/\\\/aktuelles.uni-frankfurt.de\\\/wp-content\\\/uploads\\\/2022\\\/03\\\/800px-Goethe-Logo.png\",\"contentUrl\":\"https:\\\/\\\/aktuelles.uni-frankfurt.de\\\/wp-content\\\/uploads\\\/2022\\\/03\\\/800px-Goethe-Logo.png\",\"width\":800,\"height\":436,\"caption\":\"Goethe-Universit\u00e4t\"},\"image\":{\"@id\":\"https:\\\/\\\/aktuelles.uni-frankfurt.de\\\/#\\\/schema\\\/logo\\\/image\\\/\"}},{\"@type\":\"Person\",\"@id\":\"https:\\\/\\\/aktuelles.uni-frankfurt.de\\\/#\\\/schema\\\/person\\\/8e55ea338fb65d1ce87a91565d1f1739\",\"name\":\"-\",\"description\":\"Dieser Beitrag wurde von der Online-Redaktion ver\u00f6ffentlicht. Wenn der Beitrag von einem Gastautoren verfasst wurde, findet sich dieser Hinweis am Ende des jeweiligen Artikels.\",\"sameAs\":[\"http:\\\/\\\/aktuelles.uni-frankfurt.de\\\/autoren\"],\"url\":\"https:\\\/\\\/aktuelles.uni-frankfurt.de\\\/en\\\/author\\\/redaktion\\\/\"}]}<\/script>\n<!-- \/ Yoast SEO plugin. -->","yoast_head_json":{"title":"17. Januar: \u201cNeue Impulse f\u00fcr die Eurozone? Zwischen Reformnotwendigkeit und Politischer Akzeptanz\u201d | Aktuelles aus der Goethe-Universit\u00e4t Frankfurt","robots":{"index":"index","follow":"follow","max-snippet":"max-snippet:-1","max-image-preview":"max-image-preview:large","max-video-preview":"max-video-preview:-1"},"canonical":"https:\/\/aktuelles.uni-frankfurt.de\/en\/veranstaltungen\/17-januar-neue-impulse-fuer-die-eurozone-zwischen-reformnotwendigkeit-und-politischer-akzeptanz\/","og_locale":"en_GB","og_type":"article","og_title":"17. Januar: \u201cNeue Impulse f\u00fcr die Eurozone? Zwischen Reformnotwendigkeit und Politischer Akzeptanz\u201d | Aktuelles aus der Goethe-Universit\u00e4t Frankfurt","og_description":"Europa sieht sich zahlreichen Herausforderungen gegen\u00fcber, etwa im Bereich der Wirtschafts- und W\u00e4hrungsunion. Podiumsg\u00e4ste aus Wissenschaft, Praxis und Gesellschaft diskutieren Perspektiven f\u00fcr die Eurozone: Welche Reformen sind notwendig, um Funktionsf\u00e4higkeit [&hellip;]","og_url":"https:\/\/aktuelles.uni-frankfurt.de\/en\/veranstaltungen\/17-januar-neue-impulse-fuer-die-eurozone-zwischen-reformnotwendigkeit-und-politischer-akzeptanz\/","og_site_name":"Aktuelles aus der Goethe-Universit\u00e4t Frankfurt","article_published_time":"2018-01-12T11:01:01+00:00","article_modified_time":"2018-01-12T12:53:09+00:00","og_image":[{"url":"https:\/\/aktuelles.uni-frankfurt.de\/wp-content\/uploads\/2017\/10\/blog_events_Zukunft-Eurozone.jpg","type":"","width":"","height":""}],"author":"-","twitter_card":"summary_large_image","twitter_misc":{"Written by":"-","Estimated reading time":"1 minute"},"schema":{"@context":"https:\/\/schema.org","@graph":[{"@type":"Article","@id":"https:\/\/aktuelles.uni-frankfurt.de\/veranstaltungen\/17-januar-neue-impulse-fuer-die-eurozone-zwischen-reformnotwendigkeit-und-politischer-akzeptanz\/#article","isPartOf":{"@id":"https:\/\/aktuelles.uni-frankfurt.de\/veranstaltungen\/17-januar-neue-impulse-fuer-die-eurozone-zwischen-reformnotwendigkeit-und-politischer-akzeptanz\/"},"author":{"name":"-","@id":"https:\/\/aktuelles.uni-frankfurt.de\/#\/schema\/person\/8e55ea338fb65d1ce87a91565d1f1739"},"headline":"17. Januar: \u201cNeue Impulse f\u00fcr die Eurozone? Zwischen Reformnotwendigkeit und Politischer Akzeptanz\u201d","datePublished":"2018-01-12T11:01:01+00:00","dateModified":"2018-01-12T12:53:09+00:00","mainEntityOfPage":{"@id":"https:\/\/aktuelles.uni-frankfurt.de\/veranstaltungen\/17-januar-neue-impulse-fuer-die-eurozone-zwischen-reformnotwendigkeit-und-politischer-akzeptanz\/"},"wordCount":309,"publisher":{"@id":"https:\/\/aktuelles.uni-frankfurt.de\/#organization"},"image":{"@id":"https:\/\/aktuelles.uni-frankfurt.de\/veranstaltungen\/17-januar-neue-impulse-fuer-die-eurozone-zwischen-reformnotwendigkeit-und-politischer-akzeptanz\/#primaryimage"},"thumbnailUrl":"https:\/\/aktuelles.uni-frankfurt.de\/wp-content\/uploads\/2017\/10\/blog_events_Zukunft-Eurozone.jpg","keywords":["Gesellschaftswissenschaften","Wirtschaftswissenschaften"],"articleSection":["Veranstaltungen"],"inLanguage":"en-GB"},{"@type":"WebPage","@id":"https:\/\/aktuelles.uni-frankfurt.de\/veranstaltungen\/17-januar-neue-impulse-fuer-die-eurozone-zwischen-reformnotwendigkeit-und-politischer-akzeptanz\/","url":"https:\/\/aktuelles.uni-frankfurt.de\/veranstaltungen\/17-januar-neue-impulse-fuer-die-eurozone-zwischen-reformnotwendigkeit-und-politischer-akzeptanz\/","name":"17. Januar: \u201cNeue Impulse f\u00fcr die Eurozone? Zwischen Reformnotwendigkeit und Politischer Akzeptanz\u201d | Aktuelles aus der Goethe-Universit\u00e4t Frankfurt","isPartOf":{"@id":"https:\/\/aktuelles.uni-frankfurt.de\/#website"},"primaryImageOfPage":{"@id":"https:\/\/aktuelles.uni-frankfurt.de\/veranstaltungen\/17-januar-neue-impulse-fuer-die-eurozone-zwischen-reformnotwendigkeit-und-politischer-akzeptanz\/#primaryimage"},"image":{"@id":"https:\/\/aktuelles.uni-frankfurt.de\/veranstaltungen\/17-januar-neue-impulse-fuer-die-eurozone-zwischen-reformnotwendigkeit-und-politischer-akzeptanz\/#primaryimage"},"thumbnailUrl":"https:\/\/aktuelles.uni-frankfurt.de\/wp-content\/uploads\/2017\/10\/blog_events_Zukunft-Eurozone.jpg","datePublished":"2018-01-12T11:01:01+00:00","dateModified":"2018-01-12T12:53:09+00:00","breadcrumb":{"@id":"https:\/\/aktuelles.uni-frankfurt.de\/veranstaltungen\/17-januar-neue-impulse-fuer-die-eurozone-zwischen-reformnotwendigkeit-und-politischer-akzeptanz\/#breadcrumb"},"inLanguage":"en-GB","potentialAction":[{"@type":"ReadAction","target":["https:\/\/aktuelles.uni-frankfurt.de\/veranstaltungen\/17-januar-neue-impulse-fuer-die-eurozone-zwischen-reformnotwendigkeit-und-politischer-akzeptanz\/"]}]},{"@type":"ImageObject","inLanguage":"en-GB","@id":"https:\/\/aktuelles.uni-frankfurt.de\/veranstaltungen\/17-januar-neue-impulse-fuer-die-eurozone-zwischen-reformnotwendigkeit-und-politischer-akzeptanz\/#primaryimage","url":"https:\/\/aktuelles.uni-frankfurt.de\/wp-content\/uploads\/2017\/10\/blog_events_Zukunft-Eurozone.jpg","contentUrl":"https:\/\/aktuelles.uni-frankfurt.de\/wp-content\/uploads\/2017\/10\/blog_events_Zukunft-Eurozone.jpg"},{"@type":"BreadcrumbList","@id":"https:\/\/aktuelles.uni-frankfurt.de\/veranstaltungen\/17-januar-neue-impulse-fuer-die-eurozone-zwischen-reformnotwendigkeit-und-politischer-akzeptanz\/#breadcrumb","itemListElement":[{"@type":"ListItem","position":1,"name":"Startseite","item":"https:\/\/aktuelles.uni-frankfurt.de\/"},{"@type":"ListItem","position":2,"name":"17. Januar: \u201cNeue Impulse f\u00fcr die Eurozone? Zwischen Reformnotwendigkeit und Politischer Akzeptanz\u201d"}]},{"@type":"WebSite","@id":"https:\/\/aktuelles.uni-frankfurt.de\/#website","url":"https:\/\/aktuelles.uni-frankfurt.de\/","name":"Aktuelles aus der Goethe-Universit\u00e4t Frankfurt","description":"Aktuelles aus der Goethe-Universit\u00e4t | Neues aus Forschung, Lehre, Studium","publisher":{"@id":"https:\/\/aktuelles.uni-frankfurt.de\/#organization"},"potentialAction":[{"@type":"SearchAction","target":{"@type":"EntryPoint","urlTemplate":"https:\/\/aktuelles.uni-frankfurt.de\/?s={search_term_string}"},"query-input":{"@type":"PropertyValueSpecification","valueRequired":true,"valueName":"search_term_string"}}],"inLanguage":"en-GB"},{"@type":"Organization","@id":"https:\/\/aktuelles.uni-frankfurt.de\/#organization","name":"Goethe University Frankfurt","url":"https:\/\/aktuelles.uni-frankfurt.de\/","logo":{"@type":"ImageObject","inLanguage":"en-GB","@id":"https:\/\/aktuelles.uni-frankfurt.de\/#\/schema\/logo\/image\/","url":"https:\/\/aktuelles.uni-frankfurt.de\/wp-content\/uploads\/2022\/03\/800px-Goethe-Logo.png","contentUrl":"https:\/\/aktuelles.uni-frankfurt.de\/wp-content\/uploads\/2022\/03\/800px-Goethe-Logo.png","width":800,"height":436,"caption":"Goethe-Universit\u00e4t"},"image":{"@id":"https:\/\/aktuelles.uni-frankfurt.de\/#\/schema\/logo\/image\/"}},{"@type":"Person","@id":"https:\/\/aktuelles.uni-frankfurt.de\/#\/schema\/person\/8e55ea338fb65d1ce87a91565d1f1739","name":"-","description":"Dieser Beitrag wurde von der Online-Redaktion ver\u00f6ffentlicht. Wenn der Beitrag von einem Gastautoren verfasst wurde, findet sich dieser Hinweis am Ende des jeweiligen Artikels.","sameAs":["http:\/\/aktuelles.uni-frankfurt.de\/autoren"],"url":"https:\/\/aktuelles.uni-frankfurt.de\/en\/author\/redaktion\/"}]}},"_links":{"self":[{"href":"https:\/\/aktuelles.uni-frankfurt.de\/en\/wp-json\/wp\/v2\/posts\/24474","targetHints":{"allow":["GET"]}}],"collection":[{"href":"https:\/\/aktuelles.uni-frankfurt.de\/en\/wp-json\/wp\/v2\/posts"}],"about":[{"href":"https:\/\/aktuelles.uni-frankfurt.de\/en\/wp-json\/wp\/v2\/types\/post"}],"author":[{"embeddable":true,"href":"https:\/\/aktuelles.uni-frankfurt.de\/en\/wp-json\/wp\/v2\/users\/8"}],"replies":[{"embeddable":true,"href":"https:\/\/aktuelles.uni-frankfurt.de\/en\/wp-json\/wp\/v2\/comments?post=24474"}],"version-history":[{"count":0,"href":"https:\/\/aktuelles.uni-frankfurt.de\/en\/wp-json\/wp\/v2\/posts\/24474\/revisions"}],"wp:attachment":[{"href":"https:\/\/aktuelles.uni-frankfurt.de\/en\/wp-json\/wp\/v2\/media?parent=24474"}],"wp:term":[{"taxonomy":"category","embeddable":true,"href":"https:\/\/aktuelles.uni-frankfurt.de\/en\/wp-json\/wp\/v2\/categories?post=24474"},{"taxonomy":"post_tag","embeddable":true,"href":"https:\/\/aktuelles.uni-frankfurt.de\/en\/wp-json\/wp\/v2\/tags?post=24474"},{"taxonomy":"post_folder","embeddable":true,"href":"https:\/\/aktuelles.uni-frankfurt.de\/en\/wp-json\/wp\/v2\/post_folder?post=24474"}],"curies":[{"name":"wp","href":"https:\/\/api.w.org\/{rel}","templated":true}]}}