{"id":24685,"date":"2018-01-19T13:23:25","date_gmt":"2018-01-19T12:23:25","guid":{"rendered":"https:\/\/aktuelles.uni-frankfurt.de\/?p=24685"},"modified":"2018-01-19T13:23:25","modified_gmt":"2018-01-19T12:23:25","slug":"24-1-vortrag-psychische-funktionstuechtigkeit-als-schluessel-fuer-gelingende-gesellschaften","status":"publish","type":"post","link":"https:\/\/aktuelles.uni-frankfurt.de\/en\/veranstaltungen\/24-1-vortrag-psychische-funktionstuechtigkeit-als-schluessel-fuer-gelingende-gesellschaften\/","title":{"rendered":"24.1., Vortrag \/ Psychische Funktionst\u00fcchtigkeit als Schl\u00fcssel f\u00fcr gelingende Gesellschaften"},"content":{"rendered":"<p>Was richtet Gewalt mit dem Menschen und seiner Psyche an? Traumatische Erfahrungen ver\u00e4ndern das Wesen jedes einzelnen. Sie werden nicht nur vom Gehirn gespeichert, sondern mobilisieren den Organismus auch f\u00fcr k\u00fcnftige Gefahren. Mit zunehmender Belastung allerdings, kann sich der Menschen von dem erfahrenen Leid nicht mehr erholen. Es kommt zu seelischem Schmerz und Funktionsverlust.<\/p>\n<p>\u00dcber die psychische Verarbeitung von Traumata und deren Auswirkung auf das allgemeine Zusammenleben spricht der Neuropsychologe Prof. Thomas Elbert in seinem Vortrag \u201eIm Jahrhundert der Migration. Psychische Funktionst\u00fcchtigkeit als Schl\u00fcssel f\u00fcr gelingende Gesellschaften\u201c am 24. Januar 2018 um 18.00 Uhr im Anbau Casino Saal West, Campus Westend.<\/p>\n<p>https:\/\/aktuelles.uni-frankfurt.de\/event\/psychische-funktionstuechtigkeit-als-schluessel-fuer-gelingende-gesellschaften\/<\/p>\n<p>Dieser findet statt im Rahmen der interdisziplin\u00e4ren Vortragsreihe \u201eGesellschaft in Bewegung: Interdisziplin\u00e4re Perspektiven auf Flucht und Migration\u201c. Sie wird veranstaltet von den Fachbereichen Erziehungswissenschaften, Gesellschaftswissenschaften und Psychologie sowie der Akademie f\u00fcr Bildungsforschung und Lehrerbildung an der Goethe-Universit\u00e4t und durch die Stiftungsgastprofessur \u201eWissenschaft und Gesellschaft\u201c der Deutsche Bank AG finanziert. Die Moderation an diesem Abend \u00fcbernimmt Prof. Ulrich Stangier, Goethe-Universit\u00e4t.<\/p>\n<p>Prof. Thomas Elbert hat die Narrative Expositionstherapie zur Reduzierung traumatischer Stresssymptome mitentwickelt. Darin erstellt der Patient einen chronologischen Bericht \u00fcber seine Lebensgeschichte, insbesondere \u00fcber lebensbedrohende Erfahrungen. Die Erinnerungen werden dabei auf einer kognitiven, emotionalen und sensorischen Ebene psychisch und physisch durchlebt. Im Anschluss arbeitet der Psychologe gemeinsam mit dem Patienten dessen Biografie auf.<\/p>\n<p>Prof. Dr. Thomas Elbert studierte Psychologie, Mathematik und Physik. 1978 wurde er in T\u00fcbingen promoviert, wo er (unterbrochen von Gastprofessuren an der Pennsylvania State University und an der Universit\u00e4t Stanford) bis 1989 lehrte. Danach leitete er als Professor an der Universit\u00e4t M\u00fcnster eine Forschungsgruppe im neurowissenschaftlichen Bereich. Seit 1995 ist er Professor f\u00fcr Klinische Psychologie und Verhaltensneurowissenschaften an der Universit\u00e4t Konstanz. Als Vorstandsmitglied der Nicht-Regierungs-Organisation &#8222;vivo&#8220; (Victims Voice) ist Elbert weltweit in Kriegs- und Krisengebieten t\u00e4tig.<\/p>\n<h3>Termine und Themen im \u00dcberblick:<\/h3>\n<p>https:\/\/aktuelles.uni-frankfurt.de\/event\/trauma-in-a-cross-cultural-perspective\/<\/p>\n<p>https:\/\/aktuelles.uni-frankfurt.de\/event\/migration-im-verlauf-der-schulbiografie\/<\/p>\n<p>https:\/\/aktuelles.uni-frankfurt.de\/event\/empowering-first-generation-college-students-to-succeed\/<\/p>\n<p><strong><em>Beginn jeweils um 18 Uhr. F\u00fcr die Vortr\u00e4ge in englischer Sprache werden Zusammenfassungen in deutscher Sprache bereit gelegt. Alle Veranstaltungen finden im Anbau Casino Saal West, Campus Westend, statt.<\/em><\/strong><\/p>","protected":false},"excerpt":{"rendered":"<p>Was richtet Gewalt mit dem Menschen und seiner Psyche an? Traumatische Erfahrungen ver\u00e4ndern das Wesen jedes einzelnen. Sie werden nicht nur vom Gehirn gespeichert, sondern mobilisieren den Organismus auch f\u00fcr [&hellip;]<\/p>\n","protected":false},"author":8,"featured_media":22934,"comment_status":"closed","ping_status":"closed","sticky":false,"template":"","format":"standard","meta":{"_eb_attr":"","_price":"","_stock":"","_tribe_ticket_header":"","_tribe_default_ticket_provider":"","_ticket_start_date":"","_ticket_end_date":"","_tribe_ticket_show_description":"","_tribe_ticket_show_not_going":false,"_tribe_ticket_use_global_stock":"","_tribe_ticket_global_stock_level":"","_global_stock_mode":"","_global_stock_cap":"","_tribe_rsvp_for_event":"","_tribe_ticket_going_count":"","_tribe_ticket_not_going_count":"","_tribe_tickets_list":"[]","_tribe_ticket_has_attendee_info_fields":false,"footnotes":""},"categories":[12],"tags":[51,48,50],"post_folder":[],"class_list":["post-24685","post","type-post","status-publish","format-standard","has-post-thumbnail","hentry","category-veranstaltungen","tag-erziehungswissenschaften","tag-gesellschaftswissenschaften","tag-psychologie"],"yoast_head":"<!-- This site is optimized with the Yoast SEO plugin v27.5 - https:\/\/yoast.com\/product\/yoast-seo-wordpress\/ -->\n<title>24.1., Vortrag \/ Psychische Funktionst\u00fcchtigkeit als Schl\u00fcssel f\u00fcr gelingende Gesellschaften | Aktuelles aus der Goethe-Universit\u00e4t Frankfurt<\/title>\n<meta name=\"robots\" content=\"index, follow, max-snippet:-1, max-image-preview:large, max-video-preview:-1\" \/>\n<link rel=\"canonical\" href=\"https:\/\/aktuelles.uni-frankfurt.de\/en\/veranstaltungen\/24-1-vortrag-psychische-funktionstuechtigkeit-als-schluessel-fuer-gelingende-gesellschaften\/\" \/>\n<meta property=\"og:locale\" content=\"en_GB\" \/>\n<meta property=\"og:type\" content=\"article\" \/>\n<meta property=\"og:title\" content=\"24.1., Vortrag \/ Psychische Funktionst\u00fcchtigkeit als Schl\u00fcssel f\u00fcr gelingende Gesellschaften | Aktuelles aus der Goethe-Universit\u00e4t Frankfurt\" \/>\n<meta property=\"og:description\" content=\"Was richtet Gewalt mit dem Menschen und seiner Psyche an? Traumatische Erfahrungen ver\u00e4ndern das Wesen jedes einzelnen. Sie werden nicht nur vom Gehirn gespeichert, sondern mobilisieren den Organismus auch f\u00fcr [&hellip;]\" \/>\n<meta property=\"og:url\" content=\"https:\/\/aktuelles.uni-frankfurt.de\/en\/veranstaltungen\/24-1-vortrag-psychische-funktionstuechtigkeit-als-schluessel-fuer-gelingende-gesellschaften\/\" \/>\n<meta property=\"og:site_name\" content=\"Aktuelles aus der Goethe-Universit\u00e4t Frankfurt\" \/>\n<meta property=\"article:published_time\" content=\"2018-01-19T12:23:25+00:00\" \/>\n<meta property=\"og:image\" content=\"https:\/\/aktuelles.uni-frankfurt.de\/wp-content\/uploads\/2017\/11\/blog_GesellschaftInBewegung.jpg\" \/>\n\t<meta property=\"og:image:width\" content=\"650\" \/>\n\t<meta property=\"og:image:height\" content=\"450\" \/>\n\t<meta property=\"og:image:type\" content=\"image\/jpeg\" \/>\n<meta name=\"author\" content=\"-\" \/>\n<meta name=\"twitter:card\" content=\"summary_large_image\" \/>\n<meta name=\"twitter:label1\" content=\"Written by\" \/>\n\t<meta name=\"twitter:data1\" content=\"-\" \/>\n\t<meta name=\"twitter:label2\" content=\"Estimated reading time\" \/>\n\t<meta name=\"twitter:data2\" content=\"2 minutes\" \/>\n<script type=\"application\/ld+json\" class=\"yoast-schema-graph\">{\"@context\":\"https:\\\/\\\/schema.org\",\"@graph\":[{\"@type\":\"Article\",\"@id\":\"https:\\\/\\\/aktuelles.uni-frankfurt.de\\\/veranstaltungen\\\/24-1-vortrag-psychische-funktionstuechtigkeit-als-schluessel-fuer-gelingende-gesellschaften\\\/#article\",\"isPartOf\":{\"@id\":\"https:\\\/\\\/aktuelles.uni-frankfurt.de\\\/veranstaltungen\\\/24-1-vortrag-psychische-funktionstuechtigkeit-als-schluessel-fuer-gelingende-gesellschaften\\\/\"},\"author\":{\"name\":\"-\",\"@id\":\"https:\\\/\\\/aktuelles.uni-frankfurt.de\\\/#\\\/schema\\\/person\\\/8e55ea338fb65d1ce87a91565d1f1739\"},\"headline\":\"24.1., Vortrag \\\/ Psychische Funktionst\u00fcchtigkeit als Schl\u00fcssel f\u00fcr gelingende Gesellschaften\",\"datePublished\":\"2018-01-19T12:23:25+00:00\",\"mainEntityOfPage\":{\"@id\":\"https:\\\/\\\/aktuelles.uni-frankfurt.de\\\/veranstaltungen\\\/24-1-vortrag-psychische-funktionstuechtigkeit-als-schluessel-fuer-gelingende-gesellschaften\\\/\"},\"wordCount\":371,\"publisher\":{\"@id\":\"https:\\\/\\\/aktuelles.uni-frankfurt.de\\\/#organization\"},\"image\":{\"@id\":\"https:\\\/\\\/aktuelles.uni-frankfurt.de\\\/veranstaltungen\\\/24-1-vortrag-psychische-funktionstuechtigkeit-als-schluessel-fuer-gelingende-gesellschaften\\\/#primaryimage\"},\"thumbnailUrl\":\"https:\\\/\\\/aktuelles.uni-frankfurt.de\\\/wp-content\\\/uploads\\\/2017\\\/11\\\/blog_GesellschaftInBewegung.jpg\",\"keywords\":[\"Erziehungswissenschaften\",\"Gesellschaftswissenschaften\",\"Psychologie\"],\"articleSection\":[\"Veranstaltungen\"],\"inLanguage\":\"en-GB\"},{\"@type\":\"WebPage\",\"@id\":\"https:\\\/\\\/aktuelles.uni-frankfurt.de\\\/veranstaltungen\\\/24-1-vortrag-psychische-funktionstuechtigkeit-als-schluessel-fuer-gelingende-gesellschaften\\\/\",\"url\":\"https:\\\/\\\/aktuelles.uni-frankfurt.de\\\/veranstaltungen\\\/24-1-vortrag-psychische-funktionstuechtigkeit-als-schluessel-fuer-gelingende-gesellschaften\\\/\",\"name\":\"24.1., Vortrag \\\/ Psychische Funktionst\u00fcchtigkeit als Schl\u00fcssel f\u00fcr gelingende Gesellschaften | Aktuelles aus der Goethe-Universit\u00e4t Frankfurt\",\"isPartOf\":{\"@id\":\"https:\\\/\\\/aktuelles.uni-frankfurt.de\\\/#website\"},\"primaryImageOfPage\":{\"@id\":\"https:\\\/\\\/aktuelles.uni-frankfurt.de\\\/veranstaltungen\\\/24-1-vortrag-psychische-funktionstuechtigkeit-als-schluessel-fuer-gelingende-gesellschaften\\\/#primaryimage\"},\"image\":{\"@id\":\"https:\\\/\\\/aktuelles.uni-frankfurt.de\\\/veranstaltungen\\\/24-1-vortrag-psychische-funktionstuechtigkeit-als-schluessel-fuer-gelingende-gesellschaften\\\/#primaryimage\"},\"thumbnailUrl\":\"https:\\\/\\\/aktuelles.uni-frankfurt.de\\\/wp-content\\\/uploads\\\/2017\\\/11\\\/blog_GesellschaftInBewegung.jpg\",\"datePublished\":\"2018-01-19T12:23:25+00:00\",\"breadcrumb\":{\"@id\":\"https:\\\/\\\/aktuelles.uni-frankfurt.de\\\/veranstaltungen\\\/24-1-vortrag-psychische-funktionstuechtigkeit-als-schluessel-fuer-gelingende-gesellschaften\\\/#breadcrumb\"},\"inLanguage\":\"en-GB\",\"potentialAction\":[{\"@type\":\"ReadAction\",\"target\":[\"https:\\\/\\\/aktuelles.uni-frankfurt.de\\\/veranstaltungen\\\/24-1-vortrag-psychische-funktionstuechtigkeit-als-schluessel-fuer-gelingende-gesellschaften\\\/\"]}]},{\"@type\":\"ImageObject\",\"inLanguage\":\"en-GB\",\"@id\":\"https:\\\/\\\/aktuelles.uni-frankfurt.de\\\/veranstaltungen\\\/24-1-vortrag-psychische-funktionstuechtigkeit-als-schluessel-fuer-gelingende-gesellschaften\\\/#primaryimage\",\"url\":\"https:\\\/\\\/aktuelles.uni-frankfurt.de\\\/wp-content\\\/uploads\\\/2017\\\/11\\\/blog_GesellschaftInBewegung.jpg\",\"contentUrl\":\"https:\\\/\\\/aktuelles.uni-frankfurt.de\\\/wp-content\\\/uploads\\\/2017\\\/11\\\/blog_GesellschaftInBewegung.jpg\",\"width\":650,\"height\":450},{\"@type\":\"BreadcrumbList\",\"@id\":\"https:\\\/\\\/aktuelles.uni-frankfurt.de\\\/veranstaltungen\\\/24-1-vortrag-psychische-funktionstuechtigkeit-als-schluessel-fuer-gelingende-gesellschaften\\\/#breadcrumb\",\"itemListElement\":[{\"@type\":\"ListItem\",\"position\":1,\"name\":\"Startseite\",\"item\":\"https:\\\/\\\/aktuelles.uni-frankfurt.de\\\/\"},{\"@type\":\"ListItem\",\"position\":2,\"name\":\"24.1., Vortrag \\\/ Psychische Funktionst\u00fcchtigkeit als Schl\u00fcssel f\u00fcr gelingende Gesellschaften\"}]},{\"@type\":\"WebSite\",\"@id\":\"https:\\\/\\\/aktuelles.uni-frankfurt.de\\\/#website\",\"url\":\"https:\\\/\\\/aktuelles.uni-frankfurt.de\\\/\",\"name\":\"Aktuelles aus der Goethe-Universit\u00e4t Frankfurt\",\"description\":\"Aktuelles aus der Goethe-Universit\u00e4t | Neues aus Forschung, Lehre, Studium\",\"publisher\":{\"@id\":\"https:\\\/\\\/aktuelles.uni-frankfurt.de\\\/#organization\"},\"potentialAction\":[{\"@type\":\"SearchAction\",\"target\":{\"@type\":\"EntryPoint\",\"urlTemplate\":\"https:\\\/\\\/aktuelles.uni-frankfurt.de\\\/?s={search_term_string}\"},\"query-input\":{\"@type\":\"PropertyValueSpecification\",\"valueRequired\":true,\"valueName\":\"search_term_string\"}}],\"inLanguage\":\"en-GB\"},{\"@type\":\"Organization\",\"@id\":\"https:\\\/\\\/aktuelles.uni-frankfurt.de\\\/#organization\",\"name\":\"Goethe-Universit\u00e4t\",\"url\":\"https:\\\/\\\/aktuelles.uni-frankfurt.de\\\/\",\"logo\":{\"@type\":\"ImageObject\",\"inLanguage\":\"en-GB\",\"@id\":\"https:\\\/\\\/aktuelles.uni-frankfurt.de\\\/#\\\/schema\\\/logo\\\/image\\\/\",\"url\":\"https:\\\/\\\/aktuelles.uni-frankfurt.de\\\/wp-content\\\/uploads\\\/2022\\\/03\\\/800px-Goethe-Logo.png\",\"contentUrl\":\"https:\\\/\\\/aktuelles.uni-frankfurt.de\\\/wp-content\\\/uploads\\\/2022\\\/03\\\/800px-Goethe-Logo.png\",\"width\":800,\"height\":436,\"caption\":\"Goethe-Universit\u00e4t\"},\"image\":{\"@id\":\"https:\\\/\\\/aktuelles.uni-frankfurt.de\\\/#\\\/schema\\\/logo\\\/image\\\/\"}},{\"@type\":\"Person\",\"@id\":\"https:\\\/\\\/aktuelles.uni-frankfurt.de\\\/#\\\/schema\\\/person\\\/8e55ea338fb65d1ce87a91565d1f1739\",\"name\":\"-\",\"description\":\"Dieser Beitrag wurde von der Online-Redaktion ver\u00f6ffentlicht. Wenn der Beitrag von einem Gastautoren verfasst wurde, findet sich dieser Hinweis am Ende des jeweiligen Artikels.\",\"sameAs\":[\"http:\\\/\\\/aktuelles.uni-frankfurt.de\\\/autoren\"],\"url\":\"https:\\\/\\\/aktuelles.uni-frankfurt.de\\\/en\\\/author\\\/redaktion\\\/\"}]}<\/script>\n<!-- \/ Yoast SEO plugin. -->","yoast_head_json":{"title":"24.1., Vortrag \/ Psychische Funktionst\u00fcchtigkeit als Schl\u00fcssel f\u00fcr gelingende Gesellschaften | Aktuelles aus der Goethe-Universit\u00e4t Frankfurt","robots":{"index":"index","follow":"follow","max-snippet":"max-snippet:-1","max-image-preview":"max-image-preview:large","max-video-preview":"max-video-preview:-1"},"canonical":"https:\/\/aktuelles.uni-frankfurt.de\/en\/veranstaltungen\/24-1-vortrag-psychische-funktionstuechtigkeit-als-schluessel-fuer-gelingende-gesellschaften\/","og_locale":"en_GB","og_type":"article","og_title":"24.1., Vortrag \/ Psychische Funktionst\u00fcchtigkeit als Schl\u00fcssel f\u00fcr gelingende Gesellschaften | Aktuelles aus der Goethe-Universit\u00e4t Frankfurt","og_description":"Was richtet Gewalt mit dem Menschen und seiner Psyche an? Traumatische Erfahrungen ver\u00e4ndern das Wesen jedes einzelnen. Sie werden nicht nur vom Gehirn gespeichert, sondern mobilisieren den Organismus auch f\u00fcr [&hellip;]","og_url":"https:\/\/aktuelles.uni-frankfurt.de\/en\/veranstaltungen\/24-1-vortrag-psychische-funktionstuechtigkeit-als-schluessel-fuer-gelingende-gesellschaften\/","og_site_name":"Aktuelles aus der Goethe-Universit\u00e4t Frankfurt","article_published_time":"2018-01-19T12:23:25+00:00","og_image":[{"width":650,"height":450,"url":"https:\/\/aktuelles.uni-frankfurt.de\/wp-content\/uploads\/2017\/11\/blog_GesellschaftInBewegung.jpg","type":"image\/jpeg"}],"author":"-","twitter_card":"summary_large_image","twitter_misc":{"Written by":"-","Estimated reading time":"2 minutes"},"schema":{"@context":"https:\/\/schema.org","@graph":[{"@type":"Article","@id":"https:\/\/aktuelles.uni-frankfurt.de\/veranstaltungen\/24-1-vortrag-psychische-funktionstuechtigkeit-als-schluessel-fuer-gelingende-gesellschaften\/#article","isPartOf":{"@id":"https:\/\/aktuelles.uni-frankfurt.de\/veranstaltungen\/24-1-vortrag-psychische-funktionstuechtigkeit-als-schluessel-fuer-gelingende-gesellschaften\/"},"author":{"name":"-","@id":"https:\/\/aktuelles.uni-frankfurt.de\/#\/schema\/person\/8e55ea338fb65d1ce87a91565d1f1739"},"headline":"24.1., Vortrag \/ Psychische Funktionst\u00fcchtigkeit als Schl\u00fcssel f\u00fcr gelingende Gesellschaften","datePublished":"2018-01-19T12:23:25+00:00","mainEntityOfPage":{"@id":"https:\/\/aktuelles.uni-frankfurt.de\/veranstaltungen\/24-1-vortrag-psychische-funktionstuechtigkeit-als-schluessel-fuer-gelingende-gesellschaften\/"},"wordCount":371,"publisher":{"@id":"https:\/\/aktuelles.uni-frankfurt.de\/#organization"},"image":{"@id":"https:\/\/aktuelles.uni-frankfurt.de\/veranstaltungen\/24-1-vortrag-psychische-funktionstuechtigkeit-als-schluessel-fuer-gelingende-gesellschaften\/#primaryimage"},"thumbnailUrl":"https:\/\/aktuelles.uni-frankfurt.de\/wp-content\/uploads\/2017\/11\/blog_GesellschaftInBewegung.jpg","keywords":["Erziehungswissenschaften","Gesellschaftswissenschaften","Psychologie"],"articleSection":["Veranstaltungen"],"inLanguage":"en-GB"},{"@type":"WebPage","@id":"https:\/\/aktuelles.uni-frankfurt.de\/veranstaltungen\/24-1-vortrag-psychische-funktionstuechtigkeit-als-schluessel-fuer-gelingende-gesellschaften\/","url":"https:\/\/aktuelles.uni-frankfurt.de\/veranstaltungen\/24-1-vortrag-psychische-funktionstuechtigkeit-als-schluessel-fuer-gelingende-gesellschaften\/","name":"24.1., Vortrag \/ Psychische Funktionst\u00fcchtigkeit als Schl\u00fcssel f\u00fcr gelingende Gesellschaften | Aktuelles aus der Goethe-Universit\u00e4t Frankfurt","isPartOf":{"@id":"https:\/\/aktuelles.uni-frankfurt.de\/#website"},"primaryImageOfPage":{"@id":"https:\/\/aktuelles.uni-frankfurt.de\/veranstaltungen\/24-1-vortrag-psychische-funktionstuechtigkeit-als-schluessel-fuer-gelingende-gesellschaften\/#primaryimage"},"image":{"@id":"https:\/\/aktuelles.uni-frankfurt.de\/veranstaltungen\/24-1-vortrag-psychische-funktionstuechtigkeit-als-schluessel-fuer-gelingende-gesellschaften\/#primaryimage"},"thumbnailUrl":"https:\/\/aktuelles.uni-frankfurt.de\/wp-content\/uploads\/2017\/11\/blog_GesellschaftInBewegung.jpg","datePublished":"2018-01-19T12:23:25+00:00","breadcrumb":{"@id":"https:\/\/aktuelles.uni-frankfurt.de\/veranstaltungen\/24-1-vortrag-psychische-funktionstuechtigkeit-als-schluessel-fuer-gelingende-gesellschaften\/#breadcrumb"},"inLanguage":"en-GB","potentialAction":[{"@type":"ReadAction","target":["https:\/\/aktuelles.uni-frankfurt.de\/veranstaltungen\/24-1-vortrag-psychische-funktionstuechtigkeit-als-schluessel-fuer-gelingende-gesellschaften\/"]}]},{"@type":"ImageObject","inLanguage":"en-GB","@id":"https:\/\/aktuelles.uni-frankfurt.de\/veranstaltungen\/24-1-vortrag-psychische-funktionstuechtigkeit-als-schluessel-fuer-gelingende-gesellschaften\/#primaryimage","url":"https:\/\/aktuelles.uni-frankfurt.de\/wp-content\/uploads\/2017\/11\/blog_GesellschaftInBewegung.jpg","contentUrl":"https:\/\/aktuelles.uni-frankfurt.de\/wp-content\/uploads\/2017\/11\/blog_GesellschaftInBewegung.jpg","width":650,"height":450},{"@type":"BreadcrumbList","@id":"https:\/\/aktuelles.uni-frankfurt.de\/veranstaltungen\/24-1-vortrag-psychische-funktionstuechtigkeit-als-schluessel-fuer-gelingende-gesellschaften\/#breadcrumb","itemListElement":[{"@type":"ListItem","position":1,"name":"Startseite","item":"https:\/\/aktuelles.uni-frankfurt.de\/"},{"@type":"ListItem","position":2,"name":"24.1., Vortrag \/ Psychische Funktionst\u00fcchtigkeit als Schl\u00fcssel f\u00fcr gelingende Gesellschaften"}]},{"@type":"WebSite","@id":"https:\/\/aktuelles.uni-frankfurt.de\/#website","url":"https:\/\/aktuelles.uni-frankfurt.de\/","name":"Aktuelles aus der Goethe-Universit\u00e4t Frankfurt","description":"Aktuelles aus der Goethe-Universit\u00e4t | Neues aus Forschung, Lehre, Studium","publisher":{"@id":"https:\/\/aktuelles.uni-frankfurt.de\/#organization"},"potentialAction":[{"@type":"SearchAction","target":{"@type":"EntryPoint","urlTemplate":"https:\/\/aktuelles.uni-frankfurt.de\/?s={search_term_string}"},"query-input":{"@type":"PropertyValueSpecification","valueRequired":true,"valueName":"search_term_string"}}],"inLanguage":"en-GB"},{"@type":"Organization","@id":"https:\/\/aktuelles.uni-frankfurt.de\/#organization","name":"Goethe University Frankfurt","url":"https:\/\/aktuelles.uni-frankfurt.de\/","logo":{"@type":"ImageObject","inLanguage":"en-GB","@id":"https:\/\/aktuelles.uni-frankfurt.de\/#\/schema\/logo\/image\/","url":"https:\/\/aktuelles.uni-frankfurt.de\/wp-content\/uploads\/2022\/03\/800px-Goethe-Logo.png","contentUrl":"https:\/\/aktuelles.uni-frankfurt.de\/wp-content\/uploads\/2022\/03\/800px-Goethe-Logo.png","width":800,"height":436,"caption":"Goethe-Universit\u00e4t"},"image":{"@id":"https:\/\/aktuelles.uni-frankfurt.de\/#\/schema\/logo\/image\/"}},{"@type":"Person","@id":"https:\/\/aktuelles.uni-frankfurt.de\/#\/schema\/person\/8e55ea338fb65d1ce87a91565d1f1739","name":"-","description":"Dieser Beitrag wurde von der Online-Redaktion ver\u00f6ffentlicht. Wenn der Beitrag von einem Gastautoren verfasst wurde, findet sich dieser Hinweis am Ende des jeweiligen Artikels.","sameAs":["http:\/\/aktuelles.uni-frankfurt.de\/autoren"],"url":"https:\/\/aktuelles.uni-frankfurt.de\/en\/author\/redaktion\/"}]}},"_links":{"self":[{"href":"https:\/\/aktuelles.uni-frankfurt.de\/en\/wp-json\/wp\/v2\/posts\/24685","targetHints":{"allow":["GET"]}}],"collection":[{"href":"https:\/\/aktuelles.uni-frankfurt.de\/en\/wp-json\/wp\/v2\/posts"}],"about":[{"href":"https:\/\/aktuelles.uni-frankfurt.de\/en\/wp-json\/wp\/v2\/types\/post"}],"author":[{"embeddable":true,"href":"https:\/\/aktuelles.uni-frankfurt.de\/en\/wp-json\/wp\/v2\/users\/8"}],"replies":[{"embeddable":true,"href":"https:\/\/aktuelles.uni-frankfurt.de\/en\/wp-json\/wp\/v2\/comments?post=24685"}],"version-history":[{"count":0,"href":"https:\/\/aktuelles.uni-frankfurt.de\/en\/wp-json\/wp\/v2\/posts\/24685\/revisions"}],"wp:featuredmedia":[{"embeddable":true,"href":"https:\/\/aktuelles.uni-frankfurt.de\/en\/wp-json\/wp\/v2\/media\/22934"}],"wp:attachment":[{"href":"https:\/\/aktuelles.uni-frankfurt.de\/en\/wp-json\/wp\/v2\/media?parent=24685"}],"wp:term":[{"taxonomy":"category","embeddable":true,"href":"https:\/\/aktuelles.uni-frankfurt.de\/en\/wp-json\/wp\/v2\/categories?post=24685"},{"taxonomy":"post_tag","embeddable":true,"href":"https:\/\/aktuelles.uni-frankfurt.de\/en\/wp-json\/wp\/v2\/tags?post=24685"},{"taxonomy":"post_folder","embeddable":true,"href":"https:\/\/aktuelles.uni-frankfurt.de\/en\/wp-json\/wp\/v2\/post_folder?post=24685"}],"curies":[{"name":"wp","href":"https:\/\/api.w.org\/{rel}","templated":true}]}}