{"id":24725,"date":"2018-01-22T15:53:23","date_gmt":"2018-01-22T14:53:23","guid":{"rendered":"https:\/\/aktuelles.uni-frankfurt.de\/?p=24725"},"modified":"2018-01-22T15:53:23","modified_gmt":"2018-01-22T14:53:23","slug":"sportmedizin-faszien-vernetzt-von-kopf-bis-fuss","status":"publish","type":"post","link":"https:\/\/aktuelles.uni-frankfurt.de\/en\/forschung\/sportmedizin-faszien-vernetzt-von-kopf-bis-fuss\/","title":{"rendered":"Sportmedizin \/ Faszien: Vernetzt von Kopf bis Fu\u00df"},"content":{"rendered":"<figure id=\"attachment_24729\" aria-describedby=\"caption-attachment-24729\" style=\"width: 300px\" class=\"wp-caption alignleft\"><img fetchpriority=\"high\" decoding=\"async\" class=\"wp-image-24729\" src=\"https:\/\/aktuelles.uni-frankfurt.de\/wp-content\/uploads\/2018\/01\/beitrag_pm_018_Fascien_Lumbodorsale_FascieCfascialnet_com.jpg\" alt=\"\" width=\"300\" height=\"426\" srcset=\"https:\/\/aktuelles.uni-frankfurt.de\/wp-content\/uploads\/2018\/01\/beitrag_pm_018_Fascien_Lumbodorsale_FascieCfascialnet_com.jpg 650w, https:\/\/aktuelles.uni-frankfurt.de\/wp-content\/uploads\/2018\/01\/beitrag_pm_018_Fascien_Lumbodorsale_FascieCfascialnet_com-211x300.jpg 211w\" sizes=\"(max-width: 300px) 100vw, 300px\" \/><figcaption id=\"caption-attachment-24729\" class=\"wp-caption-text\">Faszien im Bereich des unteren R\u00fcckens und des Ges\u00e4\u00dfes. Abbildung: fascialnet.com<\/figcaption><\/figure>\n<p>Lange Zeit galten Faszien als vornehmlich passives Verpackungsmaterial f\u00fcr Muskeln ohne bedeutsame Funktionen f\u00fcr das Bewegungssystem. Als neuere Forschungsergebnisse zeigten, dass sie eine weitaus wichtigere Rolle spielen k\u00f6nnten, entwickelte sich bald das Faszientraining. In seiner neusten Ausgabe w\u00fcrdigt auch das renommierte amerikanische Anatomiebuch \u201eGray\u00b4s Anatomy\u201c das muskelumh\u00fcllende Gewebe mit einem Eintrag. Geschrieben ist er von den Frankfurter Forschern Dr. Jan Wilke und Prof. Winfried Banzer.<\/p>\n<p>In Anatomieb\u00fcchern wurden Faszien bisher nur selten exponiert dargestellt, in Anatomiekursen fielen sie meist schnell dem Skalpell zum Opfer, da das d\u00fcnne, wei\u00dfliche Gewebe den Blick auf die Muskeln des K\u00f6rpers verstellt. Inzwischen wei\u00df man aber, dass es eine h\u00f6here Nervendichte und Schmerzempfindlichkeit besitzt als Muskeln und somit bei verschiedenen orthop\u00e4dischen Beschwerden relevant sein k\u00f6nnte. So erkl\u00e4rt sich auch der gegenw\u00e4rtige Hype um das Faszientraining: Kaum ein Fitnessstudio verzichtet darauf, die Industrie entwickelt unabl\u00e4ssig neue Trainingsger\u00e4te und Buchl\u00e4den pr\u00e4sentieren diverse Werke mit bunten, teils rei\u00dferischen Covers.<\/p>\n<p>Mit einem Eintrag in der k\u00fcrzlich erschienenen 42. Auflage des renommierten Anatomiebuchs \u201eGray\u2019s Anatomy\u201c haben Faszien nun auch einen festen Platz im Lehrbuchwissen erhalten. Der Atlas z\u00e4hlt zu den bekanntesten und einflussreichsten Werken weltweit und ist, insbesondere im anglo-amerikanischen Sprachraum, ein Klassiker. Die Frankfurter Sportwissenschaftler Dr. Jan Wilke und Prof. Winfried Banzer, der zugleich Sportmediziner ist, wurden eingeladen, einen Kommentar zu ihren Forschungsergebnissen f\u00fcr Gray\u00b4s Anatomy zu verfassen. Beide Autoren besch\u00e4ftigen sich mit der potenziellen mechanischen Rolle des kollagenen Bindegewebes.<\/p>\n<p>Mit einer systematischen Literaturanalyse konnten Wilke und Banzer nachweisen, dass Faszien, entgegen zahlreicher Darstellungen in Standardwerken der Anatomie, die Muskeln des K\u00f6rpers nicht voneinander abgrenzen, sondern \u2013 teils von Kopf bis Fu\u00df \u2013 direkt verbinden. M\u00f6glicherweise erkl\u00e4ren die so entstehenden Muskel-Faszien-Ketten, warum Schmerzen manchmal in entfernten K\u00f6rperregionen auftreten. Da im Verlauf der Kontinuit\u00e4ten auch Kr\u00e4fte \u00fcbertragen werden, beschr\u00e4nken sich die Wirkungen von klassischen Sport\u00fcbungen wie Dehnen oder Krafttraining auch nicht auf den Anwendungsort. Mehrere Studien aus dem Frankfurter Institut f\u00fcr Sportwissenschaften zeigten, dass Dehn\u00fcbungen der Beinmuskulatur sogar die Beweglichkeit der Halswirbels\u00e4ule steigern und nicht weniger effektiv sind, als lokale \u00dcbungen des Nackens selbst. Aktuell versuchen Wilke und Banzer herauszufinden, ob die Ergebnisse aus der Grundlagenforschung bei Gesunden auch auf Patienten \u00fcbertragbar sind.<\/p>\n<p>[dt_call_to_action content_size=&#8220;small&#8220; background=&#8220;fancy&#8220; line=&#8220;true&#8220; style=&#8220;1&#8243; animation=&#8220;fadeIn&#8220;]<\/p>\n<h3>Hinweise:<\/h3>\n<ul>\n<li>Die 42. Auflage von \u201eGray\u00b4s Anatomy\u201c ist k\u00fcrzlich als Ebook erschienen. Die gedruckte Version ist f\u00fcr das Jahr 2020 geplant.<\/li>\n<li>Am 27. Januar um 22.50 Uhr zeigt ARTE eine Dokumentation zum Thema Faszien, in der, neben anderen f\u00fchrenden Faszienforschern, auch der Frankfurter Wissenschaftler Dr. Jan Wilke zu sehen ist.<\/li>\n<\/ul>\n<p>[\/dt_call_to_action]<\/p>\n","protected":false},"excerpt":{"rendered":"<p>Lange Zeit galten Faszien als vornehmlich passives Verpackungsmaterial f\u00fcr Muskeln ohne bedeutsame Funktionen f\u00fcr das Bewegungssystem. Als neuere Forschungsergebnisse zeigten, dass sie eine weitaus wichtigere Rolle spielen k\u00f6nnten, entwickelte sich [&hellip;]<\/p>\n","protected":false},"author":8,"featured_media":24728,"comment_status":"closed","ping_status":"closed","sticky":false,"template":"","format":"standard","meta":{"_eb_attr":"","_price":"","_stock":"","_tribe_ticket_header":"","_tribe_default_ticket_provider":"","_ticket_start_date":"","_ticket_end_date":"","_tribe_ticket_show_description":"","_tribe_ticket_show_not_going":false,"_tribe_ticket_use_global_stock":"","_tribe_ticket_global_stock_level":"","_global_stock_mode":"","_global_stock_cap":"","_tribe_rsvp_for_event":"","_tribe_ticket_going_count":"","_tribe_ticket_not_going_count":"","_tribe_tickets_list":"[]","_tribe_ticket_has_attendee_info_fields":false,"footnotes":""},"categories":[3],"tags":[49,132],"post_folder":[],"class_list":["post-24725","post","type-post","status-publish","format-standard","has-post-thumbnail","hentry","category-forschung","tag-medizin","tag-sportwissenschaften"],"yoast_head":"<!-- This site is optimized with the Yoast SEO plugin v27.5 - https:\/\/yoast.com\/product\/yoast-seo-wordpress\/ -->\n<title>Sportmedizin \/ Faszien: Vernetzt von Kopf bis Fu\u00df | Aktuelles aus der Goethe-Universit\u00e4t Frankfurt<\/title>\n<meta name=\"robots\" content=\"index, follow, max-snippet:-1, max-image-preview:large, max-video-preview:-1\" \/>\n<link rel=\"canonical\" href=\"https:\/\/aktuelles.uni-frankfurt.de\/en\/forschung\/sportmedizin-faszien-vernetzt-von-kopf-bis-fuss\/\" \/>\n<meta property=\"og:locale\" content=\"en_GB\" \/>\n<meta property=\"og:type\" content=\"article\" \/>\n<meta property=\"og:title\" content=\"Sportmedizin \/ Faszien: Vernetzt von Kopf bis Fu\u00df | Aktuelles aus der Goethe-Universit\u00e4t Frankfurt\" \/>\n<meta property=\"og:description\" content=\"Lange Zeit galten Faszien als vornehmlich passives Verpackungsmaterial f\u00fcr Muskeln ohne bedeutsame Funktionen f\u00fcr das Bewegungssystem. Als neuere Forschungsergebnisse zeigten, dass sie eine weitaus wichtigere Rolle spielen k\u00f6nnten, entwickelte sich [&hellip;]\" \/>\n<meta property=\"og:url\" content=\"https:\/\/aktuelles.uni-frankfurt.de\/en\/forschung\/sportmedizin-faszien-vernetzt-von-kopf-bis-fuss\/\" \/>\n<meta property=\"og:site_name\" content=\"Aktuelles aus der Goethe-Universit\u00e4t Frankfurt\" \/>\n<meta property=\"article:published_time\" content=\"2018-01-22T14:53:23+00:00\" \/>\n<meta property=\"og:image\" content=\"https:\/\/aktuelles.uni-frankfurt.de\/wp-content\/uploads\/2018\/01\/beitragsbild_pm_018_Fascien_Lumbodorsale_FascieCfascialnet_com.jpg\" \/>\n\t<meta property=\"og:image:width\" content=\"650\" \/>\n\t<meta property=\"og:image:height\" content=\"450\" \/>\n\t<meta property=\"og:image:type\" content=\"image\/jpeg\" \/>\n<meta name=\"author\" content=\"-\" \/>\n<meta name=\"twitter:card\" content=\"summary_large_image\" \/>\n<meta name=\"twitter:label1\" content=\"Written by\" \/>\n\t<meta name=\"twitter:data1\" content=\"-\" \/>\n\t<meta name=\"twitter:label2\" content=\"Estimated reading time\" \/>\n\t<meta name=\"twitter:data2\" content=\"2 minutes\" \/>\n<script type=\"application\/ld+json\" class=\"yoast-schema-graph\">{\"@context\":\"https:\\\/\\\/schema.org\",\"@graph\":[{\"@type\":\"Article\",\"@id\":\"https:\\\/\\\/aktuelles.uni-frankfurt.de\\\/forschung\\\/sportmedizin-faszien-vernetzt-von-kopf-bis-fuss\\\/#article\",\"isPartOf\":{\"@id\":\"https:\\\/\\\/aktuelles.uni-frankfurt.de\\\/forschung\\\/sportmedizin-faszien-vernetzt-von-kopf-bis-fuss\\\/\"},\"author\":{\"name\":\"-\",\"@id\":\"https:\\\/\\\/aktuelles.uni-frankfurt.de\\\/#\\\/schema\\\/person\\\/8e55ea338fb65d1ce87a91565d1f1739\"},\"headline\":\"Sportmedizin \\\/ Faszien: Vernetzt von Kopf bis Fu\u00df\",\"datePublished\":\"2018-01-22T14:53:23+00:00\",\"mainEntityOfPage\":{\"@id\":\"https:\\\/\\\/aktuelles.uni-frankfurt.de\\\/forschung\\\/sportmedizin-faszien-vernetzt-von-kopf-bis-fuss\\\/\"},\"wordCount\":483,\"publisher\":{\"@id\":\"https:\\\/\\\/aktuelles.uni-frankfurt.de\\\/#organization\"},\"image\":{\"@id\":\"https:\\\/\\\/aktuelles.uni-frankfurt.de\\\/forschung\\\/sportmedizin-faszien-vernetzt-von-kopf-bis-fuss\\\/#primaryimage\"},\"thumbnailUrl\":\"https:\\\/\\\/aktuelles.uni-frankfurt.de\\\/wp-content\\\/uploads\\\/2018\\\/01\\\/beitragsbild_pm_018_Fascien_Lumbodorsale_FascieCfascialnet_com.jpg\",\"keywords\":[\"Medizin\",\"Sportwissenschaften\"],\"articleSection\":[\"Forschung\"],\"inLanguage\":\"en-GB\"},{\"@type\":\"WebPage\",\"@id\":\"https:\\\/\\\/aktuelles.uni-frankfurt.de\\\/forschung\\\/sportmedizin-faszien-vernetzt-von-kopf-bis-fuss\\\/\",\"url\":\"https:\\\/\\\/aktuelles.uni-frankfurt.de\\\/forschung\\\/sportmedizin-faszien-vernetzt-von-kopf-bis-fuss\\\/\",\"name\":\"Sportmedizin \\\/ Faszien: Vernetzt von Kopf bis Fu\u00df | Aktuelles aus der Goethe-Universit\u00e4t Frankfurt\",\"isPartOf\":{\"@id\":\"https:\\\/\\\/aktuelles.uni-frankfurt.de\\\/#website\"},\"primaryImageOfPage\":{\"@id\":\"https:\\\/\\\/aktuelles.uni-frankfurt.de\\\/forschung\\\/sportmedizin-faszien-vernetzt-von-kopf-bis-fuss\\\/#primaryimage\"},\"image\":{\"@id\":\"https:\\\/\\\/aktuelles.uni-frankfurt.de\\\/forschung\\\/sportmedizin-faszien-vernetzt-von-kopf-bis-fuss\\\/#primaryimage\"},\"thumbnailUrl\":\"https:\\\/\\\/aktuelles.uni-frankfurt.de\\\/wp-content\\\/uploads\\\/2018\\\/01\\\/beitragsbild_pm_018_Fascien_Lumbodorsale_FascieCfascialnet_com.jpg\",\"datePublished\":\"2018-01-22T14:53:23+00:00\",\"breadcrumb\":{\"@id\":\"https:\\\/\\\/aktuelles.uni-frankfurt.de\\\/forschung\\\/sportmedizin-faszien-vernetzt-von-kopf-bis-fuss\\\/#breadcrumb\"},\"inLanguage\":\"en-GB\",\"potentialAction\":[{\"@type\":\"ReadAction\",\"target\":[\"https:\\\/\\\/aktuelles.uni-frankfurt.de\\\/forschung\\\/sportmedizin-faszien-vernetzt-von-kopf-bis-fuss\\\/\"]}]},{\"@type\":\"ImageObject\",\"inLanguage\":\"en-GB\",\"@id\":\"https:\\\/\\\/aktuelles.uni-frankfurt.de\\\/forschung\\\/sportmedizin-faszien-vernetzt-von-kopf-bis-fuss\\\/#primaryimage\",\"url\":\"https:\\\/\\\/aktuelles.uni-frankfurt.de\\\/wp-content\\\/uploads\\\/2018\\\/01\\\/beitragsbild_pm_018_Fascien_Lumbodorsale_FascieCfascialnet_com.jpg\",\"contentUrl\":\"https:\\\/\\\/aktuelles.uni-frankfurt.de\\\/wp-content\\\/uploads\\\/2018\\\/01\\\/beitragsbild_pm_018_Fascien_Lumbodorsale_FascieCfascialnet_com.jpg\",\"width\":650,\"height\":450,\"caption\":\"Faszien im Bereich des unteren R\u00fcckens und des Ges\u00e4\u00dfes. Abbildung: fascialnet.com\"},{\"@type\":\"BreadcrumbList\",\"@id\":\"https:\\\/\\\/aktuelles.uni-frankfurt.de\\\/forschung\\\/sportmedizin-faszien-vernetzt-von-kopf-bis-fuss\\\/#breadcrumb\",\"itemListElement\":[{\"@type\":\"ListItem\",\"position\":1,\"name\":\"Startseite\",\"item\":\"https:\\\/\\\/aktuelles.uni-frankfurt.de\\\/\"},{\"@type\":\"ListItem\",\"position\":2,\"name\":\"Sportmedizin \\\/ Faszien: Vernetzt von Kopf bis Fu\u00df\"}]},{\"@type\":\"WebSite\",\"@id\":\"https:\\\/\\\/aktuelles.uni-frankfurt.de\\\/#website\",\"url\":\"https:\\\/\\\/aktuelles.uni-frankfurt.de\\\/\",\"name\":\"Aktuelles aus der Goethe-Universit\u00e4t Frankfurt\",\"description\":\"Aktuelles aus der Goethe-Universit\u00e4t | Neues aus Forschung, Lehre, Studium\",\"publisher\":{\"@id\":\"https:\\\/\\\/aktuelles.uni-frankfurt.de\\\/#organization\"},\"potentialAction\":[{\"@type\":\"SearchAction\",\"target\":{\"@type\":\"EntryPoint\",\"urlTemplate\":\"https:\\\/\\\/aktuelles.uni-frankfurt.de\\\/?s={search_term_string}\"},\"query-input\":{\"@type\":\"PropertyValueSpecification\",\"valueRequired\":true,\"valueName\":\"search_term_string\"}}],\"inLanguage\":\"en-GB\"},{\"@type\":\"Organization\",\"@id\":\"https:\\\/\\\/aktuelles.uni-frankfurt.de\\\/#organization\",\"name\":\"Goethe-Universit\u00e4t\",\"url\":\"https:\\\/\\\/aktuelles.uni-frankfurt.de\\\/\",\"logo\":{\"@type\":\"ImageObject\",\"inLanguage\":\"en-GB\",\"@id\":\"https:\\\/\\\/aktuelles.uni-frankfurt.de\\\/#\\\/schema\\\/logo\\\/image\\\/\",\"url\":\"https:\\\/\\\/aktuelles.uni-frankfurt.de\\\/wp-content\\\/uploads\\\/2022\\\/03\\\/800px-Goethe-Logo.png\",\"contentUrl\":\"https:\\\/\\\/aktuelles.uni-frankfurt.de\\\/wp-content\\\/uploads\\\/2022\\\/03\\\/800px-Goethe-Logo.png\",\"width\":800,\"height\":436,\"caption\":\"Goethe-Universit\u00e4t\"},\"image\":{\"@id\":\"https:\\\/\\\/aktuelles.uni-frankfurt.de\\\/#\\\/schema\\\/logo\\\/image\\\/\"}},{\"@type\":\"Person\",\"@id\":\"https:\\\/\\\/aktuelles.uni-frankfurt.de\\\/#\\\/schema\\\/person\\\/8e55ea338fb65d1ce87a91565d1f1739\",\"name\":\"-\",\"description\":\"Dieser Beitrag wurde von der Online-Redaktion ver\u00f6ffentlicht. Wenn der Beitrag von einem Gastautoren verfasst wurde, findet sich dieser Hinweis am Ende des jeweiligen Artikels.\",\"sameAs\":[\"http:\\\/\\\/aktuelles.uni-frankfurt.de\\\/autoren\"],\"url\":\"https:\\\/\\\/aktuelles.uni-frankfurt.de\\\/en\\\/author\\\/redaktion\\\/\"}]}<\/script>\n<!-- \/ Yoast SEO plugin. -->","yoast_head_json":{"title":"Sportmedizin \/ Faszien: Vernetzt von Kopf bis Fu\u00df | Aktuelles aus der Goethe-Universit\u00e4t Frankfurt","robots":{"index":"index","follow":"follow","max-snippet":"max-snippet:-1","max-image-preview":"max-image-preview:large","max-video-preview":"max-video-preview:-1"},"canonical":"https:\/\/aktuelles.uni-frankfurt.de\/en\/forschung\/sportmedizin-faszien-vernetzt-von-kopf-bis-fuss\/","og_locale":"en_GB","og_type":"article","og_title":"Sportmedizin \/ Faszien: Vernetzt von Kopf bis Fu\u00df | Aktuelles aus der Goethe-Universit\u00e4t Frankfurt","og_description":"Lange Zeit galten Faszien als vornehmlich passives Verpackungsmaterial f\u00fcr Muskeln ohne bedeutsame Funktionen f\u00fcr das Bewegungssystem. Als neuere Forschungsergebnisse zeigten, dass sie eine weitaus wichtigere Rolle spielen k\u00f6nnten, entwickelte sich [&hellip;]","og_url":"https:\/\/aktuelles.uni-frankfurt.de\/en\/forschung\/sportmedizin-faszien-vernetzt-von-kopf-bis-fuss\/","og_site_name":"Aktuelles aus der Goethe-Universit\u00e4t Frankfurt","article_published_time":"2018-01-22T14:53:23+00:00","og_image":[{"width":650,"height":450,"url":"https:\/\/aktuelles.uni-frankfurt.de\/wp-content\/uploads\/2018\/01\/beitragsbild_pm_018_Fascien_Lumbodorsale_FascieCfascialnet_com.jpg","type":"image\/jpeg"}],"author":"-","twitter_card":"summary_large_image","twitter_misc":{"Written by":"-","Estimated reading time":"2 minutes"},"schema":{"@context":"https:\/\/schema.org","@graph":[{"@type":"Article","@id":"https:\/\/aktuelles.uni-frankfurt.de\/forschung\/sportmedizin-faszien-vernetzt-von-kopf-bis-fuss\/#article","isPartOf":{"@id":"https:\/\/aktuelles.uni-frankfurt.de\/forschung\/sportmedizin-faszien-vernetzt-von-kopf-bis-fuss\/"},"author":{"name":"-","@id":"https:\/\/aktuelles.uni-frankfurt.de\/#\/schema\/person\/8e55ea338fb65d1ce87a91565d1f1739"},"headline":"Sportmedizin \/ Faszien: Vernetzt von Kopf bis Fu\u00df","datePublished":"2018-01-22T14:53:23+00:00","mainEntityOfPage":{"@id":"https:\/\/aktuelles.uni-frankfurt.de\/forschung\/sportmedizin-faszien-vernetzt-von-kopf-bis-fuss\/"},"wordCount":483,"publisher":{"@id":"https:\/\/aktuelles.uni-frankfurt.de\/#organization"},"image":{"@id":"https:\/\/aktuelles.uni-frankfurt.de\/forschung\/sportmedizin-faszien-vernetzt-von-kopf-bis-fuss\/#primaryimage"},"thumbnailUrl":"https:\/\/aktuelles.uni-frankfurt.de\/wp-content\/uploads\/2018\/01\/beitragsbild_pm_018_Fascien_Lumbodorsale_FascieCfascialnet_com.jpg","keywords":["Medizin","Sportwissenschaften"],"articleSection":["Forschung"],"inLanguage":"en-GB"},{"@type":"WebPage","@id":"https:\/\/aktuelles.uni-frankfurt.de\/forschung\/sportmedizin-faszien-vernetzt-von-kopf-bis-fuss\/","url":"https:\/\/aktuelles.uni-frankfurt.de\/forschung\/sportmedizin-faszien-vernetzt-von-kopf-bis-fuss\/","name":"Sportmedizin \/ Faszien: Vernetzt von Kopf bis Fu\u00df | Aktuelles aus der Goethe-Universit\u00e4t Frankfurt","isPartOf":{"@id":"https:\/\/aktuelles.uni-frankfurt.de\/#website"},"primaryImageOfPage":{"@id":"https:\/\/aktuelles.uni-frankfurt.de\/forschung\/sportmedizin-faszien-vernetzt-von-kopf-bis-fuss\/#primaryimage"},"image":{"@id":"https:\/\/aktuelles.uni-frankfurt.de\/forschung\/sportmedizin-faszien-vernetzt-von-kopf-bis-fuss\/#primaryimage"},"thumbnailUrl":"https:\/\/aktuelles.uni-frankfurt.de\/wp-content\/uploads\/2018\/01\/beitragsbild_pm_018_Fascien_Lumbodorsale_FascieCfascialnet_com.jpg","datePublished":"2018-01-22T14:53:23+00:00","breadcrumb":{"@id":"https:\/\/aktuelles.uni-frankfurt.de\/forschung\/sportmedizin-faszien-vernetzt-von-kopf-bis-fuss\/#breadcrumb"},"inLanguage":"en-GB","potentialAction":[{"@type":"ReadAction","target":["https:\/\/aktuelles.uni-frankfurt.de\/forschung\/sportmedizin-faszien-vernetzt-von-kopf-bis-fuss\/"]}]},{"@type":"ImageObject","inLanguage":"en-GB","@id":"https:\/\/aktuelles.uni-frankfurt.de\/forschung\/sportmedizin-faszien-vernetzt-von-kopf-bis-fuss\/#primaryimage","url":"https:\/\/aktuelles.uni-frankfurt.de\/wp-content\/uploads\/2018\/01\/beitragsbild_pm_018_Fascien_Lumbodorsale_FascieCfascialnet_com.jpg","contentUrl":"https:\/\/aktuelles.uni-frankfurt.de\/wp-content\/uploads\/2018\/01\/beitragsbild_pm_018_Fascien_Lumbodorsale_FascieCfascialnet_com.jpg","width":650,"height":450,"caption":"Faszien im Bereich des unteren R\u00fcckens und des Ges\u00e4\u00dfes. Abbildung: fascialnet.com"},{"@type":"BreadcrumbList","@id":"https:\/\/aktuelles.uni-frankfurt.de\/forschung\/sportmedizin-faszien-vernetzt-von-kopf-bis-fuss\/#breadcrumb","itemListElement":[{"@type":"ListItem","position":1,"name":"Startseite","item":"https:\/\/aktuelles.uni-frankfurt.de\/"},{"@type":"ListItem","position":2,"name":"Sportmedizin \/ Faszien: Vernetzt von Kopf bis Fu\u00df"}]},{"@type":"WebSite","@id":"https:\/\/aktuelles.uni-frankfurt.de\/#website","url":"https:\/\/aktuelles.uni-frankfurt.de\/","name":"Aktuelles aus der Goethe-Universit\u00e4t Frankfurt","description":"Aktuelles aus der Goethe-Universit\u00e4t | Neues aus Forschung, Lehre, Studium","publisher":{"@id":"https:\/\/aktuelles.uni-frankfurt.de\/#organization"},"potentialAction":[{"@type":"SearchAction","target":{"@type":"EntryPoint","urlTemplate":"https:\/\/aktuelles.uni-frankfurt.de\/?s={search_term_string}"},"query-input":{"@type":"PropertyValueSpecification","valueRequired":true,"valueName":"search_term_string"}}],"inLanguage":"en-GB"},{"@type":"Organization","@id":"https:\/\/aktuelles.uni-frankfurt.de\/#organization","name":"Goethe University Frankfurt","url":"https:\/\/aktuelles.uni-frankfurt.de\/","logo":{"@type":"ImageObject","inLanguage":"en-GB","@id":"https:\/\/aktuelles.uni-frankfurt.de\/#\/schema\/logo\/image\/","url":"https:\/\/aktuelles.uni-frankfurt.de\/wp-content\/uploads\/2022\/03\/800px-Goethe-Logo.png","contentUrl":"https:\/\/aktuelles.uni-frankfurt.de\/wp-content\/uploads\/2022\/03\/800px-Goethe-Logo.png","width":800,"height":436,"caption":"Goethe-Universit\u00e4t"},"image":{"@id":"https:\/\/aktuelles.uni-frankfurt.de\/#\/schema\/logo\/image\/"}},{"@type":"Person","@id":"https:\/\/aktuelles.uni-frankfurt.de\/#\/schema\/person\/8e55ea338fb65d1ce87a91565d1f1739","name":"-","description":"Dieser Beitrag wurde von der Online-Redaktion ver\u00f6ffentlicht. Wenn der Beitrag von einem Gastautoren verfasst wurde, findet sich dieser Hinweis am Ende des jeweiligen Artikels.","sameAs":["http:\/\/aktuelles.uni-frankfurt.de\/autoren"],"url":"https:\/\/aktuelles.uni-frankfurt.de\/en\/author\/redaktion\/"}]}},"_links":{"self":[{"href":"https:\/\/aktuelles.uni-frankfurt.de\/en\/wp-json\/wp\/v2\/posts\/24725","targetHints":{"allow":["GET"]}}],"collection":[{"href":"https:\/\/aktuelles.uni-frankfurt.de\/en\/wp-json\/wp\/v2\/posts"}],"about":[{"href":"https:\/\/aktuelles.uni-frankfurt.de\/en\/wp-json\/wp\/v2\/types\/post"}],"author":[{"embeddable":true,"href":"https:\/\/aktuelles.uni-frankfurt.de\/en\/wp-json\/wp\/v2\/users\/8"}],"replies":[{"embeddable":true,"href":"https:\/\/aktuelles.uni-frankfurt.de\/en\/wp-json\/wp\/v2\/comments?post=24725"}],"version-history":[{"count":0,"href":"https:\/\/aktuelles.uni-frankfurt.de\/en\/wp-json\/wp\/v2\/posts\/24725\/revisions"}],"wp:featuredmedia":[{"embeddable":true,"href":"https:\/\/aktuelles.uni-frankfurt.de\/en\/wp-json\/wp\/v2\/media\/24728"}],"wp:attachment":[{"href":"https:\/\/aktuelles.uni-frankfurt.de\/en\/wp-json\/wp\/v2\/media?parent=24725"}],"wp:term":[{"taxonomy":"category","embeddable":true,"href":"https:\/\/aktuelles.uni-frankfurt.de\/en\/wp-json\/wp\/v2\/categories?post=24725"},{"taxonomy":"post_tag","embeddable":true,"href":"https:\/\/aktuelles.uni-frankfurt.de\/en\/wp-json\/wp\/v2\/tags?post=24725"},{"taxonomy":"post_folder","embeddable":true,"href":"https:\/\/aktuelles.uni-frankfurt.de\/en\/wp-json\/wp\/v2\/post_folder?post=24725"}],"curies":[{"name":"wp","href":"https:\/\/api.w.org\/{rel}","templated":true}]}}