{"id":24961,"date":"2018-02-01T13:09:49","date_gmt":"2018-02-01T12:09:49","guid":{"rendered":"https:\/\/aktuelles.uni-frankfurt.de\/?p=24961"},"modified":"2018-02-01T13:11:37","modified_gmt":"2018-02-01T12:11:37","slug":"die-nacht-ist-zum-dichten-da-frankfurter-poetikvorlesung-mit-silke-scheuermann","status":"publish","type":"post","link":"https:\/\/aktuelles.uni-frankfurt.de\/en\/veranstaltungen\/die-nacht-ist-zum-dichten-da-frankfurter-poetikvorlesung-mit-silke-scheuermann\/","title":{"rendered":"Die Nacht ist zum Dichten da \/ Frankfurter Poetikvorlesung mit Silke Scheuermann"},"content":{"rendered":"<p><em><strong><img fetchpriority=\"high\" decoding=\"async\" class=\"alignleft size-full wp-image-24975\" src=\"https:\/\/aktuelles.uni-frankfurt.de\/wp-content\/uploads\/2018\/02\/blog_UR_scheuermann-header.jpg\" alt=\"\" width=\"750\" height=\"350\" srcset=\"https:\/\/aktuelles.uni-frankfurt.de\/wp-content\/uploads\/2018\/02\/blog_UR_scheuermann-header.jpg 750w, https:\/\/aktuelles.uni-frankfurt.de\/wp-content\/uploads\/2018\/02\/blog_UR_scheuermann-header-300x140.jpg 300w\" sizes=\"(max-width: 750px) 100vw, 750px\" \/>Silke Scheuermann sprach in ihrer ersten Frankfurter Poetikvorlesung \u00fcber die Ausdrucksdimensionen des Gedichts.<\/strong><\/em><\/p>\n<p>Ihr letzter Roman \u201eWovon wir lebten\u201c liegt gut sichtbar auf dem B\u00fcchertisch neben der B\u00fchne. Aber \u00fcber den mag die Schriftstellerin heute Abend nicht sprechen. Romane seien \u201esoziale Kunstwerke\u201c, an denen man best\u00e4ndig arbeite. Gedichten hingegen widme man sich \u201ein Sch\u00fcben\u201c, steuere auf die gro\u00dfen Fragen zu, bed\u00fcrfe daf\u00fcr aber bestimmter Stimmungen.<\/p>\n<p>Silke Scheuermann schildert den Abend nach einer Lesung in der N\u00e4he von Frankfurt: Mit dem Einbruch der Nacht wird sie in ihrer Offenbacher Wohnung von einer Stimmung erf\u00fcllt, die vom Gef\u00fchl des Einverst\u00e4ndnisses mit der Welt gepr\u00e4gt ist. Die in Schwarz gekleidete Poetikdozentin ruft in der ersten Frankfurter Vorlesung ihre lyrischen Gew\u00e4hrsleute auf, darunter vor allem Rainer Maria Rilke, der die Nacht als wichtige Inspirationsquelle sch\u00e4tzte.<\/p>\n<p>Auch die d\u00fcsteren Nacht-Motive, die von der Schw\u00e4chung des Menschen in der Dunkelheit zeugen, werden von Scheuermann angesprochen. Sie erinnert sich an eine Ausstellung zum Thema Schwarze Romantik im St\u00e4del Museum. Schwarz gekleidete Gothics mischen sich unter die Besucher, auch die Popkultur mag wohl die Abgr\u00fcnde einer anderen Romantik.<\/p>\n<p>Scheuermann rezitiert im Folgenden Robert Frosts Gedicht \u201eAcquainted with the night\u201c, um es dann einer Analyse zu unterziehen. Sie beschreibt die \u201edepressive\u201c, die Welt nur noch als eint\u00f6nig wahrnehmende Haltung des lyrischen Ichs. Dabei bleibe dieses eine Leerstelle, erst dadurch erhalte ein Gedicht aber sein identifikatorisches Potenzial: \u201eDas Gedicht wird zum Freund.\u201c<\/p>\n<figure id=\"attachment_24974\" aria-describedby=\"caption-attachment-24974\" style=\"width: 450px\" class=\"wp-caption alignright\"><img decoding=\"async\" class=\"wp-image-24974\" src=\"https:\/\/aktuelles.uni-frankfurt.de\/wp-content\/uploads\/2018\/02\/blog_UR_scheuermann02.jpg\" alt=\"\" width=\"450\" height=\"312\" srcset=\"https:\/\/aktuelles.uni-frankfurt.de\/wp-content\/uploads\/2018\/02\/blog_UR_scheuermann02.jpg 650w, https:\/\/aktuelles.uni-frankfurt.de\/wp-content\/uploads\/2018\/02\/blog_UR_scheuermann02-300x208.jpg 300w\" sizes=\"(max-width: 450px) 100vw, 450px\" \/><figcaption id=\"caption-attachment-24974\" class=\"wp-caption-text\">Wolfgang Schopf vom Literaturarchiv er\u00f6ffnet die Begleitausstellung im \u201eFenster zur Stadt\u201c.<\/figcaption><\/figure>\n<p>Scheuermann kommt aber auch auf die Wissenschaft als wichtige Inspirationsquelle zu sprechen. Als Kind hat sie ein n\u00e4chtliches Erlebnis im Garten mit ihrem Vater, der ihr den Sternenhimmel als naturwissenschaftliches Ph\u00e4nomen nahebringt. Trotz ihres \u201emathematischen Unverstandes\u201c sei ihr Interesse an der Welt der Astronomie seitdem ungebrochen.<\/p>\n<p>Die Schriftstellerin kokettiert mit ihrer Ferne zu den Naturwissenschaften, erinnert sich an eine Begegnung mit einem Physiker, der ihr mit gro\u00dfer M\u00fche versucht, Schwarze L\u00f6cher und Gravitationswellen n\u00e4herzubringen. Auch wenn m\u00f6glicherweise das Nichtwissen mit dem Wissen anwachse, ist sie davon \u00fcberzeugt: \u201eIch profitiere als Dichterin von den Erkenntnissen der Naturwissenschaft.\u201c<\/p>\n<p>Metaphorisches Sprechen, f\u00fchrt sie weiter aus, sei nicht auf die Lyrik beschr\u00e4nkt. Im Alltag sei die Bildlichkeit immer stark vom Physischen gepr\u00e4gt. Lyrik hingegen beziehe sich auf eine innere Wirklichkeit. Dichtung sei, mit Paul Valery gesprochen, gewisserma\u00dfen eine Sprache in der Sprache, mit unersch\u00f6pflichen Ausdrucksm\u00f6glichkeiten. Scheuermann kommt auch auf eigene lyrische Werke zu sprechen, wie auf den Gedichtband \u201eSkizze vom Gras\u201c.<\/p>\n<p>Dass sie darin die Farbe Gr\u00fcn nicht als eine der Hoffnung, sondern als eine des Schmerzes charakterisiert, habe unter den Lesern f\u00fcr Irritationen gesorgt. Sie spricht von Grenz\u00fcberschreitungen, auch davon, dass ein Gedicht nicht paraphrasierbar sei, wohl aber analysierbar. Gedichte k\u00f6nnten einem Leser aber auch fremd werden \u2013 das sei ihr selbst mit einigen ihrer Werke so gegangen.<\/p>\n<p>[dt_call_to_action content_size=&#8220;small&#8220; background=&#8220;fancy&#8220; line=&#8220;true&#8220; animation=&#8220;fadeIn&#8220;]<\/p>\n<p>Silke Scheuermanns Vorlesungstext wird bereits im Februar 2018 im Verlag Sch\u00f6ffling &amp; Co erscheinen.<\/p>\n<p><strong>Die weiteren Termine der aktuellen Frankfurter Poetikvorlesungen:<\/strong><\/p>\n<ul>\n<li><strong>6. Februar, 18.15 Uhr, HZ 1, Campus Westend: \u201eZwielicht oder tr\u00e4umen Zebras von karierten L\u00f6wen\u201c<\/strong><\/li>\n<li><strong>7. Februar, 19.30 Uhr, Abschlusslesung im Literaturhaus Frankfurt<\/strong><\/li>\n<\/ul>\n<p>Im Sommersemester 2018 wird Christian Kracht die Poetikdozentur \u00fcbernehmen. Er wird am 15., 19. und 22. Mai lesen.<\/p>\n<p>[\/dt_call_to_action]<\/p>\n<p><strong><em>Dieser Artikel ist in der Ausgabe 1.18 (<\/em><\/strong><a href=\"http:\/\/www.uni-frankfurt.de\/70273796\" target=\"_blank\" rel=\"noopener\"><strong><em>PDF-Download<\/em><\/strong><\/a><strong><em>)<\/em><\/strong><strong><em> des UniReport erschienen.<\/em><\/strong><\/p>\n","protected":false},"excerpt":{"rendered":"<p>Silke Scheuermann sprach in ihrer ersten Frankfurter Poetikvorlesung \u00fcber die Ausdrucksdimensionen des Gedichts. Ihr letzter Roman \u201eWovon wir lebten\u201c liegt gut sichtbar auf dem B\u00fcchertisch neben der B\u00fchne. Aber \u00fcber [&hellip;]<\/p>\n","protected":false},"author":4,"featured_media":24973,"comment_status":"closed","ping_status":"closed","sticky":false,"template":"","format":"standard","meta":{"_eb_attr":"","_price":"","_stock":"","_tribe_ticket_header":"","_tribe_default_ticket_provider":"","_ticket_start_date":"","_ticket_end_date":"","_tribe_ticket_show_description":"","_tribe_ticket_show_not_going":false,"_tribe_ticket_use_global_stock":"","_tribe_ticket_global_stock_level":"","_global_stock_mode":"","_global_stock_cap":"","_tribe_rsvp_for_event":"","_tribe_ticket_going_count":"","_tribe_ticket_not_going_count":"","_tribe_tickets_list":"[]","_tribe_ticket_has_attendee_info_fields":false,"footnotes":""},"categories":[12],"tags":[67,10],"post_folder":[],"class_list":["post-24961","post","type-post","status-publish","format-standard","has-post-thumbnail","hentry","category-veranstaltungen","tag-poetikvorlesung","tag-unireport"],"yoast_head":"<!-- This site is optimized with the Yoast SEO plugin v27.5 - https:\/\/yoast.com\/product\/yoast-seo-wordpress\/ -->\n<title>Die Nacht ist zum Dichten da \/ Frankfurter Poetikvorlesung mit Silke Scheuermann | Aktuelles aus der Goethe-Universit\u00e4t Frankfurt<\/title>\n<meta name=\"robots\" content=\"index, follow, max-snippet:-1, max-image-preview:large, max-video-preview:-1\" \/>\n<link rel=\"canonical\" href=\"https:\/\/aktuelles.uni-frankfurt.de\/en\/veranstaltungen\/die-nacht-ist-zum-dichten-da-frankfurter-poetikvorlesung-mit-silke-scheuermann\/\" \/>\n<meta property=\"og:locale\" content=\"en_GB\" \/>\n<meta property=\"og:type\" content=\"article\" \/>\n<meta property=\"og:title\" content=\"Die Nacht ist zum Dichten da \/ Frankfurter Poetikvorlesung mit Silke Scheuermann | Aktuelles aus der Goethe-Universit\u00e4t Frankfurt\" \/>\n<meta property=\"og:description\" content=\"Silke Scheuermann sprach in ihrer ersten Frankfurter Poetikvorlesung \u00fcber die Ausdrucksdimensionen des Gedichts. Ihr letzter Roman \u201eWovon wir lebten\u201c liegt gut sichtbar auf dem B\u00fcchertisch neben der B\u00fchne. Aber \u00fcber [&hellip;]\" \/>\n<meta property=\"og:url\" content=\"https:\/\/aktuelles.uni-frankfurt.de\/en\/veranstaltungen\/die-nacht-ist-zum-dichten-da-frankfurter-poetikvorlesung-mit-silke-scheuermann\/\" \/>\n<meta property=\"og:site_name\" content=\"Aktuelles aus der Goethe-Universit\u00e4t Frankfurt\" \/>\n<meta property=\"article:published_time\" content=\"2018-02-01T12:09:49+00:00\" \/>\n<meta property=\"article:modified_time\" content=\"2018-02-01T12:11:37+00:00\" \/>\n<meta property=\"og:image\" content=\"https:\/\/aktuelles.uni-frankfurt.de\/wp-content\/uploads\/2018\/02\/blog_UR_scheuermann01.jpg\" \/>\n\t<meta property=\"og:image:width\" content=\"650\" \/>\n\t<meta property=\"og:image:height\" content=\"450\" \/>\n\t<meta property=\"og:image:type\" content=\"image\/jpeg\" \/>\n<meta name=\"author\" content=\"Dr. Dirk Frank\" \/>\n<meta name=\"twitter:card\" content=\"summary_large_image\" \/>\n<meta name=\"twitter:label1\" content=\"Written by\" \/>\n\t<meta name=\"twitter:data1\" content=\"Dr. Dirk Frank\" \/>\n\t<meta name=\"twitter:label2\" content=\"Estimated reading time\" \/>\n\t<meta name=\"twitter:data2\" content=\"3 minutes\" \/>\n<script type=\"application\/ld+json\" class=\"yoast-schema-graph\">{\"@context\":\"https:\\\/\\\/schema.org\",\"@graph\":[{\"@type\":\"Article\",\"@id\":\"https:\\\/\\\/aktuelles.uni-frankfurt.de\\\/veranstaltungen\\\/die-nacht-ist-zum-dichten-da-frankfurter-poetikvorlesung-mit-silke-scheuermann\\\/#article\",\"isPartOf\":{\"@id\":\"https:\\\/\\\/aktuelles.uni-frankfurt.de\\\/veranstaltungen\\\/die-nacht-ist-zum-dichten-da-frankfurter-poetikvorlesung-mit-silke-scheuermann\\\/\"},\"author\":{\"name\":\"Dr. Dirk Frank\",\"@id\":\"https:\\\/\\\/aktuelles.uni-frankfurt.de\\\/#\\\/schema\\\/person\\\/370c4588b49f66f89d917e8bd01f72b0\"},\"headline\":\"Die Nacht ist zum Dichten da \\\/ Frankfurter Poetikvorlesung mit Silke Scheuermann\",\"datePublished\":\"2018-02-01T12:09:49+00:00\",\"dateModified\":\"2018-02-01T12:11:37+00:00\",\"mainEntityOfPage\":{\"@id\":\"https:\\\/\\\/aktuelles.uni-frankfurt.de\\\/veranstaltungen\\\/die-nacht-ist-zum-dichten-da-frankfurter-poetikvorlesung-mit-silke-scheuermann\\\/\"},\"wordCount\":594,\"publisher\":{\"@id\":\"https:\\\/\\\/aktuelles.uni-frankfurt.de\\\/#organization\"},\"image\":{\"@id\":\"https:\\\/\\\/aktuelles.uni-frankfurt.de\\\/veranstaltungen\\\/die-nacht-ist-zum-dichten-da-frankfurter-poetikvorlesung-mit-silke-scheuermann\\\/#primaryimage\"},\"thumbnailUrl\":\"https:\\\/\\\/aktuelles.uni-frankfurt.de\\\/wp-content\\\/uploads\\\/2018\\\/02\\\/blog_UR_scheuermann01.jpg\",\"keywords\":[\"Poetikvorlesung\",\"UniReport\"],\"articleSection\":[\"Veranstaltungen\"],\"inLanguage\":\"en-GB\"},{\"@type\":\"WebPage\",\"@id\":\"https:\\\/\\\/aktuelles.uni-frankfurt.de\\\/veranstaltungen\\\/die-nacht-ist-zum-dichten-da-frankfurter-poetikvorlesung-mit-silke-scheuermann\\\/\",\"url\":\"https:\\\/\\\/aktuelles.uni-frankfurt.de\\\/veranstaltungen\\\/die-nacht-ist-zum-dichten-da-frankfurter-poetikvorlesung-mit-silke-scheuermann\\\/\",\"name\":\"Die Nacht ist zum Dichten da \\\/ Frankfurter Poetikvorlesung mit Silke Scheuermann | Aktuelles aus der Goethe-Universit\u00e4t Frankfurt\",\"isPartOf\":{\"@id\":\"https:\\\/\\\/aktuelles.uni-frankfurt.de\\\/#website\"},\"primaryImageOfPage\":{\"@id\":\"https:\\\/\\\/aktuelles.uni-frankfurt.de\\\/veranstaltungen\\\/die-nacht-ist-zum-dichten-da-frankfurter-poetikvorlesung-mit-silke-scheuermann\\\/#primaryimage\"},\"image\":{\"@id\":\"https:\\\/\\\/aktuelles.uni-frankfurt.de\\\/veranstaltungen\\\/die-nacht-ist-zum-dichten-da-frankfurter-poetikvorlesung-mit-silke-scheuermann\\\/#primaryimage\"},\"thumbnailUrl\":\"https:\\\/\\\/aktuelles.uni-frankfurt.de\\\/wp-content\\\/uploads\\\/2018\\\/02\\\/blog_UR_scheuermann01.jpg\",\"datePublished\":\"2018-02-01T12:09:49+00:00\",\"dateModified\":\"2018-02-01T12:11:37+00:00\",\"breadcrumb\":{\"@id\":\"https:\\\/\\\/aktuelles.uni-frankfurt.de\\\/veranstaltungen\\\/die-nacht-ist-zum-dichten-da-frankfurter-poetikvorlesung-mit-silke-scheuermann\\\/#breadcrumb\"},\"inLanguage\":\"en-GB\",\"potentialAction\":[{\"@type\":\"ReadAction\",\"target\":[\"https:\\\/\\\/aktuelles.uni-frankfurt.de\\\/veranstaltungen\\\/die-nacht-ist-zum-dichten-da-frankfurter-poetikvorlesung-mit-silke-scheuermann\\\/\"]}]},{\"@type\":\"ImageObject\",\"inLanguage\":\"en-GB\",\"@id\":\"https:\\\/\\\/aktuelles.uni-frankfurt.de\\\/veranstaltungen\\\/die-nacht-ist-zum-dichten-da-frankfurter-poetikvorlesung-mit-silke-scheuermann\\\/#primaryimage\",\"url\":\"https:\\\/\\\/aktuelles.uni-frankfurt.de\\\/wp-content\\\/uploads\\\/2018\\\/02\\\/blog_UR_scheuermann01.jpg\",\"contentUrl\":\"https:\\\/\\\/aktuelles.uni-frankfurt.de\\\/wp-content\\\/uploads\\\/2018\\\/02\\\/blog_UR_scheuermann01.jpg\",\"width\":650,\"height\":450},{\"@type\":\"BreadcrumbList\",\"@id\":\"https:\\\/\\\/aktuelles.uni-frankfurt.de\\\/veranstaltungen\\\/die-nacht-ist-zum-dichten-da-frankfurter-poetikvorlesung-mit-silke-scheuermann\\\/#breadcrumb\",\"itemListElement\":[{\"@type\":\"ListItem\",\"position\":1,\"name\":\"Startseite\",\"item\":\"https:\\\/\\\/aktuelles.uni-frankfurt.de\\\/\"},{\"@type\":\"ListItem\",\"position\":2,\"name\":\"Die Nacht ist zum Dichten da \\\/ Frankfurter Poetikvorlesung mit Silke Scheuermann\"}]},{\"@type\":\"WebSite\",\"@id\":\"https:\\\/\\\/aktuelles.uni-frankfurt.de\\\/#website\",\"url\":\"https:\\\/\\\/aktuelles.uni-frankfurt.de\\\/\",\"name\":\"Aktuelles aus der Goethe-Universit\u00e4t Frankfurt\",\"description\":\"Aktuelles aus der Goethe-Universit\u00e4t | Neues aus Forschung, Lehre, Studium\",\"publisher\":{\"@id\":\"https:\\\/\\\/aktuelles.uni-frankfurt.de\\\/#organization\"},\"potentialAction\":[{\"@type\":\"SearchAction\",\"target\":{\"@type\":\"EntryPoint\",\"urlTemplate\":\"https:\\\/\\\/aktuelles.uni-frankfurt.de\\\/?s={search_term_string}\"},\"query-input\":{\"@type\":\"PropertyValueSpecification\",\"valueRequired\":true,\"valueName\":\"search_term_string\"}}],\"inLanguage\":\"en-GB\"},{\"@type\":\"Organization\",\"@id\":\"https:\\\/\\\/aktuelles.uni-frankfurt.de\\\/#organization\",\"name\":\"Goethe-Universit\u00e4t\",\"url\":\"https:\\\/\\\/aktuelles.uni-frankfurt.de\\\/\",\"logo\":{\"@type\":\"ImageObject\",\"inLanguage\":\"en-GB\",\"@id\":\"https:\\\/\\\/aktuelles.uni-frankfurt.de\\\/#\\\/schema\\\/logo\\\/image\\\/\",\"url\":\"https:\\\/\\\/aktuelles.uni-frankfurt.de\\\/wp-content\\\/uploads\\\/2022\\\/03\\\/800px-Goethe-Logo.png\",\"contentUrl\":\"https:\\\/\\\/aktuelles.uni-frankfurt.de\\\/wp-content\\\/uploads\\\/2022\\\/03\\\/800px-Goethe-Logo.png\",\"width\":800,\"height\":436,\"caption\":\"Goethe-Universit\u00e4t\"},\"image\":{\"@id\":\"https:\\\/\\\/aktuelles.uni-frankfurt.de\\\/#\\\/schema\\\/logo\\\/image\\\/\"}},{\"@type\":\"Person\",\"@id\":\"https:\\\/\\\/aktuelles.uni-frankfurt.de\\\/#\\\/schema\\\/person\\\/370c4588b49f66f89d917e8bd01f72b0\",\"name\":\"Dr. Dirk Frank\",\"description\":\"Dr. Dirk Frank, 49, ist seit 2012 Pressereferent an der Goethe-Universit\u00e4t. Der promovierte Literaturwissenschaftler ist stellvertretender Leiter der Abteilung Marketing und Kommunikation und f\u00fcr die Redaktion des UniReport zust\u00e4ndig.\",\"sameAs\":[\"http:\\\/\\\/aktuelles.uni-frankfurt.de\\\/\"],\"url\":\"https:\\\/\\\/aktuelles.uni-frankfurt.de\\\/en\\\/author\\\/dr-dirkfrank\\\/\"}]}<\/script>\n<!-- \/ Yoast SEO plugin. -->","yoast_head_json":{"title":"Die Nacht ist zum Dichten da \/ Frankfurter Poetikvorlesung mit Silke Scheuermann | Aktuelles aus der Goethe-Universit\u00e4t Frankfurt","robots":{"index":"index","follow":"follow","max-snippet":"max-snippet:-1","max-image-preview":"max-image-preview:large","max-video-preview":"max-video-preview:-1"},"canonical":"https:\/\/aktuelles.uni-frankfurt.de\/en\/veranstaltungen\/die-nacht-ist-zum-dichten-da-frankfurter-poetikvorlesung-mit-silke-scheuermann\/","og_locale":"en_GB","og_type":"article","og_title":"Die Nacht ist zum Dichten da \/ Frankfurter Poetikvorlesung mit Silke Scheuermann | Aktuelles aus der Goethe-Universit\u00e4t Frankfurt","og_description":"Silke Scheuermann sprach in ihrer ersten Frankfurter Poetikvorlesung \u00fcber die Ausdrucksdimensionen des Gedichts. Ihr letzter Roman \u201eWovon wir lebten\u201c liegt gut sichtbar auf dem B\u00fcchertisch neben der B\u00fchne. Aber \u00fcber [&hellip;]","og_url":"https:\/\/aktuelles.uni-frankfurt.de\/en\/veranstaltungen\/die-nacht-ist-zum-dichten-da-frankfurter-poetikvorlesung-mit-silke-scheuermann\/","og_site_name":"Aktuelles aus der Goethe-Universit\u00e4t Frankfurt","article_published_time":"2018-02-01T12:09:49+00:00","article_modified_time":"2018-02-01T12:11:37+00:00","og_image":[{"width":650,"height":450,"url":"https:\/\/aktuelles.uni-frankfurt.de\/wp-content\/uploads\/2018\/02\/blog_UR_scheuermann01.jpg","type":"image\/jpeg"}],"author":"Dr. Dirk Frank","twitter_card":"summary_large_image","twitter_misc":{"Written by":"Dr. Dirk Frank","Estimated reading time":"3 minutes"},"schema":{"@context":"https:\/\/schema.org","@graph":[{"@type":"Article","@id":"https:\/\/aktuelles.uni-frankfurt.de\/veranstaltungen\/die-nacht-ist-zum-dichten-da-frankfurter-poetikvorlesung-mit-silke-scheuermann\/#article","isPartOf":{"@id":"https:\/\/aktuelles.uni-frankfurt.de\/veranstaltungen\/die-nacht-ist-zum-dichten-da-frankfurter-poetikvorlesung-mit-silke-scheuermann\/"},"author":{"name":"Dr. Dirk Frank","@id":"https:\/\/aktuelles.uni-frankfurt.de\/#\/schema\/person\/370c4588b49f66f89d917e8bd01f72b0"},"headline":"Die Nacht ist zum Dichten da \/ Frankfurter Poetikvorlesung mit Silke Scheuermann","datePublished":"2018-02-01T12:09:49+00:00","dateModified":"2018-02-01T12:11:37+00:00","mainEntityOfPage":{"@id":"https:\/\/aktuelles.uni-frankfurt.de\/veranstaltungen\/die-nacht-ist-zum-dichten-da-frankfurter-poetikvorlesung-mit-silke-scheuermann\/"},"wordCount":594,"publisher":{"@id":"https:\/\/aktuelles.uni-frankfurt.de\/#organization"},"image":{"@id":"https:\/\/aktuelles.uni-frankfurt.de\/veranstaltungen\/die-nacht-ist-zum-dichten-da-frankfurter-poetikvorlesung-mit-silke-scheuermann\/#primaryimage"},"thumbnailUrl":"https:\/\/aktuelles.uni-frankfurt.de\/wp-content\/uploads\/2018\/02\/blog_UR_scheuermann01.jpg","keywords":["Poetikvorlesung","UniReport"],"articleSection":["Veranstaltungen"],"inLanguage":"en-GB"},{"@type":"WebPage","@id":"https:\/\/aktuelles.uni-frankfurt.de\/veranstaltungen\/die-nacht-ist-zum-dichten-da-frankfurter-poetikvorlesung-mit-silke-scheuermann\/","url":"https:\/\/aktuelles.uni-frankfurt.de\/veranstaltungen\/die-nacht-ist-zum-dichten-da-frankfurter-poetikvorlesung-mit-silke-scheuermann\/","name":"Die Nacht ist zum Dichten da \/ Frankfurter Poetikvorlesung mit Silke Scheuermann | Aktuelles aus der Goethe-Universit\u00e4t Frankfurt","isPartOf":{"@id":"https:\/\/aktuelles.uni-frankfurt.de\/#website"},"primaryImageOfPage":{"@id":"https:\/\/aktuelles.uni-frankfurt.de\/veranstaltungen\/die-nacht-ist-zum-dichten-da-frankfurter-poetikvorlesung-mit-silke-scheuermann\/#primaryimage"},"image":{"@id":"https:\/\/aktuelles.uni-frankfurt.de\/veranstaltungen\/die-nacht-ist-zum-dichten-da-frankfurter-poetikvorlesung-mit-silke-scheuermann\/#primaryimage"},"thumbnailUrl":"https:\/\/aktuelles.uni-frankfurt.de\/wp-content\/uploads\/2018\/02\/blog_UR_scheuermann01.jpg","datePublished":"2018-02-01T12:09:49+00:00","dateModified":"2018-02-01T12:11:37+00:00","breadcrumb":{"@id":"https:\/\/aktuelles.uni-frankfurt.de\/veranstaltungen\/die-nacht-ist-zum-dichten-da-frankfurter-poetikvorlesung-mit-silke-scheuermann\/#breadcrumb"},"inLanguage":"en-GB","potentialAction":[{"@type":"ReadAction","target":["https:\/\/aktuelles.uni-frankfurt.de\/veranstaltungen\/die-nacht-ist-zum-dichten-da-frankfurter-poetikvorlesung-mit-silke-scheuermann\/"]}]},{"@type":"ImageObject","inLanguage":"en-GB","@id":"https:\/\/aktuelles.uni-frankfurt.de\/veranstaltungen\/die-nacht-ist-zum-dichten-da-frankfurter-poetikvorlesung-mit-silke-scheuermann\/#primaryimage","url":"https:\/\/aktuelles.uni-frankfurt.de\/wp-content\/uploads\/2018\/02\/blog_UR_scheuermann01.jpg","contentUrl":"https:\/\/aktuelles.uni-frankfurt.de\/wp-content\/uploads\/2018\/02\/blog_UR_scheuermann01.jpg","width":650,"height":450},{"@type":"BreadcrumbList","@id":"https:\/\/aktuelles.uni-frankfurt.de\/veranstaltungen\/die-nacht-ist-zum-dichten-da-frankfurter-poetikvorlesung-mit-silke-scheuermann\/#breadcrumb","itemListElement":[{"@type":"ListItem","position":1,"name":"Startseite","item":"https:\/\/aktuelles.uni-frankfurt.de\/"},{"@type":"ListItem","position":2,"name":"Die Nacht ist zum Dichten da \/ Frankfurter Poetikvorlesung mit Silke Scheuermann"}]},{"@type":"WebSite","@id":"https:\/\/aktuelles.uni-frankfurt.de\/#website","url":"https:\/\/aktuelles.uni-frankfurt.de\/","name":"Aktuelles aus der Goethe-Universit\u00e4t Frankfurt","description":"Aktuelles aus der Goethe-Universit\u00e4t | Neues aus Forschung, Lehre, Studium","publisher":{"@id":"https:\/\/aktuelles.uni-frankfurt.de\/#organization"},"potentialAction":[{"@type":"SearchAction","target":{"@type":"EntryPoint","urlTemplate":"https:\/\/aktuelles.uni-frankfurt.de\/?s={search_term_string}"},"query-input":{"@type":"PropertyValueSpecification","valueRequired":true,"valueName":"search_term_string"}}],"inLanguage":"en-GB"},{"@type":"Organization","@id":"https:\/\/aktuelles.uni-frankfurt.de\/#organization","name":"Goethe University Frankfurt","url":"https:\/\/aktuelles.uni-frankfurt.de\/","logo":{"@type":"ImageObject","inLanguage":"en-GB","@id":"https:\/\/aktuelles.uni-frankfurt.de\/#\/schema\/logo\/image\/","url":"https:\/\/aktuelles.uni-frankfurt.de\/wp-content\/uploads\/2022\/03\/800px-Goethe-Logo.png","contentUrl":"https:\/\/aktuelles.uni-frankfurt.de\/wp-content\/uploads\/2022\/03\/800px-Goethe-Logo.png","width":800,"height":436,"caption":"Goethe-Universit\u00e4t"},"image":{"@id":"https:\/\/aktuelles.uni-frankfurt.de\/#\/schema\/logo\/image\/"}},{"@type":"Person","@id":"https:\/\/aktuelles.uni-frankfurt.de\/#\/schema\/person\/370c4588b49f66f89d917e8bd01f72b0","name":"Dr. Dirk Frank","description":"Dr. Dirk Frank, 49, ist seit 2012 Pressereferent an der Goethe-Universit\u00e4t. Der promovierte Literaturwissenschaftler ist stellvertretender Leiter der Abteilung Marketing und Kommunikation und f\u00fcr die Redaktion des UniReport zust\u00e4ndig.","sameAs":["http:\/\/aktuelles.uni-frankfurt.de\/"],"url":"https:\/\/aktuelles.uni-frankfurt.de\/en\/author\/dr-dirkfrank\/"}]}},"_links":{"self":[{"href":"https:\/\/aktuelles.uni-frankfurt.de\/en\/wp-json\/wp\/v2\/posts\/24961","targetHints":{"allow":["GET"]}}],"collection":[{"href":"https:\/\/aktuelles.uni-frankfurt.de\/en\/wp-json\/wp\/v2\/posts"}],"about":[{"href":"https:\/\/aktuelles.uni-frankfurt.de\/en\/wp-json\/wp\/v2\/types\/post"}],"author":[{"embeddable":true,"href":"https:\/\/aktuelles.uni-frankfurt.de\/en\/wp-json\/wp\/v2\/users\/4"}],"replies":[{"embeddable":true,"href":"https:\/\/aktuelles.uni-frankfurt.de\/en\/wp-json\/wp\/v2\/comments?post=24961"}],"version-history":[{"count":0,"href":"https:\/\/aktuelles.uni-frankfurt.de\/en\/wp-json\/wp\/v2\/posts\/24961\/revisions"}],"wp:featuredmedia":[{"embeddable":true,"href":"https:\/\/aktuelles.uni-frankfurt.de\/en\/wp-json\/wp\/v2\/media\/24973"}],"wp:attachment":[{"href":"https:\/\/aktuelles.uni-frankfurt.de\/en\/wp-json\/wp\/v2\/media?parent=24961"}],"wp:term":[{"taxonomy":"category","embeddable":true,"href":"https:\/\/aktuelles.uni-frankfurt.de\/en\/wp-json\/wp\/v2\/categories?post=24961"},{"taxonomy":"post_tag","embeddable":true,"href":"https:\/\/aktuelles.uni-frankfurt.de\/en\/wp-json\/wp\/v2\/tags?post=24961"},{"taxonomy":"post_folder","embeddable":true,"href":"https:\/\/aktuelles.uni-frankfurt.de\/en\/wp-json\/wp\/v2\/post_folder?post=24961"}],"curies":[{"name":"wp","href":"https:\/\/api.w.org\/{rel}","templated":true}]}}