{"id":2748,"date":"2014-10-09T13:24:58","date_gmt":"2014-10-09T11:24:58","guid":{"rendered":"http:\/\/aktuelles.uni-frankfurt.de\/?p=2748"},"modified":"2016-01-20T13:34:48","modified_gmt":"2016-01-20T12:34:48","slug":"die-uno-und-global-governance","status":"publish","type":"post","link":"https:\/\/aktuelles.uni-frankfurt.de\/en\/forschung\/die-uno-und-global-governance\/","title":{"rendered":"Die UNO und Global Governance"},"content":{"rendered":"<figure id=\"attachment_2753\" aria-describedby=\"caption-attachment-2753\" style=\"width: 210px\" class=\"wp-caption alignleft\"><img fetchpriority=\"high\" decoding=\"async\" class=\"wp-image-2753 size-medium\" src=\"https:\/\/aktuelles.uni-frankfurt.de\/wp-content\/uploads\/2016\/01\/blog_unireport_buecher_bruehl-210x300.jpg\" alt=\"Tanja Br\u00fchl, Elvira Rosert (Hg.), Die UNO und Global Governance\" width=\"210\" height=\"300\" srcset=\"https:\/\/aktuelles.uni-frankfurt.de\/wp-content\/uploads\/2016\/01\/blog_unireport_buecher_bruehl-210x300.jpg 210w, https:\/\/aktuelles.uni-frankfurt.de\/wp-content\/uploads\/2016\/01\/blog_unireport_buecher_bruehl.jpg 400w\" sizes=\"(max-width: 210px) 100vw, 210px\" \/><figcaption id=\"caption-attachment-2753\" class=\"wp-caption-text\">Tanja Br\u00fchl, Elvira Rosert (Hg.),<br \/> Die UNO und Global Governance<\/figcaption><\/figure>\n<p>Den Grundstein f\u00fcr die damals wie heute zentrale internationale Organisation legten die Siegerm\u00e4chte w\u00e4hrend des Zweiten Weltkriegs durch die Gr\u00fcndung der Vereinten Nationen (United Nations, UN). Doch ist die UN heute keine rein zwischenstaatliche Organisation mehr.<\/p>\n<p>Nichtstaatliche Akteure wie Nichtregierungsorganisationen und Unternehmen werden zunehmend an den dort stattfindenden Prozessen der Normsetzung, -umsetzung und -durchsetzung beteiligt.<\/p>\n<p>Die Theorien der Internationalen Beziehungen kommen, wie in dem Band ausgef\u00fchrt wird, zu unterschiedlichen Aussagen \u00fcber die Friedenswirkung von internationalen Organisationen.<\/p>\n<p>Der vorliegende Band f\u00fchrt in die Arbeit der UN ein und tr\u00e4gt dem Einzug von Global Governance in die Organisation Rechnung, indem es einen Analyserahmen zur Untersuchung neuer Modi globalen Regierens entwickelt und diesen auf f\u00fcnf ausgew\u00e4hlte Sachbereiche (Friedenssicherung, R\u00fcstungskontrolle und Abr\u00fcstung, Menschenrechtsschutz, Entwicklungspolitik und Umweltpolitik) anwendet.<\/p>\n<p>[dt_call_to_action content_size=&#8220;small&#8220; background=&#8220;fancy&#8220; line=&#8220;true&#8220; animation=&#8220;fadeIn&#8220;]<\/p>\n<p>Tanja Br\u00fchl ist Professorin f\u00fcr Politikwissenschaft mit dem Schwerpunkt Internationale Institutionen und Friedensprozesse und Vizepr\u00e4sidentin der Goethe-Universit\u00e4t.<\/p>\n<p>Elvira Rosert ist wissenschaftliche Mitarbeiterin an der Professur f\u00fcr Internationale Institutionen und Friedensprozesse an der Goethe-Universit\u00e4t sowie im Programmbereich Sicherheits- und Weltordnungspolitik von Staaten an der Hessischen Stiftung Friedens- und Konfliktforschung.<\/p>\n<p>Tanja Br\u00fchl, Elvira Rosert (Hg.)<br \/>\nDie UNO und Global Governance<br \/>\nSpringer VS 2014, Wiesbaden<br \/>\n417 Seiten, kartoniert, 29,99 Euro<\/p>\n<p>[\/dt_call_to_action]<\/p>\n<p>&nbsp;<\/p>\n","protected":false},"excerpt":{"rendered":"<p>Den Grundstein f\u00fcr die damals wie heute zentrale internationale Organisation legten die Siegerm\u00e4chte w\u00e4hrend des Zweiten Weltkriegs durch die Gr\u00fcndung der Vereinten Nationen (United Nations, UN). Doch ist die UN [&hellip;]<\/p>\n","protected":false},"author":8,"featured_media":2753,"comment_status":"closed","ping_status":"closed","sticky":false,"template":"","format":"standard","meta":{"_eb_attr":"","_price":"","_stock":"","_tribe_ticket_header":"","_tribe_default_ticket_provider":"","_ticket_start_date":"","_ticket_end_date":"","_tribe_ticket_show_description":"","_tribe_ticket_show_not_going":false,"_tribe_ticket_use_global_stock":"","_tribe_ticket_global_stock_level":"","_global_stock_mode":"","_global_stock_cap":"","_tribe_rsvp_for_event":"","_tribe_ticket_going_count":"","_tribe_ticket_not_going_count":"","_tribe_tickets_list":"[]","_tribe_ticket_has_attendee_info_fields":false,"footnotes":""},"categories":[3],"tags":[26,10],"post_folder":[],"class_list":["post-2748","post","type-post","status-publish","format-standard","has-post-thumbnail","hentry","category-forschung","tag-buecher","tag-unireport"],"yoast_head":"<!-- This site is optimized with the Yoast SEO plugin v27.5 - https:\/\/yoast.com\/product\/yoast-seo-wordpress\/ -->\n<title>Die UNO und Global Governance | Aktuelles aus der Goethe-Universit\u00e4t Frankfurt<\/title>\n<meta name=\"robots\" content=\"index, follow, max-snippet:-1, max-image-preview:large, max-video-preview:-1\" \/>\n<link rel=\"canonical\" href=\"https:\/\/aktuelles.uni-frankfurt.de\/en\/forschung\/die-uno-und-global-governance\/\" \/>\n<meta property=\"og:locale\" content=\"en_GB\" \/>\n<meta property=\"og:type\" content=\"article\" \/>\n<meta property=\"og:title\" content=\"Die UNO und Global Governance | Aktuelles aus der Goethe-Universit\u00e4t Frankfurt\" \/>\n<meta property=\"og:description\" content=\"Den Grundstein f\u00fcr die damals wie heute zentrale internationale Organisation legten die Siegerm\u00e4chte w\u00e4hrend des Zweiten Weltkriegs durch die Gr\u00fcndung der Vereinten Nationen (United Nations, UN). Doch ist die UN [&hellip;]\" \/>\n<meta property=\"og:url\" content=\"https:\/\/aktuelles.uni-frankfurt.de\/en\/forschung\/die-uno-und-global-governance\/\" \/>\n<meta property=\"og:site_name\" content=\"Aktuelles aus der Goethe-Universit\u00e4t Frankfurt\" \/>\n<meta property=\"article:published_time\" content=\"2014-10-09T11:24:58+00:00\" \/>\n<meta property=\"article:modified_time\" content=\"2016-01-20T12:34:48+00:00\" \/>\n<meta property=\"og:image\" content=\"https:\/\/aktuelles.uni-frankfurt.de\/wp-content\/uploads\/2016\/01\/blog_unireport_buecher_bruehl.jpg\" \/>\n\t<meta property=\"og:image:width\" content=\"400\" \/>\n\t<meta property=\"og:image:height\" content=\"571\" \/>\n\t<meta property=\"og:image:type\" content=\"image\/jpeg\" \/>\n<meta name=\"author\" content=\"-\" \/>\n<meta name=\"twitter:card\" content=\"summary_large_image\" \/>\n<meta name=\"twitter:label1\" content=\"Written by\" \/>\n\t<meta name=\"twitter:data1\" content=\"-\" \/>\n\t<meta name=\"twitter:label2\" content=\"Estimated reading time\" \/>\n\t<meta name=\"twitter:data2\" content=\"1 minute\" \/>\n<script type=\"application\/ld+json\" class=\"yoast-schema-graph\">{\"@context\":\"https:\\\/\\\/schema.org\",\"@graph\":[{\"@type\":\"Article\",\"@id\":\"https:\\\/\\\/aktuelles.uni-frankfurt.de\\\/forschung\\\/die-uno-und-global-governance\\\/#article\",\"isPartOf\":{\"@id\":\"https:\\\/\\\/aktuelles.uni-frankfurt.de\\\/forschung\\\/die-uno-und-global-governance\\\/\"},\"author\":{\"name\":\"-\",\"@id\":\"https:\\\/\\\/aktuelles.uni-frankfurt.de\\\/#\\\/schema\\\/person\\\/8e55ea338fb65d1ce87a91565d1f1739\"},\"headline\":\"Die UNO und Global Governance\",\"datePublished\":\"2014-10-09T11:24:58+00:00\",\"dateModified\":\"2016-01-20T12:34:48+00:00\",\"mainEntityOfPage\":{\"@id\":\"https:\\\/\\\/aktuelles.uni-frankfurt.de\\\/forschung\\\/die-uno-und-global-governance\\\/\"},\"wordCount\":246,\"publisher\":{\"@id\":\"https:\\\/\\\/aktuelles.uni-frankfurt.de\\\/#organization\"},\"image\":{\"@id\":\"https:\\\/\\\/aktuelles.uni-frankfurt.de\\\/forschung\\\/die-uno-und-global-governance\\\/#primaryimage\"},\"thumbnailUrl\":\"https:\\\/\\\/aktuelles.uni-frankfurt.de\\\/wp-content\\\/uploads\\\/2016\\\/01\\\/blog_unireport_buecher_bruehl.jpg\",\"keywords\":[\"B\u00fccher\",\"UniReport\"],\"articleSection\":[\"Forschung\"],\"inLanguage\":\"en-GB\"},{\"@type\":\"WebPage\",\"@id\":\"https:\\\/\\\/aktuelles.uni-frankfurt.de\\\/forschung\\\/die-uno-und-global-governance\\\/\",\"url\":\"https:\\\/\\\/aktuelles.uni-frankfurt.de\\\/forschung\\\/die-uno-und-global-governance\\\/\",\"name\":\"Die UNO und Global Governance | Aktuelles aus der Goethe-Universit\u00e4t Frankfurt\",\"isPartOf\":{\"@id\":\"https:\\\/\\\/aktuelles.uni-frankfurt.de\\\/#website\"},\"primaryImageOfPage\":{\"@id\":\"https:\\\/\\\/aktuelles.uni-frankfurt.de\\\/forschung\\\/die-uno-und-global-governance\\\/#primaryimage\"},\"image\":{\"@id\":\"https:\\\/\\\/aktuelles.uni-frankfurt.de\\\/forschung\\\/die-uno-und-global-governance\\\/#primaryimage\"},\"thumbnailUrl\":\"https:\\\/\\\/aktuelles.uni-frankfurt.de\\\/wp-content\\\/uploads\\\/2016\\\/01\\\/blog_unireport_buecher_bruehl.jpg\",\"datePublished\":\"2014-10-09T11:24:58+00:00\",\"dateModified\":\"2016-01-20T12:34:48+00:00\",\"breadcrumb\":{\"@id\":\"https:\\\/\\\/aktuelles.uni-frankfurt.de\\\/forschung\\\/die-uno-und-global-governance\\\/#breadcrumb\"},\"inLanguage\":\"en-GB\",\"potentialAction\":[{\"@type\":\"ReadAction\",\"target\":[\"https:\\\/\\\/aktuelles.uni-frankfurt.de\\\/forschung\\\/die-uno-und-global-governance\\\/\"]}]},{\"@type\":\"ImageObject\",\"inLanguage\":\"en-GB\",\"@id\":\"https:\\\/\\\/aktuelles.uni-frankfurt.de\\\/forschung\\\/die-uno-und-global-governance\\\/#primaryimage\",\"url\":\"https:\\\/\\\/aktuelles.uni-frankfurt.de\\\/wp-content\\\/uploads\\\/2016\\\/01\\\/blog_unireport_buecher_bruehl.jpg\",\"contentUrl\":\"https:\\\/\\\/aktuelles.uni-frankfurt.de\\\/wp-content\\\/uploads\\\/2016\\\/01\\\/blog_unireport_buecher_bruehl.jpg\",\"width\":400,\"height\":571,\"caption\":\"Tanja Br\u00fchl, Elvira Rosert (Hg.), Die UNO und Global Governance\"},{\"@type\":\"BreadcrumbList\",\"@id\":\"https:\\\/\\\/aktuelles.uni-frankfurt.de\\\/forschung\\\/die-uno-und-global-governance\\\/#breadcrumb\",\"itemListElement\":[{\"@type\":\"ListItem\",\"position\":1,\"name\":\"Startseite\",\"item\":\"https:\\\/\\\/aktuelles.uni-frankfurt.de\\\/\"},{\"@type\":\"ListItem\",\"position\":2,\"name\":\"Die UNO und Global Governance\"}]},{\"@type\":\"WebSite\",\"@id\":\"https:\\\/\\\/aktuelles.uni-frankfurt.de\\\/#website\",\"url\":\"https:\\\/\\\/aktuelles.uni-frankfurt.de\\\/\",\"name\":\"Aktuelles aus der Goethe-Universit\u00e4t Frankfurt\",\"description\":\"Aktuelles aus der Goethe-Universit\u00e4t | Neues aus Forschung, Lehre, Studium\",\"publisher\":{\"@id\":\"https:\\\/\\\/aktuelles.uni-frankfurt.de\\\/#organization\"},\"potentialAction\":[{\"@type\":\"SearchAction\",\"target\":{\"@type\":\"EntryPoint\",\"urlTemplate\":\"https:\\\/\\\/aktuelles.uni-frankfurt.de\\\/?s={search_term_string}\"},\"query-input\":{\"@type\":\"PropertyValueSpecification\",\"valueRequired\":true,\"valueName\":\"search_term_string\"}}],\"inLanguage\":\"en-GB\"},{\"@type\":\"Organization\",\"@id\":\"https:\\\/\\\/aktuelles.uni-frankfurt.de\\\/#organization\",\"name\":\"Goethe-Universit\u00e4t\",\"url\":\"https:\\\/\\\/aktuelles.uni-frankfurt.de\\\/\",\"logo\":{\"@type\":\"ImageObject\",\"inLanguage\":\"en-GB\",\"@id\":\"https:\\\/\\\/aktuelles.uni-frankfurt.de\\\/#\\\/schema\\\/logo\\\/image\\\/\",\"url\":\"https:\\\/\\\/aktuelles.uni-frankfurt.de\\\/wp-content\\\/uploads\\\/2022\\\/03\\\/800px-Goethe-Logo.png\",\"contentUrl\":\"https:\\\/\\\/aktuelles.uni-frankfurt.de\\\/wp-content\\\/uploads\\\/2022\\\/03\\\/800px-Goethe-Logo.png\",\"width\":800,\"height\":436,\"caption\":\"Goethe-Universit\u00e4t\"},\"image\":{\"@id\":\"https:\\\/\\\/aktuelles.uni-frankfurt.de\\\/#\\\/schema\\\/logo\\\/image\\\/\"}},{\"@type\":\"Person\",\"@id\":\"https:\\\/\\\/aktuelles.uni-frankfurt.de\\\/#\\\/schema\\\/person\\\/8e55ea338fb65d1ce87a91565d1f1739\",\"name\":\"-\",\"description\":\"Dieser Beitrag wurde von der Online-Redaktion ver\u00f6ffentlicht. Wenn der Beitrag von einem Gastautoren verfasst wurde, findet sich dieser Hinweis am Ende des jeweiligen Artikels.\",\"sameAs\":[\"http:\\\/\\\/aktuelles.uni-frankfurt.de\\\/autoren\"],\"url\":\"https:\\\/\\\/aktuelles.uni-frankfurt.de\\\/en\\\/author\\\/redaktion\\\/\"}]}<\/script>\n<!-- \/ Yoast SEO plugin. -->","yoast_head_json":{"title":"Die UNO und Global Governance | Aktuelles aus der Goethe-Universit\u00e4t Frankfurt","robots":{"index":"index","follow":"follow","max-snippet":"max-snippet:-1","max-image-preview":"max-image-preview:large","max-video-preview":"max-video-preview:-1"},"canonical":"https:\/\/aktuelles.uni-frankfurt.de\/en\/forschung\/die-uno-und-global-governance\/","og_locale":"en_GB","og_type":"article","og_title":"Die UNO und Global Governance | Aktuelles aus der Goethe-Universit\u00e4t Frankfurt","og_description":"Den Grundstein f\u00fcr die damals wie heute zentrale internationale Organisation legten die Siegerm\u00e4chte w\u00e4hrend des Zweiten Weltkriegs durch die Gr\u00fcndung der Vereinten Nationen (United Nations, UN). Doch ist die UN [&hellip;]","og_url":"https:\/\/aktuelles.uni-frankfurt.de\/en\/forschung\/die-uno-und-global-governance\/","og_site_name":"Aktuelles aus der Goethe-Universit\u00e4t Frankfurt","article_published_time":"2014-10-09T11:24:58+00:00","article_modified_time":"2016-01-20T12:34:48+00:00","og_image":[{"width":400,"height":571,"url":"https:\/\/aktuelles.uni-frankfurt.de\/wp-content\/uploads\/2016\/01\/blog_unireport_buecher_bruehl.jpg","type":"image\/jpeg"}],"author":"-","twitter_card":"summary_large_image","twitter_misc":{"Written by":"-","Estimated reading time":"1 minute"},"schema":{"@context":"https:\/\/schema.org","@graph":[{"@type":"Article","@id":"https:\/\/aktuelles.uni-frankfurt.de\/forschung\/die-uno-und-global-governance\/#article","isPartOf":{"@id":"https:\/\/aktuelles.uni-frankfurt.de\/forschung\/die-uno-und-global-governance\/"},"author":{"name":"-","@id":"https:\/\/aktuelles.uni-frankfurt.de\/#\/schema\/person\/8e55ea338fb65d1ce87a91565d1f1739"},"headline":"Die UNO und Global Governance","datePublished":"2014-10-09T11:24:58+00:00","dateModified":"2016-01-20T12:34:48+00:00","mainEntityOfPage":{"@id":"https:\/\/aktuelles.uni-frankfurt.de\/forschung\/die-uno-und-global-governance\/"},"wordCount":246,"publisher":{"@id":"https:\/\/aktuelles.uni-frankfurt.de\/#organization"},"image":{"@id":"https:\/\/aktuelles.uni-frankfurt.de\/forschung\/die-uno-und-global-governance\/#primaryimage"},"thumbnailUrl":"https:\/\/aktuelles.uni-frankfurt.de\/wp-content\/uploads\/2016\/01\/blog_unireport_buecher_bruehl.jpg","keywords":["B\u00fccher","UniReport"],"articleSection":["Forschung"],"inLanguage":"en-GB"},{"@type":"WebPage","@id":"https:\/\/aktuelles.uni-frankfurt.de\/forschung\/die-uno-und-global-governance\/","url":"https:\/\/aktuelles.uni-frankfurt.de\/forschung\/die-uno-und-global-governance\/","name":"Die UNO und Global Governance | Aktuelles aus der Goethe-Universit\u00e4t Frankfurt","isPartOf":{"@id":"https:\/\/aktuelles.uni-frankfurt.de\/#website"},"primaryImageOfPage":{"@id":"https:\/\/aktuelles.uni-frankfurt.de\/forschung\/die-uno-und-global-governance\/#primaryimage"},"image":{"@id":"https:\/\/aktuelles.uni-frankfurt.de\/forschung\/die-uno-und-global-governance\/#primaryimage"},"thumbnailUrl":"https:\/\/aktuelles.uni-frankfurt.de\/wp-content\/uploads\/2016\/01\/blog_unireport_buecher_bruehl.jpg","datePublished":"2014-10-09T11:24:58+00:00","dateModified":"2016-01-20T12:34:48+00:00","breadcrumb":{"@id":"https:\/\/aktuelles.uni-frankfurt.de\/forschung\/die-uno-und-global-governance\/#breadcrumb"},"inLanguage":"en-GB","potentialAction":[{"@type":"ReadAction","target":["https:\/\/aktuelles.uni-frankfurt.de\/forschung\/die-uno-und-global-governance\/"]}]},{"@type":"ImageObject","inLanguage":"en-GB","@id":"https:\/\/aktuelles.uni-frankfurt.de\/forschung\/die-uno-und-global-governance\/#primaryimage","url":"https:\/\/aktuelles.uni-frankfurt.de\/wp-content\/uploads\/2016\/01\/blog_unireport_buecher_bruehl.jpg","contentUrl":"https:\/\/aktuelles.uni-frankfurt.de\/wp-content\/uploads\/2016\/01\/blog_unireport_buecher_bruehl.jpg","width":400,"height":571,"caption":"Tanja Br\u00fchl, Elvira Rosert (Hg.), Die UNO und Global Governance"},{"@type":"BreadcrumbList","@id":"https:\/\/aktuelles.uni-frankfurt.de\/forschung\/die-uno-und-global-governance\/#breadcrumb","itemListElement":[{"@type":"ListItem","position":1,"name":"Startseite","item":"https:\/\/aktuelles.uni-frankfurt.de\/"},{"@type":"ListItem","position":2,"name":"Die UNO und Global Governance"}]},{"@type":"WebSite","@id":"https:\/\/aktuelles.uni-frankfurt.de\/#website","url":"https:\/\/aktuelles.uni-frankfurt.de\/","name":"Aktuelles aus der Goethe-Universit\u00e4t Frankfurt","description":"Aktuelles aus der Goethe-Universit\u00e4t | Neues aus Forschung, Lehre, Studium","publisher":{"@id":"https:\/\/aktuelles.uni-frankfurt.de\/#organization"},"potentialAction":[{"@type":"SearchAction","target":{"@type":"EntryPoint","urlTemplate":"https:\/\/aktuelles.uni-frankfurt.de\/?s={search_term_string}"},"query-input":{"@type":"PropertyValueSpecification","valueRequired":true,"valueName":"search_term_string"}}],"inLanguage":"en-GB"},{"@type":"Organization","@id":"https:\/\/aktuelles.uni-frankfurt.de\/#organization","name":"Goethe University Frankfurt","url":"https:\/\/aktuelles.uni-frankfurt.de\/","logo":{"@type":"ImageObject","inLanguage":"en-GB","@id":"https:\/\/aktuelles.uni-frankfurt.de\/#\/schema\/logo\/image\/","url":"https:\/\/aktuelles.uni-frankfurt.de\/wp-content\/uploads\/2022\/03\/800px-Goethe-Logo.png","contentUrl":"https:\/\/aktuelles.uni-frankfurt.de\/wp-content\/uploads\/2022\/03\/800px-Goethe-Logo.png","width":800,"height":436,"caption":"Goethe-Universit\u00e4t"},"image":{"@id":"https:\/\/aktuelles.uni-frankfurt.de\/#\/schema\/logo\/image\/"}},{"@type":"Person","@id":"https:\/\/aktuelles.uni-frankfurt.de\/#\/schema\/person\/8e55ea338fb65d1ce87a91565d1f1739","name":"-","description":"Dieser Beitrag wurde von der Online-Redaktion ver\u00f6ffentlicht. Wenn der Beitrag von einem Gastautoren verfasst wurde, findet sich dieser Hinweis am Ende des jeweiligen Artikels.","sameAs":["http:\/\/aktuelles.uni-frankfurt.de\/autoren"],"url":"https:\/\/aktuelles.uni-frankfurt.de\/en\/author\/redaktion\/"}]}},"_links":{"self":[{"href":"https:\/\/aktuelles.uni-frankfurt.de\/en\/wp-json\/wp\/v2\/posts\/2748","targetHints":{"allow":["GET"]}}],"collection":[{"href":"https:\/\/aktuelles.uni-frankfurt.de\/en\/wp-json\/wp\/v2\/posts"}],"about":[{"href":"https:\/\/aktuelles.uni-frankfurt.de\/en\/wp-json\/wp\/v2\/types\/post"}],"author":[{"embeddable":true,"href":"https:\/\/aktuelles.uni-frankfurt.de\/en\/wp-json\/wp\/v2\/users\/8"}],"replies":[{"embeddable":true,"href":"https:\/\/aktuelles.uni-frankfurt.de\/en\/wp-json\/wp\/v2\/comments?post=2748"}],"version-history":[{"count":0,"href":"https:\/\/aktuelles.uni-frankfurt.de\/en\/wp-json\/wp\/v2\/posts\/2748\/revisions"}],"wp:featuredmedia":[{"embeddable":true,"href":"https:\/\/aktuelles.uni-frankfurt.de\/en\/wp-json\/wp\/v2\/media\/2753"}],"wp:attachment":[{"href":"https:\/\/aktuelles.uni-frankfurt.de\/en\/wp-json\/wp\/v2\/media?parent=2748"}],"wp:term":[{"taxonomy":"category","embeddable":true,"href":"https:\/\/aktuelles.uni-frankfurt.de\/en\/wp-json\/wp\/v2\/categories?post=2748"},{"taxonomy":"post_tag","embeddable":true,"href":"https:\/\/aktuelles.uni-frankfurt.de\/en\/wp-json\/wp\/v2\/tags?post=2748"},{"taxonomy":"post_folder","embeddable":true,"href":"https:\/\/aktuelles.uni-frankfurt.de\/en\/wp-json\/wp\/v2\/post_folder?post=2748"}],"curies":[{"name":"wp","href":"https:\/\/api.w.org\/{rel}","templated":true}]}}