{"id":2756,"date":"2014-10-09T13:35:19","date_gmt":"2014-10-09T11:35:19","guid":{"rendered":"http:\/\/aktuelles.uni-frankfurt.de\/?p=2756"},"modified":"2016-01-20T13:42:38","modified_gmt":"2016-01-20T12:42:38","slug":"einzeln-und-gemeinsam","status":"publish","type":"post","link":"https:\/\/aktuelles.uni-frankfurt.de\/en\/gesellschaft\/einzeln-und-gemeinsam\/","title":{"rendered":"Einzeln und Gemeinsam"},"content":{"rendered":"<figure id=\"attachment_2757\" aria-describedby=\"caption-attachment-2757\" style=\"width: 218px\" class=\"wp-caption alignleft\"><img fetchpriority=\"high\" decoding=\"async\" class=\"wp-image-2757 size-medium\" src=\"https:\/\/aktuelles.uni-frankfurt.de\/wp-content\/uploads\/2016\/01\/blog_unireport_buecher_starke-frauen-e1453293671144-218x300.jpg\" alt=\"Helma Lutz, Marianne Schmidbauer, Verena Specht-Ronique, Anja Wolde (Hg.), Einzeln und Gemeinsam, 100 Jahre starke Frauen an der Goethe-Universit\u00e4t\" width=\"218\" height=\"300\" srcset=\"https:\/\/aktuelles.uni-frankfurt.de\/wp-content\/uploads\/2016\/01\/blog_unireport_buecher_starke-frauen-e1453293671144-218x300.jpg 218w, https:\/\/aktuelles.uni-frankfurt.de\/wp-content\/uploads\/2016\/01\/blog_unireport_buecher_starke-frauen-e1453293671144.jpg 384w\" sizes=\"(max-width: 218px) 100vw, 218px\" \/><figcaption id=\"caption-attachment-2757\" class=\"wp-caption-text\">Helma Lutz, Marianne Schmidbauer, Verena Specht-Ronique, Anja Wolde (Hg.), Einzeln und Gemeinsam, 100 Jahre starke Frauen an der Goethe-Universit\u00e4t<\/figcaption><\/figure>\n<p>Locker geschrieben l\u00e4dt der Band zum Entdecken von Geschichten starker Frauen der Goethe-Universit\u00e4t ein. Es sind Portr\u00e4ts, die einen kleinen Teil der Frauen sichtbar machen, f\u00fcr die die Goethe-Universit\u00e4t einen wichtigen Ort im Leben darstellte und die seit 1914 an der Goethe-Universit\u00e4t gewirkt haben und f\u00fcr die Entwicklung der Universit\u00e4t bedeutsam waren.<\/p>\n<p>Zum Beispiel wird die Dekanatssekret\u00e4rin Ruth Stenger vorgestellt, die in ihrer Laufbahn mit 21 Dekanen zusammenarbeitete. Oder Paula Reinhard, die 32 Jahre lang der \u201eGute Geist\u201c der Mensa war und deren Geburtstag so viel Beachtung fand wie kaum ein anderer an der gesamten Universit\u00e4t.<\/p>\n<p>Oder Angela Davis, eine Intellektuelle und B\u00fcrgerrechtlerin, die 1965 zwei Jahre lang Philosophie und Soziologie unter anderem bei Theodor Adorno und Max Horkheimer an der Goethe-Universit\u00e4t studierte und eine Ikone des Freiheitskampfes ist. Mit dem vorliegenden Band werden die Leistungen der Frauen an der Goethe-Universit\u00e4t wahrgenommen und gew\u00fcrdigt.<\/p>\n<p>[dt_call_to_action content_size=&#8220;small&#8220; background=&#8220;fancy&#8220; line=&#8220;true&#8220; animation=&#8220;fadeIn&#8220;]<\/p>\n<p>Dr. Anja Wolde ist Frauenbeauftragte und Leiterin des Gleichstellungsb\u00fcros der Goethe-Universit\u00e4t. Helma Lutz ist Professorin f\u00fcr Soziologie mit Schwerpunkt Frauen- und Geschlechterforschung an der Goethe-Universit\u00e4t.<\/p>\n<p>Verena Specht-Ronique ist Alumna und freie Mitarbeiterin beim Gleichstellungsb\u00fcro der Goethe-Universit\u00e4t. Dr. Marianne Schmidbauer ist wissenschaftliche Koordinatorin am Cornelia Goethe Centrum.<\/p>\n<p>Helma Lutz, Marianne Schmidbauer, Verena Specht-Ronique, Anja Wolde (Hg.)<br \/>\nEinzeln und Gemeinsam<br \/>\n100 Jahre starke Frauen an der Goethe- Universit\u00e4t<br \/>\nGleichstellungsb\u00fcro Goethe-Universit\u00e4t<br \/>\n2014, Frankfurt<br \/>\n124 Seiten, kartoniert, 17 Euro<\/p>\n<p>[\/dt_call_to_action]<\/p>\n","protected":false},"excerpt":{"rendered":"<p>Locker geschrieben l\u00e4dt der Band zum Entdecken von Geschichten starker Frauen der Goethe-Universit\u00e4t ein. Es sind Portr\u00e4ts, die einen kleinen Teil der Frauen sichtbar machen, f\u00fcr die die Goethe-Universit\u00e4t einen [&hellip;]<\/p>\n","protected":false},"author":8,"featured_media":2757,"comment_status":"closed","ping_status":"closed","sticky":false,"template":"","format":"standard","meta":{"_eb_attr":"","_price":"","_stock":"","_tribe_ticket_header":"","_tribe_default_ticket_provider":"","_ticket_start_date":"","_ticket_end_date":"","_tribe_ticket_show_description":"","_tribe_ticket_show_not_going":false,"_tribe_ticket_use_global_stock":"","_tribe_ticket_global_stock_level":"","_global_stock_mode":"","_global_stock_cap":"","_tribe_rsvp_for_event":"","_tribe_ticket_going_count":"","_tribe_ticket_not_going_count":"","_tribe_tickets_list":"[]","_tribe_ticket_has_attendee_info_fields":false,"footnotes":""},"categories":[4],"tags":[26,10],"post_folder":[],"class_list":["post-2756","post","type-post","status-publish","format-standard","has-post-thumbnail","hentry","category-gesellschaft","tag-buecher","tag-unireport"],"yoast_head":"<!-- This site is optimized with the Yoast SEO plugin v27.5 - https:\/\/yoast.com\/product\/yoast-seo-wordpress\/ -->\n<title>Einzeln und Gemeinsam | Aktuelles aus der Goethe-Universit\u00e4t Frankfurt<\/title>\n<meta name=\"robots\" content=\"index, follow, max-snippet:-1, max-image-preview:large, max-video-preview:-1\" \/>\n<link rel=\"canonical\" href=\"https:\/\/aktuelles.uni-frankfurt.de\/en\/gesellschaft\/einzeln-und-gemeinsam\/\" \/>\n<meta property=\"og:locale\" content=\"en_GB\" \/>\n<meta property=\"og:type\" content=\"article\" \/>\n<meta property=\"og:title\" content=\"Einzeln und Gemeinsam | Aktuelles aus der Goethe-Universit\u00e4t Frankfurt\" \/>\n<meta property=\"og:description\" content=\"Locker geschrieben l\u00e4dt der Band zum Entdecken von Geschichten starker Frauen der Goethe-Universit\u00e4t ein. Es sind Portr\u00e4ts, die einen kleinen Teil der Frauen sichtbar machen, f\u00fcr die die Goethe-Universit\u00e4t einen [&hellip;]\" \/>\n<meta property=\"og:url\" content=\"https:\/\/aktuelles.uni-frankfurt.de\/en\/gesellschaft\/einzeln-und-gemeinsam\/\" \/>\n<meta property=\"og:site_name\" content=\"Aktuelles aus der Goethe-Universit\u00e4t Frankfurt\" \/>\n<meta property=\"article:published_time\" content=\"2014-10-09T11:35:19+00:00\" \/>\n<meta property=\"article:modified_time\" content=\"2016-01-20T12:42:38+00:00\" \/>\n<meta property=\"og:image\" content=\"https:\/\/aktuelles.uni-frankfurt.de\/wp-content\/uploads\/2016\/01\/blog_unireport_buecher_starke-frauen-e1453293671144.jpg\" \/>\n\t<meta property=\"og:image:width\" content=\"384\" \/>\n\t<meta property=\"og:image:height\" content=\"529\" \/>\n\t<meta property=\"og:image:type\" content=\"image\/jpeg\" \/>\n<meta name=\"author\" content=\"-\" \/>\n<meta name=\"twitter:card\" content=\"summary_large_image\" \/>\n<meta name=\"twitter:label1\" content=\"Written by\" \/>\n\t<meta name=\"twitter:data1\" content=\"-\" \/>\n\t<meta name=\"twitter:label2\" content=\"Estimated reading time\" \/>\n\t<meta name=\"twitter:data2\" content=\"1 minute\" \/>\n<script type=\"application\/ld+json\" class=\"yoast-schema-graph\">{\"@context\":\"https:\\\/\\\/schema.org\",\"@graph\":[{\"@type\":\"Article\",\"@id\":\"https:\\\/\\\/aktuelles.uni-frankfurt.de\\\/gesellschaft\\\/einzeln-und-gemeinsam\\\/#article\",\"isPartOf\":{\"@id\":\"https:\\\/\\\/aktuelles.uni-frankfurt.de\\\/gesellschaft\\\/einzeln-und-gemeinsam\\\/\"},\"author\":{\"name\":\"-\",\"@id\":\"https:\\\/\\\/aktuelles.uni-frankfurt.de\\\/#\\\/schema\\\/person\\\/8e55ea338fb65d1ce87a91565d1f1739\"},\"headline\":\"Einzeln und Gemeinsam\",\"datePublished\":\"2014-10-09T11:35:19+00:00\",\"dateModified\":\"2016-01-20T12:42:38+00:00\",\"mainEntityOfPage\":{\"@id\":\"https:\\\/\\\/aktuelles.uni-frankfurt.de\\\/gesellschaft\\\/einzeln-und-gemeinsam\\\/\"},\"wordCount\":280,\"publisher\":{\"@id\":\"https:\\\/\\\/aktuelles.uni-frankfurt.de\\\/#organization\"},\"image\":{\"@id\":\"https:\\\/\\\/aktuelles.uni-frankfurt.de\\\/gesellschaft\\\/einzeln-und-gemeinsam\\\/#primaryimage\"},\"thumbnailUrl\":\"https:\\\/\\\/aktuelles.uni-frankfurt.de\\\/wp-content\\\/uploads\\\/2016\\\/01\\\/blog_unireport_buecher_starke-frauen-e1453293671144.jpg\",\"keywords\":[\"B\u00fccher\",\"UniReport\"],\"articleSection\":[\"Gesellschaft\"],\"inLanguage\":\"en-GB\"},{\"@type\":\"WebPage\",\"@id\":\"https:\\\/\\\/aktuelles.uni-frankfurt.de\\\/gesellschaft\\\/einzeln-und-gemeinsam\\\/\",\"url\":\"https:\\\/\\\/aktuelles.uni-frankfurt.de\\\/gesellschaft\\\/einzeln-und-gemeinsam\\\/\",\"name\":\"Einzeln und Gemeinsam | Aktuelles aus der Goethe-Universit\u00e4t Frankfurt\",\"isPartOf\":{\"@id\":\"https:\\\/\\\/aktuelles.uni-frankfurt.de\\\/#website\"},\"primaryImageOfPage\":{\"@id\":\"https:\\\/\\\/aktuelles.uni-frankfurt.de\\\/gesellschaft\\\/einzeln-und-gemeinsam\\\/#primaryimage\"},\"image\":{\"@id\":\"https:\\\/\\\/aktuelles.uni-frankfurt.de\\\/gesellschaft\\\/einzeln-und-gemeinsam\\\/#primaryimage\"},\"thumbnailUrl\":\"https:\\\/\\\/aktuelles.uni-frankfurt.de\\\/wp-content\\\/uploads\\\/2016\\\/01\\\/blog_unireport_buecher_starke-frauen-e1453293671144.jpg\",\"datePublished\":\"2014-10-09T11:35:19+00:00\",\"dateModified\":\"2016-01-20T12:42:38+00:00\",\"breadcrumb\":{\"@id\":\"https:\\\/\\\/aktuelles.uni-frankfurt.de\\\/gesellschaft\\\/einzeln-und-gemeinsam\\\/#breadcrumb\"},\"inLanguage\":\"en-GB\",\"potentialAction\":[{\"@type\":\"ReadAction\",\"target\":[\"https:\\\/\\\/aktuelles.uni-frankfurt.de\\\/gesellschaft\\\/einzeln-und-gemeinsam\\\/\"]}]},{\"@type\":\"ImageObject\",\"inLanguage\":\"en-GB\",\"@id\":\"https:\\\/\\\/aktuelles.uni-frankfurt.de\\\/gesellschaft\\\/einzeln-und-gemeinsam\\\/#primaryimage\",\"url\":\"https:\\\/\\\/aktuelles.uni-frankfurt.de\\\/wp-content\\\/uploads\\\/2016\\\/01\\\/blog_unireport_buecher_starke-frauen-e1453293671144.jpg\",\"contentUrl\":\"https:\\\/\\\/aktuelles.uni-frankfurt.de\\\/wp-content\\\/uploads\\\/2016\\\/01\\\/blog_unireport_buecher_starke-frauen-e1453293671144.jpg\",\"width\":384,\"height\":529,\"caption\":\"Helma Lutz, Marianne Schmidbauer, Verena Specht-Ronique, Anja Wolde (Hg.), Einzeln und Gemeinsam, 100 Jahre starke Frauen an der Goethe-Universit\u00e4t\"},{\"@type\":\"BreadcrumbList\",\"@id\":\"https:\\\/\\\/aktuelles.uni-frankfurt.de\\\/gesellschaft\\\/einzeln-und-gemeinsam\\\/#breadcrumb\",\"itemListElement\":[{\"@type\":\"ListItem\",\"position\":1,\"name\":\"Startseite\",\"item\":\"https:\\\/\\\/aktuelles.uni-frankfurt.de\\\/\"},{\"@type\":\"ListItem\",\"position\":2,\"name\":\"Einzeln und Gemeinsam\"}]},{\"@type\":\"WebSite\",\"@id\":\"https:\\\/\\\/aktuelles.uni-frankfurt.de\\\/#website\",\"url\":\"https:\\\/\\\/aktuelles.uni-frankfurt.de\\\/\",\"name\":\"Aktuelles aus der Goethe-Universit\u00e4t Frankfurt\",\"description\":\"Aktuelles aus der Goethe-Universit\u00e4t | Neues aus Forschung, Lehre, Studium\",\"publisher\":{\"@id\":\"https:\\\/\\\/aktuelles.uni-frankfurt.de\\\/#organization\"},\"potentialAction\":[{\"@type\":\"SearchAction\",\"target\":{\"@type\":\"EntryPoint\",\"urlTemplate\":\"https:\\\/\\\/aktuelles.uni-frankfurt.de\\\/?s={search_term_string}\"},\"query-input\":{\"@type\":\"PropertyValueSpecification\",\"valueRequired\":true,\"valueName\":\"search_term_string\"}}],\"inLanguage\":\"en-GB\"},{\"@type\":\"Organization\",\"@id\":\"https:\\\/\\\/aktuelles.uni-frankfurt.de\\\/#organization\",\"name\":\"Goethe-Universit\u00e4t\",\"url\":\"https:\\\/\\\/aktuelles.uni-frankfurt.de\\\/\",\"logo\":{\"@type\":\"ImageObject\",\"inLanguage\":\"en-GB\",\"@id\":\"https:\\\/\\\/aktuelles.uni-frankfurt.de\\\/#\\\/schema\\\/logo\\\/image\\\/\",\"url\":\"https:\\\/\\\/aktuelles.uni-frankfurt.de\\\/wp-content\\\/uploads\\\/2022\\\/03\\\/800px-Goethe-Logo.png\",\"contentUrl\":\"https:\\\/\\\/aktuelles.uni-frankfurt.de\\\/wp-content\\\/uploads\\\/2022\\\/03\\\/800px-Goethe-Logo.png\",\"width\":800,\"height\":436,\"caption\":\"Goethe-Universit\u00e4t\"},\"image\":{\"@id\":\"https:\\\/\\\/aktuelles.uni-frankfurt.de\\\/#\\\/schema\\\/logo\\\/image\\\/\"}},{\"@type\":\"Person\",\"@id\":\"https:\\\/\\\/aktuelles.uni-frankfurt.de\\\/#\\\/schema\\\/person\\\/8e55ea338fb65d1ce87a91565d1f1739\",\"name\":\"-\",\"description\":\"Dieser Beitrag wurde von der Online-Redaktion ver\u00f6ffentlicht. Wenn der Beitrag von einem Gastautoren verfasst wurde, findet sich dieser Hinweis am Ende des jeweiligen Artikels.\",\"sameAs\":[\"http:\\\/\\\/aktuelles.uni-frankfurt.de\\\/autoren\"],\"url\":\"https:\\\/\\\/aktuelles.uni-frankfurt.de\\\/en\\\/author\\\/redaktion\\\/\"}]}<\/script>\n<!-- \/ Yoast SEO plugin. -->","yoast_head_json":{"title":"Einzeln und Gemeinsam | Aktuelles aus der Goethe-Universit\u00e4t Frankfurt","robots":{"index":"index","follow":"follow","max-snippet":"max-snippet:-1","max-image-preview":"max-image-preview:large","max-video-preview":"max-video-preview:-1"},"canonical":"https:\/\/aktuelles.uni-frankfurt.de\/en\/gesellschaft\/einzeln-und-gemeinsam\/","og_locale":"en_GB","og_type":"article","og_title":"Einzeln und Gemeinsam | Aktuelles aus der Goethe-Universit\u00e4t Frankfurt","og_description":"Locker geschrieben l\u00e4dt der Band zum Entdecken von Geschichten starker Frauen der Goethe-Universit\u00e4t ein. Es sind Portr\u00e4ts, die einen kleinen Teil der Frauen sichtbar machen, f\u00fcr die die Goethe-Universit\u00e4t einen [&hellip;]","og_url":"https:\/\/aktuelles.uni-frankfurt.de\/en\/gesellschaft\/einzeln-und-gemeinsam\/","og_site_name":"Aktuelles aus der Goethe-Universit\u00e4t Frankfurt","article_published_time":"2014-10-09T11:35:19+00:00","article_modified_time":"2016-01-20T12:42:38+00:00","og_image":[{"width":384,"height":529,"url":"https:\/\/aktuelles.uni-frankfurt.de\/wp-content\/uploads\/2016\/01\/blog_unireport_buecher_starke-frauen-e1453293671144.jpg","type":"image\/jpeg"}],"author":"-","twitter_card":"summary_large_image","twitter_misc":{"Written by":"-","Estimated reading time":"1 minute"},"schema":{"@context":"https:\/\/schema.org","@graph":[{"@type":"Article","@id":"https:\/\/aktuelles.uni-frankfurt.de\/gesellschaft\/einzeln-und-gemeinsam\/#article","isPartOf":{"@id":"https:\/\/aktuelles.uni-frankfurt.de\/gesellschaft\/einzeln-und-gemeinsam\/"},"author":{"name":"-","@id":"https:\/\/aktuelles.uni-frankfurt.de\/#\/schema\/person\/8e55ea338fb65d1ce87a91565d1f1739"},"headline":"Einzeln und Gemeinsam","datePublished":"2014-10-09T11:35:19+00:00","dateModified":"2016-01-20T12:42:38+00:00","mainEntityOfPage":{"@id":"https:\/\/aktuelles.uni-frankfurt.de\/gesellschaft\/einzeln-und-gemeinsam\/"},"wordCount":280,"publisher":{"@id":"https:\/\/aktuelles.uni-frankfurt.de\/#organization"},"image":{"@id":"https:\/\/aktuelles.uni-frankfurt.de\/gesellschaft\/einzeln-und-gemeinsam\/#primaryimage"},"thumbnailUrl":"https:\/\/aktuelles.uni-frankfurt.de\/wp-content\/uploads\/2016\/01\/blog_unireport_buecher_starke-frauen-e1453293671144.jpg","keywords":["B\u00fccher","UniReport"],"articleSection":["Gesellschaft"],"inLanguage":"en-GB"},{"@type":"WebPage","@id":"https:\/\/aktuelles.uni-frankfurt.de\/gesellschaft\/einzeln-und-gemeinsam\/","url":"https:\/\/aktuelles.uni-frankfurt.de\/gesellschaft\/einzeln-und-gemeinsam\/","name":"Einzeln und Gemeinsam | Aktuelles aus der Goethe-Universit\u00e4t Frankfurt","isPartOf":{"@id":"https:\/\/aktuelles.uni-frankfurt.de\/#website"},"primaryImageOfPage":{"@id":"https:\/\/aktuelles.uni-frankfurt.de\/gesellschaft\/einzeln-und-gemeinsam\/#primaryimage"},"image":{"@id":"https:\/\/aktuelles.uni-frankfurt.de\/gesellschaft\/einzeln-und-gemeinsam\/#primaryimage"},"thumbnailUrl":"https:\/\/aktuelles.uni-frankfurt.de\/wp-content\/uploads\/2016\/01\/blog_unireport_buecher_starke-frauen-e1453293671144.jpg","datePublished":"2014-10-09T11:35:19+00:00","dateModified":"2016-01-20T12:42:38+00:00","breadcrumb":{"@id":"https:\/\/aktuelles.uni-frankfurt.de\/gesellschaft\/einzeln-und-gemeinsam\/#breadcrumb"},"inLanguage":"en-GB","potentialAction":[{"@type":"ReadAction","target":["https:\/\/aktuelles.uni-frankfurt.de\/gesellschaft\/einzeln-und-gemeinsam\/"]}]},{"@type":"ImageObject","inLanguage":"en-GB","@id":"https:\/\/aktuelles.uni-frankfurt.de\/gesellschaft\/einzeln-und-gemeinsam\/#primaryimage","url":"https:\/\/aktuelles.uni-frankfurt.de\/wp-content\/uploads\/2016\/01\/blog_unireport_buecher_starke-frauen-e1453293671144.jpg","contentUrl":"https:\/\/aktuelles.uni-frankfurt.de\/wp-content\/uploads\/2016\/01\/blog_unireport_buecher_starke-frauen-e1453293671144.jpg","width":384,"height":529,"caption":"Helma Lutz, Marianne Schmidbauer, Verena Specht-Ronique, Anja Wolde (Hg.), Einzeln und Gemeinsam, 100 Jahre starke Frauen an der Goethe-Universit\u00e4t"},{"@type":"BreadcrumbList","@id":"https:\/\/aktuelles.uni-frankfurt.de\/gesellschaft\/einzeln-und-gemeinsam\/#breadcrumb","itemListElement":[{"@type":"ListItem","position":1,"name":"Startseite","item":"https:\/\/aktuelles.uni-frankfurt.de\/"},{"@type":"ListItem","position":2,"name":"Einzeln und Gemeinsam"}]},{"@type":"WebSite","@id":"https:\/\/aktuelles.uni-frankfurt.de\/#website","url":"https:\/\/aktuelles.uni-frankfurt.de\/","name":"Aktuelles aus der Goethe-Universit\u00e4t Frankfurt","description":"Aktuelles aus der Goethe-Universit\u00e4t | Neues aus Forschung, Lehre, Studium","publisher":{"@id":"https:\/\/aktuelles.uni-frankfurt.de\/#organization"},"potentialAction":[{"@type":"SearchAction","target":{"@type":"EntryPoint","urlTemplate":"https:\/\/aktuelles.uni-frankfurt.de\/?s={search_term_string}"},"query-input":{"@type":"PropertyValueSpecification","valueRequired":true,"valueName":"search_term_string"}}],"inLanguage":"en-GB"},{"@type":"Organization","@id":"https:\/\/aktuelles.uni-frankfurt.de\/#organization","name":"Goethe University Frankfurt","url":"https:\/\/aktuelles.uni-frankfurt.de\/","logo":{"@type":"ImageObject","inLanguage":"en-GB","@id":"https:\/\/aktuelles.uni-frankfurt.de\/#\/schema\/logo\/image\/","url":"https:\/\/aktuelles.uni-frankfurt.de\/wp-content\/uploads\/2022\/03\/800px-Goethe-Logo.png","contentUrl":"https:\/\/aktuelles.uni-frankfurt.de\/wp-content\/uploads\/2022\/03\/800px-Goethe-Logo.png","width":800,"height":436,"caption":"Goethe-Universit\u00e4t"},"image":{"@id":"https:\/\/aktuelles.uni-frankfurt.de\/#\/schema\/logo\/image\/"}},{"@type":"Person","@id":"https:\/\/aktuelles.uni-frankfurt.de\/#\/schema\/person\/8e55ea338fb65d1ce87a91565d1f1739","name":"-","description":"Dieser Beitrag wurde von der Online-Redaktion ver\u00f6ffentlicht. Wenn der Beitrag von einem Gastautoren verfasst wurde, findet sich dieser Hinweis am Ende des jeweiligen Artikels.","sameAs":["http:\/\/aktuelles.uni-frankfurt.de\/autoren"],"url":"https:\/\/aktuelles.uni-frankfurt.de\/en\/author\/redaktion\/"}]}},"_links":{"self":[{"href":"https:\/\/aktuelles.uni-frankfurt.de\/en\/wp-json\/wp\/v2\/posts\/2756","targetHints":{"allow":["GET"]}}],"collection":[{"href":"https:\/\/aktuelles.uni-frankfurt.de\/en\/wp-json\/wp\/v2\/posts"}],"about":[{"href":"https:\/\/aktuelles.uni-frankfurt.de\/en\/wp-json\/wp\/v2\/types\/post"}],"author":[{"embeddable":true,"href":"https:\/\/aktuelles.uni-frankfurt.de\/en\/wp-json\/wp\/v2\/users\/8"}],"replies":[{"embeddable":true,"href":"https:\/\/aktuelles.uni-frankfurt.de\/en\/wp-json\/wp\/v2\/comments?post=2756"}],"version-history":[{"count":0,"href":"https:\/\/aktuelles.uni-frankfurt.de\/en\/wp-json\/wp\/v2\/posts\/2756\/revisions"}],"wp:featuredmedia":[{"embeddable":true,"href":"https:\/\/aktuelles.uni-frankfurt.de\/en\/wp-json\/wp\/v2\/media\/2757"}],"wp:attachment":[{"href":"https:\/\/aktuelles.uni-frankfurt.de\/en\/wp-json\/wp\/v2\/media?parent=2756"}],"wp:term":[{"taxonomy":"category","embeddable":true,"href":"https:\/\/aktuelles.uni-frankfurt.de\/en\/wp-json\/wp\/v2\/categories?post=2756"},{"taxonomy":"post_tag","embeddable":true,"href":"https:\/\/aktuelles.uni-frankfurt.de\/en\/wp-json\/wp\/v2\/tags?post=2756"},{"taxonomy":"post_folder","embeddable":true,"href":"https:\/\/aktuelles.uni-frankfurt.de\/en\/wp-json\/wp\/v2\/post_folder?post=2756"}],"curies":[{"name":"wp","href":"https:\/\/api.w.org\/{rel}","templated":true}]}}