{"id":2784,"date":"2015-06-10T14:07:41","date_gmt":"2015-06-10T12:07:41","guid":{"rendered":"http:\/\/aktuelles.uni-frankfurt.de\/?p=2784"},"modified":"2016-01-22T15:39:17","modified_gmt":"2016-01-22T14:39:17","slug":"auf-dem-weg-zu-einer-willkommenskultur","status":"publish","type":"post","link":"https:\/\/aktuelles.uni-frankfurt.de\/en\/veranstaltungen\/auf-dem-weg-zu-einer-willkommenskultur\/","title":{"rendered":"Auf dem Weg zu einer Willkommenskultur"},"content":{"rendered":"<p>Vor wenigen Wochen kam Dr. Dimitrios Efthymiou von der University of Southampton in England an die Goethe-Universit\u00e4t. Nun arbeitet er als Wissenschaftlicher Mitarbeiter an der Kolleg-Forschergruppe Justitia Amplificata. Um einen \u00dcberblick dar\u00fcber zu gewinnen, wie die Goethe-Universit\u00e4t strukturiert ist und welche Angebote sie f\u00fcr \u201eInternationale\u201c bereith\u00e4lt, war er beim ersten Orientierungstag f\u00fcr internationale Forscherinnen und Forscher am 15. April dabei.<\/p>\n<p>[dt_quote type=&#8220;pullquote&#8220; font_size=&#8220;h4&#8243; background=&#8220;fancy&#8220; layout=&#8220;right&#8220; size=&#8220;3&#8243;]\u201eEine \u00fcbergreifende\u00a0Orientierungs- veranstaltung fehlte bisher\u201c[\/dt_quote]<\/p>\n<p>Insgesamt 25 Postdocs und Doktoranden waren der Einladung zur englischsprachigen Veranstaltung von Goethe Welcome Centre (GWC), Goethe Graduate Academy (GRADE), Personal- und Organisationsentwicklung (PE-OE) und der Stabsstelle Forschung und wissenschaftlicher Nachwuchs (FuN) ins Casino auf dem Campus Westend gefolgt.<\/p>\n<h3>Eine L\u00fccke schlie\u00dfen<\/h3>\n<p>\u201eEs gibt zwar zahlreiche Initiativen in den Fachbereichen, bei denen neue Mitarbeiter mit den Strukturen vertraut gemacht oder bei denen interne Netzwerke gekn\u00fcpft werden, aber eine \u00fcbergreifende Orientierungsveranstaltung, die sich gezielt an internationale Forschende richtet, fehlte bisher\u201c, sagt Christiane Mendack, Referentin in der Abteilung Personal- und Organisationsentwicklung, und f\u00e4hrt fort: \u201eDiese L\u00fccke wollten wir schlie\u00dfen und damit ein weiteres St\u00fcck zum Ausbau einer Willkommenskultur an der Goethe-Universit\u00e4t beitragen.\u201c<\/p>\n<p>Wie vielf\u00e4ltig die Gruppe der internationalen Nachwuchswissenschaftler ist, zeigte sich schon bei der kurzen Kennenlernrunde: Aus 23 L\u00e4ndern sind die Forschenden an die GU gekommen; fast alle Fachbereiche sind vertreten.<\/p>\n<p>Er\u00f6ffnet wurde der Orientation Day durch den Leiter der Stiftung zur F\u00f6rderung der internationalen wissenschaftlichen Beziehung der Goethe-Universit\u00e4t, Prof. J\u00fcrgen Bereiter\u2013Hahn. Er stellte das Erlernen der deutschen Sprache als Schl\u00fcssel zu einem sowohl beruflich als auch pers\u00f6nlich erfolgreichen Aufenthalt in Deutschland in den Mittelpunkt seiner Ansprache.<\/p>\n<p>Florian von Bothmer, Leiter des Goethe Welcome Centre, nahm die anwesenden Teilnehmenden bei seinem Vortrag mit auf eine Reise durch die Geschichte der Universit\u00e4t, stellte aktuelle Forschungsschwerpunkte und die Universit\u00e4ts-Standorte mit ihren ganz eigenen Profilen vor.<\/p>\n<h3>Wie funktioniert die Goethe-Universit\u00e4t?<\/h3>\n<p>Um die Strukturen im Hintergrund ging es anschlie\u00dfend bei Ulrike Schneider-Gladbach aus der Personal- und Organisationsentwicklung. Sie gab einen kurzen Einblick in das deutsche Wissenschaftssystem, die hessische Hochschullandschaft und den Hochschulentwicklungsplan.<\/p>\n<p>Besonders interessiert waren die internationalen Forscher am Einblick in die universit\u00e4tseigenen F\u00fchrungsstrukturen: Welche Gremien bestimmen an der Universit\u00e4t mit? Wie werden die Fachbereiche geleitet, wie die Institute?<\/p>\n<p>Die Teilnehmenden des Orientierungstages konnten anschlie\u00dfend einige Vertreter der Gremien und der Verwaltung direkt kennenlernen: Kollegen von Personalrat\/Betriebsrat, Gleichstellungsb\u00fcro, Arbeitsschutz, Stabsstelle Forschung und wissenschaftlericher Nachwuchs (FuN), die Goethe Graduiertenakademie (GRADE)sowie die Personal- und Organisationsentwicklung (PE\/OE) stellten ihr Leistungsspektrum vor.<\/p>\n<p>Ein besonderer Schwerpunkt lag dabei auf den Themen Promotion, Forschungsf\u00f6rderung und wissenschaftliche Karriereplanung: Bei den anschlie\u00dfenden Workshops der Graduiertenakademie GRADE und der Stabsstelle f\u00fcr Forschung und wissenschaftlichen Nachwuchs konnten die internationalen Forscher ihre Fragen stellen und gezielt Informationen einholen.<\/p>\n<p>[dt_quote type=&#8220;pullquote&#8220; font_size=&#8220;h4&#8243; background=&#8220;fancy&#8220; layout=&#8220;left&#8220; size=&#8220;3&#8243;]\u201eEin Jahr fr\u00fcher w\u00e4re noch hilfreicher gewesen\u201c[\/dt_quote]<\/p>\n<p>W\u00e4hrend der gemeinsamen Mittagspause wurden die neuen Kontakte noch einmal vertieft , bevor ein vom Leiter des GWC angebotener Rundgang \u00fcber den Campus Westend den Orientierungstag abrundete. Bei den Teilnehmern kam die Veranstaltung sehr gut an.<\/p>\n<p>\u201eEin Jahr fr\u00fcher w\u00e4re noch hilfreicher gewesen\u201c, so der Tenor bei einigen, die schon etwas l\u00e4nger in Frankfurt arbeiten. Gute Noten also f\u00fcr die Premiere dieser Koproduktion von Goethe Welcome Center, PE-OE undGRADE. \u201eRegelm\u00e4\u00dfige Wiederholungen im Semesterturnus sind geplant\u201c, so Florian von Bothmer.<\/p>\n","protected":false},"excerpt":{"rendered":"<p>Vor wenigen Wochen kam Dr. Dimitrios Efthymiou von der University of Southampton in England an die Goethe-Universit\u00e4t. Nun arbeitet er als Wissenschaftlicher Mitarbeiter an der Kolleg-Forschergruppe Justitia Amplificata. Um einen [&hellip;]<\/p>\n","protected":false},"author":8,"featured_media":2790,"comment_status":"closed","ping_status":"closed","sticky":false,"template":"","format":"standard","meta":{"_eb_attr":"","_price":"","_stock":"","_tribe_ticket_header":"","_tribe_default_ticket_provider":"","_ticket_start_date":"","_ticket_end_date":"","_tribe_ticket_show_description":"","_tribe_ticket_show_not_going":false,"_tribe_ticket_use_global_stock":"","_tribe_ticket_global_stock_level":"","_global_stock_mode":"","_global_stock_cap":"","_tribe_rsvp_for_event":"","_tribe_ticket_going_count":"","_tribe_ticket_not_going_count":"","_tribe_tickets_list":"[]","_tribe_ticket_has_attendee_info_fields":false,"footnotes":""},"categories":[12],"tags":[19],"post_folder":[],"class_list":["post-2784","post","type-post","status-publish","format-standard","has-post-thumbnail","hentry","category-veranstaltungen","tag-wissenschaftlicher-nachwuchs"],"yoast_head":"<!-- This site is optimized with the Yoast SEO plugin v27.5 - https:\/\/yoast.com\/product\/yoast-seo-wordpress\/ -->\n<title>Auf dem Weg zu einer Willkommenskultur | Aktuelles aus der Goethe-Universit\u00e4t Frankfurt<\/title>\n<meta name=\"robots\" content=\"index, follow, max-snippet:-1, max-image-preview:large, max-video-preview:-1\" \/>\n<link rel=\"canonical\" href=\"https:\/\/aktuelles.uni-frankfurt.de\/en\/veranstaltungen\/auf-dem-weg-zu-einer-willkommenskultur\/\" \/>\n<meta property=\"og:locale\" content=\"en_GB\" \/>\n<meta property=\"og:type\" content=\"article\" \/>\n<meta property=\"og:title\" content=\"Auf dem Weg zu einer Willkommenskultur | Aktuelles aus der Goethe-Universit\u00e4t Frankfurt\" \/>\n<meta property=\"og:description\" content=\"Vor wenigen Wochen kam Dr. Dimitrios Efthymiou von der University of Southampton in England an die Goethe-Universit\u00e4t. Nun arbeitet er als Wissenschaftlicher Mitarbeiter an der Kolleg-Forschergruppe Justitia Amplificata. Um einen [&hellip;]\" \/>\n<meta property=\"og:url\" content=\"https:\/\/aktuelles.uni-frankfurt.de\/en\/veranstaltungen\/auf-dem-weg-zu-einer-willkommenskultur\/\" \/>\n<meta property=\"og:site_name\" content=\"Aktuelles aus der Goethe-Universit\u00e4t Frankfurt\" \/>\n<meta property=\"article:published_time\" content=\"2015-06-10T12:07:41+00:00\" \/>\n<meta property=\"article:modified_time\" content=\"2016-01-22T14:39:17+00:00\" \/>\n<meta property=\"og:image\" content=\"https:\/\/aktuelles.uni-frankfurt.de\/wp-content\/uploads\/2016\/01\/UI-9_Pause-041-1024x683.jpg\" \/>\n\t<meta property=\"og:image:width\" content=\"1024\" \/>\n\t<meta property=\"og:image:height\" content=\"683\" \/>\n\t<meta property=\"og:image:type\" content=\"image\/jpeg\" \/>\n<meta name=\"author\" content=\"-\" \/>\n<meta name=\"twitter:card\" content=\"summary_large_image\" \/>\n<meta name=\"twitter:label1\" content=\"Written by\" \/>\n\t<meta name=\"twitter:data1\" content=\"-\" \/>\n\t<meta name=\"twitter:label2\" content=\"Estimated reading time\" \/>\n\t<meta name=\"twitter:data2\" content=\"3 minutes\" \/>\n<script type=\"application\/ld+json\" class=\"yoast-schema-graph\">{\"@context\":\"https:\\\/\\\/schema.org\",\"@graph\":[{\"@type\":\"Article\",\"@id\":\"https:\\\/\\\/aktuelles.uni-frankfurt.de\\\/veranstaltungen\\\/auf-dem-weg-zu-einer-willkommenskultur\\\/#article\",\"isPartOf\":{\"@id\":\"https:\\\/\\\/aktuelles.uni-frankfurt.de\\\/veranstaltungen\\\/auf-dem-weg-zu-einer-willkommenskultur\\\/\"},\"author\":{\"name\":\"-\",\"@id\":\"https:\\\/\\\/aktuelles.uni-frankfurt.de\\\/#\\\/schema\\\/person\\\/8e55ea338fb65d1ce87a91565d1f1739\"},\"headline\":\"Auf dem Weg zu einer Willkommenskultur\",\"datePublished\":\"2015-06-10T12:07:41+00:00\",\"dateModified\":\"2016-01-22T14:39:17+00:00\",\"mainEntityOfPage\":{\"@id\":\"https:\\\/\\\/aktuelles.uni-frankfurt.de\\\/veranstaltungen\\\/auf-dem-weg-zu-einer-willkommenskultur\\\/\"},\"wordCount\":590,\"publisher\":{\"@id\":\"https:\\\/\\\/aktuelles.uni-frankfurt.de\\\/#organization\"},\"image\":{\"@id\":\"https:\\\/\\\/aktuelles.uni-frankfurt.de\\\/veranstaltungen\\\/auf-dem-weg-zu-einer-willkommenskultur\\\/#primaryimage\"},\"thumbnailUrl\":\"https:\\\/\\\/aktuelles.uni-frankfurt.de\\\/wp-content\\\/uploads\\\/2016\\\/01\\\/UI-9_Pause-041.jpg\",\"keywords\":[\"Early Career Researchers\"],\"articleSection\":[\"Veranstaltungen\"],\"inLanguage\":\"en-GB\"},{\"@type\":\"WebPage\",\"@id\":\"https:\\\/\\\/aktuelles.uni-frankfurt.de\\\/veranstaltungen\\\/auf-dem-weg-zu-einer-willkommenskultur\\\/\",\"url\":\"https:\\\/\\\/aktuelles.uni-frankfurt.de\\\/veranstaltungen\\\/auf-dem-weg-zu-einer-willkommenskultur\\\/\",\"name\":\"Auf dem Weg zu einer Willkommenskultur | Aktuelles aus der Goethe-Universit\u00e4t Frankfurt\",\"isPartOf\":{\"@id\":\"https:\\\/\\\/aktuelles.uni-frankfurt.de\\\/#website\"},\"primaryImageOfPage\":{\"@id\":\"https:\\\/\\\/aktuelles.uni-frankfurt.de\\\/veranstaltungen\\\/auf-dem-weg-zu-einer-willkommenskultur\\\/#primaryimage\"},\"image\":{\"@id\":\"https:\\\/\\\/aktuelles.uni-frankfurt.de\\\/veranstaltungen\\\/auf-dem-weg-zu-einer-willkommenskultur\\\/#primaryimage\"},\"thumbnailUrl\":\"https:\\\/\\\/aktuelles.uni-frankfurt.de\\\/wp-content\\\/uploads\\\/2016\\\/01\\\/UI-9_Pause-041.jpg\",\"datePublished\":\"2015-06-10T12:07:41+00:00\",\"dateModified\":\"2016-01-22T14:39:17+00:00\",\"breadcrumb\":{\"@id\":\"https:\\\/\\\/aktuelles.uni-frankfurt.de\\\/veranstaltungen\\\/auf-dem-weg-zu-einer-willkommenskultur\\\/#breadcrumb\"},\"inLanguage\":\"en-GB\",\"potentialAction\":[{\"@type\":\"ReadAction\",\"target\":[\"https:\\\/\\\/aktuelles.uni-frankfurt.de\\\/veranstaltungen\\\/auf-dem-weg-zu-einer-willkommenskultur\\\/\"]}]},{\"@type\":\"ImageObject\",\"inLanguage\":\"en-GB\",\"@id\":\"https:\\\/\\\/aktuelles.uni-frankfurt.de\\\/veranstaltungen\\\/auf-dem-weg-zu-einer-willkommenskultur\\\/#primaryimage\",\"url\":\"https:\\\/\\\/aktuelles.uni-frankfurt.de\\\/wp-content\\\/uploads\\\/2016\\\/01\\\/UI-9_Pause-041.jpg\",\"contentUrl\":\"https:\\\/\\\/aktuelles.uni-frankfurt.de\\\/wp-content\\\/uploads\\\/2016\\\/01\\\/UI-9_Pause-041.jpg\",\"width\":4752,\"height\":3168},{\"@type\":\"BreadcrumbList\",\"@id\":\"https:\\\/\\\/aktuelles.uni-frankfurt.de\\\/veranstaltungen\\\/auf-dem-weg-zu-einer-willkommenskultur\\\/#breadcrumb\",\"itemListElement\":[{\"@type\":\"ListItem\",\"position\":1,\"name\":\"Startseite\",\"item\":\"https:\\\/\\\/aktuelles.uni-frankfurt.de\\\/\"},{\"@type\":\"ListItem\",\"position\":2,\"name\":\"Auf dem Weg zu einer Willkommenskultur\"}]},{\"@type\":\"WebSite\",\"@id\":\"https:\\\/\\\/aktuelles.uni-frankfurt.de\\\/#website\",\"url\":\"https:\\\/\\\/aktuelles.uni-frankfurt.de\\\/\",\"name\":\"Aktuelles aus der Goethe-Universit\u00e4t Frankfurt\",\"description\":\"Aktuelles aus der Goethe-Universit\u00e4t | Neues aus Forschung, Lehre, Studium\",\"publisher\":{\"@id\":\"https:\\\/\\\/aktuelles.uni-frankfurt.de\\\/#organization\"},\"potentialAction\":[{\"@type\":\"SearchAction\",\"target\":{\"@type\":\"EntryPoint\",\"urlTemplate\":\"https:\\\/\\\/aktuelles.uni-frankfurt.de\\\/?s={search_term_string}\"},\"query-input\":{\"@type\":\"PropertyValueSpecification\",\"valueRequired\":true,\"valueName\":\"search_term_string\"}}],\"inLanguage\":\"en-GB\"},{\"@type\":\"Organization\",\"@id\":\"https:\\\/\\\/aktuelles.uni-frankfurt.de\\\/#organization\",\"name\":\"Goethe-Universit\u00e4t\",\"url\":\"https:\\\/\\\/aktuelles.uni-frankfurt.de\\\/\",\"logo\":{\"@type\":\"ImageObject\",\"inLanguage\":\"en-GB\",\"@id\":\"https:\\\/\\\/aktuelles.uni-frankfurt.de\\\/#\\\/schema\\\/logo\\\/image\\\/\",\"url\":\"https:\\\/\\\/aktuelles.uni-frankfurt.de\\\/wp-content\\\/uploads\\\/2022\\\/03\\\/800px-Goethe-Logo.png\",\"contentUrl\":\"https:\\\/\\\/aktuelles.uni-frankfurt.de\\\/wp-content\\\/uploads\\\/2022\\\/03\\\/800px-Goethe-Logo.png\",\"width\":800,\"height\":436,\"caption\":\"Goethe-Universit\u00e4t\"},\"image\":{\"@id\":\"https:\\\/\\\/aktuelles.uni-frankfurt.de\\\/#\\\/schema\\\/logo\\\/image\\\/\"}},{\"@type\":\"Person\",\"@id\":\"https:\\\/\\\/aktuelles.uni-frankfurt.de\\\/#\\\/schema\\\/person\\\/8e55ea338fb65d1ce87a91565d1f1739\",\"name\":\"-\",\"description\":\"Dieser Beitrag wurde von der Online-Redaktion ver\u00f6ffentlicht. Wenn der Beitrag von einem Gastautoren verfasst wurde, findet sich dieser Hinweis am Ende des jeweiligen Artikels.\",\"sameAs\":[\"http:\\\/\\\/aktuelles.uni-frankfurt.de\\\/autoren\"],\"url\":\"https:\\\/\\\/aktuelles.uni-frankfurt.de\\\/en\\\/author\\\/redaktion\\\/\"}]}<\/script>\n<!-- \/ Yoast SEO plugin. -->","yoast_head_json":{"title":"Auf dem Weg zu einer Willkommenskultur | Aktuelles aus der Goethe-Universit\u00e4t Frankfurt","robots":{"index":"index","follow":"follow","max-snippet":"max-snippet:-1","max-image-preview":"max-image-preview:large","max-video-preview":"max-video-preview:-1"},"canonical":"https:\/\/aktuelles.uni-frankfurt.de\/en\/veranstaltungen\/auf-dem-weg-zu-einer-willkommenskultur\/","og_locale":"en_GB","og_type":"article","og_title":"Auf dem Weg zu einer Willkommenskultur | Aktuelles aus der Goethe-Universit\u00e4t Frankfurt","og_description":"Vor wenigen Wochen kam Dr. Dimitrios Efthymiou von der University of Southampton in England an die Goethe-Universit\u00e4t. Nun arbeitet er als Wissenschaftlicher Mitarbeiter an der Kolleg-Forschergruppe Justitia Amplificata. Um einen [&hellip;]","og_url":"https:\/\/aktuelles.uni-frankfurt.de\/en\/veranstaltungen\/auf-dem-weg-zu-einer-willkommenskultur\/","og_site_name":"Aktuelles aus der Goethe-Universit\u00e4t Frankfurt","article_published_time":"2015-06-10T12:07:41+00:00","article_modified_time":"2016-01-22T14:39:17+00:00","og_image":[{"width":1024,"height":683,"url":"https:\/\/aktuelles.uni-frankfurt.de\/wp-content\/uploads\/2016\/01\/UI-9_Pause-041-1024x683.jpg","type":"image\/jpeg"}],"author":"-","twitter_card":"summary_large_image","twitter_misc":{"Written by":"-","Estimated reading time":"3 minutes"},"schema":{"@context":"https:\/\/schema.org","@graph":[{"@type":"Article","@id":"https:\/\/aktuelles.uni-frankfurt.de\/veranstaltungen\/auf-dem-weg-zu-einer-willkommenskultur\/#article","isPartOf":{"@id":"https:\/\/aktuelles.uni-frankfurt.de\/veranstaltungen\/auf-dem-weg-zu-einer-willkommenskultur\/"},"author":{"name":"-","@id":"https:\/\/aktuelles.uni-frankfurt.de\/#\/schema\/person\/8e55ea338fb65d1ce87a91565d1f1739"},"headline":"Auf dem Weg zu einer Willkommenskultur","datePublished":"2015-06-10T12:07:41+00:00","dateModified":"2016-01-22T14:39:17+00:00","mainEntityOfPage":{"@id":"https:\/\/aktuelles.uni-frankfurt.de\/veranstaltungen\/auf-dem-weg-zu-einer-willkommenskultur\/"},"wordCount":590,"publisher":{"@id":"https:\/\/aktuelles.uni-frankfurt.de\/#organization"},"image":{"@id":"https:\/\/aktuelles.uni-frankfurt.de\/veranstaltungen\/auf-dem-weg-zu-einer-willkommenskultur\/#primaryimage"},"thumbnailUrl":"https:\/\/aktuelles.uni-frankfurt.de\/wp-content\/uploads\/2016\/01\/UI-9_Pause-041.jpg","keywords":["Early Career Researchers"],"articleSection":["Veranstaltungen"],"inLanguage":"en-GB"},{"@type":"WebPage","@id":"https:\/\/aktuelles.uni-frankfurt.de\/veranstaltungen\/auf-dem-weg-zu-einer-willkommenskultur\/","url":"https:\/\/aktuelles.uni-frankfurt.de\/veranstaltungen\/auf-dem-weg-zu-einer-willkommenskultur\/","name":"Auf dem Weg zu einer Willkommenskultur | Aktuelles aus der Goethe-Universit\u00e4t Frankfurt","isPartOf":{"@id":"https:\/\/aktuelles.uni-frankfurt.de\/#website"},"primaryImageOfPage":{"@id":"https:\/\/aktuelles.uni-frankfurt.de\/veranstaltungen\/auf-dem-weg-zu-einer-willkommenskultur\/#primaryimage"},"image":{"@id":"https:\/\/aktuelles.uni-frankfurt.de\/veranstaltungen\/auf-dem-weg-zu-einer-willkommenskultur\/#primaryimage"},"thumbnailUrl":"https:\/\/aktuelles.uni-frankfurt.de\/wp-content\/uploads\/2016\/01\/UI-9_Pause-041.jpg","datePublished":"2015-06-10T12:07:41+00:00","dateModified":"2016-01-22T14:39:17+00:00","breadcrumb":{"@id":"https:\/\/aktuelles.uni-frankfurt.de\/veranstaltungen\/auf-dem-weg-zu-einer-willkommenskultur\/#breadcrumb"},"inLanguage":"en-GB","potentialAction":[{"@type":"ReadAction","target":["https:\/\/aktuelles.uni-frankfurt.de\/veranstaltungen\/auf-dem-weg-zu-einer-willkommenskultur\/"]}]},{"@type":"ImageObject","inLanguage":"en-GB","@id":"https:\/\/aktuelles.uni-frankfurt.de\/veranstaltungen\/auf-dem-weg-zu-einer-willkommenskultur\/#primaryimage","url":"https:\/\/aktuelles.uni-frankfurt.de\/wp-content\/uploads\/2016\/01\/UI-9_Pause-041.jpg","contentUrl":"https:\/\/aktuelles.uni-frankfurt.de\/wp-content\/uploads\/2016\/01\/UI-9_Pause-041.jpg","width":4752,"height":3168},{"@type":"BreadcrumbList","@id":"https:\/\/aktuelles.uni-frankfurt.de\/veranstaltungen\/auf-dem-weg-zu-einer-willkommenskultur\/#breadcrumb","itemListElement":[{"@type":"ListItem","position":1,"name":"Startseite","item":"https:\/\/aktuelles.uni-frankfurt.de\/"},{"@type":"ListItem","position":2,"name":"Auf dem Weg zu einer Willkommenskultur"}]},{"@type":"WebSite","@id":"https:\/\/aktuelles.uni-frankfurt.de\/#website","url":"https:\/\/aktuelles.uni-frankfurt.de\/","name":"Aktuelles aus der Goethe-Universit\u00e4t Frankfurt","description":"Aktuelles aus der Goethe-Universit\u00e4t | Neues aus Forschung, Lehre, Studium","publisher":{"@id":"https:\/\/aktuelles.uni-frankfurt.de\/#organization"},"potentialAction":[{"@type":"SearchAction","target":{"@type":"EntryPoint","urlTemplate":"https:\/\/aktuelles.uni-frankfurt.de\/?s={search_term_string}"},"query-input":{"@type":"PropertyValueSpecification","valueRequired":true,"valueName":"search_term_string"}}],"inLanguage":"en-GB"},{"@type":"Organization","@id":"https:\/\/aktuelles.uni-frankfurt.de\/#organization","name":"Goethe University Frankfurt","url":"https:\/\/aktuelles.uni-frankfurt.de\/","logo":{"@type":"ImageObject","inLanguage":"en-GB","@id":"https:\/\/aktuelles.uni-frankfurt.de\/#\/schema\/logo\/image\/","url":"https:\/\/aktuelles.uni-frankfurt.de\/wp-content\/uploads\/2022\/03\/800px-Goethe-Logo.png","contentUrl":"https:\/\/aktuelles.uni-frankfurt.de\/wp-content\/uploads\/2022\/03\/800px-Goethe-Logo.png","width":800,"height":436,"caption":"Goethe-Universit\u00e4t"},"image":{"@id":"https:\/\/aktuelles.uni-frankfurt.de\/#\/schema\/logo\/image\/"}},{"@type":"Person","@id":"https:\/\/aktuelles.uni-frankfurt.de\/#\/schema\/person\/8e55ea338fb65d1ce87a91565d1f1739","name":"-","description":"Dieser Beitrag wurde von der Online-Redaktion ver\u00f6ffentlicht. Wenn der Beitrag von einem Gastautoren verfasst wurde, findet sich dieser Hinweis am Ende des jeweiligen Artikels.","sameAs":["http:\/\/aktuelles.uni-frankfurt.de\/autoren"],"url":"https:\/\/aktuelles.uni-frankfurt.de\/en\/author\/redaktion\/"}]}},"_links":{"self":[{"href":"https:\/\/aktuelles.uni-frankfurt.de\/en\/wp-json\/wp\/v2\/posts\/2784","targetHints":{"allow":["GET"]}}],"collection":[{"href":"https:\/\/aktuelles.uni-frankfurt.de\/en\/wp-json\/wp\/v2\/posts"}],"about":[{"href":"https:\/\/aktuelles.uni-frankfurt.de\/en\/wp-json\/wp\/v2\/types\/post"}],"author":[{"embeddable":true,"href":"https:\/\/aktuelles.uni-frankfurt.de\/en\/wp-json\/wp\/v2\/users\/8"}],"replies":[{"embeddable":true,"href":"https:\/\/aktuelles.uni-frankfurt.de\/en\/wp-json\/wp\/v2\/comments?post=2784"}],"version-history":[{"count":0,"href":"https:\/\/aktuelles.uni-frankfurt.de\/en\/wp-json\/wp\/v2\/posts\/2784\/revisions"}],"wp:featuredmedia":[{"embeddable":true,"href":"https:\/\/aktuelles.uni-frankfurt.de\/en\/wp-json\/wp\/v2\/media\/2790"}],"wp:attachment":[{"href":"https:\/\/aktuelles.uni-frankfurt.de\/en\/wp-json\/wp\/v2\/media?parent=2784"}],"wp:term":[{"taxonomy":"category","embeddable":true,"href":"https:\/\/aktuelles.uni-frankfurt.de\/en\/wp-json\/wp\/v2\/categories?post=2784"},{"taxonomy":"post_tag","embeddable":true,"href":"https:\/\/aktuelles.uni-frankfurt.de\/en\/wp-json\/wp\/v2\/tags?post=2784"},{"taxonomy":"post_folder","embeddable":true,"href":"https:\/\/aktuelles.uni-frankfurt.de\/en\/wp-json\/wp\/v2\/post_folder?post=2784"}],"curies":[{"name":"wp","href":"https:\/\/api.w.org\/{rel}","templated":true}]}}