{"id":27843,"date":"2018-04-10T13:34:14","date_gmt":"2018-04-10T11:34:14","guid":{"rendered":"https:\/\/aktuelles.uni-frankfurt.de\/?p=27843"},"modified":"2018-04-10T13:39:29","modified_gmt":"2018-04-10T11:39:29","slug":"bau-der-neuen-universitaetsbibliothek-rueckt-naeher-interview-mit-birgitta-wolff","status":"publish","type":"post","link":"https:\/\/aktuelles.uni-frankfurt.de\/en\/campus\/bau-der-neuen-universitaetsbibliothek-rueckt-naeher-interview-mit-birgitta-wolff\/","title":{"rendered":"Bau der neuen Universit\u00e4tsbibliothek r\u00fcckt n\u00e4her \/ Interview mit Birgitta Wolff"},"content":{"rendered":"<p><strong><img fetchpriority=\"high\" decoding=\"async\" class=\"alignleft wp-image-27846\" src=\"https:\/\/aktuelles.uni-frankfurt.de\/wp-content\/uploads\/2018\/04\/blog_UR_unibib-in-bewegung.jpg\" alt=\"\" width=\"400\" height=\"277\" srcset=\"https:\/\/aktuelles.uni-frankfurt.de\/wp-content\/uploads\/2018\/04\/blog_UR_unibib-in-bewegung.jpg 650w, https:\/\/aktuelles.uni-frankfurt.de\/wp-content\/uploads\/2018\/04\/blog_UR_unibib-in-bewegung-300x208.jpg 300w\" sizes=\"(max-width: 400px) 100vw, 400px\" \/>Universit\u00e4tspr\u00e4sidentin Prof. Birgitta Wolff \u00fcber Perspektiven f\u00fcr den Neubau der Universit\u00e4tsbibliothek nach der 100-Millionen-Euro-Zusage der Landesregierung aus dem Verkauf des alten Polizeipr\u00e4sidiums.<\/strong><\/p>\n<p><em><strong>Frau Prof. Wolff, was war Ihre erste Reaktion, als Sie von den unverhofften 100 Mio. Euro f\u00fcr die Universit\u00e4tsbibliothek h\u00f6rten? <\/strong><\/em><\/p>\n<p>Wir hatten gehofft, dass es so kommt, aber nicht erwartet, dass es so pl\u00f6tzlich geschieht. \u00dcber diesen Anruf von Minister Boris Rhein habe ich mich extrem gefreut \u2013 bevor die Nachricht bald darauf ja auch ver\u00f6ffentlicht wurde.<\/p>\n<p><em><strong>Wie intensiv hat sich die Universit\u00e4t mit dem Thema Neubau der Bibliothek in letzter Zeit besch\u00e4ftigt? Es sah ja nicht nach einer greifbaren L\u00f6sung aus.<\/strong><\/em><\/p>\n<p>Immer wieder haben wir dar\u00fcber in verschiedenen Hochschulgremien gesprochen. Besonders der Hochschulrat hat sehr darauf gedrungen, dass wir diesen wichtigen Meilenstein f\u00fcr die Vollendung des Campus Westend nicht auf die lange Bank schieben. Bis vor kurzem hatten wir ja noch nicht einmal eine zeitliche Perspektive, wann wir \u00fcberhaupt in die Planungen einsteigen k\u00f6nnen, und ob es daf\u00fcr Planungsmittel gibt. Eines war jedoch immer klar: Das Thema musste auf jeden Fall in der Diskussion gehalten werden. Dazu haben wir verschiedene Initiativen gestartet: Zusammen mit Fachleuten, darunter auch die \u00bbFreunde\u00ab der Universit\u00e4t, haben wir \u00fcberlegt, welche alternativen Finanzierungsm\u00f6glichkeiten es gibt und welche Rechtsformen f\u00fcr eine Realisierung in Frage k\u00e4men. Immerhin gingen die Gespr\u00e4che dann so weit, dass eine machbare L\u00f6sung entstanden ist, die wir auch mit dem Ministerium kollegial besprochen haben. Die zweite Initiative war der Ideenwettbewerb in Zusammenarbeit mit der Frankfurt University of Applied Sciences. Mit den Abschlussarbeiten der Studierenden zur Unibibliothek der Zukunft wurden sehr originelle und durchdachte Modelle \u00f6ffentlich pr\u00e4sentiert. Wir haben im wahrsten Sinne des Wortes Bilder produziert.<\/p>\n<p><em><strong>Gleichzeitig lief ja auch in der Stadt die Debatte um den Kulturcampus in Bockenheim. <\/strong><\/em><\/p>\n<p>Der Vorwurf lautete, die Goethe-Uni sei der Bremsklotz. Schnell konnten wir aber verdeutlichen, dass nicht wir der Bremsklotz sind, sondern die begrenzten Finanzmittel. Das wussten und wissen sowohl das Land als auch die Stadt. W\u00e4re die Frage, wo die Universit\u00e4tsbibliothek gebaut werden k\u00f6nnte. Der Grundst\u00fcckstausch am Campus Westend ist ja noch nicht in trockenen T\u00fcchern. Die Stadt hat k\u00fcrzlich angek\u00fcndigt, auf dem Baugrundst\u00fcck n\u00f6rdlich der Philipp-Holzmann-Schule eine provisorische Schule f\u00fcr 55 Millionen bauen zu wollen. Die 10-j\u00e4hrige Nutzung dieses Provisoriums w\u00fcrde dann bedeuten, dass wir vor 2030 dort nicht bauen k\u00f6nnen. Das bedeutet, dass sich Stadt und Land bez\u00fcglich des Grundst\u00fcckstausches endlich einigen m\u00fcssen, damit Planungssicherheit besteht. Wenn ich den \u201eMasterplan Campus Westend\u201c und die Baupolitik der Stadt richtig verstanden habe, soll hier doch ein zusammenh\u00e4ngender Universit\u00e4tscampus entstehen. Ich finde, da sollte sich die Stadt an ihre eigenen Planungen halten.<\/p>\n<p><em><strong>Falls man doch auf das Grundst\u00fcck jenseits der Hansaallee ausweichen m\u00fcsste, w\u00e4re der Abriss des Seminarpavillons dort notwendig? <\/strong><\/em><\/p>\n<p>Ja, aber nicht ersatzlos. Wir w\u00fcrden dann schauen, dass man die entsprechende Raumkapazit\u00e4t woanders schafft.<\/p>\n<p><em><strong>Was l\u00e4sst sich mit der zugesagten Summe von 100 Millionen Euro erreichen?<\/strong><\/em><\/p>\n<p>Das ist zum einen eine Frage der Konzepte und zum anderen eine f\u00fcr die Bauexperten. Nur so viel: Die Prognose, die der Landesbaubetrieb vor gut zwei Jahren erstellt hat, belief sich auf eine Bausumme in H\u00f6he von ca. 165 Millionen, inflationsbereinigt l\u00e4gen die Kosten heute wahrscheinlich eher bei 170 Millionen Euro. Nach der 100-Millionen-Euro- Zusage sind wir gl\u00fccklicherweise an dem Punkt, dass wir mit dem Land in konkrete Planungen eintreten k\u00f6nnen. Noch im M\u00e4rz haben wir das erste Treffen mit der zust\u00e4ndigen Abteilungsleiterin aus dem HMWK, bei dem es auch um die Roadmap f\u00fcr den Planungsprozess gehen wird. Das Land hat schon etliche Bibliotheken gebaut, u. a. in Marburg, von daher verf\u00fcgt es \u00fcber eine gro\u00dfe Expertise auf dem Gebiet. Die Idee ist, den Planungsprozess gemeinsam und unter Einbeziehung breiter Expertise und innovativer Ideen voranzutreiben.<\/p>\n<figure id=\"attachment_23978\" aria-describedby=\"caption-attachment-23978\" style=\"width: 300px\" class=\"wp-caption alignright\"><img decoding=\"async\" class=\"wp-image-23978 size-medium\" src=\"https:\/\/aktuelles.uni-frankfurt.de\/wp-content\/uploads\/2017\/12\/blog_GS_interview01-300x208.jpg\" alt=\"\" width=\"300\" height=\"208\" srcset=\"https:\/\/aktuelles.uni-frankfurt.de\/wp-content\/uploads\/2017\/12\/blog_GS_interview01-300x208.jpg 300w, https:\/\/aktuelles.uni-frankfurt.de\/wp-content\/uploads\/2017\/12\/blog_GS_interview01.jpg 650w\" sizes=\"(max-width: 300px) 100vw, 300px\" \/><figcaption id=\"caption-attachment-23978\" class=\"wp-caption-text\">Universit\u00e4tspr\u00e4sidentin Prof. Birgitta Wolff<\/figcaption><\/figure>\n<p><em><strong>Was meinen Sie damit konkret? Wo k\u00f6nnen traditionelle Ans\u00e4tze auf den Pr\u00fcfstand gestellt werden? Und wie sieht eine zukunftsweisende Bibliothek aus? <\/strong><\/em><\/p>\n<p>Es ist wichtig, eine intelligente und breite Diskussion zu f\u00fchren. Daf\u00fcr sollten wir uns andere, gelungene Konzepte f\u00fcr moderne Bibliotheken anzuschauen; schlie\u00dflich sind wir ja nicht die Einzigen, die ein solches Gro\u00dfprojekt planen und bauen wollen. Ein gutes Konzept ist entscheidend, bevor man in die Bauplanung einsteigt. Es m\u00fcssen die Funktionalit\u00e4ten gekl\u00e4rt werden: Was erwarten wir in 10 bis 20 Jahren an Nutzungsoptionen einer Bibliothek? Wir beobachten ja jetzt schon, dass zwar die Bedeutung physischer B\u00fccher und Zeitschriften abnimmt, die von Bibliotheken jedoch nicht. Unsere Bibliotheken, auch die Bereichsbibliotheken, werden sehr stark genutzt. Die Studierenden wollen eben nicht nur alleine zuhause vor dem Computer in einer digitalen Welt lernen. Es entwickeln sich stattdessen neue Arbeits- und Kommunikationsformen, und darauf sollten Uni-Bibliotheken reagieren. So sollten Einzel- und Gruppenarbeitspl\u00e4tze mit schnellem Internet vorhanden sein. Nat\u00fcrlich soll auch weiterhin der Zugang zu B\u00fcchern erhalten bleiben, auch zu analogen. Diese Entwicklungen m\u00fcssen genau analysiert werden, und daraus werden dann die Planungsvorgaben f\u00fcr die Architekten abgeleitet.<\/p>\n<p><em><strong> An der Universit\u00e4t Witten-Herdecke ist einmal die gesamte Planung eines Geb\u00e4udes in einem kollektiven Verfahren entstanden. W\u00e4re sowas auch f\u00fcr Frankfurt denkbar? <\/strong><\/em><\/p>\n<p>Kollektiv hei\u00dft, dass man eine Plattform schafft f\u00fcr die, die sich angesprochen f\u00fchlen, am Prozess zu partizipieren. Das w\u00e4re sicherlich auch in Frankfurt denkbar. In Witten-Herdecke hatten damals die Architekten nicht nur mit den Bauexperten der Uni, sondern auch mit der Vollversammlung zu tun. Durch die Einbindung der Nutzerinnen und Nutzer kann die Wahrscheinlichkeit erh\u00f6ht werden, dass bestimmte Missst\u00e4nde am fertigen Bau gar nicht erst auftreten. Das mag sich f\u00fcr die Planung vielleicht zuerst einmal m\u00fchsam anh\u00f6ren, ist im Endeffekt aber m\u00f6glicherweise sogar kosteng\u00fcnstiger.<\/p>\n<p><em><strong>Was zeichnet eine Bibliothek der Zukunft eigentlich aus? Ein d\u00e4nischer Bibliotheksexperte hat einmal gesagt: Bibliotheken sind so etwas wie Caf\u00e9s, n\u00e4mlich Kommunikationsorte in einer Stadt, wo sich Menschen begegnen, die ansonsten vielleicht gar keinen Ort h\u00e4tten, um sich zu treffen. <\/strong><\/em><\/p>\n<p>Wir haben auf dem Campus Westend alle das Gef\u00fchl, dass hier ein zentraler Ort, eine Art Marktplatz, fehlt. Bockenheim hat so ein Flair wegen der vielen Gesch\u00e4fte, Caf\u00e9s und der Infrastruktur um den Campus herum. Wir haben bereits die Idee einer \u201eCampus Mall\u201c diskutiert, die im Erdgeschoss eines Bibliotheksgeb\u00e4udes angesiedelt sein k\u00f6nnte. Das w\u00e4re sicherlich unorthodox, aber damit k\u00f6nnte etwas \u201eDorfatmosph\u00e4re\u201c Einzug halten, die aufgrund der Lage des Campus Westend von alleine wohl nicht entstehen wird.<\/p>\n<p><em><strong>Wie lie\u00dfe sich denn die veranschlagte Bausumme noch reduzieren? <\/strong><\/em><\/p>\n<p>Wir verf\u00fcgen sicherlich \u00fcber einige Hebel, die theoretische Finanzierungsl\u00fccke noch zu vermindern, zum Beispiel mit dem Bauen in verschiedenen Abschnitten. Wir sollten uns auch fragen: Ben\u00f6tigen wir wirklich Platz f\u00fcr viereinhalb bis 5 Millionen B\u00fccher auf dem Campus Westend? Kann man die Archivbest\u00e4nde, die ohnehin nicht oder kaum mehr angefasst werden, woandershin verlagern? Im Rahmen des studentischen Ideenwettbewerbes gab es dazu auch kreative L\u00f6sungen f\u00fcr die Lagerung der B\u00fccher, z. B. in modernen Hochregallagern. Dann m\u00fcsste man auch nicht so tief und so teuer bauen. Das HMWK hat die Idee eingebracht, dass sich Marburg als Au\u00dfenlager anbieten w\u00fcrde, denn dort ist wegen des Neubaus der Bibliothek Platz frei geworden.<\/p>\n<p><em><strong>Warum bleibt man mit dem Archiv eigentlich nicht in Bockenheim?<\/strong><\/em><\/p>\n<p>Wenn wir das unterirdische Lager weiter betrieben, br\u00e4uchten wir auch weiterhin ein oberirdisches Outlet; damit w\u00fcrden wir faktisch das Grundst\u00fcck nicht wirklich verlassen. Wenn sich aber eine brauchbare L\u00f6sung f\u00fcr einen dauerhaften Zugang zum dortigen Archiv f\u00e4nde, k\u00f6nnte auch das eine L\u00f6sung sein.<\/p>\n<p><em><strong>Was ist mit den Pl\u00e4nen zur Campus- Meile, wie wirken sich die neuesten Entwicklungen da aus? <\/strong><\/em><\/p>\n<p>Die neue Universit\u00e4tsbibliothek war immer ein zentraler Bestandteil einer Campus-Meile. Daf\u00fcr ist es dann auch egal, ob sie auf dieser oder der anderen Seite der Hansaallee steht. Ein besonders gro\u00dfer Meilenstein der Campus-Meile kann nun wirklich Gestalt annehmen, im wahrsten Sinne des Wortes. Angedacht war beispielsweise auch, eventuell noch enger mit der Frankfurt University of Applied Sciences (FUAS) zu kooperieren. Auch das kann man jetzt mit dem Ministerium zusammen diskutieren. W\u00e4re doch sch\u00f6n, f\u00fcr die neue UB gute Partner zu finden.<\/p>\n<p style=\"text-align: right;\"><em>Fragen: Olaf Kaltenborn, Dirk Frank<\/em><\/p>\n<p><strong><em>Dieser Artikel ist in der Ausgabe 2.18 (<\/em><\/strong><a href=\"http:\/\/www.unireport.info\/71145627\/Unireport_2-18.pdf\" target=\"_blank\" rel=\"noopener\"><strong><em>PDF-Download<\/em><\/strong><\/a><strong><em>)<\/em><\/strong><strong><em>\u00a0des UniReport erschienen.<\/em><\/strong><\/p>","protected":false},"excerpt":{"rendered":"<p>Universit\u00e4tspr\u00e4sidentin Prof. Birgitta Wolff \u00fcber Perspektiven f\u00fcr den Neubau der Universit\u00e4tsbibliothek nach der 100-Millionen-Euro-Zusage der Landesregierung aus dem Verkauf des alten Polizeipr\u00e4sidiums. Frau Prof. Wolff, was war Ihre erste Reaktion, [&hellip;]<\/p>\n","protected":false},"author":8,"featured_media":27846,"comment_status":"closed","ping_status":"closed","sticky":false,"template":"","format":"standard","meta":{"_eb_attr":"","_price":"","_stock":"","_tribe_ticket_header":"","_tribe_default_ticket_provider":"","_ticket_start_date":"","_ticket_end_date":"","_tribe_ticket_show_description":"","_tribe_ticket_show_not_going":false,"_tribe_ticket_use_global_stock":"","_tribe_ticket_global_stock_level":"","_global_stock_mode":"","_global_stock_cap":"","_tribe_rsvp_for_event":"","_tribe_ticket_going_count":"","_tribe_ticket_not_going_count":"","_tribe_tickets_list":"[]","_tribe_ticket_has_attendee_info_fields":false,"footnotes":""},"categories":[5],"tags":[17,25,10],"post_folder":[],"class_list":["post-27843","post","type-post","status-publish","format-standard","has-post-thumbnail","hentry","category-campus","tag-campus-westend","tag-interview","tag-unireport"],"yoast_head":"<!-- This site is optimized with the Yoast SEO plugin v27.5 - https:\/\/yoast.com\/product\/yoast-seo-wordpress\/ -->\n<title>Bau der neuen Universit\u00e4tsbibliothek r\u00fcckt n\u00e4her \/ Interview mit Birgitta Wolff | Aktuelles aus der Goethe-Universit\u00e4t Frankfurt<\/title>\n<meta name=\"robots\" content=\"index, follow, max-snippet:-1, max-image-preview:large, max-video-preview:-1\" \/>\n<link rel=\"canonical\" href=\"https:\/\/aktuelles.uni-frankfurt.de\/en\/campus\/bau-der-neuen-universitaetsbibliothek-rueckt-naeher-interview-mit-birgitta-wolff\/\" \/>\n<meta property=\"og:locale\" content=\"en_GB\" \/>\n<meta property=\"og:type\" content=\"article\" \/>\n<meta property=\"og:title\" content=\"Bau der neuen Universit\u00e4tsbibliothek r\u00fcckt n\u00e4her \/ Interview mit Birgitta Wolff | Aktuelles aus der Goethe-Universit\u00e4t Frankfurt\" \/>\n<meta property=\"og:description\" content=\"Universit\u00e4tspr\u00e4sidentin Prof. Birgitta Wolff \u00fcber Perspektiven f\u00fcr den Neubau der Universit\u00e4tsbibliothek nach der 100-Millionen-Euro-Zusage der Landesregierung aus dem Verkauf des alten Polizeipr\u00e4sidiums. Frau Prof. Wolff, was war Ihre erste Reaktion, [&hellip;]\" \/>\n<meta property=\"og:url\" content=\"https:\/\/aktuelles.uni-frankfurt.de\/en\/campus\/bau-der-neuen-universitaetsbibliothek-rueckt-naeher-interview-mit-birgitta-wolff\/\" \/>\n<meta property=\"og:site_name\" content=\"Aktuelles aus der Goethe-Universit\u00e4t Frankfurt\" \/>\n<meta property=\"article:published_time\" content=\"2018-04-10T11:34:14+00:00\" \/>\n<meta property=\"article:modified_time\" content=\"2018-04-10T11:39:29+00:00\" \/>\n<meta property=\"og:image\" content=\"https:\/\/aktuelles.uni-frankfurt.de\/wp-content\/uploads\/2018\/04\/blog_UR_unibib-in-bewegung.jpg\" \/>\n\t<meta property=\"og:image:width\" content=\"650\" \/>\n\t<meta property=\"og:image:height\" content=\"450\" \/>\n\t<meta property=\"og:image:type\" content=\"image\/jpeg\" \/>\n<meta name=\"author\" content=\"-\" \/>\n<meta name=\"twitter:card\" content=\"summary_large_image\" \/>\n<meta name=\"twitter:label1\" content=\"Written by\" \/>\n\t<meta name=\"twitter:data1\" content=\"-\" \/>\n\t<meta name=\"twitter:label2\" content=\"Estimated reading time\" \/>\n\t<meta name=\"twitter:data2\" content=\"7 minutes\" \/>\n<script type=\"application\/ld+json\" class=\"yoast-schema-graph\">{\"@context\":\"https:\\\/\\\/schema.org\",\"@graph\":[{\"@type\":\"Article\",\"@id\":\"https:\\\/\\\/aktuelles.uni-frankfurt.de\\\/campus\\\/bau-der-neuen-universitaetsbibliothek-rueckt-naeher-interview-mit-birgitta-wolff\\\/#article\",\"isPartOf\":{\"@id\":\"https:\\\/\\\/aktuelles.uni-frankfurt.de\\\/campus\\\/bau-der-neuen-universitaetsbibliothek-rueckt-naeher-interview-mit-birgitta-wolff\\\/\"},\"author\":{\"name\":\"-\",\"@id\":\"https:\\\/\\\/aktuelles.uni-frankfurt.de\\\/#\\\/schema\\\/person\\\/8e55ea338fb65d1ce87a91565d1f1739\"},\"headline\":\"Bau der neuen Universit\u00e4tsbibliothek r\u00fcckt n\u00e4her \\\/ Interview mit Birgitta Wolff\",\"datePublished\":\"2018-04-10T11:34:14+00:00\",\"dateModified\":\"2018-04-10T11:39:29+00:00\",\"mainEntityOfPage\":{\"@id\":\"https:\\\/\\\/aktuelles.uni-frankfurt.de\\\/campus\\\/bau-der-neuen-universitaetsbibliothek-rueckt-naeher-interview-mit-birgitta-wolff\\\/\"},\"wordCount\":1441,\"publisher\":{\"@id\":\"https:\\\/\\\/aktuelles.uni-frankfurt.de\\\/#organization\"},\"image\":{\"@id\":\"https:\\\/\\\/aktuelles.uni-frankfurt.de\\\/campus\\\/bau-der-neuen-universitaetsbibliothek-rueckt-naeher-interview-mit-birgitta-wolff\\\/#primaryimage\"},\"thumbnailUrl\":\"https:\\\/\\\/aktuelles.uni-frankfurt.de\\\/wp-content\\\/uploads\\\/2018\\\/04\\\/blog_UR_unibib-in-bewegung.jpg\",\"keywords\":[\"Campus Westend\",\"Interview\",\"UniReport\"],\"articleSection\":[\"Campus\"],\"inLanguage\":\"en-GB\"},{\"@type\":\"WebPage\",\"@id\":\"https:\\\/\\\/aktuelles.uni-frankfurt.de\\\/campus\\\/bau-der-neuen-universitaetsbibliothek-rueckt-naeher-interview-mit-birgitta-wolff\\\/\",\"url\":\"https:\\\/\\\/aktuelles.uni-frankfurt.de\\\/campus\\\/bau-der-neuen-universitaetsbibliothek-rueckt-naeher-interview-mit-birgitta-wolff\\\/\",\"name\":\"Bau der neuen Universit\u00e4tsbibliothek r\u00fcckt n\u00e4her \\\/ Interview mit Birgitta Wolff | Aktuelles aus der Goethe-Universit\u00e4t Frankfurt\",\"isPartOf\":{\"@id\":\"https:\\\/\\\/aktuelles.uni-frankfurt.de\\\/#website\"},\"primaryImageOfPage\":{\"@id\":\"https:\\\/\\\/aktuelles.uni-frankfurt.de\\\/campus\\\/bau-der-neuen-universitaetsbibliothek-rueckt-naeher-interview-mit-birgitta-wolff\\\/#primaryimage\"},\"image\":{\"@id\":\"https:\\\/\\\/aktuelles.uni-frankfurt.de\\\/campus\\\/bau-der-neuen-universitaetsbibliothek-rueckt-naeher-interview-mit-birgitta-wolff\\\/#primaryimage\"},\"thumbnailUrl\":\"https:\\\/\\\/aktuelles.uni-frankfurt.de\\\/wp-content\\\/uploads\\\/2018\\\/04\\\/blog_UR_unibib-in-bewegung.jpg\",\"datePublished\":\"2018-04-10T11:34:14+00:00\",\"dateModified\":\"2018-04-10T11:39:29+00:00\",\"breadcrumb\":{\"@id\":\"https:\\\/\\\/aktuelles.uni-frankfurt.de\\\/campus\\\/bau-der-neuen-universitaetsbibliothek-rueckt-naeher-interview-mit-birgitta-wolff\\\/#breadcrumb\"},\"inLanguage\":\"en-GB\",\"potentialAction\":[{\"@type\":\"ReadAction\",\"target\":[\"https:\\\/\\\/aktuelles.uni-frankfurt.de\\\/campus\\\/bau-der-neuen-universitaetsbibliothek-rueckt-naeher-interview-mit-birgitta-wolff\\\/\"]}]},{\"@type\":\"ImageObject\",\"inLanguage\":\"en-GB\",\"@id\":\"https:\\\/\\\/aktuelles.uni-frankfurt.de\\\/campus\\\/bau-der-neuen-universitaetsbibliothek-rueckt-naeher-interview-mit-birgitta-wolff\\\/#primaryimage\",\"url\":\"https:\\\/\\\/aktuelles.uni-frankfurt.de\\\/wp-content\\\/uploads\\\/2018\\\/04\\\/blog_UR_unibib-in-bewegung.jpg\",\"contentUrl\":\"https:\\\/\\\/aktuelles.uni-frankfurt.de\\\/wp-content\\\/uploads\\\/2018\\\/04\\\/blog_UR_unibib-in-bewegung.jpg\",\"width\":650,\"height\":450},{\"@type\":\"BreadcrumbList\",\"@id\":\"https:\\\/\\\/aktuelles.uni-frankfurt.de\\\/campus\\\/bau-der-neuen-universitaetsbibliothek-rueckt-naeher-interview-mit-birgitta-wolff\\\/#breadcrumb\",\"itemListElement\":[{\"@type\":\"ListItem\",\"position\":1,\"name\":\"Startseite\",\"item\":\"https:\\\/\\\/aktuelles.uni-frankfurt.de\\\/\"},{\"@type\":\"ListItem\",\"position\":2,\"name\":\"Bau der neuen Universit\u00e4tsbibliothek r\u00fcckt n\u00e4her \\\/ Interview mit Birgitta Wolff\"}]},{\"@type\":\"WebSite\",\"@id\":\"https:\\\/\\\/aktuelles.uni-frankfurt.de\\\/#website\",\"url\":\"https:\\\/\\\/aktuelles.uni-frankfurt.de\\\/\",\"name\":\"Aktuelles aus der Goethe-Universit\u00e4t Frankfurt\",\"description\":\"Aktuelles aus der Goethe-Universit\u00e4t | Neues aus Forschung, Lehre, Studium\",\"publisher\":{\"@id\":\"https:\\\/\\\/aktuelles.uni-frankfurt.de\\\/#organization\"},\"potentialAction\":[{\"@type\":\"SearchAction\",\"target\":{\"@type\":\"EntryPoint\",\"urlTemplate\":\"https:\\\/\\\/aktuelles.uni-frankfurt.de\\\/?s={search_term_string}\"},\"query-input\":{\"@type\":\"PropertyValueSpecification\",\"valueRequired\":true,\"valueName\":\"search_term_string\"}}],\"inLanguage\":\"en-GB\"},{\"@type\":\"Organization\",\"@id\":\"https:\\\/\\\/aktuelles.uni-frankfurt.de\\\/#organization\",\"name\":\"Goethe-Universit\u00e4t\",\"url\":\"https:\\\/\\\/aktuelles.uni-frankfurt.de\\\/\",\"logo\":{\"@type\":\"ImageObject\",\"inLanguage\":\"en-GB\",\"@id\":\"https:\\\/\\\/aktuelles.uni-frankfurt.de\\\/#\\\/schema\\\/logo\\\/image\\\/\",\"url\":\"https:\\\/\\\/aktuelles.uni-frankfurt.de\\\/wp-content\\\/uploads\\\/2022\\\/03\\\/800px-Goethe-Logo.png\",\"contentUrl\":\"https:\\\/\\\/aktuelles.uni-frankfurt.de\\\/wp-content\\\/uploads\\\/2022\\\/03\\\/800px-Goethe-Logo.png\",\"width\":800,\"height\":436,\"caption\":\"Goethe-Universit\u00e4t\"},\"image\":{\"@id\":\"https:\\\/\\\/aktuelles.uni-frankfurt.de\\\/#\\\/schema\\\/logo\\\/image\\\/\"}},{\"@type\":\"Person\",\"@id\":\"https:\\\/\\\/aktuelles.uni-frankfurt.de\\\/#\\\/schema\\\/person\\\/8e55ea338fb65d1ce87a91565d1f1739\",\"name\":\"-\",\"description\":\"Dieser Beitrag wurde von der Online-Redaktion ver\u00f6ffentlicht. Wenn der Beitrag von einem Gastautoren verfasst wurde, findet sich dieser Hinweis am Ende des jeweiligen Artikels.\",\"sameAs\":[\"http:\\\/\\\/aktuelles.uni-frankfurt.de\\\/autoren\"],\"url\":\"https:\\\/\\\/aktuelles.uni-frankfurt.de\\\/en\\\/author\\\/redaktion\\\/\"}]}<\/script>\n<!-- \/ Yoast SEO plugin. -->","yoast_head_json":{"title":"Bau der neuen Universit\u00e4tsbibliothek r\u00fcckt n\u00e4her \/ Interview mit Birgitta Wolff | Aktuelles aus der Goethe-Universit\u00e4t Frankfurt","robots":{"index":"index","follow":"follow","max-snippet":"max-snippet:-1","max-image-preview":"max-image-preview:large","max-video-preview":"max-video-preview:-1"},"canonical":"https:\/\/aktuelles.uni-frankfurt.de\/en\/campus\/bau-der-neuen-universitaetsbibliothek-rueckt-naeher-interview-mit-birgitta-wolff\/","og_locale":"en_GB","og_type":"article","og_title":"Bau der neuen Universit\u00e4tsbibliothek r\u00fcckt n\u00e4her \/ Interview mit Birgitta Wolff | Aktuelles aus der Goethe-Universit\u00e4t Frankfurt","og_description":"Universit\u00e4tspr\u00e4sidentin Prof. Birgitta Wolff \u00fcber Perspektiven f\u00fcr den Neubau der Universit\u00e4tsbibliothek nach der 100-Millionen-Euro-Zusage der Landesregierung aus dem Verkauf des alten Polizeipr\u00e4sidiums. Frau Prof. Wolff, was war Ihre erste Reaktion, [&hellip;]","og_url":"https:\/\/aktuelles.uni-frankfurt.de\/en\/campus\/bau-der-neuen-universitaetsbibliothek-rueckt-naeher-interview-mit-birgitta-wolff\/","og_site_name":"Aktuelles aus der Goethe-Universit\u00e4t Frankfurt","article_published_time":"2018-04-10T11:34:14+00:00","article_modified_time":"2018-04-10T11:39:29+00:00","og_image":[{"width":650,"height":450,"url":"https:\/\/aktuelles.uni-frankfurt.de\/wp-content\/uploads\/2018\/04\/blog_UR_unibib-in-bewegung.jpg","type":"image\/jpeg"}],"author":"-","twitter_card":"summary_large_image","twitter_misc":{"Written by":"-","Estimated reading time":"7 minutes"},"schema":{"@context":"https:\/\/schema.org","@graph":[{"@type":"Article","@id":"https:\/\/aktuelles.uni-frankfurt.de\/campus\/bau-der-neuen-universitaetsbibliothek-rueckt-naeher-interview-mit-birgitta-wolff\/#article","isPartOf":{"@id":"https:\/\/aktuelles.uni-frankfurt.de\/campus\/bau-der-neuen-universitaetsbibliothek-rueckt-naeher-interview-mit-birgitta-wolff\/"},"author":{"name":"-","@id":"https:\/\/aktuelles.uni-frankfurt.de\/#\/schema\/person\/8e55ea338fb65d1ce87a91565d1f1739"},"headline":"Bau der neuen Universit\u00e4tsbibliothek r\u00fcckt n\u00e4her \/ Interview mit Birgitta Wolff","datePublished":"2018-04-10T11:34:14+00:00","dateModified":"2018-04-10T11:39:29+00:00","mainEntityOfPage":{"@id":"https:\/\/aktuelles.uni-frankfurt.de\/campus\/bau-der-neuen-universitaetsbibliothek-rueckt-naeher-interview-mit-birgitta-wolff\/"},"wordCount":1441,"publisher":{"@id":"https:\/\/aktuelles.uni-frankfurt.de\/#organization"},"image":{"@id":"https:\/\/aktuelles.uni-frankfurt.de\/campus\/bau-der-neuen-universitaetsbibliothek-rueckt-naeher-interview-mit-birgitta-wolff\/#primaryimage"},"thumbnailUrl":"https:\/\/aktuelles.uni-frankfurt.de\/wp-content\/uploads\/2018\/04\/blog_UR_unibib-in-bewegung.jpg","keywords":["Campus Westend","Interview","UniReport"],"articleSection":["Campus"],"inLanguage":"en-GB"},{"@type":"WebPage","@id":"https:\/\/aktuelles.uni-frankfurt.de\/campus\/bau-der-neuen-universitaetsbibliothek-rueckt-naeher-interview-mit-birgitta-wolff\/","url":"https:\/\/aktuelles.uni-frankfurt.de\/campus\/bau-der-neuen-universitaetsbibliothek-rueckt-naeher-interview-mit-birgitta-wolff\/","name":"Bau der neuen Universit\u00e4tsbibliothek r\u00fcckt n\u00e4her \/ Interview mit Birgitta Wolff | Aktuelles aus der Goethe-Universit\u00e4t Frankfurt","isPartOf":{"@id":"https:\/\/aktuelles.uni-frankfurt.de\/#website"},"primaryImageOfPage":{"@id":"https:\/\/aktuelles.uni-frankfurt.de\/campus\/bau-der-neuen-universitaetsbibliothek-rueckt-naeher-interview-mit-birgitta-wolff\/#primaryimage"},"image":{"@id":"https:\/\/aktuelles.uni-frankfurt.de\/campus\/bau-der-neuen-universitaetsbibliothek-rueckt-naeher-interview-mit-birgitta-wolff\/#primaryimage"},"thumbnailUrl":"https:\/\/aktuelles.uni-frankfurt.de\/wp-content\/uploads\/2018\/04\/blog_UR_unibib-in-bewegung.jpg","datePublished":"2018-04-10T11:34:14+00:00","dateModified":"2018-04-10T11:39:29+00:00","breadcrumb":{"@id":"https:\/\/aktuelles.uni-frankfurt.de\/campus\/bau-der-neuen-universitaetsbibliothek-rueckt-naeher-interview-mit-birgitta-wolff\/#breadcrumb"},"inLanguage":"en-GB","potentialAction":[{"@type":"ReadAction","target":["https:\/\/aktuelles.uni-frankfurt.de\/campus\/bau-der-neuen-universitaetsbibliothek-rueckt-naeher-interview-mit-birgitta-wolff\/"]}]},{"@type":"ImageObject","inLanguage":"en-GB","@id":"https:\/\/aktuelles.uni-frankfurt.de\/campus\/bau-der-neuen-universitaetsbibliothek-rueckt-naeher-interview-mit-birgitta-wolff\/#primaryimage","url":"https:\/\/aktuelles.uni-frankfurt.de\/wp-content\/uploads\/2018\/04\/blog_UR_unibib-in-bewegung.jpg","contentUrl":"https:\/\/aktuelles.uni-frankfurt.de\/wp-content\/uploads\/2018\/04\/blog_UR_unibib-in-bewegung.jpg","width":650,"height":450},{"@type":"BreadcrumbList","@id":"https:\/\/aktuelles.uni-frankfurt.de\/campus\/bau-der-neuen-universitaetsbibliothek-rueckt-naeher-interview-mit-birgitta-wolff\/#breadcrumb","itemListElement":[{"@type":"ListItem","position":1,"name":"Startseite","item":"https:\/\/aktuelles.uni-frankfurt.de\/"},{"@type":"ListItem","position":2,"name":"Bau der neuen Universit\u00e4tsbibliothek r\u00fcckt n\u00e4her \/ Interview mit Birgitta Wolff"}]},{"@type":"WebSite","@id":"https:\/\/aktuelles.uni-frankfurt.de\/#website","url":"https:\/\/aktuelles.uni-frankfurt.de\/","name":"Aktuelles aus der Goethe-Universit\u00e4t Frankfurt","description":"Aktuelles aus der Goethe-Universit\u00e4t | Neues aus Forschung, Lehre, Studium","publisher":{"@id":"https:\/\/aktuelles.uni-frankfurt.de\/#organization"},"potentialAction":[{"@type":"SearchAction","target":{"@type":"EntryPoint","urlTemplate":"https:\/\/aktuelles.uni-frankfurt.de\/?s={search_term_string}"},"query-input":{"@type":"PropertyValueSpecification","valueRequired":true,"valueName":"search_term_string"}}],"inLanguage":"en-GB"},{"@type":"Organization","@id":"https:\/\/aktuelles.uni-frankfurt.de\/#organization","name":"Goethe University Frankfurt","url":"https:\/\/aktuelles.uni-frankfurt.de\/","logo":{"@type":"ImageObject","inLanguage":"en-GB","@id":"https:\/\/aktuelles.uni-frankfurt.de\/#\/schema\/logo\/image\/","url":"https:\/\/aktuelles.uni-frankfurt.de\/wp-content\/uploads\/2022\/03\/800px-Goethe-Logo.png","contentUrl":"https:\/\/aktuelles.uni-frankfurt.de\/wp-content\/uploads\/2022\/03\/800px-Goethe-Logo.png","width":800,"height":436,"caption":"Goethe-Universit\u00e4t"},"image":{"@id":"https:\/\/aktuelles.uni-frankfurt.de\/#\/schema\/logo\/image\/"}},{"@type":"Person","@id":"https:\/\/aktuelles.uni-frankfurt.de\/#\/schema\/person\/8e55ea338fb65d1ce87a91565d1f1739","name":"-","description":"Dieser Beitrag wurde von der Online-Redaktion ver\u00f6ffentlicht. Wenn der Beitrag von einem Gastautoren verfasst wurde, findet sich dieser Hinweis am Ende des jeweiligen Artikels.","sameAs":["http:\/\/aktuelles.uni-frankfurt.de\/autoren"],"url":"https:\/\/aktuelles.uni-frankfurt.de\/en\/author\/redaktion\/"}]}},"_links":{"self":[{"href":"https:\/\/aktuelles.uni-frankfurt.de\/en\/wp-json\/wp\/v2\/posts\/27843","targetHints":{"allow":["GET"]}}],"collection":[{"href":"https:\/\/aktuelles.uni-frankfurt.de\/en\/wp-json\/wp\/v2\/posts"}],"about":[{"href":"https:\/\/aktuelles.uni-frankfurt.de\/en\/wp-json\/wp\/v2\/types\/post"}],"author":[{"embeddable":true,"href":"https:\/\/aktuelles.uni-frankfurt.de\/en\/wp-json\/wp\/v2\/users\/8"}],"replies":[{"embeddable":true,"href":"https:\/\/aktuelles.uni-frankfurt.de\/en\/wp-json\/wp\/v2\/comments?post=27843"}],"version-history":[{"count":0,"href":"https:\/\/aktuelles.uni-frankfurt.de\/en\/wp-json\/wp\/v2\/posts\/27843\/revisions"}],"wp:featuredmedia":[{"embeddable":true,"href":"https:\/\/aktuelles.uni-frankfurt.de\/en\/wp-json\/wp\/v2\/media\/27846"}],"wp:attachment":[{"href":"https:\/\/aktuelles.uni-frankfurt.de\/en\/wp-json\/wp\/v2\/media?parent=27843"}],"wp:term":[{"taxonomy":"category","embeddable":true,"href":"https:\/\/aktuelles.uni-frankfurt.de\/en\/wp-json\/wp\/v2\/categories?post=27843"},{"taxonomy":"post_tag","embeddable":true,"href":"https:\/\/aktuelles.uni-frankfurt.de\/en\/wp-json\/wp\/v2\/tags?post=27843"},{"taxonomy":"post_folder","embeddable":true,"href":"https:\/\/aktuelles.uni-frankfurt.de\/en\/wp-json\/wp\/v2\/post_folder?post=27843"}],"curies":[{"name":"wp","href":"https:\/\/api.w.org\/{rel}","templated":true}]}}