{"id":27902,"date":"2018-04-12T13:54:08","date_gmt":"2018-04-12T11:54:08","guid":{"rendered":"https:\/\/aktuelles.uni-frankfurt.de\/?p=27902"},"modified":"2018-04-12T13:54:08","modified_gmt":"2018-04-12T11:54:08","slug":"christian-kracht-uebernimmt-die-frankfurter-stiftungsgastdozentur-fuer-poetik","status":"publish","type":"post","link":"https:\/\/aktuelles.uni-frankfurt.de\/en\/veranstaltungen\/christian-kracht-uebernimmt-die-frankfurter-stiftungsgastdozentur-fuer-poetik\/","title":{"rendered":"Christian Kracht \u00fcbernimmt die Frankfurter Stiftungsgastdozentur f\u00fcr Poetik"},"content":{"rendered":"<figure id=\"attachment_27904\" aria-describedby=\"caption-attachment-27904\" style=\"width: 400px\" class=\"wp-caption alignleft\"><img fetchpriority=\"high\" decoding=\"async\" class=\"wp-image-27904\" src=\"https:\/\/aktuelles.uni-frankfurt.de\/wp-content\/uploads\/2018\/04\/blog_UR_kracht.jpg\" alt=\"\" width=\"400\" height=\"277\" srcset=\"https:\/\/aktuelles.uni-frankfurt.de\/wp-content\/uploads\/2018\/04\/blog_UR_kracht.jpg 650w, https:\/\/aktuelles.uni-frankfurt.de\/wp-content\/uploads\/2018\/04\/blog_UR_kracht-300x208.jpg 300w\" sizes=\"(max-width: 400px) 100vw, 400px\" \/><figcaption id=\"caption-attachment-27904\" class=\"wp-caption-text\">Foto: Center for the Study of Europe Boston University\/ Wikipedia (2015)<\/figcaption><\/figure>\n<p><em><strong>Es ist die erste Poetikdozentur, die der Schweizer Schriftsteller \u00fcbernimmt. Mit gro\u00dfer Spannung werden daher Christian Krachts Vorlesungen an der Goethe-Universit\u00e4t erwartet. Er wird vom 15. \u2013 22. Mai in drei Vortr\u00e4gen \u00fcber die Entstehungsgrundlagen, die Einfl\u00fcsse und die Fluchtpunkte seiner literarischen Arbeit sprechen.<\/strong><\/em><\/p>\n<p>Nach einem Studium der Film- und Literaturwissenschaften und neben unterschiedlichen journalistischen Arbeiten ver\u00f6ffentlichte Kracht 1995 den Roman \u201eFaserland\u201c. Auch wenn der Autor das Label nie gemocht hat, gilt der Roman als Gr\u00fcndungsdokument einer neuen deutschen Popliteratur. W\u00e4hrend die Leserschaft sich begeistert zeigte, war das Feuilleton eher negativ eingestellt.<\/p>\n<p>Der \u201eSchn\u00f6sel aus besserem Hause\u201c, so die pejorative Beschreibung des durch Deutschland reisenden und irrenden Romanhelden, wurde meist unterschiedslos auch der Verfasser genannt. Auch wenn die Ineinssetzung von Autor und Werk nat\u00fcrlich gegen literaturwissenschaftliche und auch -kritische Gepflogenheiten verst\u00f6\u00dft, hat Kracht selber immer wieder das Verwirrspiel befeuert; Ansichten und Verhaltensmuster seiner Figuren finden sich zuhauf sowohl in seinen nicht-fiktionalen Texten als auch in seinen seltenen Interviews und Fernsehauftritten.<\/p>\n<p>Die Abneigung des Helden aus \u201eFaserland\u201c gegen Frankfurt (\u201eextrem absto\u00dfend\u201c) findet sich bereits auch in Krachts Reportage \u201e60 Stunden VIVA\u201c f\u00fcr den SPIEGEL (1994): Er soll in die \u201eh\u00e4sslichste Stadt Deutschlands\u201c fahren und entscheidet sich kurzerhand f\u00fcr \u2013 Frankfurt. Sechs Jahre nach \u201eFaserland\u201c folgte der Roman \u201e1979\u201c, der kurz nach 9 \/11 erschien und gro\u00dfe internationale Anerkennung fand.<\/p>\n<p>\u201e1979\u201c spielt kurz vor der islamischen Revolution in Teheran und endet in einem chinesischen Arbeitslager. Das Triptychon, wie Kracht in einem Interview seine ersten drei Romane selbst bezeichnet hat, fand mit \u201eIch werde hier sein im Sonnenschein und im Schatten\u201c (2008) seinen Abschluss. Auch hiermit \u00fcberraschte Kracht seine Kritiker, die in seinen Texten immer das Vordergr\u00fcndige und die Gegenwartsbezogenheit fr\u00fcher Poptexte suchten; Kracht erz\u00e4hlt im Modus einer Dystopie von einem anderen Verlauf der Weltgeschichte nach 1917: Lenin f\u00e4hrt nicht zur\u00fcck nach Russland, sondern baut eine \u201eSchweizer Sowjet Republik\u201c zur Kolonialmacht auf, die sich in einem globalen Endzeit- Krieg befindet.<\/p>\n<p>[dt_call_to_action content_size=&#8220;small&#8220; background=&#8220;fancy&#8220; line=&#8220;false&#8220;]<\/p>\n<p><img decoding=\"async\" class=\"wp-image-27905 alignleft\" src=\"https:\/\/aktuelles.uni-frankfurt.de\/wp-content\/uploads\/2018\/04\/blog_UR_kracht02.jpg\" alt=\"\" width=\"200\" height=\"275\" srcset=\"https:\/\/aktuelles.uni-frankfurt.de\/wp-content\/uploads\/2018\/04\/blog_UR_kracht02.jpg 450w, https:\/\/aktuelles.uni-frankfurt.de\/wp-content\/uploads\/2018\/04\/blog_UR_kracht02-218x300.jpg 218w\" sizes=\"(max-width: 200px) 100vw, 200px\" \/><\/p>\n<p>Nicht zuletzt aufgrund der faszinierend-verst\u00f6renden Wirkung seiner Texte widersetzt sich Krachts Literatur eindeutigen Zuschreibungen. Das Heft geht dieser Poetik der Uneindeutigkeit anhand verschiedener Facetten wie den ambivalenten Ordnungen des Erz\u00e4hlens, der Skandalisierung von Autorschaft, Krachts literarisch betriebener Geopolitik oder den paratextuellen Rahmungen seiner Romane nach. Beitr\u00e4ger des vorliegenden Bandes sind u. a. Prof. Susanne Komfort-Hein und Prof. Heinz Dr\u00fcgh, beide Germanisten an der Goethe-Universit\u00e4t Frankfurt.<\/p>\n<p>TEXT+KRITIK 216\/2017: Christian Kracht, herausgegeben von Christoph Kleinschmidt (Universit\u00e4t T\u00fcbingen). M\u00fcnchen: edition text+kritik, 104 Seiten, 24 Euro<\/p>\n<p>&nbsp;<\/p>\n<p>[\/dt_call_to_action]<\/p>\n<h3>Das \u00bbKrachtianische\u00ab<\/h3>\n<p>Mit \u201eImperium\u201c (2012) greift Kracht wiederum ein historisierendes Thema auf: Er erz\u00e4hlt die bizarre Geschichte des deutschen Aussteigers August Engelhardt, der Anfang des 20. Jahrhunderts sich in der Kolonie Deutsch-Neuguinea als Begr\u00fcnder des \u201e Kokovorismus\u201c nur noch von Kokosn\u00fcssen ern\u00e4hren will. Der Roman wurde mit dem Wilhelm-Raabe-Literaturpreis der Stadt Braunschweig ausgezeichnet.<\/p>\n<p>Krachts letzter Roman, \u201eDie Toten\u201c (2016), handelt von einem imagin\u00e4ren Filmprojekt zu Beginn der 1930er Jahre: Ein Schweizer Regisseur wird nach Japan geschickt, um dort im Auftrag des Filmmoguls Hugenberg einen Gruselfilm zu drehen, um, wie es sich auch ein Mitarbeiter des japanischen Kulturministeriums ertr\u00e4umt, eine \u201ezelluloide Achse\u201c zwischen Tokio und Berlin zu bauen.<\/p>\n<p>Susanne Komfort-Hein spricht in ihrer Interpretation in der Zeitschrift Text+Kritik von einer \u201eMelange aus historischen Fakten und Fiktionen, angereichert mit kontrafaktischer Energie, die wie zuvor im Roman \u201aImperium\u2018 vermeintlich historisch Wohlbekanntes zur bisweilen bizarren (Un-)Kenntlichkeit \u00fcberschreibt.\u201c Kracht erhielt f\u00fcr \u201eDie Toten\u201c den Schweizer Buchpreis; f\u00fcr sein bisheriges Werk wurde ihm der Hermann-Hesse-Literaturpreis verliehen.<\/p>\n<p>Neben den genannten Romanen und weiteren Ver\u00f6ffentlichungen (u. a. \u201eTristesse Royale. Ein popkulturelles Quintett\u201c, mit Benjamin v. Stuckrad-Barre, Eckhard Nickel, Joachim Bessing und Alexander v. Sch\u00f6nburg, 1999) sind von Christian Kracht auch H\u00f6rb\u00fccher (u. a. \u201eLiverecordings\u201c (1999) und Reiseberichte (u. a. \u201eDer gelbe Bleistift\u201c, 2000) erschienen. Des Weiteren hat Christian Kracht auch das Drehbuch zu \u201eFinsterworld\u201c geschrieben, das erfolgreich und vielfach ausgezeichnet unter der Regie seiner Frau Frauke Finsterwalder verfilmt wurde.<\/p>\n<p>In dem Film tauchen \u00fcberdeutlich einige Motive aus Krachts Romanen auf. So werden wie in \u201eFaserland\u201c deutsche Befindlichkeiten in verschiedenen Generationen vermessen; zynische Jungspunde treffen auf versch\u00fcchterte Romantiker, gutmeinende Lehrkr\u00e4fte und \u00fcberkandidelte Medienschaffende. Der Film hat u. a. den Preis der deutschen Filmkritik f\u00fcr das \u201eBeste Drehbuch 2013\u201c erhalten.<\/p>\n<p>Die Rezeption von Krachts literarischen Texten hat sich seit dem Erscheinen \u201eFaserland\u201c grundlegend ge\u00e4ndert; vonseiten des b\u00fcrgerlichen Feuilleton erh\u00e4lt Kracht mittlerweile gro\u00dfe Anerkennung, wenngleich sich nach wie vor die Geister scheiden an Krachts Strategie, auch jenseits seiner B\u00fccher Fakten und Fiktionen \u00fcber seine Person und sein Werk ununterscheidbar in die Welt zu setzen.<\/p>\n<p>In zwei exklusiven Vorab-Interviews zum Buch \u201eDie Toten\u201c strickten die Literaturkritiker Denis Scheck (\u201eDruckfrisch\u201c) und Ijoma Mangold (Die Zeit), so einige emp\u00f6rte Beobachter, sogar freiwillig an der Autorinszenierung mit. Die Literaturwissenschaftler Moritz Ba\u00dfler und Heinz Dr\u00fcgh erl\u00e4utern das \u201eKrachtianische\u201c \u2013 gepr\u00e4gt wurde der klappentexttaugliche Begriff angeblich vom norwegischen Erfolgsautor Karl-Ove Knausg\u00e5rd \u2013 in ihrem Aufsatz in Text+Kritik folgenderma\u00dfen:<\/p>\n<p>\u201eKrachts literarische \u00c4sthetik [\u2026] erh\u00e4lt ihre besondere Gegenw\u00e4rtigkeit dadurch, dass sie weder auf etablierte literar\u00e4sthetische Positionen vertraut noch sich in einem autonomie\u00e4sthetischen Raum einkapselt, sondern auf aufschlussreiche wie originelle Weise kontempor\u00e4re Positionen des \u00c4sthetischen unter Markt- und Medienbedingungen verhandelt.\u201c<\/p>\n<p><strong><em>Dieser Artikel ist in der Ausgabe 2.18 (<\/em><\/strong><a href=\"http:\/\/www.unireport.info\/71145627\/Unireport_2-18.pdf\" target=\"_blank\" rel=\"noopener\"><strong><em>PDF-Download<\/em><\/strong><\/a><strong><em>)<\/em><\/strong><strong><em>\u00a0des UniReport erschienen.<\/em><\/strong><\/p>\n","protected":false},"excerpt":{"rendered":"<p>Es ist die erste Poetikdozentur, die der Schweizer Schriftsteller \u00fcbernimmt. Mit gro\u00dfer Spannung werden daher Christian Krachts Vorlesungen an der Goethe-Universit\u00e4t erwartet. Er wird vom 15. \u2013 22. Mai in [&hellip;]<\/p>\n","protected":false},"author":4,"featured_media":27904,"comment_status":"closed","ping_status":"closed","sticky":false,"template":"","format":"standard","meta":{"_eb_attr":"","_price":"","_stock":"","_tribe_ticket_header":"","_tribe_default_ticket_provider":"","_ticket_start_date":"","_ticket_end_date":"","_tribe_ticket_show_description":"","_tribe_ticket_show_not_going":false,"_tribe_ticket_use_global_stock":"","_tribe_ticket_global_stock_level":"","_global_stock_mode":"","_global_stock_cap":"","_tribe_rsvp_for_event":"","_tribe_ticket_going_count":"","_tribe_ticket_not_going_count":"","_tribe_tickets_list":"[]","_tribe_ticket_has_attendee_info_fields":false,"footnotes":""},"categories":[12],"tags":[67,10],"post_folder":[],"class_list":["post-27902","post","type-post","status-publish","format-standard","has-post-thumbnail","hentry","category-veranstaltungen","tag-poetikvorlesung","tag-unireport"],"yoast_head":"<!-- This site is optimized with the Yoast SEO plugin v27.5 - https:\/\/yoast.com\/product\/yoast-seo-wordpress\/ -->\n<title>Christian Kracht \u00fcbernimmt die Frankfurter Stiftungsgastdozentur f\u00fcr Poetik | Aktuelles aus der Goethe-Universit\u00e4t Frankfurt<\/title>\n<meta name=\"robots\" content=\"index, follow, max-snippet:-1, max-image-preview:large, max-video-preview:-1\" \/>\n<link rel=\"canonical\" href=\"https:\/\/aktuelles.uni-frankfurt.de\/en\/veranstaltungen\/christian-kracht-uebernimmt-die-frankfurter-stiftungsgastdozentur-fuer-poetik\/\" \/>\n<meta property=\"og:locale\" content=\"en_GB\" \/>\n<meta property=\"og:type\" content=\"article\" \/>\n<meta property=\"og:title\" content=\"Christian Kracht \u00fcbernimmt die Frankfurter Stiftungsgastdozentur f\u00fcr Poetik | Aktuelles aus der Goethe-Universit\u00e4t Frankfurt\" \/>\n<meta property=\"og:description\" content=\"Es ist die erste Poetikdozentur, die der Schweizer Schriftsteller \u00fcbernimmt. Mit gro\u00dfer Spannung werden daher Christian Krachts Vorlesungen an der Goethe-Universit\u00e4t erwartet. Er wird vom 15. \u2013 22. Mai in [&hellip;]\" \/>\n<meta property=\"og:url\" content=\"https:\/\/aktuelles.uni-frankfurt.de\/en\/veranstaltungen\/christian-kracht-uebernimmt-die-frankfurter-stiftungsgastdozentur-fuer-poetik\/\" \/>\n<meta property=\"og:site_name\" content=\"Aktuelles aus der Goethe-Universit\u00e4t Frankfurt\" \/>\n<meta property=\"article:published_time\" content=\"2018-04-12T11:54:08+00:00\" \/>\n<meta property=\"og:image\" content=\"https:\/\/aktuelles.uni-frankfurt.de\/wp-content\/uploads\/2018\/04\/blog_UR_kracht.jpg\" \/>\n\t<meta property=\"og:image:width\" content=\"650\" \/>\n\t<meta property=\"og:image:height\" content=\"450\" \/>\n\t<meta property=\"og:image:type\" content=\"image\/jpeg\" \/>\n<meta name=\"author\" content=\"Dr. Dirk Frank\" \/>\n<meta name=\"twitter:card\" content=\"summary_large_image\" \/>\n<meta name=\"twitter:label1\" content=\"Written by\" \/>\n\t<meta name=\"twitter:data1\" content=\"Dr. Dirk Frank\" \/>\n\t<meta name=\"twitter:label2\" content=\"Estimated reading time\" \/>\n\t<meta name=\"twitter:data2\" content=\"5 minutes\" \/>\n<script type=\"application\/ld+json\" class=\"yoast-schema-graph\">{\"@context\":\"https:\\\/\\\/schema.org\",\"@graph\":[{\"@type\":\"Article\",\"@id\":\"https:\\\/\\\/aktuelles.uni-frankfurt.de\\\/veranstaltungen\\\/christian-kracht-uebernimmt-die-frankfurter-stiftungsgastdozentur-fuer-poetik\\\/#article\",\"isPartOf\":{\"@id\":\"https:\\\/\\\/aktuelles.uni-frankfurt.de\\\/veranstaltungen\\\/christian-kracht-uebernimmt-die-frankfurter-stiftungsgastdozentur-fuer-poetik\\\/\"},\"author\":{\"name\":\"Dr. Dirk Frank\",\"@id\":\"https:\\\/\\\/aktuelles.uni-frankfurt.de\\\/#\\\/schema\\\/person\\\/370c4588b49f66f89d917e8bd01f72b0\"},\"headline\":\"Christian Kracht \u00fcbernimmt die Frankfurter Stiftungsgastdozentur f\u00fcr Poetik\",\"datePublished\":\"2018-04-12T11:54:08+00:00\",\"mainEntityOfPage\":{\"@id\":\"https:\\\/\\\/aktuelles.uni-frankfurt.de\\\/veranstaltungen\\\/christian-kracht-uebernimmt-die-frankfurter-stiftungsgastdozentur-fuer-poetik\\\/\"},\"wordCount\":919,\"publisher\":{\"@id\":\"https:\\\/\\\/aktuelles.uni-frankfurt.de\\\/#organization\"},\"image\":{\"@id\":\"https:\\\/\\\/aktuelles.uni-frankfurt.de\\\/veranstaltungen\\\/christian-kracht-uebernimmt-die-frankfurter-stiftungsgastdozentur-fuer-poetik\\\/#primaryimage\"},\"thumbnailUrl\":\"https:\\\/\\\/aktuelles.uni-frankfurt.de\\\/wp-content\\\/uploads\\\/2018\\\/04\\\/blog_UR_kracht.jpg\",\"keywords\":[\"Poetikvorlesung\",\"UniReport\"],\"articleSection\":[\"Veranstaltungen\"],\"inLanguage\":\"en-GB\"},{\"@type\":\"WebPage\",\"@id\":\"https:\\\/\\\/aktuelles.uni-frankfurt.de\\\/veranstaltungen\\\/christian-kracht-uebernimmt-die-frankfurter-stiftungsgastdozentur-fuer-poetik\\\/\",\"url\":\"https:\\\/\\\/aktuelles.uni-frankfurt.de\\\/veranstaltungen\\\/christian-kracht-uebernimmt-die-frankfurter-stiftungsgastdozentur-fuer-poetik\\\/\",\"name\":\"Christian Kracht \u00fcbernimmt die Frankfurter Stiftungsgastdozentur f\u00fcr Poetik | Aktuelles aus der Goethe-Universit\u00e4t Frankfurt\",\"isPartOf\":{\"@id\":\"https:\\\/\\\/aktuelles.uni-frankfurt.de\\\/#website\"},\"primaryImageOfPage\":{\"@id\":\"https:\\\/\\\/aktuelles.uni-frankfurt.de\\\/veranstaltungen\\\/christian-kracht-uebernimmt-die-frankfurter-stiftungsgastdozentur-fuer-poetik\\\/#primaryimage\"},\"image\":{\"@id\":\"https:\\\/\\\/aktuelles.uni-frankfurt.de\\\/veranstaltungen\\\/christian-kracht-uebernimmt-die-frankfurter-stiftungsgastdozentur-fuer-poetik\\\/#primaryimage\"},\"thumbnailUrl\":\"https:\\\/\\\/aktuelles.uni-frankfurt.de\\\/wp-content\\\/uploads\\\/2018\\\/04\\\/blog_UR_kracht.jpg\",\"datePublished\":\"2018-04-12T11:54:08+00:00\",\"breadcrumb\":{\"@id\":\"https:\\\/\\\/aktuelles.uni-frankfurt.de\\\/veranstaltungen\\\/christian-kracht-uebernimmt-die-frankfurter-stiftungsgastdozentur-fuer-poetik\\\/#breadcrumb\"},\"inLanguage\":\"en-GB\",\"potentialAction\":[{\"@type\":\"ReadAction\",\"target\":[\"https:\\\/\\\/aktuelles.uni-frankfurt.de\\\/veranstaltungen\\\/christian-kracht-uebernimmt-die-frankfurter-stiftungsgastdozentur-fuer-poetik\\\/\"]}]},{\"@type\":\"ImageObject\",\"inLanguage\":\"en-GB\",\"@id\":\"https:\\\/\\\/aktuelles.uni-frankfurt.de\\\/veranstaltungen\\\/christian-kracht-uebernimmt-die-frankfurter-stiftungsgastdozentur-fuer-poetik\\\/#primaryimage\",\"url\":\"https:\\\/\\\/aktuelles.uni-frankfurt.de\\\/wp-content\\\/uploads\\\/2018\\\/04\\\/blog_UR_kracht.jpg\",\"contentUrl\":\"https:\\\/\\\/aktuelles.uni-frankfurt.de\\\/wp-content\\\/uploads\\\/2018\\\/04\\\/blog_UR_kracht.jpg\",\"width\":650,\"height\":450,\"caption\":\"Foto: Center for the Study of Europe Boston University\\\/Wikipedia (2015)\"},{\"@type\":\"BreadcrumbList\",\"@id\":\"https:\\\/\\\/aktuelles.uni-frankfurt.de\\\/veranstaltungen\\\/christian-kracht-uebernimmt-die-frankfurter-stiftungsgastdozentur-fuer-poetik\\\/#breadcrumb\",\"itemListElement\":[{\"@type\":\"ListItem\",\"position\":1,\"name\":\"Startseite\",\"item\":\"https:\\\/\\\/aktuelles.uni-frankfurt.de\\\/\"},{\"@type\":\"ListItem\",\"position\":2,\"name\":\"Christian Kracht \u00fcbernimmt die Frankfurter Stiftungsgastdozentur f\u00fcr Poetik\"}]},{\"@type\":\"WebSite\",\"@id\":\"https:\\\/\\\/aktuelles.uni-frankfurt.de\\\/#website\",\"url\":\"https:\\\/\\\/aktuelles.uni-frankfurt.de\\\/\",\"name\":\"Aktuelles aus der Goethe-Universit\u00e4t Frankfurt\",\"description\":\"Aktuelles aus der Goethe-Universit\u00e4t | Neues aus Forschung, Lehre, Studium\",\"publisher\":{\"@id\":\"https:\\\/\\\/aktuelles.uni-frankfurt.de\\\/#organization\"},\"potentialAction\":[{\"@type\":\"SearchAction\",\"target\":{\"@type\":\"EntryPoint\",\"urlTemplate\":\"https:\\\/\\\/aktuelles.uni-frankfurt.de\\\/?s={search_term_string}\"},\"query-input\":{\"@type\":\"PropertyValueSpecification\",\"valueRequired\":true,\"valueName\":\"search_term_string\"}}],\"inLanguage\":\"en-GB\"},{\"@type\":\"Organization\",\"@id\":\"https:\\\/\\\/aktuelles.uni-frankfurt.de\\\/#organization\",\"name\":\"Goethe-Universit\u00e4t\",\"url\":\"https:\\\/\\\/aktuelles.uni-frankfurt.de\\\/\",\"logo\":{\"@type\":\"ImageObject\",\"inLanguage\":\"en-GB\",\"@id\":\"https:\\\/\\\/aktuelles.uni-frankfurt.de\\\/#\\\/schema\\\/logo\\\/image\\\/\",\"url\":\"https:\\\/\\\/aktuelles.uni-frankfurt.de\\\/wp-content\\\/uploads\\\/2022\\\/03\\\/800px-Goethe-Logo.png\",\"contentUrl\":\"https:\\\/\\\/aktuelles.uni-frankfurt.de\\\/wp-content\\\/uploads\\\/2022\\\/03\\\/800px-Goethe-Logo.png\",\"width\":800,\"height\":436,\"caption\":\"Goethe-Universit\u00e4t\"},\"image\":{\"@id\":\"https:\\\/\\\/aktuelles.uni-frankfurt.de\\\/#\\\/schema\\\/logo\\\/image\\\/\"}},{\"@type\":\"Person\",\"@id\":\"https:\\\/\\\/aktuelles.uni-frankfurt.de\\\/#\\\/schema\\\/person\\\/370c4588b49f66f89d917e8bd01f72b0\",\"name\":\"Dr. Dirk Frank\",\"description\":\"Dr. Dirk Frank, 49, ist seit 2012 Pressereferent an der Goethe-Universit\u00e4t. Der promovierte Literaturwissenschaftler ist stellvertretender Leiter der Abteilung Marketing und Kommunikation und f\u00fcr die Redaktion des UniReport zust\u00e4ndig.\",\"sameAs\":[\"http:\\\/\\\/aktuelles.uni-frankfurt.de\\\/\"],\"url\":\"https:\\\/\\\/aktuelles.uni-frankfurt.de\\\/en\\\/author\\\/dr-dirkfrank\\\/\"}]}<\/script>\n<!-- \/ Yoast SEO plugin. -->","yoast_head_json":{"title":"Christian Kracht \u00fcbernimmt die Frankfurter Stiftungsgastdozentur f\u00fcr Poetik | Aktuelles aus der Goethe-Universit\u00e4t Frankfurt","robots":{"index":"index","follow":"follow","max-snippet":"max-snippet:-1","max-image-preview":"max-image-preview:large","max-video-preview":"max-video-preview:-1"},"canonical":"https:\/\/aktuelles.uni-frankfurt.de\/en\/veranstaltungen\/christian-kracht-uebernimmt-die-frankfurter-stiftungsgastdozentur-fuer-poetik\/","og_locale":"en_GB","og_type":"article","og_title":"Christian Kracht \u00fcbernimmt die Frankfurter Stiftungsgastdozentur f\u00fcr Poetik | Aktuelles aus der Goethe-Universit\u00e4t Frankfurt","og_description":"Es ist die erste Poetikdozentur, die der Schweizer Schriftsteller \u00fcbernimmt. Mit gro\u00dfer Spannung werden daher Christian Krachts Vorlesungen an der Goethe-Universit\u00e4t erwartet. Er wird vom 15. \u2013 22. Mai in [&hellip;]","og_url":"https:\/\/aktuelles.uni-frankfurt.de\/en\/veranstaltungen\/christian-kracht-uebernimmt-die-frankfurter-stiftungsgastdozentur-fuer-poetik\/","og_site_name":"Aktuelles aus der Goethe-Universit\u00e4t Frankfurt","article_published_time":"2018-04-12T11:54:08+00:00","og_image":[{"width":650,"height":450,"url":"https:\/\/aktuelles.uni-frankfurt.de\/wp-content\/uploads\/2018\/04\/blog_UR_kracht.jpg","type":"image\/jpeg"}],"author":"Dr. Dirk Frank","twitter_card":"summary_large_image","twitter_misc":{"Written by":"Dr. Dirk Frank","Estimated reading time":"5 minutes"},"schema":{"@context":"https:\/\/schema.org","@graph":[{"@type":"Article","@id":"https:\/\/aktuelles.uni-frankfurt.de\/veranstaltungen\/christian-kracht-uebernimmt-die-frankfurter-stiftungsgastdozentur-fuer-poetik\/#article","isPartOf":{"@id":"https:\/\/aktuelles.uni-frankfurt.de\/veranstaltungen\/christian-kracht-uebernimmt-die-frankfurter-stiftungsgastdozentur-fuer-poetik\/"},"author":{"name":"Dr. Dirk Frank","@id":"https:\/\/aktuelles.uni-frankfurt.de\/#\/schema\/person\/370c4588b49f66f89d917e8bd01f72b0"},"headline":"Christian Kracht \u00fcbernimmt die Frankfurter Stiftungsgastdozentur f\u00fcr Poetik","datePublished":"2018-04-12T11:54:08+00:00","mainEntityOfPage":{"@id":"https:\/\/aktuelles.uni-frankfurt.de\/veranstaltungen\/christian-kracht-uebernimmt-die-frankfurter-stiftungsgastdozentur-fuer-poetik\/"},"wordCount":919,"publisher":{"@id":"https:\/\/aktuelles.uni-frankfurt.de\/#organization"},"image":{"@id":"https:\/\/aktuelles.uni-frankfurt.de\/veranstaltungen\/christian-kracht-uebernimmt-die-frankfurter-stiftungsgastdozentur-fuer-poetik\/#primaryimage"},"thumbnailUrl":"https:\/\/aktuelles.uni-frankfurt.de\/wp-content\/uploads\/2018\/04\/blog_UR_kracht.jpg","keywords":["Poetikvorlesung","UniReport"],"articleSection":["Veranstaltungen"],"inLanguage":"en-GB"},{"@type":"WebPage","@id":"https:\/\/aktuelles.uni-frankfurt.de\/veranstaltungen\/christian-kracht-uebernimmt-die-frankfurter-stiftungsgastdozentur-fuer-poetik\/","url":"https:\/\/aktuelles.uni-frankfurt.de\/veranstaltungen\/christian-kracht-uebernimmt-die-frankfurter-stiftungsgastdozentur-fuer-poetik\/","name":"Christian Kracht \u00fcbernimmt die Frankfurter Stiftungsgastdozentur f\u00fcr Poetik | Aktuelles aus der Goethe-Universit\u00e4t Frankfurt","isPartOf":{"@id":"https:\/\/aktuelles.uni-frankfurt.de\/#website"},"primaryImageOfPage":{"@id":"https:\/\/aktuelles.uni-frankfurt.de\/veranstaltungen\/christian-kracht-uebernimmt-die-frankfurter-stiftungsgastdozentur-fuer-poetik\/#primaryimage"},"image":{"@id":"https:\/\/aktuelles.uni-frankfurt.de\/veranstaltungen\/christian-kracht-uebernimmt-die-frankfurter-stiftungsgastdozentur-fuer-poetik\/#primaryimage"},"thumbnailUrl":"https:\/\/aktuelles.uni-frankfurt.de\/wp-content\/uploads\/2018\/04\/blog_UR_kracht.jpg","datePublished":"2018-04-12T11:54:08+00:00","breadcrumb":{"@id":"https:\/\/aktuelles.uni-frankfurt.de\/veranstaltungen\/christian-kracht-uebernimmt-die-frankfurter-stiftungsgastdozentur-fuer-poetik\/#breadcrumb"},"inLanguage":"en-GB","potentialAction":[{"@type":"ReadAction","target":["https:\/\/aktuelles.uni-frankfurt.de\/veranstaltungen\/christian-kracht-uebernimmt-die-frankfurter-stiftungsgastdozentur-fuer-poetik\/"]}]},{"@type":"ImageObject","inLanguage":"en-GB","@id":"https:\/\/aktuelles.uni-frankfurt.de\/veranstaltungen\/christian-kracht-uebernimmt-die-frankfurter-stiftungsgastdozentur-fuer-poetik\/#primaryimage","url":"https:\/\/aktuelles.uni-frankfurt.de\/wp-content\/uploads\/2018\/04\/blog_UR_kracht.jpg","contentUrl":"https:\/\/aktuelles.uni-frankfurt.de\/wp-content\/uploads\/2018\/04\/blog_UR_kracht.jpg","width":650,"height":450,"caption":"Foto: Center for the Study of Europe Boston University\/Wikipedia (2015)"},{"@type":"BreadcrumbList","@id":"https:\/\/aktuelles.uni-frankfurt.de\/veranstaltungen\/christian-kracht-uebernimmt-die-frankfurter-stiftungsgastdozentur-fuer-poetik\/#breadcrumb","itemListElement":[{"@type":"ListItem","position":1,"name":"Startseite","item":"https:\/\/aktuelles.uni-frankfurt.de\/"},{"@type":"ListItem","position":2,"name":"Christian Kracht \u00fcbernimmt die Frankfurter Stiftungsgastdozentur f\u00fcr Poetik"}]},{"@type":"WebSite","@id":"https:\/\/aktuelles.uni-frankfurt.de\/#website","url":"https:\/\/aktuelles.uni-frankfurt.de\/","name":"Aktuelles aus der Goethe-Universit\u00e4t Frankfurt","description":"Aktuelles aus der Goethe-Universit\u00e4t | Neues aus Forschung, Lehre, Studium","publisher":{"@id":"https:\/\/aktuelles.uni-frankfurt.de\/#organization"},"potentialAction":[{"@type":"SearchAction","target":{"@type":"EntryPoint","urlTemplate":"https:\/\/aktuelles.uni-frankfurt.de\/?s={search_term_string}"},"query-input":{"@type":"PropertyValueSpecification","valueRequired":true,"valueName":"search_term_string"}}],"inLanguage":"en-GB"},{"@type":"Organization","@id":"https:\/\/aktuelles.uni-frankfurt.de\/#organization","name":"Goethe University Frankfurt","url":"https:\/\/aktuelles.uni-frankfurt.de\/","logo":{"@type":"ImageObject","inLanguage":"en-GB","@id":"https:\/\/aktuelles.uni-frankfurt.de\/#\/schema\/logo\/image\/","url":"https:\/\/aktuelles.uni-frankfurt.de\/wp-content\/uploads\/2022\/03\/800px-Goethe-Logo.png","contentUrl":"https:\/\/aktuelles.uni-frankfurt.de\/wp-content\/uploads\/2022\/03\/800px-Goethe-Logo.png","width":800,"height":436,"caption":"Goethe-Universit\u00e4t"},"image":{"@id":"https:\/\/aktuelles.uni-frankfurt.de\/#\/schema\/logo\/image\/"}},{"@type":"Person","@id":"https:\/\/aktuelles.uni-frankfurt.de\/#\/schema\/person\/370c4588b49f66f89d917e8bd01f72b0","name":"Dr. Dirk Frank","description":"Dr. Dirk Frank, 49, ist seit 2012 Pressereferent an der Goethe-Universit\u00e4t. Der promovierte Literaturwissenschaftler ist stellvertretender Leiter der Abteilung Marketing und Kommunikation und f\u00fcr die Redaktion des UniReport zust\u00e4ndig.","sameAs":["http:\/\/aktuelles.uni-frankfurt.de\/"],"url":"https:\/\/aktuelles.uni-frankfurt.de\/en\/author\/dr-dirkfrank\/"}]}},"_links":{"self":[{"href":"https:\/\/aktuelles.uni-frankfurt.de\/en\/wp-json\/wp\/v2\/posts\/27902","targetHints":{"allow":["GET"]}}],"collection":[{"href":"https:\/\/aktuelles.uni-frankfurt.de\/en\/wp-json\/wp\/v2\/posts"}],"about":[{"href":"https:\/\/aktuelles.uni-frankfurt.de\/en\/wp-json\/wp\/v2\/types\/post"}],"author":[{"embeddable":true,"href":"https:\/\/aktuelles.uni-frankfurt.de\/en\/wp-json\/wp\/v2\/users\/4"}],"replies":[{"embeddable":true,"href":"https:\/\/aktuelles.uni-frankfurt.de\/en\/wp-json\/wp\/v2\/comments?post=27902"}],"version-history":[{"count":0,"href":"https:\/\/aktuelles.uni-frankfurt.de\/en\/wp-json\/wp\/v2\/posts\/27902\/revisions"}],"wp:featuredmedia":[{"embeddable":true,"href":"https:\/\/aktuelles.uni-frankfurt.de\/en\/wp-json\/wp\/v2\/media\/27904"}],"wp:attachment":[{"href":"https:\/\/aktuelles.uni-frankfurt.de\/en\/wp-json\/wp\/v2\/media?parent=27902"}],"wp:term":[{"taxonomy":"category","embeddable":true,"href":"https:\/\/aktuelles.uni-frankfurt.de\/en\/wp-json\/wp\/v2\/categories?post=27902"},{"taxonomy":"post_tag","embeddable":true,"href":"https:\/\/aktuelles.uni-frankfurt.de\/en\/wp-json\/wp\/v2\/tags?post=27902"},{"taxonomy":"post_folder","embeddable":true,"href":"https:\/\/aktuelles.uni-frankfurt.de\/en\/wp-json\/wp\/v2\/post_folder?post=27902"}],"curies":[{"name":"wp","href":"https:\/\/api.w.org\/{rel}","templated":true}]}}