{"id":28025,"date":"2018-04-10T12:46:43","date_gmt":"2018-04-10T10:46:43","guid":{"rendered":"https:\/\/aktuelles.uni-frankfurt.de\/?p=28025"},"modified":"2018-04-10T12:48:53","modified_gmt":"2018-04-10T10:48:53","slug":"frischer-blick-auf-bruegel-und-rubens","status":"publish","type":"post","link":"https:\/\/aktuelles.uni-frankfurt.de\/en\/veranstaltungen\/frischer-blick-auf-bruegel-und-rubens\/","title":{"rendered":"Frischer Blick auf Bruegel und Rubens"},"content":{"rendered":"<p><strong><em><img fetchpriority=\"high\" decoding=\"async\" class=\"alignleft wp-image-28028\" src=\"https:\/\/aktuelles.uni-frankfurt.de\/wp-content\/uploads\/2018\/04\/blog_niederlaendisch-leen-huet.jpg\" alt=\"\" width=\"400\" height=\"277\" srcset=\"https:\/\/aktuelles.uni-frankfurt.de\/wp-content\/uploads\/2018\/04\/blog_niederlaendisch-leen-huet.jpg 650w, https:\/\/aktuelles.uni-frankfurt.de\/wp-content\/uploads\/2018\/04\/blog_niederlaendisch-leen-huet-300x208.jpg 300w\" sizes=\"(max-width: 400px) 100vw, 400px\" \/>Veranstaltungsreihe \u201eNiederl\u00e4ndische Sprache und Kultur\u201c wird mit zwei Vortr\u00e4gen von Leen Huet fortgesetzt<\/em><\/strong><\/p>\n<p>\u00dcber Pieter Bruegel den \u00c4lteren (1525? \u2013 1569) und \u00fcber Pieter Paul RUBENS (1577-1640) spricht die belgische Kunsthistorikerin Leen Huet in der Veranstaltungsreihe \u201eNiederl\u00e4ndische Sprache und Kultur\u201c an der Goethe-Universit\u00e4t.<\/p>\n<p>Die beiden Vortr\u00e4ge finden <strong>am Donnerstag, 19. April (Bruegel), in Raum 1.802 <\/strong>und<strong> am Freitag, 20. April (Rubens) in Raum 1.801 (Renate von Metzler-Saal) (jeweils im Casino-Geb\u00e4ude, Campus Westend) jeweils um 19 Uhr <\/strong>statt. Der Vortrag \u00fcber Bruegel findet in niederl\u00e4ndischer Sprache, der Vortrag \u00fcber Rubens in englischer Sprache statt. Leen HUET (Jahrgang 1966) hat eine beeindruckende Bruegel-Biografie (2016) geschrieben und Rubens\u00b4 Briefe \u00fcbersetzt und herausgegeben (2014) und gilt als international anerkannte Expertin auf diesem Gebiet.<\/p>\n<p>Der Vortrag \u00fcber Pieter Bruegel den \u00c4lteren weist voraus auf die weltweit erste gro\u00dfe, monographische Bruegel-Ausstellung, die das Kunsthistorische Museum Wien im Herbst 2018 zu Bruegels 450. Todestag organisiert. In ihrem Vortrag \u201ePieter Bruegel, schilder in \u201aeen zeer zieke tijd\u2018\u201c (\u201eBruegel, Maler in \u201aeiner sehr kranken Zeit\u2018\u201c) geht Leen Huet auf die Frage ein, wie Pieter Bruegel die Ereignisse seiner Zeit sah. War er ein Rebell? Oder gar ein \u201eGeuse\u201c (Aufs\u00e4ssiger), vielleicht ein Wiedert\u00e4ufer, wie mancher Romanautor und Kunsthistoriker ihn darstellt? War er eher Berichterstatter oder philosophischer Beobachter? Anhand einer Reihe von Gem\u00e4lden und Stichen von Bruegels Hand wird Leen Huet die Hintergr\u00fcnde seiner Werke erkl\u00e4ren.<\/p>\n<p>Der Rubens-Vortrag nimmt Bezug auf die laufende Rubens-Ausstellung im St\u00e4del-Museum. Huets Vortrag \u201eThe Alchemy of hand and pigment\u201c behandelt Rubens\u00b4 kreativen Prozess und seine gro\u00dfz\u00fcgige Wertsch\u00e4tzung anderer K\u00fcnstler. Durch Zitate aus Rubens\u2018 h\u00f6flichen, gelehrten, manchmal erstaunlichen Briefen, die er auf Niederl\u00e4ndisch, Franz\u00f6sisch. Englisch und Italienisch verfasste, bringt Leen Huet dem Publikum den barocken K\u00fcnstler n\u00e4her, vermittelt einen frischen Blick auf sein Werk.<\/p>\n<p>[dt_call_to_action content_size=&#8220;small&#8220; background=&#8220;fancy&#8220; line=&#8220;true&#8220; style=&#8220;1&#8243; animation=&#8220;fadeIn&#8220;]<\/p>\n<p><strong>Information und Anmeldung:<br \/>\n<\/strong>Laurette Artois, Fachbereich 10, Institut f\u00fcr deutsche Literatur und ihre Didaktik, Lektorat Niederl\u00e4ndisch \u2013 IG-Farben-Haus, Raum 1.211, Campus Westend, Norbert-Wollheim-Platz 1, 60629 Frankfurt\/Main, Telefon 069 798-32851, E-Mail <a href=\"mailto:artois@lingua.uni-frankfurt.de\">artois@lingua.uni-frankfurt.de<\/a>, <a href=\"http:\/\/www.uni-frankfurt.de\/41138070\/niederlaendisch\"><br \/>\nhttp:\/\/www.uni-frankfurt.de\/41138070\/niederlaendisch<\/a><\/p>\n<p>[\/dt_call_to_action]<\/p>\n<p>https:\/\/aktuelles.uni-frankfurt.de\/event\/niederlaendische-sprache-und-kultur-pieter-bruegel\/<\/p>\n<p>https:\/\/aktuelles.uni-frankfurt.de\/event\/niederlaendische-sprache-und-kultur-pieter-paulus-rubens\/<\/p>\n","protected":false},"excerpt":{"rendered":"<p>Veranstaltungsreihe \u201eNiederl\u00e4ndische Sprache und Kultur\u201c wird mit zwei Vortr\u00e4gen von Leen Huet fortgesetzt \u00dcber Pieter Bruegel den \u00c4lteren (1525? \u2013 1569) und \u00fcber Pieter Paul RUBENS (1577-1640) spricht die belgische [&hellip;]<\/p>\n","protected":false},"author":8,"featured_media":28028,"comment_status":"closed","ping_status":"closed","sticky":false,"template":"","format":"standard","meta":{"_eb_attr":"","_price":"","_stock":"","_tribe_ticket_header":"","_tribe_default_ticket_provider":"","_ticket_start_date":"","_ticket_end_date":"","_tribe_ticket_show_description":"","_tribe_ticket_show_not_going":false,"_tribe_ticket_use_global_stock":"","_tribe_ticket_global_stock_level":"","_global_stock_mode":"","_global_stock_cap":"","_tribe_rsvp_for_event":"","_tribe_ticket_going_count":"","_tribe_ticket_not_going_count":"","_tribe_tickets_list":"[]","_tribe_ticket_has_attendee_info_fields":false,"footnotes":""},"categories":[12],"tags":[],"post_folder":[],"class_list":["post-28025","post","type-post","status-publish","format-standard","has-post-thumbnail","hentry","category-veranstaltungen"],"yoast_head":"<!-- This site is optimized with the Yoast SEO plugin v27.5 - https:\/\/yoast.com\/product\/yoast-seo-wordpress\/ -->\n<title>Frischer Blick auf Bruegel und Rubens | Aktuelles aus der Goethe-Universit\u00e4t Frankfurt<\/title>\n<meta name=\"robots\" content=\"index, follow, max-snippet:-1, max-image-preview:large, max-video-preview:-1\" \/>\n<link rel=\"canonical\" href=\"https:\/\/aktuelles.uni-frankfurt.de\/en\/veranstaltungen\/frischer-blick-auf-bruegel-und-rubens\/\" \/>\n<meta property=\"og:locale\" content=\"en_GB\" \/>\n<meta property=\"og:type\" content=\"article\" \/>\n<meta property=\"og:title\" content=\"Frischer Blick auf Bruegel und Rubens | Aktuelles aus der Goethe-Universit\u00e4t Frankfurt\" \/>\n<meta property=\"og:description\" content=\"Veranstaltungsreihe \u201eNiederl\u00e4ndische Sprache und Kultur\u201c wird mit zwei Vortr\u00e4gen von Leen Huet fortgesetzt \u00dcber Pieter Bruegel den \u00c4lteren (1525? \u2013 1569) und \u00fcber Pieter Paul RUBENS (1577-1640) spricht die belgische [&hellip;]\" \/>\n<meta property=\"og:url\" content=\"https:\/\/aktuelles.uni-frankfurt.de\/en\/veranstaltungen\/frischer-blick-auf-bruegel-und-rubens\/\" \/>\n<meta property=\"og:site_name\" content=\"Aktuelles aus der Goethe-Universit\u00e4t Frankfurt\" \/>\n<meta property=\"article:published_time\" content=\"2018-04-10T10:46:43+00:00\" \/>\n<meta property=\"article:modified_time\" content=\"2018-04-10T10:48:53+00:00\" \/>\n<meta property=\"og:image\" content=\"https:\/\/aktuelles.uni-frankfurt.de\/wp-content\/uploads\/2018\/04\/blog_niederlaendisch-leen-huet.jpg\" \/>\n\t<meta property=\"og:image:width\" content=\"650\" \/>\n\t<meta property=\"og:image:height\" content=\"450\" \/>\n\t<meta property=\"og:image:type\" content=\"image\/jpeg\" \/>\n<meta name=\"author\" content=\"-\" \/>\n<meta name=\"twitter:card\" content=\"summary_large_image\" \/>\n<meta name=\"twitter:label1\" content=\"Written by\" \/>\n\t<meta name=\"twitter:data1\" content=\"-\" \/>\n\t<meta name=\"twitter:label2\" content=\"Estimated reading time\" \/>\n\t<meta name=\"twitter:data2\" content=\"2 minutes\" \/>\n<script type=\"application\/ld+json\" class=\"yoast-schema-graph\">{\"@context\":\"https:\\\/\\\/schema.org\",\"@graph\":[{\"@type\":\"Article\",\"@id\":\"https:\\\/\\\/aktuelles.uni-frankfurt.de\\\/veranstaltungen\\\/frischer-blick-auf-bruegel-und-rubens\\\/#article\",\"isPartOf\":{\"@id\":\"https:\\\/\\\/aktuelles.uni-frankfurt.de\\\/veranstaltungen\\\/frischer-blick-auf-bruegel-und-rubens\\\/\"},\"author\":{\"name\":\"-\",\"@id\":\"https:\\\/\\\/aktuelles.uni-frankfurt.de\\\/#\\\/schema\\\/person\\\/8e55ea338fb65d1ce87a91565d1f1739\"},\"headline\":\"Frischer Blick auf Bruegel und Rubens\",\"datePublished\":\"2018-04-10T10:46:43+00:00\",\"dateModified\":\"2018-04-10T10:48:53+00:00\",\"mainEntityOfPage\":{\"@id\":\"https:\\\/\\\/aktuelles.uni-frankfurt.de\\\/veranstaltungen\\\/frischer-blick-auf-bruegel-und-rubens\\\/\"},\"wordCount\":369,\"publisher\":{\"@id\":\"https:\\\/\\\/aktuelles.uni-frankfurt.de\\\/#organization\"},\"image\":{\"@id\":\"https:\\\/\\\/aktuelles.uni-frankfurt.de\\\/veranstaltungen\\\/frischer-blick-auf-bruegel-und-rubens\\\/#primaryimage\"},\"thumbnailUrl\":\"https:\\\/\\\/aktuelles.uni-frankfurt.de\\\/wp-content\\\/uploads\\\/2018\\\/04\\\/blog_niederlaendisch-leen-huet.jpg\",\"articleSection\":[\"Veranstaltungen\"],\"inLanguage\":\"en-GB\"},{\"@type\":\"WebPage\",\"@id\":\"https:\\\/\\\/aktuelles.uni-frankfurt.de\\\/veranstaltungen\\\/frischer-blick-auf-bruegel-und-rubens\\\/\",\"url\":\"https:\\\/\\\/aktuelles.uni-frankfurt.de\\\/veranstaltungen\\\/frischer-blick-auf-bruegel-und-rubens\\\/\",\"name\":\"Frischer Blick auf Bruegel und Rubens | Aktuelles aus der Goethe-Universit\u00e4t Frankfurt\",\"isPartOf\":{\"@id\":\"https:\\\/\\\/aktuelles.uni-frankfurt.de\\\/#website\"},\"primaryImageOfPage\":{\"@id\":\"https:\\\/\\\/aktuelles.uni-frankfurt.de\\\/veranstaltungen\\\/frischer-blick-auf-bruegel-und-rubens\\\/#primaryimage\"},\"image\":{\"@id\":\"https:\\\/\\\/aktuelles.uni-frankfurt.de\\\/veranstaltungen\\\/frischer-blick-auf-bruegel-und-rubens\\\/#primaryimage\"},\"thumbnailUrl\":\"https:\\\/\\\/aktuelles.uni-frankfurt.de\\\/wp-content\\\/uploads\\\/2018\\\/04\\\/blog_niederlaendisch-leen-huet.jpg\",\"datePublished\":\"2018-04-10T10:46:43+00:00\",\"dateModified\":\"2018-04-10T10:48:53+00:00\",\"breadcrumb\":{\"@id\":\"https:\\\/\\\/aktuelles.uni-frankfurt.de\\\/veranstaltungen\\\/frischer-blick-auf-bruegel-und-rubens\\\/#breadcrumb\"},\"inLanguage\":\"en-GB\",\"potentialAction\":[{\"@type\":\"ReadAction\",\"target\":[\"https:\\\/\\\/aktuelles.uni-frankfurt.de\\\/veranstaltungen\\\/frischer-blick-auf-bruegel-und-rubens\\\/\"]}]},{\"@type\":\"ImageObject\",\"inLanguage\":\"en-GB\",\"@id\":\"https:\\\/\\\/aktuelles.uni-frankfurt.de\\\/veranstaltungen\\\/frischer-blick-auf-bruegel-und-rubens\\\/#primaryimage\",\"url\":\"https:\\\/\\\/aktuelles.uni-frankfurt.de\\\/wp-content\\\/uploads\\\/2018\\\/04\\\/blog_niederlaendisch-leen-huet.jpg\",\"contentUrl\":\"https:\\\/\\\/aktuelles.uni-frankfurt.de\\\/wp-content\\\/uploads\\\/2018\\\/04\\\/blog_niederlaendisch-leen-huet.jpg\",\"width\":650,\"height\":450},{\"@type\":\"BreadcrumbList\",\"@id\":\"https:\\\/\\\/aktuelles.uni-frankfurt.de\\\/veranstaltungen\\\/frischer-blick-auf-bruegel-und-rubens\\\/#breadcrumb\",\"itemListElement\":[{\"@type\":\"ListItem\",\"position\":1,\"name\":\"Startseite\",\"item\":\"https:\\\/\\\/aktuelles.uni-frankfurt.de\\\/\"},{\"@type\":\"ListItem\",\"position\":2,\"name\":\"Frischer Blick auf Bruegel und Rubens\"}]},{\"@type\":\"WebSite\",\"@id\":\"https:\\\/\\\/aktuelles.uni-frankfurt.de\\\/#website\",\"url\":\"https:\\\/\\\/aktuelles.uni-frankfurt.de\\\/\",\"name\":\"Aktuelles aus der Goethe-Universit\u00e4t Frankfurt\",\"description\":\"Aktuelles aus der Goethe-Universit\u00e4t | Neues aus Forschung, Lehre, Studium\",\"publisher\":{\"@id\":\"https:\\\/\\\/aktuelles.uni-frankfurt.de\\\/#organization\"},\"potentialAction\":[{\"@type\":\"SearchAction\",\"target\":{\"@type\":\"EntryPoint\",\"urlTemplate\":\"https:\\\/\\\/aktuelles.uni-frankfurt.de\\\/?s={search_term_string}\"},\"query-input\":{\"@type\":\"PropertyValueSpecification\",\"valueRequired\":true,\"valueName\":\"search_term_string\"}}],\"inLanguage\":\"en-GB\"},{\"@type\":\"Organization\",\"@id\":\"https:\\\/\\\/aktuelles.uni-frankfurt.de\\\/#organization\",\"name\":\"Goethe-Universit\u00e4t\",\"url\":\"https:\\\/\\\/aktuelles.uni-frankfurt.de\\\/\",\"logo\":{\"@type\":\"ImageObject\",\"inLanguage\":\"en-GB\",\"@id\":\"https:\\\/\\\/aktuelles.uni-frankfurt.de\\\/#\\\/schema\\\/logo\\\/image\\\/\",\"url\":\"https:\\\/\\\/aktuelles.uni-frankfurt.de\\\/wp-content\\\/uploads\\\/2022\\\/03\\\/800px-Goethe-Logo.png\",\"contentUrl\":\"https:\\\/\\\/aktuelles.uni-frankfurt.de\\\/wp-content\\\/uploads\\\/2022\\\/03\\\/800px-Goethe-Logo.png\",\"width\":800,\"height\":436,\"caption\":\"Goethe-Universit\u00e4t\"},\"image\":{\"@id\":\"https:\\\/\\\/aktuelles.uni-frankfurt.de\\\/#\\\/schema\\\/logo\\\/image\\\/\"}},{\"@type\":\"Person\",\"@id\":\"https:\\\/\\\/aktuelles.uni-frankfurt.de\\\/#\\\/schema\\\/person\\\/8e55ea338fb65d1ce87a91565d1f1739\",\"name\":\"-\",\"description\":\"Dieser Beitrag wurde von der Online-Redaktion ver\u00f6ffentlicht. Wenn der Beitrag von einem Gastautoren verfasst wurde, findet sich dieser Hinweis am Ende des jeweiligen Artikels.\",\"sameAs\":[\"http:\\\/\\\/aktuelles.uni-frankfurt.de\\\/autoren\"],\"url\":\"https:\\\/\\\/aktuelles.uni-frankfurt.de\\\/en\\\/author\\\/redaktion\\\/\"}]}<\/script>\n<!-- \/ Yoast SEO plugin. -->","yoast_head_json":{"title":"Frischer Blick auf Bruegel und Rubens | Aktuelles aus der Goethe-Universit\u00e4t Frankfurt","robots":{"index":"index","follow":"follow","max-snippet":"max-snippet:-1","max-image-preview":"max-image-preview:large","max-video-preview":"max-video-preview:-1"},"canonical":"https:\/\/aktuelles.uni-frankfurt.de\/en\/veranstaltungen\/frischer-blick-auf-bruegel-und-rubens\/","og_locale":"en_GB","og_type":"article","og_title":"Frischer Blick auf Bruegel und Rubens | Aktuelles aus der Goethe-Universit\u00e4t Frankfurt","og_description":"Veranstaltungsreihe \u201eNiederl\u00e4ndische Sprache und Kultur\u201c wird mit zwei Vortr\u00e4gen von Leen Huet fortgesetzt \u00dcber Pieter Bruegel den \u00c4lteren (1525? \u2013 1569) und \u00fcber Pieter Paul RUBENS (1577-1640) spricht die belgische [&hellip;]","og_url":"https:\/\/aktuelles.uni-frankfurt.de\/en\/veranstaltungen\/frischer-blick-auf-bruegel-und-rubens\/","og_site_name":"Aktuelles aus der Goethe-Universit\u00e4t Frankfurt","article_published_time":"2018-04-10T10:46:43+00:00","article_modified_time":"2018-04-10T10:48:53+00:00","og_image":[{"width":650,"height":450,"url":"https:\/\/aktuelles.uni-frankfurt.de\/wp-content\/uploads\/2018\/04\/blog_niederlaendisch-leen-huet.jpg","type":"image\/jpeg"}],"author":"-","twitter_card":"summary_large_image","twitter_misc":{"Written by":"-","Estimated reading time":"2 minutes"},"schema":{"@context":"https:\/\/schema.org","@graph":[{"@type":"Article","@id":"https:\/\/aktuelles.uni-frankfurt.de\/veranstaltungen\/frischer-blick-auf-bruegel-und-rubens\/#article","isPartOf":{"@id":"https:\/\/aktuelles.uni-frankfurt.de\/veranstaltungen\/frischer-blick-auf-bruegel-und-rubens\/"},"author":{"name":"-","@id":"https:\/\/aktuelles.uni-frankfurt.de\/#\/schema\/person\/8e55ea338fb65d1ce87a91565d1f1739"},"headline":"Frischer Blick auf Bruegel und Rubens","datePublished":"2018-04-10T10:46:43+00:00","dateModified":"2018-04-10T10:48:53+00:00","mainEntityOfPage":{"@id":"https:\/\/aktuelles.uni-frankfurt.de\/veranstaltungen\/frischer-blick-auf-bruegel-und-rubens\/"},"wordCount":369,"publisher":{"@id":"https:\/\/aktuelles.uni-frankfurt.de\/#organization"},"image":{"@id":"https:\/\/aktuelles.uni-frankfurt.de\/veranstaltungen\/frischer-blick-auf-bruegel-und-rubens\/#primaryimage"},"thumbnailUrl":"https:\/\/aktuelles.uni-frankfurt.de\/wp-content\/uploads\/2018\/04\/blog_niederlaendisch-leen-huet.jpg","articleSection":["Veranstaltungen"],"inLanguage":"en-GB"},{"@type":"WebPage","@id":"https:\/\/aktuelles.uni-frankfurt.de\/veranstaltungen\/frischer-blick-auf-bruegel-und-rubens\/","url":"https:\/\/aktuelles.uni-frankfurt.de\/veranstaltungen\/frischer-blick-auf-bruegel-und-rubens\/","name":"Frischer Blick auf Bruegel und Rubens | Aktuelles aus der Goethe-Universit\u00e4t Frankfurt","isPartOf":{"@id":"https:\/\/aktuelles.uni-frankfurt.de\/#website"},"primaryImageOfPage":{"@id":"https:\/\/aktuelles.uni-frankfurt.de\/veranstaltungen\/frischer-blick-auf-bruegel-und-rubens\/#primaryimage"},"image":{"@id":"https:\/\/aktuelles.uni-frankfurt.de\/veranstaltungen\/frischer-blick-auf-bruegel-und-rubens\/#primaryimage"},"thumbnailUrl":"https:\/\/aktuelles.uni-frankfurt.de\/wp-content\/uploads\/2018\/04\/blog_niederlaendisch-leen-huet.jpg","datePublished":"2018-04-10T10:46:43+00:00","dateModified":"2018-04-10T10:48:53+00:00","breadcrumb":{"@id":"https:\/\/aktuelles.uni-frankfurt.de\/veranstaltungen\/frischer-blick-auf-bruegel-und-rubens\/#breadcrumb"},"inLanguage":"en-GB","potentialAction":[{"@type":"ReadAction","target":["https:\/\/aktuelles.uni-frankfurt.de\/veranstaltungen\/frischer-blick-auf-bruegel-und-rubens\/"]}]},{"@type":"ImageObject","inLanguage":"en-GB","@id":"https:\/\/aktuelles.uni-frankfurt.de\/veranstaltungen\/frischer-blick-auf-bruegel-und-rubens\/#primaryimage","url":"https:\/\/aktuelles.uni-frankfurt.de\/wp-content\/uploads\/2018\/04\/blog_niederlaendisch-leen-huet.jpg","contentUrl":"https:\/\/aktuelles.uni-frankfurt.de\/wp-content\/uploads\/2018\/04\/blog_niederlaendisch-leen-huet.jpg","width":650,"height":450},{"@type":"BreadcrumbList","@id":"https:\/\/aktuelles.uni-frankfurt.de\/veranstaltungen\/frischer-blick-auf-bruegel-und-rubens\/#breadcrumb","itemListElement":[{"@type":"ListItem","position":1,"name":"Startseite","item":"https:\/\/aktuelles.uni-frankfurt.de\/"},{"@type":"ListItem","position":2,"name":"Frischer Blick auf Bruegel und Rubens"}]},{"@type":"WebSite","@id":"https:\/\/aktuelles.uni-frankfurt.de\/#website","url":"https:\/\/aktuelles.uni-frankfurt.de\/","name":"Aktuelles aus der Goethe-Universit\u00e4t Frankfurt","description":"Aktuelles aus der Goethe-Universit\u00e4t | Neues aus Forschung, Lehre, Studium","publisher":{"@id":"https:\/\/aktuelles.uni-frankfurt.de\/#organization"},"potentialAction":[{"@type":"SearchAction","target":{"@type":"EntryPoint","urlTemplate":"https:\/\/aktuelles.uni-frankfurt.de\/?s={search_term_string}"},"query-input":{"@type":"PropertyValueSpecification","valueRequired":true,"valueName":"search_term_string"}}],"inLanguage":"en-GB"},{"@type":"Organization","@id":"https:\/\/aktuelles.uni-frankfurt.de\/#organization","name":"Goethe University Frankfurt","url":"https:\/\/aktuelles.uni-frankfurt.de\/","logo":{"@type":"ImageObject","inLanguage":"en-GB","@id":"https:\/\/aktuelles.uni-frankfurt.de\/#\/schema\/logo\/image\/","url":"https:\/\/aktuelles.uni-frankfurt.de\/wp-content\/uploads\/2022\/03\/800px-Goethe-Logo.png","contentUrl":"https:\/\/aktuelles.uni-frankfurt.de\/wp-content\/uploads\/2022\/03\/800px-Goethe-Logo.png","width":800,"height":436,"caption":"Goethe-Universit\u00e4t"},"image":{"@id":"https:\/\/aktuelles.uni-frankfurt.de\/#\/schema\/logo\/image\/"}},{"@type":"Person","@id":"https:\/\/aktuelles.uni-frankfurt.de\/#\/schema\/person\/8e55ea338fb65d1ce87a91565d1f1739","name":"-","description":"Dieser Beitrag wurde von der Online-Redaktion ver\u00f6ffentlicht. Wenn der Beitrag von einem Gastautoren verfasst wurde, findet sich dieser Hinweis am Ende des jeweiligen Artikels.","sameAs":["http:\/\/aktuelles.uni-frankfurt.de\/autoren"],"url":"https:\/\/aktuelles.uni-frankfurt.de\/en\/author\/redaktion\/"}]}},"_links":{"self":[{"href":"https:\/\/aktuelles.uni-frankfurt.de\/en\/wp-json\/wp\/v2\/posts\/28025","targetHints":{"allow":["GET"]}}],"collection":[{"href":"https:\/\/aktuelles.uni-frankfurt.de\/en\/wp-json\/wp\/v2\/posts"}],"about":[{"href":"https:\/\/aktuelles.uni-frankfurt.de\/en\/wp-json\/wp\/v2\/types\/post"}],"author":[{"embeddable":true,"href":"https:\/\/aktuelles.uni-frankfurt.de\/en\/wp-json\/wp\/v2\/users\/8"}],"replies":[{"embeddable":true,"href":"https:\/\/aktuelles.uni-frankfurt.de\/en\/wp-json\/wp\/v2\/comments?post=28025"}],"version-history":[{"count":0,"href":"https:\/\/aktuelles.uni-frankfurt.de\/en\/wp-json\/wp\/v2\/posts\/28025\/revisions"}],"wp:featuredmedia":[{"embeddable":true,"href":"https:\/\/aktuelles.uni-frankfurt.de\/en\/wp-json\/wp\/v2\/media\/28028"}],"wp:attachment":[{"href":"https:\/\/aktuelles.uni-frankfurt.de\/en\/wp-json\/wp\/v2\/media?parent=28025"}],"wp:term":[{"taxonomy":"category","embeddable":true,"href":"https:\/\/aktuelles.uni-frankfurt.de\/en\/wp-json\/wp\/v2\/categories?post=28025"},{"taxonomy":"post_tag","embeddable":true,"href":"https:\/\/aktuelles.uni-frankfurt.de\/en\/wp-json\/wp\/v2\/tags?post=28025"},{"taxonomy":"post_folder","embeddable":true,"href":"https:\/\/aktuelles.uni-frankfurt.de\/en\/wp-json\/wp\/v2\/post_folder?post=28025"}],"curies":[{"name":"wp","href":"https:\/\/api.w.org\/{rel}","templated":true}]}}