{"id":28040,"date":"2018-04-18T12:18:01","date_gmt":"2018-04-18T10:18:01","guid":{"rendered":"https:\/\/aktuelles.uni-frankfurt.de\/?p=28040"},"modified":"2018-04-18T12:18:01","modified_gmt":"2018-04-18T10:18:01","slug":"vom-philosophicum-ins-doctor-flotte-roman-die-universitaet-von-andreas-maier","status":"publish","type":"post","link":"https:\/\/aktuelles.uni-frankfurt.de\/en\/menschen\/vom-philosophicum-ins-doctor-flotte-roman-die-universitaet-von-andreas-maier\/","title":{"rendered":"Vom Philosophicum ins Doctor Flotte \/ Roman: \u00bbDie Universit\u00e4t\u00ab von Andreas Maier"},"content":{"rendered":"<figure id=\"attachment_28179\" aria-describedby=\"caption-attachment-28179\" style=\"width: 320px\" class=\"wp-caption alignleft\"><img fetchpriority=\"high\" decoding=\"async\" class=\"wp-image-28179\" src=\"https:\/\/aktuelles.uni-frankfurt.de\/wp-content\/uploads\/2018\/04\/blog_UR_Maier01.jpg\" alt=\"\" width=\"320\" height=\"462\" srcset=\"https:\/\/aktuelles.uni-frankfurt.de\/wp-content\/uploads\/2018\/04\/blog_UR_Maier01.jpg 450w, https:\/\/aktuelles.uni-frankfurt.de\/wp-content\/uploads\/2018\/04\/blog_UR_Maier01-208x300.jpg 208w\" sizes=\"(max-width: 320px) 100vw, 320px\" \/><figcaption id=\"caption-attachment-28179\" class=\"wp-caption-text\">Andreas Maier wurde 1967 in Bad Nauheim geboren. Er studierte Altphilologie, Germanistik und Philosophie und promovierte auch mit einer Arbeit \u00fcber Thomas Bernhard an der Goethe-Universit\u00e4t. 2006 trat er die Stiftungsgastdozentur f\u00fcr Poetik in Frankfurt an. Maier lebt heute in Hamburg. Foto: J\u00fcrgen Bauer<\/figcaption><\/figure>\n<p><em><strong>Andreas Maier verarbeitet in seinem neuen Roman \u00bbDie Universit\u00e4t\u00ab seine Studienzeit an der Goethe-Uni.<\/strong><\/em><\/p>\n<p>Studentischer Alltag an der Goethe- Universit\u00e4t im Jahre 1989: \u201eIch kaufte das Vorlesungsverzeichnis, besuchte einige Seminare, trank auf dem Campus Bier, auf dem auch die ganzen Uni-Bettler herumlungerten, oder trank im Doctor Flotte schr\u00e4g gegen\u00fcber dem Mensageb\u00e4ude Bier oder Gin Tonic.\u201c Der Protagonist in Andreas Maiers \u201eDie Universit\u00e4t\u201c hat vor einiger Zeit sein Studium aufgenommen, aber hadert doch stark mit den Lebensumst\u00e4nden.<\/p>\n<p>Die Uni-Seminare bescheren ihm Magenkr\u00e4mpfe und Hautausschl\u00e4ge, verstehen tut er wenig und er fremdelt auch mit dem Frankfurter \u201ePhilosophenjargon\u201c, den sich nach und nach eine gr\u00f6\u00dfere Zahl der Studierenden aneignet: \u201e(\u2026) kaum ein Satz kam ohne W\u00f6rter wie \u201aevident\u2018, \u201aheuristisch\u2018, a priori oder \u201aDie Bedingung der M\u00f6glichkeit von\u2018 aus.\u201c In Gedanken h\u00e4ngt er einer verflossenen Liebe nach, die im Roman immer nur als \u201eTochter des Buchh\u00e4ndlers\u201c bezeichnet wird.<\/p>\n<p>Viel Autobiographisches hat der in Bad Nauheim geborene Schriftsteller Andreas Maier im nunmehr sechsten Band seiner Erinnerungschronik verarbeitet. Reale Namen wie der des Philosophen Karl-Otto Apel oder der Gretel Adornos, der Witwe des ber\u00fchmtesten aller Frankfurter Philosophen, tauchen auf und werfen die alte, wenn auch nicht originelle Frage nach der Referenz und Authentizit\u00e4t der Fiktion auf. Schriftstellerkollegen wie Karl-Ove Knausg\u00e5rd oder Maxim Biller mussten sich Klagen von Personen erwehren, die ihre Erw\u00e4hnung in der Fiktion verhindern wollten.<\/p>\n<p>Selbiges hat Maier noch nicht erlebt, vielleicht mit einer Ausnahme, die er aber eher augenzwinkernd erw\u00e4hnt: \u201eDie Buchh\u00e4ndlertochter beklagt sich ab und zu schon, dass sie jetzt gewisserma\u00dfen zweimal existiert: einmal im realen Leben und im Roman.\u201c Maier, der an der Goethe-Universit\u00e4t \u00fcber Thomas Bernhard promoviert wurde, streitet gar nicht ab, dass er als Grundlage f\u00fcr sein Schreiben auf viel autobiographisch Erlebtes der damaligen Zeit zur\u00fcckgreifen konnte; er betont aber, dass im Schreibprozess das real Erlebte immer eine formale Gestaltung erfahre.<\/p>\n<figure id=\"attachment_28048\" aria-describedby=\"caption-attachment-28048\" style=\"width: 400px\" class=\"wp-caption alignright\"><img decoding=\"async\" class=\"wp-image-28048\" src=\"https:\/\/aktuelles.uni-frankfurt.de\/wp-content\/uploads\/2018\/04\/blog_UR_Bockenherim-Campus.jpg\" alt=\"\" width=\"400\" height=\"277\" srcset=\"https:\/\/aktuelles.uni-frankfurt.de\/wp-content\/uploads\/2018\/04\/blog_UR_Bockenherim-Campus.jpg 650w, https:\/\/aktuelles.uni-frankfurt.de\/wp-content\/uploads\/2018\/04\/blog_UR_Bockenherim-Campus-300x208.jpg 300w\" sizes=\"(max-width: 400px) 100vw, 400px\" \/><figcaption id=\"caption-attachment-28048\" class=\"wp-caption-text\">Der Campus Bockenheim in den sp\u00e4ten 80er Jahren. Foto: Universit\u00e4tsarchiv Frankfurt<\/figcaption><\/figure>\n<p>Er f\u00fchrt in diesem Zusammenhang gerne das Beispiel einer gotischen Kirchenfassade an: Deren Bildprogramm k\u00f6nne man Jahrhunderte sp\u00e4ter noch lesen, ohne den Erbauer danach fragen zu m\u00fcssen, wie autobiographisch nah er den dargestellten Figuren stand. Im Gespr\u00e4ch zeigt Maier auf erfrischende Weise wenig scheu, sich das Zeitfenster seines eigenen Studiums noch einmal in Erinnerung zu rufen und Vergleiche zwischen Romanheld und Autor zuzulassen.<\/p>\n<p>Maiers Protagonist ist ein hochsensibler und gr\u00fcbelnder Zeitgenosse, der glaubt, nichts zu begreifen, und sich st\u00e4ndig \u00fcberfordert f\u00fchlt. Erste literarische Ambitionen versanden, er ist abgelenkt, fl\u00fcchtet sich in Tagtr\u00e4ume, die ihn auch mal \u00fcber ein zuf\u00e4llig gefundenes Erotikmagazin wieder gedanklich zu einer seiner Jugendlieben zur\u00fcckf\u00fchren.<\/p>\n<p>Den Helden zieht es einerseits in die Ferne, er kann aber andererseits noch nicht ganz von der Beschaulichkeit und Vertrautheit seiner Heimatstadt Friedberg loslassen. Der neue und fordernde Lebensabschnitt in der Gro\u00dfstadt Frankfurt ist daher gespickt mit kleinen und gr\u00f6\u00dferen Fluchten in die Wetterau.<\/p>\n<h3>Studium in einer \u00bbZeit gr\u00f6\u00dftm\u00f6glicher Freiheit\u00ab<\/h3>\n<p>\u201eBei aller biographischer Betr\u00fcbnis, die ich damals hatte und die auch nicht untypisch f\u00fcr die Lebensphase ist, habe ich das Studium und das Leben in der Stadt Frankfurt sehr genossen\u201c, betont Maier. Er sei froh, in einer Zeit gr\u00f6\u00dftm\u00f6glicher Freiheit studiert zu haben. \u201eDie Generation vor mir, aber auch die Generation nach mir musste sich mit ganz anderen Einschr\u00e4nkungen, ob hinsichtlich Studienstruktur oder Lebensunterhalt, arrangieren\u201c, sagt Maier.<\/p>\n<p>Dass sein Held sich vom Studium Antworten auf die Fragen seines Lebens erhofft, stellt f\u00fcr ihn in keiner Weise ein Klischee dar. \u201eWelchen anderen Sinn sollte ein Studium denn haben, als dass man dar\u00fcber auf eine Spur zu sich selbst und zu den M\u00f6glichkeiten des Lebens ger\u00e4t? Ich w\u00e4re heute eine komplett andere Person, wenn ich nicht an der Goethe-Universit\u00e4t meine F\u00e4cher in v\u00f6lliger Freiheit h\u00e4tte studieren k\u00f6nnen.\u201c<\/p>\n<figure id=\"attachment_28049\" aria-describedby=\"caption-attachment-28049\" style=\"width: 180px\" class=\"wp-caption alignleft\"><img decoding=\"async\" class=\"wp-image-28049\" src=\"https:\/\/aktuelles.uni-frankfurt.de\/wp-content\/uploads\/2018\/04\/blog_UR_Maier_Cover.jpg\" alt=\"\" width=\"180\" height=\"300\" srcset=\"https:\/\/aktuelles.uni-frankfurt.de\/wp-content\/uploads\/2018\/04\/blog_UR_Maier_Cover.jpg 385w, https:\/\/aktuelles.uni-frankfurt.de\/wp-content\/uploads\/2018\/04\/blog_UR_Maier_Cover-180x300.jpg 180w\" sizes=\"(max-width: 180px) 100vw, 180px\" \/><figcaption id=\"caption-attachment-28049\" class=\"wp-caption-text\">Andreas Maier: Die Universit\u00e4t. Berlin: Suhrkamp Verlag 2018<\/figcaption><\/figure>\n<p>Ein Schl\u00fcsselkapitel ist f\u00fcr Maier das mit der uralten Philosophen-Witwe Gretel Adorno; sein Held betreut die schwierige und vom Leben gezeichnete Dame, l\u00e4sst sich von ihr beschimpfen und erf\u00e4hrt doch die Zeit mit ihr, die im Besuch des Caf\u00e9 Laumers, einem der fr\u00fcheren Lieblingsorte ihres Mannes, ihren denkw\u00fcrdigen H\u00f6hepunkt findet, als begl\u00fcckend. \u201eIch habe im Augenblick des Schreibens keinen Gedanken daran verschwendet, ob das jemanden interessiert \u2013 es hat eben mich interessiert.<\/p>\n<p>Und ich wusste, dass Gretel Adorno dem Buch guttut.\u201c Maier lebt heute in Hamburg, den Bezug zu seiner Alma Mater hat er ein wenig verloren, erz\u00e4hlt er. Einerseits ist er fasziniert von der architektonischen Sch\u00f6nheit des Campus Westend, schiebt aber sofort nach, dass er nach wie vor ein Studium am Campus Bockenheim bevorzugen w\u00fcrde: \u201eMan stolperte damals aus der T\u00fcr des Institutsgeb\u00e4udes und war gleich im Caf\u00e9 Bastos oder im Doctor Flotte.<\/p>\n<p>Im IG-Farben-Haus bewegt man sich dagegen so entr\u00fcckt wie in einem Gem\u00e4lde.\u201c In Bockenheim lief ihm damals ab und zu der ehemalige Spitzenschwimmer und Kommilitone Michael Gro\u00df \u00fcber den Weg; an den zur gleichen Zeit Sportwissenschaften studierenden J\u00fcrgen Klopp kann er sich hingegen nicht erinnern. In \u201eDie Universit\u00e4t\u201c finden sich Hinweise darauf, dass auch im n\u00e4chsten Band der Erinnerungschronik das Thema Studium seinen Platz finden k\u00f6nnte.<\/p>\n<p>Ein nebenbei erw\u00e4hntes, in der Buchhandlung Hector erworbenes Buch des r\u00f6mischen Geschichtsschreibers Sallust deutet bereits die k\u00fcnftige Passion des Helden f\u00fcr die altsprachlichen Disziplinen an. Ob er die lateinischen Texte dann bei einer k\u00fchlen cervisia im Doctor Flotte rezipiert, darauf darf man gespannt sein.<\/p>\n<p><strong><em>Dieser Artikel ist in der Ausgabe 2.18 (<\/em><\/strong><a href=\"http:\/\/www.unireport.info\/71145627\/Unireport_2-18.pdf\" target=\"_blank\" rel=\"noopener\"><strong><em>PDF-Download<\/em><\/strong><\/a><strong><em>)<\/em><\/strong><strong><em>\u00a0des UniReport erschienen.<\/em><\/strong><\/p>","protected":false},"excerpt":{"rendered":"<p>Andreas Maier verarbeitet in seinem neuen Roman \u00bbDie Universit\u00e4t\u00ab seine Studienzeit an der Goethe-Uni. Studentischer Alltag an der Goethe- Universit\u00e4t im Jahre 1989: \u201eIch kaufte das Vorlesungsverzeichnis, besuchte einige Seminare, [&hellip;]<\/p>\n","protected":false},"author":4,"featured_media":28175,"comment_status":"closed","ping_status":"closed","sticky":false,"template":"","format":"standard","meta":{"_eb_attr":"","_price":"","_stock":"","_tribe_ticket_header":"","_tribe_default_ticket_provider":"","_ticket_start_date":"","_ticket_end_date":"","_tribe_ticket_show_description":"","_tribe_ticket_show_not_going":false,"_tribe_ticket_use_global_stock":"","_tribe_ticket_global_stock_level":"","_global_stock_mode":"","_global_stock_cap":"","_tribe_rsvp_for_event":"","_tribe_ticket_going_count":"","_tribe_ticket_not_going_count":"","_tribe_tickets_list":"[]","_tribe_ticket_has_attendee_info_fields":false,"footnotes":""},"categories":[6],"tags":[26,10],"post_folder":[],"class_list":["post-28040","post","type-post","status-publish","format-standard","has-post-thumbnail","hentry","category-menschen","tag-buecher","tag-unireport"],"yoast_head":"<!-- This site is optimized with the Yoast SEO plugin v27.5 - https:\/\/yoast.com\/product\/yoast-seo-wordpress\/ -->\n<title>Vom Philosophicum ins Doctor Flotte \/ Roman: \u00bbDie Universit\u00e4t\u00ab von Andreas Maier | Aktuelles aus der Goethe-Universit\u00e4t Frankfurt<\/title>\n<meta name=\"robots\" content=\"index, follow, max-snippet:-1, max-image-preview:large, max-video-preview:-1\" \/>\n<link rel=\"canonical\" href=\"https:\/\/aktuelles.uni-frankfurt.de\/en\/menschen\/vom-philosophicum-ins-doctor-flotte-roman-die-universitaet-von-andreas-maier\/\" \/>\n<meta property=\"og:locale\" content=\"en_GB\" \/>\n<meta property=\"og:type\" content=\"article\" \/>\n<meta property=\"og:title\" content=\"Vom Philosophicum ins Doctor Flotte \/ Roman: \u00bbDie Universit\u00e4t\u00ab von Andreas Maier | Aktuelles aus der Goethe-Universit\u00e4t Frankfurt\" \/>\n<meta property=\"og:description\" content=\"Andreas Maier verarbeitet in seinem neuen Roman \u00bbDie Universit\u00e4t\u00ab seine Studienzeit an der Goethe-Uni. Studentischer Alltag an der Goethe- Universit\u00e4t im Jahre 1989: \u201eIch kaufte das Vorlesungsverzeichnis, besuchte einige Seminare, [&hellip;]\" \/>\n<meta property=\"og:url\" content=\"https:\/\/aktuelles.uni-frankfurt.de\/en\/menschen\/vom-philosophicum-ins-doctor-flotte-roman-die-universitaet-von-andreas-maier\/\" \/>\n<meta property=\"og:site_name\" content=\"Aktuelles aus der Goethe-Universit\u00e4t Frankfurt\" \/>\n<meta property=\"article:published_time\" content=\"2018-04-18T10:18:01+00:00\" \/>\n<meta property=\"og:image\" content=\"https:\/\/aktuelles.uni-frankfurt.de\/wp-content\/uploads\/2018\/04\/blog_UR_Maier-cover.jpg\" \/>\n\t<meta property=\"og:image:width\" content=\"650\" \/>\n\t<meta property=\"og:image:height\" content=\"450\" \/>\n\t<meta property=\"og:image:type\" content=\"image\/jpeg\" \/>\n<meta name=\"author\" content=\"Dr. Dirk Frank\" \/>\n<meta name=\"twitter:card\" content=\"summary_large_image\" \/>\n<meta name=\"twitter:label1\" content=\"Written by\" \/>\n\t<meta name=\"twitter:data1\" content=\"Dr. Dirk Frank\" \/>\n\t<meta name=\"twitter:label2\" content=\"Estimated reading time\" \/>\n\t<meta name=\"twitter:data2\" content=\"5 minutes\" \/>\n<script type=\"application\/ld+json\" class=\"yoast-schema-graph\">{\"@context\":\"https:\\\/\\\/schema.org\",\"@graph\":[{\"@type\":\"Article\",\"@id\":\"https:\\\/\\\/aktuelles.uni-frankfurt.de\\\/menschen\\\/vom-philosophicum-ins-doctor-flotte-roman-die-universitaet-von-andreas-maier\\\/#article\",\"isPartOf\":{\"@id\":\"https:\\\/\\\/aktuelles.uni-frankfurt.de\\\/menschen\\\/vom-philosophicum-ins-doctor-flotte-roman-die-universitaet-von-andreas-maier\\\/\"},\"author\":{\"name\":\"Dr. Dirk Frank\",\"@id\":\"https:\\\/\\\/aktuelles.uni-frankfurt.de\\\/#\\\/schema\\\/person\\\/370c4588b49f66f89d917e8bd01f72b0\"},\"headline\":\"Vom Philosophicum ins Doctor Flotte \\\/ Roman: \u00bbDie Universit\u00e4t\u00ab von Andreas Maier\",\"datePublished\":\"2018-04-18T10:18:01+00:00\",\"mainEntityOfPage\":{\"@id\":\"https:\\\/\\\/aktuelles.uni-frankfurt.de\\\/menschen\\\/vom-philosophicum-ins-doctor-flotte-roman-die-universitaet-von-andreas-maier\\\/\"},\"wordCount\":1035,\"publisher\":{\"@id\":\"https:\\\/\\\/aktuelles.uni-frankfurt.de\\\/#organization\"},\"image\":{\"@id\":\"https:\\\/\\\/aktuelles.uni-frankfurt.de\\\/menschen\\\/vom-philosophicum-ins-doctor-flotte-roman-die-universitaet-von-andreas-maier\\\/#primaryimage\"},\"thumbnailUrl\":\"https:\\\/\\\/aktuelles.uni-frankfurt.de\\\/wp-content\\\/uploads\\\/2018\\\/04\\\/blog_UR_Maier-cover.jpg\",\"keywords\":[\"B\u00fccher\",\"UniReport\"],\"articleSection\":[\"Menschen\"],\"inLanguage\":\"en-GB\"},{\"@type\":\"WebPage\",\"@id\":\"https:\\\/\\\/aktuelles.uni-frankfurt.de\\\/menschen\\\/vom-philosophicum-ins-doctor-flotte-roman-die-universitaet-von-andreas-maier\\\/\",\"url\":\"https:\\\/\\\/aktuelles.uni-frankfurt.de\\\/menschen\\\/vom-philosophicum-ins-doctor-flotte-roman-die-universitaet-von-andreas-maier\\\/\",\"name\":\"Vom Philosophicum ins Doctor Flotte \\\/ Roman: \u00bbDie Universit\u00e4t\u00ab von Andreas Maier | Aktuelles aus der Goethe-Universit\u00e4t Frankfurt\",\"isPartOf\":{\"@id\":\"https:\\\/\\\/aktuelles.uni-frankfurt.de\\\/#website\"},\"primaryImageOfPage\":{\"@id\":\"https:\\\/\\\/aktuelles.uni-frankfurt.de\\\/menschen\\\/vom-philosophicum-ins-doctor-flotte-roman-die-universitaet-von-andreas-maier\\\/#primaryimage\"},\"image\":{\"@id\":\"https:\\\/\\\/aktuelles.uni-frankfurt.de\\\/menschen\\\/vom-philosophicum-ins-doctor-flotte-roman-die-universitaet-von-andreas-maier\\\/#primaryimage\"},\"thumbnailUrl\":\"https:\\\/\\\/aktuelles.uni-frankfurt.de\\\/wp-content\\\/uploads\\\/2018\\\/04\\\/blog_UR_Maier-cover.jpg\",\"datePublished\":\"2018-04-18T10:18:01+00:00\",\"breadcrumb\":{\"@id\":\"https:\\\/\\\/aktuelles.uni-frankfurt.de\\\/menschen\\\/vom-philosophicum-ins-doctor-flotte-roman-die-universitaet-von-andreas-maier\\\/#breadcrumb\"},\"inLanguage\":\"en-GB\",\"potentialAction\":[{\"@type\":\"ReadAction\",\"target\":[\"https:\\\/\\\/aktuelles.uni-frankfurt.de\\\/menschen\\\/vom-philosophicum-ins-doctor-flotte-roman-die-universitaet-von-andreas-maier\\\/\"]}]},{\"@type\":\"ImageObject\",\"inLanguage\":\"en-GB\",\"@id\":\"https:\\\/\\\/aktuelles.uni-frankfurt.de\\\/menschen\\\/vom-philosophicum-ins-doctor-flotte-roman-die-universitaet-von-andreas-maier\\\/#primaryimage\",\"url\":\"https:\\\/\\\/aktuelles.uni-frankfurt.de\\\/wp-content\\\/uploads\\\/2018\\\/04\\\/blog_UR_Maier-cover.jpg\",\"contentUrl\":\"https:\\\/\\\/aktuelles.uni-frankfurt.de\\\/wp-content\\\/uploads\\\/2018\\\/04\\\/blog_UR_Maier-cover.jpg\",\"width\":650,\"height\":450,\"caption\":\"Andreas Maier wurde 1967 in Bad Nauheim geboren. Er studierte Altphilologie, Germanistik und Philosophie und promovierte auch mit einer Arbeit \u00fcber Thomas Bernhard an der Goethe-Universit\u00e4t. 2006 trat er die Stiftungsgastdozentur f\u00fcr Poetik in Frankfurt an. Maier lebt heute in Hamburg.\"},{\"@type\":\"BreadcrumbList\",\"@id\":\"https:\\\/\\\/aktuelles.uni-frankfurt.de\\\/menschen\\\/vom-philosophicum-ins-doctor-flotte-roman-die-universitaet-von-andreas-maier\\\/#breadcrumb\",\"itemListElement\":[{\"@type\":\"ListItem\",\"position\":1,\"name\":\"Startseite\",\"item\":\"https:\\\/\\\/aktuelles.uni-frankfurt.de\\\/\"},{\"@type\":\"ListItem\",\"position\":2,\"name\":\"Vom Philosophicum ins Doctor Flotte \\\/ Roman: \u00bbDie Universit\u00e4t\u00ab von Andreas Maier\"}]},{\"@type\":\"WebSite\",\"@id\":\"https:\\\/\\\/aktuelles.uni-frankfurt.de\\\/#website\",\"url\":\"https:\\\/\\\/aktuelles.uni-frankfurt.de\\\/\",\"name\":\"Aktuelles aus der Goethe-Universit\u00e4t Frankfurt\",\"description\":\"Aktuelles aus der Goethe-Universit\u00e4t | Neues aus Forschung, Lehre, Studium\",\"publisher\":{\"@id\":\"https:\\\/\\\/aktuelles.uni-frankfurt.de\\\/#organization\"},\"potentialAction\":[{\"@type\":\"SearchAction\",\"target\":{\"@type\":\"EntryPoint\",\"urlTemplate\":\"https:\\\/\\\/aktuelles.uni-frankfurt.de\\\/?s={search_term_string}\"},\"query-input\":{\"@type\":\"PropertyValueSpecification\",\"valueRequired\":true,\"valueName\":\"search_term_string\"}}],\"inLanguage\":\"en-GB\"},{\"@type\":\"Organization\",\"@id\":\"https:\\\/\\\/aktuelles.uni-frankfurt.de\\\/#organization\",\"name\":\"Goethe-Universit\u00e4t\",\"url\":\"https:\\\/\\\/aktuelles.uni-frankfurt.de\\\/\",\"logo\":{\"@type\":\"ImageObject\",\"inLanguage\":\"en-GB\",\"@id\":\"https:\\\/\\\/aktuelles.uni-frankfurt.de\\\/#\\\/schema\\\/logo\\\/image\\\/\",\"url\":\"https:\\\/\\\/aktuelles.uni-frankfurt.de\\\/wp-content\\\/uploads\\\/2022\\\/03\\\/800px-Goethe-Logo.png\",\"contentUrl\":\"https:\\\/\\\/aktuelles.uni-frankfurt.de\\\/wp-content\\\/uploads\\\/2022\\\/03\\\/800px-Goethe-Logo.png\",\"width\":800,\"height\":436,\"caption\":\"Goethe-Universit\u00e4t\"},\"image\":{\"@id\":\"https:\\\/\\\/aktuelles.uni-frankfurt.de\\\/#\\\/schema\\\/logo\\\/image\\\/\"}},{\"@type\":\"Person\",\"@id\":\"https:\\\/\\\/aktuelles.uni-frankfurt.de\\\/#\\\/schema\\\/person\\\/370c4588b49f66f89d917e8bd01f72b0\",\"name\":\"Dr. Dirk Frank\",\"description\":\"Dr. Dirk Frank, 49, ist seit 2012 Pressereferent an der Goethe-Universit\u00e4t. Der promovierte Literaturwissenschaftler ist stellvertretender Leiter der Abteilung Marketing und Kommunikation und f\u00fcr die Redaktion des UniReport zust\u00e4ndig.\",\"sameAs\":[\"http:\\\/\\\/aktuelles.uni-frankfurt.de\\\/\"],\"url\":\"https:\\\/\\\/aktuelles.uni-frankfurt.de\\\/en\\\/author\\\/dr-dirkfrank\\\/\"}]}<\/script>\n<!-- \/ Yoast SEO plugin. -->","yoast_head_json":{"title":"Vom Philosophicum ins Doctor Flotte \/ Roman: \u00bbDie Universit\u00e4t\u00ab von Andreas Maier | Aktuelles aus der Goethe-Universit\u00e4t Frankfurt","robots":{"index":"index","follow":"follow","max-snippet":"max-snippet:-1","max-image-preview":"max-image-preview:large","max-video-preview":"max-video-preview:-1"},"canonical":"https:\/\/aktuelles.uni-frankfurt.de\/en\/menschen\/vom-philosophicum-ins-doctor-flotte-roman-die-universitaet-von-andreas-maier\/","og_locale":"en_GB","og_type":"article","og_title":"Vom Philosophicum ins Doctor Flotte \/ Roman: \u00bbDie Universit\u00e4t\u00ab von Andreas Maier | Aktuelles aus der Goethe-Universit\u00e4t Frankfurt","og_description":"Andreas Maier verarbeitet in seinem neuen Roman \u00bbDie Universit\u00e4t\u00ab seine Studienzeit an der Goethe-Uni. Studentischer Alltag an der Goethe- Universit\u00e4t im Jahre 1989: \u201eIch kaufte das Vorlesungsverzeichnis, besuchte einige Seminare, [&hellip;]","og_url":"https:\/\/aktuelles.uni-frankfurt.de\/en\/menschen\/vom-philosophicum-ins-doctor-flotte-roman-die-universitaet-von-andreas-maier\/","og_site_name":"Aktuelles aus der Goethe-Universit\u00e4t Frankfurt","article_published_time":"2018-04-18T10:18:01+00:00","og_image":[{"width":650,"height":450,"url":"https:\/\/aktuelles.uni-frankfurt.de\/wp-content\/uploads\/2018\/04\/blog_UR_Maier-cover.jpg","type":"image\/jpeg"}],"author":"Dr. Dirk Frank","twitter_card":"summary_large_image","twitter_misc":{"Written by":"Dr. Dirk Frank","Estimated reading time":"5 minutes"},"schema":{"@context":"https:\/\/schema.org","@graph":[{"@type":"Article","@id":"https:\/\/aktuelles.uni-frankfurt.de\/menschen\/vom-philosophicum-ins-doctor-flotte-roman-die-universitaet-von-andreas-maier\/#article","isPartOf":{"@id":"https:\/\/aktuelles.uni-frankfurt.de\/menschen\/vom-philosophicum-ins-doctor-flotte-roman-die-universitaet-von-andreas-maier\/"},"author":{"name":"Dr. Dirk Frank","@id":"https:\/\/aktuelles.uni-frankfurt.de\/#\/schema\/person\/370c4588b49f66f89d917e8bd01f72b0"},"headline":"Vom Philosophicum ins Doctor Flotte \/ Roman: \u00bbDie Universit\u00e4t\u00ab von Andreas Maier","datePublished":"2018-04-18T10:18:01+00:00","mainEntityOfPage":{"@id":"https:\/\/aktuelles.uni-frankfurt.de\/menschen\/vom-philosophicum-ins-doctor-flotte-roman-die-universitaet-von-andreas-maier\/"},"wordCount":1035,"publisher":{"@id":"https:\/\/aktuelles.uni-frankfurt.de\/#organization"},"image":{"@id":"https:\/\/aktuelles.uni-frankfurt.de\/menschen\/vom-philosophicum-ins-doctor-flotte-roman-die-universitaet-von-andreas-maier\/#primaryimage"},"thumbnailUrl":"https:\/\/aktuelles.uni-frankfurt.de\/wp-content\/uploads\/2018\/04\/blog_UR_Maier-cover.jpg","keywords":["B\u00fccher","UniReport"],"articleSection":["Menschen"],"inLanguage":"en-GB"},{"@type":"WebPage","@id":"https:\/\/aktuelles.uni-frankfurt.de\/menschen\/vom-philosophicum-ins-doctor-flotte-roman-die-universitaet-von-andreas-maier\/","url":"https:\/\/aktuelles.uni-frankfurt.de\/menschen\/vom-philosophicum-ins-doctor-flotte-roman-die-universitaet-von-andreas-maier\/","name":"Vom Philosophicum ins Doctor Flotte \/ Roman: \u00bbDie Universit\u00e4t\u00ab von Andreas Maier | Aktuelles aus der Goethe-Universit\u00e4t Frankfurt","isPartOf":{"@id":"https:\/\/aktuelles.uni-frankfurt.de\/#website"},"primaryImageOfPage":{"@id":"https:\/\/aktuelles.uni-frankfurt.de\/menschen\/vom-philosophicum-ins-doctor-flotte-roman-die-universitaet-von-andreas-maier\/#primaryimage"},"image":{"@id":"https:\/\/aktuelles.uni-frankfurt.de\/menschen\/vom-philosophicum-ins-doctor-flotte-roman-die-universitaet-von-andreas-maier\/#primaryimage"},"thumbnailUrl":"https:\/\/aktuelles.uni-frankfurt.de\/wp-content\/uploads\/2018\/04\/blog_UR_Maier-cover.jpg","datePublished":"2018-04-18T10:18:01+00:00","breadcrumb":{"@id":"https:\/\/aktuelles.uni-frankfurt.de\/menschen\/vom-philosophicum-ins-doctor-flotte-roman-die-universitaet-von-andreas-maier\/#breadcrumb"},"inLanguage":"en-GB","potentialAction":[{"@type":"ReadAction","target":["https:\/\/aktuelles.uni-frankfurt.de\/menschen\/vom-philosophicum-ins-doctor-flotte-roman-die-universitaet-von-andreas-maier\/"]}]},{"@type":"ImageObject","inLanguage":"en-GB","@id":"https:\/\/aktuelles.uni-frankfurt.de\/menschen\/vom-philosophicum-ins-doctor-flotte-roman-die-universitaet-von-andreas-maier\/#primaryimage","url":"https:\/\/aktuelles.uni-frankfurt.de\/wp-content\/uploads\/2018\/04\/blog_UR_Maier-cover.jpg","contentUrl":"https:\/\/aktuelles.uni-frankfurt.de\/wp-content\/uploads\/2018\/04\/blog_UR_Maier-cover.jpg","width":650,"height":450,"caption":"Andreas Maier wurde 1967 in Bad Nauheim geboren. Er studierte Altphilologie, Germanistik und Philosophie und promovierte auch mit einer Arbeit \u00fcber Thomas Bernhard an der Goethe-Universit\u00e4t. 2006 trat er die Stiftungsgastdozentur f\u00fcr Poetik in Frankfurt an. Maier lebt heute in Hamburg."},{"@type":"BreadcrumbList","@id":"https:\/\/aktuelles.uni-frankfurt.de\/menschen\/vom-philosophicum-ins-doctor-flotte-roman-die-universitaet-von-andreas-maier\/#breadcrumb","itemListElement":[{"@type":"ListItem","position":1,"name":"Startseite","item":"https:\/\/aktuelles.uni-frankfurt.de\/"},{"@type":"ListItem","position":2,"name":"Vom Philosophicum ins Doctor Flotte \/ Roman: \u00bbDie Universit\u00e4t\u00ab von Andreas Maier"}]},{"@type":"WebSite","@id":"https:\/\/aktuelles.uni-frankfurt.de\/#website","url":"https:\/\/aktuelles.uni-frankfurt.de\/","name":"Aktuelles aus der Goethe-Universit\u00e4t Frankfurt","description":"Aktuelles aus der Goethe-Universit\u00e4t | Neues aus Forschung, Lehre, Studium","publisher":{"@id":"https:\/\/aktuelles.uni-frankfurt.de\/#organization"},"potentialAction":[{"@type":"SearchAction","target":{"@type":"EntryPoint","urlTemplate":"https:\/\/aktuelles.uni-frankfurt.de\/?s={search_term_string}"},"query-input":{"@type":"PropertyValueSpecification","valueRequired":true,"valueName":"search_term_string"}}],"inLanguage":"en-GB"},{"@type":"Organization","@id":"https:\/\/aktuelles.uni-frankfurt.de\/#organization","name":"Goethe University Frankfurt","url":"https:\/\/aktuelles.uni-frankfurt.de\/","logo":{"@type":"ImageObject","inLanguage":"en-GB","@id":"https:\/\/aktuelles.uni-frankfurt.de\/#\/schema\/logo\/image\/","url":"https:\/\/aktuelles.uni-frankfurt.de\/wp-content\/uploads\/2022\/03\/800px-Goethe-Logo.png","contentUrl":"https:\/\/aktuelles.uni-frankfurt.de\/wp-content\/uploads\/2022\/03\/800px-Goethe-Logo.png","width":800,"height":436,"caption":"Goethe-Universit\u00e4t"},"image":{"@id":"https:\/\/aktuelles.uni-frankfurt.de\/#\/schema\/logo\/image\/"}},{"@type":"Person","@id":"https:\/\/aktuelles.uni-frankfurt.de\/#\/schema\/person\/370c4588b49f66f89d917e8bd01f72b0","name":"Dr. Dirk Frank","description":"Dr. Dirk Frank, 49, ist seit 2012 Pressereferent an der Goethe-Universit\u00e4t. Der promovierte Literaturwissenschaftler ist stellvertretender Leiter der Abteilung Marketing und Kommunikation und f\u00fcr die Redaktion des UniReport zust\u00e4ndig.","sameAs":["http:\/\/aktuelles.uni-frankfurt.de\/"],"url":"https:\/\/aktuelles.uni-frankfurt.de\/en\/author\/dr-dirkfrank\/"}]}},"_links":{"self":[{"href":"https:\/\/aktuelles.uni-frankfurt.de\/en\/wp-json\/wp\/v2\/posts\/28040","targetHints":{"allow":["GET"]}}],"collection":[{"href":"https:\/\/aktuelles.uni-frankfurt.de\/en\/wp-json\/wp\/v2\/posts"}],"about":[{"href":"https:\/\/aktuelles.uni-frankfurt.de\/en\/wp-json\/wp\/v2\/types\/post"}],"author":[{"embeddable":true,"href":"https:\/\/aktuelles.uni-frankfurt.de\/en\/wp-json\/wp\/v2\/users\/4"}],"replies":[{"embeddable":true,"href":"https:\/\/aktuelles.uni-frankfurt.de\/en\/wp-json\/wp\/v2\/comments?post=28040"}],"version-history":[{"count":0,"href":"https:\/\/aktuelles.uni-frankfurt.de\/en\/wp-json\/wp\/v2\/posts\/28040\/revisions"}],"wp:featuredmedia":[{"embeddable":true,"href":"https:\/\/aktuelles.uni-frankfurt.de\/en\/wp-json\/wp\/v2\/media\/28175"}],"wp:attachment":[{"href":"https:\/\/aktuelles.uni-frankfurt.de\/en\/wp-json\/wp\/v2\/media?parent=28040"}],"wp:term":[{"taxonomy":"category","embeddable":true,"href":"https:\/\/aktuelles.uni-frankfurt.de\/en\/wp-json\/wp\/v2\/categories?post=28040"},{"taxonomy":"post_tag","embeddable":true,"href":"https:\/\/aktuelles.uni-frankfurt.de\/en\/wp-json\/wp\/v2\/tags?post=28040"},{"taxonomy":"post_folder","embeddable":true,"href":"https:\/\/aktuelles.uni-frankfurt.de\/en\/wp-json\/wp\/v2\/post_folder?post=28040"}],"curies":[{"name":"wp","href":"https:\/\/api.w.org\/{rel}","templated":true}]}}