{"id":29025,"date":"2018-05-23T15:02:27","date_gmt":"2018-05-23T13:02:27","guid":{"rendered":"https:\/\/aktuelles.uni-frankfurt.de\/?p=29025"},"modified":"2023-02-22T20:11:24","modified_gmt":"2023-02-22T19:11:24","slug":"goethe-goes-global-goethe-universitaet-erweitert-bewerberkreis-fuer-internationale-master-stipendien","status":"publish","type":"post","link":"https:\/\/aktuelles.uni-frankfurt.de\/en\/studium\/goethe-goes-global-goethe-universitaet-erweitert-bewerberkreis-fuer-internationale-master-stipendien\/","title":{"rendered":"\u201eGoethe goes global\u201c: Goethe-Universit\u00e4t erweitert Bewerberkreis f\u00fcr internationale Master-Stipendien"},"content":{"rendered":"<p>Das erfolgreiche Masterstipendium \u201eGoethe Goes Global\u201c bekommt in diesem Jahr einen neuen Zuschnitt: Waren bisher Bewerbungen f\u00fcr 20 Programme m\u00f6glich, so sind nun fast 80 am Start, d.h. alle konsekutiven Masterstudieng\u00e4nge der Goethe-Universit\u00e4t. Zielgruppe sind weiterhin Studierende, die ihren ersten Abschluss mit sehr gutem Resultat im Ausland erworben und ein starkes Interesse an Forschung haben. \u201eDie Goethe-Universit\u00e4t erweitert damit den Kreis der F\u00e4cher, aus denen forschungsaffine Masterkandidaten w\u00e4hlen k\u00f6nnen. Wir wollen so den eigenen Internationalisierungsprozess der Goethe-Universit\u00e4t weiter st\u00e4rken\u201c, freut sich Prof. Manfred Schubert-Zsilavecz, Vizepr\u00e4sident f\u00fcr \u201eThird Mission\u201c der Goethe-Universit\u00e4t.<\/p>\n\n\n\n<p>Die Bewerbungsfristen orientieren sich an denjenigen der Master-Studieng\u00e4nge. In diesem Jahr ist das f\u00fcr viele zulassungsbeschr\u00e4nkte Studieng\u00e4nge der 31. Mai und f\u00fcr zulassungsfreie Studieng\u00e4nge meist der 31. August. Auch Deutsche mit Abschluss aus dem Ausland k\u00f6nnen sich bewerben. Gute Deutschkenntnisse sind nicht immer erforderlich, da manche Studieng\u00e4nge rein englischsprachig angeboten werden. Die Dotierung der Stipendien liegt \u00fcber der des DAAD: Monatlich sind es 1.000 Euro f\u00fcr die Regelstudienzeit von zwei Jahren.<\/p>\n\n\n\n<p>Die Besonderheit von \u201eGoethe Goes Global\u201c erl\u00e4utert Prof. Rolf van Dick, Vizepr\u00e4sident f\u00fcr Internationalisierung, Nachwuchs, Diversit\u00e4t und Gleichstellung: \u201eEs besteht in einigen Studieng\u00e4ngen die M\u00f6glichkeit, die Stipendiaten fr\u00fchzeitig in Forschungsverb\u00fcnde der Universit\u00e4t, wie Sonderforschungsbereiche und LOEWE-Zentren, einzubinden. Dabei sind f\u00e4cher\u00fcbergreifend Natur- und Lebenswissenschaften sowie Human- und Sozialwissenschaften vertreten. So geht die Internationalisierung von Forschung, Studium und Lehre an der Goethe-Universit\u00e4t Hand in Hand.\u201c<\/p>\n\n\n\n<p>Finanziert wird das 2016 aufgelegte Programm aus dem Johanna-Quandt-Jubil\u00e4umsfonds der Goethe-Universit\u00e4t. Anl\u00e4sslich des 100-j\u00e4hrigen Bestehens der Goethe-Universit\u00e4t hatte die verstorbene Ehrensenatorin den Fonds 2014 gestiftet.<\/p>\n\n\n\n<p>Das Programm wird zun\u00e4chst bis mindestens 2019 laufen. Die Fortsetzung wird angestrebt und h\u00e4ngt unter anderem davon ab, wie viele der Masterstipendiaten anschlie\u00dfend promovieren, m\u00f6glichst an der Goethe-Universit\u00e4t.<\/p>\n\n\n\n<p>Die inzwischen 24 Stipendiaten, die aus vier Kontinenten den Weg nach Frankfurt gefunden haben, sind bereits hervorragende Botschafter des Programms geworden. <a href=\"https:\/\/video-182.uni-frankfurt.de\/Mediasite\/Play\/8963c25f72354fb8ac003bf8b79032ee1d\" target=\"_blank\" rel=\"noopener\">Sie werben in ihren Heimatl\u00e4ndern direkt bei ihren Kommilitonen f\u00fcr die Stipendien, und ihre Erfahrungen sind in einem kurzen Video zu sehen<\/a>.<\/p>\n\n\n\n<p>Dabei heben sie die Vorz\u00fcge der universit\u00e4ren Ausbildung, der integrierten Praktika und der Stadt gleicherma\u00dfen hervor und berichten auch \u00fcber die regelm\u00e4\u00dfigen Stammtische, die das International Office f\u00fcr sie veranstaltet.<\/p>\n\n\n\n<p><strong>Bewerbung<\/strong> unter: <a href=\"https:\/\/www.uni-frankfurt.de\/masterstip\" target=\"_blank\" rel=\"noopener\">www.uni-frankfurt.de\/masterstip.<\/a><\/p>\n\n\n\n<p><strong>Weitere Informationen:<\/strong> Dr. Mathias Diederich, Hanna Reuther, International Office, Goethe-Universit\u00e4t Frankfurt, Tel.: (069) 798-15090, <a href=\"mailto:m.diederich@em.uni-frankfurt.de\">m.diederich@em.uni-frankfurt.de<\/a>.<\/p>","protected":false},"excerpt":{"rendered":"<p>Das erfolgreiche Masterstipendium \u201eGoethe Goes Global\u201c bekommt in diesem Jahr einen neuen Zuschnitt: Waren bisher Bewerbungen f\u00fcr 20 Programme m\u00f6glich, so sind nun fast 80 am Start, d.h. alle konsekutiven [&hellip;]<\/p>\n","protected":false},"author":8,"featured_media":29033,"comment_status":"closed","ping_status":"closed","sticky":false,"template":"","format":"standard","meta":{"_eb_attr":"","_price":"","_stock":"","_tribe_ticket_header":"","_tribe_default_ticket_provider":"","_ticket_start_date":"","_ticket_end_date":"","_tribe_ticket_show_description":"","_tribe_ticket_show_not_going":false,"_tribe_ticket_use_global_stock":"","_tribe_ticket_global_stock_level":"","_global_stock_mode":"","_global_stock_cap":"","_tribe_rsvp_for_event":"","_tribe_ticket_going_count":"","_tribe_ticket_not_going_count":"","_tribe_tickets_list":"[]","_tribe_ticket_has_attendee_info_fields":false,"footnotes":""},"categories":[9],"tags":[27],"post_folder":[],"class_list":["post-29025","post","type-post","status-publish","format-standard","has-post-thumbnail","hentry","category-studium","tag-internationales"],"yoast_head":"<!-- This site is optimized with the Yoast SEO plugin v27.5 - https:\/\/yoast.com\/product\/yoast-seo-wordpress\/ -->\n<title>\u201eGoethe goes global\u201c: Goethe-Universit\u00e4t erweitert Bewerberkreis f\u00fcr internationale Master-Stipendien | Aktuelles aus der Goethe-Universit\u00e4t Frankfurt<\/title>\n<meta name=\"robots\" content=\"index, follow, max-snippet:-1, max-image-preview:large, max-video-preview:-1\" \/>\n<link rel=\"canonical\" href=\"https:\/\/aktuelles.uni-frankfurt.de\/en\/studium\/goethe-goes-global-goethe-universitaet-erweitert-bewerberkreis-fuer-internationale-master-stipendien\/\" \/>\n<meta property=\"og:locale\" content=\"en_GB\" \/>\n<meta property=\"og:type\" content=\"article\" \/>\n<meta property=\"og:title\" content=\"\u201eGoethe goes global\u201c: Goethe-Universit\u00e4t erweitert Bewerberkreis f\u00fcr internationale Master-Stipendien | Aktuelles aus der Goethe-Universit\u00e4t Frankfurt\" \/>\n<meta property=\"og:description\" content=\"Das erfolgreiche Masterstipendium \u201eGoethe Goes Global\u201c bekommt in diesem Jahr einen neuen Zuschnitt: Waren bisher Bewerbungen f\u00fcr 20 Programme m\u00f6glich, so sind nun fast 80 am Start, d.h. alle konsekutiven [&hellip;]\" \/>\n<meta property=\"og:url\" content=\"https:\/\/aktuelles.uni-frankfurt.de\/en\/studium\/goethe-goes-global-goethe-universitaet-erweitert-bewerberkreis-fuer-internationale-master-stipendien\/\" \/>\n<meta property=\"og:site_name\" content=\"Aktuelles aus der Goethe-Universit\u00e4t Frankfurt\" \/>\n<meta property=\"article:published_time\" content=\"2018-05-23T13:02:27+00:00\" \/>\n<meta property=\"article:modified_time\" content=\"2023-02-22T19:11:24+00:00\" \/>\n<meta property=\"og:image\" content=\"https:\/\/aktuelles.uni-frankfurt.de\/wp-content\/uploads\/2018\/05\/beitragsbild_screenshot-video-goethe-goes-global.jpg\" \/>\n\t<meta property=\"og:image:width\" content=\"650\" \/>\n\t<meta property=\"og:image:height\" content=\"450\" \/>\n\t<meta property=\"og:image:type\" content=\"image\/jpeg\" \/>\n<meta name=\"author\" content=\"-\" \/>\n<meta name=\"twitter:card\" content=\"summary_large_image\" \/>\n<meta name=\"twitter:label1\" content=\"Written by\" \/>\n\t<meta name=\"twitter:data1\" content=\"-\" \/>\n\t<meta name=\"twitter:label2\" content=\"Estimated reading time\" \/>\n\t<meta name=\"twitter:data2\" content=\"2 minutes\" \/>\n<script type=\"application\/ld+json\" class=\"yoast-schema-graph\">{\"@context\":\"https:\\\/\\\/schema.org\",\"@graph\":[{\"@type\":\"Article\",\"@id\":\"https:\\\/\\\/aktuelles.uni-frankfurt.de\\\/studium\\\/goethe-goes-global-goethe-universitaet-erweitert-bewerberkreis-fuer-internationale-master-stipendien\\\/#article\",\"isPartOf\":{\"@id\":\"https:\\\/\\\/aktuelles.uni-frankfurt.de\\\/studium\\\/goethe-goes-global-goethe-universitaet-erweitert-bewerberkreis-fuer-internationale-master-stipendien\\\/\"},\"author\":{\"name\":\"-\",\"@id\":\"https:\\\/\\\/aktuelles.uni-frankfurt.de\\\/#\\\/schema\\\/person\\\/8e55ea338fb65d1ce87a91565d1f1739\"},\"headline\":\"\u201eGoethe goes global\u201c: Goethe-Universit\u00e4t erweitert Bewerberkreis f\u00fcr internationale Master-Stipendien\",\"datePublished\":\"2018-05-23T13:02:27+00:00\",\"dateModified\":\"2023-02-22T19:11:24+00:00\",\"mainEntityOfPage\":{\"@id\":\"https:\\\/\\\/aktuelles.uni-frankfurt.de\\\/studium\\\/goethe-goes-global-goethe-universitaet-erweitert-bewerberkreis-fuer-internationale-master-stipendien\\\/\"},\"wordCount\":429,\"publisher\":{\"@id\":\"https:\\\/\\\/aktuelles.uni-frankfurt.de\\\/#organization\"},\"image\":{\"@id\":\"https:\\\/\\\/aktuelles.uni-frankfurt.de\\\/studium\\\/goethe-goes-global-goethe-universitaet-erweitert-bewerberkreis-fuer-internationale-master-stipendien\\\/#primaryimage\"},\"thumbnailUrl\":\"https:\\\/\\\/aktuelles.uni-frankfurt.de\\\/wp-content\\\/uploads\\\/2018\\\/05\\\/beitragsbild_screenshot-video-goethe-goes-global.jpg\",\"keywords\":[\"Internationales\"],\"articleSection\":[\"Studium\"],\"inLanguage\":\"en-GB\"},{\"@type\":\"WebPage\",\"@id\":\"https:\\\/\\\/aktuelles.uni-frankfurt.de\\\/studium\\\/goethe-goes-global-goethe-universitaet-erweitert-bewerberkreis-fuer-internationale-master-stipendien\\\/\",\"url\":\"https:\\\/\\\/aktuelles.uni-frankfurt.de\\\/studium\\\/goethe-goes-global-goethe-universitaet-erweitert-bewerberkreis-fuer-internationale-master-stipendien\\\/\",\"name\":\"\u201eGoethe goes global\u201c: Goethe-Universit\u00e4t erweitert Bewerberkreis f\u00fcr internationale Master-Stipendien | Aktuelles aus der Goethe-Universit\u00e4t Frankfurt\",\"isPartOf\":{\"@id\":\"https:\\\/\\\/aktuelles.uni-frankfurt.de\\\/#website\"},\"primaryImageOfPage\":{\"@id\":\"https:\\\/\\\/aktuelles.uni-frankfurt.de\\\/studium\\\/goethe-goes-global-goethe-universitaet-erweitert-bewerberkreis-fuer-internationale-master-stipendien\\\/#primaryimage\"},\"image\":{\"@id\":\"https:\\\/\\\/aktuelles.uni-frankfurt.de\\\/studium\\\/goethe-goes-global-goethe-universitaet-erweitert-bewerberkreis-fuer-internationale-master-stipendien\\\/#primaryimage\"},\"thumbnailUrl\":\"https:\\\/\\\/aktuelles.uni-frankfurt.de\\\/wp-content\\\/uploads\\\/2018\\\/05\\\/beitragsbild_screenshot-video-goethe-goes-global.jpg\",\"datePublished\":\"2018-05-23T13:02:27+00:00\",\"dateModified\":\"2023-02-22T19:11:24+00:00\",\"breadcrumb\":{\"@id\":\"https:\\\/\\\/aktuelles.uni-frankfurt.de\\\/studium\\\/goethe-goes-global-goethe-universitaet-erweitert-bewerberkreis-fuer-internationale-master-stipendien\\\/#breadcrumb\"},\"inLanguage\":\"en-GB\",\"potentialAction\":[{\"@type\":\"ReadAction\",\"target\":[\"https:\\\/\\\/aktuelles.uni-frankfurt.de\\\/studium\\\/goethe-goes-global-goethe-universitaet-erweitert-bewerberkreis-fuer-internationale-master-stipendien\\\/\"]}]},{\"@type\":\"ImageObject\",\"inLanguage\":\"en-GB\",\"@id\":\"https:\\\/\\\/aktuelles.uni-frankfurt.de\\\/studium\\\/goethe-goes-global-goethe-universitaet-erweitert-bewerberkreis-fuer-internationale-master-stipendien\\\/#primaryimage\",\"url\":\"https:\\\/\\\/aktuelles.uni-frankfurt.de\\\/wp-content\\\/uploads\\\/2018\\\/05\\\/beitragsbild_screenshot-video-goethe-goes-global.jpg\",\"contentUrl\":\"https:\\\/\\\/aktuelles.uni-frankfurt.de\\\/wp-content\\\/uploads\\\/2018\\\/05\\\/beitragsbild_screenshot-video-goethe-goes-global.jpg\",\"width\":650,\"height\":450},{\"@type\":\"BreadcrumbList\",\"@id\":\"https:\\\/\\\/aktuelles.uni-frankfurt.de\\\/studium\\\/goethe-goes-global-goethe-universitaet-erweitert-bewerberkreis-fuer-internationale-master-stipendien\\\/#breadcrumb\",\"itemListElement\":[{\"@type\":\"ListItem\",\"position\":1,\"name\":\"Startseite\",\"item\":\"https:\\\/\\\/aktuelles.uni-frankfurt.de\\\/\"},{\"@type\":\"ListItem\",\"position\":2,\"name\":\"\u201eGoethe goes global\u201c: Goethe-Universit\u00e4t erweitert Bewerberkreis f\u00fcr internationale Master-Stipendien\"}]},{\"@type\":\"WebSite\",\"@id\":\"https:\\\/\\\/aktuelles.uni-frankfurt.de\\\/#website\",\"url\":\"https:\\\/\\\/aktuelles.uni-frankfurt.de\\\/\",\"name\":\"Aktuelles aus der Goethe-Universit\u00e4t Frankfurt\",\"description\":\"Aktuelles aus der Goethe-Universit\u00e4t | Neues aus Forschung, Lehre, Studium\",\"publisher\":{\"@id\":\"https:\\\/\\\/aktuelles.uni-frankfurt.de\\\/#organization\"},\"potentialAction\":[{\"@type\":\"SearchAction\",\"target\":{\"@type\":\"EntryPoint\",\"urlTemplate\":\"https:\\\/\\\/aktuelles.uni-frankfurt.de\\\/?s={search_term_string}\"},\"query-input\":{\"@type\":\"PropertyValueSpecification\",\"valueRequired\":true,\"valueName\":\"search_term_string\"}}],\"inLanguage\":\"en-GB\"},{\"@type\":\"Organization\",\"@id\":\"https:\\\/\\\/aktuelles.uni-frankfurt.de\\\/#organization\",\"name\":\"Goethe-Universit\u00e4t\",\"url\":\"https:\\\/\\\/aktuelles.uni-frankfurt.de\\\/\",\"logo\":{\"@type\":\"ImageObject\",\"inLanguage\":\"en-GB\",\"@id\":\"https:\\\/\\\/aktuelles.uni-frankfurt.de\\\/#\\\/schema\\\/logo\\\/image\\\/\",\"url\":\"https:\\\/\\\/aktuelles.uni-frankfurt.de\\\/wp-content\\\/uploads\\\/2022\\\/03\\\/800px-Goethe-Logo.png\",\"contentUrl\":\"https:\\\/\\\/aktuelles.uni-frankfurt.de\\\/wp-content\\\/uploads\\\/2022\\\/03\\\/800px-Goethe-Logo.png\",\"width\":800,\"height\":436,\"caption\":\"Goethe-Universit\u00e4t\"},\"image\":{\"@id\":\"https:\\\/\\\/aktuelles.uni-frankfurt.de\\\/#\\\/schema\\\/logo\\\/image\\\/\"}},{\"@type\":\"Person\",\"@id\":\"https:\\\/\\\/aktuelles.uni-frankfurt.de\\\/#\\\/schema\\\/person\\\/8e55ea338fb65d1ce87a91565d1f1739\",\"name\":\"-\",\"description\":\"Dieser Beitrag wurde von der Online-Redaktion ver\u00f6ffentlicht. Wenn der Beitrag von einem Gastautoren verfasst wurde, findet sich dieser Hinweis am Ende des jeweiligen Artikels.\",\"sameAs\":[\"http:\\\/\\\/aktuelles.uni-frankfurt.de\\\/autoren\"],\"url\":\"https:\\\/\\\/aktuelles.uni-frankfurt.de\\\/en\\\/author\\\/redaktion\\\/\"}]}<\/script>\n<!-- \/ Yoast SEO plugin. -->","yoast_head_json":{"title":"\u201eGoethe goes global\u201c: Goethe-Universit\u00e4t erweitert Bewerberkreis f\u00fcr internationale Master-Stipendien | Aktuelles aus der Goethe-Universit\u00e4t Frankfurt","robots":{"index":"index","follow":"follow","max-snippet":"max-snippet:-1","max-image-preview":"max-image-preview:large","max-video-preview":"max-video-preview:-1"},"canonical":"https:\/\/aktuelles.uni-frankfurt.de\/en\/studium\/goethe-goes-global-goethe-universitaet-erweitert-bewerberkreis-fuer-internationale-master-stipendien\/","og_locale":"en_GB","og_type":"article","og_title":"\u201eGoethe goes global\u201c: Goethe-Universit\u00e4t erweitert Bewerberkreis f\u00fcr internationale Master-Stipendien | Aktuelles aus der Goethe-Universit\u00e4t Frankfurt","og_description":"Das erfolgreiche Masterstipendium \u201eGoethe Goes Global\u201c bekommt in diesem Jahr einen neuen Zuschnitt: Waren bisher Bewerbungen f\u00fcr 20 Programme m\u00f6glich, so sind nun fast 80 am Start, d.h. alle konsekutiven [&hellip;]","og_url":"https:\/\/aktuelles.uni-frankfurt.de\/en\/studium\/goethe-goes-global-goethe-universitaet-erweitert-bewerberkreis-fuer-internationale-master-stipendien\/","og_site_name":"Aktuelles aus der Goethe-Universit\u00e4t Frankfurt","article_published_time":"2018-05-23T13:02:27+00:00","article_modified_time":"2023-02-22T19:11:24+00:00","og_image":[{"width":650,"height":450,"url":"https:\/\/aktuelles.uni-frankfurt.de\/wp-content\/uploads\/2018\/05\/beitragsbild_screenshot-video-goethe-goes-global.jpg","type":"image\/jpeg"}],"author":"-","twitter_card":"summary_large_image","twitter_misc":{"Written by":"-","Estimated reading time":"2 minutes"},"schema":{"@context":"https:\/\/schema.org","@graph":[{"@type":"Article","@id":"https:\/\/aktuelles.uni-frankfurt.de\/studium\/goethe-goes-global-goethe-universitaet-erweitert-bewerberkreis-fuer-internationale-master-stipendien\/#article","isPartOf":{"@id":"https:\/\/aktuelles.uni-frankfurt.de\/studium\/goethe-goes-global-goethe-universitaet-erweitert-bewerberkreis-fuer-internationale-master-stipendien\/"},"author":{"name":"-","@id":"https:\/\/aktuelles.uni-frankfurt.de\/#\/schema\/person\/8e55ea338fb65d1ce87a91565d1f1739"},"headline":"\u201eGoethe goes global\u201c: Goethe-Universit\u00e4t erweitert Bewerberkreis f\u00fcr internationale Master-Stipendien","datePublished":"2018-05-23T13:02:27+00:00","dateModified":"2023-02-22T19:11:24+00:00","mainEntityOfPage":{"@id":"https:\/\/aktuelles.uni-frankfurt.de\/studium\/goethe-goes-global-goethe-universitaet-erweitert-bewerberkreis-fuer-internationale-master-stipendien\/"},"wordCount":429,"publisher":{"@id":"https:\/\/aktuelles.uni-frankfurt.de\/#organization"},"image":{"@id":"https:\/\/aktuelles.uni-frankfurt.de\/studium\/goethe-goes-global-goethe-universitaet-erweitert-bewerberkreis-fuer-internationale-master-stipendien\/#primaryimage"},"thumbnailUrl":"https:\/\/aktuelles.uni-frankfurt.de\/wp-content\/uploads\/2018\/05\/beitragsbild_screenshot-video-goethe-goes-global.jpg","keywords":["Internationales"],"articleSection":["Studium"],"inLanguage":"en-GB"},{"@type":"WebPage","@id":"https:\/\/aktuelles.uni-frankfurt.de\/studium\/goethe-goes-global-goethe-universitaet-erweitert-bewerberkreis-fuer-internationale-master-stipendien\/","url":"https:\/\/aktuelles.uni-frankfurt.de\/studium\/goethe-goes-global-goethe-universitaet-erweitert-bewerberkreis-fuer-internationale-master-stipendien\/","name":"\u201eGoethe goes global\u201c: Goethe-Universit\u00e4t erweitert Bewerberkreis f\u00fcr internationale Master-Stipendien | Aktuelles aus der Goethe-Universit\u00e4t Frankfurt","isPartOf":{"@id":"https:\/\/aktuelles.uni-frankfurt.de\/#website"},"primaryImageOfPage":{"@id":"https:\/\/aktuelles.uni-frankfurt.de\/studium\/goethe-goes-global-goethe-universitaet-erweitert-bewerberkreis-fuer-internationale-master-stipendien\/#primaryimage"},"image":{"@id":"https:\/\/aktuelles.uni-frankfurt.de\/studium\/goethe-goes-global-goethe-universitaet-erweitert-bewerberkreis-fuer-internationale-master-stipendien\/#primaryimage"},"thumbnailUrl":"https:\/\/aktuelles.uni-frankfurt.de\/wp-content\/uploads\/2018\/05\/beitragsbild_screenshot-video-goethe-goes-global.jpg","datePublished":"2018-05-23T13:02:27+00:00","dateModified":"2023-02-22T19:11:24+00:00","breadcrumb":{"@id":"https:\/\/aktuelles.uni-frankfurt.de\/studium\/goethe-goes-global-goethe-universitaet-erweitert-bewerberkreis-fuer-internationale-master-stipendien\/#breadcrumb"},"inLanguage":"en-GB","potentialAction":[{"@type":"ReadAction","target":["https:\/\/aktuelles.uni-frankfurt.de\/studium\/goethe-goes-global-goethe-universitaet-erweitert-bewerberkreis-fuer-internationale-master-stipendien\/"]}]},{"@type":"ImageObject","inLanguage":"en-GB","@id":"https:\/\/aktuelles.uni-frankfurt.de\/studium\/goethe-goes-global-goethe-universitaet-erweitert-bewerberkreis-fuer-internationale-master-stipendien\/#primaryimage","url":"https:\/\/aktuelles.uni-frankfurt.de\/wp-content\/uploads\/2018\/05\/beitragsbild_screenshot-video-goethe-goes-global.jpg","contentUrl":"https:\/\/aktuelles.uni-frankfurt.de\/wp-content\/uploads\/2018\/05\/beitragsbild_screenshot-video-goethe-goes-global.jpg","width":650,"height":450},{"@type":"BreadcrumbList","@id":"https:\/\/aktuelles.uni-frankfurt.de\/studium\/goethe-goes-global-goethe-universitaet-erweitert-bewerberkreis-fuer-internationale-master-stipendien\/#breadcrumb","itemListElement":[{"@type":"ListItem","position":1,"name":"Startseite","item":"https:\/\/aktuelles.uni-frankfurt.de\/"},{"@type":"ListItem","position":2,"name":"\u201eGoethe goes global\u201c: Goethe-Universit\u00e4t erweitert Bewerberkreis f\u00fcr internationale Master-Stipendien"}]},{"@type":"WebSite","@id":"https:\/\/aktuelles.uni-frankfurt.de\/#website","url":"https:\/\/aktuelles.uni-frankfurt.de\/","name":"Aktuelles aus der Goethe-Universit\u00e4t Frankfurt","description":"Aktuelles aus der Goethe-Universit\u00e4t | Neues aus Forschung, Lehre, Studium","publisher":{"@id":"https:\/\/aktuelles.uni-frankfurt.de\/#organization"},"potentialAction":[{"@type":"SearchAction","target":{"@type":"EntryPoint","urlTemplate":"https:\/\/aktuelles.uni-frankfurt.de\/?s={search_term_string}"},"query-input":{"@type":"PropertyValueSpecification","valueRequired":true,"valueName":"search_term_string"}}],"inLanguage":"en-GB"},{"@type":"Organization","@id":"https:\/\/aktuelles.uni-frankfurt.de\/#organization","name":"Goethe University Frankfurt","url":"https:\/\/aktuelles.uni-frankfurt.de\/","logo":{"@type":"ImageObject","inLanguage":"en-GB","@id":"https:\/\/aktuelles.uni-frankfurt.de\/#\/schema\/logo\/image\/","url":"https:\/\/aktuelles.uni-frankfurt.de\/wp-content\/uploads\/2022\/03\/800px-Goethe-Logo.png","contentUrl":"https:\/\/aktuelles.uni-frankfurt.de\/wp-content\/uploads\/2022\/03\/800px-Goethe-Logo.png","width":800,"height":436,"caption":"Goethe-Universit\u00e4t"},"image":{"@id":"https:\/\/aktuelles.uni-frankfurt.de\/#\/schema\/logo\/image\/"}},{"@type":"Person","@id":"https:\/\/aktuelles.uni-frankfurt.de\/#\/schema\/person\/8e55ea338fb65d1ce87a91565d1f1739","name":"-","description":"Dieser Beitrag wurde von der Online-Redaktion ver\u00f6ffentlicht. Wenn der Beitrag von einem Gastautoren verfasst wurde, findet sich dieser Hinweis am Ende des jeweiligen Artikels.","sameAs":["http:\/\/aktuelles.uni-frankfurt.de\/autoren"],"url":"https:\/\/aktuelles.uni-frankfurt.de\/en\/author\/redaktion\/"}]}},"_links":{"self":[{"href":"https:\/\/aktuelles.uni-frankfurt.de\/en\/wp-json\/wp\/v2\/posts\/29025","targetHints":{"allow":["GET"]}}],"collection":[{"href":"https:\/\/aktuelles.uni-frankfurt.de\/en\/wp-json\/wp\/v2\/posts"}],"about":[{"href":"https:\/\/aktuelles.uni-frankfurt.de\/en\/wp-json\/wp\/v2\/types\/post"}],"author":[{"embeddable":true,"href":"https:\/\/aktuelles.uni-frankfurt.de\/en\/wp-json\/wp\/v2\/users\/8"}],"replies":[{"embeddable":true,"href":"https:\/\/aktuelles.uni-frankfurt.de\/en\/wp-json\/wp\/v2\/comments?post=29025"}],"version-history":[{"count":0,"href":"https:\/\/aktuelles.uni-frankfurt.de\/en\/wp-json\/wp\/v2\/posts\/29025\/revisions"}],"wp:featuredmedia":[{"embeddable":true,"href":"https:\/\/aktuelles.uni-frankfurt.de\/en\/wp-json\/wp\/v2\/media\/29033"}],"wp:attachment":[{"href":"https:\/\/aktuelles.uni-frankfurt.de\/en\/wp-json\/wp\/v2\/media?parent=29025"}],"wp:term":[{"taxonomy":"category","embeddable":true,"href":"https:\/\/aktuelles.uni-frankfurt.de\/en\/wp-json\/wp\/v2\/categories?post=29025"},{"taxonomy":"post_tag","embeddable":true,"href":"https:\/\/aktuelles.uni-frankfurt.de\/en\/wp-json\/wp\/v2\/tags?post=29025"},{"taxonomy":"post_folder","embeddable":true,"href":"https:\/\/aktuelles.uni-frankfurt.de\/en\/wp-json\/wp\/v2\/post_folder?post=29025"}],"curies":[{"name":"wp","href":"https:\/\/api.w.org\/{rel}","templated":true}]}}