{"id":30725,"date":"2018-08-13T13:52:34","date_gmt":"2018-08-13T11:52:34","guid":{"rendered":"https:\/\/aktuelles.uni-frankfurt.de\/?p=30725"},"modified":"2018-08-13T14:07:11","modified_gmt":"2018-08-13T12:07:11","slug":"information-des-praesidiums","status":"publish","type":"post","link":"https:\/\/aktuelles.uni-frankfurt.de\/en\/aktuelles\/information-des-praesidiums\/","title":{"rendered":"Information des Pr\u00e4sidiums"},"content":{"rendered":"<p>Liebe Universit\u00e4tsangeh\u00f6rige, sehr geehrte Damen und Herren,<\/p>\n<p>die Goethe-Universit\u00e4t unternimmt seit einem halben Jahr erhebliche zus\u00e4tzliche Anstrengungen, um F\u00e4llen sexualisierter Bel\u00e4stigung und sexueller Gewalt auf dem Campus vorzubeugen. Leider k\u00f6nnen sie nicht v\u00f6llig verhindert werden. Betroffene werden daher ermutigt, \u00dcbergriffe den zust\u00e4ndigen universit\u00e4ren Stellen zu melden bzw. polizeilich zur Anzeige zu bringen.<\/p>\n<p>Nach einem erneuten Fall mit dem Anfangsverdacht einer sexuellen Bel\u00e4stigung auf dem Campus Westend (die Polizei ermittelt in dieser Sache von Amts wegen) m\u00f6chten wir Sie heute bitten, diesem Thema in der Universit\u00e4t wie auch in Ihrem pers\u00f6nlichen Umfeld weiterhin Beachtung zu schenken.<\/p>\n<p>Gleichzeitig machen wir Sie auf die bereits bestehenden inner- und au\u00dferuniversit\u00e4ren Angebote mit erfahrenen Expertinnen und Experten aufmerksam:<\/p>\n<p>So ist der Sicherheitsdienst insbesondere nachts auf dem Campus Westend und dem Campus Riedberg pr\u00e4sent, seit einiger Zeit auch verst\u00e4rkt innerhalb der Geb\u00e4ude. Im Fall einer unmittelbaren Bedrohungssituation rufen Sie bitte direkt den Polizeinotruf 110.<\/p>\n<p>Dar\u00fcber hinaus k\u00f6nnen Sie innerhalb des Campusgel\u00e4ndes unseren Personenbegleitservice anfordern, um sich sicher zu Geb\u00e4uden, Fahrzeugen oder einem der Ausg\u00e4nge begleiten zu lassen. Dieser Service ist 24-Std.\/7 Tage die Woche an der Pforte des IG-Farben-Hauses unter der Nummer 069\/798-32250 zu erreichen. (Bitte mindestens eine Stunde vorab anmelden). Auf dem Campus Riedberg steht ebenfalls ein Personenbegleitservice zur Verf\u00fcgung (069\/798- 32250). Ansprechpartner am Campus Bockenheim und am Sportcampus Ginnheim sind die Pforten bzw. der Ordnungsdienst (Bockenheim, 798-23201; Ginnheim: 798-24513).<\/p>\n<p>Sollten Sie regelm\u00e4\u00dfig abends Wege auf dem Campus nutzen, empfiehlt es sich generell, diese Nummern im Handy zu speichern. Weitere Informationen enth\u00e4lt der Faltplan \u201eSicher \u00fcber den Campus\u201c (Download unter <a href=\"http:\/\/tinygu.de\/sicherueberdencampus\" target=\"_blank\" rel=\"noopener\">http:\/\/tinygu.de\/sicherueberdencampus<\/a>) .<\/p>\n<p>Besonders in den Abend- und Nachtstunden empfiehlt es sich auf dem Campusgel\u00e4nde die Hauptwege zu benutzen, die st\u00e4rker ausgeleuchtet sind als die Nebenwege. Auch in Gruppen sind Sie grunds\u00e4tzlich sicherer unterwegs. Sollten Sie dennoch von Bel\u00e4stigungen oder \u00dcbergriffen betroffen sein, bitten und ermutigen wir Sie, entsprechende Vorf\u00e4lle zu melden und Unterst\u00fctzung in Anspruch zu nehmen.<\/p>\n<p>Kontaktadressen finden Sie in der \u00dcbersicht \u201eBeratungs- und Unterst\u00fctzungsangebote\u201c unter <a href=\"http:\/\/tinygu.de\/beratungsstellen\" target=\"_blank\" rel=\"noopener\">http:\/\/tinygu.de\/beratungsstellen<\/a> sowie <a href=\"http:\/\/www.uni-frankfurt.de\/70360460\/sexualisierte_belaestigung-und-gewalt\" target=\"_blank\" rel=\"noopener\">auf dieser Informationsseite<\/a> zum Thema Sexualisierte Bel\u00e4stigung und Gewalt.<\/p>\n<p>Zus\u00e4tzlich wird die Goethe-Universit\u00e4t ihre Pr\u00e4ventionsarbeit weiter verst\u00e4rken. So soll zum Start des kommenden Wintersemesters eine Plakat- und Flyerkampagne initiiert werden, die unter dem Motto \u201eHinsehen! Helfen! Melden!\u201c campusweit f\u00fcr dieses Thema noch st\u00e4rker sensibilisiert, aber auch Hilfestellungen gibt, wie Betroffene nach solchen Vorf\u00e4llen konkret vorgehen k\u00f6nnen.<\/p>\n<p>An der Goethe-Universit\u00e4t gibt es insgesamt 55.000 Menschen \u2013 Studierende und Besch\u00e4ftigte. Das ist die Gr\u00f6\u00dfe einer mittleren Stadt. Sie ist ein t\u00e4glich von zehntausenden Menschen frequentierter, \u00f6ffentlicher Ort. Wie an jeder anderen Institution dieser Gr\u00f6\u00dfe, kann es trotz bester Vorkehrungen auch in Zukunft nie v\u00f6llig ausgeschlossen werden, dass weitere F\u00e4lle auftreten. Umso wichtiger ist daher neben den beschriebenen Ma\u00dfnahmen die pers\u00f6nliche Aufmerksamkeit jedes einzelnen von uns. Helfen Sie bitte dabei mit.<\/p>\n<p>Mit freundlichen Gr\u00fc\u00dfen<\/p>\n<p>Prof. Rolf van Dick<br \/>\nVizepr\u00e4sident<\/p>","protected":false},"excerpt":{"rendered":"<p>Liebe Universit\u00e4tsangeh\u00f6rige, sehr geehrte Damen und Herren, die Goethe-Universit\u00e4t unternimmt seit einem halben Jahr erhebliche zus\u00e4tzliche Anstrengungen, um F\u00e4llen sexualisierter Bel\u00e4stigung und sexueller Gewalt auf dem Campus vorzubeugen. Leider k\u00f6nnen [&hellip;]<\/p>\n","protected":false},"author":8,"featured_media":0,"comment_status":"closed","ping_status":"closed","sticky":false,"template":"","format":"standard","meta":{"_eb_attr":"","_price":"","_stock":"","_tribe_ticket_header":"","_tribe_default_ticket_provider":"","_ticket_start_date":"","_ticket_end_date":"","_tribe_ticket_show_description":"","_tribe_ticket_show_not_going":false,"_tribe_ticket_use_global_stock":"","_tribe_ticket_global_stock_level":"","_global_stock_mode":"","_global_stock_cap":"","_tribe_rsvp_for_event":"","_tribe_ticket_going_count":"","_tribe_ticket_not_going_count":"","_tribe_tickets_list":"[]","_tribe_ticket_has_attendee_info_fields":false,"footnotes":""},"categories":[39],"tags":[],"post_folder":[],"class_list":["post-30725","post","type-post","status-publish","format-standard","hentry","category-aktuelles"],"yoast_head":"<!-- This site is optimized with the Yoast SEO plugin v27.5 - https:\/\/yoast.com\/product\/yoast-seo-wordpress\/ -->\n<title>Information des Pr\u00e4sidiums | Aktuelles aus der Goethe-Universit\u00e4t Frankfurt<\/title>\n<meta name=\"robots\" content=\"index, follow, max-snippet:-1, max-image-preview:large, max-video-preview:-1\" \/>\n<link rel=\"canonical\" href=\"https:\/\/aktuelles.uni-frankfurt.de\/en\/aktuelles\/information-des-praesidiums\/\" \/>\n<meta property=\"og:locale\" content=\"en_GB\" \/>\n<meta property=\"og:type\" content=\"article\" \/>\n<meta property=\"og:title\" content=\"Information des Pr\u00e4sidiums | Aktuelles aus der Goethe-Universit\u00e4t Frankfurt\" \/>\n<meta property=\"og:description\" content=\"Liebe Universit\u00e4tsangeh\u00f6rige, sehr geehrte Damen und Herren, die Goethe-Universit\u00e4t unternimmt seit einem halben Jahr erhebliche zus\u00e4tzliche Anstrengungen, um F\u00e4llen sexualisierter Bel\u00e4stigung und sexueller Gewalt auf dem Campus vorzubeugen. Leider k\u00f6nnen [&hellip;]\" \/>\n<meta property=\"og:url\" content=\"https:\/\/aktuelles.uni-frankfurt.de\/en\/aktuelles\/information-des-praesidiums\/\" \/>\n<meta property=\"og:site_name\" content=\"Aktuelles aus der Goethe-Universit\u00e4t Frankfurt\" \/>\n<meta property=\"article:published_time\" content=\"2018-08-13T11:52:34+00:00\" \/>\n<meta property=\"article:modified_time\" content=\"2018-08-13T12:07:11+00:00\" \/>\n<meta name=\"author\" content=\"-\" \/>\n<meta name=\"twitter:card\" content=\"summary_large_image\" \/>\n<meta name=\"twitter:label1\" content=\"Written by\" \/>\n\t<meta name=\"twitter:data1\" content=\"-\" \/>\n\t<meta name=\"twitter:label2\" content=\"Estimated reading time\" \/>\n\t<meta name=\"twitter:data2\" content=\"3 minutes\" \/>\n<script type=\"application\/ld+json\" class=\"yoast-schema-graph\">{\"@context\":\"https:\\\/\\\/schema.org\",\"@graph\":[{\"@type\":\"Article\",\"@id\":\"https:\\\/\\\/aktuelles.uni-frankfurt.de\\\/aktuelles\\\/information-des-praesidiums\\\/#article\",\"isPartOf\":{\"@id\":\"https:\\\/\\\/aktuelles.uni-frankfurt.de\\\/aktuelles\\\/information-des-praesidiums\\\/\"},\"author\":{\"name\":\"-\",\"@id\":\"https:\\\/\\\/aktuelles.uni-frankfurt.de\\\/#\\\/schema\\\/person\\\/8e55ea338fb65d1ce87a91565d1f1739\"},\"headline\":\"Information des Pr\u00e4sidiums\",\"datePublished\":\"2018-08-13T11:52:34+00:00\",\"dateModified\":\"2018-08-13T12:07:11+00:00\",\"mainEntityOfPage\":{\"@id\":\"https:\\\/\\\/aktuelles.uni-frankfurt.de\\\/aktuelles\\\/information-des-praesidiums\\\/\"},\"wordCount\":519,\"publisher\":{\"@id\":\"https:\\\/\\\/aktuelles.uni-frankfurt.de\\\/#organization\"},\"articleSection\":[\"Kurz gemeldet\"],\"inLanguage\":\"en-GB\"},{\"@type\":\"WebPage\",\"@id\":\"https:\\\/\\\/aktuelles.uni-frankfurt.de\\\/aktuelles\\\/information-des-praesidiums\\\/\",\"url\":\"https:\\\/\\\/aktuelles.uni-frankfurt.de\\\/aktuelles\\\/information-des-praesidiums\\\/\",\"name\":\"Information des Pr\u00e4sidiums | Aktuelles aus der Goethe-Universit\u00e4t Frankfurt\",\"isPartOf\":{\"@id\":\"https:\\\/\\\/aktuelles.uni-frankfurt.de\\\/#website\"},\"datePublished\":\"2018-08-13T11:52:34+00:00\",\"dateModified\":\"2018-08-13T12:07:11+00:00\",\"breadcrumb\":{\"@id\":\"https:\\\/\\\/aktuelles.uni-frankfurt.de\\\/aktuelles\\\/information-des-praesidiums\\\/#breadcrumb\"},\"inLanguage\":\"en-GB\",\"potentialAction\":[{\"@type\":\"ReadAction\",\"target\":[\"https:\\\/\\\/aktuelles.uni-frankfurt.de\\\/aktuelles\\\/information-des-praesidiums\\\/\"]}]},{\"@type\":\"BreadcrumbList\",\"@id\":\"https:\\\/\\\/aktuelles.uni-frankfurt.de\\\/aktuelles\\\/information-des-praesidiums\\\/#breadcrumb\",\"itemListElement\":[{\"@type\":\"ListItem\",\"position\":1,\"name\":\"Startseite\",\"item\":\"https:\\\/\\\/aktuelles.uni-frankfurt.de\\\/\"},{\"@type\":\"ListItem\",\"position\":2,\"name\":\"Information des Pr\u00e4sidiums\"}]},{\"@type\":\"WebSite\",\"@id\":\"https:\\\/\\\/aktuelles.uni-frankfurt.de\\\/#website\",\"url\":\"https:\\\/\\\/aktuelles.uni-frankfurt.de\\\/\",\"name\":\"Aktuelles aus der Goethe-Universit\u00e4t Frankfurt\",\"description\":\"Aktuelles aus der Goethe-Universit\u00e4t | Neues aus Forschung, Lehre, Studium\",\"publisher\":{\"@id\":\"https:\\\/\\\/aktuelles.uni-frankfurt.de\\\/#organization\"},\"potentialAction\":[{\"@type\":\"SearchAction\",\"target\":{\"@type\":\"EntryPoint\",\"urlTemplate\":\"https:\\\/\\\/aktuelles.uni-frankfurt.de\\\/?s={search_term_string}\"},\"query-input\":{\"@type\":\"PropertyValueSpecification\",\"valueRequired\":true,\"valueName\":\"search_term_string\"}}],\"inLanguage\":\"en-GB\"},{\"@type\":\"Organization\",\"@id\":\"https:\\\/\\\/aktuelles.uni-frankfurt.de\\\/#organization\",\"name\":\"Goethe-Universit\u00e4t\",\"url\":\"https:\\\/\\\/aktuelles.uni-frankfurt.de\\\/\",\"logo\":{\"@type\":\"ImageObject\",\"inLanguage\":\"en-GB\",\"@id\":\"https:\\\/\\\/aktuelles.uni-frankfurt.de\\\/#\\\/schema\\\/logo\\\/image\\\/\",\"url\":\"https:\\\/\\\/aktuelles.uni-frankfurt.de\\\/wp-content\\\/uploads\\\/2022\\\/03\\\/800px-Goethe-Logo.png\",\"contentUrl\":\"https:\\\/\\\/aktuelles.uni-frankfurt.de\\\/wp-content\\\/uploads\\\/2022\\\/03\\\/800px-Goethe-Logo.png\",\"width\":800,\"height\":436,\"caption\":\"Goethe-Universit\u00e4t\"},\"image\":{\"@id\":\"https:\\\/\\\/aktuelles.uni-frankfurt.de\\\/#\\\/schema\\\/logo\\\/image\\\/\"}},{\"@type\":\"Person\",\"@id\":\"https:\\\/\\\/aktuelles.uni-frankfurt.de\\\/#\\\/schema\\\/person\\\/8e55ea338fb65d1ce87a91565d1f1739\",\"name\":\"-\",\"description\":\"Dieser Beitrag wurde von der Online-Redaktion ver\u00f6ffentlicht. Wenn der Beitrag von einem Gastautoren verfasst wurde, findet sich dieser Hinweis am Ende des jeweiligen Artikels.\",\"sameAs\":[\"http:\\\/\\\/aktuelles.uni-frankfurt.de\\\/autoren\"],\"url\":\"https:\\\/\\\/aktuelles.uni-frankfurt.de\\\/en\\\/author\\\/redaktion\\\/\"}]}<\/script>\n<!-- \/ Yoast SEO plugin. -->","yoast_head_json":{"title":"Information des Pr\u00e4sidiums | Aktuelles aus der Goethe-Universit\u00e4t Frankfurt","robots":{"index":"index","follow":"follow","max-snippet":"max-snippet:-1","max-image-preview":"max-image-preview:large","max-video-preview":"max-video-preview:-1"},"canonical":"https:\/\/aktuelles.uni-frankfurt.de\/en\/aktuelles\/information-des-praesidiums\/","og_locale":"en_GB","og_type":"article","og_title":"Information des Pr\u00e4sidiums | Aktuelles aus der Goethe-Universit\u00e4t Frankfurt","og_description":"Liebe Universit\u00e4tsangeh\u00f6rige, sehr geehrte Damen und Herren, die Goethe-Universit\u00e4t unternimmt seit einem halben Jahr erhebliche zus\u00e4tzliche Anstrengungen, um F\u00e4llen sexualisierter Bel\u00e4stigung und sexueller Gewalt auf dem Campus vorzubeugen. Leider k\u00f6nnen [&hellip;]","og_url":"https:\/\/aktuelles.uni-frankfurt.de\/en\/aktuelles\/information-des-praesidiums\/","og_site_name":"Aktuelles aus der Goethe-Universit\u00e4t Frankfurt","article_published_time":"2018-08-13T11:52:34+00:00","article_modified_time":"2018-08-13T12:07:11+00:00","author":"-","twitter_card":"summary_large_image","twitter_misc":{"Written by":"-","Estimated reading time":"3 minutes"},"schema":{"@context":"https:\/\/schema.org","@graph":[{"@type":"Article","@id":"https:\/\/aktuelles.uni-frankfurt.de\/aktuelles\/information-des-praesidiums\/#article","isPartOf":{"@id":"https:\/\/aktuelles.uni-frankfurt.de\/aktuelles\/information-des-praesidiums\/"},"author":{"name":"-","@id":"https:\/\/aktuelles.uni-frankfurt.de\/#\/schema\/person\/8e55ea338fb65d1ce87a91565d1f1739"},"headline":"Information des Pr\u00e4sidiums","datePublished":"2018-08-13T11:52:34+00:00","dateModified":"2018-08-13T12:07:11+00:00","mainEntityOfPage":{"@id":"https:\/\/aktuelles.uni-frankfurt.de\/aktuelles\/information-des-praesidiums\/"},"wordCount":519,"publisher":{"@id":"https:\/\/aktuelles.uni-frankfurt.de\/#organization"},"articleSection":["Kurz gemeldet"],"inLanguage":"en-GB"},{"@type":"WebPage","@id":"https:\/\/aktuelles.uni-frankfurt.de\/aktuelles\/information-des-praesidiums\/","url":"https:\/\/aktuelles.uni-frankfurt.de\/aktuelles\/information-des-praesidiums\/","name":"Information des Pr\u00e4sidiums | Aktuelles aus der Goethe-Universit\u00e4t Frankfurt","isPartOf":{"@id":"https:\/\/aktuelles.uni-frankfurt.de\/#website"},"datePublished":"2018-08-13T11:52:34+00:00","dateModified":"2018-08-13T12:07:11+00:00","breadcrumb":{"@id":"https:\/\/aktuelles.uni-frankfurt.de\/aktuelles\/information-des-praesidiums\/#breadcrumb"},"inLanguage":"en-GB","potentialAction":[{"@type":"ReadAction","target":["https:\/\/aktuelles.uni-frankfurt.de\/aktuelles\/information-des-praesidiums\/"]}]},{"@type":"BreadcrumbList","@id":"https:\/\/aktuelles.uni-frankfurt.de\/aktuelles\/information-des-praesidiums\/#breadcrumb","itemListElement":[{"@type":"ListItem","position":1,"name":"Startseite","item":"https:\/\/aktuelles.uni-frankfurt.de\/"},{"@type":"ListItem","position":2,"name":"Information des Pr\u00e4sidiums"}]},{"@type":"WebSite","@id":"https:\/\/aktuelles.uni-frankfurt.de\/#website","url":"https:\/\/aktuelles.uni-frankfurt.de\/","name":"Aktuelles aus der Goethe-Universit\u00e4t Frankfurt","description":"Aktuelles aus der Goethe-Universit\u00e4t | Neues aus Forschung, Lehre, Studium","publisher":{"@id":"https:\/\/aktuelles.uni-frankfurt.de\/#organization"},"potentialAction":[{"@type":"SearchAction","target":{"@type":"EntryPoint","urlTemplate":"https:\/\/aktuelles.uni-frankfurt.de\/?s={search_term_string}"},"query-input":{"@type":"PropertyValueSpecification","valueRequired":true,"valueName":"search_term_string"}}],"inLanguage":"en-GB"},{"@type":"Organization","@id":"https:\/\/aktuelles.uni-frankfurt.de\/#organization","name":"Goethe University Frankfurt","url":"https:\/\/aktuelles.uni-frankfurt.de\/","logo":{"@type":"ImageObject","inLanguage":"en-GB","@id":"https:\/\/aktuelles.uni-frankfurt.de\/#\/schema\/logo\/image\/","url":"https:\/\/aktuelles.uni-frankfurt.de\/wp-content\/uploads\/2022\/03\/800px-Goethe-Logo.png","contentUrl":"https:\/\/aktuelles.uni-frankfurt.de\/wp-content\/uploads\/2022\/03\/800px-Goethe-Logo.png","width":800,"height":436,"caption":"Goethe-Universit\u00e4t"},"image":{"@id":"https:\/\/aktuelles.uni-frankfurt.de\/#\/schema\/logo\/image\/"}},{"@type":"Person","@id":"https:\/\/aktuelles.uni-frankfurt.de\/#\/schema\/person\/8e55ea338fb65d1ce87a91565d1f1739","name":"-","description":"Dieser Beitrag wurde von der Online-Redaktion ver\u00f6ffentlicht. Wenn der Beitrag von einem Gastautoren verfasst wurde, findet sich dieser Hinweis am Ende des jeweiligen Artikels.","sameAs":["http:\/\/aktuelles.uni-frankfurt.de\/autoren"],"url":"https:\/\/aktuelles.uni-frankfurt.de\/en\/author\/redaktion\/"}]}},"_links":{"self":[{"href":"https:\/\/aktuelles.uni-frankfurt.de\/en\/wp-json\/wp\/v2\/posts\/30725","targetHints":{"allow":["GET"]}}],"collection":[{"href":"https:\/\/aktuelles.uni-frankfurt.de\/en\/wp-json\/wp\/v2\/posts"}],"about":[{"href":"https:\/\/aktuelles.uni-frankfurt.de\/en\/wp-json\/wp\/v2\/types\/post"}],"author":[{"embeddable":true,"href":"https:\/\/aktuelles.uni-frankfurt.de\/en\/wp-json\/wp\/v2\/users\/8"}],"replies":[{"embeddable":true,"href":"https:\/\/aktuelles.uni-frankfurt.de\/en\/wp-json\/wp\/v2\/comments?post=30725"}],"version-history":[{"count":0,"href":"https:\/\/aktuelles.uni-frankfurt.de\/en\/wp-json\/wp\/v2\/posts\/30725\/revisions"}],"wp:attachment":[{"href":"https:\/\/aktuelles.uni-frankfurt.de\/en\/wp-json\/wp\/v2\/media?parent=30725"}],"wp:term":[{"taxonomy":"category","embeddable":true,"href":"https:\/\/aktuelles.uni-frankfurt.de\/en\/wp-json\/wp\/v2\/categories?post=30725"},{"taxonomy":"post_tag","embeddable":true,"href":"https:\/\/aktuelles.uni-frankfurt.de\/en\/wp-json\/wp\/v2\/tags?post=30725"},{"taxonomy":"post_folder","embeddable":true,"href":"https:\/\/aktuelles.uni-frankfurt.de\/en\/wp-json\/wp\/v2\/post_folder?post=30725"}],"curies":[{"name":"wp","href":"https:\/\/api.w.org\/{rel}","templated":true}]}}