{"id":30959,"date":"2018-08-29T11:12:18","date_gmt":"2018-08-29T09:12:18","guid":{"rendered":"https:\/\/aktuelles.uni-frankfurt.de\/?p=30959"},"modified":"2018-09-04T10:40:32","modified_gmt":"2018-09-04T08:40:32","slug":"eine-rentengarantie-bis-2040-geht-zu-lasten-der-juengeren","status":"publish","type":"post","link":"https:\/\/aktuelles.uni-frankfurt.de\/en\/gesellschaft\/eine-rentengarantie-bis-2040-geht-zu-lasten-der-juengeren\/","title":{"rendered":"Eine Rentengarantie bis 2040 geht zu Lasten der J\u00fcngeren"},"content":{"rendered":"<figure id=\"attachment_31206\" aria-describedby=\"caption-attachment-31206\" style=\"width: 400px\" class=\"wp-caption alignleft\"><img fetchpriority=\"high\" decoding=\"async\" class=\"wp-image-31206\" src=\"https:\/\/aktuelles.uni-frankfurt.de\/wp-content\/uploads\/2018\/08\/blog_Ludwig_neu.jpg\" alt=\"\" width=\"400\" height=\"277\" srcset=\"https:\/\/aktuelles.uni-frankfurt.de\/wp-content\/uploads\/2018\/08\/blog_Ludwig_neu.jpg 650w, https:\/\/aktuelles.uni-frankfurt.de\/wp-content\/uploads\/2018\/08\/blog_Ludwig_neu-300x208.jpg 300w\" sizes=\"(max-width: 400px) 100vw, 400px\" \/><figcaption id=\"caption-attachment-31206\" class=\"wp-caption-text\">Prof. Alexander Ludwig<\/figcaption><\/figure>\n<p><strong><em>Alexander Ludwig: Finanzierung einer Rentengarantie nur m\u00f6glich \u00fcber h\u00f6here Steuern, die j\u00fcngere Erwerbst\u00e4tige ungerecht belasten w\u00fcrden.<\/em><\/strong><\/p>\n<p>Der Streit um die Rente geht in die n\u00e4chste Runde: Bundesfinanzminister Olaf Scholz fordert eine Garantie des Rentenniveaus bis 2040: &#8222;Wir werden darauf bestehen, dass die Bundesregierung ein stabiles Rentenniveau auch in den 20er und 30er Jahren gew\u00e4hrleistet und ein plausibles Finanzierungsmodell vorlegt. Das hat f\u00fcr uns hohe Priorit\u00e4t\u201c, sagte er der \u201eBild am Sonntag\u201c. Obendrein droht er der Union, die Rente als Wahlkampfthema zu nutzen: Er hoffe auf einen Konsens in der Gro\u00dfen Koalition, so Scholz. &#8222;Sollte das nicht hinhauen, wird es eben ein Thema der politischen Auseinandersetzung. Dann entscheiden die B\u00fcrgerinnen und B\u00fcrger diese Frage mit ihrem Kreuz auf dem Stimmzettel\u201c, sagte Scholz.<\/p>\n<p>Bisher ist im Koalitionsvertrag vereinbart, das Rentenniveau bis zum Jahr 2025 bei 48 Prozent des Durchschnittslohns zu stabilisieren. Gleichzeitig sollen die Rentenbeitr\u00e4ge bis dahin auf nicht mehr als 20 Prozent des Bruttolohns steigen. Eine Expertenkommission soll Empfehlungen f\u00fcr die Zeit danach ausarbeiten.<\/p>\n<p>Schnell gab es Widerspruch aus der Unionsfraktion: Der stellvertretende Fraktionsvorsitzende Hermann Gr\u00f6he (CDU) lehnte den Vorschlag von Scholz rundheraus ab. &#8222;Mit seiner markig vorgetragenen Vorfestlegung leistet Scholz der gerade erst begonnenen Kommissionsarbeit einen B\u00e4rendienst, ja gef\u00e4hrdet die Grundlagen ihrer Arbeit&#8220;, so Gr\u00f6he gegen\u00fcber der Deutschen Presse-Agentur. &#8222;Das mag dem anhaltenden Umfragetief der SPD geschuldet sein, ist aber unverantwortlich!&#8220;<\/p>\n<p>In der Tat ist die Kritik an den Vorschl\u00e4gen von Scholz zur Fixierung des Rentenniveaus bis 2040 nicht nur nachvollziehbar, sondern sogar voll und ganz gerechtfertigt. Denn wie Scholz die Rentengarantie finanzieren will, dazu \u00e4u\u00dferte er sich bislang nicht. Klar ist: Solche Ma\u00dfnahmen k\u00f6nnen nur \u00fcber h\u00f6here Steuern und damit einer h\u00f6heren und ungerechten Belastung der j\u00fcngeren Erwerbst\u00e4tigen einhergehen. Mit einer ausgewogenen Generationengerechtigkeit hat dies aber nichts zu tun.<\/p>\n<h3>Sachverhalte werden vermischt<\/h3>\n<p>Auch der Deutsche Gewerkschaftsbund (DGB) schaltete sich in die Debatte ein: \u201eDas Rentenniveau bis 2040 zu garantieren und ausk\u00f6mmlich zu finanzieren, ist die richtige Antwort auf die berechtigte Sorge vieler Besch\u00e4ftigter, im Alter nicht \u00fcber die Runden zu kommen. Der DGB fordert dies schon lange\u201c, hie\u00df es in einer Stellungnahme. Hier werden leider wieder einmal Sachverhalte miteinander vermischt: Zum einen hat das Durchschnittsniveau der Rente nichts mit einer etwaigen Altersarmut zu tun, also mit der Frage, ob Rentner \u201e\u00fcber die Runden\u201c kommen. Dies ist vielmehr eine Frage der Umverteilung, etwa durch eine Einf\u00fchrung einer Mindestrente.<\/p>\n<p>Zum anderen verkennt diese Sicht die zus\u00e4tzlichen Alterseink\u00fcnfte, die B\u00fcrgerinnen und B\u00fcrger durch eine h\u00f6here Ersparnisbildung generieren k\u00f6nnen. Au\u00dferdem, und das ist besonders wichtig, blenden die Bef\u00fcrworter einer solchen Rentengarantie die makro\u00f6konomischen Wirkungen komplett aus: Eine h\u00f6here Steuer- und Sozialabgabenbelastung w\u00fcrde die Effizienz der \u00d6konomie beeintr\u00e4chtigen. Wird diese Beeintr\u00e4chtigung zu gro\u00df \u2013 und viele seri\u00f6se Berechnungen weisen genau darauf hin \u2013 wird es in Zukunft allen B\u00fcrgerinnen und B\u00fcrgern in Deutschland weitaus schlechter gehen als heute. Der Vorschlag von Olaf Scholz mag gut gemeint sein. Tats\u00e4chlich geht er aber zu Lasten der heutig Besch\u00e4ftigten, ihrer Kinder und Kindeskinder.<\/p>\n<p><em>Autor: Alexander Ludwig ist Programmdirektor \u201eMacro Finance \u2013 Monetary Policy and Fiscal Stability\u201c am Research Center SAFE.<\/em><\/p>\n<p><em><strong>Quelle: <a href=\"https:\/\/safe-frankfurt.de\/de\/policy-blog\/details\/eine-rentengarantie-bis-2040-geht-zu-lasten-der-juengeren.html\" target=\"_blank\" rel=\"noopener\">SAFE Policy Blog vom 24. August 2018<\/a>\u00a0<\/strong><\/em><\/p>","protected":false},"excerpt":{"rendered":"<p>Alexander Ludwig: Finanzierung einer Rentengarantie nur m\u00f6glich \u00fcber h\u00f6here Steuern, die j\u00fcngere Erwerbst\u00e4tige ungerecht belasten w\u00fcrden. Der Streit um die Rente geht in die n\u00e4chste Runde: Bundesfinanzminister Olaf Scholz fordert [&hellip;]<\/p>\n","protected":false},"author":8,"featured_media":31206,"comment_status":"closed","ping_status":"closed","sticky":false,"template":"","format":"standard","meta":{"_eb_attr":"","_price":"","_stock":"","_tribe_ticket_header":"","_tribe_default_ticket_provider":"","_ticket_start_date":"","_ticket_end_date":"","_tribe_ticket_show_description":"","_tribe_ticket_show_not_going":false,"_tribe_ticket_use_global_stock":"","_tribe_ticket_global_stock_level":"","_global_stock_mode":"","_global_stock_cap":"","_tribe_rsvp_for_event":"","_tribe_ticket_going_count":"","_tribe_ticket_not_going_count":"","_tribe_tickets_list":"[]","_tribe_ticket_has_attendee_info_fields":false,"footnotes":""},"categories":[4],"tags":[22],"post_folder":[],"class_list":["post-30959","post","type-post","status-publish","format-standard","has-post-thumbnail","hentry","category-gesellschaft","tag-wirtschaftswissenschaften"],"yoast_head":"<!-- This site is optimized with the Yoast SEO plugin v27.5 - https:\/\/yoast.com\/product\/yoast-seo-wordpress\/ -->\n<title>Eine Rentengarantie bis 2040 geht zu Lasten der J\u00fcngeren | Aktuelles aus der Goethe-Universit\u00e4t Frankfurt<\/title>\n<meta name=\"robots\" content=\"index, follow, max-snippet:-1, max-image-preview:large, max-video-preview:-1\" \/>\n<link rel=\"canonical\" href=\"https:\/\/aktuelles.uni-frankfurt.de\/en\/gesellschaft\/eine-rentengarantie-bis-2040-geht-zu-lasten-der-juengeren\/\" \/>\n<meta property=\"og:locale\" content=\"en_GB\" \/>\n<meta property=\"og:type\" content=\"article\" \/>\n<meta property=\"og:title\" content=\"Eine Rentengarantie bis 2040 geht zu Lasten der J\u00fcngeren | Aktuelles aus der Goethe-Universit\u00e4t Frankfurt\" \/>\n<meta property=\"og:description\" content=\"Alexander Ludwig: Finanzierung einer Rentengarantie nur m\u00f6glich \u00fcber h\u00f6here Steuern, die j\u00fcngere Erwerbst\u00e4tige ungerecht belasten w\u00fcrden. Der Streit um die Rente geht in die n\u00e4chste Runde: Bundesfinanzminister Olaf Scholz fordert [&hellip;]\" \/>\n<meta property=\"og:url\" content=\"https:\/\/aktuelles.uni-frankfurt.de\/en\/gesellschaft\/eine-rentengarantie-bis-2040-geht-zu-lasten-der-juengeren\/\" \/>\n<meta property=\"og:site_name\" content=\"Aktuelles aus der Goethe-Universit\u00e4t Frankfurt\" \/>\n<meta property=\"article:published_time\" content=\"2018-08-29T09:12:18+00:00\" \/>\n<meta property=\"article:modified_time\" content=\"2018-09-04T08:40:32+00:00\" \/>\n<meta property=\"og:image\" content=\"https:\/\/aktuelles.uni-frankfurt.de\/wp-content\/uploads\/2018\/08\/blog_Ludwig_neu.jpg\" \/>\n\t<meta property=\"og:image:width\" content=\"650\" \/>\n\t<meta property=\"og:image:height\" content=\"450\" \/>\n\t<meta property=\"og:image:type\" content=\"image\/jpeg\" \/>\n<meta name=\"author\" content=\"-\" \/>\n<meta name=\"twitter:card\" content=\"summary_large_image\" \/>\n<meta name=\"twitter:label1\" content=\"Written by\" \/>\n\t<meta name=\"twitter:data1\" content=\"-\" \/>\n\t<meta name=\"twitter:label2\" content=\"Estimated reading time\" \/>\n\t<meta name=\"twitter:data2\" content=\"3 minutes\" \/>\n<script type=\"application\/ld+json\" class=\"yoast-schema-graph\">{\"@context\":\"https:\\\/\\\/schema.org\",\"@graph\":[{\"@type\":\"Article\",\"@id\":\"https:\\\/\\\/aktuelles.uni-frankfurt.de\\\/gesellschaft\\\/eine-rentengarantie-bis-2040-geht-zu-lasten-der-juengeren\\\/#article\",\"isPartOf\":{\"@id\":\"https:\\\/\\\/aktuelles.uni-frankfurt.de\\\/gesellschaft\\\/eine-rentengarantie-bis-2040-geht-zu-lasten-der-juengeren\\\/\"},\"author\":{\"name\":\"-\",\"@id\":\"https:\\\/\\\/aktuelles.uni-frankfurt.de\\\/#\\\/schema\\\/person\\\/8e55ea338fb65d1ce87a91565d1f1739\"},\"headline\":\"Eine Rentengarantie bis 2040 geht zu Lasten der J\u00fcngeren\",\"datePublished\":\"2018-08-29T09:12:18+00:00\",\"dateModified\":\"2018-09-04T08:40:32+00:00\",\"mainEntityOfPage\":{\"@id\":\"https:\\\/\\\/aktuelles.uni-frankfurt.de\\\/gesellschaft\\\/eine-rentengarantie-bis-2040-geht-zu-lasten-der-juengeren\\\/\"},\"wordCount\":567,\"publisher\":{\"@id\":\"https:\\\/\\\/aktuelles.uni-frankfurt.de\\\/#organization\"},\"image\":{\"@id\":\"https:\\\/\\\/aktuelles.uni-frankfurt.de\\\/gesellschaft\\\/eine-rentengarantie-bis-2040-geht-zu-lasten-der-juengeren\\\/#primaryimage\"},\"thumbnailUrl\":\"https:\\\/\\\/aktuelles.uni-frankfurt.de\\\/wp-content\\\/uploads\\\/2018\\\/08\\\/blog_Ludwig_neu.jpg\",\"keywords\":[\"Wirtschaftswissenschaften\"],\"articleSection\":[\"Gesellschaft\"],\"inLanguage\":\"en-GB\"},{\"@type\":\"WebPage\",\"@id\":\"https:\\\/\\\/aktuelles.uni-frankfurt.de\\\/gesellschaft\\\/eine-rentengarantie-bis-2040-geht-zu-lasten-der-juengeren\\\/\",\"url\":\"https:\\\/\\\/aktuelles.uni-frankfurt.de\\\/gesellschaft\\\/eine-rentengarantie-bis-2040-geht-zu-lasten-der-juengeren\\\/\",\"name\":\"Eine Rentengarantie bis 2040 geht zu Lasten der J\u00fcngeren | Aktuelles aus der Goethe-Universit\u00e4t Frankfurt\",\"isPartOf\":{\"@id\":\"https:\\\/\\\/aktuelles.uni-frankfurt.de\\\/#website\"},\"primaryImageOfPage\":{\"@id\":\"https:\\\/\\\/aktuelles.uni-frankfurt.de\\\/gesellschaft\\\/eine-rentengarantie-bis-2040-geht-zu-lasten-der-juengeren\\\/#primaryimage\"},\"image\":{\"@id\":\"https:\\\/\\\/aktuelles.uni-frankfurt.de\\\/gesellschaft\\\/eine-rentengarantie-bis-2040-geht-zu-lasten-der-juengeren\\\/#primaryimage\"},\"thumbnailUrl\":\"https:\\\/\\\/aktuelles.uni-frankfurt.de\\\/wp-content\\\/uploads\\\/2018\\\/08\\\/blog_Ludwig_neu.jpg\",\"datePublished\":\"2018-08-29T09:12:18+00:00\",\"dateModified\":\"2018-09-04T08:40:32+00:00\",\"breadcrumb\":{\"@id\":\"https:\\\/\\\/aktuelles.uni-frankfurt.de\\\/gesellschaft\\\/eine-rentengarantie-bis-2040-geht-zu-lasten-der-juengeren\\\/#breadcrumb\"},\"inLanguage\":\"en-GB\",\"potentialAction\":[{\"@type\":\"ReadAction\",\"target\":[\"https:\\\/\\\/aktuelles.uni-frankfurt.de\\\/gesellschaft\\\/eine-rentengarantie-bis-2040-geht-zu-lasten-der-juengeren\\\/\"]}]},{\"@type\":\"ImageObject\",\"inLanguage\":\"en-GB\",\"@id\":\"https:\\\/\\\/aktuelles.uni-frankfurt.de\\\/gesellschaft\\\/eine-rentengarantie-bis-2040-geht-zu-lasten-der-juengeren\\\/#primaryimage\",\"url\":\"https:\\\/\\\/aktuelles.uni-frankfurt.de\\\/wp-content\\\/uploads\\\/2018\\\/08\\\/blog_Ludwig_neu.jpg\",\"contentUrl\":\"https:\\\/\\\/aktuelles.uni-frankfurt.de\\\/wp-content\\\/uploads\\\/2018\\\/08\\\/blog_Ludwig_neu.jpg\",\"width\":650,\"height\":450,\"caption\":\"Prof. Alexander Ludwig\"},{\"@type\":\"BreadcrumbList\",\"@id\":\"https:\\\/\\\/aktuelles.uni-frankfurt.de\\\/gesellschaft\\\/eine-rentengarantie-bis-2040-geht-zu-lasten-der-juengeren\\\/#breadcrumb\",\"itemListElement\":[{\"@type\":\"ListItem\",\"position\":1,\"name\":\"Startseite\",\"item\":\"https:\\\/\\\/aktuelles.uni-frankfurt.de\\\/\"},{\"@type\":\"ListItem\",\"position\":2,\"name\":\"Eine Rentengarantie bis 2040 geht zu Lasten der J\u00fcngeren\"}]},{\"@type\":\"WebSite\",\"@id\":\"https:\\\/\\\/aktuelles.uni-frankfurt.de\\\/#website\",\"url\":\"https:\\\/\\\/aktuelles.uni-frankfurt.de\\\/\",\"name\":\"Aktuelles aus der Goethe-Universit\u00e4t Frankfurt\",\"description\":\"Aktuelles aus der Goethe-Universit\u00e4t | Neues aus Forschung, Lehre, Studium\",\"publisher\":{\"@id\":\"https:\\\/\\\/aktuelles.uni-frankfurt.de\\\/#organization\"},\"potentialAction\":[{\"@type\":\"SearchAction\",\"target\":{\"@type\":\"EntryPoint\",\"urlTemplate\":\"https:\\\/\\\/aktuelles.uni-frankfurt.de\\\/?s={search_term_string}\"},\"query-input\":{\"@type\":\"PropertyValueSpecification\",\"valueRequired\":true,\"valueName\":\"search_term_string\"}}],\"inLanguage\":\"en-GB\"},{\"@type\":\"Organization\",\"@id\":\"https:\\\/\\\/aktuelles.uni-frankfurt.de\\\/#organization\",\"name\":\"Goethe-Universit\u00e4t\",\"url\":\"https:\\\/\\\/aktuelles.uni-frankfurt.de\\\/\",\"logo\":{\"@type\":\"ImageObject\",\"inLanguage\":\"en-GB\",\"@id\":\"https:\\\/\\\/aktuelles.uni-frankfurt.de\\\/#\\\/schema\\\/logo\\\/image\\\/\",\"url\":\"https:\\\/\\\/aktuelles.uni-frankfurt.de\\\/wp-content\\\/uploads\\\/2022\\\/03\\\/800px-Goethe-Logo.png\",\"contentUrl\":\"https:\\\/\\\/aktuelles.uni-frankfurt.de\\\/wp-content\\\/uploads\\\/2022\\\/03\\\/800px-Goethe-Logo.png\",\"width\":800,\"height\":436,\"caption\":\"Goethe-Universit\u00e4t\"},\"image\":{\"@id\":\"https:\\\/\\\/aktuelles.uni-frankfurt.de\\\/#\\\/schema\\\/logo\\\/image\\\/\"}},{\"@type\":\"Person\",\"@id\":\"https:\\\/\\\/aktuelles.uni-frankfurt.de\\\/#\\\/schema\\\/person\\\/8e55ea338fb65d1ce87a91565d1f1739\",\"name\":\"-\",\"description\":\"Dieser Beitrag wurde von der Online-Redaktion ver\u00f6ffentlicht. Wenn der Beitrag von einem Gastautoren verfasst wurde, findet sich dieser Hinweis am Ende des jeweiligen Artikels.\",\"sameAs\":[\"http:\\\/\\\/aktuelles.uni-frankfurt.de\\\/autoren\"],\"url\":\"https:\\\/\\\/aktuelles.uni-frankfurt.de\\\/en\\\/author\\\/redaktion\\\/\"}]}<\/script>\n<!-- \/ Yoast SEO plugin. -->","yoast_head_json":{"title":"Eine Rentengarantie bis 2040 geht zu Lasten der J\u00fcngeren | Aktuelles aus der Goethe-Universit\u00e4t Frankfurt","robots":{"index":"index","follow":"follow","max-snippet":"max-snippet:-1","max-image-preview":"max-image-preview:large","max-video-preview":"max-video-preview:-1"},"canonical":"https:\/\/aktuelles.uni-frankfurt.de\/en\/gesellschaft\/eine-rentengarantie-bis-2040-geht-zu-lasten-der-juengeren\/","og_locale":"en_GB","og_type":"article","og_title":"Eine Rentengarantie bis 2040 geht zu Lasten der J\u00fcngeren | Aktuelles aus der Goethe-Universit\u00e4t Frankfurt","og_description":"Alexander Ludwig: Finanzierung einer Rentengarantie nur m\u00f6glich \u00fcber h\u00f6here Steuern, die j\u00fcngere Erwerbst\u00e4tige ungerecht belasten w\u00fcrden. Der Streit um die Rente geht in die n\u00e4chste Runde: Bundesfinanzminister Olaf Scholz fordert [&hellip;]","og_url":"https:\/\/aktuelles.uni-frankfurt.de\/en\/gesellschaft\/eine-rentengarantie-bis-2040-geht-zu-lasten-der-juengeren\/","og_site_name":"Aktuelles aus der Goethe-Universit\u00e4t Frankfurt","article_published_time":"2018-08-29T09:12:18+00:00","article_modified_time":"2018-09-04T08:40:32+00:00","og_image":[{"width":650,"height":450,"url":"https:\/\/aktuelles.uni-frankfurt.de\/wp-content\/uploads\/2018\/08\/blog_Ludwig_neu.jpg","type":"image\/jpeg"}],"author":"-","twitter_card":"summary_large_image","twitter_misc":{"Written by":"-","Estimated reading time":"3 minutes"},"schema":{"@context":"https:\/\/schema.org","@graph":[{"@type":"Article","@id":"https:\/\/aktuelles.uni-frankfurt.de\/gesellschaft\/eine-rentengarantie-bis-2040-geht-zu-lasten-der-juengeren\/#article","isPartOf":{"@id":"https:\/\/aktuelles.uni-frankfurt.de\/gesellschaft\/eine-rentengarantie-bis-2040-geht-zu-lasten-der-juengeren\/"},"author":{"name":"-","@id":"https:\/\/aktuelles.uni-frankfurt.de\/#\/schema\/person\/8e55ea338fb65d1ce87a91565d1f1739"},"headline":"Eine Rentengarantie bis 2040 geht zu Lasten der J\u00fcngeren","datePublished":"2018-08-29T09:12:18+00:00","dateModified":"2018-09-04T08:40:32+00:00","mainEntityOfPage":{"@id":"https:\/\/aktuelles.uni-frankfurt.de\/gesellschaft\/eine-rentengarantie-bis-2040-geht-zu-lasten-der-juengeren\/"},"wordCount":567,"publisher":{"@id":"https:\/\/aktuelles.uni-frankfurt.de\/#organization"},"image":{"@id":"https:\/\/aktuelles.uni-frankfurt.de\/gesellschaft\/eine-rentengarantie-bis-2040-geht-zu-lasten-der-juengeren\/#primaryimage"},"thumbnailUrl":"https:\/\/aktuelles.uni-frankfurt.de\/wp-content\/uploads\/2018\/08\/blog_Ludwig_neu.jpg","keywords":["Wirtschaftswissenschaften"],"articleSection":["Gesellschaft"],"inLanguage":"en-GB"},{"@type":"WebPage","@id":"https:\/\/aktuelles.uni-frankfurt.de\/gesellschaft\/eine-rentengarantie-bis-2040-geht-zu-lasten-der-juengeren\/","url":"https:\/\/aktuelles.uni-frankfurt.de\/gesellschaft\/eine-rentengarantie-bis-2040-geht-zu-lasten-der-juengeren\/","name":"Eine Rentengarantie bis 2040 geht zu Lasten der J\u00fcngeren | Aktuelles aus der Goethe-Universit\u00e4t Frankfurt","isPartOf":{"@id":"https:\/\/aktuelles.uni-frankfurt.de\/#website"},"primaryImageOfPage":{"@id":"https:\/\/aktuelles.uni-frankfurt.de\/gesellschaft\/eine-rentengarantie-bis-2040-geht-zu-lasten-der-juengeren\/#primaryimage"},"image":{"@id":"https:\/\/aktuelles.uni-frankfurt.de\/gesellschaft\/eine-rentengarantie-bis-2040-geht-zu-lasten-der-juengeren\/#primaryimage"},"thumbnailUrl":"https:\/\/aktuelles.uni-frankfurt.de\/wp-content\/uploads\/2018\/08\/blog_Ludwig_neu.jpg","datePublished":"2018-08-29T09:12:18+00:00","dateModified":"2018-09-04T08:40:32+00:00","breadcrumb":{"@id":"https:\/\/aktuelles.uni-frankfurt.de\/gesellschaft\/eine-rentengarantie-bis-2040-geht-zu-lasten-der-juengeren\/#breadcrumb"},"inLanguage":"en-GB","potentialAction":[{"@type":"ReadAction","target":["https:\/\/aktuelles.uni-frankfurt.de\/gesellschaft\/eine-rentengarantie-bis-2040-geht-zu-lasten-der-juengeren\/"]}]},{"@type":"ImageObject","inLanguage":"en-GB","@id":"https:\/\/aktuelles.uni-frankfurt.de\/gesellschaft\/eine-rentengarantie-bis-2040-geht-zu-lasten-der-juengeren\/#primaryimage","url":"https:\/\/aktuelles.uni-frankfurt.de\/wp-content\/uploads\/2018\/08\/blog_Ludwig_neu.jpg","contentUrl":"https:\/\/aktuelles.uni-frankfurt.de\/wp-content\/uploads\/2018\/08\/blog_Ludwig_neu.jpg","width":650,"height":450,"caption":"Prof. Alexander Ludwig"},{"@type":"BreadcrumbList","@id":"https:\/\/aktuelles.uni-frankfurt.de\/gesellschaft\/eine-rentengarantie-bis-2040-geht-zu-lasten-der-juengeren\/#breadcrumb","itemListElement":[{"@type":"ListItem","position":1,"name":"Startseite","item":"https:\/\/aktuelles.uni-frankfurt.de\/"},{"@type":"ListItem","position":2,"name":"Eine Rentengarantie bis 2040 geht zu Lasten der J\u00fcngeren"}]},{"@type":"WebSite","@id":"https:\/\/aktuelles.uni-frankfurt.de\/#website","url":"https:\/\/aktuelles.uni-frankfurt.de\/","name":"Aktuelles aus der Goethe-Universit\u00e4t Frankfurt","description":"Aktuelles aus der Goethe-Universit\u00e4t | Neues aus Forschung, Lehre, Studium","publisher":{"@id":"https:\/\/aktuelles.uni-frankfurt.de\/#organization"},"potentialAction":[{"@type":"SearchAction","target":{"@type":"EntryPoint","urlTemplate":"https:\/\/aktuelles.uni-frankfurt.de\/?s={search_term_string}"},"query-input":{"@type":"PropertyValueSpecification","valueRequired":true,"valueName":"search_term_string"}}],"inLanguage":"en-GB"},{"@type":"Organization","@id":"https:\/\/aktuelles.uni-frankfurt.de\/#organization","name":"Goethe University Frankfurt","url":"https:\/\/aktuelles.uni-frankfurt.de\/","logo":{"@type":"ImageObject","inLanguage":"en-GB","@id":"https:\/\/aktuelles.uni-frankfurt.de\/#\/schema\/logo\/image\/","url":"https:\/\/aktuelles.uni-frankfurt.de\/wp-content\/uploads\/2022\/03\/800px-Goethe-Logo.png","contentUrl":"https:\/\/aktuelles.uni-frankfurt.de\/wp-content\/uploads\/2022\/03\/800px-Goethe-Logo.png","width":800,"height":436,"caption":"Goethe-Universit\u00e4t"},"image":{"@id":"https:\/\/aktuelles.uni-frankfurt.de\/#\/schema\/logo\/image\/"}},{"@type":"Person","@id":"https:\/\/aktuelles.uni-frankfurt.de\/#\/schema\/person\/8e55ea338fb65d1ce87a91565d1f1739","name":"-","description":"Dieser Beitrag wurde von der Online-Redaktion ver\u00f6ffentlicht. Wenn der Beitrag von einem Gastautoren verfasst wurde, findet sich dieser Hinweis am Ende des jeweiligen Artikels.","sameAs":["http:\/\/aktuelles.uni-frankfurt.de\/autoren"],"url":"https:\/\/aktuelles.uni-frankfurt.de\/en\/author\/redaktion\/"}]}},"_links":{"self":[{"href":"https:\/\/aktuelles.uni-frankfurt.de\/en\/wp-json\/wp\/v2\/posts\/30959","targetHints":{"allow":["GET"]}}],"collection":[{"href":"https:\/\/aktuelles.uni-frankfurt.de\/en\/wp-json\/wp\/v2\/posts"}],"about":[{"href":"https:\/\/aktuelles.uni-frankfurt.de\/en\/wp-json\/wp\/v2\/types\/post"}],"author":[{"embeddable":true,"href":"https:\/\/aktuelles.uni-frankfurt.de\/en\/wp-json\/wp\/v2\/users\/8"}],"replies":[{"embeddable":true,"href":"https:\/\/aktuelles.uni-frankfurt.de\/en\/wp-json\/wp\/v2\/comments?post=30959"}],"version-history":[{"count":0,"href":"https:\/\/aktuelles.uni-frankfurt.de\/en\/wp-json\/wp\/v2\/posts\/30959\/revisions"}],"wp:featuredmedia":[{"embeddable":true,"href":"https:\/\/aktuelles.uni-frankfurt.de\/en\/wp-json\/wp\/v2\/media\/31206"}],"wp:attachment":[{"href":"https:\/\/aktuelles.uni-frankfurt.de\/en\/wp-json\/wp\/v2\/media?parent=30959"}],"wp:term":[{"taxonomy":"category","embeddable":true,"href":"https:\/\/aktuelles.uni-frankfurt.de\/en\/wp-json\/wp\/v2\/categories?post=30959"},{"taxonomy":"post_tag","embeddable":true,"href":"https:\/\/aktuelles.uni-frankfurt.de\/en\/wp-json\/wp\/v2\/tags?post=30959"},{"taxonomy":"post_folder","embeddable":true,"href":"https:\/\/aktuelles.uni-frankfurt.de\/en\/wp-json\/wp\/v2\/post_folder?post=30959"}],"curies":[{"name":"wp","href":"https:\/\/api.w.org\/{rel}","templated":true}]}}