{"id":30968,"date":"2018-08-29T11:56:31","date_gmt":"2018-08-29T09:56:31","guid":{"rendered":"https:\/\/aktuelles.uni-frankfurt.de\/?p=30968"},"modified":"2018-08-29T16:04:17","modified_gmt":"2018-08-29T14:04:17","slug":"ab-5-9-vortragsreihe-bedrohte-vielfalt-der-artenschwund-und-seine-folgen","status":"publish","type":"post","link":"https:\/\/aktuelles.uni-frankfurt.de\/en\/veranstaltungen\/ab-5-9-vortragsreihe-bedrohte-vielfalt-der-artenschwund-und-seine-folgen\/","title":{"rendered":"Ab 5.9. \/ Vortragsreihe: \u201eBedrohte Vielfalt \u2013 Der Artenschwund und seine Folgen\u201c"},"content":{"rendered":"<p><strong>Ab 5. September startet die neue\u00a0<b>Senckenberg<\/b>-Vortragsreihe \u201eBedrohte Vielfalt \u2013 Der Artenschwund und seine Folgen\u201c. Den Auftakt macht eine Podiumsdiskussion zum Thema<em>\u00a0\u201eVon den 68ern bis zur Klimakanzlerin: Naturbewusstsein und Umweltschutz in Deutschland \u2013 was haben wir erreicht?&#8220;.<\/em><\/strong><\/p>\n<p>Die Vielfalt unseres Planeten ist durch die st\u00e4ndigen Ver\u00e4nderungen unserer Umwelt dauernd im Wandel. Auch heute noch entstehen neue Arten, andere sterben aus. Durch die Eingriffe des Menschen in die \u00d6kosysteme ist dieser Prozess jedoch ins Ungleichgewicht geraten. Die biologische Vielfalt droht weltweit deutlich schneller verloren zu gehen, als es der \u201enormalen\u201c Rate entspricht. Zahlreiche Arten sind stark gef\u00e4hrdet oder bereits unwiederbringlich verschwunden. Was aber Ursachen, Ausma\u00df und Folgen des Verlustes der biologischen Vielfalt anbelangt, bestehen noch erstaunlich gravierende Wissensl\u00fccken. Nicht einmal die Gr\u00f6\u00dfenordnung der vorhandenen Biodiversit\u00e4t auf der Erde ist bekannt. Nur eines ist gewiss: Sie ist unsere Lebensgrundlage!<\/p>\n<p>Die neue Vortragsreihe besch\u00e4ftigt sich mit dem weltweiten R\u00fcckgang der Tier- und Pflanzenarten, seinen Ursachen und m\u00f6glichen L\u00f6sungsans\u00e4tzen. Dabei stehen nicht nur einzelne Artengruppen oder Lebensr\u00e4ume im Fokus, sondern auch gesellschaftliche Hintergr\u00fcnde und globale Zusammenh\u00e4nge.<\/p>\n<p>https:\/\/aktuelles.uni-frankfurt.de\/event\/von-den-68ern-bis-zur-klimakanzlerin-naturbewusstsein-und-umweltschutz-in-deutschland-was-haben-wir-erreicht\/<\/p>\n<p>Zum Auftakt der Reihe diskutiert die SENCKENBERG Gesellschaft f\u00fcr Naturforschung gemeinsam mit der Goethe-Universit\u00e4t und anl\u00e4sslich des aktuellen <a href=\"http:\/\/www.buerger.uni-frankfurt.de\" target=\"_blank\" rel=\"noopener\">B\u00fcrger-Uni<\/a>-Themas, inwieweit der gesellschaftskritische Geist von 1968 f\u00fcr die Entstehung der Umweltbewegung eine zentrale Rolle gespielt hat. In dieser Zeit und den Folgejahren entstand ein \u00f6ffentliches Umweltbewusstsein, der Naturschutz wurde als gesellschaftliches Thema etabliert. Wo haben uns diese Themen seitdem hingebracht, wo stehen wir heute? Wo gibt es echte Erfolge \u2013 etwa bei der Reinhaltung von Luft oder Wasser? Wo konnten kaum Fortschritte erzielt werden (z. B. beim Schutz der Artenvielfalt und Lebensr\u00e4ume)?<\/p>\n<p>Die Veranstaltung findet statt in Kooperation mit der Goethe-Universit\u00e4t Frankfurt im Rahmen ihrer diesj\u00e4hrigen B\u00fcrger-Uni \u201e50 Jahre in Bewegung \u2013 1968 und die Folgen\u201c.\u00a0Medienpartner: Frankfurter Allgemeine Zeitung und hr-iNFO.<\/p>\n<p>[dt_call_to_action content_size=&#8220;small&#8220; background=&#8220;fancy&#8220; line=&#8220;true&#8220; animation=&#8220;fadeIn&#8220;]<\/p>\n<p><strong>Gru\u00dfworte<\/strong><\/p>\n<ul>\n<li>Prof. Dr. Dr. h.c. Volker Mosbrugger (Generaldirektor der Senckenberg Gesellschaft f\u00fcr Naturforschung<\/li>\n<li>Prof. Dr. Birgitta Wolff (Pr\u00e4sidentin der Goethe-Universit\u00e4t Frankfurt)<\/li>\n<\/ul>\n<p><strong>Podiumsg\u00e4ste<\/strong><\/p>\n<ul>\n<li>Prof. Dr. Brigitte Gei\u00dfel, Goethe-Universit\u00e4t<\/li>\n<li>Dr. Monika Griefahn, Mitbegr\u00fcnderin von Greenpeace Deutschland<\/li>\n<li>Ulrich Grober, Autor des Buches \u201eDie Entdeckung der Nachhaltigkeit\u201c<\/li>\n<li>Prof. Dr. Dr. h.c. Volker Mosbrugger, Senckenberg Gesellschaft f\u00fcr Naturforschung<\/li>\n<\/ul>\n<p><strong>Moderation:<\/strong> Stephan H\u00fcbner, hr-iNFO.<\/p>\n<p><strong>Mittwoch, 5. September, 19:15 Uhr<\/strong> (Einlass ab 18:45)<br \/>\n<strong>Ort:<\/strong> H\u00f6rsaal des Arthur-von-Weinberg-Hauses, Robert-Mayer-Stra\u00dfe 2 | 60325 Frankfurt<br \/>\nDer Eintritt ist frei. Eine Anmeldung ist nicht erforderlich.<\/p>\n<p>Alle Informationen zu den weiteren Terminen und Themen: <a href=\"http:\/\/www.senckenberg.de\/BedrohteVielfalt\" target=\"_blank\" rel=\"noopener\">www.senckenberg.de\/BedrohteVielfalt<\/a><\/p>\n<p>[\/dt_call_to_action]<\/p>\n","protected":false},"excerpt":{"rendered":"<p>Ab 5. September startet die neue\u00a0Senckenberg-Vortragsreihe \u201eBedrohte Vielfalt \u2013 Der Artenschwund und seine Folgen\u201c. Den Auftakt macht eine Podiumsdiskussion zum Thema\u00a0\u201eVon den 68ern bis zur Klimakanzlerin: Naturbewusstsein und Umweltschutz in [&hellip;]<\/p>\n","protected":false},"author":8,"featured_media":30911,"comment_status":"closed","ping_status":"closed","sticky":false,"template":"","format":"standard","meta":{"_eb_attr":"","_price":"","_stock":"","_tribe_ticket_header":"","_tribe_default_ticket_provider":"","_ticket_start_date":"","_ticket_end_date":"","_tribe_ticket_show_description":"","_tribe_ticket_show_not_going":false,"_tribe_ticket_use_global_stock":"","_tribe_ticket_global_stock_level":"","_global_stock_mode":"","_global_stock_cap":"","_tribe_rsvp_for_event":"","_tribe_ticket_going_count":"","_tribe_ticket_not_going_count":"","_tribe_tickets_list":"[]","_tribe_ticket_has_attendee_info_fields":false,"footnotes":""},"categories":[12],"tags":[59],"post_folder":[],"class_list":["post-30968","post","type-post","status-publish","format-standard","has-post-thumbnail","hentry","category-veranstaltungen","tag-buerger-universitaet"],"yoast_head":"<!-- This site is optimized with the Yoast SEO plugin v27.5 - https:\/\/yoast.com\/product\/yoast-seo-wordpress\/ -->\n<title>Ab 5.9. \/ Vortragsreihe: \u201eBedrohte Vielfalt \u2013 Der Artenschwund und seine Folgen\u201c | Aktuelles aus der Goethe-Universit\u00e4t Frankfurt<\/title>\n<meta name=\"robots\" content=\"index, follow, max-snippet:-1, max-image-preview:large, max-video-preview:-1\" \/>\n<link rel=\"canonical\" href=\"https:\/\/aktuelles.uni-frankfurt.de\/en\/veranstaltungen\/ab-5-9-vortragsreihe-bedrohte-vielfalt-der-artenschwund-und-seine-folgen\/\" \/>\n<meta property=\"og:locale\" content=\"en_GB\" \/>\n<meta property=\"og:type\" content=\"article\" \/>\n<meta property=\"og:title\" content=\"Ab 5.9. \/ Vortragsreihe: \u201eBedrohte Vielfalt \u2013 Der Artenschwund und seine Folgen\u201c | Aktuelles aus der Goethe-Universit\u00e4t Frankfurt\" \/>\n<meta property=\"og:description\" content=\"Ab 5. September startet die neue\u00a0Senckenberg-Vortragsreihe \u201eBedrohte Vielfalt \u2013 Der Artenschwund und seine Folgen\u201c. Den Auftakt macht eine Podiumsdiskussion zum Thema\u00a0\u201eVon den 68ern bis zur Klimakanzlerin: Naturbewusstsein und Umweltschutz in [&hellip;]\" \/>\n<meta property=\"og:url\" content=\"https:\/\/aktuelles.uni-frankfurt.de\/en\/veranstaltungen\/ab-5-9-vortragsreihe-bedrohte-vielfalt-der-artenschwund-und-seine-folgen\/\" \/>\n<meta property=\"og:site_name\" content=\"Aktuelles aus der Goethe-Universit\u00e4t Frankfurt\" \/>\n<meta property=\"article:published_time\" content=\"2018-08-29T09:56:31+00:00\" \/>\n<meta property=\"article:modified_time\" content=\"2018-08-29T14:04:17+00:00\" \/>\n<meta property=\"og:image\" content=\"https:\/\/aktuelles.uni-frankfurt.de\/wp-content\/uploads\/2018\/08\/kalender_vortragsreihe-bedrohte-artenvielfalt.jpg\" \/>\n\t<meta property=\"og:image:width\" content=\"650\" \/>\n\t<meta property=\"og:image:height\" content=\"450\" \/>\n\t<meta property=\"og:image:type\" content=\"image\/jpeg\" \/>\n<meta name=\"author\" content=\"-\" \/>\n<meta name=\"twitter:card\" content=\"summary_large_image\" \/>\n<meta name=\"twitter:label1\" content=\"Written by\" \/>\n\t<meta name=\"twitter:data1\" content=\"-\" \/>\n\t<meta name=\"twitter:label2\" content=\"Estimated reading time\" \/>\n\t<meta name=\"twitter:data2\" content=\"2 minutes\" \/>\n<script type=\"application\/ld+json\" class=\"yoast-schema-graph\">{\"@context\":\"https:\\\/\\\/schema.org\",\"@graph\":[{\"@type\":\"Article\",\"@id\":\"https:\\\/\\\/aktuelles.uni-frankfurt.de\\\/veranstaltungen\\\/ab-5-9-vortragsreihe-bedrohte-vielfalt-der-artenschwund-und-seine-folgen\\\/#article\",\"isPartOf\":{\"@id\":\"https:\\\/\\\/aktuelles.uni-frankfurt.de\\\/veranstaltungen\\\/ab-5-9-vortragsreihe-bedrohte-vielfalt-der-artenschwund-und-seine-folgen\\\/\"},\"author\":{\"name\":\"-\",\"@id\":\"https:\\\/\\\/aktuelles.uni-frankfurt.de\\\/#\\\/schema\\\/person\\\/8e55ea338fb65d1ce87a91565d1f1739\"},\"headline\":\"Ab 5.9. \\\/ Vortragsreihe: \u201eBedrohte Vielfalt \u2013 Der Artenschwund und seine Folgen\u201c\",\"datePublished\":\"2018-08-29T09:56:31+00:00\",\"dateModified\":\"2018-08-29T14:04:17+00:00\",\"mainEntityOfPage\":{\"@id\":\"https:\\\/\\\/aktuelles.uni-frankfurt.de\\\/veranstaltungen\\\/ab-5-9-vortragsreihe-bedrohte-vielfalt-der-artenschwund-und-seine-folgen\\\/\"},\"wordCount\":445,\"publisher\":{\"@id\":\"https:\\\/\\\/aktuelles.uni-frankfurt.de\\\/#organization\"},\"image\":{\"@id\":\"https:\\\/\\\/aktuelles.uni-frankfurt.de\\\/veranstaltungen\\\/ab-5-9-vortragsreihe-bedrohte-vielfalt-der-artenschwund-und-seine-folgen\\\/#primaryimage\"},\"thumbnailUrl\":\"https:\\\/\\\/aktuelles.uni-frankfurt.de\\\/wp-content\\\/uploads\\\/2018\\\/08\\\/kalender_vortragsreihe-bedrohte-artenvielfalt.jpg\",\"keywords\":[\"B\u00fcrger-Universit\u00e4t\"],\"articleSection\":[\"Veranstaltungen\"],\"inLanguage\":\"en-GB\"},{\"@type\":\"WebPage\",\"@id\":\"https:\\\/\\\/aktuelles.uni-frankfurt.de\\\/veranstaltungen\\\/ab-5-9-vortragsreihe-bedrohte-vielfalt-der-artenschwund-und-seine-folgen\\\/\",\"url\":\"https:\\\/\\\/aktuelles.uni-frankfurt.de\\\/veranstaltungen\\\/ab-5-9-vortragsreihe-bedrohte-vielfalt-der-artenschwund-und-seine-folgen\\\/\",\"name\":\"Ab 5.9. \\\/ Vortragsreihe: \u201eBedrohte Vielfalt \u2013 Der Artenschwund und seine Folgen\u201c | Aktuelles aus der Goethe-Universit\u00e4t Frankfurt\",\"isPartOf\":{\"@id\":\"https:\\\/\\\/aktuelles.uni-frankfurt.de\\\/#website\"},\"primaryImageOfPage\":{\"@id\":\"https:\\\/\\\/aktuelles.uni-frankfurt.de\\\/veranstaltungen\\\/ab-5-9-vortragsreihe-bedrohte-vielfalt-der-artenschwund-und-seine-folgen\\\/#primaryimage\"},\"image\":{\"@id\":\"https:\\\/\\\/aktuelles.uni-frankfurt.de\\\/veranstaltungen\\\/ab-5-9-vortragsreihe-bedrohte-vielfalt-der-artenschwund-und-seine-folgen\\\/#primaryimage\"},\"thumbnailUrl\":\"https:\\\/\\\/aktuelles.uni-frankfurt.de\\\/wp-content\\\/uploads\\\/2018\\\/08\\\/kalender_vortragsreihe-bedrohte-artenvielfalt.jpg\",\"datePublished\":\"2018-08-29T09:56:31+00:00\",\"dateModified\":\"2018-08-29T14:04:17+00:00\",\"breadcrumb\":{\"@id\":\"https:\\\/\\\/aktuelles.uni-frankfurt.de\\\/veranstaltungen\\\/ab-5-9-vortragsreihe-bedrohte-vielfalt-der-artenschwund-und-seine-folgen\\\/#breadcrumb\"},\"inLanguage\":\"en-GB\",\"potentialAction\":[{\"@type\":\"ReadAction\",\"target\":[\"https:\\\/\\\/aktuelles.uni-frankfurt.de\\\/veranstaltungen\\\/ab-5-9-vortragsreihe-bedrohte-vielfalt-der-artenschwund-und-seine-folgen\\\/\"]}]},{\"@type\":\"ImageObject\",\"inLanguage\":\"en-GB\",\"@id\":\"https:\\\/\\\/aktuelles.uni-frankfurt.de\\\/veranstaltungen\\\/ab-5-9-vortragsreihe-bedrohte-vielfalt-der-artenschwund-und-seine-folgen\\\/#primaryimage\",\"url\":\"https:\\\/\\\/aktuelles.uni-frankfurt.de\\\/wp-content\\\/uploads\\\/2018\\\/08\\\/kalender_vortragsreihe-bedrohte-artenvielfalt.jpg\",\"contentUrl\":\"https:\\\/\\\/aktuelles.uni-frankfurt.de\\\/wp-content\\\/uploads\\\/2018\\\/08\\\/kalender_vortragsreihe-bedrohte-artenvielfalt.jpg\",\"width\":650,\"height\":450},{\"@type\":\"BreadcrumbList\",\"@id\":\"https:\\\/\\\/aktuelles.uni-frankfurt.de\\\/veranstaltungen\\\/ab-5-9-vortragsreihe-bedrohte-vielfalt-der-artenschwund-und-seine-folgen\\\/#breadcrumb\",\"itemListElement\":[{\"@type\":\"ListItem\",\"position\":1,\"name\":\"Startseite\",\"item\":\"https:\\\/\\\/aktuelles.uni-frankfurt.de\\\/\"},{\"@type\":\"ListItem\",\"position\":2,\"name\":\"Ab 5.9. \\\/ Vortragsreihe: \u201eBedrohte Vielfalt \u2013 Der Artenschwund und seine Folgen\u201c\"}]},{\"@type\":\"WebSite\",\"@id\":\"https:\\\/\\\/aktuelles.uni-frankfurt.de\\\/#website\",\"url\":\"https:\\\/\\\/aktuelles.uni-frankfurt.de\\\/\",\"name\":\"Aktuelles aus der Goethe-Universit\u00e4t Frankfurt\",\"description\":\"Aktuelles aus der Goethe-Universit\u00e4t | Neues aus Forschung, Lehre, Studium\",\"publisher\":{\"@id\":\"https:\\\/\\\/aktuelles.uni-frankfurt.de\\\/#organization\"},\"potentialAction\":[{\"@type\":\"SearchAction\",\"target\":{\"@type\":\"EntryPoint\",\"urlTemplate\":\"https:\\\/\\\/aktuelles.uni-frankfurt.de\\\/?s={search_term_string}\"},\"query-input\":{\"@type\":\"PropertyValueSpecification\",\"valueRequired\":true,\"valueName\":\"search_term_string\"}}],\"inLanguage\":\"en-GB\"},{\"@type\":\"Organization\",\"@id\":\"https:\\\/\\\/aktuelles.uni-frankfurt.de\\\/#organization\",\"name\":\"Goethe-Universit\u00e4t\",\"url\":\"https:\\\/\\\/aktuelles.uni-frankfurt.de\\\/\",\"logo\":{\"@type\":\"ImageObject\",\"inLanguage\":\"en-GB\",\"@id\":\"https:\\\/\\\/aktuelles.uni-frankfurt.de\\\/#\\\/schema\\\/logo\\\/image\\\/\",\"url\":\"https:\\\/\\\/aktuelles.uni-frankfurt.de\\\/wp-content\\\/uploads\\\/2022\\\/03\\\/800px-Goethe-Logo.png\",\"contentUrl\":\"https:\\\/\\\/aktuelles.uni-frankfurt.de\\\/wp-content\\\/uploads\\\/2022\\\/03\\\/800px-Goethe-Logo.png\",\"width\":800,\"height\":436,\"caption\":\"Goethe-Universit\u00e4t\"},\"image\":{\"@id\":\"https:\\\/\\\/aktuelles.uni-frankfurt.de\\\/#\\\/schema\\\/logo\\\/image\\\/\"}},{\"@type\":\"Person\",\"@id\":\"https:\\\/\\\/aktuelles.uni-frankfurt.de\\\/#\\\/schema\\\/person\\\/8e55ea338fb65d1ce87a91565d1f1739\",\"name\":\"-\",\"description\":\"Dieser Beitrag wurde von der Online-Redaktion ver\u00f6ffentlicht. Wenn der Beitrag von einem Gastautoren verfasst wurde, findet sich dieser Hinweis am Ende des jeweiligen Artikels.\",\"sameAs\":[\"http:\\\/\\\/aktuelles.uni-frankfurt.de\\\/autoren\"],\"url\":\"https:\\\/\\\/aktuelles.uni-frankfurt.de\\\/en\\\/author\\\/redaktion\\\/\"}]}<\/script>\n<!-- \/ Yoast SEO plugin. -->","yoast_head_json":{"title":"Ab 5.9. \/ Vortragsreihe: \u201eBedrohte Vielfalt \u2013 Der Artenschwund und seine Folgen\u201c | Aktuelles aus der Goethe-Universit\u00e4t Frankfurt","robots":{"index":"index","follow":"follow","max-snippet":"max-snippet:-1","max-image-preview":"max-image-preview:large","max-video-preview":"max-video-preview:-1"},"canonical":"https:\/\/aktuelles.uni-frankfurt.de\/en\/veranstaltungen\/ab-5-9-vortragsreihe-bedrohte-vielfalt-der-artenschwund-und-seine-folgen\/","og_locale":"en_GB","og_type":"article","og_title":"Ab 5.9. \/ Vortragsreihe: \u201eBedrohte Vielfalt \u2013 Der Artenschwund und seine Folgen\u201c | Aktuelles aus der Goethe-Universit\u00e4t Frankfurt","og_description":"Ab 5. September startet die neue\u00a0Senckenberg-Vortragsreihe \u201eBedrohte Vielfalt \u2013 Der Artenschwund und seine Folgen\u201c. Den Auftakt macht eine Podiumsdiskussion zum Thema\u00a0\u201eVon den 68ern bis zur Klimakanzlerin: Naturbewusstsein und Umweltschutz in [&hellip;]","og_url":"https:\/\/aktuelles.uni-frankfurt.de\/en\/veranstaltungen\/ab-5-9-vortragsreihe-bedrohte-vielfalt-der-artenschwund-und-seine-folgen\/","og_site_name":"Aktuelles aus der Goethe-Universit\u00e4t Frankfurt","article_published_time":"2018-08-29T09:56:31+00:00","article_modified_time":"2018-08-29T14:04:17+00:00","og_image":[{"width":650,"height":450,"url":"https:\/\/aktuelles.uni-frankfurt.de\/wp-content\/uploads\/2018\/08\/kalender_vortragsreihe-bedrohte-artenvielfalt.jpg","type":"image\/jpeg"}],"author":"-","twitter_card":"summary_large_image","twitter_misc":{"Written by":"-","Estimated reading time":"2 minutes"},"schema":{"@context":"https:\/\/schema.org","@graph":[{"@type":"Article","@id":"https:\/\/aktuelles.uni-frankfurt.de\/veranstaltungen\/ab-5-9-vortragsreihe-bedrohte-vielfalt-der-artenschwund-und-seine-folgen\/#article","isPartOf":{"@id":"https:\/\/aktuelles.uni-frankfurt.de\/veranstaltungen\/ab-5-9-vortragsreihe-bedrohte-vielfalt-der-artenschwund-und-seine-folgen\/"},"author":{"name":"-","@id":"https:\/\/aktuelles.uni-frankfurt.de\/#\/schema\/person\/8e55ea338fb65d1ce87a91565d1f1739"},"headline":"Ab 5.9. \/ Vortragsreihe: \u201eBedrohte Vielfalt \u2013 Der Artenschwund und seine Folgen\u201c","datePublished":"2018-08-29T09:56:31+00:00","dateModified":"2018-08-29T14:04:17+00:00","mainEntityOfPage":{"@id":"https:\/\/aktuelles.uni-frankfurt.de\/veranstaltungen\/ab-5-9-vortragsreihe-bedrohte-vielfalt-der-artenschwund-und-seine-folgen\/"},"wordCount":445,"publisher":{"@id":"https:\/\/aktuelles.uni-frankfurt.de\/#organization"},"image":{"@id":"https:\/\/aktuelles.uni-frankfurt.de\/veranstaltungen\/ab-5-9-vortragsreihe-bedrohte-vielfalt-der-artenschwund-und-seine-folgen\/#primaryimage"},"thumbnailUrl":"https:\/\/aktuelles.uni-frankfurt.de\/wp-content\/uploads\/2018\/08\/kalender_vortragsreihe-bedrohte-artenvielfalt.jpg","keywords":["B\u00fcrger-Universit\u00e4t"],"articleSection":["Veranstaltungen"],"inLanguage":"en-GB"},{"@type":"WebPage","@id":"https:\/\/aktuelles.uni-frankfurt.de\/veranstaltungen\/ab-5-9-vortragsreihe-bedrohte-vielfalt-der-artenschwund-und-seine-folgen\/","url":"https:\/\/aktuelles.uni-frankfurt.de\/veranstaltungen\/ab-5-9-vortragsreihe-bedrohte-vielfalt-der-artenschwund-und-seine-folgen\/","name":"Ab 5.9. \/ Vortragsreihe: \u201eBedrohte Vielfalt \u2013 Der Artenschwund und seine Folgen\u201c | Aktuelles aus der Goethe-Universit\u00e4t Frankfurt","isPartOf":{"@id":"https:\/\/aktuelles.uni-frankfurt.de\/#website"},"primaryImageOfPage":{"@id":"https:\/\/aktuelles.uni-frankfurt.de\/veranstaltungen\/ab-5-9-vortragsreihe-bedrohte-vielfalt-der-artenschwund-und-seine-folgen\/#primaryimage"},"image":{"@id":"https:\/\/aktuelles.uni-frankfurt.de\/veranstaltungen\/ab-5-9-vortragsreihe-bedrohte-vielfalt-der-artenschwund-und-seine-folgen\/#primaryimage"},"thumbnailUrl":"https:\/\/aktuelles.uni-frankfurt.de\/wp-content\/uploads\/2018\/08\/kalender_vortragsreihe-bedrohte-artenvielfalt.jpg","datePublished":"2018-08-29T09:56:31+00:00","dateModified":"2018-08-29T14:04:17+00:00","breadcrumb":{"@id":"https:\/\/aktuelles.uni-frankfurt.de\/veranstaltungen\/ab-5-9-vortragsreihe-bedrohte-vielfalt-der-artenschwund-und-seine-folgen\/#breadcrumb"},"inLanguage":"en-GB","potentialAction":[{"@type":"ReadAction","target":["https:\/\/aktuelles.uni-frankfurt.de\/veranstaltungen\/ab-5-9-vortragsreihe-bedrohte-vielfalt-der-artenschwund-und-seine-folgen\/"]}]},{"@type":"ImageObject","inLanguage":"en-GB","@id":"https:\/\/aktuelles.uni-frankfurt.de\/veranstaltungen\/ab-5-9-vortragsreihe-bedrohte-vielfalt-der-artenschwund-und-seine-folgen\/#primaryimage","url":"https:\/\/aktuelles.uni-frankfurt.de\/wp-content\/uploads\/2018\/08\/kalender_vortragsreihe-bedrohte-artenvielfalt.jpg","contentUrl":"https:\/\/aktuelles.uni-frankfurt.de\/wp-content\/uploads\/2018\/08\/kalender_vortragsreihe-bedrohte-artenvielfalt.jpg","width":650,"height":450},{"@type":"BreadcrumbList","@id":"https:\/\/aktuelles.uni-frankfurt.de\/veranstaltungen\/ab-5-9-vortragsreihe-bedrohte-vielfalt-der-artenschwund-und-seine-folgen\/#breadcrumb","itemListElement":[{"@type":"ListItem","position":1,"name":"Startseite","item":"https:\/\/aktuelles.uni-frankfurt.de\/"},{"@type":"ListItem","position":2,"name":"Ab 5.9. \/ Vortragsreihe: \u201eBedrohte Vielfalt \u2013 Der Artenschwund und seine Folgen\u201c"}]},{"@type":"WebSite","@id":"https:\/\/aktuelles.uni-frankfurt.de\/#website","url":"https:\/\/aktuelles.uni-frankfurt.de\/","name":"Aktuelles aus der Goethe-Universit\u00e4t Frankfurt","description":"Aktuelles aus der Goethe-Universit\u00e4t | Neues aus Forschung, Lehre, Studium","publisher":{"@id":"https:\/\/aktuelles.uni-frankfurt.de\/#organization"},"potentialAction":[{"@type":"SearchAction","target":{"@type":"EntryPoint","urlTemplate":"https:\/\/aktuelles.uni-frankfurt.de\/?s={search_term_string}"},"query-input":{"@type":"PropertyValueSpecification","valueRequired":true,"valueName":"search_term_string"}}],"inLanguage":"en-GB"},{"@type":"Organization","@id":"https:\/\/aktuelles.uni-frankfurt.de\/#organization","name":"Goethe University Frankfurt","url":"https:\/\/aktuelles.uni-frankfurt.de\/","logo":{"@type":"ImageObject","inLanguage":"en-GB","@id":"https:\/\/aktuelles.uni-frankfurt.de\/#\/schema\/logo\/image\/","url":"https:\/\/aktuelles.uni-frankfurt.de\/wp-content\/uploads\/2022\/03\/800px-Goethe-Logo.png","contentUrl":"https:\/\/aktuelles.uni-frankfurt.de\/wp-content\/uploads\/2022\/03\/800px-Goethe-Logo.png","width":800,"height":436,"caption":"Goethe-Universit\u00e4t"},"image":{"@id":"https:\/\/aktuelles.uni-frankfurt.de\/#\/schema\/logo\/image\/"}},{"@type":"Person","@id":"https:\/\/aktuelles.uni-frankfurt.de\/#\/schema\/person\/8e55ea338fb65d1ce87a91565d1f1739","name":"-","description":"Dieser Beitrag wurde von der Online-Redaktion ver\u00f6ffentlicht. Wenn der Beitrag von einem Gastautoren verfasst wurde, findet sich dieser Hinweis am Ende des jeweiligen Artikels.","sameAs":["http:\/\/aktuelles.uni-frankfurt.de\/autoren"],"url":"https:\/\/aktuelles.uni-frankfurt.de\/en\/author\/redaktion\/"}]}},"_links":{"self":[{"href":"https:\/\/aktuelles.uni-frankfurt.de\/en\/wp-json\/wp\/v2\/posts\/30968","targetHints":{"allow":["GET"]}}],"collection":[{"href":"https:\/\/aktuelles.uni-frankfurt.de\/en\/wp-json\/wp\/v2\/posts"}],"about":[{"href":"https:\/\/aktuelles.uni-frankfurt.de\/en\/wp-json\/wp\/v2\/types\/post"}],"author":[{"embeddable":true,"href":"https:\/\/aktuelles.uni-frankfurt.de\/en\/wp-json\/wp\/v2\/users\/8"}],"replies":[{"embeddable":true,"href":"https:\/\/aktuelles.uni-frankfurt.de\/en\/wp-json\/wp\/v2\/comments?post=30968"}],"version-history":[{"count":0,"href":"https:\/\/aktuelles.uni-frankfurt.de\/en\/wp-json\/wp\/v2\/posts\/30968\/revisions"}],"wp:featuredmedia":[{"embeddable":true,"href":"https:\/\/aktuelles.uni-frankfurt.de\/en\/wp-json\/wp\/v2\/media\/30911"}],"wp:attachment":[{"href":"https:\/\/aktuelles.uni-frankfurt.de\/en\/wp-json\/wp\/v2\/media?parent=30968"}],"wp:term":[{"taxonomy":"category","embeddable":true,"href":"https:\/\/aktuelles.uni-frankfurt.de\/en\/wp-json\/wp\/v2\/categories?post=30968"},{"taxonomy":"post_tag","embeddable":true,"href":"https:\/\/aktuelles.uni-frankfurt.de\/en\/wp-json\/wp\/v2\/tags?post=30968"},{"taxonomy":"post_folder","embeddable":true,"href":"https:\/\/aktuelles.uni-frankfurt.de\/en\/wp-json\/wp\/v2\/post_folder?post=30968"}],"curies":[{"name":"wp","href":"https:\/\/api.w.org\/{rel}","templated":true}]}}