{"id":30972,"date":"2018-08-29T12:39:38","date_gmt":"2018-08-29T10:39:38","guid":{"rendered":"https:\/\/aktuelles.uni-frankfurt.de\/?p=30972"},"modified":"2018-08-29T12:40:25","modified_gmt":"2018-08-29T10:40:25","slug":"4-bis-7-september-16-frankfurter-kinder-uni-von-dinosauriern-und-gladiatorenkaempfen","status":"publish","type":"post","link":"https:\/\/aktuelles.uni-frankfurt.de\/en\/veranstaltungen\/4-bis-7-september-16-frankfurter-kinder-uni-von-dinosauriern-und-gladiatorenkaempfen\/","title":{"rendered":"4. bis 7. September \/ 16. Frankfurter Kinder-Uni: Von Dinosauriern und Gladiatorenk\u00e4mpfen"},"content":{"rendered":"<p><img fetchpriority=\"high\" decoding=\"async\" class=\"alignleft wp-image-30977\" src=\"https:\/\/aktuelles.uni-frankfurt.de\/wp-content\/uploads\/2018\/08\/beitrag_plakat-kinder-uni-2018.jpg\" alt=\"\" width=\"400\" height=\"566\" srcset=\"https:\/\/aktuelles.uni-frankfurt.de\/wp-content\/uploads\/2018\/08\/beitrag_plakat-kinder-uni-2018.jpg 650w, https:\/\/aktuelles.uni-frankfurt.de\/wp-content\/uploads\/2018\/08\/beitrag_plakat-kinder-uni-2018-212x300.jpg 212w\" sizes=\"(max-width: 400px) 100vw, 400px\" \/>In der Woche vom 4. bis 7. September l\u00e4dt die Goethe-Universit\u00e4t Kinder im Alter von 8 bis 12 Jahren wieder zur Kinder-Uni auf dem Campus Westend ein. Jeden Tag erkl\u00e4rt ein anderer Wissenschaftler sein Forschungsgebiet auf anschauliche und unterhaltsame Weise. Ziel ist es, auf Wissenschaft neugierig zu machen und Kindern einen Eindruck vom Uni-Leben zu vermitteln.<\/p>\n<p><strong>Das Programm<\/strong><\/p>\n<p>Zum Auftakt der Kinder-Uni am Dienstag (4. September) um 9 Uhr erkl\u00e4rt der Sportsoziologe Prof. Robert Gugutzer in seiner Vorlesung \u201eAuf den Thron gekickt\u201c wie der Fu\u00dfball in Deutschland zu so einem beliebten Sport wurde und warum \u201eK\u00f6nig Fu\u00dfball\u201c bis heute so unangefochten auf seinem Thron sitzt.<\/p>\n<p>Ein Tipp f\u00fcr Dino-Expertinnen und Experten ist die Vorlesung von Dr. Bernd Herkner vom Senckenberg-Museum am Mittwoch (5. September). Es geht darum, wie die Riesen der Urzeit so gro\u00df werden konnten und was das f\u00fcr Schwierigkeiten mit sich brachte \u2013 zum Beispiel, wenn ein schwerer Kopf auf einem langen Hals sitzt. Die Museumsp\u00e4dagogik des Senckenberg-Museums wird am Nachmittag vor und nach der Vorlesung mit einem Experimentiertisch vertreten sein.<\/p>\n<p>Am Donnerstag (6. September) nimmt die Pilzforscherin Prof. Maike Piepenbring die Kinder mit auf eine Fantasiereise nach Hogwarts. Als echter Harry Potter-Fan schl\u00fcpft sie in die Rolle der Lehrerin f\u00fcr \u201emagische Pilzkunde\u201c. Was sie \u00fcber Pilze wie den Hexenring verr\u00e4t, ist aber keineswegs erfunden.<\/p>\n<p>Um die gro\u00dfe Zeit der R\u00f6mer geht es am Freitag (7. September) in der Vorlesung der Arch\u00e4ologin Prof. Anja Kl\u00f6ckner. Sie entf\u00fchrt ihre jungen Zuh\u00f6rerinnen und Zuh\u00f6rer in eine antike Arena. Wie die K\u00e4mpfe im hei\u00dfen Sand abgelaufen sind, stellt die Arch\u00e4ologin mit ihrem studentischen Team originalgetreu nach.<\/p>\n<p>Erstmals in diesem Jahr werden Vertreter des Mathematikums aus Gie\u00dfen im Foyer des H\u00f6rsaalgeb\u00e4udes mathematische Experimente f\u00fcr Kinder anbieten.<br \/>\nOrganisation<\/p>\n<p>Die Organisatorinnen rechnen in diesem Jahr mit mehr als 10.500 Kindern. Die beiden Vormittagsvorlesungen (jeweils 9 Uhr und 11:30 Uhr) sind f\u00fcr Schulklassen reserviert und komplett ausgebucht: Mehr als 380 Klassen aus dem gesamten s\u00fcdhessischen Raum werden an den acht Vormittagsvorlesungen teilnehmen, weitere 250 Klassen konnten leider nicht ber\u00fccksichtigt werden.<\/p>\n<p>Nachmittags um 16 Uhr sind alle Kinder von 8 bis 12 Jahren in Begleitung Erwachsener ohne Anmeldung eingeladen. F\u00fcr Kinder, die keine M\u00f6glichkeit haben, die Kinder-Uni zu besuchen, gibt es einen <a href=\"http:\/\/live.uni-frankfurt.de\" target=\"_blank\" rel=\"noopener\">Live-Stream<\/a>. Die <a href=\"http:\/\/www.rz.uni-frankfurt.de\/68128012\/Kinderuni\" target=\"_blank\" rel=\"noopener\">Aufzeichnungen k\u00f6nnen auch im Nachhinein im Internet<\/a> angeschaut werden, dort finden sich auch Mitschnitte aller Kinder-Uni-Vorlesungen seit 2011.<\/p>\n<p>Nach beiden Vorlesungen k\u00f6nnen die Sch\u00fclerinnen und Sch\u00fcler sich in der Mensa, den Cafeterien des Studentenwerks oder im Caf\u00e9-Bistro \u201eSturm und Drang\u201c im Erdgeschoss des H\u00f6rsaalgeb\u00e4udes st\u00e4rken. In den Betrieben des Studentenwerks bekommen sie gegen Vorlage ihres \u201eStudentenausweises\u201c f\u00fcr 3 Euro ein Kinder-Men\u00fc oder einen Snack und ein Getr\u00e4nk.<\/p>\n<p>Auch in diesem Jahr gibt es zu jeder Vorlesung ein Quiz. Unter den Teilnehmern, die das Richtige angekreuzt haben, werden Buchpreise und andere tolle Gewinne verlost. Auf der Homepage der Kinder-Uni (www.kinderuni.uni-frankfurt.de) sind die Quizfragen und sp\u00e4ter die richtigen Antworten einsehbar. Besonders eifrige Besucher der Kinder-Uni, die an mindestens drei Vorlesungen teilgenommen haben, k\u00f6nnen bei einer weiteren Verlosung mitmachen. Zu gewinnen sind Sach- und H\u00f6rb\u00fccher, verschiedene Freikarten sowie Kinder-Uni-T-Shirts.<\/p>\n<p>Die Frankfurter Dr. Marschner Stiftung unterst\u00fctzt die Frankfurter Kinder-Uni seit 2015. \u201eIch bin davon begeistert, dass es bei der Kinder-Uni gelingt, Frankfurter Sch\u00fclerinnen und Sch\u00fclern aller Bildungsschichten einen ersten Kontakt mit der Universit\u00e4t zu erm\u00f6glichen\u201c, so Peter Gatzemeier, Vorstand der Dr. Marschner Stiftung.<\/p>\n<p>Medienpartner der Frankfurter Kinder-Uni sind auch in diesem Jahr die Frankfurter Rundschau, die t\u00e4glich \u00fcber die Veranstaltungen berichten wird, und das Magazin GEOlino, das redaktionell auf die Kinder-Uni aufmerksam macht.<\/p>\n<p>[dt_call_to_action content_size=&#8220;small&#8220; background=&#8220;fancy&#8220; line=&#8220;true&#8220; style=&#8220;1&#8243; animation=&#8220;fadeIn&#8220;]<\/p>\n<p><strong>Informationen:<\/strong> Dr. Anke Sauter und Dr. Anne Hardy, Referentinnen f\u00fcr Wissenschaftskommunikation, Campus Westend, Tel: (069) 798-13066 und 798- 12498; <a href=\"mailto:kinderuni@vdv.uni-frankfurt.de\">kinderuni@vdv.uni-frankfurt.de<\/a> | <a href=\"http:\/\/www.kinderuni.uni-frankfurt.de\/34831485\/kinder-uni?legacy_request=1\" target=\"_blank\" rel=\"noopener\">www.kinderuni.uni-frankfurt.de<\/a><\/p>\n<p>[\/dt_call_to_action]<\/p>\n","protected":false},"excerpt":{"rendered":"<p>In der Woche vom 4. bis 7. September l\u00e4dt die Goethe-Universit\u00e4t Kinder im Alter von 8 bis 12 Jahren wieder zur Kinder-Uni auf dem Campus Westend ein. Jeden Tag erkl\u00e4rt [&hellip;]<\/p>\n","protected":false},"author":8,"featured_media":30976,"comment_status":"closed","ping_status":"closed","sticky":false,"template":"","format":"standard","meta":{"_eb_attr":"","_price":"","_stock":"","_tribe_ticket_header":"","_tribe_default_ticket_provider":"","_ticket_start_date":"","_ticket_end_date":"","_tribe_ticket_show_description":"","_tribe_ticket_show_not_going":false,"_tribe_ticket_use_global_stock":"","_tribe_ticket_global_stock_level":"","_global_stock_mode":"","_global_stock_cap":"","_tribe_rsvp_for_event":"","_tribe_ticket_going_count":"","_tribe_ticket_not_going_count":"","_tribe_tickets_list":"[]","_tribe_ticket_has_attendee_info_fields":false,"footnotes":""},"categories":[12],"tags":[68],"post_folder":[],"class_list":["post-30972","post","type-post","status-publish","format-standard","has-post-thumbnail","hentry","category-veranstaltungen","tag-kinder-uni"],"yoast_head":"<!-- This site is optimized with the Yoast SEO plugin v27.5 - https:\/\/yoast.com\/product\/yoast-seo-wordpress\/ -->\n<title>4. bis 7. September \/ 16. Frankfurter Kinder-Uni: Von Dinosauriern und Gladiatorenk\u00e4mpfen | Aktuelles aus der Goethe-Universit\u00e4t Frankfurt<\/title>\n<meta name=\"robots\" content=\"index, follow, max-snippet:-1, max-image-preview:large, max-video-preview:-1\" \/>\n<link rel=\"canonical\" href=\"https:\/\/aktuelles.uni-frankfurt.de\/en\/veranstaltungen\/4-bis-7-september-16-frankfurter-kinder-uni-von-dinosauriern-und-gladiatorenkaempfen\/\" \/>\n<meta property=\"og:locale\" content=\"en_GB\" \/>\n<meta property=\"og:type\" content=\"article\" \/>\n<meta property=\"og:title\" content=\"4. bis 7. September \/ 16. Frankfurter Kinder-Uni: Von Dinosauriern und Gladiatorenk\u00e4mpfen | Aktuelles aus der Goethe-Universit\u00e4t Frankfurt\" \/>\n<meta property=\"og:description\" content=\"In der Woche vom 4. bis 7. September l\u00e4dt die Goethe-Universit\u00e4t Kinder im Alter von 8 bis 12 Jahren wieder zur Kinder-Uni auf dem Campus Westend ein. Jeden Tag erkl\u00e4rt [&hellip;]\" \/>\n<meta property=\"og:url\" content=\"https:\/\/aktuelles.uni-frankfurt.de\/en\/veranstaltungen\/4-bis-7-september-16-frankfurter-kinder-uni-von-dinosauriern-und-gladiatorenkaempfen\/\" \/>\n<meta property=\"og:site_name\" content=\"Aktuelles aus der Goethe-Universit\u00e4t Frankfurt\" \/>\n<meta property=\"article:published_time\" content=\"2018-08-29T10:39:38+00:00\" \/>\n<meta property=\"article:modified_time\" content=\"2018-08-29T10:40:25+00:00\" \/>\n<meta property=\"og:image\" content=\"https:\/\/aktuelles.uni-frankfurt.de\/wp-content\/uploads\/2018\/08\/beitragsbild_kinder-uni-2018.jpg\" \/>\n\t<meta property=\"og:image:width\" content=\"650\" \/>\n\t<meta property=\"og:image:height\" content=\"450\" \/>\n\t<meta property=\"og:image:type\" content=\"image\/jpeg\" \/>\n<meta name=\"author\" content=\"-\" \/>\n<meta name=\"twitter:card\" content=\"summary_large_image\" \/>\n<meta name=\"twitter:label1\" content=\"Written by\" \/>\n\t<meta name=\"twitter:data1\" content=\"-\" \/>\n\t<meta name=\"twitter:label2\" content=\"Estimated reading time\" \/>\n\t<meta name=\"twitter:data2\" content=\"3 minutes\" \/>\n<script type=\"application\/ld+json\" class=\"yoast-schema-graph\">{\"@context\":\"https:\\\/\\\/schema.org\",\"@graph\":[{\"@type\":\"Article\",\"@id\":\"https:\\\/\\\/aktuelles.uni-frankfurt.de\\\/veranstaltungen\\\/4-bis-7-september-16-frankfurter-kinder-uni-von-dinosauriern-und-gladiatorenkaempfen\\\/#article\",\"isPartOf\":{\"@id\":\"https:\\\/\\\/aktuelles.uni-frankfurt.de\\\/veranstaltungen\\\/4-bis-7-september-16-frankfurter-kinder-uni-von-dinosauriern-und-gladiatorenkaempfen\\\/\"},\"author\":{\"name\":\"-\",\"@id\":\"https:\\\/\\\/aktuelles.uni-frankfurt.de\\\/#\\\/schema\\\/person\\\/8e55ea338fb65d1ce87a91565d1f1739\"},\"headline\":\"4. bis 7. September \\\/ 16. Frankfurter Kinder-Uni: Von Dinosauriern und Gladiatorenk\u00e4mpfen\",\"datePublished\":\"2018-08-29T10:39:38+00:00\",\"dateModified\":\"2018-08-29T10:40:25+00:00\",\"mainEntityOfPage\":{\"@id\":\"https:\\\/\\\/aktuelles.uni-frankfurt.de\\\/veranstaltungen\\\/4-bis-7-september-16-frankfurter-kinder-uni-von-dinosauriern-und-gladiatorenkaempfen\\\/\"},\"wordCount\":664,\"publisher\":{\"@id\":\"https:\\\/\\\/aktuelles.uni-frankfurt.de\\\/#organization\"},\"image\":{\"@id\":\"https:\\\/\\\/aktuelles.uni-frankfurt.de\\\/veranstaltungen\\\/4-bis-7-september-16-frankfurter-kinder-uni-von-dinosauriern-und-gladiatorenkaempfen\\\/#primaryimage\"},\"thumbnailUrl\":\"https:\\\/\\\/aktuelles.uni-frankfurt.de\\\/wp-content\\\/uploads\\\/2018\\\/08\\\/beitragsbild_kinder-uni-2018.jpg\",\"keywords\":[\"Kinder-Uni\"],\"articleSection\":[\"Veranstaltungen\"],\"inLanguage\":\"en-GB\"},{\"@type\":\"WebPage\",\"@id\":\"https:\\\/\\\/aktuelles.uni-frankfurt.de\\\/veranstaltungen\\\/4-bis-7-september-16-frankfurter-kinder-uni-von-dinosauriern-und-gladiatorenkaempfen\\\/\",\"url\":\"https:\\\/\\\/aktuelles.uni-frankfurt.de\\\/veranstaltungen\\\/4-bis-7-september-16-frankfurter-kinder-uni-von-dinosauriern-und-gladiatorenkaempfen\\\/\",\"name\":\"4. bis 7. September \\\/ 16. Frankfurter Kinder-Uni: Von Dinosauriern und Gladiatorenk\u00e4mpfen | Aktuelles aus der Goethe-Universit\u00e4t Frankfurt\",\"isPartOf\":{\"@id\":\"https:\\\/\\\/aktuelles.uni-frankfurt.de\\\/#website\"},\"primaryImageOfPage\":{\"@id\":\"https:\\\/\\\/aktuelles.uni-frankfurt.de\\\/veranstaltungen\\\/4-bis-7-september-16-frankfurter-kinder-uni-von-dinosauriern-und-gladiatorenkaempfen\\\/#primaryimage\"},\"image\":{\"@id\":\"https:\\\/\\\/aktuelles.uni-frankfurt.de\\\/veranstaltungen\\\/4-bis-7-september-16-frankfurter-kinder-uni-von-dinosauriern-und-gladiatorenkaempfen\\\/#primaryimage\"},\"thumbnailUrl\":\"https:\\\/\\\/aktuelles.uni-frankfurt.de\\\/wp-content\\\/uploads\\\/2018\\\/08\\\/beitragsbild_kinder-uni-2018.jpg\",\"datePublished\":\"2018-08-29T10:39:38+00:00\",\"dateModified\":\"2018-08-29T10:40:25+00:00\",\"breadcrumb\":{\"@id\":\"https:\\\/\\\/aktuelles.uni-frankfurt.de\\\/veranstaltungen\\\/4-bis-7-september-16-frankfurter-kinder-uni-von-dinosauriern-und-gladiatorenkaempfen\\\/#breadcrumb\"},\"inLanguage\":\"en-GB\",\"potentialAction\":[{\"@type\":\"ReadAction\",\"target\":[\"https:\\\/\\\/aktuelles.uni-frankfurt.de\\\/veranstaltungen\\\/4-bis-7-september-16-frankfurter-kinder-uni-von-dinosauriern-und-gladiatorenkaempfen\\\/\"]}]},{\"@type\":\"ImageObject\",\"inLanguage\":\"en-GB\",\"@id\":\"https:\\\/\\\/aktuelles.uni-frankfurt.de\\\/veranstaltungen\\\/4-bis-7-september-16-frankfurter-kinder-uni-von-dinosauriern-und-gladiatorenkaempfen\\\/#primaryimage\",\"url\":\"https:\\\/\\\/aktuelles.uni-frankfurt.de\\\/wp-content\\\/uploads\\\/2018\\\/08\\\/beitragsbild_kinder-uni-2018.jpg\",\"contentUrl\":\"https:\\\/\\\/aktuelles.uni-frankfurt.de\\\/wp-content\\\/uploads\\\/2018\\\/08\\\/beitragsbild_kinder-uni-2018.jpg\",\"width\":650,\"height\":450},{\"@type\":\"BreadcrumbList\",\"@id\":\"https:\\\/\\\/aktuelles.uni-frankfurt.de\\\/veranstaltungen\\\/4-bis-7-september-16-frankfurter-kinder-uni-von-dinosauriern-und-gladiatorenkaempfen\\\/#breadcrumb\",\"itemListElement\":[{\"@type\":\"ListItem\",\"position\":1,\"name\":\"Startseite\",\"item\":\"https:\\\/\\\/aktuelles.uni-frankfurt.de\\\/\"},{\"@type\":\"ListItem\",\"position\":2,\"name\":\"4. bis 7. September \\\/ 16. Frankfurter Kinder-Uni: Von Dinosauriern und Gladiatorenk\u00e4mpfen\"}]},{\"@type\":\"WebSite\",\"@id\":\"https:\\\/\\\/aktuelles.uni-frankfurt.de\\\/#website\",\"url\":\"https:\\\/\\\/aktuelles.uni-frankfurt.de\\\/\",\"name\":\"Aktuelles aus der Goethe-Universit\u00e4t Frankfurt\",\"description\":\"Aktuelles aus der Goethe-Universit\u00e4t | Neues aus Forschung, Lehre, Studium\",\"publisher\":{\"@id\":\"https:\\\/\\\/aktuelles.uni-frankfurt.de\\\/#organization\"},\"potentialAction\":[{\"@type\":\"SearchAction\",\"target\":{\"@type\":\"EntryPoint\",\"urlTemplate\":\"https:\\\/\\\/aktuelles.uni-frankfurt.de\\\/?s={search_term_string}\"},\"query-input\":{\"@type\":\"PropertyValueSpecification\",\"valueRequired\":true,\"valueName\":\"search_term_string\"}}],\"inLanguage\":\"en-GB\"},{\"@type\":\"Organization\",\"@id\":\"https:\\\/\\\/aktuelles.uni-frankfurt.de\\\/#organization\",\"name\":\"Goethe-Universit\u00e4t\",\"url\":\"https:\\\/\\\/aktuelles.uni-frankfurt.de\\\/\",\"logo\":{\"@type\":\"ImageObject\",\"inLanguage\":\"en-GB\",\"@id\":\"https:\\\/\\\/aktuelles.uni-frankfurt.de\\\/#\\\/schema\\\/logo\\\/image\\\/\",\"url\":\"https:\\\/\\\/aktuelles.uni-frankfurt.de\\\/wp-content\\\/uploads\\\/2022\\\/03\\\/800px-Goethe-Logo.png\",\"contentUrl\":\"https:\\\/\\\/aktuelles.uni-frankfurt.de\\\/wp-content\\\/uploads\\\/2022\\\/03\\\/800px-Goethe-Logo.png\",\"width\":800,\"height\":436,\"caption\":\"Goethe-Universit\u00e4t\"},\"image\":{\"@id\":\"https:\\\/\\\/aktuelles.uni-frankfurt.de\\\/#\\\/schema\\\/logo\\\/image\\\/\"}},{\"@type\":\"Person\",\"@id\":\"https:\\\/\\\/aktuelles.uni-frankfurt.de\\\/#\\\/schema\\\/person\\\/8e55ea338fb65d1ce87a91565d1f1739\",\"name\":\"-\",\"description\":\"Dieser Beitrag wurde von der Online-Redaktion ver\u00f6ffentlicht. Wenn der Beitrag von einem Gastautoren verfasst wurde, findet sich dieser Hinweis am Ende des jeweiligen Artikels.\",\"sameAs\":[\"http:\\\/\\\/aktuelles.uni-frankfurt.de\\\/autoren\"],\"url\":\"https:\\\/\\\/aktuelles.uni-frankfurt.de\\\/en\\\/author\\\/redaktion\\\/\"}]}<\/script>\n<!-- \/ Yoast SEO plugin. -->","yoast_head_json":{"title":"4. bis 7. September \/ 16. Frankfurter Kinder-Uni: Von Dinosauriern und Gladiatorenk\u00e4mpfen | Aktuelles aus der Goethe-Universit\u00e4t Frankfurt","robots":{"index":"index","follow":"follow","max-snippet":"max-snippet:-1","max-image-preview":"max-image-preview:large","max-video-preview":"max-video-preview:-1"},"canonical":"https:\/\/aktuelles.uni-frankfurt.de\/en\/veranstaltungen\/4-bis-7-september-16-frankfurter-kinder-uni-von-dinosauriern-und-gladiatorenkaempfen\/","og_locale":"en_GB","og_type":"article","og_title":"4. bis 7. September \/ 16. Frankfurter Kinder-Uni: Von Dinosauriern und Gladiatorenk\u00e4mpfen | Aktuelles aus der Goethe-Universit\u00e4t Frankfurt","og_description":"In der Woche vom 4. bis 7. September l\u00e4dt die Goethe-Universit\u00e4t Kinder im Alter von 8 bis 12 Jahren wieder zur Kinder-Uni auf dem Campus Westend ein. Jeden Tag erkl\u00e4rt [&hellip;]","og_url":"https:\/\/aktuelles.uni-frankfurt.de\/en\/veranstaltungen\/4-bis-7-september-16-frankfurter-kinder-uni-von-dinosauriern-und-gladiatorenkaempfen\/","og_site_name":"Aktuelles aus der Goethe-Universit\u00e4t Frankfurt","article_published_time":"2018-08-29T10:39:38+00:00","article_modified_time":"2018-08-29T10:40:25+00:00","og_image":[{"width":650,"height":450,"url":"https:\/\/aktuelles.uni-frankfurt.de\/wp-content\/uploads\/2018\/08\/beitragsbild_kinder-uni-2018.jpg","type":"image\/jpeg"}],"author":"-","twitter_card":"summary_large_image","twitter_misc":{"Written by":"-","Estimated reading time":"3 minutes"},"schema":{"@context":"https:\/\/schema.org","@graph":[{"@type":"Article","@id":"https:\/\/aktuelles.uni-frankfurt.de\/veranstaltungen\/4-bis-7-september-16-frankfurter-kinder-uni-von-dinosauriern-und-gladiatorenkaempfen\/#article","isPartOf":{"@id":"https:\/\/aktuelles.uni-frankfurt.de\/veranstaltungen\/4-bis-7-september-16-frankfurter-kinder-uni-von-dinosauriern-und-gladiatorenkaempfen\/"},"author":{"name":"-","@id":"https:\/\/aktuelles.uni-frankfurt.de\/#\/schema\/person\/8e55ea338fb65d1ce87a91565d1f1739"},"headline":"4. bis 7. September \/ 16. Frankfurter Kinder-Uni: Von Dinosauriern und Gladiatorenk\u00e4mpfen","datePublished":"2018-08-29T10:39:38+00:00","dateModified":"2018-08-29T10:40:25+00:00","mainEntityOfPage":{"@id":"https:\/\/aktuelles.uni-frankfurt.de\/veranstaltungen\/4-bis-7-september-16-frankfurter-kinder-uni-von-dinosauriern-und-gladiatorenkaempfen\/"},"wordCount":664,"publisher":{"@id":"https:\/\/aktuelles.uni-frankfurt.de\/#organization"},"image":{"@id":"https:\/\/aktuelles.uni-frankfurt.de\/veranstaltungen\/4-bis-7-september-16-frankfurter-kinder-uni-von-dinosauriern-und-gladiatorenkaempfen\/#primaryimage"},"thumbnailUrl":"https:\/\/aktuelles.uni-frankfurt.de\/wp-content\/uploads\/2018\/08\/beitragsbild_kinder-uni-2018.jpg","keywords":["Kinder-Uni"],"articleSection":["Veranstaltungen"],"inLanguage":"en-GB"},{"@type":"WebPage","@id":"https:\/\/aktuelles.uni-frankfurt.de\/veranstaltungen\/4-bis-7-september-16-frankfurter-kinder-uni-von-dinosauriern-und-gladiatorenkaempfen\/","url":"https:\/\/aktuelles.uni-frankfurt.de\/veranstaltungen\/4-bis-7-september-16-frankfurter-kinder-uni-von-dinosauriern-und-gladiatorenkaempfen\/","name":"4. bis 7. September \/ 16. Frankfurter Kinder-Uni: Von Dinosauriern und Gladiatorenk\u00e4mpfen | Aktuelles aus der Goethe-Universit\u00e4t Frankfurt","isPartOf":{"@id":"https:\/\/aktuelles.uni-frankfurt.de\/#website"},"primaryImageOfPage":{"@id":"https:\/\/aktuelles.uni-frankfurt.de\/veranstaltungen\/4-bis-7-september-16-frankfurter-kinder-uni-von-dinosauriern-und-gladiatorenkaempfen\/#primaryimage"},"image":{"@id":"https:\/\/aktuelles.uni-frankfurt.de\/veranstaltungen\/4-bis-7-september-16-frankfurter-kinder-uni-von-dinosauriern-und-gladiatorenkaempfen\/#primaryimage"},"thumbnailUrl":"https:\/\/aktuelles.uni-frankfurt.de\/wp-content\/uploads\/2018\/08\/beitragsbild_kinder-uni-2018.jpg","datePublished":"2018-08-29T10:39:38+00:00","dateModified":"2018-08-29T10:40:25+00:00","breadcrumb":{"@id":"https:\/\/aktuelles.uni-frankfurt.de\/veranstaltungen\/4-bis-7-september-16-frankfurter-kinder-uni-von-dinosauriern-und-gladiatorenkaempfen\/#breadcrumb"},"inLanguage":"en-GB","potentialAction":[{"@type":"ReadAction","target":["https:\/\/aktuelles.uni-frankfurt.de\/veranstaltungen\/4-bis-7-september-16-frankfurter-kinder-uni-von-dinosauriern-und-gladiatorenkaempfen\/"]}]},{"@type":"ImageObject","inLanguage":"en-GB","@id":"https:\/\/aktuelles.uni-frankfurt.de\/veranstaltungen\/4-bis-7-september-16-frankfurter-kinder-uni-von-dinosauriern-und-gladiatorenkaempfen\/#primaryimage","url":"https:\/\/aktuelles.uni-frankfurt.de\/wp-content\/uploads\/2018\/08\/beitragsbild_kinder-uni-2018.jpg","contentUrl":"https:\/\/aktuelles.uni-frankfurt.de\/wp-content\/uploads\/2018\/08\/beitragsbild_kinder-uni-2018.jpg","width":650,"height":450},{"@type":"BreadcrumbList","@id":"https:\/\/aktuelles.uni-frankfurt.de\/veranstaltungen\/4-bis-7-september-16-frankfurter-kinder-uni-von-dinosauriern-und-gladiatorenkaempfen\/#breadcrumb","itemListElement":[{"@type":"ListItem","position":1,"name":"Startseite","item":"https:\/\/aktuelles.uni-frankfurt.de\/"},{"@type":"ListItem","position":2,"name":"4. bis 7. September \/ 16. Frankfurter Kinder-Uni: Von Dinosauriern und Gladiatorenk\u00e4mpfen"}]},{"@type":"WebSite","@id":"https:\/\/aktuelles.uni-frankfurt.de\/#website","url":"https:\/\/aktuelles.uni-frankfurt.de\/","name":"Aktuelles aus der Goethe-Universit\u00e4t Frankfurt","description":"Aktuelles aus der Goethe-Universit\u00e4t | Neues aus Forschung, Lehre, Studium","publisher":{"@id":"https:\/\/aktuelles.uni-frankfurt.de\/#organization"},"potentialAction":[{"@type":"SearchAction","target":{"@type":"EntryPoint","urlTemplate":"https:\/\/aktuelles.uni-frankfurt.de\/?s={search_term_string}"},"query-input":{"@type":"PropertyValueSpecification","valueRequired":true,"valueName":"search_term_string"}}],"inLanguage":"en-GB"},{"@type":"Organization","@id":"https:\/\/aktuelles.uni-frankfurt.de\/#organization","name":"Goethe University Frankfurt","url":"https:\/\/aktuelles.uni-frankfurt.de\/","logo":{"@type":"ImageObject","inLanguage":"en-GB","@id":"https:\/\/aktuelles.uni-frankfurt.de\/#\/schema\/logo\/image\/","url":"https:\/\/aktuelles.uni-frankfurt.de\/wp-content\/uploads\/2022\/03\/800px-Goethe-Logo.png","contentUrl":"https:\/\/aktuelles.uni-frankfurt.de\/wp-content\/uploads\/2022\/03\/800px-Goethe-Logo.png","width":800,"height":436,"caption":"Goethe-Universit\u00e4t"},"image":{"@id":"https:\/\/aktuelles.uni-frankfurt.de\/#\/schema\/logo\/image\/"}},{"@type":"Person","@id":"https:\/\/aktuelles.uni-frankfurt.de\/#\/schema\/person\/8e55ea338fb65d1ce87a91565d1f1739","name":"-","description":"Dieser Beitrag wurde von der Online-Redaktion ver\u00f6ffentlicht. Wenn der Beitrag von einem Gastautoren verfasst wurde, findet sich dieser Hinweis am Ende des jeweiligen Artikels.","sameAs":["http:\/\/aktuelles.uni-frankfurt.de\/autoren"],"url":"https:\/\/aktuelles.uni-frankfurt.de\/en\/author\/redaktion\/"}]}},"_links":{"self":[{"href":"https:\/\/aktuelles.uni-frankfurt.de\/en\/wp-json\/wp\/v2\/posts\/30972","targetHints":{"allow":["GET"]}}],"collection":[{"href":"https:\/\/aktuelles.uni-frankfurt.de\/en\/wp-json\/wp\/v2\/posts"}],"about":[{"href":"https:\/\/aktuelles.uni-frankfurt.de\/en\/wp-json\/wp\/v2\/types\/post"}],"author":[{"embeddable":true,"href":"https:\/\/aktuelles.uni-frankfurt.de\/en\/wp-json\/wp\/v2\/users\/8"}],"replies":[{"embeddable":true,"href":"https:\/\/aktuelles.uni-frankfurt.de\/en\/wp-json\/wp\/v2\/comments?post=30972"}],"version-history":[{"count":0,"href":"https:\/\/aktuelles.uni-frankfurt.de\/en\/wp-json\/wp\/v2\/posts\/30972\/revisions"}],"wp:featuredmedia":[{"embeddable":true,"href":"https:\/\/aktuelles.uni-frankfurt.de\/en\/wp-json\/wp\/v2\/media\/30976"}],"wp:attachment":[{"href":"https:\/\/aktuelles.uni-frankfurt.de\/en\/wp-json\/wp\/v2\/media?parent=30972"}],"wp:term":[{"taxonomy":"category","embeddable":true,"href":"https:\/\/aktuelles.uni-frankfurt.de\/en\/wp-json\/wp\/v2\/categories?post=30972"},{"taxonomy":"post_tag","embeddable":true,"href":"https:\/\/aktuelles.uni-frankfurt.de\/en\/wp-json\/wp\/v2\/tags?post=30972"},{"taxonomy":"post_folder","embeddable":true,"href":"https:\/\/aktuelles.uni-frankfurt.de\/en\/wp-json\/wp\/v2\/post_folder?post=30972"}],"curies":[{"name":"wp","href":"https:\/\/api.w.org\/{rel}","templated":true}]}}