{"id":32014,"date":"2018-10-11T14:27:57","date_gmt":"2018-10-11T12:27:57","guid":{"rendered":"https:\/\/aktuelles.uni-frankfurt.de\/?p=32014"},"modified":"2018-10-11T14:27:57","modified_gmt":"2018-10-11T12:27:57","slug":"vertiefte-kooperation-zwischen-goethe-universitaet-und-universitaet-tiflis","status":"publish","type":"post","link":"https:\/\/aktuelles.uni-frankfurt.de\/en\/hochschule\/vertiefte-kooperation-zwischen-goethe-universitaet-und-universitaet-tiflis\/","title":{"rendered":"Vertiefte Kooperation zwischen Goethe-Universit\u00e4t und Universit\u00e4t Tiflis"},"content":{"rendered":"<figure id=\"attachment_32015\" aria-describedby=\"caption-attachment-32015\" style=\"width: 750px\" class=\"wp-caption alignleft\"><img fetchpriority=\"high\" decoding=\"async\" class=\"size-full wp-image-32015\" src=\"https:\/\/aktuelles.uni-frankfurt.de\/wp-content\/uploads\/2018\/10\/beitragsbild_kooperation-goethe-uni-uni-tiflis_01.jpg\" alt=\"\" width=\"750\" height=\"300\" srcset=\"https:\/\/aktuelles.uni-frankfurt.de\/wp-content\/uploads\/2018\/10\/beitragsbild_kooperation-goethe-uni-uni-tiflis_01.jpg 750w, https:\/\/aktuelles.uni-frankfurt.de\/wp-content\/uploads\/2018\/10\/beitragsbild_kooperation-goethe-uni-uni-tiflis_01-300x120.jpg 300w\" sizes=\"(max-width: 750px) 100vw, 750px\" \/><figcaption id=\"caption-attachment-32015\" class=\"wp-caption-text\">Die Delegation der Universit\u00e4t Tiflis zusammen mit der Pr\u00e4sidentin der Goethe-Universit\u00e4t, Prof. Dr. Birgitta Wolff, sowie Prof. Dr. Jost Gippert sowie Prof. Dr. Manana Tandaschwili von den empirischen Sprachwissenschaften der Goethe-Uni. Bildnachweis: Lecher\/Goethe-Uni<\/figcaption><\/figure>\n<p>P\u00fcnktlich zum <a href=\"https:\/\/aktuelles.uni-frankfurt.de\/veranstaltungen\/goethe-uni-auf-der-frankfurter-buchmesse-2018\/\">Frankfurter Buchmessetermin mit dem diesj\u00e4hrigen Gastland Georgien<\/a> hat die Goethe-Universit\u00e4t ein umfassendes \u201eMemorandum of Agreement\u201c mit der Universit\u00e4t Tiflis geschlossen. Die Unterzeichnung durch die Pr\u00e4sidentin der Goethe-Universit\u00e4t, Prof. Dr. Birgitta Wolff, und den Rektor der Staatlichen Iwane-Dschawachischwili-Universit\u00e4t Tiflis, Dr. George Sharvadshidze, fand heute an der Goethe-Universit\u00e4t statt. Die mit 35000 Studierenden und 5000 Mitarbeitenden gr\u00f6\u00dfte staatliche Universit\u00e4t in der Hauptstadt Georgiens feierte am 1. Oktober ihr 100. Jubil\u00e4um. Beide Einrichtungen streben eine st\u00e4rkere wissenschaftliche Kooperation und einen intensiveren Austausch von Studierenden an. Das Abkommen entstand auf Basis einer bereits existierenden, langj\u00e4hrigen Kooperation der empirischen Sprachwissenschaften (Prof. Dr. Jost Gippert sowie Prof. Dr. Manana Tandaschwili) mit der Universit\u00e4t in Tiflis.<\/p>\n<figure id=\"attachment_32018\" aria-describedby=\"caption-attachment-32018\" style=\"width: 750px\" class=\"wp-caption alignleft\"><img decoding=\"async\" class=\"size-full wp-image-32018\" src=\"https:\/\/aktuelles.uni-frankfurt.de\/wp-content\/uploads\/2018\/10\/beitragsbild_kooperation-goethe-uni-uni-tiflis_02.jpg\" alt=\"\" width=\"750\" height=\"300\" srcset=\"https:\/\/aktuelles.uni-frankfurt.de\/wp-content\/uploads\/2018\/10\/beitragsbild_kooperation-goethe-uni-uni-tiflis_02.jpg 750w, https:\/\/aktuelles.uni-frankfurt.de\/wp-content\/uploads\/2018\/10\/beitragsbild_kooperation-goethe-uni-uni-tiflis_02-300x120.jpg 300w\" sizes=\"(max-width: 750px) 100vw, 750px\" \/><figcaption id=\"caption-attachment-32018\" class=\"wp-caption-text\">Vertragsunterzeichnung<\/figcaption><\/figure>\n<p>&#8211;<\/p>","protected":false},"excerpt":{"rendered":"<p>P\u00fcnktlich zum Frankfurter Buchmessetermin mit dem diesj\u00e4hrigen Gastland Georgien hat die Goethe-Universit\u00e4t ein umfassendes \u201eMemorandum of Agreement\u201c mit der Universit\u00e4t Tiflis geschlossen. Die Unterzeichnung durch die Pr\u00e4sidentin der Goethe-Universit\u00e4t, Prof. [&hellip;]<\/p>\n","protected":false},"author":8,"featured_media":32019,"comment_status":"closed","ping_status":"closed","sticky":false,"template":"","format":"standard","meta":{"_eb_attr":"","_price":"","_stock":"","_tribe_ticket_header":"","_tribe_default_ticket_provider":"","_ticket_start_date":"","_ticket_end_date":"","_tribe_ticket_show_description":"","_tribe_ticket_show_not_going":false,"_tribe_ticket_use_global_stock":"","_tribe_ticket_global_stock_level":"","_global_stock_mode":"","_global_stock_cap":"","_tribe_rsvp_for_event":"","_tribe_ticket_going_count":"","_tribe_ticket_not_going_count":"","_tribe_tickets_list":"[]","_tribe_ticket_has_attendee_info_fields":false,"footnotes":""},"categories":[8],"tags":[27],"post_folder":[],"class_list":["post-32014","post","type-post","status-publish","format-standard","has-post-thumbnail","hentry","category-hochschule","tag-internationales"],"yoast_head":"<!-- This site is optimized with the Yoast SEO plugin v27.5 - https:\/\/yoast.com\/product\/yoast-seo-wordpress\/ -->\n<title>Vertiefte Kooperation zwischen Goethe-Universit\u00e4t und Universit\u00e4t Tiflis | Aktuelles aus der Goethe-Universit\u00e4t Frankfurt<\/title>\n<meta name=\"robots\" content=\"index, follow, max-snippet:-1, max-image-preview:large, max-video-preview:-1\" \/>\n<link rel=\"canonical\" href=\"https:\/\/aktuelles.uni-frankfurt.de\/en\/hochschule\/vertiefte-kooperation-zwischen-goethe-universitaet-und-universitaet-tiflis\/\" \/>\n<meta property=\"og:locale\" content=\"en_GB\" \/>\n<meta property=\"og:type\" content=\"article\" \/>\n<meta property=\"og:title\" content=\"Vertiefte Kooperation zwischen Goethe-Universit\u00e4t und Universit\u00e4t Tiflis | Aktuelles aus der Goethe-Universit\u00e4t Frankfurt\" \/>\n<meta property=\"og:description\" content=\"P\u00fcnktlich zum Frankfurter Buchmessetermin mit dem diesj\u00e4hrigen Gastland Georgien hat die Goethe-Universit\u00e4t ein umfassendes \u201eMemorandum of Agreement\u201c mit der Universit\u00e4t Tiflis geschlossen. Die Unterzeichnung durch die Pr\u00e4sidentin der Goethe-Universit\u00e4t, Prof. [&hellip;]\" \/>\n<meta property=\"og:url\" content=\"https:\/\/aktuelles.uni-frankfurt.de\/en\/hochschule\/vertiefte-kooperation-zwischen-goethe-universitaet-und-universitaet-tiflis\/\" \/>\n<meta property=\"og:site_name\" content=\"Aktuelles aus der Goethe-Universit\u00e4t Frankfurt\" \/>\n<meta property=\"article:published_time\" content=\"2018-10-11T12:27:57+00:00\" \/>\n<meta property=\"og:image\" content=\"https:\/\/aktuelles.uni-frankfurt.de\/wp-content\/uploads\/2018\/10\/beitragsbild_kooperation-goethe-uni-uni-tiflis_01_beitrag.jpg\" \/>\n\t<meta property=\"og:image:width\" content=\"650\" \/>\n\t<meta property=\"og:image:height\" content=\"450\" \/>\n\t<meta property=\"og:image:type\" content=\"image\/jpeg\" \/>\n<meta name=\"author\" content=\"-\" \/>\n<meta name=\"twitter:card\" content=\"summary_large_image\" \/>\n<meta name=\"twitter:label1\" content=\"Written by\" \/>\n\t<meta name=\"twitter:data1\" content=\"-\" \/>\n\t<meta name=\"twitter:label2\" content=\"Estimated reading time\" \/>\n\t<meta name=\"twitter:data2\" content=\"1 minute\" \/>\n<script type=\"application\/ld+json\" class=\"yoast-schema-graph\">{\"@context\":\"https:\\\/\\\/schema.org\",\"@graph\":[{\"@type\":\"Article\",\"@id\":\"https:\\\/\\\/aktuelles.uni-frankfurt.de\\\/hochschule\\\/vertiefte-kooperation-zwischen-goethe-universitaet-und-universitaet-tiflis\\\/#article\",\"isPartOf\":{\"@id\":\"https:\\\/\\\/aktuelles.uni-frankfurt.de\\\/hochschule\\\/vertiefte-kooperation-zwischen-goethe-universitaet-und-universitaet-tiflis\\\/\"},\"author\":{\"name\":\"-\",\"@id\":\"https:\\\/\\\/aktuelles.uni-frankfurt.de\\\/#\\\/schema\\\/person\\\/8e55ea338fb65d1ce87a91565d1f1739\"},\"headline\":\"Vertiefte Kooperation zwischen Goethe-Universit\u00e4t und Universit\u00e4t Tiflis\",\"datePublished\":\"2018-10-11T12:27:57+00:00\",\"mainEntityOfPage\":{\"@id\":\"https:\\\/\\\/aktuelles.uni-frankfurt.de\\\/hochschule\\\/vertiefte-kooperation-zwischen-goethe-universitaet-und-universitaet-tiflis\\\/\"},\"wordCount\":182,\"publisher\":{\"@id\":\"https:\\\/\\\/aktuelles.uni-frankfurt.de\\\/#organization\"},\"image\":{\"@id\":\"https:\\\/\\\/aktuelles.uni-frankfurt.de\\\/hochschule\\\/vertiefte-kooperation-zwischen-goethe-universitaet-und-universitaet-tiflis\\\/#primaryimage\"},\"thumbnailUrl\":\"https:\\\/\\\/aktuelles.uni-frankfurt.de\\\/wp-content\\\/uploads\\\/2018\\\/10\\\/beitragsbild_kooperation-goethe-uni-uni-tiflis_01_beitrag.jpg\",\"keywords\":[\"Internationales\"],\"articleSection\":[\"Hochschule\"],\"inLanguage\":\"en-GB\"},{\"@type\":\"WebPage\",\"@id\":\"https:\\\/\\\/aktuelles.uni-frankfurt.de\\\/hochschule\\\/vertiefte-kooperation-zwischen-goethe-universitaet-und-universitaet-tiflis\\\/\",\"url\":\"https:\\\/\\\/aktuelles.uni-frankfurt.de\\\/hochschule\\\/vertiefte-kooperation-zwischen-goethe-universitaet-und-universitaet-tiflis\\\/\",\"name\":\"Vertiefte Kooperation zwischen Goethe-Universit\u00e4t und Universit\u00e4t Tiflis | Aktuelles aus der Goethe-Universit\u00e4t Frankfurt\",\"isPartOf\":{\"@id\":\"https:\\\/\\\/aktuelles.uni-frankfurt.de\\\/#website\"},\"primaryImageOfPage\":{\"@id\":\"https:\\\/\\\/aktuelles.uni-frankfurt.de\\\/hochschule\\\/vertiefte-kooperation-zwischen-goethe-universitaet-und-universitaet-tiflis\\\/#primaryimage\"},\"image\":{\"@id\":\"https:\\\/\\\/aktuelles.uni-frankfurt.de\\\/hochschule\\\/vertiefte-kooperation-zwischen-goethe-universitaet-und-universitaet-tiflis\\\/#primaryimage\"},\"thumbnailUrl\":\"https:\\\/\\\/aktuelles.uni-frankfurt.de\\\/wp-content\\\/uploads\\\/2018\\\/10\\\/beitragsbild_kooperation-goethe-uni-uni-tiflis_01_beitrag.jpg\",\"datePublished\":\"2018-10-11T12:27:57+00:00\",\"breadcrumb\":{\"@id\":\"https:\\\/\\\/aktuelles.uni-frankfurt.de\\\/hochschule\\\/vertiefte-kooperation-zwischen-goethe-universitaet-und-universitaet-tiflis\\\/#breadcrumb\"},\"inLanguage\":\"en-GB\",\"potentialAction\":[{\"@type\":\"ReadAction\",\"target\":[\"https:\\\/\\\/aktuelles.uni-frankfurt.de\\\/hochschule\\\/vertiefte-kooperation-zwischen-goethe-universitaet-und-universitaet-tiflis\\\/\"]}]},{\"@type\":\"ImageObject\",\"inLanguage\":\"en-GB\",\"@id\":\"https:\\\/\\\/aktuelles.uni-frankfurt.de\\\/hochschule\\\/vertiefte-kooperation-zwischen-goethe-universitaet-und-universitaet-tiflis\\\/#primaryimage\",\"url\":\"https:\\\/\\\/aktuelles.uni-frankfurt.de\\\/wp-content\\\/uploads\\\/2018\\\/10\\\/beitragsbild_kooperation-goethe-uni-uni-tiflis_01_beitrag.jpg\",\"contentUrl\":\"https:\\\/\\\/aktuelles.uni-frankfurt.de\\\/wp-content\\\/uploads\\\/2018\\\/10\\\/beitragsbild_kooperation-goethe-uni-uni-tiflis_01_beitrag.jpg\",\"width\":650,\"height\":450},{\"@type\":\"BreadcrumbList\",\"@id\":\"https:\\\/\\\/aktuelles.uni-frankfurt.de\\\/hochschule\\\/vertiefte-kooperation-zwischen-goethe-universitaet-und-universitaet-tiflis\\\/#breadcrumb\",\"itemListElement\":[{\"@type\":\"ListItem\",\"position\":1,\"name\":\"Startseite\",\"item\":\"https:\\\/\\\/aktuelles.uni-frankfurt.de\\\/\"},{\"@type\":\"ListItem\",\"position\":2,\"name\":\"Vertiefte Kooperation zwischen Goethe-Universit\u00e4t und Universit\u00e4t Tiflis\"}]},{\"@type\":\"WebSite\",\"@id\":\"https:\\\/\\\/aktuelles.uni-frankfurt.de\\\/#website\",\"url\":\"https:\\\/\\\/aktuelles.uni-frankfurt.de\\\/\",\"name\":\"Aktuelles aus der Goethe-Universit\u00e4t Frankfurt\",\"description\":\"Aktuelles aus der Goethe-Universit\u00e4t | Neues aus Forschung, Lehre, Studium\",\"publisher\":{\"@id\":\"https:\\\/\\\/aktuelles.uni-frankfurt.de\\\/#organization\"},\"potentialAction\":[{\"@type\":\"SearchAction\",\"target\":{\"@type\":\"EntryPoint\",\"urlTemplate\":\"https:\\\/\\\/aktuelles.uni-frankfurt.de\\\/?s={search_term_string}\"},\"query-input\":{\"@type\":\"PropertyValueSpecification\",\"valueRequired\":true,\"valueName\":\"search_term_string\"}}],\"inLanguage\":\"en-GB\"},{\"@type\":\"Organization\",\"@id\":\"https:\\\/\\\/aktuelles.uni-frankfurt.de\\\/#organization\",\"name\":\"Goethe-Universit\u00e4t\",\"url\":\"https:\\\/\\\/aktuelles.uni-frankfurt.de\\\/\",\"logo\":{\"@type\":\"ImageObject\",\"inLanguage\":\"en-GB\",\"@id\":\"https:\\\/\\\/aktuelles.uni-frankfurt.de\\\/#\\\/schema\\\/logo\\\/image\\\/\",\"url\":\"https:\\\/\\\/aktuelles.uni-frankfurt.de\\\/wp-content\\\/uploads\\\/2022\\\/03\\\/800px-Goethe-Logo.png\",\"contentUrl\":\"https:\\\/\\\/aktuelles.uni-frankfurt.de\\\/wp-content\\\/uploads\\\/2022\\\/03\\\/800px-Goethe-Logo.png\",\"width\":800,\"height\":436,\"caption\":\"Goethe-Universit\u00e4t\"},\"image\":{\"@id\":\"https:\\\/\\\/aktuelles.uni-frankfurt.de\\\/#\\\/schema\\\/logo\\\/image\\\/\"}},{\"@type\":\"Person\",\"@id\":\"https:\\\/\\\/aktuelles.uni-frankfurt.de\\\/#\\\/schema\\\/person\\\/8e55ea338fb65d1ce87a91565d1f1739\",\"name\":\"-\",\"description\":\"Dieser Beitrag wurde von der Online-Redaktion ver\u00f6ffentlicht. Wenn der Beitrag von einem Gastautoren verfasst wurde, findet sich dieser Hinweis am Ende des jeweiligen Artikels.\",\"sameAs\":[\"http:\\\/\\\/aktuelles.uni-frankfurt.de\\\/autoren\"],\"url\":\"https:\\\/\\\/aktuelles.uni-frankfurt.de\\\/en\\\/author\\\/redaktion\\\/\"}]}<\/script>\n<!-- \/ Yoast SEO plugin. -->","yoast_head_json":{"title":"Vertiefte Kooperation zwischen Goethe-Universit\u00e4t und Universit\u00e4t Tiflis | Aktuelles aus der Goethe-Universit\u00e4t Frankfurt","robots":{"index":"index","follow":"follow","max-snippet":"max-snippet:-1","max-image-preview":"max-image-preview:large","max-video-preview":"max-video-preview:-1"},"canonical":"https:\/\/aktuelles.uni-frankfurt.de\/en\/hochschule\/vertiefte-kooperation-zwischen-goethe-universitaet-und-universitaet-tiflis\/","og_locale":"en_GB","og_type":"article","og_title":"Vertiefte Kooperation zwischen Goethe-Universit\u00e4t und Universit\u00e4t Tiflis | Aktuelles aus der Goethe-Universit\u00e4t Frankfurt","og_description":"P\u00fcnktlich zum Frankfurter Buchmessetermin mit dem diesj\u00e4hrigen Gastland Georgien hat die Goethe-Universit\u00e4t ein umfassendes \u201eMemorandum of Agreement\u201c mit der Universit\u00e4t Tiflis geschlossen. Die Unterzeichnung durch die Pr\u00e4sidentin der Goethe-Universit\u00e4t, Prof. [&hellip;]","og_url":"https:\/\/aktuelles.uni-frankfurt.de\/en\/hochschule\/vertiefte-kooperation-zwischen-goethe-universitaet-und-universitaet-tiflis\/","og_site_name":"Aktuelles aus der Goethe-Universit\u00e4t Frankfurt","article_published_time":"2018-10-11T12:27:57+00:00","og_image":[{"width":650,"height":450,"url":"https:\/\/aktuelles.uni-frankfurt.de\/wp-content\/uploads\/2018\/10\/beitragsbild_kooperation-goethe-uni-uni-tiflis_01_beitrag.jpg","type":"image\/jpeg"}],"author":"-","twitter_card":"summary_large_image","twitter_misc":{"Written by":"-","Estimated reading time":"1 minute"},"schema":{"@context":"https:\/\/schema.org","@graph":[{"@type":"Article","@id":"https:\/\/aktuelles.uni-frankfurt.de\/hochschule\/vertiefte-kooperation-zwischen-goethe-universitaet-und-universitaet-tiflis\/#article","isPartOf":{"@id":"https:\/\/aktuelles.uni-frankfurt.de\/hochschule\/vertiefte-kooperation-zwischen-goethe-universitaet-und-universitaet-tiflis\/"},"author":{"name":"-","@id":"https:\/\/aktuelles.uni-frankfurt.de\/#\/schema\/person\/8e55ea338fb65d1ce87a91565d1f1739"},"headline":"Vertiefte Kooperation zwischen Goethe-Universit\u00e4t und Universit\u00e4t Tiflis","datePublished":"2018-10-11T12:27:57+00:00","mainEntityOfPage":{"@id":"https:\/\/aktuelles.uni-frankfurt.de\/hochschule\/vertiefte-kooperation-zwischen-goethe-universitaet-und-universitaet-tiflis\/"},"wordCount":182,"publisher":{"@id":"https:\/\/aktuelles.uni-frankfurt.de\/#organization"},"image":{"@id":"https:\/\/aktuelles.uni-frankfurt.de\/hochschule\/vertiefte-kooperation-zwischen-goethe-universitaet-und-universitaet-tiflis\/#primaryimage"},"thumbnailUrl":"https:\/\/aktuelles.uni-frankfurt.de\/wp-content\/uploads\/2018\/10\/beitragsbild_kooperation-goethe-uni-uni-tiflis_01_beitrag.jpg","keywords":["Internationales"],"articleSection":["Hochschule"],"inLanguage":"en-GB"},{"@type":"WebPage","@id":"https:\/\/aktuelles.uni-frankfurt.de\/hochschule\/vertiefte-kooperation-zwischen-goethe-universitaet-und-universitaet-tiflis\/","url":"https:\/\/aktuelles.uni-frankfurt.de\/hochschule\/vertiefte-kooperation-zwischen-goethe-universitaet-und-universitaet-tiflis\/","name":"Vertiefte Kooperation zwischen Goethe-Universit\u00e4t und Universit\u00e4t Tiflis | Aktuelles aus der Goethe-Universit\u00e4t Frankfurt","isPartOf":{"@id":"https:\/\/aktuelles.uni-frankfurt.de\/#website"},"primaryImageOfPage":{"@id":"https:\/\/aktuelles.uni-frankfurt.de\/hochschule\/vertiefte-kooperation-zwischen-goethe-universitaet-und-universitaet-tiflis\/#primaryimage"},"image":{"@id":"https:\/\/aktuelles.uni-frankfurt.de\/hochschule\/vertiefte-kooperation-zwischen-goethe-universitaet-und-universitaet-tiflis\/#primaryimage"},"thumbnailUrl":"https:\/\/aktuelles.uni-frankfurt.de\/wp-content\/uploads\/2018\/10\/beitragsbild_kooperation-goethe-uni-uni-tiflis_01_beitrag.jpg","datePublished":"2018-10-11T12:27:57+00:00","breadcrumb":{"@id":"https:\/\/aktuelles.uni-frankfurt.de\/hochschule\/vertiefte-kooperation-zwischen-goethe-universitaet-und-universitaet-tiflis\/#breadcrumb"},"inLanguage":"en-GB","potentialAction":[{"@type":"ReadAction","target":["https:\/\/aktuelles.uni-frankfurt.de\/hochschule\/vertiefte-kooperation-zwischen-goethe-universitaet-und-universitaet-tiflis\/"]}]},{"@type":"ImageObject","inLanguage":"en-GB","@id":"https:\/\/aktuelles.uni-frankfurt.de\/hochschule\/vertiefte-kooperation-zwischen-goethe-universitaet-und-universitaet-tiflis\/#primaryimage","url":"https:\/\/aktuelles.uni-frankfurt.de\/wp-content\/uploads\/2018\/10\/beitragsbild_kooperation-goethe-uni-uni-tiflis_01_beitrag.jpg","contentUrl":"https:\/\/aktuelles.uni-frankfurt.de\/wp-content\/uploads\/2018\/10\/beitragsbild_kooperation-goethe-uni-uni-tiflis_01_beitrag.jpg","width":650,"height":450},{"@type":"BreadcrumbList","@id":"https:\/\/aktuelles.uni-frankfurt.de\/hochschule\/vertiefte-kooperation-zwischen-goethe-universitaet-und-universitaet-tiflis\/#breadcrumb","itemListElement":[{"@type":"ListItem","position":1,"name":"Startseite","item":"https:\/\/aktuelles.uni-frankfurt.de\/"},{"@type":"ListItem","position":2,"name":"Vertiefte Kooperation zwischen Goethe-Universit\u00e4t und Universit\u00e4t Tiflis"}]},{"@type":"WebSite","@id":"https:\/\/aktuelles.uni-frankfurt.de\/#website","url":"https:\/\/aktuelles.uni-frankfurt.de\/","name":"Aktuelles aus der Goethe-Universit\u00e4t Frankfurt","description":"Aktuelles aus der Goethe-Universit\u00e4t | Neues aus Forschung, Lehre, Studium","publisher":{"@id":"https:\/\/aktuelles.uni-frankfurt.de\/#organization"},"potentialAction":[{"@type":"SearchAction","target":{"@type":"EntryPoint","urlTemplate":"https:\/\/aktuelles.uni-frankfurt.de\/?s={search_term_string}"},"query-input":{"@type":"PropertyValueSpecification","valueRequired":true,"valueName":"search_term_string"}}],"inLanguage":"en-GB"},{"@type":"Organization","@id":"https:\/\/aktuelles.uni-frankfurt.de\/#organization","name":"Goethe University Frankfurt","url":"https:\/\/aktuelles.uni-frankfurt.de\/","logo":{"@type":"ImageObject","inLanguage":"en-GB","@id":"https:\/\/aktuelles.uni-frankfurt.de\/#\/schema\/logo\/image\/","url":"https:\/\/aktuelles.uni-frankfurt.de\/wp-content\/uploads\/2022\/03\/800px-Goethe-Logo.png","contentUrl":"https:\/\/aktuelles.uni-frankfurt.de\/wp-content\/uploads\/2022\/03\/800px-Goethe-Logo.png","width":800,"height":436,"caption":"Goethe-Universit\u00e4t"},"image":{"@id":"https:\/\/aktuelles.uni-frankfurt.de\/#\/schema\/logo\/image\/"}},{"@type":"Person","@id":"https:\/\/aktuelles.uni-frankfurt.de\/#\/schema\/person\/8e55ea338fb65d1ce87a91565d1f1739","name":"-","description":"Dieser Beitrag wurde von der Online-Redaktion ver\u00f6ffentlicht. Wenn der Beitrag von einem Gastautoren verfasst wurde, findet sich dieser Hinweis am Ende des jeweiligen Artikels.","sameAs":["http:\/\/aktuelles.uni-frankfurt.de\/autoren"],"url":"https:\/\/aktuelles.uni-frankfurt.de\/en\/author\/redaktion\/"}]}},"_links":{"self":[{"href":"https:\/\/aktuelles.uni-frankfurt.de\/en\/wp-json\/wp\/v2\/posts\/32014","targetHints":{"allow":["GET"]}}],"collection":[{"href":"https:\/\/aktuelles.uni-frankfurt.de\/en\/wp-json\/wp\/v2\/posts"}],"about":[{"href":"https:\/\/aktuelles.uni-frankfurt.de\/en\/wp-json\/wp\/v2\/types\/post"}],"author":[{"embeddable":true,"href":"https:\/\/aktuelles.uni-frankfurt.de\/en\/wp-json\/wp\/v2\/users\/8"}],"replies":[{"embeddable":true,"href":"https:\/\/aktuelles.uni-frankfurt.de\/en\/wp-json\/wp\/v2\/comments?post=32014"}],"version-history":[{"count":0,"href":"https:\/\/aktuelles.uni-frankfurt.de\/en\/wp-json\/wp\/v2\/posts\/32014\/revisions"}],"wp:featuredmedia":[{"embeddable":true,"href":"https:\/\/aktuelles.uni-frankfurt.de\/en\/wp-json\/wp\/v2\/media\/32019"}],"wp:attachment":[{"href":"https:\/\/aktuelles.uni-frankfurt.de\/en\/wp-json\/wp\/v2\/media?parent=32014"}],"wp:term":[{"taxonomy":"category","embeddable":true,"href":"https:\/\/aktuelles.uni-frankfurt.de\/en\/wp-json\/wp\/v2\/categories?post=32014"},{"taxonomy":"post_tag","embeddable":true,"href":"https:\/\/aktuelles.uni-frankfurt.de\/en\/wp-json\/wp\/v2\/tags?post=32014"},{"taxonomy":"post_folder","embeddable":true,"href":"https:\/\/aktuelles.uni-frankfurt.de\/en\/wp-json\/wp\/v2\/post_folder?post=32014"}],"curies":[{"name":"wp","href":"https:\/\/api.w.org\/{rel}","templated":true}]}}