{"id":34056,"date":"2018-11-27T10:42:55","date_gmt":"2018-11-27T09:42:55","guid":{"rendered":"https:\/\/aktuelles.uni-frankfurt.de\/?p=34056"},"modified":"2018-11-29T09:31:53","modified_gmt":"2018-11-29T08:31:53","slug":"wertvolle-buecher-brauchen-schutz","status":"publish","type":"post","link":"https:\/\/aktuelles.uni-frankfurt.de\/en\/campus\/wertvolle-buecher-brauchen-schutz\/","title":{"rendered":"Wertvolle B\u00fccher brauchen Schutz"},"content":{"rendered":"<figure id=\"attachment_34057\" aria-describedby=\"caption-attachment-34057\" style=\"width: 450px\" class=\"wp-caption alignleft\"><img fetchpriority=\"high\" decoding=\"async\" class=\"wp-image-34057\" src=\"https:\/\/aktuelles.uni-frankfurt.de\/wp-content\/uploads\/2018\/11\/blog_Schutz-Buecher01.jpg\" alt=\"\" width=\"450\" height=\"312\" srcset=\"https:\/\/aktuelles.uni-frankfurt.de\/wp-content\/uploads\/2018\/11\/blog_Schutz-Buecher01.jpg 650w, https:\/\/aktuelles.uni-frankfurt.de\/wp-content\/uploads\/2018\/11\/blog_Schutz-Buecher01-300x208.jpg 300w\" sizes=\"(max-width: 450px) 100vw, 450px\" \/><figcaption id=\"caption-attachment-34057\" class=\"wp-caption-text\">Ein Band aus der Schopenhauer-Bibliothek, mit Exlibris und Annotationen des Philosophen.<\/figcaption><\/figure>\n<p><em><strong>Die Universit\u00e4tsbibliothek der Goethe-Uni investiert 150.000 EUR in den Erhalt des schriftlichen Kulturgutes.<\/strong><\/em><\/p>\n<p>Die Universit\u00e4tsbibliothek Johann Christian Senckenberg (UB JCS) in Frankfurt am Main hat mehrere Projekte zum Erhalt des schriftlichen Kulturgutes angesto\u00dfen und erh\u00e4lt daf\u00fcr gro\u00dfe F\u00f6rdersummen durch die Bundesregierung und das Land Hessen.<\/p>\n<p>Die UB JCS hat im Jahr 2018 umfangreiche Mittel f\u00fcr Bestanderhaltung eingeworben, wodurch verschiedene Projekte zur S\u00e4uberung, Schutzverpackung und Restaurierung wertvoller einzigartiger Best\u00e4nde sowie Ma\u00dfnahmen gegen s\u00e4urebedingten Papierzerfall erm\u00f6glicht werden.<\/p>\n<p>Die Projekte werden mit insgesamt 48.000 EUR durch die Beauftragte der Bundesregierung f\u00fcr Kultur und Medien aus den Sondermitteln des Bundes f\u00fcr die Erhaltung des schriftlichen Kulturguts (Koordinierungsstelle f\u00fcr die Erhaltung des schriftlichen Kulturgutes) gef\u00f6rdert. Eine fast ebenso gro\u00dfe F\u00f6rdersumme von insgesamt 43.000 EUR kommt aus dem durch das Hessische Ministerium f\u00fcr Wissenschaft und Kunst aufgelegten Landesprogramm zum Erhalt des schriftlichen Kulturgutes in Hessen.<\/p>\n<p>Auch zwei private Stiftungen unterst\u00fctzen die Arbeiten durch eine namhafte finanzielle Zuwendung von 27.000 EUR (Frankfurter B\u00fcrgerstiftung, Cronstett- und Hynspergische evangelische Stiftung zu Frankfurt am Main). Einen Eigenanteil von rund 31.000 EUR bringt die Universit\u00e4tsbibliothek selbst auf, so dass das finanzielle Gesamtvolumen der Projekte etwa 150.000 Euro betr\u00e4gt.<\/p>\n<figure id=\"attachment_34058\" aria-describedby=\"caption-attachment-34058\" style=\"width: 300px\" class=\"wp-caption alignright\"><img decoding=\"async\" class=\"wp-image-34058\" src=\"https:\/\/aktuelles.uni-frankfurt.de\/wp-content\/uploads\/2018\/11\/blog_Schutz-Buecher02.jpg\" alt=\"\" width=\"300\" height=\"451\" srcset=\"https:\/\/aktuelles.uni-frankfurt.de\/wp-content\/uploads\/2018\/11\/blog_Schutz-Buecher02.jpg 532w, https:\/\/aktuelles.uni-frankfurt.de\/wp-content\/uploads\/2018\/11\/blog_Schutz-Buecher02-200x300.jpg 200w\" sizes=\"(max-width: 300px) 100vw, 300px\" \/><figcaption id=\"caption-attachment-34058\" class=\"wp-caption-text\">Blick ins Rara-Magazin der UB, links noch unverpackte B\u00e4nde, rechts sind B\u00e4nde in Schutzboxen zu sehen<\/figcaption><\/figure>\n<p>Die Projekte betreffen insgesamt rund 8.000 B\u00e4nde Kulturgut von nationaler und internationaler Bedeutung. Sie beziehen unter anderem die Sammlung der Judaica und Hebraica, darunter auch die besonders seltenen jiddischen Drucke, sowie weitere wertvolle B\u00e4nde des 16. bis 19. Jahrhunderts mit ein (u.a. Drucke aus der K\u00f6niglichen Gartenbibliothek Herrenhausen, Werke Maria Sibylla Merians, die Sammlung Christoph Martin Wieland sowie die Bibliotheken Arthur Schopenhauers oder der Frankfurter Patrizierfamilie von Holzhausen).<\/p>\n<p>Au\u00dferdem beteiligt sich die Bibliothek an einem gemeinsamen Projekt hessischer Bibliotheken zu regionalen Zeitungsbest\u00e4nden aus der Zeit vor 1945. In diesem Zusammenhang l\u00e4sst die Universit\u00e4tsbibliothek die historischen B\u00e4nde der bis 1943 erschienenen \u201eFrankfurter Zeitung\u201c durch einen externen Dienstleister gegen den drohenden s\u00e4urebedingten Papierzerfall behandeln.<\/p>\n<p>Diese Zeitung gilt als Vorg\u00e4ngerin der heutigen \u201eFrankfurter Allgemeinen Zeitung\u201c und hatte eine vergleichbare Bedeutung. Der Schwerpunkt der gef\u00f6rderten Ma\u00dfnahmen liegt neben der Restaurierung ausgew\u00e4hlter Einzelst\u00fccke durch eine externe Restaurierungswerkstatt auf der Reinigung der wertvollen B\u00fccher und ihrer Ausstattung mit ma\u00dfgefertigten, s\u00e4urefreien Klappdeckelboxen durch eine Spezialfirma. Diese Schutzverpackungen werden die B\u00fccher zuk\u00fcnftig wesentlich besser vor mechanischen Sch\u00e4den, eventuellen klimatischen Schwankungen oder Sch\u00e4dlingsbefall sch\u00fctzen.<\/p>\n<p>Die UB JCS verfolgt in den letzten Jahren verst\u00e4rkt Ma\u00dfnahmen, um die Lagerungsbedingungen f\u00fcr ihre historischen Best\u00e4nde nachhaltig zu verbessern. Ein wichtiger Schritt in diesem Prozess war 2017 die Einrichtung eines neuen Rara-Magazins f\u00fcr besonders wertvolle Drucke. 2018 wurde au\u00dferdem eine neu strukturierte Abteilung \u201eBestandserhaltung und Digitalisierung\u201c eingerichtet, in welcher die Zust\u00e4ndigkeiten f\u00fcr diese beiden wichtigen Bereiche zusammengef\u00fchrt sind.<\/p>\n<p>Diese Ma\u00dfnahmen stehen im Kontext von signifikanten Verbesserungen der Infrastruktur des Kulturgutschutzes in Archiven und Bibliotheken im Land Hessen: Seit 2017 steuert eine beim Hessischen Staatsarchiv Darmstadt angesiedelte Koordinierungsstelle die Projekte im Bereich Bestandserhaltung und steht als zentraler fachlicher Ansprechpartner f\u00fcr Einrichtungen zur Verf\u00fcgung.<\/p>\n<p>Eine der wichtigsten Aufgaben besteht dabei in der administrativen Unterst\u00fctzung von Antr\u00e4gen auf F\u00f6rdermittel: Das Land Hessen hat erstmalig f\u00fcr die Jahre 2018 und 2019 f\u00fcr den Erhalt des schriftlichen Kulturgutes in einem eigenen Landesprogramm die Summe von jeweils 1 Mio. EUR bereitgestellt. Die von der Bundesregierung \u00fcber die Koordinierungsstelle f\u00fcr die Erhaltung des schriftlichen Kulturgutes zur Verf\u00fcgung gestellten Sondermittel f\u00fcr diesen Zweck belaufen sich im Jahr 2018 bundesweit auf rund 2,5 Mio. Euro.<\/p>\n<p style=\"text-align: right;\"><em>Autor:\u00a0Jakob Frohmann<\/em><\/p>\n<p><strong>Mehr Informationen: <\/strong><a href=\"https:\/\/kbh.hessen.de\/\">kbh.hessen.de<\/a> | <a href=\"http:\/\/schriftgutschuetzen.kek-spk.de\">schriftgutschuetzen.kek-spk.de<\/a><\/p>\n<p>[dt_call_to_action content_size=&#8220;small&#8220; background=&#8220;fancy&#8220; line=&#8220;true&#8220; style=&#8220;1&#8243; animation=&#8220;fadeIn&#8220;]<\/p>\n<p><strong>Information: <\/strong>Dr. Mathias Jehn, Leiter der Abteilung Bestandserhaltung und Digitalisierung sowie des Archivzentrums und der Sammlung Frankfurt und Seltene Drucke, Universit\u00e4tsbibliothek J. C. Senckenberg, Bockenheimer Landstra\u00dfe 134-138, 60325 Frankfurt am Main, Tel: +49 (69) 798 39007, E-Mail: <a href=\"mailto:m.jehn@ub.uni-frankfurt.de\">m.jehn@ub.uni-frankfurt.de<\/a><\/p>\n<p>[\/dt_call_to_action]<\/p>\n","protected":false},"excerpt":{"rendered":"<p>Die Universit\u00e4tsbibliothek der Goethe-Uni investiert 150.000 EUR in den Erhalt des schriftlichen Kulturgutes. Die Universit\u00e4tsbibliothek Johann Christian Senckenberg (UB JCS) in Frankfurt am Main hat mehrere Projekte zum Erhalt des [&hellip;]<\/p>\n","protected":false},"author":8,"featured_media":34057,"comment_status":"closed","ping_status":"closed","sticky":false,"template":"","format":"standard","meta":{"_eb_attr":"","_price":"","_stock":"","_tribe_ticket_header":"","_tribe_default_ticket_provider":"","_ticket_start_date":"","_ticket_end_date":"","_tribe_ticket_show_description":"","_tribe_ticket_show_not_going":false,"_tribe_ticket_use_global_stock":"","_tribe_ticket_global_stock_level":"","_global_stock_mode":"","_global_stock_cap":"","_tribe_rsvp_for_event":"","_tribe_ticket_going_count":"","_tribe_ticket_not_going_count":"","_tribe_tickets_list":"[]","_tribe_ticket_has_attendee_info_fields":false,"footnotes":""},"categories":[5],"tags":[145],"post_folder":[],"class_list":["post-34056","post","type-post","status-publish","format-standard","has-post-thumbnail","hentry","category-campus","tag-universitaetsbibliothek"],"yoast_head":"<!-- This site is optimized with the Yoast SEO plugin v27.5 - https:\/\/yoast.com\/product\/yoast-seo-wordpress\/ -->\n<title>Wertvolle B\u00fccher brauchen Schutz | Aktuelles aus der Goethe-Universit\u00e4t Frankfurt<\/title>\n<meta name=\"robots\" content=\"index, follow, max-snippet:-1, max-image-preview:large, max-video-preview:-1\" \/>\n<link rel=\"canonical\" href=\"https:\/\/aktuelles.uni-frankfurt.de\/en\/campus\/wertvolle-buecher-brauchen-schutz\/\" \/>\n<meta property=\"og:locale\" content=\"en_GB\" \/>\n<meta property=\"og:type\" content=\"article\" \/>\n<meta property=\"og:title\" content=\"Wertvolle B\u00fccher brauchen Schutz | Aktuelles aus der Goethe-Universit\u00e4t Frankfurt\" \/>\n<meta property=\"og:description\" content=\"Die Universit\u00e4tsbibliothek der Goethe-Uni investiert 150.000 EUR in den Erhalt des schriftlichen Kulturgutes. Die Universit\u00e4tsbibliothek Johann Christian Senckenberg (UB JCS) in Frankfurt am Main hat mehrere Projekte zum Erhalt des [&hellip;]\" \/>\n<meta property=\"og:url\" content=\"https:\/\/aktuelles.uni-frankfurt.de\/en\/campus\/wertvolle-buecher-brauchen-schutz\/\" \/>\n<meta property=\"og:site_name\" content=\"Aktuelles aus der Goethe-Universit\u00e4t Frankfurt\" \/>\n<meta property=\"article:published_time\" content=\"2018-11-27T09:42:55+00:00\" \/>\n<meta property=\"article:modified_time\" content=\"2018-11-29T08:31:53+00:00\" \/>\n<meta property=\"og:image\" content=\"https:\/\/aktuelles.uni-frankfurt.de\/wp-content\/uploads\/2018\/11\/blog_Schutz-Buecher01.jpg\" \/>\n\t<meta property=\"og:image:width\" content=\"650\" \/>\n\t<meta property=\"og:image:height\" content=\"450\" \/>\n\t<meta property=\"og:image:type\" content=\"image\/jpeg\" \/>\n<meta name=\"author\" content=\"-\" \/>\n<meta name=\"twitter:card\" content=\"summary_large_image\" \/>\n<meta name=\"twitter:label1\" content=\"Written by\" \/>\n\t<meta name=\"twitter:data1\" content=\"-\" \/>\n\t<meta name=\"twitter:label2\" content=\"Estimated reading time\" \/>\n\t<meta name=\"twitter:data2\" content=\"3 minutes\" \/>\n<script type=\"application\/ld+json\" class=\"yoast-schema-graph\">{\"@context\":\"https:\\\/\\\/schema.org\",\"@graph\":[{\"@type\":\"Article\",\"@id\":\"https:\\\/\\\/aktuelles.uni-frankfurt.de\\\/campus\\\/wertvolle-buecher-brauchen-schutz\\\/#article\",\"isPartOf\":{\"@id\":\"https:\\\/\\\/aktuelles.uni-frankfurt.de\\\/campus\\\/wertvolle-buecher-brauchen-schutz\\\/\"},\"author\":{\"name\":\"-\",\"@id\":\"https:\\\/\\\/aktuelles.uni-frankfurt.de\\\/#\\\/schema\\\/person\\\/8e55ea338fb65d1ce87a91565d1f1739\"},\"headline\":\"Wertvolle B\u00fccher brauchen Schutz\",\"datePublished\":\"2018-11-27T09:42:55+00:00\",\"dateModified\":\"2018-11-29T08:31:53+00:00\",\"mainEntityOfPage\":{\"@id\":\"https:\\\/\\\/aktuelles.uni-frankfurt.de\\\/campus\\\/wertvolle-buecher-brauchen-schutz\\\/\"},\"wordCount\":702,\"publisher\":{\"@id\":\"https:\\\/\\\/aktuelles.uni-frankfurt.de\\\/#organization\"},\"image\":{\"@id\":\"https:\\\/\\\/aktuelles.uni-frankfurt.de\\\/campus\\\/wertvolle-buecher-brauchen-schutz\\\/#primaryimage\"},\"thumbnailUrl\":\"https:\\\/\\\/aktuelles.uni-frankfurt.de\\\/wp-content\\\/uploads\\\/2018\\\/11\\\/blog_Schutz-Buecher01.jpg\",\"keywords\":[\"Universit\u00e4tsbibliothek\"],\"articleSection\":[\"Campus\"],\"inLanguage\":\"en-GB\"},{\"@type\":\"WebPage\",\"@id\":\"https:\\\/\\\/aktuelles.uni-frankfurt.de\\\/campus\\\/wertvolle-buecher-brauchen-schutz\\\/\",\"url\":\"https:\\\/\\\/aktuelles.uni-frankfurt.de\\\/campus\\\/wertvolle-buecher-brauchen-schutz\\\/\",\"name\":\"Wertvolle B\u00fccher brauchen Schutz | Aktuelles aus der Goethe-Universit\u00e4t Frankfurt\",\"isPartOf\":{\"@id\":\"https:\\\/\\\/aktuelles.uni-frankfurt.de\\\/#website\"},\"primaryImageOfPage\":{\"@id\":\"https:\\\/\\\/aktuelles.uni-frankfurt.de\\\/campus\\\/wertvolle-buecher-brauchen-schutz\\\/#primaryimage\"},\"image\":{\"@id\":\"https:\\\/\\\/aktuelles.uni-frankfurt.de\\\/campus\\\/wertvolle-buecher-brauchen-schutz\\\/#primaryimage\"},\"thumbnailUrl\":\"https:\\\/\\\/aktuelles.uni-frankfurt.de\\\/wp-content\\\/uploads\\\/2018\\\/11\\\/blog_Schutz-Buecher01.jpg\",\"datePublished\":\"2018-11-27T09:42:55+00:00\",\"dateModified\":\"2018-11-29T08:31:53+00:00\",\"breadcrumb\":{\"@id\":\"https:\\\/\\\/aktuelles.uni-frankfurt.de\\\/campus\\\/wertvolle-buecher-brauchen-schutz\\\/#breadcrumb\"},\"inLanguage\":\"en-GB\",\"potentialAction\":[{\"@type\":\"ReadAction\",\"target\":[\"https:\\\/\\\/aktuelles.uni-frankfurt.de\\\/campus\\\/wertvolle-buecher-brauchen-schutz\\\/\"]}]},{\"@type\":\"ImageObject\",\"inLanguage\":\"en-GB\",\"@id\":\"https:\\\/\\\/aktuelles.uni-frankfurt.de\\\/campus\\\/wertvolle-buecher-brauchen-schutz\\\/#primaryimage\",\"url\":\"https:\\\/\\\/aktuelles.uni-frankfurt.de\\\/wp-content\\\/uploads\\\/2018\\\/11\\\/blog_Schutz-Buecher01.jpg\",\"contentUrl\":\"https:\\\/\\\/aktuelles.uni-frankfurt.de\\\/wp-content\\\/uploads\\\/2018\\\/11\\\/blog_Schutz-Buecher01.jpg\",\"width\":650,\"height\":450,\"caption\":\"Ein Band aus der Schopenhauer-Bibliothek, mit Exlibris und Annotationen des Philosophen.\"},{\"@type\":\"BreadcrumbList\",\"@id\":\"https:\\\/\\\/aktuelles.uni-frankfurt.de\\\/campus\\\/wertvolle-buecher-brauchen-schutz\\\/#breadcrumb\",\"itemListElement\":[{\"@type\":\"ListItem\",\"position\":1,\"name\":\"Startseite\",\"item\":\"https:\\\/\\\/aktuelles.uni-frankfurt.de\\\/\"},{\"@type\":\"ListItem\",\"position\":2,\"name\":\"Wertvolle B\u00fccher brauchen Schutz\"}]},{\"@type\":\"WebSite\",\"@id\":\"https:\\\/\\\/aktuelles.uni-frankfurt.de\\\/#website\",\"url\":\"https:\\\/\\\/aktuelles.uni-frankfurt.de\\\/\",\"name\":\"Aktuelles aus der Goethe-Universit\u00e4t Frankfurt\",\"description\":\"Aktuelles aus der Goethe-Universit\u00e4t | Neues aus Forschung, Lehre, Studium\",\"publisher\":{\"@id\":\"https:\\\/\\\/aktuelles.uni-frankfurt.de\\\/#organization\"},\"potentialAction\":[{\"@type\":\"SearchAction\",\"target\":{\"@type\":\"EntryPoint\",\"urlTemplate\":\"https:\\\/\\\/aktuelles.uni-frankfurt.de\\\/?s={search_term_string}\"},\"query-input\":{\"@type\":\"PropertyValueSpecification\",\"valueRequired\":true,\"valueName\":\"search_term_string\"}}],\"inLanguage\":\"en-GB\"},{\"@type\":\"Organization\",\"@id\":\"https:\\\/\\\/aktuelles.uni-frankfurt.de\\\/#organization\",\"name\":\"Goethe-Universit\u00e4t\",\"url\":\"https:\\\/\\\/aktuelles.uni-frankfurt.de\\\/\",\"logo\":{\"@type\":\"ImageObject\",\"inLanguage\":\"en-GB\",\"@id\":\"https:\\\/\\\/aktuelles.uni-frankfurt.de\\\/#\\\/schema\\\/logo\\\/image\\\/\",\"url\":\"https:\\\/\\\/aktuelles.uni-frankfurt.de\\\/wp-content\\\/uploads\\\/2022\\\/03\\\/800px-Goethe-Logo.png\",\"contentUrl\":\"https:\\\/\\\/aktuelles.uni-frankfurt.de\\\/wp-content\\\/uploads\\\/2022\\\/03\\\/800px-Goethe-Logo.png\",\"width\":800,\"height\":436,\"caption\":\"Goethe-Universit\u00e4t\"},\"image\":{\"@id\":\"https:\\\/\\\/aktuelles.uni-frankfurt.de\\\/#\\\/schema\\\/logo\\\/image\\\/\"}},{\"@type\":\"Person\",\"@id\":\"https:\\\/\\\/aktuelles.uni-frankfurt.de\\\/#\\\/schema\\\/person\\\/8e55ea338fb65d1ce87a91565d1f1739\",\"name\":\"-\",\"description\":\"Dieser Beitrag wurde von der Online-Redaktion ver\u00f6ffentlicht. Wenn der Beitrag von einem Gastautoren verfasst wurde, findet sich dieser Hinweis am Ende des jeweiligen Artikels.\",\"sameAs\":[\"http:\\\/\\\/aktuelles.uni-frankfurt.de\\\/autoren\"],\"url\":\"https:\\\/\\\/aktuelles.uni-frankfurt.de\\\/en\\\/author\\\/redaktion\\\/\"}]}<\/script>\n<!-- \/ Yoast SEO plugin. -->","yoast_head_json":{"title":"Wertvolle B\u00fccher brauchen Schutz | Aktuelles aus der Goethe-Universit\u00e4t Frankfurt","robots":{"index":"index","follow":"follow","max-snippet":"max-snippet:-1","max-image-preview":"max-image-preview:large","max-video-preview":"max-video-preview:-1"},"canonical":"https:\/\/aktuelles.uni-frankfurt.de\/en\/campus\/wertvolle-buecher-brauchen-schutz\/","og_locale":"en_GB","og_type":"article","og_title":"Wertvolle B\u00fccher brauchen Schutz | Aktuelles aus der Goethe-Universit\u00e4t Frankfurt","og_description":"Die Universit\u00e4tsbibliothek der Goethe-Uni investiert 150.000 EUR in den Erhalt des schriftlichen Kulturgutes. Die Universit\u00e4tsbibliothek Johann Christian Senckenberg (UB JCS) in Frankfurt am Main hat mehrere Projekte zum Erhalt des [&hellip;]","og_url":"https:\/\/aktuelles.uni-frankfurt.de\/en\/campus\/wertvolle-buecher-brauchen-schutz\/","og_site_name":"Aktuelles aus der Goethe-Universit\u00e4t Frankfurt","article_published_time":"2018-11-27T09:42:55+00:00","article_modified_time":"2018-11-29T08:31:53+00:00","og_image":[{"width":650,"height":450,"url":"https:\/\/aktuelles.uni-frankfurt.de\/wp-content\/uploads\/2018\/11\/blog_Schutz-Buecher01.jpg","type":"image\/jpeg"}],"author":"-","twitter_card":"summary_large_image","twitter_misc":{"Written by":"-","Estimated reading time":"3 minutes"},"schema":{"@context":"https:\/\/schema.org","@graph":[{"@type":"Article","@id":"https:\/\/aktuelles.uni-frankfurt.de\/campus\/wertvolle-buecher-brauchen-schutz\/#article","isPartOf":{"@id":"https:\/\/aktuelles.uni-frankfurt.de\/campus\/wertvolle-buecher-brauchen-schutz\/"},"author":{"name":"-","@id":"https:\/\/aktuelles.uni-frankfurt.de\/#\/schema\/person\/8e55ea338fb65d1ce87a91565d1f1739"},"headline":"Wertvolle B\u00fccher brauchen Schutz","datePublished":"2018-11-27T09:42:55+00:00","dateModified":"2018-11-29T08:31:53+00:00","mainEntityOfPage":{"@id":"https:\/\/aktuelles.uni-frankfurt.de\/campus\/wertvolle-buecher-brauchen-schutz\/"},"wordCount":702,"publisher":{"@id":"https:\/\/aktuelles.uni-frankfurt.de\/#organization"},"image":{"@id":"https:\/\/aktuelles.uni-frankfurt.de\/campus\/wertvolle-buecher-brauchen-schutz\/#primaryimage"},"thumbnailUrl":"https:\/\/aktuelles.uni-frankfurt.de\/wp-content\/uploads\/2018\/11\/blog_Schutz-Buecher01.jpg","keywords":["Universit\u00e4tsbibliothek"],"articleSection":["Campus"],"inLanguage":"en-GB"},{"@type":"WebPage","@id":"https:\/\/aktuelles.uni-frankfurt.de\/campus\/wertvolle-buecher-brauchen-schutz\/","url":"https:\/\/aktuelles.uni-frankfurt.de\/campus\/wertvolle-buecher-brauchen-schutz\/","name":"Wertvolle B\u00fccher brauchen Schutz | Aktuelles aus der Goethe-Universit\u00e4t Frankfurt","isPartOf":{"@id":"https:\/\/aktuelles.uni-frankfurt.de\/#website"},"primaryImageOfPage":{"@id":"https:\/\/aktuelles.uni-frankfurt.de\/campus\/wertvolle-buecher-brauchen-schutz\/#primaryimage"},"image":{"@id":"https:\/\/aktuelles.uni-frankfurt.de\/campus\/wertvolle-buecher-brauchen-schutz\/#primaryimage"},"thumbnailUrl":"https:\/\/aktuelles.uni-frankfurt.de\/wp-content\/uploads\/2018\/11\/blog_Schutz-Buecher01.jpg","datePublished":"2018-11-27T09:42:55+00:00","dateModified":"2018-11-29T08:31:53+00:00","breadcrumb":{"@id":"https:\/\/aktuelles.uni-frankfurt.de\/campus\/wertvolle-buecher-brauchen-schutz\/#breadcrumb"},"inLanguage":"en-GB","potentialAction":[{"@type":"ReadAction","target":["https:\/\/aktuelles.uni-frankfurt.de\/campus\/wertvolle-buecher-brauchen-schutz\/"]}]},{"@type":"ImageObject","inLanguage":"en-GB","@id":"https:\/\/aktuelles.uni-frankfurt.de\/campus\/wertvolle-buecher-brauchen-schutz\/#primaryimage","url":"https:\/\/aktuelles.uni-frankfurt.de\/wp-content\/uploads\/2018\/11\/blog_Schutz-Buecher01.jpg","contentUrl":"https:\/\/aktuelles.uni-frankfurt.de\/wp-content\/uploads\/2018\/11\/blog_Schutz-Buecher01.jpg","width":650,"height":450,"caption":"Ein Band aus der Schopenhauer-Bibliothek, mit Exlibris und Annotationen des Philosophen."},{"@type":"BreadcrumbList","@id":"https:\/\/aktuelles.uni-frankfurt.de\/campus\/wertvolle-buecher-brauchen-schutz\/#breadcrumb","itemListElement":[{"@type":"ListItem","position":1,"name":"Startseite","item":"https:\/\/aktuelles.uni-frankfurt.de\/"},{"@type":"ListItem","position":2,"name":"Wertvolle B\u00fccher brauchen Schutz"}]},{"@type":"WebSite","@id":"https:\/\/aktuelles.uni-frankfurt.de\/#website","url":"https:\/\/aktuelles.uni-frankfurt.de\/","name":"Aktuelles aus der Goethe-Universit\u00e4t Frankfurt","description":"Aktuelles aus der Goethe-Universit\u00e4t | Neues aus Forschung, Lehre, Studium","publisher":{"@id":"https:\/\/aktuelles.uni-frankfurt.de\/#organization"},"potentialAction":[{"@type":"SearchAction","target":{"@type":"EntryPoint","urlTemplate":"https:\/\/aktuelles.uni-frankfurt.de\/?s={search_term_string}"},"query-input":{"@type":"PropertyValueSpecification","valueRequired":true,"valueName":"search_term_string"}}],"inLanguage":"en-GB"},{"@type":"Organization","@id":"https:\/\/aktuelles.uni-frankfurt.de\/#organization","name":"Goethe University Frankfurt","url":"https:\/\/aktuelles.uni-frankfurt.de\/","logo":{"@type":"ImageObject","inLanguage":"en-GB","@id":"https:\/\/aktuelles.uni-frankfurt.de\/#\/schema\/logo\/image\/","url":"https:\/\/aktuelles.uni-frankfurt.de\/wp-content\/uploads\/2022\/03\/800px-Goethe-Logo.png","contentUrl":"https:\/\/aktuelles.uni-frankfurt.de\/wp-content\/uploads\/2022\/03\/800px-Goethe-Logo.png","width":800,"height":436,"caption":"Goethe-Universit\u00e4t"},"image":{"@id":"https:\/\/aktuelles.uni-frankfurt.de\/#\/schema\/logo\/image\/"}},{"@type":"Person","@id":"https:\/\/aktuelles.uni-frankfurt.de\/#\/schema\/person\/8e55ea338fb65d1ce87a91565d1f1739","name":"-","description":"Dieser Beitrag wurde von der Online-Redaktion ver\u00f6ffentlicht. Wenn der Beitrag von einem Gastautoren verfasst wurde, findet sich dieser Hinweis am Ende des jeweiligen Artikels.","sameAs":["http:\/\/aktuelles.uni-frankfurt.de\/autoren"],"url":"https:\/\/aktuelles.uni-frankfurt.de\/en\/author\/redaktion\/"}]}},"_links":{"self":[{"href":"https:\/\/aktuelles.uni-frankfurt.de\/en\/wp-json\/wp\/v2\/posts\/34056","targetHints":{"allow":["GET"]}}],"collection":[{"href":"https:\/\/aktuelles.uni-frankfurt.de\/en\/wp-json\/wp\/v2\/posts"}],"about":[{"href":"https:\/\/aktuelles.uni-frankfurt.de\/en\/wp-json\/wp\/v2\/types\/post"}],"author":[{"embeddable":true,"href":"https:\/\/aktuelles.uni-frankfurt.de\/en\/wp-json\/wp\/v2\/users\/8"}],"replies":[{"embeddable":true,"href":"https:\/\/aktuelles.uni-frankfurt.de\/en\/wp-json\/wp\/v2\/comments?post=34056"}],"version-history":[{"count":0,"href":"https:\/\/aktuelles.uni-frankfurt.de\/en\/wp-json\/wp\/v2\/posts\/34056\/revisions"}],"wp:featuredmedia":[{"embeddable":true,"href":"https:\/\/aktuelles.uni-frankfurt.de\/en\/wp-json\/wp\/v2\/media\/34057"}],"wp:attachment":[{"href":"https:\/\/aktuelles.uni-frankfurt.de\/en\/wp-json\/wp\/v2\/media?parent=34056"}],"wp:term":[{"taxonomy":"category","embeddable":true,"href":"https:\/\/aktuelles.uni-frankfurt.de\/en\/wp-json\/wp\/v2\/categories?post=34056"},{"taxonomy":"post_tag","embeddable":true,"href":"https:\/\/aktuelles.uni-frankfurt.de\/en\/wp-json\/wp\/v2\/tags?post=34056"},{"taxonomy":"post_folder","embeddable":true,"href":"https:\/\/aktuelles.uni-frankfurt.de\/en\/wp-json\/wp\/v2\/post_folder?post=34056"}],"curies":[{"name":"wp","href":"https:\/\/api.w.org\/{rel}","templated":true}]}}