{"id":343,"date":"2015-05-29T10:51:18","date_gmt":"2015-05-29T08:51:18","guid":{"rendered":"http:\/\/aktuelles.uni-frankfurt.de\/?p=343"},"modified":"2016-01-10T22:10:58","modified_gmt":"2016-01-10T21:10:58","slug":"deans-list-praedikat-mit-eingebautem-karriere-turbo","status":"publish","type":"post","link":"https:\/\/aktuelles.uni-frankfurt.de\/en\/studium\/deans-list-praedikat-mit-eingebautem-karriere-turbo\/","title":{"rendered":"\u00bbDean\u2019s List\u00ab: Pr\u00e4dikat mit eingebautem Karriere-Turbo"},"content":{"rendered":"<figure id=\"attachment_1508\" aria-describedby=\"caption-attachment-1508\" style=\"width: 300px\" class=\"wp-caption alignleft\"><img fetchpriority=\"high\" decoding=\"async\" class=\"wp-image-1508 size-medium\" src=\"https:\/\/aktuelles.uni-frankfurt.de\/wp-content\/uploads\/2015\/05\/blog_unireport_deans-list-300x200.jpg\" alt=\"Im Faculty Club des House of Finance: Studierende der Dean\u2019s List im Gespr\u00e4ch mit Prof. Hans-Joachim B\u00f6cking (l.) und Peter M\u00fcller von der Bayer AG. Foto: Dettmar\" width=\"300\" height=\"200\" srcset=\"https:\/\/aktuelles.uni-frankfurt.de\/wp-content\/uploads\/2015\/05\/blog_unireport_deans-list-300x200.jpg 300w, https:\/\/aktuelles.uni-frankfurt.de\/wp-content\/uploads\/2015\/05\/blog_unireport_deans-list.jpg 400w\" sizes=\"(max-width: 300px) 100vw, 300px\" \/><figcaption id=\"caption-attachment-1508\" class=\"wp-caption-text\">Im Faculty Club des House of Finance: Studierende der Dean\u2019s List im Gespr\u00e4ch mit Prof. Hans-Joachim B\u00f6cking (l.) und Peter M\u00fcller von der Bayer AG. Foto: Dettmar<\/figcaption><\/figure>\n<p>Wer bei den Wirtschaftswissenschaftlern zu den 5 Prozent der besten Bachelorstudierenden geh\u00f6rt oder im Masterstudiengang auf \u00bbsehr gut\u00ab steht, kommt auf die \u00bbDean\u2019s List\u00ab und wird zu exklusiven Treffen mit Unternehmensvertretern eingeladen.<!--more--><\/p>\n<p>Da kommt ein bisschen Privat-Uni-Stimmung \u00e0 la WHU in Koblenz-Vallendar auf: 30 Wiwi-Studierende der Goethe-Universit\u00e4t betreten in der Abendsonne den Faculty Club des House of Finance, st\u00e4rken sich erst am Buffet und nehmen dann Platz im Kreis rund um Professor Hans-Joachim B\u00f6cking und dem Wirtschaftsvertreter des Abends, dem Konzernbereichsleiter Finanzen der Bayer AG, Peter M\u00fcller. Sie haben sich chic gemacht. Man sieht viele Hemdkragen, vereinzelt Blazer und Pumps, aber auch Hoodies und Turnschuhe. Solche kleinen feinen Runden erwartet man nicht an einem Fachbereich mit rund 4.500 Studierenden.<\/p>\n<p>Sehr konzentriert lauschen sie, was M\u00fcller von seinem Werdegang zu berichten hat, dem mit 100 Mrd. Euro Marktkapitalisierung wertvollsten deutschen Unternehmen und der Gesch\u00e4ftsentwicklung der Bayer AG. M\u00fcller ist den Studierenden sehr zugewandt, geht auf viele Fragen ein und lockert mit einigen Scherzen auch die stille Zuh\u00f6rerschaft auf. Kurz vor 18 Uhr hatte er sich noch mit den sechs Sprechern [dt_quote type=&#8220;pullquote&#8220; font_size=&#8220;h4&#8243; background=&#8220;fancy&#8220; layout=&#8220;right&#8220; size=&#8220;1&#8243;]\u201eIch bin nicht kategorisch gegen Bestenf\u00f6rderung, aber m\u00fcssten nicht eigentlich gerade die schw\u00e4chsten Studierenden die st\u00e4rkste F\u00f6rderung erfahren?\u201c (Prof. Tim Engartner)[\/dt_quote] der Dean\u2019s List beraten, wie Bayer sich als neuer Unternehmenspartner bei der Dean\u2019s List einbringen kann. Werksf\u00fchrungen, Finanz-Workshops, Praktika werden angesprochen. \u201ePraktika sind etwas, was wir relativ leicht erm\u00f6glichen k\u00f6nnen\u201c, sagt er sp\u00e4ter im Plenum. Kein Zweifel, die Anwesenden sind daf\u00fcr in der Pole Position.<\/p>\n<p>\u201eAls wir 2007 auf Bachelor- und Masterstudieng\u00e4nge umstellten, haben wir als weitere Neuheit nach anglo-amerikanischem Vorbild die Dean\u2019s List eingef\u00fchrt\u201c, erkl\u00e4rt Doreen G\u00fcnther, Leiterin der Student Services den Ursprung. Seitdem pflegen nicht nur die Universit\u00e4ten Pittsburgh, Cornell oder Washington Bestenlisten, sondern auch immer mehr deutsche Hochschulen wie die in K\u00f6ln, Hohenheim, W\u00fcrzburg, M\u00fcnchen oder eben Frankfurt. Hierzulande kurioserweise meist beschr\u00e4nkt auf die Wirtschaftswissenschaften.<\/p>\n<h3>260 Studierende auf der Dean\u2019s List<\/h3>\n<p>Die Ziele einer solchen Bestenf\u00f6rderung von Seiten der Uni kann Dekan Andreas Hackethal klar benennen: \u201eDen leistungsst\u00e4rksten Studierenden erf\u00fcllen wir den Wunsch nach sichtbarer und prestigereicher Zertifizierung ihrer Leistung und Austausch untereinander, potenziellen Arbeitgebern den Wunsch, mit genau dieser Gruppe in Dialog zu treten.\u201c Anders als in den USA wird die Liste hier jedoch nicht \u00f6ffentlich ins Netz gestellt, sondern die Firmen sprechen die Studierenden nur \u00fcber Verteiler der Uni an. Von der Dean\u2019s List profitierten am Ende viele, weil Beitr\u00e4ge der Partnerfirmen zur Verbesserung der Career Services f\u00fcr alle Studierenden genutzt w\u00fcrden\u201c, sagt Hackethal. \u201eWiderst\u00e4nde sind mir keine bekannt. Die Akzeptanz intern und bei Firmen ist sehr hoch.\u201c Deshalb sei die Dean\u2019s List 2013 sogar auf Master-Programme erweitert worden.<\/p>\n<p>260 Studierende stehen aktuell auf der Liste \u2013 mit Bleiberecht f\u00fcr den gesamten Studiengang. \u201eDenn wir haben gesehen, dass ohnehin die meisten ihre Noten halten\u201c, sagt Doreen G\u00fcnther. Am 30.4. war gerade Stichtag f\u00fcr die Neuaufnahmen aus dem Wintersemester 2014\/2015: 27 neue Masterstudierende und 66 neue Bachelorstudierende kommen hinzu. \u201eUnd dass, obwohl man als Erstsemester f\u00fcr den Listenplatz einen Schnitt von 1,0 braucht\u201c, ist Doreen G\u00fcnther selbst erstaunt.<\/p>\n<p>W\u00e4hrend Elitef\u00f6rderung in Amerika oder an Privatunis selbstverst\u00e4ndlich ist, steht sie an einer gro\u00dfen \u00f6ffentlichen Universit\u00e4t schnell in der Kritik, einen Keil zwischen die Studierenden zu treiben und der gro\u00dfen Masse der \u201enormal talentierten\u201c etwas wegzunehmen. Selbst die FAZ titelte neulich etwas h\u00e4misch \u201eExtrawurst f\u00fcr Elitestudenten\u201c.<\/p>\n<p>[dt_quote type=&#8220;pullquote&#8220; font_size=&#8220;h4&#8243; background=&#8220;fancy&#8220; layout=&#8220;right&#8220; size=&#8220;1&#8243;]\u201eDen leistungsst\u00e4rksten Studierenden erf\u00fcllen wir den Wunsch nach sichtbarer und prestigereicher Zertifizierung ihrer Leistung und Austausch untereinander, potenziellen Arbeitgebern den Wunsch, mit genau dieser Gruppe in Dialog zu treten.\u201c (Prof. Andreas Hackethal)[\/dt_quote]<\/p>\n<p>Doch die nicht gef\u00f6rderten Wiwi-Studierenden haben offensichtlich wenig Probleme mit der Dean\u2019s List: \u201eSie ist doch f\u00fcr alle ein guter Ansporn, sich im ersten Semester ins Zeug zu legen\u201c, sagt etwa B\u00fcsra, 3. Semester Bachelor. \u201eAu\u00dferdem gibt es genug andere M\u00f6glichkeiten, \u00fcber die studentischen Initiativen und Jobmessen mit Unternehmen in Kontakt zu kommen. Man muss dazu nur aktiv werden.\u201c Wenn demn\u00e4chst eines der 14 Partnerunternehmen, diesmal die KfW \u2013 Kreditanstalt f\u00fcr Wiederaufbau \u2013, zur Auszeichnungsfeier einlade, sei das sicher nichts, mit dem man \u00fcberall herumprahle, sind sich die Dean-List-Sprecher einig. \u201eAber letztendlich hat jeder die Chance, auf die Liste zu kommen\u201c, meint Said Haschemi. \u201eUnd dann kommt es immer noch auf einen selbst an, ob man etwas daraus macht.\u201c<\/p>\n<h3>F\u00f6rderung von \u00bbEllenbogenmentalit\u00e4t\u00ab?<\/h3>\n<p>Nachahmer der Dean\u2019s List sucht man an den anderen Fachbereichen der Goethe-Uni bislang vergebens. \u201eHaben wir nicht und ist auch nicht geplant\u201c, winkt My-Sun Kim, Leiterin des Referats f\u00fcr Studienangelegenheiten am Fachbereich Rechtswissenschaft ab. F\u00fcr die Mediziner verneint der Dekan, Prof. Josef M. Pfeilschifter: \u201eWir vertrauen auf die klassischen Hochbegabtenf\u00f6rderungswerke wie Studienstiftung etc., in denen die Mediziner \u00fcberproportional vertreten sind.\u201c Keine Chance h\u00e4tte die Einf\u00fchrung einer Dean\u2019s List am Fachbereich Gesellschaftswissenschaften, ist sich Tim Engartner, Professor f\u00fcr Didaktik der Sozialwissenschaften, sicher. \u201eIch sehe die Gefahr in der Dean\u2019s List darin, dass sie den Wettbewerb zwischen den Studierenden \u00fcbergeb\u00fchrlich versch\u00e4rft, weil ich ja nicht nur einen bestimmten Notenschnitt erreichen muss, sondern auch m\u00f6glichst viele Kommilitoninnen und Kommilitonen hinter mir lassen muss, um zu den Besten zu geh\u00f6ren! Das f\u00f6rdert aus meiner Sicht die Ellenbogenmentalit\u00e4t.\u201c<\/p>\n<p>Der Wettbewerbsgedanke scheint ihm \u2013 studiengangsbedingt \u2013 bei den Studierenden am Fachbereich 2 wesentlich st\u00e4rker ausgepr\u00e4gt zu sein \u201eals an unserem Fachbereich. Erschlie\u00dfen sich unsere Studierenden den Zugang zum Arbeitsmarkt doch nicht allein mit guten Noten, sondern h\u00e4ufig \u00fcber einschl\u00e4gige Praktika, ehrenamtliches Engagement, Fremdsprachenkenntnisse und berufsfeldbezogene Abschlussarbeiten.\u201c Vermutlich sei gerade diese ausgepr\u00e4gte Wettbewerbsorientierung unter angehenden \u00d6konomen auch der Grund daf\u00fcr, dass die gro\u00dfe Masse der nicht gef\u00f6rderten Studierenden\u00a0diese Form der Bestenf\u00f6rderung akzeptiere. \u201eGerade an einer gro\u00dfen Universit\u00e4t wie unserer ist individuelle Talentf\u00f6rderung zweifellos wichtig. Von daher bin ich nicht kategorisch gegen Bestenf\u00f6rderung, aber m\u00fcssten nicht eigentlich gerade die schw\u00e4chsten Studierenden die st\u00e4rkste F\u00f6rderung erfahren?\u201c, fragt er sich. \u201eWenn sich die Hochschulen k\u00fcnftig f\u00fcr ein noch breiteres Publikum \u00f6ffnen, wird die Kluft zwischen den schw\u00e4chsten und besten Studierenden eines Jahrgangs weiter wachsen. Insofern wird unser Auftrag noch st\u00e4rker darin liegen, an beiden R\u00e4ndern zu f\u00f6rdern. Und da die Jahrgangsbesten vom Arbeitsmarkt ohnehin privilegiert werden, stellt sich mir die Frage, ob man die Dean\u2019s List \u00fcberhaupt braucht.\u201c<\/p>\n<p>Jens Blank vom Career Service f\u00fcr alle Studierenden der Goethe-Universit\u00e4t vertritt indes eine ganz pragmatische Sicht: \u201eDie Dean\u2019s List ist ein gutes Mittel, um zu zeigen, wo man steht und sich von anderen Bewerbern abzuheben. Daher empfehle ich sehr, sie genauso wie ein Deutschlandstipendium oder andere Auszeichnungen in den Lebenslauf aufzunehmen. An diesen Indikatoren k\u00f6nnen die Unternehmen erkennen, dass der Bewerber zu den Begabtesten seines Jahrgangs geh\u00f6rt und sich \u2013 wenn er Stipendiat ist \u2013 meist auch besonders engagiert.\u201c F\u00fcr ihn sei die Dean\u2019s List \u201eeine sch\u00f6ne Sache, die andere Fachbereiche ruhig adaptieren sollten\u201c. [Autorin: Julia Wittenhagen]<\/p>\n","protected":false},"excerpt":{"rendered":"<p>Wer bei den Wirtschaftswissenschaftlern zu den 5 Prozent der besten Bachelorstudierenden geh\u00f6rt oder im Masterstudiengang auf \u00bbsehr gut\u00ab steht, kommt auf die \u00bbDean\u2019s List\u00ab und wird zu exklusiven Treffen mit [&hellip;]<\/p>\n","protected":false},"author":8,"featured_media":1508,"comment_status":"closed","ping_status":"closed","sticky":false,"template":"","format":"standard","meta":{"_eb_attr":"","_price":"","_stock":"","_tribe_ticket_header":"","_tribe_default_ticket_provider":"","_ticket_start_date":"","_ticket_end_date":"","_tribe_ticket_show_description":"","_tribe_ticket_show_not_going":false,"_tribe_ticket_use_global_stock":"","_tribe_ticket_global_stock_level":"","_global_stock_mode":"","_global_stock_cap":"","_tribe_rsvp_for_event":"","_tribe_ticket_going_count":"","_tribe_ticket_not_going_count":"","_tribe_tickets_list":"[]","_tribe_ticket_has_attendee_info_fields":false,"footnotes":""},"categories":[9],"tags":[10,22],"post_folder":[],"class_list":["post-343","post","type-post","status-publish","format-standard","has-post-thumbnail","hentry","category-studium","tag-unireport","tag-wirtschaftswissenschaften"],"yoast_head":"<!-- This site is optimized with the Yoast SEO plugin v27.5 - https:\/\/yoast.com\/product\/yoast-seo-wordpress\/ -->\n<title>\u00bbDean\u2019s List\u00ab: Pr\u00e4dikat mit eingebautem Karriere-Turbo | Aktuelles aus der Goethe-Universit\u00e4t Frankfurt<\/title>\n<meta name=\"robots\" content=\"index, follow, max-snippet:-1, max-image-preview:large, max-video-preview:-1\" \/>\n<link rel=\"canonical\" href=\"https:\/\/aktuelles.uni-frankfurt.de\/en\/studium\/deans-list-praedikat-mit-eingebautem-karriere-turbo\/\" \/>\n<meta property=\"og:locale\" content=\"en_GB\" \/>\n<meta property=\"og:type\" content=\"article\" \/>\n<meta property=\"og:title\" content=\"\u00bbDean\u2019s List\u00ab: Pr\u00e4dikat mit eingebautem Karriere-Turbo | Aktuelles aus der Goethe-Universit\u00e4t Frankfurt\" \/>\n<meta property=\"og:description\" content=\"Wer bei den Wirtschaftswissenschaftlern zu den 5 Prozent der besten Bachelorstudierenden geh\u00f6rt oder im Masterstudiengang auf \u00bbsehr gut\u00ab steht, kommt auf die \u00bbDean\u2019s List\u00ab und wird zu exklusiven Treffen mit [&hellip;]\" \/>\n<meta property=\"og:url\" content=\"https:\/\/aktuelles.uni-frankfurt.de\/en\/studium\/deans-list-praedikat-mit-eingebautem-karriere-turbo\/\" \/>\n<meta property=\"og:site_name\" content=\"Aktuelles aus der Goethe-Universit\u00e4t Frankfurt\" \/>\n<meta property=\"article:published_time\" content=\"2015-05-29T08:51:18+00:00\" \/>\n<meta property=\"article:modified_time\" content=\"2016-01-10T21:10:58+00:00\" \/>\n<meta property=\"og:image\" content=\"https:\/\/aktuelles.uni-frankfurt.de\/wp-content\/uploads\/2015\/05\/blog_unireport_deans-list.jpg\" \/>\n\t<meta property=\"og:image:width\" content=\"400\" \/>\n\t<meta property=\"og:image:height\" content=\"267\" \/>\n\t<meta property=\"og:image:type\" content=\"image\/jpeg\" \/>\n<meta name=\"author\" content=\"-\" \/>\n<meta name=\"twitter:card\" content=\"summary_large_image\" \/>\n<meta name=\"twitter:label1\" content=\"Written by\" \/>\n\t<meta name=\"twitter:data1\" content=\"-\" \/>\n\t<meta name=\"twitter:label2\" content=\"Estimated reading time\" \/>\n\t<meta name=\"twitter:data2\" content=\"6 minutes\" \/>\n<script type=\"application\/ld+json\" class=\"yoast-schema-graph\">{\"@context\":\"https:\\\/\\\/schema.org\",\"@graph\":[{\"@type\":\"Article\",\"@id\":\"https:\\\/\\\/aktuelles.uni-frankfurt.de\\\/studium\\\/deans-list-praedikat-mit-eingebautem-karriere-turbo\\\/#article\",\"isPartOf\":{\"@id\":\"https:\\\/\\\/aktuelles.uni-frankfurt.de\\\/studium\\\/deans-list-praedikat-mit-eingebautem-karriere-turbo\\\/\"},\"author\":{\"name\":\"-\",\"@id\":\"https:\\\/\\\/aktuelles.uni-frankfurt.de\\\/#\\\/schema\\\/person\\\/8e55ea338fb65d1ce87a91565d1f1739\"},\"headline\":\"\u00bbDean\u2019s List\u00ab: Pr\u00e4dikat mit eingebautem Karriere-Turbo\",\"datePublished\":\"2015-05-29T08:51:18+00:00\",\"dateModified\":\"2016-01-10T21:10:58+00:00\",\"mainEntityOfPage\":{\"@id\":\"https:\\\/\\\/aktuelles.uni-frankfurt.de\\\/studium\\\/deans-list-praedikat-mit-eingebautem-karriere-turbo\\\/\"},\"wordCount\":1262,\"publisher\":{\"@id\":\"https:\\\/\\\/aktuelles.uni-frankfurt.de\\\/#organization\"},\"image\":{\"@id\":\"https:\\\/\\\/aktuelles.uni-frankfurt.de\\\/studium\\\/deans-list-praedikat-mit-eingebautem-karriere-turbo\\\/#primaryimage\"},\"thumbnailUrl\":\"https:\\\/\\\/aktuelles.uni-frankfurt.de\\\/wp-content\\\/uploads\\\/2015\\\/05\\\/blog_unireport_deans-list.jpg\",\"keywords\":[\"UniReport\",\"Wirtschaftswissenschaften\"],\"articleSection\":[\"Studium\"],\"inLanguage\":\"en-GB\"},{\"@type\":\"WebPage\",\"@id\":\"https:\\\/\\\/aktuelles.uni-frankfurt.de\\\/studium\\\/deans-list-praedikat-mit-eingebautem-karriere-turbo\\\/\",\"url\":\"https:\\\/\\\/aktuelles.uni-frankfurt.de\\\/studium\\\/deans-list-praedikat-mit-eingebautem-karriere-turbo\\\/\",\"name\":\"\u00bbDean\u2019s List\u00ab: Pr\u00e4dikat mit eingebautem Karriere-Turbo | Aktuelles aus der Goethe-Universit\u00e4t Frankfurt\",\"isPartOf\":{\"@id\":\"https:\\\/\\\/aktuelles.uni-frankfurt.de\\\/#website\"},\"primaryImageOfPage\":{\"@id\":\"https:\\\/\\\/aktuelles.uni-frankfurt.de\\\/studium\\\/deans-list-praedikat-mit-eingebautem-karriere-turbo\\\/#primaryimage\"},\"image\":{\"@id\":\"https:\\\/\\\/aktuelles.uni-frankfurt.de\\\/studium\\\/deans-list-praedikat-mit-eingebautem-karriere-turbo\\\/#primaryimage\"},\"thumbnailUrl\":\"https:\\\/\\\/aktuelles.uni-frankfurt.de\\\/wp-content\\\/uploads\\\/2015\\\/05\\\/blog_unireport_deans-list.jpg\",\"datePublished\":\"2015-05-29T08:51:18+00:00\",\"dateModified\":\"2016-01-10T21:10:58+00:00\",\"breadcrumb\":{\"@id\":\"https:\\\/\\\/aktuelles.uni-frankfurt.de\\\/studium\\\/deans-list-praedikat-mit-eingebautem-karriere-turbo\\\/#breadcrumb\"},\"inLanguage\":\"en-GB\",\"potentialAction\":[{\"@type\":\"ReadAction\",\"target\":[\"https:\\\/\\\/aktuelles.uni-frankfurt.de\\\/studium\\\/deans-list-praedikat-mit-eingebautem-karriere-turbo\\\/\"]}]},{\"@type\":\"ImageObject\",\"inLanguage\":\"en-GB\",\"@id\":\"https:\\\/\\\/aktuelles.uni-frankfurt.de\\\/studium\\\/deans-list-praedikat-mit-eingebautem-karriere-turbo\\\/#primaryimage\",\"url\":\"https:\\\/\\\/aktuelles.uni-frankfurt.de\\\/wp-content\\\/uploads\\\/2015\\\/05\\\/blog_unireport_deans-list.jpg\",\"contentUrl\":\"https:\\\/\\\/aktuelles.uni-frankfurt.de\\\/wp-content\\\/uploads\\\/2015\\\/05\\\/blog_unireport_deans-list.jpg\",\"width\":400,\"height\":267,\"caption\":\"Im Faculty Club des House of Finance: Studierende der Dean\u2019s List im Gespr\u00e4ch mit Prof. Hans-Joachim B\u00f6cking (l.) und Peter M\u00fcller von der Bayer AG. Foto: Dettmar\"},{\"@type\":\"BreadcrumbList\",\"@id\":\"https:\\\/\\\/aktuelles.uni-frankfurt.de\\\/studium\\\/deans-list-praedikat-mit-eingebautem-karriere-turbo\\\/#breadcrumb\",\"itemListElement\":[{\"@type\":\"ListItem\",\"position\":1,\"name\":\"Startseite\",\"item\":\"https:\\\/\\\/aktuelles.uni-frankfurt.de\\\/\"},{\"@type\":\"ListItem\",\"position\":2,\"name\":\"\u00bbDean\u2019s List\u00ab: Pr\u00e4dikat mit eingebautem Karriere-Turbo\"}]},{\"@type\":\"WebSite\",\"@id\":\"https:\\\/\\\/aktuelles.uni-frankfurt.de\\\/#website\",\"url\":\"https:\\\/\\\/aktuelles.uni-frankfurt.de\\\/\",\"name\":\"Aktuelles aus der Goethe-Universit\u00e4t Frankfurt\",\"description\":\"Aktuelles aus der Goethe-Universit\u00e4t | Neues aus Forschung, Lehre, Studium\",\"publisher\":{\"@id\":\"https:\\\/\\\/aktuelles.uni-frankfurt.de\\\/#organization\"},\"potentialAction\":[{\"@type\":\"SearchAction\",\"target\":{\"@type\":\"EntryPoint\",\"urlTemplate\":\"https:\\\/\\\/aktuelles.uni-frankfurt.de\\\/?s={search_term_string}\"},\"query-input\":{\"@type\":\"PropertyValueSpecification\",\"valueRequired\":true,\"valueName\":\"search_term_string\"}}],\"inLanguage\":\"en-GB\"},{\"@type\":\"Organization\",\"@id\":\"https:\\\/\\\/aktuelles.uni-frankfurt.de\\\/#organization\",\"name\":\"Goethe-Universit\u00e4t\",\"url\":\"https:\\\/\\\/aktuelles.uni-frankfurt.de\\\/\",\"logo\":{\"@type\":\"ImageObject\",\"inLanguage\":\"en-GB\",\"@id\":\"https:\\\/\\\/aktuelles.uni-frankfurt.de\\\/#\\\/schema\\\/logo\\\/image\\\/\",\"url\":\"https:\\\/\\\/aktuelles.uni-frankfurt.de\\\/wp-content\\\/uploads\\\/2022\\\/03\\\/800px-Goethe-Logo.png\",\"contentUrl\":\"https:\\\/\\\/aktuelles.uni-frankfurt.de\\\/wp-content\\\/uploads\\\/2022\\\/03\\\/800px-Goethe-Logo.png\",\"width\":800,\"height\":436,\"caption\":\"Goethe-Universit\u00e4t\"},\"image\":{\"@id\":\"https:\\\/\\\/aktuelles.uni-frankfurt.de\\\/#\\\/schema\\\/logo\\\/image\\\/\"}},{\"@type\":\"Person\",\"@id\":\"https:\\\/\\\/aktuelles.uni-frankfurt.de\\\/#\\\/schema\\\/person\\\/8e55ea338fb65d1ce87a91565d1f1739\",\"name\":\"-\",\"description\":\"Dieser Beitrag wurde von der Online-Redaktion ver\u00f6ffentlicht. Wenn der Beitrag von einem Gastautoren verfasst wurde, findet sich dieser Hinweis am Ende des jeweiligen Artikels.\",\"sameAs\":[\"http:\\\/\\\/aktuelles.uni-frankfurt.de\\\/autoren\"],\"url\":\"https:\\\/\\\/aktuelles.uni-frankfurt.de\\\/en\\\/author\\\/redaktion\\\/\"}]}<\/script>\n<!-- \/ Yoast SEO plugin. -->","yoast_head_json":{"title":"\u00bbDean\u2019s List\u00ab: Pr\u00e4dikat mit eingebautem Karriere-Turbo | Aktuelles aus der Goethe-Universit\u00e4t Frankfurt","robots":{"index":"index","follow":"follow","max-snippet":"max-snippet:-1","max-image-preview":"max-image-preview:large","max-video-preview":"max-video-preview:-1"},"canonical":"https:\/\/aktuelles.uni-frankfurt.de\/en\/studium\/deans-list-praedikat-mit-eingebautem-karriere-turbo\/","og_locale":"en_GB","og_type":"article","og_title":"\u00bbDean\u2019s List\u00ab: Pr\u00e4dikat mit eingebautem Karriere-Turbo | Aktuelles aus der Goethe-Universit\u00e4t Frankfurt","og_description":"Wer bei den Wirtschaftswissenschaftlern zu den 5 Prozent der besten Bachelorstudierenden geh\u00f6rt oder im Masterstudiengang auf \u00bbsehr gut\u00ab steht, kommt auf die \u00bbDean\u2019s List\u00ab und wird zu exklusiven Treffen mit [&hellip;]","og_url":"https:\/\/aktuelles.uni-frankfurt.de\/en\/studium\/deans-list-praedikat-mit-eingebautem-karriere-turbo\/","og_site_name":"Aktuelles aus der Goethe-Universit\u00e4t Frankfurt","article_published_time":"2015-05-29T08:51:18+00:00","article_modified_time":"2016-01-10T21:10:58+00:00","og_image":[{"width":400,"height":267,"url":"https:\/\/aktuelles.uni-frankfurt.de\/wp-content\/uploads\/2015\/05\/blog_unireport_deans-list.jpg","type":"image\/jpeg"}],"author":"-","twitter_card":"summary_large_image","twitter_misc":{"Written by":"-","Estimated reading time":"6 minutes"},"schema":{"@context":"https:\/\/schema.org","@graph":[{"@type":"Article","@id":"https:\/\/aktuelles.uni-frankfurt.de\/studium\/deans-list-praedikat-mit-eingebautem-karriere-turbo\/#article","isPartOf":{"@id":"https:\/\/aktuelles.uni-frankfurt.de\/studium\/deans-list-praedikat-mit-eingebautem-karriere-turbo\/"},"author":{"name":"-","@id":"https:\/\/aktuelles.uni-frankfurt.de\/#\/schema\/person\/8e55ea338fb65d1ce87a91565d1f1739"},"headline":"\u00bbDean\u2019s List\u00ab: Pr\u00e4dikat mit eingebautem Karriere-Turbo","datePublished":"2015-05-29T08:51:18+00:00","dateModified":"2016-01-10T21:10:58+00:00","mainEntityOfPage":{"@id":"https:\/\/aktuelles.uni-frankfurt.de\/studium\/deans-list-praedikat-mit-eingebautem-karriere-turbo\/"},"wordCount":1262,"publisher":{"@id":"https:\/\/aktuelles.uni-frankfurt.de\/#organization"},"image":{"@id":"https:\/\/aktuelles.uni-frankfurt.de\/studium\/deans-list-praedikat-mit-eingebautem-karriere-turbo\/#primaryimage"},"thumbnailUrl":"https:\/\/aktuelles.uni-frankfurt.de\/wp-content\/uploads\/2015\/05\/blog_unireport_deans-list.jpg","keywords":["UniReport","Wirtschaftswissenschaften"],"articleSection":["Studium"],"inLanguage":"en-GB"},{"@type":"WebPage","@id":"https:\/\/aktuelles.uni-frankfurt.de\/studium\/deans-list-praedikat-mit-eingebautem-karriere-turbo\/","url":"https:\/\/aktuelles.uni-frankfurt.de\/studium\/deans-list-praedikat-mit-eingebautem-karriere-turbo\/","name":"\u00bbDean\u2019s List\u00ab: Pr\u00e4dikat mit eingebautem Karriere-Turbo | Aktuelles aus der Goethe-Universit\u00e4t Frankfurt","isPartOf":{"@id":"https:\/\/aktuelles.uni-frankfurt.de\/#website"},"primaryImageOfPage":{"@id":"https:\/\/aktuelles.uni-frankfurt.de\/studium\/deans-list-praedikat-mit-eingebautem-karriere-turbo\/#primaryimage"},"image":{"@id":"https:\/\/aktuelles.uni-frankfurt.de\/studium\/deans-list-praedikat-mit-eingebautem-karriere-turbo\/#primaryimage"},"thumbnailUrl":"https:\/\/aktuelles.uni-frankfurt.de\/wp-content\/uploads\/2015\/05\/blog_unireport_deans-list.jpg","datePublished":"2015-05-29T08:51:18+00:00","dateModified":"2016-01-10T21:10:58+00:00","breadcrumb":{"@id":"https:\/\/aktuelles.uni-frankfurt.de\/studium\/deans-list-praedikat-mit-eingebautem-karriere-turbo\/#breadcrumb"},"inLanguage":"en-GB","potentialAction":[{"@type":"ReadAction","target":["https:\/\/aktuelles.uni-frankfurt.de\/studium\/deans-list-praedikat-mit-eingebautem-karriere-turbo\/"]}]},{"@type":"ImageObject","inLanguage":"en-GB","@id":"https:\/\/aktuelles.uni-frankfurt.de\/studium\/deans-list-praedikat-mit-eingebautem-karriere-turbo\/#primaryimage","url":"https:\/\/aktuelles.uni-frankfurt.de\/wp-content\/uploads\/2015\/05\/blog_unireport_deans-list.jpg","contentUrl":"https:\/\/aktuelles.uni-frankfurt.de\/wp-content\/uploads\/2015\/05\/blog_unireport_deans-list.jpg","width":400,"height":267,"caption":"Im Faculty Club des House of Finance: Studierende der Dean\u2019s List im Gespr\u00e4ch mit Prof. Hans-Joachim B\u00f6cking (l.) und Peter M\u00fcller von der Bayer AG. Foto: Dettmar"},{"@type":"BreadcrumbList","@id":"https:\/\/aktuelles.uni-frankfurt.de\/studium\/deans-list-praedikat-mit-eingebautem-karriere-turbo\/#breadcrumb","itemListElement":[{"@type":"ListItem","position":1,"name":"Startseite","item":"https:\/\/aktuelles.uni-frankfurt.de\/"},{"@type":"ListItem","position":2,"name":"\u00bbDean\u2019s List\u00ab: Pr\u00e4dikat mit eingebautem Karriere-Turbo"}]},{"@type":"WebSite","@id":"https:\/\/aktuelles.uni-frankfurt.de\/#website","url":"https:\/\/aktuelles.uni-frankfurt.de\/","name":"Aktuelles aus der Goethe-Universit\u00e4t Frankfurt","description":"Aktuelles aus der Goethe-Universit\u00e4t | Neues aus Forschung, Lehre, Studium","publisher":{"@id":"https:\/\/aktuelles.uni-frankfurt.de\/#organization"},"potentialAction":[{"@type":"SearchAction","target":{"@type":"EntryPoint","urlTemplate":"https:\/\/aktuelles.uni-frankfurt.de\/?s={search_term_string}"},"query-input":{"@type":"PropertyValueSpecification","valueRequired":true,"valueName":"search_term_string"}}],"inLanguage":"en-GB"},{"@type":"Organization","@id":"https:\/\/aktuelles.uni-frankfurt.de\/#organization","name":"Goethe University Frankfurt","url":"https:\/\/aktuelles.uni-frankfurt.de\/","logo":{"@type":"ImageObject","inLanguage":"en-GB","@id":"https:\/\/aktuelles.uni-frankfurt.de\/#\/schema\/logo\/image\/","url":"https:\/\/aktuelles.uni-frankfurt.de\/wp-content\/uploads\/2022\/03\/800px-Goethe-Logo.png","contentUrl":"https:\/\/aktuelles.uni-frankfurt.de\/wp-content\/uploads\/2022\/03\/800px-Goethe-Logo.png","width":800,"height":436,"caption":"Goethe-Universit\u00e4t"},"image":{"@id":"https:\/\/aktuelles.uni-frankfurt.de\/#\/schema\/logo\/image\/"}},{"@type":"Person","@id":"https:\/\/aktuelles.uni-frankfurt.de\/#\/schema\/person\/8e55ea338fb65d1ce87a91565d1f1739","name":"-","description":"Dieser Beitrag wurde von der Online-Redaktion ver\u00f6ffentlicht. Wenn der Beitrag von einem Gastautoren verfasst wurde, findet sich dieser Hinweis am Ende des jeweiligen Artikels.","sameAs":["http:\/\/aktuelles.uni-frankfurt.de\/autoren"],"url":"https:\/\/aktuelles.uni-frankfurt.de\/en\/author\/redaktion\/"}]}},"_links":{"self":[{"href":"https:\/\/aktuelles.uni-frankfurt.de\/en\/wp-json\/wp\/v2\/posts\/343","targetHints":{"allow":["GET"]}}],"collection":[{"href":"https:\/\/aktuelles.uni-frankfurt.de\/en\/wp-json\/wp\/v2\/posts"}],"about":[{"href":"https:\/\/aktuelles.uni-frankfurt.de\/en\/wp-json\/wp\/v2\/types\/post"}],"author":[{"embeddable":true,"href":"https:\/\/aktuelles.uni-frankfurt.de\/en\/wp-json\/wp\/v2\/users\/8"}],"replies":[{"embeddable":true,"href":"https:\/\/aktuelles.uni-frankfurt.de\/en\/wp-json\/wp\/v2\/comments?post=343"}],"version-history":[{"count":0,"href":"https:\/\/aktuelles.uni-frankfurt.de\/en\/wp-json\/wp\/v2\/posts\/343\/revisions"}],"wp:featuredmedia":[{"embeddable":true,"href":"https:\/\/aktuelles.uni-frankfurt.de\/en\/wp-json\/wp\/v2\/media\/1508"}],"wp:attachment":[{"href":"https:\/\/aktuelles.uni-frankfurt.de\/en\/wp-json\/wp\/v2\/media?parent=343"}],"wp:term":[{"taxonomy":"category","embeddable":true,"href":"https:\/\/aktuelles.uni-frankfurt.de\/en\/wp-json\/wp\/v2\/categories?post=343"},{"taxonomy":"post_tag","embeddable":true,"href":"https:\/\/aktuelles.uni-frankfurt.de\/en\/wp-json\/wp\/v2\/tags?post=343"},{"taxonomy":"post_folder","embeddable":true,"href":"https:\/\/aktuelles.uni-frankfurt.de\/en\/wp-json\/wp\/v2\/post_folder?post=343"}],"curies":[{"name":"wp","href":"https:\/\/api.w.org\/{rel}","templated":true}]}}