{"id":35867,"date":"2019-03-04T14:13:17","date_gmt":"2019-03-04T13:13:17","guid":{"rendered":"https:\/\/aktuelles.uni-frankfurt.de\/?p=35867"},"modified":"2019-03-04T14:16:17","modified_gmt":"2019-03-04T13:16:17","slug":"gastprofessor-fontana-ueber-die-politischen-und-kirchlichen-umbrueche-in-brasilien","status":"publish","type":"post","link":"https:\/\/aktuelles.uni-frankfurt.de\/en\/gesellschaft\/gastprofessor-fontana-ueber-die-politischen-und-kirchlichen-umbrueche-in-brasilien\/","title":{"rendered":"Gastprofessor Fontana \u00fcber die politischen und kirchlichen Umbr\u00fcche in Brasilien"},"content":{"rendered":"<div class=\"wp-block-image\"><figure class=\"aligncenter is-resized\"><img fetchpriority=\"high\" decoding=\"async\" src=\"https:\/\/aktuelles.uni-frankfurt.de\/wp-content\/uploads\/2019\/02\/blog_UR_Fontana.jpg\" alt=\"\" class=\"wp-image-35868\" width=\"800\" height=\"554\" srcset=\"https:\/\/aktuelles.uni-frankfurt.de\/wp-content\/uploads\/2019\/02\/blog_UR_Fontana.jpg 800w, https:\/\/aktuelles.uni-frankfurt.de\/wp-content\/uploads\/2019\/02\/blog_UR_Fontana-300x208.jpg 300w, https:\/\/aktuelles.uni-frankfurt.de\/wp-content\/uploads\/2019\/02\/blog_UR_Fontana-768x532.jpg 768w\" sizes=\"(max-width: 800px) 100vw, 800px\" \/><\/figure><\/div>\n\n\n\n<p><strong><em>Der brasilianische Theologe Dr. Leandro Luis Bedin Fontana hat als Gastprofessor am Fachbereich Katholische Theologie die politischen und kirchlichen Umbr\u00fcche in seiner Heimat beobachtet.<\/em><\/strong><\/p>\n\n\n\n<p>Wie viele Intellektuelle in Brasilien verfolgte auch Leandro Fontana  den Wandel des politischen Klimas und die Wahl des neuen Pr\u00e4sidenten im  vergangenen Oktober mit einer Mischung aus Spannung und Entsetzen. Der  Machtwechsel durch den rechtsextremen Politiker Jair Messias Bolsonaro,  der am 1. Januar dieses Jahres als neuer Pr\u00e4sident von Brasilien  vereidigt wurde, hatte sich angek\u00fcndigt. Schon lange sind die  konservativen Lager auf dem Vormarsch und gehen gegen die progressive  Agenda der bis vor Kurzem regierenden Arbeiterpartei an. Dieser wird  vorgeworfen, mit ihrem \u201eKulturmarxismus\u201c die \u201ewestlichen christlichen  Werte\u201c zu gef\u00e4hrden. <\/p>\n\n\n\n<p>Statt sozialer Gleichheit, Umweltschutz, Zugang zu  Bildung und Quotenpolitik f\u00fcr Arme, Indigene und Frauen stehen nun die  Kriminalisierung von Abtreibung, homosexueller Beziehungen und der  Schutz eines konservativen Familienbildes auf dem Programm. F\u00fcr Leandro  Fontana hatte die Wahl eine ganz besondere Qualit\u00e4t: Er verfolgte sie  nicht als B\u00fcrger in Brasilien, sondern von Deutschland aus in der Rolle  eines Theologen, der die Geschehnisse als Gastprofessor in seiner  aktuellen Vorlesungsreihe verarbeitete.<\/p>\n\n\n\n<p>\u201eDas war eine neue und sehr  interessante Erfahrung f\u00fcr mich\u201c sagt Fontana. \u201eIch war aktueller  Beobachter der politischen Ver\u00e4nderungen in meinem Land, um sie mit  einem deutschen Publikum zu diskutieren. Die Arbeit an den Vorlesungen  war hochaktuell und im st\u00e4ndigen Prozess.\u201c Von Oktober bis Dezember  hielt Fontana die aktuelle Vorlesungsreihe von Theologie interkulturell  am Fachbereich Katholische Theologie. Die Vorlesungsreihe besteht seit  1985 und holt jedes Jahr Gastdozenten aus dem nichteurop\u00e4ischen Ausland  an die Goethe-Universit\u00e4t. <\/p>\n\n\n\n<p>Den Vorsitz dieses interdisziplin\u00e4ren  Forschungsprojekts hat Prof. Dr. Thomas Schreij\u00e4ck inne, den Fontana  w\u00e4hrend seiner Zeit als Doktorand an der Goethe-Universit\u00e4t  kennenlernte. Nach seiner Promotion kehrte Fontana zur\u00fcck in seine  Heimat und wurde letztes Jahr von Prof. Schreij\u00e4ck zu dieser  Gastprofessur eingeladen. Das \u00fcbergeordnete Thema von Fontanas  Vorlesungsreihe war die bisch\u00f6flichen Konferenz im brasilianischen  Medell\u00edn von 1968, auf der die Beschl\u00fcsse des Zweiten Vatikanischen  Konzils umgesetzt wurden. <\/p>\n\n\n\n<p>Damals entwickelte die Kirche Brasiliens  verschiedene Projekte, die im Sinne der Befreiungstheologie und der  kirchlichen Basisgemeinden in die Gesellschaft wirken sollten. Unter der  damals herrschenden Milit\u00e4rdiktatur bedeutete dies eine Bewegung hin  zur armen Basis der Gesellschaft, weg von der Seite der Herrschenden.  Wie es um die Kirche Brasiliens im Wandel der politischen Klimas steht,  war eine der dr\u00e4ngendsten Fragen von Fontanas Gastprofessur. <\/p>\n\n\n\n<p>\u201eDie  Pfingstkirchen sind in Brasilien sehr m\u00e4chtig und erreichen etwa 40  Millionen Menschen\u201c, sagt Fontana. \u201eSie w\u00e4hlen eine einfache Sprache:  Der Teufel ist die Erkl\u00e4rung des B\u00f6sen in der Welt. Treibt man ihn aus,  ist man erl\u00f6st und erreicht Wohlstand. Mit dieser Prosperit\u00e4tstheologie  stehen sie den politischen Interessen aus dem rechten Lager sehr nahe.\u201c  Die nichtkatholischen Gruppen engagieren sich gesellschaftlich in der  Evangelischen Koalition und verfolgen eine zutiefst konservative Agenda  gegen die Emanzipation der Frau und gleichgeschlechtliche Beziehungen.<\/p>\n\n\n\n<p>Der Rest der katholischen Kirche ist zerrissen und muss sich im Sinne  der Tendenz einer zunehmend konservativen Theologie positionieren. Was  auff\u00e4llig ist: Die Rolle der sozialen Medien spielt im Kampf um  Sichtbarkeit und die Bewerbung gesellschaftlicher Werte die gr\u00f6\u00dfte  Rolle. \u201eDie Menschen, die sich f\u00fcr die progressiven Str\u00f6mungen  einsetzen, sind meist von der \u00e4lteren Generation und mit sozialen Medien  nicht so fit\u201c, sagt Fontana. <\/p>\n\n\n\n<p>\u201eDas rechte Lager verfolgt ein klug  konzipiertes Konzept, um die progressive Agenda in den sozialen Medien  zu bek\u00e4mpfen. Und sie haben Erfolg: Die Jugend Brasiliens ist definitiv  rechts orientiert.\u201c Derzeit arbeitet Leandro Fontana an der Publikation,  die aus der Gastprofessur hervorgehen soll. Danach wird er sich um  Stellen im akademischen oder pastoralen Bereich bewerben. <\/p>\n\n\n\n<p>Er und seine  Familie werden in den n\u00e4chsten Jahren in Deutschland bleiben. Zwar ist  die Entscheidung nicht politisch, sondern pers\u00f6nlich motiviert. Leicht  gefallen ist ihm diese Entscheidung dennoch nicht: Fontana liebt seine  Heimat von ganzem Herzen und m\u00f6chte sich von Deutschland aus durch  Kooperationen mit Hilfswerken f\u00fcr Projekte in Brasilien einsetzen.  <\/p>\n\n\n\n<p style=\"text-align:right\"><em>Autorin: Melanie G\u00e4rtner<\/em><\/p>\n\n\n\n<p><strong><em>Dieser Artikel ist in der&nbsp;<a href=\"https:\/\/aktuelles.uni-frankfurt.de\/studium\/neuer-unireport-1-19-sozialphilosoph-axel-honneth-nimmt-die-komplizierte-gegenwart-in-den-blick\/\">Ausgabe 1.19 des UniReport<\/a>&nbsp;erschienen.&nbsp;<\/em><\/strong><\/p>","protected":false},"excerpt":{"rendered":"<p>Der brasilianische Theologe Dr. Leandro Luis Bedin Fontana hat als Gastprofessor am Fachbereich Katholische Theologie die politischen und kirchlichen Umbr\u00fcche in seiner Heimat beobachtet. Wie viele Intellektuelle in Brasilien verfolgte [&hellip;]<\/p>\n","protected":false},"author":8,"featured_media":36020,"comment_status":"closed","ping_status":"closed","sticky":false,"template":"","format":"standard","meta":{"_eb_attr":"","_price":"","_stock":"","_tribe_ticket_header":"","_tribe_default_ticket_provider":"","_ticket_start_date":"","_ticket_end_date":"","_tribe_ticket_show_description":"","_tribe_ticket_show_not_going":false,"_tribe_ticket_use_global_stock":"","_tribe_ticket_global_stock_level":"","_global_stock_mode":"","_global_stock_cap":"","_tribe_rsvp_for_event":"","_tribe_ticket_going_count":"","_tribe_ticket_not_going_count":"","_tribe_tickets_list":"[]","_tribe_ticket_has_attendee_info_fields":false,"footnotes":""},"categories":[4],"tags":[27,111,10],"post_folder":[],"class_list":["post-35867","post","type-post","status-publish","format-standard","has-post-thumbnail","hentry","category-gesellschaft","tag-internationales","tag-katholische-theologie","tag-unireport"],"yoast_head":"<!-- This site is optimized with the Yoast SEO plugin v27.5 - https:\/\/yoast.com\/product\/yoast-seo-wordpress\/ -->\n<title>Gastprofessor Fontana \u00fcber die politischen und kirchlichen Umbr\u00fcche in Brasilien | Aktuelles aus der Goethe-Universit\u00e4t Frankfurt<\/title>\n<meta name=\"robots\" content=\"index, follow, max-snippet:-1, max-image-preview:large, max-video-preview:-1\" \/>\n<link rel=\"canonical\" href=\"https:\/\/aktuelles.uni-frankfurt.de\/en\/gesellschaft\/gastprofessor-fontana-ueber-die-politischen-und-kirchlichen-umbrueche-in-brasilien\/\" \/>\n<meta property=\"og:locale\" content=\"en_GB\" \/>\n<meta property=\"og:type\" content=\"article\" \/>\n<meta property=\"og:title\" content=\"Gastprofessor Fontana \u00fcber die politischen und kirchlichen Umbr\u00fcche in Brasilien | Aktuelles aus der Goethe-Universit\u00e4t Frankfurt\" \/>\n<meta property=\"og:description\" content=\"Der brasilianische Theologe Dr. Leandro Luis Bedin Fontana hat als Gastprofessor am Fachbereich Katholische Theologie die politischen und kirchlichen Umbr\u00fcche in seiner Heimat beobachtet. Wie viele Intellektuelle in Brasilien verfolgte [&hellip;]\" \/>\n<meta property=\"og:url\" content=\"https:\/\/aktuelles.uni-frankfurt.de\/en\/gesellschaft\/gastprofessor-fontana-ueber-die-politischen-und-kirchlichen-umbrueche-in-brasilien\/\" \/>\n<meta property=\"og:site_name\" content=\"Aktuelles aus der Goethe-Universit\u00e4t Frankfurt\" \/>\n<meta property=\"article:published_time\" content=\"2019-03-04T13:13:17+00:00\" \/>\n<meta property=\"article:modified_time\" content=\"2019-03-04T13:16:17+00:00\" \/>\n<meta property=\"og:image\" content=\"https:\/\/aktuelles.uni-frankfurt.de\/wp-content\/uploads\/2019\/02\/beitragsbild_UR_Fontana.jpg\" \/>\n\t<meta property=\"og:image:width\" content=\"650\" \/>\n\t<meta property=\"og:image:height\" content=\"450\" \/>\n\t<meta property=\"og:image:type\" content=\"image\/jpeg\" \/>\n<meta name=\"author\" content=\"-\" \/>\n<meta name=\"twitter:card\" content=\"summary_large_image\" \/>\n<meta name=\"twitter:label1\" content=\"Written by\" \/>\n\t<meta name=\"twitter:data1\" content=\"-\" \/>\n\t<meta name=\"twitter:label2\" content=\"Estimated reading time\" \/>\n\t<meta name=\"twitter:data2\" content=\"3 minutes\" \/>\n<script type=\"application\/ld+json\" class=\"yoast-schema-graph\">{\"@context\":\"https:\\\/\\\/schema.org\",\"@graph\":[{\"@type\":\"Article\",\"@id\":\"https:\\\/\\\/aktuelles.uni-frankfurt.de\\\/gesellschaft\\\/gastprofessor-fontana-ueber-die-politischen-und-kirchlichen-umbrueche-in-brasilien\\\/#article\",\"isPartOf\":{\"@id\":\"https:\\\/\\\/aktuelles.uni-frankfurt.de\\\/gesellschaft\\\/gastprofessor-fontana-ueber-die-politischen-und-kirchlichen-umbrueche-in-brasilien\\\/\"},\"author\":{\"name\":\"-\",\"@id\":\"https:\\\/\\\/aktuelles.uni-frankfurt.de\\\/#\\\/schema\\\/person\\\/8e55ea338fb65d1ce87a91565d1f1739\"},\"headline\":\"Gastprofessor Fontana \u00fcber die politischen und kirchlichen Umbr\u00fcche in Brasilien\",\"datePublished\":\"2019-03-04T13:13:17+00:00\",\"dateModified\":\"2019-03-04T13:16:17+00:00\",\"mainEntityOfPage\":{\"@id\":\"https:\\\/\\\/aktuelles.uni-frankfurt.de\\\/gesellschaft\\\/gastprofessor-fontana-ueber-die-politischen-und-kirchlichen-umbrueche-in-brasilien\\\/\"},\"wordCount\":694,\"publisher\":{\"@id\":\"https:\\\/\\\/aktuelles.uni-frankfurt.de\\\/#organization\"},\"image\":{\"@id\":\"https:\\\/\\\/aktuelles.uni-frankfurt.de\\\/gesellschaft\\\/gastprofessor-fontana-ueber-die-politischen-und-kirchlichen-umbrueche-in-brasilien\\\/#primaryimage\"},\"thumbnailUrl\":\"https:\\\/\\\/aktuelles.uni-frankfurt.de\\\/wp-content\\\/uploads\\\/2019\\\/02\\\/beitragsbild_UR_Fontana.jpg\",\"keywords\":[\"Internationales\",\"Katholische Theologie\",\"UniReport\"],\"articleSection\":[\"Gesellschaft\"],\"inLanguage\":\"en-GB\"},{\"@type\":\"WebPage\",\"@id\":\"https:\\\/\\\/aktuelles.uni-frankfurt.de\\\/gesellschaft\\\/gastprofessor-fontana-ueber-die-politischen-und-kirchlichen-umbrueche-in-brasilien\\\/\",\"url\":\"https:\\\/\\\/aktuelles.uni-frankfurt.de\\\/gesellschaft\\\/gastprofessor-fontana-ueber-die-politischen-und-kirchlichen-umbrueche-in-brasilien\\\/\",\"name\":\"Gastprofessor Fontana \u00fcber die politischen und kirchlichen Umbr\u00fcche in Brasilien | Aktuelles aus der Goethe-Universit\u00e4t Frankfurt\",\"isPartOf\":{\"@id\":\"https:\\\/\\\/aktuelles.uni-frankfurt.de\\\/#website\"},\"primaryImageOfPage\":{\"@id\":\"https:\\\/\\\/aktuelles.uni-frankfurt.de\\\/gesellschaft\\\/gastprofessor-fontana-ueber-die-politischen-und-kirchlichen-umbrueche-in-brasilien\\\/#primaryimage\"},\"image\":{\"@id\":\"https:\\\/\\\/aktuelles.uni-frankfurt.de\\\/gesellschaft\\\/gastprofessor-fontana-ueber-die-politischen-und-kirchlichen-umbrueche-in-brasilien\\\/#primaryimage\"},\"thumbnailUrl\":\"https:\\\/\\\/aktuelles.uni-frankfurt.de\\\/wp-content\\\/uploads\\\/2019\\\/02\\\/beitragsbild_UR_Fontana.jpg\",\"datePublished\":\"2019-03-04T13:13:17+00:00\",\"dateModified\":\"2019-03-04T13:16:17+00:00\",\"breadcrumb\":{\"@id\":\"https:\\\/\\\/aktuelles.uni-frankfurt.de\\\/gesellschaft\\\/gastprofessor-fontana-ueber-die-politischen-und-kirchlichen-umbrueche-in-brasilien\\\/#breadcrumb\"},\"inLanguage\":\"en-GB\",\"potentialAction\":[{\"@type\":\"ReadAction\",\"target\":[\"https:\\\/\\\/aktuelles.uni-frankfurt.de\\\/gesellschaft\\\/gastprofessor-fontana-ueber-die-politischen-und-kirchlichen-umbrueche-in-brasilien\\\/\"]}]},{\"@type\":\"ImageObject\",\"inLanguage\":\"en-GB\",\"@id\":\"https:\\\/\\\/aktuelles.uni-frankfurt.de\\\/gesellschaft\\\/gastprofessor-fontana-ueber-die-politischen-und-kirchlichen-umbrueche-in-brasilien\\\/#primaryimage\",\"url\":\"https:\\\/\\\/aktuelles.uni-frankfurt.de\\\/wp-content\\\/uploads\\\/2019\\\/02\\\/beitragsbild_UR_Fontana.jpg\",\"contentUrl\":\"https:\\\/\\\/aktuelles.uni-frankfurt.de\\\/wp-content\\\/uploads\\\/2019\\\/02\\\/beitragsbild_UR_Fontana.jpg\",\"width\":650,\"height\":450},{\"@type\":\"BreadcrumbList\",\"@id\":\"https:\\\/\\\/aktuelles.uni-frankfurt.de\\\/gesellschaft\\\/gastprofessor-fontana-ueber-die-politischen-und-kirchlichen-umbrueche-in-brasilien\\\/#breadcrumb\",\"itemListElement\":[{\"@type\":\"ListItem\",\"position\":1,\"name\":\"Startseite\",\"item\":\"https:\\\/\\\/aktuelles.uni-frankfurt.de\\\/\"},{\"@type\":\"ListItem\",\"position\":2,\"name\":\"Gastprofessor Fontana \u00fcber die politischen und kirchlichen Umbr\u00fcche in Brasilien\"}]},{\"@type\":\"WebSite\",\"@id\":\"https:\\\/\\\/aktuelles.uni-frankfurt.de\\\/#website\",\"url\":\"https:\\\/\\\/aktuelles.uni-frankfurt.de\\\/\",\"name\":\"Aktuelles aus der Goethe-Universit\u00e4t Frankfurt\",\"description\":\"Aktuelles aus der Goethe-Universit\u00e4t | Neues aus Forschung, Lehre, Studium\",\"publisher\":{\"@id\":\"https:\\\/\\\/aktuelles.uni-frankfurt.de\\\/#organization\"},\"potentialAction\":[{\"@type\":\"SearchAction\",\"target\":{\"@type\":\"EntryPoint\",\"urlTemplate\":\"https:\\\/\\\/aktuelles.uni-frankfurt.de\\\/?s={search_term_string}\"},\"query-input\":{\"@type\":\"PropertyValueSpecification\",\"valueRequired\":true,\"valueName\":\"search_term_string\"}}],\"inLanguage\":\"en-GB\"},{\"@type\":\"Organization\",\"@id\":\"https:\\\/\\\/aktuelles.uni-frankfurt.de\\\/#organization\",\"name\":\"Goethe-Universit\u00e4t\",\"url\":\"https:\\\/\\\/aktuelles.uni-frankfurt.de\\\/\",\"logo\":{\"@type\":\"ImageObject\",\"inLanguage\":\"en-GB\",\"@id\":\"https:\\\/\\\/aktuelles.uni-frankfurt.de\\\/#\\\/schema\\\/logo\\\/image\\\/\",\"url\":\"https:\\\/\\\/aktuelles.uni-frankfurt.de\\\/wp-content\\\/uploads\\\/2022\\\/03\\\/800px-Goethe-Logo.png\",\"contentUrl\":\"https:\\\/\\\/aktuelles.uni-frankfurt.de\\\/wp-content\\\/uploads\\\/2022\\\/03\\\/800px-Goethe-Logo.png\",\"width\":800,\"height\":436,\"caption\":\"Goethe-Universit\u00e4t\"},\"image\":{\"@id\":\"https:\\\/\\\/aktuelles.uni-frankfurt.de\\\/#\\\/schema\\\/logo\\\/image\\\/\"}},{\"@type\":\"Person\",\"@id\":\"https:\\\/\\\/aktuelles.uni-frankfurt.de\\\/#\\\/schema\\\/person\\\/8e55ea338fb65d1ce87a91565d1f1739\",\"name\":\"-\",\"description\":\"Dieser Beitrag wurde von der Online-Redaktion ver\u00f6ffentlicht. Wenn der Beitrag von einem Gastautoren verfasst wurde, findet sich dieser Hinweis am Ende des jeweiligen Artikels.\",\"sameAs\":[\"http:\\\/\\\/aktuelles.uni-frankfurt.de\\\/autoren\"],\"url\":\"https:\\\/\\\/aktuelles.uni-frankfurt.de\\\/en\\\/author\\\/redaktion\\\/\"}]}<\/script>\n<!-- \/ Yoast SEO plugin. -->","yoast_head_json":{"title":"Gastprofessor Fontana \u00fcber die politischen und kirchlichen Umbr\u00fcche in Brasilien | Aktuelles aus der Goethe-Universit\u00e4t Frankfurt","robots":{"index":"index","follow":"follow","max-snippet":"max-snippet:-1","max-image-preview":"max-image-preview:large","max-video-preview":"max-video-preview:-1"},"canonical":"https:\/\/aktuelles.uni-frankfurt.de\/en\/gesellschaft\/gastprofessor-fontana-ueber-die-politischen-und-kirchlichen-umbrueche-in-brasilien\/","og_locale":"en_GB","og_type":"article","og_title":"Gastprofessor Fontana \u00fcber die politischen und kirchlichen Umbr\u00fcche in Brasilien | Aktuelles aus der Goethe-Universit\u00e4t Frankfurt","og_description":"Der brasilianische Theologe Dr. Leandro Luis Bedin Fontana hat als Gastprofessor am Fachbereich Katholische Theologie die politischen und kirchlichen Umbr\u00fcche in seiner Heimat beobachtet. Wie viele Intellektuelle in Brasilien verfolgte [&hellip;]","og_url":"https:\/\/aktuelles.uni-frankfurt.de\/en\/gesellschaft\/gastprofessor-fontana-ueber-die-politischen-und-kirchlichen-umbrueche-in-brasilien\/","og_site_name":"Aktuelles aus der Goethe-Universit\u00e4t Frankfurt","article_published_time":"2019-03-04T13:13:17+00:00","article_modified_time":"2019-03-04T13:16:17+00:00","og_image":[{"width":650,"height":450,"url":"https:\/\/aktuelles.uni-frankfurt.de\/wp-content\/uploads\/2019\/02\/beitragsbild_UR_Fontana.jpg","type":"image\/jpeg"}],"author":"-","twitter_card":"summary_large_image","twitter_misc":{"Written by":"-","Estimated reading time":"3 minutes"},"schema":{"@context":"https:\/\/schema.org","@graph":[{"@type":"Article","@id":"https:\/\/aktuelles.uni-frankfurt.de\/gesellschaft\/gastprofessor-fontana-ueber-die-politischen-und-kirchlichen-umbrueche-in-brasilien\/#article","isPartOf":{"@id":"https:\/\/aktuelles.uni-frankfurt.de\/gesellschaft\/gastprofessor-fontana-ueber-die-politischen-und-kirchlichen-umbrueche-in-brasilien\/"},"author":{"name":"-","@id":"https:\/\/aktuelles.uni-frankfurt.de\/#\/schema\/person\/8e55ea338fb65d1ce87a91565d1f1739"},"headline":"Gastprofessor Fontana \u00fcber die politischen und kirchlichen Umbr\u00fcche in Brasilien","datePublished":"2019-03-04T13:13:17+00:00","dateModified":"2019-03-04T13:16:17+00:00","mainEntityOfPage":{"@id":"https:\/\/aktuelles.uni-frankfurt.de\/gesellschaft\/gastprofessor-fontana-ueber-die-politischen-und-kirchlichen-umbrueche-in-brasilien\/"},"wordCount":694,"publisher":{"@id":"https:\/\/aktuelles.uni-frankfurt.de\/#organization"},"image":{"@id":"https:\/\/aktuelles.uni-frankfurt.de\/gesellschaft\/gastprofessor-fontana-ueber-die-politischen-und-kirchlichen-umbrueche-in-brasilien\/#primaryimage"},"thumbnailUrl":"https:\/\/aktuelles.uni-frankfurt.de\/wp-content\/uploads\/2019\/02\/beitragsbild_UR_Fontana.jpg","keywords":["Internationales","Katholische Theologie","UniReport"],"articleSection":["Gesellschaft"],"inLanguage":"en-GB"},{"@type":"WebPage","@id":"https:\/\/aktuelles.uni-frankfurt.de\/gesellschaft\/gastprofessor-fontana-ueber-die-politischen-und-kirchlichen-umbrueche-in-brasilien\/","url":"https:\/\/aktuelles.uni-frankfurt.de\/gesellschaft\/gastprofessor-fontana-ueber-die-politischen-und-kirchlichen-umbrueche-in-brasilien\/","name":"Gastprofessor Fontana \u00fcber die politischen und kirchlichen Umbr\u00fcche in Brasilien | Aktuelles aus der Goethe-Universit\u00e4t Frankfurt","isPartOf":{"@id":"https:\/\/aktuelles.uni-frankfurt.de\/#website"},"primaryImageOfPage":{"@id":"https:\/\/aktuelles.uni-frankfurt.de\/gesellschaft\/gastprofessor-fontana-ueber-die-politischen-und-kirchlichen-umbrueche-in-brasilien\/#primaryimage"},"image":{"@id":"https:\/\/aktuelles.uni-frankfurt.de\/gesellschaft\/gastprofessor-fontana-ueber-die-politischen-und-kirchlichen-umbrueche-in-brasilien\/#primaryimage"},"thumbnailUrl":"https:\/\/aktuelles.uni-frankfurt.de\/wp-content\/uploads\/2019\/02\/beitragsbild_UR_Fontana.jpg","datePublished":"2019-03-04T13:13:17+00:00","dateModified":"2019-03-04T13:16:17+00:00","breadcrumb":{"@id":"https:\/\/aktuelles.uni-frankfurt.de\/gesellschaft\/gastprofessor-fontana-ueber-die-politischen-und-kirchlichen-umbrueche-in-brasilien\/#breadcrumb"},"inLanguage":"en-GB","potentialAction":[{"@type":"ReadAction","target":["https:\/\/aktuelles.uni-frankfurt.de\/gesellschaft\/gastprofessor-fontana-ueber-die-politischen-und-kirchlichen-umbrueche-in-brasilien\/"]}]},{"@type":"ImageObject","inLanguage":"en-GB","@id":"https:\/\/aktuelles.uni-frankfurt.de\/gesellschaft\/gastprofessor-fontana-ueber-die-politischen-und-kirchlichen-umbrueche-in-brasilien\/#primaryimage","url":"https:\/\/aktuelles.uni-frankfurt.de\/wp-content\/uploads\/2019\/02\/beitragsbild_UR_Fontana.jpg","contentUrl":"https:\/\/aktuelles.uni-frankfurt.de\/wp-content\/uploads\/2019\/02\/beitragsbild_UR_Fontana.jpg","width":650,"height":450},{"@type":"BreadcrumbList","@id":"https:\/\/aktuelles.uni-frankfurt.de\/gesellschaft\/gastprofessor-fontana-ueber-die-politischen-und-kirchlichen-umbrueche-in-brasilien\/#breadcrumb","itemListElement":[{"@type":"ListItem","position":1,"name":"Startseite","item":"https:\/\/aktuelles.uni-frankfurt.de\/"},{"@type":"ListItem","position":2,"name":"Gastprofessor Fontana \u00fcber die politischen und kirchlichen Umbr\u00fcche in Brasilien"}]},{"@type":"WebSite","@id":"https:\/\/aktuelles.uni-frankfurt.de\/#website","url":"https:\/\/aktuelles.uni-frankfurt.de\/","name":"Aktuelles aus der Goethe-Universit\u00e4t Frankfurt","description":"Aktuelles aus der Goethe-Universit\u00e4t | Neues aus Forschung, Lehre, Studium","publisher":{"@id":"https:\/\/aktuelles.uni-frankfurt.de\/#organization"},"potentialAction":[{"@type":"SearchAction","target":{"@type":"EntryPoint","urlTemplate":"https:\/\/aktuelles.uni-frankfurt.de\/?s={search_term_string}"},"query-input":{"@type":"PropertyValueSpecification","valueRequired":true,"valueName":"search_term_string"}}],"inLanguage":"en-GB"},{"@type":"Organization","@id":"https:\/\/aktuelles.uni-frankfurt.de\/#organization","name":"Goethe University Frankfurt","url":"https:\/\/aktuelles.uni-frankfurt.de\/","logo":{"@type":"ImageObject","inLanguage":"en-GB","@id":"https:\/\/aktuelles.uni-frankfurt.de\/#\/schema\/logo\/image\/","url":"https:\/\/aktuelles.uni-frankfurt.de\/wp-content\/uploads\/2022\/03\/800px-Goethe-Logo.png","contentUrl":"https:\/\/aktuelles.uni-frankfurt.de\/wp-content\/uploads\/2022\/03\/800px-Goethe-Logo.png","width":800,"height":436,"caption":"Goethe-Universit\u00e4t"},"image":{"@id":"https:\/\/aktuelles.uni-frankfurt.de\/#\/schema\/logo\/image\/"}},{"@type":"Person","@id":"https:\/\/aktuelles.uni-frankfurt.de\/#\/schema\/person\/8e55ea338fb65d1ce87a91565d1f1739","name":"-","description":"Dieser Beitrag wurde von der Online-Redaktion ver\u00f6ffentlicht. Wenn der Beitrag von einem Gastautoren verfasst wurde, findet sich dieser Hinweis am Ende des jeweiligen Artikels.","sameAs":["http:\/\/aktuelles.uni-frankfurt.de\/autoren"],"url":"https:\/\/aktuelles.uni-frankfurt.de\/en\/author\/redaktion\/"}]}},"_links":{"self":[{"href":"https:\/\/aktuelles.uni-frankfurt.de\/en\/wp-json\/wp\/v2\/posts\/35867","targetHints":{"allow":["GET"]}}],"collection":[{"href":"https:\/\/aktuelles.uni-frankfurt.de\/en\/wp-json\/wp\/v2\/posts"}],"about":[{"href":"https:\/\/aktuelles.uni-frankfurt.de\/en\/wp-json\/wp\/v2\/types\/post"}],"author":[{"embeddable":true,"href":"https:\/\/aktuelles.uni-frankfurt.de\/en\/wp-json\/wp\/v2\/users\/8"}],"replies":[{"embeddable":true,"href":"https:\/\/aktuelles.uni-frankfurt.de\/en\/wp-json\/wp\/v2\/comments?post=35867"}],"version-history":[{"count":0,"href":"https:\/\/aktuelles.uni-frankfurt.de\/en\/wp-json\/wp\/v2\/posts\/35867\/revisions"}],"wp:featuredmedia":[{"embeddable":true,"href":"https:\/\/aktuelles.uni-frankfurt.de\/en\/wp-json\/wp\/v2\/media\/36020"}],"wp:attachment":[{"href":"https:\/\/aktuelles.uni-frankfurt.de\/en\/wp-json\/wp\/v2\/media?parent=35867"}],"wp:term":[{"taxonomy":"category","embeddable":true,"href":"https:\/\/aktuelles.uni-frankfurt.de\/en\/wp-json\/wp\/v2\/categories?post=35867"},{"taxonomy":"post_tag","embeddable":true,"href":"https:\/\/aktuelles.uni-frankfurt.de\/en\/wp-json\/wp\/v2\/tags?post=35867"},{"taxonomy":"post_folder","embeddable":true,"href":"https:\/\/aktuelles.uni-frankfurt.de\/en\/wp-json\/wp\/v2\/post_folder?post=35867"}],"curies":[{"name":"wp","href":"https:\/\/api.w.org\/{rel}","templated":true}]}}