{"id":3615,"date":"2016-02-03T13:49:28","date_gmt":"2016-02-03T12:49:28","guid":{"rendered":"http:\/\/aktuelles.uni-frankfurt.de\/?p=3615"},"modified":"2016-02-03T13:49:58","modified_gmt":"2016-02-03T12:49:58","slug":"goethe-deine-forscher-thomas-betzwieser-musikwissenschaftler","status":"publish","type":"post","link":"https:\/\/aktuelles.uni-frankfurt.de\/en\/menschen\/goethe-deine-forscher-thomas-betzwieser-musikwissenschaftler\/","title":{"rendered":"Goethe, Deine Forscher: Thomas Betzwieser, Musikwissenschaftler"},"content":{"rendered":"<figure id=\"attachment_3619\" aria-describedby=\"caption-attachment-3619\" style=\"width: 300px\" class=\"wp-caption alignleft\"><img fetchpriority=\"high\" decoding=\"async\" class=\"wp-image-3619 size-medium\" src=\"https:\/\/aktuelles.uni-frankfurt.de\/wp-content\/uploads\/2016\/02\/blog_unireport_forscher-betzwieser-300x200.jpg\" alt=\"Thomas Betzwieser, Musikwissenschaftler; Foto: Dettmar\" width=\"300\" height=\"200\" srcset=\"https:\/\/aktuelles.uni-frankfurt.de\/wp-content\/uploads\/2016\/02\/blog_unireport_forscher-betzwieser-300x200.jpg 300w, https:\/\/aktuelles.uni-frankfurt.de\/wp-content\/uploads\/2016\/02\/blog_unireport_forscher-betzwieser.jpg 400w\" sizes=\"(max-width: 300px) 100vw, 300px\" \/><figcaption id=\"caption-attachment-3619\" class=\"wp-caption-text\">Thomas Betzwieser, Musikwissenschaftler; Foto: Dettmar<\/figcaption><\/figure>\n<p>Eines gab und gibt es im Lebenslauf von Thomas Betzwieser, Professor f\u00fcr historische Musikwissenschaft, nicht: Stillstand. Ver\u00e4nderungen geh\u00f6ren bei ihm dazu. Genauso ist sein Werdegang allerdings von Kontinuit\u00e4t gepr\u00e4gt: An klassischer Musik hat er Freude, seit er im Grundschulalter den ersten Klavierunterricht erhielt und seit er mit dem Orgelspiel begann.<\/p>\n<p>Den beiden Tasten instrumenten ist er seither treu geblieben, so dass er nach der Schulzeit sein Studium als Kirchenmusiker in seiner Heimatgemeinde im Rhein-Neckar-Kreis finanzieren konnte. \u201eDas musste ich am Ende des Studiums allerdings aufgeben und spiele heute nur noch f\u00fcr den Hausgebrauch\u201c, l\u00e4chelt Betzwieser bedauernd, und \u00fcber das Hammerklavier, das derzeit ungebraucht in seinem B\u00fcro steht, sagt er:<\/p>\n<p>\u201eDieses Instrument ist leider mittlerweile v\u00f6llig verstimmt, weil weitgehend unbenutzt.\u201c Genauso wichtig wie die Liebe zur klassischen Musik ist f\u00fcr den Hochschullehrer Thomas Betzwieser seine Begeisterung f\u00fcr die Lehre: \u201eIch lehre ausgesprochen gerne. Das war auch schon so, als ich an der Uni meine erste Assistentenstelle hatte\u201c, berichtet er und erz\u00e4hlt, dass er in seiner Schulzeit sogar den Berufswusch \u201eMusiklehrer\u201c versp\u00fcrte. Dieser Plan \u00e4nderte sich durch ein einschneidendes Erlebnis:<\/p>\n<p>Nach dem Abitur war er f\u00fcr einen Sommer als B\u00fchnenarbeiter bei den Richard-Wagner-Festspielen in Bayreuth besch\u00e4ftigt. Danach wusste er: \u201eMein Beruf muss mit Musiktheater zu tun haben\u201c, studierte Musikwissenschaft und absolvierte w\u00e4hrenddessen Hospitanzen und Regieassistenzen an verschiedenen Opernh\u00e4usern in Deutschland und in der Schweiz. W\u00e4hrend er an der Universit\u00e4t Heidelberg an einem Forschungsprojekt mitwirkte, ver\u00e4nderte sich sein Berufsziel abermals: Betzwieser tauschte die Opernb\u00fchne endg\u00fcltig gegen H\u00f6rsaal und Seminarraum ein.<\/p>\n<h3>\u00bbSpagat in der Lehre\u00ab<\/h3>\n<p>Er gibt zu bedenken: \u201eDie universit\u00e4re Lehre hat sich seither stark ver\u00e4ndert. Einerseits sollen wir den Studierenden einen Wissens- und Repertoirekanon vermitteln, andererseits wollen wir sie zu selbstst\u00e4ndiger Reflexion motivieren und bef\u00e4higen. Der Spagat, den wir Lehrenden hier vollf\u00fchren m\u00fcssen, ist ziemlich gro\u00df\u201c, sagt Betzwieser.<\/p>\n<p>Dass er dabei neuartigen Lehrformaten gegen\u00fcber aufgeschlossen ist, zeigt sich beispielsweise, wenn er in seiner Vorlesung \u201eKulturen der Klaviermusik\u201c auch l\u00e4ngere Interpretationsbeispiele mit den Studierenden diskutiert, musikalische Probensituationen einbezieht oder dem Virtuosentum des 19. Jahrhunderts den heutigen Star-Rummel gegen\u00fcberstellt, statt \u00fcber traditionelle Werkbetrachtungen zu dozieren.<\/p>\n<p>Allerdings hat sich nicht nur die Lehre ver\u00e4ndert, sondern auch die Forschung und die Wege auf denen Forschungsergebnisse zug\u00e4nglich gemacht werden: So leitet Betzwieser das 2009 begonnene und auf 15 Jahre angesetzte Editionsprojekt \u201eOPERA\u201c, das in der Tr\u00e4gerschaft der Mainzer Akademie der Wissenschaften und Literatur steht. Im Rahmen von \u201eOPERA\u201c sollen 21 bedeutende musikdramatische Werke des 17. bis 20. Jahrhunderts herausgegeben werden, vom Ballett \u00fcber die Schauspielmusik und die Operette bis hin zur Oper.<\/p>\n<h3>\u00bbHybrid- und Digital-Editionen\u00ab<\/h3>\n<p>Dabei werden die Editionen erstmals als sogenannte Hybridausgaben pr\u00e4sentiert: Die Partituren liegen als traditionelle Leinenb\u00e4nde vor, das erg\u00e4nzende Material \u2013 musikalische und textliche Quellen, die Editionen der dramatischen Texte sowie die kritischen Berichte \u2013 wird samt einer speziellen, an der Universit\u00e4t Paderborn entwickelten Software auf einem Datentr\u00e4ger mitgeliefert.<\/p>\n<p>\u201eSo l\u00e4sst sich die Flexibilit\u00e4t der Werke viel besser darstellen\u201c, erl\u00e4utert Betzwieser. Beispielsweise k\u00f6nnten die Nutzer der neuen Edition ohne weiteren Aufwand abweichende Angaben zur Dynamik (Lautst\u00e4rke) oder zur Vortragsweise vergleichen. \u201eFr\u00fcher mussten sie die Angaben der Herausgeber einfach glauben, sich Mikrofilme schicken lassen oder von Bibliothek zu Bibliothek reisen.\u201c<\/p>\n<p>Noch einen Schritt weiter als mit den Hybridausgaben von \u201eOPERA\u201c geht Betzwieser mit der Edition eines Melodrams des Mozart-Zeitgenossen Peter von Winter: Es soll vollst\u00e4ndig digital erscheinen, und der Notentext wird \u00fcber das Internet zug\u00e4nglich sein. Das Besondere an diesem Werk sind die 160 originalen Kupferstiche, die das Geschehen auf der B\u00fchne illustrieren; die Herausforderung f\u00fcr Betzwieser besteht in diesem Fall darin, zus\u00e4tzlich zu Musik und Text die Bilder als drittes Medium in die Digital-Edition einzugliedern.<\/p>\n<p>Weil Betzwieser seit seinem Wechsel an die Goethe-Universit\u00e4t im Jahr 2012 der gesch\u00e4ftsf\u00fchrende Direktor des musikwissenschaftlichen Instituts ist, muss dieses Projekt derzeit noch allzu oft hinter der Alltagsroutine zur\u00fcckstehen. Er freut sich allerdings darauf, wenn ihm mehr Zeit bleibt f\u00fcr das, was ihm am Herzen liegt: die digitale Edition des Melodrams und seine Forschung zu Christoph Willibald Gluck.<\/p>\n<p>\u201eAn Gluck finde ich bemerkenswert, dass er \u2013 anders als beispielsweise Mozart \u2013 die Gestaltung seiner Werke ganz aus der Szene heraus entwickelt und seine Partituren eben nur ein Element des Werkes darstellen\u201c, erl\u00e4utert Betzwieser. \u201eGluck wollte seine B\u00fchnenvisionen verwirklichen. Er muss genauso als Regisseur wie als Komponist seiner Opern gelten.\u201c<\/p>\n<p>Wenn es um den deutschen Vorklassik-Komponisten Gluck geht, ist \u201eVer\u00e4nderung\u201c der Gegenstand von Betzwiesers musikhistorischer Forschung. Bei den anderen Themen geh\u00f6rt sie \u2013 ebenso wie Kontinuit\u00e4t \u2013 immerhin zu den entscheidenden Rahmenbedingungen seiner wissenschaftlichen Karriere. So, wie es der Liedermacher Wolf Biermann einmal formulierte: Nur wer sich \u00e4ndert, bleibt sich treu. <em>[Autorin: Stefanie Hense]<\/em><\/p>\n","protected":false},"excerpt":{"rendered":"<p>Eines gab und gibt es im Lebenslauf von Thomas Betzwieser, Professor f\u00fcr historische Musikwissenschaft, nicht: Stillstand. Ver\u00e4nderungen geh\u00f6ren bei ihm dazu. Genauso ist sein Werdegang allerdings von Kontinuit\u00e4t gepr\u00e4gt: An [&hellip;]<\/p>\n","protected":false},"author":8,"featured_media":3619,"comment_status":"closed","ping_status":"closed","sticky":false,"template":"","format":"standard","meta":{"_eb_attr":"","_price":"","_stock":"","_tribe_ticket_header":"","_tribe_default_ticket_provider":"","_ticket_start_date":"","_ticket_end_date":"","_tribe_ticket_show_description":"","_tribe_ticket_show_not_going":false,"_tribe_ticket_use_global_stock":"","_tribe_ticket_global_stock_level":"","_global_stock_mode":"","_global_stock_cap":"","_tribe_rsvp_for_event":"","_tribe_ticket_going_count":"","_tribe_ticket_not_going_count":"","_tribe_tickets_list":"[]","_tribe_ticket_has_attendee_info_fields":false,"footnotes":""},"categories":[6],"tags":[29,10],"post_folder":[],"class_list":["post-3615","post","type-post","status-publish","format-standard","has-post-thumbnail","hentry","category-menschen","tag-forscher","tag-unireport"],"yoast_head":"<!-- This site is optimized with the Yoast SEO plugin v27.5 - https:\/\/yoast.com\/product\/yoast-seo-wordpress\/ -->\n<title>Goethe, Deine Forscher: Thomas Betzwieser, Musikwissenschaftler | Aktuelles aus der Goethe-Universit\u00e4t Frankfurt<\/title>\n<meta name=\"robots\" content=\"index, follow, max-snippet:-1, max-image-preview:large, max-video-preview:-1\" \/>\n<link rel=\"canonical\" href=\"https:\/\/aktuelles.uni-frankfurt.de\/en\/menschen\/goethe-deine-forscher-thomas-betzwieser-musikwissenschaftler\/\" \/>\n<meta property=\"og:locale\" content=\"en_GB\" \/>\n<meta property=\"og:type\" content=\"article\" \/>\n<meta property=\"og:title\" content=\"Goethe, Deine Forscher: Thomas Betzwieser, Musikwissenschaftler | Aktuelles aus der Goethe-Universit\u00e4t Frankfurt\" \/>\n<meta property=\"og:description\" content=\"Eines gab und gibt es im Lebenslauf von Thomas Betzwieser, Professor f\u00fcr historische Musikwissenschaft, nicht: Stillstand. Ver\u00e4nderungen geh\u00f6ren bei ihm dazu. Genauso ist sein Werdegang allerdings von Kontinuit\u00e4t gepr\u00e4gt: An [&hellip;]\" \/>\n<meta property=\"og:url\" content=\"https:\/\/aktuelles.uni-frankfurt.de\/en\/menschen\/goethe-deine-forscher-thomas-betzwieser-musikwissenschaftler\/\" \/>\n<meta property=\"og:site_name\" content=\"Aktuelles aus der Goethe-Universit\u00e4t Frankfurt\" \/>\n<meta property=\"article:published_time\" content=\"2016-02-03T12:49:28+00:00\" \/>\n<meta property=\"article:modified_time\" content=\"2016-02-03T12:49:58+00:00\" \/>\n<meta property=\"og:image\" content=\"https:\/\/aktuelles.uni-frankfurt.de\/wp-content\/uploads\/2016\/02\/blog_unireport_forscher-betzwieser.jpg\" \/>\n\t<meta property=\"og:image:width\" content=\"400\" \/>\n\t<meta property=\"og:image:height\" content=\"267\" \/>\n\t<meta property=\"og:image:type\" content=\"image\/jpeg\" \/>\n<meta name=\"author\" content=\"-\" \/>\n<meta name=\"twitter:card\" content=\"summary_large_image\" \/>\n<meta name=\"twitter:label1\" content=\"Written by\" \/>\n\t<meta name=\"twitter:data1\" content=\"-\" \/>\n\t<meta name=\"twitter:label2\" content=\"Estimated reading time\" \/>\n\t<meta name=\"twitter:data2\" content=\"4 minutes\" \/>\n<script type=\"application\/ld+json\" class=\"yoast-schema-graph\">{\"@context\":\"https:\\\/\\\/schema.org\",\"@graph\":[{\"@type\":\"Article\",\"@id\":\"https:\\\/\\\/aktuelles.uni-frankfurt.de\\\/menschen\\\/goethe-deine-forscher-thomas-betzwieser-musikwissenschaftler\\\/#article\",\"isPartOf\":{\"@id\":\"https:\\\/\\\/aktuelles.uni-frankfurt.de\\\/menschen\\\/goethe-deine-forscher-thomas-betzwieser-musikwissenschaftler\\\/\"},\"author\":{\"name\":\"-\",\"@id\":\"https:\\\/\\\/aktuelles.uni-frankfurt.de\\\/#\\\/schema\\\/person\\\/8e55ea338fb65d1ce87a91565d1f1739\"},\"headline\":\"Goethe, Deine Forscher: Thomas Betzwieser, Musikwissenschaftler\",\"datePublished\":\"2016-02-03T12:49:28+00:00\",\"dateModified\":\"2016-02-03T12:49:58+00:00\",\"mainEntityOfPage\":{\"@id\":\"https:\\\/\\\/aktuelles.uni-frankfurt.de\\\/menschen\\\/goethe-deine-forscher-thomas-betzwieser-musikwissenschaftler\\\/\"},\"wordCount\":821,\"publisher\":{\"@id\":\"https:\\\/\\\/aktuelles.uni-frankfurt.de\\\/#organization\"},\"image\":{\"@id\":\"https:\\\/\\\/aktuelles.uni-frankfurt.de\\\/menschen\\\/goethe-deine-forscher-thomas-betzwieser-musikwissenschaftler\\\/#primaryimage\"},\"thumbnailUrl\":\"https:\\\/\\\/aktuelles.uni-frankfurt.de\\\/wp-content\\\/uploads\\\/2016\\\/02\\\/blog_unireport_forscher-betzwieser.jpg\",\"keywords\":[\"Forscher\",\"UniReport\"],\"articleSection\":[\"Menschen\"],\"inLanguage\":\"en-GB\"},{\"@type\":\"WebPage\",\"@id\":\"https:\\\/\\\/aktuelles.uni-frankfurt.de\\\/menschen\\\/goethe-deine-forscher-thomas-betzwieser-musikwissenschaftler\\\/\",\"url\":\"https:\\\/\\\/aktuelles.uni-frankfurt.de\\\/menschen\\\/goethe-deine-forscher-thomas-betzwieser-musikwissenschaftler\\\/\",\"name\":\"Goethe, Deine Forscher: Thomas Betzwieser, Musikwissenschaftler | Aktuelles aus der Goethe-Universit\u00e4t Frankfurt\",\"isPartOf\":{\"@id\":\"https:\\\/\\\/aktuelles.uni-frankfurt.de\\\/#website\"},\"primaryImageOfPage\":{\"@id\":\"https:\\\/\\\/aktuelles.uni-frankfurt.de\\\/menschen\\\/goethe-deine-forscher-thomas-betzwieser-musikwissenschaftler\\\/#primaryimage\"},\"image\":{\"@id\":\"https:\\\/\\\/aktuelles.uni-frankfurt.de\\\/menschen\\\/goethe-deine-forscher-thomas-betzwieser-musikwissenschaftler\\\/#primaryimage\"},\"thumbnailUrl\":\"https:\\\/\\\/aktuelles.uni-frankfurt.de\\\/wp-content\\\/uploads\\\/2016\\\/02\\\/blog_unireport_forscher-betzwieser.jpg\",\"datePublished\":\"2016-02-03T12:49:28+00:00\",\"dateModified\":\"2016-02-03T12:49:58+00:00\",\"breadcrumb\":{\"@id\":\"https:\\\/\\\/aktuelles.uni-frankfurt.de\\\/menschen\\\/goethe-deine-forscher-thomas-betzwieser-musikwissenschaftler\\\/#breadcrumb\"},\"inLanguage\":\"en-GB\",\"potentialAction\":[{\"@type\":\"ReadAction\",\"target\":[\"https:\\\/\\\/aktuelles.uni-frankfurt.de\\\/menschen\\\/goethe-deine-forscher-thomas-betzwieser-musikwissenschaftler\\\/\"]}]},{\"@type\":\"ImageObject\",\"inLanguage\":\"en-GB\",\"@id\":\"https:\\\/\\\/aktuelles.uni-frankfurt.de\\\/menschen\\\/goethe-deine-forscher-thomas-betzwieser-musikwissenschaftler\\\/#primaryimage\",\"url\":\"https:\\\/\\\/aktuelles.uni-frankfurt.de\\\/wp-content\\\/uploads\\\/2016\\\/02\\\/blog_unireport_forscher-betzwieser.jpg\",\"contentUrl\":\"https:\\\/\\\/aktuelles.uni-frankfurt.de\\\/wp-content\\\/uploads\\\/2016\\\/02\\\/blog_unireport_forscher-betzwieser.jpg\",\"width\":400,\"height\":267,\"caption\":\"Thomas Betzwieser, Musikwissenschaftler; Foto: Dettmar\"},{\"@type\":\"BreadcrumbList\",\"@id\":\"https:\\\/\\\/aktuelles.uni-frankfurt.de\\\/menschen\\\/goethe-deine-forscher-thomas-betzwieser-musikwissenschaftler\\\/#breadcrumb\",\"itemListElement\":[{\"@type\":\"ListItem\",\"position\":1,\"name\":\"Startseite\",\"item\":\"https:\\\/\\\/aktuelles.uni-frankfurt.de\\\/\"},{\"@type\":\"ListItem\",\"position\":2,\"name\":\"Goethe, Deine Forscher: Thomas Betzwieser, Musikwissenschaftler\"}]},{\"@type\":\"WebSite\",\"@id\":\"https:\\\/\\\/aktuelles.uni-frankfurt.de\\\/#website\",\"url\":\"https:\\\/\\\/aktuelles.uni-frankfurt.de\\\/\",\"name\":\"Aktuelles aus der Goethe-Universit\u00e4t Frankfurt\",\"description\":\"Aktuelles aus der Goethe-Universit\u00e4t | Neues aus Forschung, Lehre, Studium\",\"publisher\":{\"@id\":\"https:\\\/\\\/aktuelles.uni-frankfurt.de\\\/#organization\"},\"potentialAction\":[{\"@type\":\"SearchAction\",\"target\":{\"@type\":\"EntryPoint\",\"urlTemplate\":\"https:\\\/\\\/aktuelles.uni-frankfurt.de\\\/?s={search_term_string}\"},\"query-input\":{\"@type\":\"PropertyValueSpecification\",\"valueRequired\":true,\"valueName\":\"search_term_string\"}}],\"inLanguage\":\"en-GB\"},{\"@type\":\"Organization\",\"@id\":\"https:\\\/\\\/aktuelles.uni-frankfurt.de\\\/#organization\",\"name\":\"Goethe-Universit\u00e4t\",\"url\":\"https:\\\/\\\/aktuelles.uni-frankfurt.de\\\/\",\"logo\":{\"@type\":\"ImageObject\",\"inLanguage\":\"en-GB\",\"@id\":\"https:\\\/\\\/aktuelles.uni-frankfurt.de\\\/#\\\/schema\\\/logo\\\/image\\\/\",\"url\":\"https:\\\/\\\/aktuelles.uni-frankfurt.de\\\/wp-content\\\/uploads\\\/2022\\\/03\\\/800px-Goethe-Logo.png\",\"contentUrl\":\"https:\\\/\\\/aktuelles.uni-frankfurt.de\\\/wp-content\\\/uploads\\\/2022\\\/03\\\/800px-Goethe-Logo.png\",\"width\":800,\"height\":436,\"caption\":\"Goethe-Universit\u00e4t\"},\"image\":{\"@id\":\"https:\\\/\\\/aktuelles.uni-frankfurt.de\\\/#\\\/schema\\\/logo\\\/image\\\/\"}},{\"@type\":\"Person\",\"@id\":\"https:\\\/\\\/aktuelles.uni-frankfurt.de\\\/#\\\/schema\\\/person\\\/8e55ea338fb65d1ce87a91565d1f1739\",\"name\":\"-\",\"description\":\"Dieser Beitrag wurde von der Online-Redaktion ver\u00f6ffentlicht. Wenn der Beitrag von einem Gastautoren verfasst wurde, findet sich dieser Hinweis am Ende des jeweiligen Artikels.\",\"sameAs\":[\"http:\\\/\\\/aktuelles.uni-frankfurt.de\\\/autoren\"],\"url\":\"https:\\\/\\\/aktuelles.uni-frankfurt.de\\\/en\\\/author\\\/redaktion\\\/\"}]}<\/script>\n<!-- \/ Yoast SEO plugin. -->","yoast_head_json":{"title":"Goethe, Deine Forscher: Thomas Betzwieser, Musikwissenschaftler | Aktuelles aus der Goethe-Universit\u00e4t Frankfurt","robots":{"index":"index","follow":"follow","max-snippet":"max-snippet:-1","max-image-preview":"max-image-preview:large","max-video-preview":"max-video-preview:-1"},"canonical":"https:\/\/aktuelles.uni-frankfurt.de\/en\/menschen\/goethe-deine-forscher-thomas-betzwieser-musikwissenschaftler\/","og_locale":"en_GB","og_type":"article","og_title":"Goethe, Deine Forscher: Thomas Betzwieser, Musikwissenschaftler | Aktuelles aus der Goethe-Universit\u00e4t Frankfurt","og_description":"Eines gab und gibt es im Lebenslauf von Thomas Betzwieser, Professor f\u00fcr historische Musikwissenschaft, nicht: Stillstand. Ver\u00e4nderungen geh\u00f6ren bei ihm dazu. Genauso ist sein Werdegang allerdings von Kontinuit\u00e4t gepr\u00e4gt: An [&hellip;]","og_url":"https:\/\/aktuelles.uni-frankfurt.de\/en\/menschen\/goethe-deine-forscher-thomas-betzwieser-musikwissenschaftler\/","og_site_name":"Aktuelles aus der Goethe-Universit\u00e4t Frankfurt","article_published_time":"2016-02-03T12:49:28+00:00","article_modified_time":"2016-02-03T12:49:58+00:00","og_image":[{"width":400,"height":267,"url":"https:\/\/aktuelles.uni-frankfurt.de\/wp-content\/uploads\/2016\/02\/blog_unireport_forscher-betzwieser.jpg","type":"image\/jpeg"}],"author":"-","twitter_card":"summary_large_image","twitter_misc":{"Written by":"-","Estimated reading time":"4 minutes"},"schema":{"@context":"https:\/\/schema.org","@graph":[{"@type":"Article","@id":"https:\/\/aktuelles.uni-frankfurt.de\/menschen\/goethe-deine-forscher-thomas-betzwieser-musikwissenschaftler\/#article","isPartOf":{"@id":"https:\/\/aktuelles.uni-frankfurt.de\/menschen\/goethe-deine-forscher-thomas-betzwieser-musikwissenschaftler\/"},"author":{"name":"-","@id":"https:\/\/aktuelles.uni-frankfurt.de\/#\/schema\/person\/8e55ea338fb65d1ce87a91565d1f1739"},"headline":"Goethe, Deine Forscher: Thomas Betzwieser, Musikwissenschaftler","datePublished":"2016-02-03T12:49:28+00:00","dateModified":"2016-02-03T12:49:58+00:00","mainEntityOfPage":{"@id":"https:\/\/aktuelles.uni-frankfurt.de\/menschen\/goethe-deine-forscher-thomas-betzwieser-musikwissenschaftler\/"},"wordCount":821,"publisher":{"@id":"https:\/\/aktuelles.uni-frankfurt.de\/#organization"},"image":{"@id":"https:\/\/aktuelles.uni-frankfurt.de\/menschen\/goethe-deine-forscher-thomas-betzwieser-musikwissenschaftler\/#primaryimage"},"thumbnailUrl":"https:\/\/aktuelles.uni-frankfurt.de\/wp-content\/uploads\/2016\/02\/blog_unireport_forscher-betzwieser.jpg","keywords":["Forscher","UniReport"],"articleSection":["Menschen"],"inLanguage":"en-GB"},{"@type":"WebPage","@id":"https:\/\/aktuelles.uni-frankfurt.de\/menschen\/goethe-deine-forscher-thomas-betzwieser-musikwissenschaftler\/","url":"https:\/\/aktuelles.uni-frankfurt.de\/menschen\/goethe-deine-forscher-thomas-betzwieser-musikwissenschaftler\/","name":"Goethe, Deine Forscher: Thomas Betzwieser, Musikwissenschaftler | Aktuelles aus der Goethe-Universit\u00e4t Frankfurt","isPartOf":{"@id":"https:\/\/aktuelles.uni-frankfurt.de\/#website"},"primaryImageOfPage":{"@id":"https:\/\/aktuelles.uni-frankfurt.de\/menschen\/goethe-deine-forscher-thomas-betzwieser-musikwissenschaftler\/#primaryimage"},"image":{"@id":"https:\/\/aktuelles.uni-frankfurt.de\/menschen\/goethe-deine-forscher-thomas-betzwieser-musikwissenschaftler\/#primaryimage"},"thumbnailUrl":"https:\/\/aktuelles.uni-frankfurt.de\/wp-content\/uploads\/2016\/02\/blog_unireport_forscher-betzwieser.jpg","datePublished":"2016-02-03T12:49:28+00:00","dateModified":"2016-02-03T12:49:58+00:00","breadcrumb":{"@id":"https:\/\/aktuelles.uni-frankfurt.de\/menschen\/goethe-deine-forscher-thomas-betzwieser-musikwissenschaftler\/#breadcrumb"},"inLanguage":"en-GB","potentialAction":[{"@type":"ReadAction","target":["https:\/\/aktuelles.uni-frankfurt.de\/menschen\/goethe-deine-forscher-thomas-betzwieser-musikwissenschaftler\/"]}]},{"@type":"ImageObject","inLanguage":"en-GB","@id":"https:\/\/aktuelles.uni-frankfurt.de\/menschen\/goethe-deine-forscher-thomas-betzwieser-musikwissenschaftler\/#primaryimage","url":"https:\/\/aktuelles.uni-frankfurt.de\/wp-content\/uploads\/2016\/02\/blog_unireport_forscher-betzwieser.jpg","contentUrl":"https:\/\/aktuelles.uni-frankfurt.de\/wp-content\/uploads\/2016\/02\/blog_unireport_forscher-betzwieser.jpg","width":400,"height":267,"caption":"Thomas Betzwieser, Musikwissenschaftler; Foto: Dettmar"},{"@type":"BreadcrumbList","@id":"https:\/\/aktuelles.uni-frankfurt.de\/menschen\/goethe-deine-forscher-thomas-betzwieser-musikwissenschaftler\/#breadcrumb","itemListElement":[{"@type":"ListItem","position":1,"name":"Startseite","item":"https:\/\/aktuelles.uni-frankfurt.de\/"},{"@type":"ListItem","position":2,"name":"Goethe, Deine Forscher: Thomas Betzwieser, Musikwissenschaftler"}]},{"@type":"WebSite","@id":"https:\/\/aktuelles.uni-frankfurt.de\/#website","url":"https:\/\/aktuelles.uni-frankfurt.de\/","name":"Aktuelles aus der Goethe-Universit\u00e4t Frankfurt","description":"Aktuelles aus der Goethe-Universit\u00e4t | Neues aus Forschung, Lehre, Studium","publisher":{"@id":"https:\/\/aktuelles.uni-frankfurt.de\/#organization"},"potentialAction":[{"@type":"SearchAction","target":{"@type":"EntryPoint","urlTemplate":"https:\/\/aktuelles.uni-frankfurt.de\/?s={search_term_string}"},"query-input":{"@type":"PropertyValueSpecification","valueRequired":true,"valueName":"search_term_string"}}],"inLanguage":"en-GB"},{"@type":"Organization","@id":"https:\/\/aktuelles.uni-frankfurt.de\/#organization","name":"Goethe University Frankfurt","url":"https:\/\/aktuelles.uni-frankfurt.de\/","logo":{"@type":"ImageObject","inLanguage":"en-GB","@id":"https:\/\/aktuelles.uni-frankfurt.de\/#\/schema\/logo\/image\/","url":"https:\/\/aktuelles.uni-frankfurt.de\/wp-content\/uploads\/2022\/03\/800px-Goethe-Logo.png","contentUrl":"https:\/\/aktuelles.uni-frankfurt.de\/wp-content\/uploads\/2022\/03\/800px-Goethe-Logo.png","width":800,"height":436,"caption":"Goethe-Universit\u00e4t"},"image":{"@id":"https:\/\/aktuelles.uni-frankfurt.de\/#\/schema\/logo\/image\/"}},{"@type":"Person","@id":"https:\/\/aktuelles.uni-frankfurt.de\/#\/schema\/person\/8e55ea338fb65d1ce87a91565d1f1739","name":"-","description":"Dieser Beitrag wurde von der Online-Redaktion ver\u00f6ffentlicht. Wenn der Beitrag von einem Gastautoren verfasst wurde, findet sich dieser Hinweis am Ende des jeweiligen Artikels.","sameAs":["http:\/\/aktuelles.uni-frankfurt.de\/autoren"],"url":"https:\/\/aktuelles.uni-frankfurt.de\/en\/author\/redaktion\/"}]}},"_links":{"self":[{"href":"https:\/\/aktuelles.uni-frankfurt.de\/en\/wp-json\/wp\/v2\/posts\/3615","targetHints":{"allow":["GET"]}}],"collection":[{"href":"https:\/\/aktuelles.uni-frankfurt.de\/en\/wp-json\/wp\/v2\/posts"}],"about":[{"href":"https:\/\/aktuelles.uni-frankfurt.de\/en\/wp-json\/wp\/v2\/types\/post"}],"author":[{"embeddable":true,"href":"https:\/\/aktuelles.uni-frankfurt.de\/en\/wp-json\/wp\/v2\/users\/8"}],"replies":[{"embeddable":true,"href":"https:\/\/aktuelles.uni-frankfurt.de\/en\/wp-json\/wp\/v2\/comments?post=3615"}],"version-history":[{"count":0,"href":"https:\/\/aktuelles.uni-frankfurt.de\/en\/wp-json\/wp\/v2\/posts\/3615\/revisions"}],"wp:featuredmedia":[{"embeddable":true,"href":"https:\/\/aktuelles.uni-frankfurt.de\/en\/wp-json\/wp\/v2\/media\/3619"}],"wp:attachment":[{"href":"https:\/\/aktuelles.uni-frankfurt.de\/en\/wp-json\/wp\/v2\/media?parent=3615"}],"wp:term":[{"taxonomy":"category","embeddable":true,"href":"https:\/\/aktuelles.uni-frankfurt.de\/en\/wp-json\/wp\/v2\/categories?post=3615"},{"taxonomy":"post_tag","embeddable":true,"href":"https:\/\/aktuelles.uni-frankfurt.de\/en\/wp-json\/wp\/v2\/tags?post=3615"},{"taxonomy":"post_folder","embeddable":true,"href":"https:\/\/aktuelles.uni-frankfurt.de\/en\/wp-json\/wp\/v2\/post_folder?post=3615"}],"curies":[{"name":"wp","href":"https:\/\/api.w.org\/{rel}","templated":true}]}}