{"id":36718,"date":"2019-04-11T14:18:39","date_gmt":"2019-04-11T12:18:39","guid":{"rendered":"https:\/\/aktuelles.uni-frankfurt.de\/?p=36718"},"modified":"2019-04-11T14:18:41","modified_gmt":"2019-04-11T12:18:41","slug":"vortrag-am-17-april-20-uhr-wie-wir-das-schwarze-loch-sichtbar-machten","status":"publish","type":"post","link":"https:\/\/aktuelles.uni-frankfurt.de\/en\/veranstaltungen\/vortrag-am-17-april-20-uhr-wie-wir-das-schwarze-loch-sichtbar-machten\/","title":{"rendered":"Vortrag am 17. April, 20 Uhr \/ Wie wir das Schwarze Loch sichtbar machten"},"content":{"rendered":"<p><em>\u00d6ffentlicher Abendvortrag der drei f\u00fchrenden europ\u00e4ischen Astrophysiker mit Prof. Luciano Rezzolla von der Goethe-Universit\u00e4t.<\/em><\/p>\n\n\n\n<p>Das erste Bild eines Schwarzen Lochs ist das Ergebnis der Zusammenarbeit von 200 Wissenschaftlern weltweit im Event Horizon Telescope-Projekt (EHT-Projekt). Mit von der Partie ist das europ\u00e4ische Black Hole Cam (BHC)-Team unter der Leitung von Astrophysikern der Goethe-Universit\u00e4t, des Max-Planck-Instituts f\u00fcr Radioastronomie (MPIfR) in Bonn und der Radboud University in Nijmegen, Niederlande. Die drei f\u00fchrenden europ\u00e4ischen Wissenschaftler werden \u00fcber die Hintergr\u00fcnde dieses wissenschaftlichen Abenteuers in einem \u00f6ffentlichen Abendvortrag berichten: <strong>am Mittwoch, dem 17. April um 20 UhrCampus Riedberg, Otto Stern Zentrum, OSZ H 1.<\/strong><\/p>\n\n\n\n<figure class=\"wp-block-embed is-type-rich is-provider-aktuelles-aus-der-goethe-universitat-frankfurt\"><div class=\"wp-block-embed__wrapper\">\nhttps:\/\/aktuelles.uni-frankfurt.de\/event\/die-ersten-bilder-eines-schwarzen-lochs\/\n<\/div><\/figure>\n\n\n\n<p>Die Vortragenden: Prof. Luciano Rezzolla, Institut f\u00fcr Theoretische Physik, Goethe-Universit\u00e4t, Prof. Michael Kramer, Max Planck-Institut f\u00fcr Radioastronomie, Bonn, Prof. Heino Falcke, Radboud Universit\u00e4t, Niederlande<\/p>\n\n\n\n<p>Eine Anmeldung ist nicht erforderlich.\nWir freuen uns \u00fcber Ihr Kommen!<\/p>","protected":false},"excerpt":{"rendered":"<p>\u00d6ffentlicher Abendvortrag der drei f\u00fchrenden europ\u00e4ischen Astrophysiker mit Prof. Luciano Rezzolla von der Goethe-Universit\u00e4t. Das erste Bild eines Schwarzen Lochs ist das Ergebnis der Zusammenarbeit von 200 Wissenschaftlern weltweit im [&hellip;]<\/p>\n","protected":false},"author":8,"featured_media":36643,"comment_status":"closed","ping_status":"closed","sticky":false,"template":"","format":"standard","meta":{"_eb_attr":"","_price":"","_stock":"","_tribe_ticket_header":"","_tribe_default_ticket_provider":"","_ticket_start_date":"","_ticket_end_date":"","_tribe_ticket_show_description":"","_tribe_ticket_show_not_going":false,"_tribe_ticket_use_global_stock":"","_tribe_ticket_global_stock_level":"","_global_stock_mode":"","_global_stock_cap":"","_tribe_rsvp_for_event":"","_tribe_ticket_going_count":"","_tribe_ticket_not_going_count":"","_tribe_tickets_list":"[]","_tribe_ticket_has_attendee_info_fields":false,"footnotes":""},"categories":[12],"tags":[23],"post_folder":[],"class_list":["post-36718","post","type-post","status-publish","format-standard","has-post-thumbnail","hentry","category-veranstaltungen","tag-physik"],"yoast_head":"<!-- This site is optimized with the Yoast SEO plugin v27.5 - https:\/\/yoast.com\/product\/yoast-seo-wordpress\/ -->\n<title>Vortrag am 17. April, 20 Uhr \/ Wie wir das Schwarze Loch sichtbar machten | Aktuelles aus der Goethe-Universit\u00e4t Frankfurt<\/title>\n<meta name=\"robots\" content=\"index, follow, max-snippet:-1, max-image-preview:large, max-video-preview:-1\" \/>\n<link rel=\"canonical\" href=\"https:\/\/aktuelles.uni-frankfurt.de\/en\/veranstaltungen\/vortrag-am-17-april-20-uhr-wie-wir-das-schwarze-loch-sichtbar-machten\/\" \/>\n<meta property=\"og:locale\" content=\"en_GB\" \/>\n<meta property=\"og:type\" content=\"article\" \/>\n<meta property=\"og:title\" content=\"Vortrag am 17. April, 20 Uhr \/ Wie wir das Schwarze Loch sichtbar machten | Aktuelles aus der Goethe-Universit\u00e4t Frankfurt\" \/>\n<meta property=\"og:description\" content=\"\u00d6ffentlicher Abendvortrag der drei f\u00fchrenden europ\u00e4ischen Astrophysiker mit Prof. Luciano Rezzolla von der Goethe-Universit\u00e4t. Das erste Bild eines Schwarzen Lochs ist das Ergebnis der Zusammenarbeit von 200 Wissenschaftlern weltweit im [&hellip;]\" \/>\n<meta property=\"og:url\" content=\"https:\/\/aktuelles.uni-frankfurt.de\/en\/veranstaltungen\/vortrag-am-17-april-20-uhr-wie-wir-das-schwarze-loch-sichtbar-machten\/\" \/>\n<meta property=\"og:site_name\" content=\"Aktuelles aus der Goethe-Universit\u00e4t Frankfurt\" \/>\n<meta property=\"article:published_time\" content=\"2019-04-11T12:18:39+00:00\" \/>\n<meta property=\"article:modified_time\" content=\"2019-04-11T12:18:41+00:00\" \/>\n<meta property=\"og:image\" content=\"https:\/\/aktuelles.uni-frankfurt.de\/wp-content\/uploads\/2019\/04\/beitrag_pm-schwarzes-Loch-black-hole.jpg\" \/>\n\t<meta property=\"og:image:width\" content=\"650\" \/>\n\t<meta property=\"og:image:height\" content=\"450\" \/>\n\t<meta property=\"og:image:type\" content=\"image\/jpeg\" \/>\n<meta name=\"author\" content=\"-\" \/>\n<meta name=\"twitter:card\" content=\"summary_large_image\" \/>\n<meta name=\"twitter:label1\" content=\"Written by\" \/>\n\t<meta name=\"twitter:data1\" content=\"-\" \/>\n\t<meta name=\"twitter:label2\" content=\"Estimated reading time\" \/>\n\t<meta name=\"twitter:data2\" content=\"1 minute\" \/>\n<script type=\"application\/ld+json\" class=\"yoast-schema-graph\">{\"@context\":\"https:\\\/\\\/schema.org\",\"@graph\":[{\"@type\":\"Article\",\"@id\":\"https:\\\/\\\/aktuelles.uni-frankfurt.de\\\/veranstaltungen\\\/vortrag-am-17-april-20-uhr-wie-wir-das-schwarze-loch-sichtbar-machten\\\/#article\",\"isPartOf\":{\"@id\":\"https:\\\/\\\/aktuelles.uni-frankfurt.de\\\/veranstaltungen\\\/vortrag-am-17-april-20-uhr-wie-wir-das-schwarze-loch-sichtbar-machten\\\/\"},\"author\":{\"name\":\"-\",\"@id\":\"https:\\\/\\\/aktuelles.uni-frankfurt.de\\\/#\\\/schema\\\/person\\\/8e55ea338fb65d1ce87a91565d1f1739\"},\"headline\":\"Vortrag am 17. April, 20 Uhr \\\/ Wie wir das Schwarze Loch sichtbar machten\",\"datePublished\":\"2019-04-11T12:18:39+00:00\",\"dateModified\":\"2019-04-11T12:18:41+00:00\",\"mainEntityOfPage\":{\"@id\":\"https:\\\/\\\/aktuelles.uni-frankfurt.de\\\/veranstaltungen\\\/vortrag-am-17-april-20-uhr-wie-wir-das-schwarze-loch-sichtbar-machten\\\/\"},\"wordCount\":160,\"publisher\":{\"@id\":\"https:\\\/\\\/aktuelles.uni-frankfurt.de\\\/#organization\"},\"image\":{\"@id\":\"https:\\\/\\\/aktuelles.uni-frankfurt.de\\\/veranstaltungen\\\/vortrag-am-17-april-20-uhr-wie-wir-das-schwarze-loch-sichtbar-machten\\\/#primaryimage\"},\"thumbnailUrl\":\"https:\\\/\\\/aktuelles.uni-frankfurt.de\\\/wp-content\\\/uploads\\\/2019\\\/04\\\/beitrag_pm-schwarzes-Loch-black-hole.jpg\",\"keywords\":[\"Physik\"],\"articleSection\":[\"Veranstaltungen\"],\"inLanguage\":\"en-GB\"},{\"@type\":\"WebPage\",\"@id\":\"https:\\\/\\\/aktuelles.uni-frankfurt.de\\\/veranstaltungen\\\/vortrag-am-17-april-20-uhr-wie-wir-das-schwarze-loch-sichtbar-machten\\\/\",\"url\":\"https:\\\/\\\/aktuelles.uni-frankfurt.de\\\/veranstaltungen\\\/vortrag-am-17-april-20-uhr-wie-wir-das-schwarze-loch-sichtbar-machten\\\/\",\"name\":\"Vortrag am 17. April, 20 Uhr \\\/ Wie wir das Schwarze Loch sichtbar machten | Aktuelles aus der Goethe-Universit\u00e4t Frankfurt\",\"isPartOf\":{\"@id\":\"https:\\\/\\\/aktuelles.uni-frankfurt.de\\\/#website\"},\"primaryImageOfPage\":{\"@id\":\"https:\\\/\\\/aktuelles.uni-frankfurt.de\\\/veranstaltungen\\\/vortrag-am-17-april-20-uhr-wie-wir-das-schwarze-loch-sichtbar-machten\\\/#primaryimage\"},\"image\":{\"@id\":\"https:\\\/\\\/aktuelles.uni-frankfurt.de\\\/veranstaltungen\\\/vortrag-am-17-april-20-uhr-wie-wir-das-schwarze-loch-sichtbar-machten\\\/#primaryimage\"},\"thumbnailUrl\":\"https:\\\/\\\/aktuelles.uni-frankfurt.de\\\/wp-content\\\/uploads\\\/2019\\\/04\\\/beitrag_pm-schwarzes-Loch-black-hole.jpg\",\"datePublished\":\"2019-04-11T12:18:39+00:00\",\"dateModified\":\"2019-04-11T12:18:41+00:00\",\"breadcrumb\":{\"@id\":\"https:\\\/\\\/aktuelles.uni-frankfurt.de\\\/veranstaltungen\\\/vortrag-am-17-april-20-uhr-wie-wir-das-schwarze-loch-sichtbar-machten\\\/#breadcrumb\"},\"inLanguage\":\"en-GB\",\"potentialAction\":[{\"@type\":\"ReadAction\",\"target\":[\"https:\\\/\\\/aktuelles.uni-frankfurt.de\\\/veranstaltungen\\\/vortrag-am-17-april-20-uhr-wie-wir-das-schwarze-loch-sichtbar-machten\\\/\"]}]},{\"@type\":\"ImageObject\",\"inLanguage\":\"en-GB\",\"@id\":\"https:\\\/\\\/aktuelles.uni-frankfurt.de\\\/veranstaltungen\\\/vortrag-am-17-april-20-uhr-wie-wir-das-schwarze-loch-sichtbar-machten\\\/#primaryimage\",\"url\":\"https:\\\/\\\/aktuelles.uni-frankfurt.de\\\/wp-content\\\/uploads\\\/2019\\\/04\\\/beitrag_pm-schwarzes-Loch-black-hole.jpg\",\"contentUrl\":\"https:\\\/\\\/aktuelles.uni-frankfurt.de\\\/wp-content\\\/uploads\\\/2019\\\/04\\\/beitrag_pm-schwarzes-Loch-black-hole.jpg\",\"width\":650,\"height\":450,\"caption\":\"Das erste Bild des Schwarzen Lochs in der benachbarten Galaxie M87, aufgenommen vom Event Horizon Telescope-Projekt. Bildrechte: EHT\"},{\"@type\":\"BreadcrumbList\",\"@id\":\"https:\\\/\\\/aktuelles.uni-frankfurt.de\\\/veranstaltungen\\\/vortrag-am-17-april-20-uhr-wie-wir-das-schwarze-loch-sichtbar-machten\\\/#breadcrumb\",\"itemListElement\":[{\"@type\":\"ListItem\",\"position\":1,\"name\":\"Startseite\",\"item\":\"https:\\\/\\\/aktuelles.uni-frankfurt.de\\\/\"},{\"@type\":\"ListItem\",\"position\":2,\"name\":\"Vortrag am 17. April, 20 Uhr \\\/ Wie wir das Schwarze Loch sichtbar machten\"}]},{\"@type\":\"WebSite\",\"@id\":\"https:\\\/\\\/aktuelles.uni-frankfurt.de\\\/#website\",\"url\":\"https:\\\/\\\/aktuelles.uni-frankfurt.de\\\/\",\"name\":\"Aktuelles aus der Goethe-Universit\u00e4t Frankfurt\",\"description\":\"Aktuelles aus der Goethe-Universit\u00e4t | Neues aus Forschung, Lehre, Studium\",\"publisher\":{\"@id\":\"https:\\\/\\\/aktuelles.uni-frankfurt.de\\\/#organization\"},\"potentialAction\":[{\"@type\":\"SearchAction\",\"target\":{\"@type\":\"EntryPoint\",\"urlTemplate\":\"https:\\\/\\\/aktuelles.uni-frankfurt.de\\\/?s={search_term_string}\"},\"query-input\":{\"@type\":\"PropertyValueSpecification\",\"valueRequired\":true,\"valueName\":\"search_term_string\"}}],\"inLanguage\":\"en-GB\"},{\"@type\":\"Organization\",\"@id\":\"https:\\\/\\\/aktuelles.uni-frankfurt.de\\\/#organization\",\"name\":\"Goethe-Universit\u00e4t\",\"url\":\"https:\\\/\\\/aktuelles.uni-frankfurt.de\\\/\",\"logo\":{\"@type\":\"ImageObject\",\"inLanguage\":\"en-GB\",\"@id\":\"https:\\\/\\\/aktuelles.uni-frankfurt.de\\\/#\\\/schema\\\/logo\\\/image\\\/\",\"url\":\"https:\\\/\\\/aktuelles.uni-frankfurt.de\\\/wp-content\\\/uploads\\\/2022\\\/03\\\/800px-Goethe-Logo.png\",\"contentUrl\":\"https:\\\/\\\/aktuelles.uni-frankfurt.de\\\/wp-content\\\/uploads\\\/2022\\\/03\\\/800px-Goethe-Logo.png\",\"width\":800,\"height\":436,\"caption\":\"Goethe-Universit\u00e4t\"},\"image\":{\"@id\":\"https:\\\/\\\/aktuelles.uni-frankfurt.de\\\/#\\\/schema\\\/logo\\\/image\\\/\"}},{\"@type\":\"Person\",\"@id\":\"https:\\\/\\\/aktuelles.uni-frankfurt.de\\\/#\\\/schema\\\/person\\\/8e55ea338fb65d1ce87a91565d1f1739\",\"name\":\"-\",\"description\":\"Dieser Beitrag wurde von der Online-Redaktion ver\u00f6ffentlicht. Wenn der Beitrag von einem Gastautoren verfasst wurde, findet sich dieser Hinweis am Ende des jeweiligen Artikels.\",\"sameAs\":[\"http:\\\/\\\/aktuelles.uni-frankfurt.de\\\/autoren\"],\"url\":\"https:\\\/\\\/aktuelles.uni-frankfurt.de\\\/en\\\/author\\\/redaktion\\\/\"}]}<\/script>\n<!-- \/ Yoast SEO plugin. -->","yoast_head_json":{"title":"Vortrag am 17. April, 20 Uhr \/ Wie wir das Schwarze Loch sichtbar machten | Aktuelles aus der Goethe-Universit\u00e4t Frankfurt","robots":{"index":"index","follow":"follow","max-snippet":"max-snippet:-1","max-image-preview":"max-image-preview:large","max-video-preview":"max-video-preview:-1"},"canonical":"https:\/\/aktuelles.uni-frankfurt.de\/en\/veranstaltungen\/vortrag-am-17-april-20-uhr-wie-wir-das-schwarze-loch-sichtbar-machten\/","og_locale":"en_GB","og_type":"article","og_title":"Vortrag am 17. April, 20 Uhr \/ Wie wir das Schwarze Loch sichtbar machten | Aktuelles aus der Goethe-Universit\u00e4t Frankfurt","og_description":"\u00d6ffentlicher Abendvortrag der drei f\u00fchrenden europ\u00e4ischen Astrophysiker mit Prof. Luciano Rezzolla von der Goethe-Universit\u00e4t. Das erste Bild eines Schwarzen Lochs ist das Ergebnis der Zusammenarbeit von 200 Wissenschaftlern weltweit im [&hellip;]","og_url":"https:\/\/aktuelles.uni-frankfurt.de\/en\/veranstaltungen\/vortrag-am-17-april-20-uhr-wie-wir-das-schwarze-loch-sichtbar-machten\/","og_site_name":"Aktuelles aus der Goethe-Universit\u00e4t Frankfurt","article_published_time":"2019-04-11T12:18:39+00:00","article_modified_time":"2019-04-11T12:18:41+00:00","og_image":[{"width":650,"height":450,"url":"https:\/\/aktuelles.uni-frankfurt.de\/wp-content\/uploads\/2019\/04\/beitrag_pm-schwarzes-Loch-black-hole.jpg","type":"image\/jpeg"}],"author":"-","twitter_card":"summary_large_image","twitter_misc":{"Written by":"-","Estimated reading time":"1 minute"},"schema":{"@context":"https:\/\/schema.org","@graph":[{"@type":"Article","@id":"https:\/\/aktuelles.uni-frankfurt.de\/veranstaltungen\/vortrag-am-17-april-20-uhr-wie-wir-das-schwarze-loch-sichtbar-machten\/#article","isPartOf":{"@id":"https:\/\/aktuelles.uni-frankfurt.de\/veranstaltungen\/vortrag-am-17-april-20-uhr-wie-wir-das-schwarze-loch-sichtbar-machten\/"},"author":{"name":"-","@id":"https:\/\/aktuelles.uni-frankfurt.de\/#\/schema\/person\/8e55ea338fb65d1ce87a91565d1f1739"},"headline":"Vortrag am 17. April, 20 Uhr \/ Wie wir das Schwarze Loch sichtbar machten","datePublished":"2019-04-11T12:18:39+00:00","dateModified":"2019-04-11T12:18:41+00:00","mainEntityOfPage":{"@id":"https:\/\/aktuelles.uni-frankfurt.de\/veranstaltungen\/vortrag-am-17-april-20-uhr-wie-wir-das-schwarze-loch-sichtbar-machten\/"},"wordCount":160,"publisher":{"@id":"https:\/\/aktuelles.uni-frankfurt.de\/#organization"},"image":{"@id":"https:\/\/aktuelles.uni-frankfurt.de\/veranstaltungen\/vortrag-am-17-april-20-uhr-wie-wir-das-schwarze-loch-sichtbar-machten\/#primaryimage"},"thumbnailUrl":"https:\/\/aktuelles.uni-frankfurt.de\/wp-content\/uploads\/2019\/04\/beitrag_pm-schwarzes-Loch-black-hole.jpg","keywords":["Physik"],"articleSection":["Veranstaltungen"],"inLanguage":"en-GB"},{"@type":"WebPage","@id":"https:\/\/aktuelles.uni-frankfurt.de\/veranstaltungen\/vortrag-am-17-april-20-uhr-wie-wir-das-schwarze-loch-sichtbar-machten\/","url":"https:\/\/aktuelles.uni-frankfurt.de\/veranstaltungen\/vortrag-am-17-april-20-uhr-wie-wir-das-schwarze-loch-sichtbar-machten\/","name":"Vortrag am 17. April, 20 Uhr \/ Wie wir das Schwarze Loch sichtbar machten | Aktuelles aus der Goethe-Universit\u00e4t Frankfurt","isPartOf":{"@id":"https:\/\/aktuelles.uni-frankfurt.de\/#website"},"primaryImageOfPage":{"@id":"https:\/\/aktuelles.uni-frankfurt.de\/veranstaltungen\/vortrag-am-17-april-20-uhr-wie-wir-das-schwarze-loch-sichtbar-machten\/#primaryimage"},"image":{"@id":"https:\/\/aktuelles.uni-frankfurt.de\/veranstaltungen\/vortrag-am-17-april-20-uhr-wie-wir-das-schwarze-loch-sichtbar-machten\/#primaryimage"},"thumbnailUrl":"https:\/\/aktuelles.uni-frankfurt.de\/wp-content\/uploads\/2019\/04\/beitrag_pm-schwarzes-Loch-black-hole.jpg","datePublished":"2019-04-11T12:18:39+00:00","dateModified":"2019-04-11T12:18:41+00:00","breadcrumb":{"@id":"https:\/\/aktuelles.uni-frankfurt.de\/veranstaltungen\/vortrag-am-17-april-20-uhr-wie-wir-das-schwarze-loch-sichtbar-machten\/#breadcrumb"},"inLanguage":"en-GB","potentialAction":[{"@type":"ReadAction","target":["https:\/\/aktuelles.uni-frankfurt.de\/veranstaltungen\/vortrag-am-17-april-20-uhr-wie-wir-das-schwarze-loch-sichtbar-machten\/"]}]},{"@type":"ImageObject","inLanguage":"en-GB","@id":"https:\/\/aktuelles.uni-frankfurt.de\/veranstaltungen\/vortrag-am-17-april-20-uhr-wie-wir-das-schwarze-loch-sichtbar-machten\/#primaryimage","url":"https:\/\/aktuelles.uni-frankfurt.de\/wp-content\/uploads\/2019\/04\/beitrag_pm-schwarzes-Loch-black-hole.jpg","contentUrl":"https:\/\/aktuelles.uni-frankfurt.de\/wp-content\/uploads\/2019\/04\/beitrag_pm-schwarzes-Loch-black-hole.jpg","width":650,"height":450,"caption":"Das erste Bild des Schwarzen Lochs in der benachbarten Galaxie M87, aufgenommen vom Event Horizon Telescope-Projekt. Bildrechte: EHT"},{"@type":"BreadcrumbList","@id":"https:\/\/aktuelles.uni-frankfurt.de\/veranstaltungen\/vortrag-am-17-april-20-uhr-wie-wir-das-schwarze-loch-sichtbar-machten\/#breadcrumb","itemListElement":[{"@type":"ListItem","position":1,"name":"Startseite","item":"https:\/\/aktuelles.uni-frankfurt.de\/"},{"@type":"ListItem","position":2,"name":"Vortrag am 17. April, 20 Uhr \/ Wie wir das Schwarze Loch sichtbar machten"}]},{"@type":"WebSite","@id":"https:\/\/aktuelles.uni-frankfurt.de\/#website","url":"https:\/\/aktuelles.uni-frankfurt.de\/","name":"Aktuelles aus der Goethe-Universit\u00e4t Frankfurt","description":"Aktuelles aus der Goethe-Universit\u00e4t | Neues aus Forschung, Lehre, Studium","publisher":{"@id":"https:\/\/aktuelles.uni-frankfurt.de\/#organization"},"potentialAction":[{"@type":"SearchAction","target":{"@type":"EntryPoint","urlTemplate":"https:\/\/aktuelles.uni-frankfurt.de\/?s={search_term_string}"},"query-input":{"@type":"PropertyValueSpecification","valueRequired":true,"valueName":"search_term_string"}}],"inLanguage":"en-GB"},{"@type":"Organization","@id":"https:\/\/aktuelles.uni-frankfurt.de\/#organization","name":"Goethe University Frankfurt","url":"https:\/\/aktuelles.uni-frankfurt.de\/","logo":{"@type":"ImageObject","inLanguage":"en-GB","@id":"https:\/\/aktuelles.uni-frankfurt.de\/#\/schema\/logo\/image\/","url":"https:\/\/aktuelles.uni-frankfurt.de\/wp-content\/uploads\/2022\/03\/800px-Goethe-Logo.png","contentUrl":"https:\/\/aktuelles.uni-frankfurt.de\/wp-content\/uploads\/2022\/03\/800px-Goethe-Logo.png","width":800,"height":436,"caption":"Goethe-Universit\u00e4t"},"image":{"@id":"https:\/\/aktuelles.uni-frankfurt.de\/#\/schema\/logo\/image\/"}},{"@type":"Person","@id":"https:\/\/aktuelles.uni-frankfurt.de\/#\/schema\/person\/8e55ea338fb65d1ce87a91565d1f1739","name":"-","description":"Dieser Beitrag wurde von der Online-Redaktion ver\u00f6ffentlicht. Wenn der Beitrag von einem Gastautoren verfasst wurde, findet sich dieser Hinweis am Ende des jeweiligen Artikels.","sameAs":["http:\/\/aktuelles.uni-frankfurt.de\/autoren"],"url":"https:\/\/aktuelles.uni-frankfurt.de\/en\/author\/redaktion\/"}]}},"_links":{"self":[{"href":"https:\/\/aktuelles.uni-frankfurt.de\/en\/wp-json\/wp\/v2\/posts\/36718","targetHints":{"allow":["GET"]}}],"collection":[{"href":"https:\/\/aktuelles.uni-frankfurt.de\/en\/wp-json\/wp\/v2\/posts"}],"about":[{"href":"https:\/\/aktuelles.uni-frankfurt.de\/en\/wp-json\/wp\/v2\/types\/post"}],"author":[{"embeddable":true,"href":"https:\/\/aktuelles.uni-frankfurt.de\/en\/wp-json\/wp\/v2\/users\/8"}],"replies":[{"embeddable":true,"href":"https:\/\/aktuelles.uni-frankfurt.de\/en\/wp-json\/wp\/v2\/comments?post=36718"}],"version-history":[{"count":0,"href":"https:\/\/aktuelles.uni-frankfurt.de\/en\/wp-json\/wp\/v2\/posts\/36718\/revisions"}],"wp:featuredmedia":[{"embeddable":true,"href":"https:\/\/aktuelles.uni-frankfurt.de\/en\/wp-json\/wp\/v2\/media\/36643"}],"wp:attachment":[{"href":"https:\/\/aktuelles.uni-frankfurt.de\/en\/wp-json\/wp\/v2\/media?parent=36718"}],"wp:term":[{"taxonomy":"category","embeddable":true,"href":"https:\/\/aktuelles.uni-frankfurt.de\/en\/wp-json\/wp\/v2\/categories?post=36718"},{"taxonomy":"post_tag","embeddable":true,"href":"https:\/\/aktuelles.uni-frankfurt.de\/en\/wp-json\/wp\/v2\/tags?post=36718"},{"taxonomy":"post_folder","embeddable":true,"href":"https:\/\/aktuelles.uni-frankfurt.de\/en\/wp-json\/wp\/v2\/post_folder?post=36718"}],"curies":[{"name":"wp","href":"https:\/\/api.w.org\/{rel}","templated":true}]}}