{"id":36738,"date":"2019-04-12T12:27:18","date_gmt":"2019-04-12T10:27:18","guid":{"rendered":"https:\/\/aktuelles.uni-frankfurt.de\/?p=36738"},"modified":"2019-04-12T12:27:20","modified_gmt":"2019-04-12T10:27:20","slug":"warum-ist-das-bild-des-schwarzen-lochs-wichtig-und-interessant","status":"publish","type":"post","link":"https:\/\/aktuelles.uni-frankfurt.de\/en\/forschung\/warum-ist-das-bild-des-schwarzen-lochs-wichtig-und-interessant\/","title":{"rendered":"Warum ist das Bild des Schwarzen Lochs wichtig und interessant?"},"content":{"rendered":"<div class=\"wp-block-image\"><figure class=\"aligncenter\"><img fetchpriority=\"high\" decoding=\"async\" width=\"650\" height=\"450\" src=\"https:\/\/aktuelles.uni-frankfurt.de\/wp-content\/uploads\/2019\/04\/beitrag_pm-schwarzes-Loch-black-hole-1.jpg\" alt=\"\" class=\"wp-image-36740\" srcset=\"https:\/\/aktuelles.uni-frankfurt.de\/wp-content\/uploads\/2019\/04\/beitrag_pm-schwarzes-Loch-black-hole-1.jpg 650w, https:\/\/aktuelles.uni-frankfurt.de\/wp-content\/uploads\/2019\/04\/beitrag_pm-schwarzes-Loch-black-hole-1-300x208.jpg 300w\" sizes=\"(max-width: 650px) 100vw, 650px\" \/><figcaption>Das erste Bild des Schwarzen Lochs in der benachbarten Galaxie M87, aufgenommen vom Event Horizon Telescope-Projekt. Bildrechte: EHT. Mehr Informationen:<\/figcaption><\/figure><\/div>\n\n\n\n<p><strong><em><a href=\"https:\/\/aktuelles.uni-frankfurt.de\/forschung\/astrophysiker-der-goethe-uni-beteiligt-an-erstem-bild-eines-schwarzen-lochs\/\" target=\"_blank\" rel=\"noreferrer noopener\" aria-label=\"Vorgestern wurde bekannt gegeben (\u00f6ffnet in neuem Tab)\">Vorgestern wurde bekannt gegeben<\/a>, dass Forschenden des Event-Horizon-Teleskop-Projekts (EHT-Projekts), dem auch Prof. Luciano Rezzolla, Theoretischer Astrophysiker an der Goethe-Universit\u00e4t, angeh\u00f6rt,\u00a0erstmals der direkte sichtbare Nachweis eines Schwarzen Lochs gelungen ist. Wir haben einmal in unserer Wissenschaftsredaktion nachgefragt, was das Bahnbrechende an dieser Erkenntnis ist.<\/em><\/strong><\/p>\n\n\n\n<p><strong>1. <\/strong>F\u00fcr Wissenschaftler waren Schwarze L\u00f6cher bisher eine einzige Provokation, weil man niemals erfahren wird, was sich hinter dem Ereignishorizont befindet. Aber das Bild bringt uns dieser verbotenen Zone einen gro\u00dfen Schritt n\u00e4her. <\/p>\n\n\n\n<p><strong>2.<\/strong> Wie Luciano Rezzolla auf der PK in Br\u00fcssel betonte, ist die M\u00f6glichkeit, eine Theorie durch eine Messung zu \u00fcberpr\u00fcfen, der Schritt, der sie zu einer physikalischen Realit\u00e4t werden l\u00e4sst. Erst durch Messen, Beobachten und Testen wird wissenschaftlicher Fortschritt m\u00f6glich. In diesem Fall ist die Messung ein Bild, zusammengesetzt aus den Aufnahmen von acht Radioteleskopen auf vier Kontinenten.<\/p>\n\n\n\n<p><strong>3.<\/strong> Mit dem Bild kann man erstmals die Gr\u00f6\u00dfe des Schwarzen Lochs messen und daraus die Masse berechnen. Zu der Masse von M87* gab es bisher zwei unterschiedliche Sch\u00e4tzungen. Jetzt wei\u00df man, welche richtig war und kann aufgrund dieser Erkenntnisse auch die Gr\u00f6\u00dfe und Masse anderer Schwarze L\u00f6cher exakter ermitteln.<\/p>\n\n\n\n<p><strong>4.<\/strong> Das Bild best\u00e4tigt in einem f\u00fcr die Wissenschaftler verbl\u00fcffenden Ma\u00df die Erwartung der Theorie, wie sie in den Simulationen des Teams von Luciano Rezzolla sichtbar werden.<\/p>\n\n\n\n<figure class=\"wp-block-embed-youtube aligncenter wp-block-embed is-type-video is-provider-youtube wp-embed-aspect-16-9 wp-has-aspect-ratio\"><div class=\"wp-block-embed__wrapper\">\nhttps:\/\/www.youtube-nocookie.com\/watch?v=wN_vzZKDpms\n<\/div><\/figure>\n\n\n\n<p><strong>5.<\/strong> Schwarze L\u00f6cher sind f\u00fcr die Kosmologie wegen ihrer ungeheuren Gravitationskraft so etwas wie \u201eMotoren\u201c. Sie bestimmen die Dynamik aller Vorg\u00e4nge in Galaxien. Zum Beispiel k\u00f6nnen sie durch die hei\u00dfen Gase, die sie in Form riesiger Jets aussenden, die Entstehung von Sternen verhindern und damit die Form ganzer Galaxien beeinflussen. \u00a0M87* sendet unter dem ungeheuren Druck seiner riesigen Masse einen Jet \u00fcber eine Entfernung von 5.000 Lichtjahren ins All. Die Energie, die auf diese Weise durch die Galaxie transportiert wird, entspricht derjenigen von mehreren Milliarden Supernovae.<\/p>\n\n\n\n<p><strong>6.<\/strong> Schwarze L\u00f6cher unterscheiden sich nicht nur in der Gr\u00f6\u00dfe, sondern sie rotieren auch in unterschiedlichen Geschwindigkeiten. Das hat einen gro\u00dfen Einfluss auf die Genauigkeit des Bildes, das man von ihnen aufnehmen kann. Saggitarius A* im Mittelpunkt unserer Galaxie ist zwar n\u00e4her, aber vergleichsweise klein und zappelig wie ein Kleinkind, w\u00e4hrend M87* wie ein gro\u00dfer B\u00e4r im Winterschlaf stillh\u00e4lt. Das wussten die Wissenschaftler vorher nicht. Aber man muss auch Gl\u00fcck haben!<\/p>","protected":false},"excerpt":{"rendered":"<p>Vorgestern wurde bekannt gegeben, dass Forschenden des Event-Horizon-Teleskop-Projekts (EHT-Projekts), dem auch Prof. Luciano Rezzolla, Theoretischer Astrophysiker an der Goethe-Universit\u00e4t, angeh\u00f6rt,\u00a0erstmals der direkte sichtbare Nachweis eines Schwarzen Lochs gelungen ist. Wir [&hellip;]<\/p>\n","protected":false},"author":8,"featured_media":36740,"comment_status":"closed","ping_status":"closed","sticky":false,"template":"","format":"standard","meta":{"_eb_attr":"","_price":"","_stock":"","_tribe_ticket_header":"","_tribe_default_ticket_provider":"","_ticket_start_date":"","_ticket_end_date":"","_tribe_ticket_show_description":"","_tribe_ticket_show_not_going":false,"_tribe_ticket_use_global_stock":"","_tribe_ticket_global_stock_level":"","_global_stock_mode":"","_global_stock_cap":"","_tribe_rsvp_for_event":"","_tribe_ticket_going_count":"","_tribe_ticket_not_going_count":"","_tribe_tickets_list":"[]","_tribe_ticket_has_attendee_info_fields":false,"footnotes":""},"categories":[3],"tags":[23],"post_folder":[],"class_list":["post-36738","post","type-post","status-publish","format-standard","has-post-thumbnail","hentry","category-forschung","tag-physik"],"yoast_head":"<!-- This site is optimized with the Yoast SEO plugin v27.5 - https:\/\/yoast.com\/product\/yoast-seo-wordpress\/ -->\n<title>Warum ist das Bild des Schwarzen Lochs wichtig und interessant? | Aktuelles aus der Goethe-Universit\u00e4t Frankfurt<\/title>\n<meta name=\"robots\" content=\"index, follow, max-snippet:-1, max-image-preview:large, max-video-preview:-1\" \/>\n<link rel=\"canonical\" href=\"https:\/\/aktuelles.uni-frankfurt.de\/en\/forschung\/warum-ist-das-bild-des-schwarzen-lochs-wichtig-und-interessant\/\" \/>\n<meta property=\"og:locale\" content=\"en_GB\" \/>\n<meta property=\"og:type\" content=\"article\" \/>\n<meta property=\"og:title\" content=\"Warum ist das Bild des Schwarzen Lochs wichtig und interessant? | Aktuelles aus der Goethe-Universit\u00e4t Frankfurt\" \/>\n<meta property=\"og:description\" content=\"Vorgestern wurde bekannt gegeben, dass Forschenden des Event-Horizon-Teleskop-Projekts (EHT-Projekts), dem auch Prof. Luciano Rezzolla, Theoretischer Astrophysiker an der Goethe-Universit\u00e4t, angeh\u00f6rt,\u00a0erstmals der direkte sichtbare Nachweis eines Schwarzen Lochs gelungen ist. Wir [&hellip;]\" \/>\n<meta property=\"og:url\" content=\"https:\/\/aktuelles.uni-frankfurt.de\/en\/forschung\/warum-ist-das-bild-des-schwarzen-lochs-wichtig-und-interessant\/\" \/>\n<meta property=\"og:site_name\" content=\"Aktuelles aus der Goethe-Universit\u00e4t Frankfurt\" \/>\n<meta property=\"article:published_time\" content=\"2019-04-12T10:27:18+00:00\" \/>\n<meta property=\"article:modified_time\" content=\"2019-04-12T10:27:20+00:00\" \/>\n<meta property=\"og:image\" content=\"https:\/\/aktuelles.uni-frankfurt.de\/wp-content\/uploads\/2019\/04\/beitrag_pm-schwarzes-Loch-black-hole-1.jpg\" \/>\n\t<meta property=\"og:image:width\" content=\"650\" \/>\n\t<meta property=\"og:image:height\" content=\"450\" \/>\n\t<meta property=\"og:image:type\" content=\"image\/jpeg\" \/>\n<meta name=\"author\" content=\"-\" \/>\n<meta name=\"twitter:card\" content=\"summary_large_image\" \/>\n<meta name=\"twitter:label1\" content=\"Written by\" \/>\n\t<meta name=\"twitter:data1\" content=\"-\" \/>\n\t<meta name=\"twitter:label2\" content=\"Estimated reading time\" \/>\n\t<meta name=\"twitter:data2\" content=\"2 minutes\" \/>\n<script type=\"application\/ld+json\" class=\"yoast-schema-graph\">{\"@context\":\"https:\\\/\\\/schema.org\",\"@graph\":[{\"@type\":\"Article\",\"@id\":\"https:\\\/\\\/aktuelles.uni-frankfurt.de\\\/forschung\\\/warum-ist-das-bild-des-schwarzen-lochs-wichtig-und-interessant\\\/#article\",\"isPartOf\":{\"@id\":\"https:\\\/\\\/aktuelles.uni-frankfurt.de\\\/forschung\\\/warum-ist-das-bild-des-schwarzen-lochs-wichtig-und-interessant\\\/\"},\"author\":{\"name\":\"-\",\"@id\":\"https:\\\/\\\/aktuelles.uni-frankfurt.de\\\/#\\\/schema\\\/person\\\/8e55ea338fb65d1ce87a91565d1f1739\"},\"headline\":\"Warum ist das Bild des Schwarzen Lochs wichtig und interessant?\",\"datePublished\":\"2019-04-12T10:27:18+00:00\",\"dateModified\":\"2019-04-12T10:27:20+00:00\",\"mainEntityOfPage\":{\"@id\":\"https:\\\/\\\/aktuelles.uni-frankfurt.de\\\/forschung\\\/warum-ist-das-bild-des-schwarzen-lochs-wichtig-und-interessant\\\/\"},\"wordCount\":433,\"publisher\":{\"@id\":\"https:\\\/\\\/aktuelles.uni-frankfurt.de\\\/#organization\"},\"image\":{\"@id\":\"https:\\\/\\\/aktuelles.uni-frankfurt.de\\\/forschung\\\/warum-ist-das-bild-des-schwarzen-lochs-wichtig-und-interessant\\\/#primaryimage\"},\"thumbnailUrl\":\"https:\\\/\\\/aktuelles.uni-frankfurt.de\\\/wp-content\\\/uploads\\\/2019\\\/04\\\/beitrag_pm-schwarzes-Loch-black-hole-1.jpg\",\"keywords\":[\"Physik\"],\"articleSection\":[\"Forschung\"],\"inLanguage\":\"en-GB\"},{\"@type\":\"WebPage\",\"@id\":\"https:\\\/\\\/aktuelles.uni-frankfurt.de\\\/forschung\\\/warum-ist-das-bild-des-schwarzen-lochs-wichtig-und-interessant\\\/\",\"url\":\"https:\\\/\\\/aktuelles.uni-frankfurt.de\\\/forschung\\\/warum-ist-das-bild-des-schwarzen-lochs-wichtig-und-interessant\\\/\",\"name\":\"Warum ist das Bild des Schwarzen Lochs wichtig und interessant? | Aktuelles aus der Goethe-Universit\u00e4t Frankfurt\",\"isPartOf\":{\"@id\":\"https:\\\/\\\/aktuelles.uni-frankfurt.de\\\/#website\"},\"primaryImageOfPage\":{\"@id\":\"https:\\\/\\\/aktuelles.uni-frankfurt.de\\\/forschung\\\/warum-ist-das-bild-des-schwarzen-lochs-wichtig-und-interessant\\\/#primaryimage\"},\"image\":{\"@id\":\"https:\\\/\\\/aktuelles.uni-frankfurt.de\\\/forschung\\\/warum-ist-das-bild-des-schwarzen-lochs-wichtig-und-interessant\\\/#primaryimage\"},\"thumbnailUrl\":\"https:\\\/\\\/aktuelles.uni-frankfurt.de\\\/wp-content\\\/uploads\\\/2019\\\/04\\\/beitrag_pm-schwarzes-Loch-black-hole-1.jpg\",\"datePublished\":\"2019-04-12T10:27:18+00:00\",\"dateModified\":\"2019-04-12T10:27:20+00:00\",\"breadcrumb\":{\"@id\":\"https:\\\/\\\/aktuelles.uni-frankfurt.de\\\/forschung\\\/warum-ist-das-bild-des-schwarzen-lochs-wichtig-und-interessant\\\/#breadcrumb\"},\"inLanguage\":\"en-GB\",\"potentialAction\":[{\"@type\":\"ReadAction\",\"target\":[\"https:\\\/\\\/aktuelles.uni-frankfurt.de\\\/forschung\\\/warum-ist-das-bild-des-schwarzen-lochs-wichtig-und-interessant\\\/\"]}]},{\"@type\":\"ImageObject\",\"inLanguage\":\"en-GB\",\"@id\":\"https:\\\/\\\/aktuelles.uni-frankfurt.de\\\/forschung\\\/warum-ist-das-bild-des-schwarzen-lochs-wichtig-und-interessant\\\/#primaryimage\",\"url\":\"https:\\\/\\\/aktuelles.uni-frankfurt.de\\\/wp-content\\\/uploads\\\/2019\\\/04\\\/beitrag_pm-schwarzes-Loch-black-hole-1.jpg\",\"contentUrl\":\"https:\\\/\\\/aktuelles.uni-frankfurt.de\\\/wp-content\\\/uploads\\\/2019\\\/04\\\/beitrag_pm-schwarzes-Loch-black-hole-1.jpg\",\"width\":650,\"height\":450,\"caption\":\"Das erste Bild des Schwarzen Lochs in der benachbarten Galaxie M87, aufgenommen vom Event Horizon Telescope-Projekt. Bildrechte: EHT. Mehr Informationen:\"},{\"@type\":\"BreadcrumbList\",\"@id\":\"https:\\\/\\\/aktuelles.uni-frankfurt.de\\\/forschung\\\/warum-ist-das-bild-des-schwarzen-lochs-wichtig-und-interessant\\\/#breadcrumb\",\"itemListElement\":[{\"@type\":\"ListItem\",\"position\":1,\"name\":\"Startseite\",\"item\":\"https:\\\/\\\/aktuelles.uni-frankfurt.de\\\/\"},{\"@type\":\"ListItem\",\"position\":2,\"name\":\"Warum ist das Bild des Schwarzen Lochs wichtig und interessant?\"}]},{\"@type\":\"WebSite\",\"@id\":\"https:\\\/\\\/aktuelles.uni-frankfurt.de\\\/#website\",\"url\":\"https:\\\/\\\/aktuelles.uni-frankfurt.de\\\/\",\"name\":\"Aktuelles aus der Goethe-Universit\u00e4t Frankfurt\",\"description\":\"Aktuelles aus der Goethe-Universit\u00e4t | Neues aus Forschung, Lehre, Studium\",\"publisher\":{\"@id\":\"https:\\\/\\\/aktuelles.uni-frankfurt.de\\\/#organization\"},\"potentialAction\":[{\"@type\":\"SearchAction\",\"target\":{\"@type\":\"EntryPoint\",\"urlTemplate\":\"https:\\\/\\\/aktuelles.uni-frankfurt.de\\\/?s={search_term_string}\"},\"query-input\":{\"@type\":\"PropertyValueSpecification\",\"valueRequired\":true,\"valueName\":\"search_term_string\"}}],\"inLanguage\":\"en-GB\"},{\"@type\":\"Organization\",\"@id\":\"https:\\\/\\\/aktuelles.uni-frankfurt.de\\\/#organization\",\"name\":\"Goethe-Universit\u00e4t\",\"url\":\"https:\\\/\\\/aktuelles.uni-frankfurt.de\\\/\",\"logo\":{\"@type\":\"ImageObject\",\"inLanguage\":\"en-GB\",\"@id\":\"https:\\\/\\\/aktuelles.uni-frankfurt.de\\\/#\\\/schema\\\/logo\\\/image\\\/\",\"url\":\"https:\\\/\\\/aktuelles.uni-frankfurt.de\\\/wp-content\\\/uploads\\\/2022\\\/03\\\/800px-Goethe-Logo.png\",\"contentUrl\":\"https:\\\/\\\/aktuelles.uni-frankfurt.de\\\/wp-content\\\/uploads\\\/2022\\\/03\\\/800px-Goethe-Logo.png\",\"width\":800,\"height\":436,\"caption\":\"Goethe-Universit\u00e4t\"},\"image\":{\"@id\":\"https:\\\/\\\/aktuelles.uni-frankfurt.de\\\/#\\\/schema\\\/logo\\\/image\\\/\"}},{\"@type\":\"Person\",\"@id\":\"https:\\\/\\\/aktuelles.uni-frankfurt.de\\\/#\\\/schema\\\/person\\\/8e55ea338fb65d1ce87a91565d1f1739\",\"name\":\"-\",\"description\":\"Dieser Beitrag wurde von der Online-Redaktion ver\u00f6ffentlicht. Wenn der Beitrag von einem Gastautoren verfasst wurde, findet sich dieser Hinweis am Ende des jeweiligen Artikels.\",\"sameAs\":[\"http:\\\/\\\/aktuelles.uni-frankfurt.de\\\/autoren\"],\"url\":\"https:\\\/\\\/aktuelles.uni-frankfurt.de\\\/en\\\/author\\\/redaktion\\\/\"}]}<\/script>\n<!-- \/ Yoast SEO plugin. -->","yoast_head_json":{"title":"Warum ist das Bild des Schwarzen Lochs wichtig und interessant? | Aktuelles aus der Goethe-Universit\u00e4t Frankfurt","robots":{"index":"index","follow":"follow","max-snippet":"max-snippet:-1","max-image-preview":"max-image-preview:large","max-video-preview":"max-video-preview:-1"},"canonical":"https:\/\/aktuelles.uni-frankfurt.de\/en\/forschung\/warum-ist-das-bild-des-schwarzen-lochs-wichtig-und-interessant\/","og_locale":"en_GB","og_type":"article","og_title":"Warum ist das Bild des Schwarzen Lochs wichtig und interessant? | Aktuelles aus der Goethe-Universit\u00e4t Frankfurt","og_description":"Vorgestern wurde bekannt gegeben, dass Forschenden des Event-Horizon-Teleskop-Projekts (EHT-Projekts), dem auch Prof. Luciano Rezzolla, Theoretischer Astrophysiker an der Goethe-Universit\u00e4t, angeh\u00f6rt,\u00a0erstmals der direkte sichtbare Nachweis eines Schwarzen Lochs gelungen ist. Wir [&hellip;]","og_url":"https:\/\/aktuelles.uni-frankfurt.de\/en\/forschung\/warum-ist-das-bild-des-schwarzen-lochs-wichtig-und-interessant\/","og_site_name":"Aktuelles aus der Goethe-Universit\u00e4t Frankfurt","article_published_time":"2019-04-12T10:27:18+00:00","article_modified_time":"2019-04-12T10:27:20+00:00","og_image":[{"width":650,"height":450,"url":"https:\/\/aktuelles.uni-frankfurt.de\/wp-content\/uploads\/2019\/04\/beitrag_pm-schwarzes-Loch-black-hole-1.jpg","type":"image\/jpeg"}],"author":"-","twitter_card":"summary_large_image","twitter_misc":{"Written by":"-","Estimated reading time":"2 minutes"},"schema":{"@context":"https:\/\/schema.org","@graph":[{"@type":"Article","@id":"https:\/\/aktuelles.uni-frankfurt.de\/forschung\/warum-ist-das-bild-des-schwarzen-lochs-wichtig-und-interessant\/#article","isPartOf":{"@id":"https:\/\/aktuelles.uni-frankfurt.de\/forschung\/warum-ist-das-bild-des-schwarzen-lochs-wichtig-und-interessant\/"},"author":{"name":"-","@id":"https:\/\/aktuelles.uni-frankfurt.de\/#\/schema\/person\/8e55ea338fb65d1ce87a91565d1f1739"},"headline":"Warum ist das Bild des Schwarzen Lochs wichtig und interessant?","datePublished":"2019-04-12T10:27:18+00:00","dateModified":"2019-04-12T10:27:20+00:00","mainEntityOfPage":{"@id":"https:\/\/aktuelles.uni-frankfurt.de\/forschung\/warum-ist-das-bild-des-schwarzen-lochs-wichtig-und-interessant\/"},"wordCount":433,"publisher":{"@id":"https:\/\/aktuelles.uni-frankfurt.de\/#organization"},"image":{"@id":"https:\/\/aktuelles.uni-frankfurt.de\/forschung\/warum-ist-das-bild-des-schwarzen-lochs-wichtig-und-interessant\/#primaryimage"},"thumbnailUrl":"https:\/\/aktuelles.uni-frankfurt.de\/wp-content\/uploads\/2019\/04\/beitrag_pm-schwarzes-Loch-black-hole-1.jpg","keywords":["Physik"],"articleSection":["Forschung"],"inLanguage":"en-GB"},{"@type":"WebPage","@id":"https:\/\/aktuelles.uni-frankfurt.de\/forschung\/warum-ist-das-bild-des-schwarzen-lochs-wichtig-und-interessant\/","url":"https:\/\/aktuelles.uni-frankfurt.de\/forschung\/warum-ist-das-bild-des-schwarzen-lochs-wichtig-und-interessant\/","name":"Warum ist das Bild des Schwarzen Lochs wichtig und interessant? | Aktuelles aus der Goethe-Universit\u00e4t Frankfurt","isPartOf":{"@id":"https:\/\/aktuelles.uni-frankfurt.de\/#website"},"primaryImageOfPage":{"@id":"https:\/\/aktuelles.uni-frankfurt.de\/forschung\/warum-ist-das-bild-des-schwarzen-lochs-wichtig-und-interessant\/#primaryimage"},"image":{"@id":"https:\/\/aktuelles.uni-frankfurt.de\/forschung\/warum-ist-das-bild-des-schwarzen-lochs-wichtig-und-interessant\/#primaryimage"},"thumbnailUrl":"https:\/\/aktuelles.uni-frankfurt.de\/wp-content\/uploads\/2019\/04\/beitrag_pm-schwarzes-Loch-black-hole-1.jpg","datePublished":"2019-04-12T10:27:18+00:00","dateModified":"2019-04-12T10:27:20+00:00","breadcrumb":{"@id":"https:\/\/aktuelles.uni-frankfurt.de\/forschung\/warum-ist-das-bild-des-schwarzen-lochs-wichtig-und-interessant\/#breadcrumb"},"inLanguage":"en-GB","potentialAction":[{"@type":"ReadAction","target":["https:\/\/aktuelles.uni-frankfurt.de\/forschung\/warum-ist-das-bild-des-schwarzen-lochs-wichtig-und-interessant\/"]}]},{"@type":"ImageObject","inLanguage":"en-GB","@id":"https:\/\/aktuelles.uni-frankfurt.de\/forschung\/warum-ist-das-bild-des-schwarzen-lochs-wichtig-und-interessant\/#primaryimage","url":"https:\/\/aktuelles.uni-frankfurt.de\/wp-content\/uploads\/2019\/04\/beitrag_pm-schwarzes-Loch-black-hole-1.jpg","contentUrl":"https:\/\/aktuelles.uni-frankfurt.de\/wp-content\/uploads\/2019\/04\/beitrag_pm-schwarzes-Loch-black-hole-1.jpg","width":650,"height":450,"caption":"Das erste Bild des Schwarzen Lochs in der benachbarten Galaxie M87, aufgenommen vom Event Horizon Telescope-Projekt. Bildrechte: EHT. Mehr Informationen:"},{"@type":"BreadcrumbList","@id":"https:\/\/aktuelles.uni-frankfurt.de\/forschung\/warum-ist-das-bild-des-schwarzen-lochs-wichtig-und-interessant\/#breadcrumb","itemListElement":[{"@type":"ListItem","position":1,"name":"Startseite","item":"https:\/\/aktuelles.uni-frankfurt.de\/"},{"@type":"ListItem","position":2,"name":"Warum ist das Bild des Schwarzen Lochs wichtig und interessant?"}]},{"@type":"WebSite","@id":"https:\/\/aktuelles.uni-frankfurt.de\/#website","url":"https:\/\/aktuelles.uni-frankfurt.de\/","name":"Aktuelles aus der Goethe-Universit\u00e4t Frankfurt","description":"Aktuelles aus der Goethe-Universit\u00e4t | Neues aus Forschung, Lehre, Studium","publisher":{"@id":"https:\/\/aktuelles.uni-frankfurt.de\/#organization"},"potentialAction":[{"@type":"SearchAction","target":{"@type":"EntryPoint","urlTemplate":"https:\/\/aktuelles.uni-frankfurt.de\/?s={search_term_string}"},"query-input":{"@type":"PropertyValueSpecification","valueRequired":true,"valueName":"search_term_string"}}],"inLanguage":"en-GB"},{"@type":"Organization","@id":"https:\/\/aktuelles.uni-frankfurt.de\/#organization","name":"Goethe University Frankfurt","url":"https:\/\/aktuelles.uni-frankfurt.de\/","logo":{"@type":"ImageObject","inLanguage":"en-GB","@id":"https:\/\/aktuelles.uni-frankfurt.de\/#\/schema\/logo\/image\/","url":"https:\/\/aktuelles.uni-frankfurt.de\/wp-content\/uploads\/2022\/03\/800px-Goethe-Logo.png","contentUrl":"https:\/\/aktuelles.uni-frankfurt.de\/wp-content\/uploads\/2022\/03\/800px-Goethe-Logo.png","width":800,"height":436,"caption":"Goethe-Universit\u00e4t"},"image":{"@id":"https:\/\/aktuelles.uni-frankfurt.de\/#\/schema\/logo\/image\/"}},{"@type":"Person","@id":"https:\/\/aktuelles.uni-frankfurt.de\/#\/schema\/person\/8e55ea338fb65d1ce87a91565d1f1739","name":"-","description":"Dieser Beitrag wurde von der Online-Redaktion ver\u00f6ffentlicht. Wenn der Beitrag von einem Gastautoren verfasst wurde, findet sich dieser Hinweis am Ende des jeweiligen Artikels.","sameAs":["http:\/\/aktuelles.uni-frankfurt.de\/autoren"],"url":"https:\/\/aktuelles.uni-frankfurt.de\/en\/author\/redaktion\/"}]}},"_links":{"self":[{"href":"https:\/\/aktuelles.uni-frankfurt.de\/en\/wp-json\/wp\/v2\/posts\/36738","targetHints":{"allow":["GET"]}}],"collection":[{"href":"https:\/\/aktuelles.uni-frankfurt.de\/en\/wp-json\/wp\/v2\/posts"}],"about":[{"href":"https:\/\/aktuelles.uni-frankfurt.de\/en\/wp-json\/wp\/v2\/types\/post"}],"author":[{"embeddable":true,"href":"https:\/\/aktuelles.uni-frankfurt.de\/en\/wp-json\/wp\/v2\/users\/8"}],"replies":[{"embeddable":true,"href":"https:\/\/aktuelles.uni-frankfurt.de\/en\/wp-json\/wp\/v2\/comments?post=36738"}],"version-history":[{"count":0,"href":"https:\/\/aktuelles.uni-frankfurt.de\/en\/wp-json\/wp\/v2\/posts\/36738\/revisions"}],"wp:featuredmedia":[{"embeddable":true,"href":"https:\/\/aktuelles.uni-frankfurt.de\/en\/wp-json\/wp\/v2\/media\/36740"}],"wp:attachment":[{"href":"https:\/\/aktuelles.uni-frankfurt.de\/en\/wp-json\/wp\/v2\/media?parent=36738"}],"wp:term":[{"taxonomy":"category","embeddable":true,"href":"https:\/\/aktuelles.uni-frankfurt.de\/en\/wp-json\/wp\/v2\/categories?post=36738"},{"taxonomy":"post_tag","embeddable":true,"href":"https:\/\/aktuelles.uni-frankfurt.de\/en\/wp-json\/wp\/v2\/tags?post=36738"},{"taxonomy":"post_folder","embeddable":true,"href":"https:\/\/aktuelles.uni-frankfurt.de\/en\/wp-json\/wp\/v2\/post_folder?post=36738"}],"curies":[{"name":"wp","href":"https:\/\/api.w.org\/{rel}","templated":true}]}}