{"id":37412,"date":"2019-05-14T11:24:36","date_gmt":"2019-05-14T09:24:36","guid":{"rendered":"https:\/\/aktuelles.uni-frankfurt.de\/?p=37412"},"modified":"2023-02-22T16:37:11","modified_gmt":"2023-02-22T15:37:11","slug":"staerkung-fuer-grundlagenforschung-in-afrika","status":"publish","type":"post","link":"https:\/\/aktuelles.uni-frankfurt.de\/en\/forschung\/staerkung-fuer-grundlagenforschung-in-afrika\/","title":{"rendered":"St\u00e4rkung f\u00fcr Grundlagenforschung in Afrika"},"content":{"rendered":"<div class=\"wp-block-image\"><figure class=\"aligncenter is-resized\"><img fetchpriority=\"high\" decoding=\"async\" src=\"https:\/\/aktuelles.uni-frankfurt.de\/wp-content\/uploads\/2019\/05\/blog_PM_VolkswagenStiftungBamako.jpg\" alt=\"\" class=\"wp-image-37423\" width=\"650\" height=\"450\" srcset=\"https:\/\/aktuelles.uni-frankfurt.de\/wp-content\/uploads\/2019\/05\/blog_PM_VolkswagenStiftungBamako.jpg 650w, https:\/\/aktuelles.uni-frankfurt.de\/wp-content\/uploads\/2019\/05\/blog_PM_VolkswagenStiftungBamako-300x208.jpg 300w\" sizes=\"(max-width: 650px) 100vw, 650px\" \/><\/figure><\/div>\n\n\n\n<p><em><strong>Wissenschaftler der Goethe-Universit\u00e4t bauen Postdoc-Akademie in Bamako (Mali) auf \u2013 Fast 1 Million Euro von Gerda Henkel-Stiftung<\/strong><\/em><\/p>\n\n\n\n<p>Wissenschaftler der Goethe-Universit\u00e4t und der Universit\u00e4t Basel bauen eine Postdoc-Akademie in Bamako (Mali) auf. F\u00fcr das Projekt mit dem Titel \u201ePilot African Postgraduate Academy\u201c (PAPA) hat die Gerda Henkel-Stiftung jetzt 973.000 Euro bewilligt. Damit soll vor allem die geistes- und sozialwissenschaftliche Grundlagenforschung in den afrikanischen L\u00e4ndern gest\u00e4rkt werden.<\/p>\n\n\n\n<p>Die bewilligte \u201ePilot African Postgraduate Academy\u201c (PAPA) richtet\nsich an Nachwuchskr\u00e4fte, die ihre Doktorarbeit in einem geistes- oder\nsozialwissenschaftlichen Fach vor kurzem erst abgeschlossen haben und an\nUniversit\u00e4ten in Afrika arbeiten. Ziel ist es, unter ihnen ein Verst\u00e4ndnis f\u00fcr\nden Wert der Wissenschaft um ihrer selbst willen zu vertiefen und ihr Interesse\nan konzeptioneller Grundlagenforschung zu f\u00f6rdern. \u201eAfrika braucht eben nicht\nnur angewandte Forschung, die sich an den Bed\u00fcrfnissen der\nEntwicklungsindustrie orientiert, sondern auch exzellente Forschung, die einen\nBeitrag zur Weiterentwicklung der globalen Wissensproduktion liefert,\ninhaltlich wie methodisch\u201c, sagt Professor Diawara vom Institut f\u00fcr Ethnologie\nan der Goethe-Universit\u00e4t, der die Akademie gemeinsam mit Prof. Elisio Macamo\nvon der Universit\u00e4t Basel konzipiert hat. <\/p>\n\n\n\n<div class=\"wp-block-image\"><figure class=\"aligncenter is-resized\"><img decoding=\"async\" src=\"https:\/\/aktuelles.uni-frankfurt.de\/wp-content\/uploads\/2019\/05\/blog_PM_VolkswagenStiftungBamako2.jpg\" alt=\"\" class=\"wp-image-37426\" width=\"650\" height=\"450\" srcset=\"https:\/\/aktuelles.uni-frankfurt.de\/wp-content\/uploads\/2019\/05\/blog_PM_VolkswagenStiftungBamako2.jpg 650w, https:\/\/aktuelles.uni-frankfurt.de\/wp-content\/uploads\/2019\/05\/blog_PM_VolkswagenStiftungBamako2-300x208.jpg 300w\" sizes=\"(max-width: 650px) 100vw, 650px\" \/><\/figure><\/div>\n\n\n\n<p>\u201eDas Besondere an diesem Projekt ist, dass die Henkel-Stiftung bewusst die Qualit\u00e4t der Grundlagenforschung in Afrika f\u00f6rdert \u2013 nicht Karrierewege oder angewandte Forschung\u201c, sagt Projektkoordinator Dr. Stefan Schmid vom Zentrum f\u00fcr Interdisziplin\u00e4re Afrikaforschung (ZIAF) an der Goethe-Universit\u00e4t. Prof. Diawara und Prof. Macamo sprachen die Gerda Henkel-Stiftung im Jahr 2018 mit der Idee an, ein Projekt f\u00fcr den afrikanischen Forschungsnachwuchs zu entwickeln, das sich grundlegend von g\u00e4ngigen Programmen unterscheidet. Gemeinsam erhalten sie von der Stiftung nun Mittel in H\u00f6he von 973.000 Euro. Die Akademie wird am unabh\u00e4ngigen Forschungszentrum \u201ePoint Sud\u201c in Bamako, Mali, angegliedert sein, das ebenfalls von den beiden afrikanischst\u00e4mmigen Wissenschaftlern gegr\u00fcndet worden war. <\/p>\n\n\n\n<p>An der neuen Akademie wird ein Ausbildungsprogramm eingerichtet,\ndas die Stipendiaten ermutigt, sich in einem kritischen Dialog mit ihren\nDisziplinen, den Area Studies und ihrer Identit\u00e4t als Wissenschaftler mit\ngrundlegenden epistemologischen Fragen auseinanderzusetzen. Mit der intensiven\nAusbildung und Betreuung sorgf\u00e4ltig ausgew\u00e4hlter junger Wissenschaftlerinnen und\nWissenschaftler werden diese in ihren Heimatinstitutionen nach Abschluss des\ndreij\u00e4hrigen PAPA-Zyklus auf einem neuen Niveau lehren und\nver\u00f6ffentlichen.&nbsp; <\/p>\n\n\n\n<p>Zweimal im Jahr soll es zweiw\u00f6chige Workshops geben, an denen\nf\u00fcnfzehn ausgew\u00e4hlte Nachwuchswissenschaftler und bis zu vier etablierte Wissenschaftler\nin Bamako teilnehmen. Ein Mentoring-Programm soll hochrangige Forscher und\nPreistr\u00e4ger an ihren Heimatinstitutionen zusammenbringen. Zudem soll ein\nstarkes Netzwerk entstehen, das Wissenschaftlern und Dozenten aus frankophonen\nafrikanischen L\u00e4ndern, die innerhalb und au\u00dferhalb Afrikas leben, f\u00fcr Austausch\nund gemeinsame Projekte zur Verf\u00fcgung steht.&nbsp;\n<\/p>\n\n\n\n<div class=\"wp-block-image\"><figure class=\"aligncenter is-resized\"><img decoding=\"async\" src=\"https:\/\/aktuelles.uni-frankfurt.de\/wp-content\/uploads\/2019\/05\/blog_PM_VolkswagenStiftungBamako3.jpg\" alt=\"\" class=\"wp-image-37427\" width=\"650\" height=\"450\" srcset=\"https:\/\/aktuelles.uni-frankfurt.de\/wp-content\/uploads\/2019\/05\/blog_PM_VolkswagenStiftungBamako3.jpg 650w, https:\/\/aktuelles.uni-frankfurt.de\/wp-content\/uploads\/2019\/05\/blog_PM_VolkswagenStiftungBamako3-300x208.jpg 300w\" sizes=\"(max-width: 650px) 100vw, 650px\" \/><\/figure><\/div>\n\n\n\n<p>Das Projekt konzentriert sich auf Nachwuchskr\u00e4fte aus sieben\nfrankophonen afrikanischen L\u00e4ndern, die trotz bemerkenswerter Fortschritte nach\nwie vor eine untergeordnete Rolle in der globalen Wissensproduktion spielen.\nDie unabh\u00e4ngige und etablierte Forschungseinrichtung in Mali, Point Sud, steht\nbei diesem Projekt im Mittelpunkt, da hier eine langj\u00e4hrige Expertise und ein\nweitreichendes Netzwerk mit Partnern in ganz Afrika besteht. Das Zentrum wird\nvon Beginn an von der Goethe-Universit\u00e4t mit DFG-Mitteln finanziert. Das PAPA-Programm\nwird von ausgew\u00e4hlten Mentoren aus Burkina Faso, Kamerun, der Demokratischen\nRepublik Kongo, Gabun, Mali, Niger und Senegal unterst\u00fctzt, die die\nStipendiatinnen und Stipendiaten begleiten und die Idee der Akademie in ihrem\nwissenschaftlichen Umfeld umsetzen sollen. Mit dem in Dakar angesiedelten\nProjekt \u201eDie B\u00fcrokratisierung der afrikanischen Gesellschaften\u201c, dem neu\ngegr\u00fcndeten Institute for Advanced Studies (IAS) in Accra, MIASA, den IAS in\nStellenbosch und Nantes sowie dem neuen Afrika-Exzellenzcluster an der\nUniversit\u00e4t Bayreuth steht ein ganzes Netzwerk von Institutionen zur Verf\u00fcgung,\ndie ausdr\u00fccklich daran interessiert sind, die Karriereentwicklung der Fellows\nnach dem Ende des Projektzyklus auf eine neue Ebene zu heben.<\/p>\n\n\n\n<p>Das Projekt wird an der Goethe-Universit\u00e4t angesiedelt sein und wird gemeinsam von Dr. Stefan Schmid vom Zentrum f\u00fcr Interdisziplin\u00e4re Studien (ZIAF) der Goethe-Universit\u00e4t und einem neuen Projektkoordinator bei Point Sud in Bamako koordiniert. Start ist im Juli 2019. Das Projekt l\u00e4uft zun\u00e4chst bis Juli 2022. <\/p>\n\n\n\n<p><strong><em>Quelle: Pressemitteilung vom 10. Mai 2019<\/em><\/strong><\/p>","protected":false},"excerpt":{"rendered":"<p>Wissenschaftler der Goethe-Universit\u00e4t bauen Postdoc-Akademie in Bamako (Mali) auf \u2013 Fast 1 Million Euro von Gerda Henkel-Stiftung Wissenschaftler der Goethe-Universit\u00e4t und der Universit\u00e4t Basel bauen eine Postdoc-Akademie in Bamako (Mali) [&hellip;]<\/p>\n","protected":false},"author":8,"featured_media":37423,"comment_status":"closed","ping_status":"closed","sticky":false,"template":"","format":"standard","meta":{"_eb_attr":"","_price":"","_stock":"","_tribe_ticket_header":"","_tribe_default_ticket_provider":"","_ticket_start_date":"","_ticket_end_date":"","_tribe_ticket_show_description":"","_tribe_ticket_show_not_going":false,"_tribe_ticket_use_global_stock":"","_tribe_ticket_global_stock_level":"","_global_stock_mode":"","_global_stock_cap":"","_tribe_rsvp_for_event":"","_tribe_ticket_going_count":"","_tribe_ticket_not_going_count":"","_tribe_tickets_list":"[]","_tribe_ticket_has_attendee_info_fields":false,"footnotes":""},"categories":[3,4],"tags":[90],"post_folder":[],"class_list":["post-37412","post","type-post","status-publish","format-standard","has-post-thumbnail","hentry","category-forschung","category-gesellschaft","tag-afrikaforschung"],"yoast_head":"<!-- This site is optimized with the Yoast SEO plugin v27.5 - https:\/\/yoast.com\/product\/yoast-seo-wordpress\/ -->\n<title>St\u00e4rkung f\u00fcr Grundlagenforschung in Afrika | Aktuelles aus der Goethe-Universit\u00e4t Frankfurt<\/title>\n<meta name=\"robots\" content=\"index, follow, max-snippet:-1, max-image-preview:large, max-video-preview:-1\" \/>\n<link rel=\"canonical\" href=\"https:\/\/aktuelles.uni-frankfurt.de\/en\/forschung\/staerkung-fuer-grundlagenforschung-in-afrika\/\" \/>\n<meta property=\"og:locale\" content=\"en_GB\" \/>\n<meta property=\"og:type\" content=\"article\" \/>\n<meta property=\"og:title\" content=\"St\u00e4rkung f\u00fcr Grundlagenforschung in Afrika | Aktuelles aus der Goethe-Universit\u00e4t Frankfurt\" \/>\n<meta property=\"og:description\" content=\"Wissenschaftler der Goethe-Universit\u00e4t bauen Postdoc-Akademie in Bamako (Mali) auf \u2013 Fast 1 Million Euro von Gerda Henkel-Stiftung Wissenschaftler der Goethe-Universit\u00e4t und der Universit\u00e4t Basel bauen eine Postdoc-Akademie in Bamako (Mali) [&hellip;]\" \/>\n<meta property=\"og:url\" content=\"https:\/\/aktuelles.uni-frankfurt.de\/en\/forschung\/staerkung-fuer-grundlagenforschung-in-afrika\/\" \/>\n<meta property=\"og:site_name\" content=\"Aktuelles aus der Goethe-Universit\u00e4t Frankfurt\" \/>\n<meta property=\"article:published_time\" content=\"2019-05-14T09:24:36+00:00\" \/>\n<meta property=\"article:modified_time\" content=\"2023-02-22T15:37:11+00:00\" \/>\n<meta property=\"og:image\" content=\"https:\/\/aktuelles.uni-frankfurt.de\/wp-content\/uploads\/2019\/05\/blog_PM_VolkswagenStiftungBamako.jpg\" \/>\n\t<meta property=\"og:image:width\" content=\"650\" \/>\n\t<meta property=\"og:image:height\" content=\"450\" \/>\n\t<meta property=\"og:image:type\" content=\"image\/jpeg\" \/>\n<meta name=\"author\" content=\"-\" \/>\n<meta name=\"twitter:card\" content=\"summary_large_image\" \/>\n<meta name=\"twitter:label1\" content=\"Written by\" \/>\n\t<meta name=\"twitter:data1\" content=\"-\" \/>\n\t<meta name=\"twitter:label2\" content=\"Estimated reading time\" \/>\n\t<meta name=\"twitter:data2\" content=\"3 minutes\" \/>\n<script type=\"application\/ld+json\" class=\"yoast-schema-graph\">{\"@context\":\"https:\\\/\\\/schema.org\",\"@graph\":[{\"@type\":\"Article\",\"@id\":\"https:\\\/\\\/aktuelles.uni-frankfurt.de\\\/forschung\\\/staerkung-fuer-grundlagenforschung-in-afrika\\\/#article\",\"isPartOf\":{\"@id\":\"https:\\\/\\\/aktuelles.uni-frankfurt.de\\\/forschung\\\/staerkung-fuer-grundlagenforschung-in-afrika\\\/\"},\"author\":{\"name\":\"-\",\"@id\":\"https:\\\/\\\/aktuelles.uni-frankfurt.de\\\/#\\\/schema\\\/person\\\/8e55ea338fb65d1ce87a91565d1f1739\"},\"headline\":\"St\u00e4rkung f\u00fcr Grundlagenforschung in Afrika\",\"datePublished\":\"2019-05-14T09:24:36+00:00\",\"dateModified\":\"2023-02-22T15:37:11+00:00\",\"mainEntityOfPage\":{\"@id\":\"https:\\\/\\\/aktuelles.uni-frankfurt.de\\\/forschung\\\/staerkung-fuer-grundlagenforschung-in-afrika\\\/\"},\"wordCount\":680,\"publisher\":{\"@id\":\"https:\\\/\\\/aktuelles.uni-frankfurt.de\\\/#organization\"},\"image\":{\"@id\":\"https:\\\/\\\/aktuelles.uni-frankfurt.de\\\/forschung\\\/staerkung-fuer-grundlagenforschung-in-afrika\\\/#primaryimage\"},\"thumbnailUrl\":\"https:\\\/\\\/aktuelles.uni-frankfurt.de\\\/wp-content\\\/uploads\\\/2019\\\/05\\\/blog_PM_VolkswagenStiftungBamako.jpg\",\"keywords\":[\"Afrikaforschung\"],\"articleSection\":[\"Forschung\",\"Gesellschaft\"],\"inLanguage\":\"en-GB\"},{\"@type\":\"WebPage\",\"@id\":\"https:\\\/\\\/aktuelles.uni-frankfurt.de\\\/forschung\\\/staerkung-fuer-grundlagenforschung-in-afrika\\\/\",\"url\":\"https:\\\/\\\/aktuelles.uni-frankfurt.de\\\/forschung\\\/staerkung-fuer-grundlagenforschung-in-afrika\\\/\",\"name\":\"St\u00e4rkung f\u00fcr Grundlagenforschung in Afrika | Aktuelles aus der Goethe-Universit\u00e4t Frankfurt\",\"isPartOf\":{\"@id\":\"https:\\\/\\\/aktuelles.uni-frankfurt.de\\\/#website\"},\"primaryImageOfPage\":{\"@id\":\"https:\\\/\\\/aktuelles.uni-frankfurt.de\\\/forschung\\\/staerkung-fuer-grundlagenforschung-in-afrika\\\/#primaryimage\"},\"image\":{\"@id\":\"https:\\\/\\\/aktuelles.uni-frankfurt.de\\\/forschung\\\/staerkung-fuer-grundlagenforschung-in-afrika\\\/#primaryimage\"},\"thumbnailUrl\":\"https:\\\/\\\/aktuelles.uni-frankfurt.de\\\/wp-content\\\/uploads\\\/2019\\\/05\\\/blog_PM_VolkswagenStiftungBamako.jpg\",\"datePublished\":\"2019-05-14T09:24:36+00:00\",\"dateModified\":\"2023-02-22T15:37:11+00:00\",\"breadcrumb\":{\"@id\":\"https:\\\/\\\/aktuelles.uni-frankfurt.de\\\/forschung\\\/staerkung-fuer-grundlagenforschung-in-afrika\\\/#breadcrumb\"},\"inLanguage\":\"en-GB\",\"potentialAction\":[{\"@type\":\"ReadAction\",\"target\":[\"https:\\\/\\\/aktuelles.uni-frankfurt.de\\\/forschung\\\/staerkung-fuer-grundlagenforschung-in-afrika\\\/\"]}]},{\"@type\":\"ImageObject\",\"inLanguage\":\"en-GB\",\"@id\":\"https:\\\/\\\/aktuelles.uni-frankfurt.de\\\/forschung\\\/staerkung-fuer-grundlagenforschung-in-afrika\\\/#primaryimage\",\"url\":\"https:\\\/\\\/aktuelles.uni-frankfurt.de\\\/wp-content\\\/uploads\\\/2019\\\/05\\\/blog_PM_VolkswagenStiftungBamako.jpg\",\"contentUrl\":\"https:\\\/\\\/aktuelles.uni-frankfurt.de\\\/wp-content\\\/uploads\\\/2019\\\/05\\\/blog_PM_VolkswagenStiftungBamako.jpg\",\"width\":650,\"height\":450},{\"@type\":\"BreadcrumbList\",\"@id\":\"https:\\\/\\\/aktuelles.uni-frankfurt.de\\\/forschung\\\/staerkung-fuer-grundlagenforschung-in-afrika\\\/#breadcrumb\",\"itemListElement\":[{\"@type\":\"ListItem\",\"position\":1,\"name\":\"Startseite\",\"item\":\"https:\\\/\\\/aktuelles.uni-frankfurt.de\\\/\"},{\"@type\":\"ListItem\",\"position\":2,\"name\":\"St\u00e4rkung f\u00fcr Grundlagenforschung in Afrika\"}]},{\"@type\":\"WebSite\",\"@id\":\"https:\\\/\\\/aktuelles.uni-frankfurt.de\\\/#website\",\"url\":\"https:\\\/\\\/aktuelles.uni-frankfurt.de\\\/\",\"name\":\"Aktuelles aus der Goethe-Universit\u00e4t Frankfurt\",\"description\":\"Aktuelles aus der Goethe-Universit\u00e4t | Neues aus Forschung, Lehre, Studium\",\"publisher\":{\"@id\":\"https:\\\/\\\/aktuelles.uni-frankfurt.de\\\/#organization\"},\"potentialAction\":[{\"@type\":\"SearchAction\",\"target\":{\"@type\":\"EntryPoint\",\"urlTemplate\":\"https:\\\/\\\/aktuelles.uni-frankfurt.de\\\/?s={search_term_string}\"},\"query-input\":{\"@type\":\"PropertyValueSpecification\",\"valueRequired\":true,\"valueName\":\"search_term_string\"}}],\"inLanguage\":\"en-GB\"},{\"@type\":\"Organization\",\"@id\":\"https:\\\/\\\/aktuelles.uni-frankfurt.de\\\/#organization\",\"name\":\"Goethe-Universit\u00e4t\",\"url\":\"https:\\\/\\\/aktuelles.uni-frankfurt.de\\\/\",\"logo\":{\"@type\":\"ImageObject\",\"inLanguage\":\"en-GB\",\"@id\":\"https:\\\/\\\/aktuelles.uni-frankfurt.de\\\/#\\\/schema\\\/logo\\\/image\\\/\",\"url\":\"https:\\\/\\\/aktuelles.uni-frankfurt.de\\\/wp-content\\\/uploads\\\/2022\\\/03\\\/800px-Goethe-Logo.png\",\"contentUrl\":\"https:\\\/\\\/aktuelles.uni-frankfurt.de\\\/wp-content\\\/uploads\\\/2022\\\/03\\\/800px-Goethe-Logo.png\",\"width\":800,\"height\":436,\"caption\":\"Goethe-Universit\u00e4t\"},\"image\":{\"@id\":\"https:\\\/\\\/aktuelles.uni-frankfurt.de\\\/#\\\/schema\\\/logo\\\/image\\\/\"}},{\"@type\":\"Person\",\"@id\":\"https:\\\/\\\/aktuelles.uni-frankfurt.de\\\/#\\\/schema\\\/person\\\/8e55ea338fb65d1ce87a91565d1f1739\",\"name\":\"-\",\"description\":\"Dieser Beitrag wurde von der Online-Redaktion ver\u00f6ffentlicht. Wenn der Beitrag von einem Gastautoren verfasst wurde, findet sich dieser Hinweis am Ende des jeweiligen Artikels.\",\"sameAs\":[\"http:\\\/\\\/aktuelles.uni-frankfurt.de\\\/autoren\"],\"url\":\"https:\\\/\\\/aktuelles.uni-frankfurt.de\\\/en\\\/author\\\/redaktion\\\/\"}]}<\/script>\n<!-- \/ Yoast SEO plugin. -->","yoast_head_json":{"title":"St\u00e4rkung f\u00fcr Grundlagenforschung in Afrika | Aktuelles aus der Goethe-Universit\u00e4t Frankfurt","robots":{"index":"index","follow":"follow","max-snippet":"max-snippet:-1","max-image-preview":"max-image-preview:large","max-video-preview":"max-video-preview:-1"},"canonical":"https:\/\/aktuelles.uni-frankfurt.de\/en\/forschung\/staerkung-fuer-grundlagenforschung-in-afrika\/","og_locale":"en_GB","og_type":"article","og_title":"St\u00e4rkung f\u00fcr Grundlagenforschung in Afrika | Aktuelles aus der Goethe-Universit\u00e4t Frankfurt","og_description":"Wissenschaftler der Goethe-Universit\u00e4t bauen Postdoc-Akademie in Bamako (Mali) auf \u2013 Fast 1 Million Euro von Gerda Henkel-Stiftung Wissenschaftler der Goethe-Universit\u00e4t und der Universit\u00e4t Basel bauen eine Postdoc-Akademie in Bamako (Mali) [&hellip;]","og_url":"https:\/\/aktuelles.uni-frankfurt.de\/en\/forschung\/staerkung-fuer-grundlagenforschung-in-afrika\/","og_site_name":"Aktuelles aus der Goethe-Universit\u00e4t Frankfurt","article_published_time":"2019-05-14T09:24:36+00:00","article_modified_time":"2023-02-22T15:37:11+00:00","og_image":[{"width":650,"height":450,"url":"https:\/\/aktuelles.uni-frankfurt.de\/wp-content\/uploads\/2019\/05\/blog_PM_VolkswagenStiftungBamako.jpg","type":"image\/jpeg"}],"author":"-","twitter_card":"summary_large_image","twitter_misc":{"Written by":"-","Estimated reading time":"3 minutes"},"schema":{"@context":"https:\/\/schema.org","@graph":[{"@type":"Article","@id":"https:\/\/aktuelles.uni-frankfurt.de\/forschung\/staerkung-fuer-grundlagenforschung-in-afrika\/#article","isPartOf":{"@id":"https:\/\/aktuelles.uni-frankfurt.de\/forschung\/staerkung-fuer-grundlagenforschung-in-afrika\/"},"author":{"name":"-","@id":"https:\/\/aktuelles.uni-frankfurt.de\/#\/schema\/person\/8e55ea338fb65d1ce87a91565d1f1739"},"headline":"St\u00e4rkung f\u00fcr Grundlagenforschung in Afrika","datePublished":"2019-05-14T09:24:36+00:00","dateModified":"2023-02-22T15:37:11+00:00","mainEntityOfPage":{"@id":"https:\/\/aktuelles.uni-frankfurt.de\/forschung\/staerkung-fuer-grundlagenforschung-in-afrika\/"},"wordCount":680,"publisher":{"@id":"https:\/\/aktuelles.uni-frankfurt.de\/#organization"},"image":{"@id":"https:\/\/aktuelles.uni-frankfurt.de\/forschung\/staerkung-fuer-grundlagenforschung-in-afrika\/#primaryimage"},"thumbnailUrl":"https:\/\/aktuelles.uni-frankfurt.de\/wp-content\/uploads\/2019\/05\/blog_PM_VolkswagenStiftungBamako.jpg","keywords":["Afrikaforschung"],"articleSection":["Forschung","Gesellschaft"],"inLanguage":"en-GB"},{"@type":"WebPage","@id":"https:\/\/aktuelles.uni-frankfurt.de\/forschung\/staerkung-fuer-grundlagenforschung-in-afrika\/","url":"https:\/\/aktuelles.uni-frankfurt.de\/forschung\/staerkung-fuer-grundlagenforschung-in-afrika\/","name":"St\u00e4rkung f\u00fcr Grundlagenforschung in Afrika | Aktuelles aus der Goethe-Universit\u00e4t Frankfurt","isPartOf":{"@id":"https:\/\/aktuelles.uni-frankfurt.de\/#website"},"primaryImageOfPage":{"@id":"https:\/\/aktuelles.uni-frankfurt.de\/forschung\/staerkung-fuer-grundlagenforschung-in-afrika\/#primaryimage"},"image":{"@id":"https:\/\/aktuelles.uni-frankfurt.de\/forschung\/staerkung-fuer-grundlagenforschung-in-afrika\/#primaryimage"},"thumbnailUrl":"https:\/\/aktuelles.uni-frankfurt.de\/wp-content\/uploads\/2019\/05\/blog_PM_VolkswagenStiftungBamako.jpg","datePublished":"2019-05-14T09:24:36+00:00","dateModified":"2023-02-22T15:37:11+00:00","breadcrumb":{"@id":"https:\/\/aktuelles.uni-frankfurt.de\/forschung\/staerkung-fuer-grundlagenforschung-in-afrika\/#breadcrumb"},"inLanguage":"en-GB","potentialAction":[{"@type":"ReadAction","target":["https:\/\/aktuelles.uni-frankfurt.de\/forschung\/staerkung-fuer-grundlagenforschung-in-afrika\/"]}]},{"@type":"ImageObject","inLanguage":"en-GB","@id":"https:\/\/aktuelles.uni-frankfurt.de\/forschung\/staerkung-fuer-grundlagenforschung-in-afrika\/#primaryimage","url":"https:\/\/aktuelles.uni-frankfurt.de\/wp-content\/uploads\/2019\/05\/blog_PM_VolkswagenStiftungBamako.jpg","contentUrl":"https:\/\/aktuelles.uni-frankfurt.de\/wp-content\/uploads\/2019\/05\/blog_PM_VolkswagenStiftungBamako.jpg","width":650,"height":450},{"@type":"BreadcrumbList","@id":"https:\/\/aktuelles.uni-frankfurt.de\/forschung\/staerkung-fuer-grundlagenforschung-in-afrika\/#breadcrumb","itemListElement":[{"@type":"ListItem","position":1,"name":"Startseite","item":"https:\/\/aktuelles.uni-frankfurt.de\/"},{"@type":"ListItem","position":2,"name":"St\u00e4rkung f\u00fcr Grundlagenforschung in Afrika"}]},{"@type":"WebSite","@id":"https:\/\/aktuelles.uni-frankfurt.de\/#website","url":"https:\/\/aktuelles.uni-frankfurt.de\/","name":"Aktuelles aus der Goethe-Universit\u00e4t Frankfurt","description":"Aktuelles aus der Goethe-Universit\u00e4t | Neues aus Forschung, Lehre, Studium","publisher":{"@id":"https:\/\/aktuelles.uni-frankfurt.de\/#organization"},"potentialAction":[{"@type":"SearchAction","target":{"@type":"EntryPoint","urlTemplate":"https:\/\/aktuelles.uni-frankfurt.de\/?s={search_term_string}"},"query-input":{"@type":"PropertyValueSpecification","valueRequired":true,"valueName":"search_term_string"}}],"inLanguage":"en-GB"},{"@type":"Organization","@id":"https:\/\/aktuelles.uni-frankfurt.de\/#organization","name":"Goethe University Frankfurt","url":"https:\/\/aktuelles.uni-frankfurt.de\/","logo":{"@type":"ImageObject","inLanguage":"en-GB","@id":"https:\/\/aktuelles.uni-frankfurt.de\/#\/schema\/logo\/image\/","url":"https:\/\/aktuelles.uni-frankfurt.de\/wp-content\/uploads\/2022\/03\/800px-Goethe-Logo.png","contentUrl":"https:\/\/aktuelles.uni-frankfurt.de\/wp-content\/uploads\/2022\/03\/800px-Goethe-Logo.png","width":800,"height":436,"caption":"Goethe-Universit\u00e4t"},"image":{"@id":"https:\/\/aktuelles.uni-frankfurt.de\/#\/schema\/logo\/image\/"}},{"@type":"Person","@id":"https:\/\/aktuelles.uni-frankfurt.de\/#\/schema\/person\/8e55ea338fb65d1ce87a91565d1f1739","name":"-","description":"Dieser Beitrag wurde von der Online-Redaktion ver\u00f6ffentlicht. Wenn der Beitrag von einem Gastautoren verfasst wurde, findet sich dieser Hinweis am Ende des jeweiligen Artikels.","sameAs":["http:\/\/aktuelles.uni-frankfurt.de\/autoren"],"url":"https:\/\/aktuelles.uni-frankfurt.de\/en\/author\/redaktion\/"}]}},"_links":{"self":[{"href":"https:\/\/aktuelles.uni-frankfurt.de\/en\/wp-json\/wp\/v2\/posts\/37412","targetHints":{"allow":["GET"]}}],"collection":[{"href":"https:\/\/aktuelles.uni-frankfurt.de\/en\/wp-json\/wp\/v2\/posts"}],"about":[{"href":"https:\/\/aktuelles.uni-frankfurt.de\/en\/wp-json\/wp\/v2\/types\/post"}],"author":[{"embeddable":true,"href":"https:\/\/aktuelles.uni-frankfurt.de\/en\/wp-json\/wp\/v2\/users\/8"}],"replies":[{"embeddable":true,"href":"https:\/\/aktuelles.uni-frankfurt.de\/en\/wp-json\/wp\/v2\/comments?post=37412"}],"version-history":[{"count":0,"href":"https:\/\/aktuelles.uni-frankfurt.de\/en\/wp-json\/wp\/v2\/posts\/37412\/revisions"}],"wp:featuredmedia":[{"embeddable":true,"href":"https:\/\/aktuelles.uni-frankfurt.de\/en\/wp-json\/wp\/v2\/media\/37423"}],"wp:attachment":[{"href":"https:\/\/aktuelles.uni-frankfurt.de\/en\/wp-json\/wp\/v2\/media?parent=37412"}],"wp:term":[{"taxonomy":"category","embeddable":true,"href":"https:\/\/aktuelles.uni-frankfurt.de\/en\/wp-json\/wp\/v2\/categories?post=37412"},{"taxonomy":"post_tag","embeddable":true,"href":"https:\/\/aktuelles.uni-frankfurt.de\/en\/wp-json\/wp\/v2\/tags?post=37412"},{"taxonomy":"post_folder","embeddable":true,"href":"https:\/\/aktuelles.uni-frankfurt.de\/en\/wp-json\/wp\/v2\/post_folder?post=37412"}],"curies":[{"name":"wp","href":"https:\/\/api.w.org\/{rel}","templated":true}]}}