{"id":37453,"date":"2019-05-16T13:39:30","date_gmt":"2019-05-16T11:39:30","guid":{"rendered":"https:\/\/aktuelles.uni-frankfurt.de\/?p=37453"},"modified":"2019-05-16T13:39:31","modified_gmt":"2019-05-16T11:39:31","slug":"die-nachhaltige-moschee","status":"publish","type":"post","link":"https:\/\/aktuelles.uni-frankfurt.de\/en\/forschung\/die-nachhaltige-moschee\/","title":{"rendered":"Die nachhaltige Moschee"},"content":{"rendered":"<p><strong><em>Praxisfellow der Akademie f\u00fcr Islam in Wissenschaft und Gesellschaft entwickelt Handlungsempfehlungen.<\/em><\/strong><\/p>\n\n\n\n<div class=\"wp-block-image\"><figure class=\"alignleft is-resized\"><img fetchpriority=\"high\" decoding=\"async\" src=\"https:\/\/aktuelles.uni-frankfurt.de\/wp-content\/uploads\/2019\/05\/blog_PM_aiwg.jpg\" alt=\"\" class=\"wp-image-37454\" width=\"325\" height=\"225\" srcset=\"https:\/\/aktuelles.uni-frankfurt.de\/wp-content\/uploads\/2019\/05\/blog_PM_aiwg.jpg 650w, https:\/\/aktuelles.uni-frankfurt.de\/wp-content\/uploads\/2019\/05\/blog_PM_aiwg-300x208.jpg 300w\" sizes=\"(max-width: 325px) 100vw, 325px\" \/><\/figure><\/div>\n\n\n\n<p>Durch welche Ma\u00dfnahmen k\u00f6nnen die Moscheen der Zukunft nachhaltiger  gestaltet werden? Mit dieser Frage befasst sich Baraa Abu El-Khair, seit  April 2019 Praxisfellow der Akademie f\u00fcr Islam in Wissenschaft und  Gesellschaft (IAWG), in seinem Projekt \u201eImara \u2013 Kultivierung der  Moschee\u201c.<\/p>\n\n\n\n<p>Im Rahmen seines Praxisfellowship m\u00f6chte der Wirtschaftsingenieur \nBaraa Abu El-Khair  einen Katalog mit Handlungsempfehlungen f\u00fcr eine \nnachhaltige Entwicklung von Moscheen in Deutschland erstellen. Die AIWG \nunterst\u00fctzt ihn in den kommenden zw\u00f6lf Monaten in seinem Vorhaben mit \neinem Associated Praxisfellowship.<br>\nBaraa Abu El-Khair betrachtet in seinem Projekt die Moschee in ihren \nvielf\u00e4ltigen Funktionen: \u201eMoscheen sind nicht nur Gebetsst\u00e4tten, sondern\n auch ein Ort sozialen Lebens und der Wissensweitergabe\u201c, so El Khair. \nDoch gr\u00f6\u00dftenteils haben sich die Inhalte, die in Moscheen besprochen \nwerden, auf religi\u00f6se und kulturelle Themen reduziert: \u201eNachhaltigkeit \noder Umwelt werden in den meisten Moscheen hingegen nur selten \nthematisiert werden\u201c, erkl\u00e4rt er weiter. Nach seinen Beobachtungen \nspielt ein verantwortungsvoller Umgang mit der Umwelt f\u00fcr viele \nMusliminnen und Muslime jedoch eine gro\u00dfe Rolle.<\/p>\n\n\n\n<p>\u201eImara\u201c stammt aus dem Arabischen und bedeutet \u00fcbersetzt \n\u201eKultivierung\u201c: \u201eMein Wunsch ist es, einen Beitrag f\u00fcr die Kultivierung \nnachhaltiger Moscheen in Deutschland in Hinblick auf Umwelt und \nGesellschaft zu leisten\u201c, erkl\u00e4rt Abu El-Khair. Ausgehend von den 17 \nZielen f\u00fcr nachhaltige Entwicklung der Vereinten Nationen (SDGs) m\u00f6chte \ner ein Handbuch erstellen, das konkrete Handlungsempfehlungen zur \nRealisierung ausgew\u00e4hlter SDGs umfasst. \u201eIch erhoffe mir mit solchen \nHandlungsempfehlungen, einzelne Moscheegemeinden dabei zu unterst\u00fctzen, \naktive Akteure des Umweltschutzes zu werden.\u201c<\/p>\n\n\n\n<p>Um sich dem Themenkomplex Moscheen und Nachhaltigkeit zu n\u00e4hern, will\n er zun\u00e4chst unterschiedliche Moscheegemeinden besichtigen und \nInterviews f\u00fchren, um so individuelle Bedarfe und Potenziale \nhinsichtlich umweltfreundlicher Ma\u00dfnahmen zu ermitteln. Die Verbindung \nmit den islamisch-theologischen Studien erfolgt \u00fcber Fragen wie \u201eWelche \nkonkreten Anhaltspunkte lassen sich im Koran in Bezug auf Umwelt und \nNachhaltigkeit feststellen?\u201c oder \u201eWie l\u00e4sst sich die Rolle und Funktion\n von Moscheen in der Historie beschreiben?\u201c.  Auf wissenschaftlicher \nSeite sollen die aus dem Projekt gewonnen Erkenntnissen einen Impuls \nbilden, um umweltbezogene Fragestellungen innerhalb der \nislamisch-theologischen Studien zu behandeln.<\/p>\n\n\n\n<p>\u201eDie Nachhaltigkeit von Moscheen ist schon lange ein Herzensanliegen \nvon mir\u201c, erkl\u00e4rt Abu El-Khair. \u201eEs freut mich deswegen sehr, dass ich \nmit dem Praxisfellowship der AIWG bei der konkreten Umsetzung meines \nProjektes umfassend unterst\u00fctzt werde und die M\u00f6glichkeit erhalte, mit \nWissenschaftlern der islamisch-theologischen Studien \nzusammenzuarbeiten.\u201c<\/p>\n\n\n\n<p>Das AIWG-Praxisfellowship richtet sich an ideenreiche \nPers\u00f6nlichkeiten mit praktischen Erfahrungen zu Fragen der Religion und \nder gesellschaftlichen Teilhabe von Musliminnen und Muslimen in \nDeutschland. Es unterst\u00fctzt ihr pers\u00f6nliches Engagement und ihre \nindividuellen Projektideen und erm\u00f6glicht ihnen, ihre bisherigen \nKenntnisse zu islambezogenen Themen auszubauen und sie in die \nWissenschaft einzubinden.<\/p>\n\n\n\n<p>Weitere Informationen zum Projekt: <a href=\"https:\/\/aiwg.de\/praxisfellows\/\">https:\/\/aiwg.de\/praxisfellows\/<\/a><\/p>\n\n\n\n<p class=\"has-background has-small-font-size has-very-light-gray-background-color\"><strong>\u00dcber die AIWG \/<\/strong>Die AIWG ist eine universit\u00e4re Plattform f\u00fcr Forschung und Transfer in  islamisch-theologischen Fach- und Gesellschaftsfragen. Sie erm\u00f6glicht  \u00fcberregionale Kooperationen und Austausch zwischen Wissenschaftlerinnen  und Wissenschaftlern der islamisch-theologischen Studien und  benachbarter F\u00e4cher sowie Akteurinnen und Akteuren aus der muslimischen  Zivilgesellschaft und weiteren gesellschaftlichen Bereichen. Die AIWG  wird gef\u00f6rdert vom Bundesministerium f\u00fcr Bildung und Forschung (BMBF)  und der Stiftung Mercator. <a href=\"https:\/\/aiwg.de\">https:\/\/aiwg.de<\/a><\/p>\n\n\n\n<p><em><strong>Quelle: Pressemitteilung von 16. Mai 2019<\/strong><\/em><\/p>","protected":false},"excerpt":{"rendered":"<p>Praxisfellow der Akademie f\u00fcr Islam in Wissenschaft und Gesellschaft entwickelt Handlungsempfehlungen. Durch welche Ma\u00dfnahmen k\u00f6nnen die Moscheen der Zukunft nachhaltiger gestaltet werden? Mit dieser Frage befasst sich Baraa Abu El-Khair, [&hellip;]<\/p>\n","protected":false},"author":8,"featured_media":37454,"comment_status":"closed","ping_status":"closed","sticky":false,"template":"","format":"standard","meta":{"_eb_attr":"","_price":"","_stock":"","_tribe_ticket_header":"","_tribe_default_ticket_provider":"","_ticket_start_date":"","_ticket_end_date":"","_tribe_ticket_show_description":"","_tribe_ticket_show_not_going":false,"_tribe_ticket_use_global_stock":"","_tribe_ticket_global_stock_level":"","_global_stock_mode":"","_global_stock_cap":"","_tribe_rsvp_for_event":"","_tribe_ticket_going_count":"","_tribe_ticket_not_going_count":"","_tribe_tickets_list":"[]","_tribe_ticket_has_attendee_info_fields":false,"footnotes":""},"categories":[3],"tags":[61],"post_folder":[],"class_list":["post-37453","post","type-post","status-publish","format-standard","has-post-thumbnail","hentry","category-forschung","tag-islam"],"yoast_head":"<!-- This site is optimized with the Yoast SEO plugin v27.5 - https:\/\/yoast.com\/product\/yoast-seo-wordpress\/ -->\n<title>Die nachhaltige Moschee | Aktuelles aus der Goethe-Universit\u00e4t Frankfurt<\/title>\n<meta name=\"robots\" content=\"index, follow, max-snippet:-1, max-image-preview:large, max-video-preview:-1\" \/>\n<link rel=\"canonical\" href=\"https:\/\/aktuelles.uni-frankfurt.de\/en\/forschung\/die-nachhaltige-moschee\/\" \/>\n<meta property=\"og:locale\" content=\"en_GB\" \/>\n<meta property=\"og:type\" content=\"article\" \/>\n<meta property=\"og:title\" content=\"Die nachhaltige Moschee | Aktuelles aus der Goethe-Universit\u00e4t Frankfurt\" \/>\n<meta property=\"og:description\" content=\"Praxisfellow der Akademie f\u00fcr Islam in Wissenschaft und Gesellschaft entwickelt Handlungsempfehlungen. Durch welche Ma\u00dfnahmen k\u00f6nnen die Moscheen der Zukunft nachhaltiger gestaltet werden? Mit dieser Frage befasst sich Baraa Abu El-Khair, [&hellip;]\" \/>\n<meta property=\"og:url\" content=\"https:\/\/aktuelles.uni-frankfurt.de\/en\/forschung\/die-nachhaltige-moschee\/\" \/>\n<meta property=\"og:site_name\" content=\"Aktuelles aus der Goethe-Universit\u00e4t Frankfurt\" \/>\n<meta property=\"article:published_time\" content=\"2019-05-16T11:39:30+00:00\" \/>\n<meta property=\"article:modified_time\" content=\"2019-05-16T11:39:31+00:00\" \/>\n<meta property=\"og:image\" content=\"https:\/\/aktuelles.uni-frankfurt.de\/wp-content\/uploads\/2019\/05\/blog_PM_aiwg.jpg\" \/>\n\t<meta property=\"og:image:width\" content=\"650\" \/>\n\t<meta property=\"og:image:height\" content=\"450\" \/>\n\t<meta property=\"og:image:type\" content=\"image\/jpeg\" \/>\n<meta name=\"author\" content=\"-\" \/>\n<meta name=\"twitter:card\" content=\"summary_large_image\" \/>\n<meta name=\"twitter:label1\" content=\"Written by\" \/>\n\t<meta name=\"twitter:data1\" content=\"-\" \/>\n\t<meta name=\"twitter:label2\" content=\"Estimated reading time\" \/>\n\t<meta name=\"twitter:data2\" content=\"3 minutes\" \/>\n<script type=\"application\/ld+json\" class=\"yoast-schema-graph\">{\"@context\":\"https:\\\/\\\/schema.org\",\"@graph\":[{\"@type\":\"Article\",\"@id\":\"https:\\\/\\\/aktuelles.uni-frankfurt.de\\\/forschung\\\/die-nachhaltige-moschee\\\/#article\",\"isPartOf\":{\"@id\":\"https:\\\/\\\/aktuelles.uni-frankfurt.de\\\/forschung\\\/die-nachhaltige-moschee\\\/\"},\"author\":{\"name\":\"-\",\"@id\":\"https:\\\/\\\/aktuelles.uni-frankfurt.de\\\/#\\\/schema\\\/person\\\/8e55ea338fb65d1ce87a91565d1f1739\"},\"headline\":\"Die nachhaltige Moschee\",\"datePublished\":\"2019-05-16T11:39:30+00:00\",\"dateModified\":\"2019-05-16T11:39:31+00:00\",\"mainEntityOfPage\":{\"@id\":\"https:\\\/\\\/aktuelles.uni-frankfurt.de\\\/forschung\\\/die-nachhaltige-moschee\\\/\"},\"wordCount\":545,\"publisher\":{\"@id\":\"https:\\\/\\\/aktuelles.uni-frankfurt.de\\\/#organization\"},\"image\":{\"@id\":\"https:\\\/\\\/aktuelles.uni-frankfurt.de\\\/forschung\\\/die-nachhaltige-moschee\\\/#primaryimage\"},\"thumbnailUrl\":\"https:\\\/\\\/aktuelles.uni-frankfurt.de\\\/wp-content\\\/uploads\\\/2019\\\/05\\\/blog_PM_aiwg.jpg\",\"keywords\":[\"Islam\"],\"articleSection\":[\"Forschung\"],\"inLanguage\":\"en-GB\"},{\"@type\":\"WebPage\",\"@id\":\"https:\\\/\\\/aktuelles.uni-frankfurt.de\\\/forschung\\\/die-nachhaltige-moschee\\\/\",\"url\":\"https:\\\/\\\/aktuelles.uni-frankfurt.de\\\/forschung\\\/die-nachhaltige-moschee\\\/\",\"name\":\"Die nachhaltige Moschee | Aktuelles aus der Goethe-Universit\u00e4t Frankfurt\",\"isPartOf\":{\"@id\":\"https:\\\/\\\/aktuelles.uni-frankfurt.de\\\/#website\"},\"primaryImageOfPage\":{\"@id\":\"https:\\\/\\\/aktuelles.uni-frankfurt.de\\\/forschung\\\/die-nachhaltige-moschee\\\/#primaryimage\"},\"image\":{\"@id\":\"https:\\\/\\\/aktuelles.uni-frankfurt.de\\\/forschung\\\/die-nachhaltige-moschee\\\/#primaryimage\"},\"thumbnailUrl\":\"https:\\\/\\\/aktuelles.uni-frankfurt.de\\\/wp-content\\\/uploads\\\/2019\\\/05\\\/blog_PM_aiwg.jpg\",\"datePublished\":\"2019-05-16T11:39:30+00:00\",\"dateModified\":\"2019-05-16T11:39:31+00:00\",\"breadcrumb\":{\"@id\":\"https:\\\/\\\/aktuelles.uni-frankfurt.de\\\/forschung\\\/die-nachhaltige-moschee\\\/#breadcrumb\"},\"inLanguage\":\"en-GB\",\"potentialAction\":[{\"@type\":\"ReadAction\",\"target\":[\"https:\\\/\\\/aktuelles.uni-frankfurt.de\\\/forschung\\\/die-nachhaltige-moschee\\\/\"]}]},{\"@type\":\"ImageObject\",\"inLanguage\":\"en-GB\",\"@id\":\"https:\\\/\\\/aktuelles.uni-frankfurt.de\\\/forschung\\\/die-nachhaltige-moschee\\\/#primaryimage\",\"url\":\"https:\\\/\\\/aktuelles.uni-frankfurt.de\\\/wp-content\\\/uploads\\\/2019\\\/05\\\/blog_PM_aiwg.jpg\",\"contentUrl\":\"https:\\\/\\\/aktuelles.uni-frankfurt.de\\\/wp-content\\\/uploads\\\/2019\\\/05\\\/blog_PM_aiwg.jpg\",\"width\":650,\"height\":450},{\"@type\":\"BreadcrumbList\",\"@id\":\"https:\\\/\\\/aktuelles.uni-frankfurt.de\\\/forschung\\\/die-nachhaltige-moschee\\\/#breadcrumb\",\"itemListElement\":[{\"@type\":\"ListItem\",\"position\":1,\"name\":\"Startseite\",\"item\":\"https:\\\/\\\/aktuelles.uni-frankfurt.de\\\/\"},{\"@type\":\"ListItem\",\"position\":2,\"name\":\"Die nachhaltige Moschee\"}]},{\"@type\":\"WebSite\",\"@id\":\"https:\\\/\\\/aktuelles.uni-frankfurt.de\\\/#website\",\"url\":\"https:\\\/\\\/aktuelles.uni-frankfurt.de\\\/\",\"name\":\"Aktuelles aus der Goethe-Universit\u00e4t Frankfurt\",\"description\":\"Aktuelles aus der Goethe-Universit\u00e4t | Neues aus Forschung, Lehre, Studium\",\"publisher\":{\"@id\":\"https:\\\/\\\/aktuelles.uni-frankfurt.de\\\/#organization\"},\"potentialAction\":[{\"@type\":\"SearchAction\",\"target\":{\"@type\":\"EntryPoint\",\"urlTemplate\":\"https:\\\/\\\/aktuelles.uni-frankfurt.de\\\/?s={search_term_string}\"},\"query-input\":{\"@type\":\"PropertyValueSpecification\",\"valueRequired\":true,\"valueName\":\"search_term_string\"}}],\"inLanguage\":\"en-GB\"},{\"@type\":\"Organization\",\"@id\":\"https:\\\/\\\/aktuelles.uni-frankfurt.de\\\/#organization\",\"name\":\"Goethe-Universit\u00e4t\",\"url\":\"https:\\\/\\\/aktuelles.uni-frankfurt.de\\\/\",\"logo\":{\"@type\":\"ImageObject\",\"inLanguage\":\"en-GB\",\"@id\":\"https:\\\/\\\/aktuelles.uni-frankfurt.de\\\/#\\\/schema\\\/logo\\\/image\\\/\",\"url\":\"https:\\\/\\\/aktuelles.uni-frankfurt.de\\\/wp-content\\\/uploads\\\/2022\\\/03\\\/800px-Goethe-Logo.png\",\"contentUrl\":\"https:\\\/\\\/aktuelles.uni-frankfurt.de\\\/wp-content\\\/uploads\\\/2022\\\/03\\\/800px-Goethe-Logo.png\",\"width\":800,\"height\":436,\"caption\":\"Goethe-Universit\u00e4t\"},\"image\":{\"@id\":\"https:\\\/\\\/aktuelles.uni-frankfurt.de\\\/#\\\/schema\\\/logo\\\/image\\\/\"}},{\"@type\":\"Person\",\"@id\":\"https:\\\/\\\/aktuelles.uni-frankfurt.de\\\/#\\\/schema\\\/person\\\/8e55ea338fb65d1ce87a91565d1f1739\",\"name\":\"-\",\"description\":\"Dieser Beitrag wurde von der Online-Redaktion ver\u00f6ffentlicht. Wenn der Beitrag von einem Gastautoren verfasst wurde, findet sich dieser Hinweis am Ende des jeweiligen Artikels.\",\"sameAs\":[\"http:\\\/\\\/aktuelles.uni-frankfurt.de\\\/autoren\"],\"url\":\"https:\\\/\\\/aktuelles.uni-frankfurt.de\\\/en\\\/author\\\/redaktion\\\/\"}]}<\/script>\n<!-- \/ Yoast SEO plugin. -->","yoast_head_json":{"title":"Die nachhaltige Moschee | Aktuelles aus der Goethe-Universit\u00e4t Frankfurt","robots":{"index":"index","follow":"follow","max-snippet":"max-snippet:-1","max-image-preview":"max-image-preview:large","max-video-preview":"max-video-preview:-1"},"canonical":"https:\/\/aktuelles.uni-frankfurt.de\/en\/forschung\/die-nachhaltige-moschee\/","og_locale":"en_GB","og_type":"article","og_title":"Die nachhaltige Moschee | Aktuelles aus der Goethe-Universit\u00e4t Frankfurt","og_description":"Praxisfellow der Akademie f\u00fcr Islam in Wissenschaft und Gesellschaft entwickelt Handlungsempfehlungen. Durch welche Ma\u00dfnahmen k\u00f6nnen die Moscheen der Zukunft nachhaltiger gestaltet werden? Mit dieser Frage befasst sich Baraa Abu El-Khair, [&hellip;]","og_url":"https:\/\/aktuelles.uni-frankfurt.de\/en\/forschung\/die-nachhaltige-moschee\/","og_site_name":"Aktuelles aus der Goethe-Universit\u00e4t Frankfurt","article_published_time":"2019-05-16T11:39:30+00:00","article_modified_time":"2019-05-16T11:39:31+00:00","og_image":[{"width":650,"height":450,"url":"https:\/\/aktuelles.uni-frankfurt.de\/wp-content\/uploads\/2019\/05\/blog_PM_aiwg.jpg","type":"image\/jpeg"}],"author":"-","twitter_card":"summary_large_image","twitter_misc":{"Written by":"-","Estimated reading time":"3 minutes"},"schema":{"@context":"https:\/\/schema.org","@graph":[{"@type":"Article","@id":"https:\/\/aktuelles.uni-frankfurt.de\/forschung\/die-nachhaltige-moschee\/#article","isPartOf":{"@id":"https:\/\/aktuelles.uni-frankfurt.de\/forschung\/die-nachhaltige-moschee\/"},"author":{"name":"-","@id":"https:\/\/aktuelles.uni-frankfurt.de\/#\/schema\/person\/8e55ea338fb65d1ce87a91565d1f1739"},"headline":"Die nachhaltige Moschee","datePublished":"2019-05-16T11:39:30+00:00","dateModified":"2019-05-16T11:39:31+00:00","mainEntityOfPage":{"@id":"https:\/\/aktuelles.uni-frankfurt.de\/forschung\/die-nachhaltige-moschee\/"},"wordCount":545,"publisher":{"@id":"https:\/\/aktuelles.uni-frankfurt.de\/#organization"},"image":{"@id":"https:\/\/aktuelles.uni-frankfurt.de\/forschung\/die-nachhaltige-moschee\/#primaryimage"},"thumbnailUrl":"https:\/\/aktuelles.uni-frankfurt.de\/wp-content\/uploads\/2019\/05\/blog_PM_aiwg.jpg","keywords":["Islam"],"articleSection":["Forschung"],"inLanguage":"en-GB"},{"@type":"WebPage","@id":"https:\/\/aktuelles.uni-frankfurt.de\/forschung\/die-nachhaltige-moschee\/","url":"https:\/\/aktuelles.uni-frankfurt.de\/forschung\/die-nachhaltige-moschee\/","name":"Die nachhaltige Moschee | Aktuelles aus der Goethe-Universit\u00e4t Frankfurt","isPartOf":{"@id":"https:\/\/aktuelles.uni-frankfurt.de\/#website"},"primaryImageOfPage":{"@id":"https:\/\/aktuelles.uni-frankfurt.de\/forschung\/die-nachhaltige-moschee\/#primaryimage"},"image":{"@id":"https:\/\/aktuelles.uni-frankfurt.de\/forschung\/die-nachhaltige-moschee\/#primaryimage"},"thumbnailUrl":"https:\/\/aktuelles.uni-frankfurt.de\/wp-content\/uploads\/2019\/05\/blog_PM_aiwg.jpg","datePublished":"2019-05-16T11:39:30+00:00","dateModified":"2019-05-16T11:39:31+00:00","breadcrumb":{"@id":"https:\/\/aktuelles.uni-frankfurt.de\/forschung\/die-nachhaltige-moschee\/#breadcrumb"},"inLanguage":"en-GB","potentialAction":[{"@type":"ReadAction","target":["https:\/\/aktuelles.uni-frankfurt.de\/forschung\/die-nachhaltige-moschee\/"]}]},{"@type":"ImageObject","inLanguage":"en-GB","@id":"https:\/\/aktuelles.uni-frankfurt.de\/forschung\/die-nachhaltige-moschee\/#primaryimage","url":"https:\/\/aktuelles.uni-frankfurt.de\/wp-content\/uploads\/2019\/05\/blog_PM_aiwg.jpg","contentUrl":"https:\/\/aktuelles.uni-frankfurt.de\/wp-content\/uploads\/2019\/05\/blog_PM_aiwg.jpg","width":650,"height":450},{"@type":"BreadcrumbList","@id":"https:\/\/aktuelles.uni-frankfurt.de\/forschung\/die-nachhaltige-moschee\/#breadcrumb","itemListElement":[{"@type":"ListItem","position":1,"name":"Startseite","item":"https:\/\/aktuelles.uni-frankfurt.de\/"},{"@type":"ListItem","position":2,"name":"Die nachhaltige Moschee"}]},{"@type":"WebSite","@id":"https:\/\/aktuelles.uni-frankfurt.de\/#website","url":"https:\/\/aktuelles.uni-frankfurt.de\/","name":"Aktuelles aus der Goethe-Universit\u00e4t Frankfurt","description":"Aktuelles aus der Goethe-Universit\u00e4t | Neues aus Forschung, Lehre, Studium","publisher":{"@id":"https:\/\/aktuelles.uni-frankfurt.de\/#organization"},"potentialAction":[{"@type":"SearchAction","target":{"@type":"EntryPoint","urlTemplate":"https:\/\/aktuelles.uni-frankfurt.de\/?s={search_term_string}"},"query-input":{"@type":"PropertyValueSpecification","valueRequired":true,"valueName":"search_term_string"}}],"inLanguage":"en-GB"},{"@type":"Organization","@id":"https:\/\/aktuelles.uni-frankfurt.de\/#organization","name":"Goethe University Frankfurt","url":"https:\/\/aktuelles.uni-frankfurt.de\/","logo":{"@type":"ImageObject","inLanguage":"en-GB","@id":"https:\/\/aktuelles.uni-frankfurt.de\/#\/schema\/logo\/image\/","url":"https:\/\/aktuelles.uni-frankfurt.de\/wp-content\/uploads\/2022\/03\/800px-Goethe-Logo.png","contentUrl":"https:\/\/aktuelles.uni-frankfurt.de\/wp-content\/uploads\/2022\/03\/800px-Goethe-Logo.png","width":800,"height":436,"caption":"Goethe-Universit\u00e4t"},"image":{"@id":"https:\/\/aktuelles.uni-frankfurt.de\/#\/schema\/logo\/image\/"}},{"@type":"Person","@id":"https:\/\/aktuelles.uni-frankfurt.de\/#\/schema\/person\/8e55ea338fb65d1ce87a91565d1f1739","name":"-","description":"Dieser Beitrag wurde von der Online-Redaktion ver\u00f6ffentlicht. Wenn der Beitrag von einem Gastautoren verfasst wurde, findet sich dieser Hinweis am Ende des jeweiligen Artikels.","sameAs":["http:\/\/aktuelles.uni-frankfurt.de\/autoren"],"url":"https:\/\/aktuelles.uni-frankfurt.de\/en\/author\/redaktion\/"}]}},"_links":{"self":[{"href":"https:\/\/aktuelles.uni-frankfurt.de\/en\/wp-json\/wp\/v2\/posts\/37453","targetHints":{"allow":["GET"]}}],"collection":[{"href":"https:\/\/aktuelles.uni-frankfurt.de\/en\/wp-json\/wp\/v2\/posts"}],"about":[{"href":"https:\/\/aktuelles.uni-frankfurt.de\/en\/wp-json\/wp\/v2\/types\/post"}],"author":[{"embeddable":true,"href":"https:\/\/aktuelles.uni-frankfurt.de\/en\/wp-json\/wp\/v2\/users\/8"}],"replies":[{"embeddable":true,"href":"https:\/\/aktuelles.uni-frankfurt.de\/en\/wp-json\/wp\/v2\/comments?post=37453"}],"version-history":[{"count":0,"href":"https:\/\/aktuelles.uni-frankfurt.de\/en\/wp-json\/wp\/v2\/posts\/37453\/revisions"}],"wp:featuredmedia":[{"embeddable":true,"href":"https:\/\/aktuelles.uni-frankfurt.de\/en\/wp-json\/wp\/v2\/media\/37454"}],"wp:attachment":[{"href":"https:\/\/aktuelles.uni-frankfurt.de\/en\/wp-json\/wp\/v2\/media?parent=37453"}],"wp:term":[{"taxonomy":"category","embeddable":true,"href":"https:\/\/aktuelles.uni-frankfurt.de\/en\/wp-json\/wp\/v2\/categories?post=37453"},{"taxonomy":"post_tag","embeddable":true,"href":"https:\/\/aktuelles.uni-frankfurt.de\/en\/wp-json\/wp\/v2\/tags?post=37453"},{"taxonomy":"post_folder","embeddable":true,"href":"https:\/\/aktuelles.uni-frankfurt.de\/en\/wp-json\/wp\/v2\/post_folder?post=37453"}],"curies":[{"name":"wp","href":"https:\/\/api.w.org\/{rel}","templated":true}]}}