{"id":37660,"date":"2019-05-28T13:42:17","date_gmt":"2019-05-28T11:42:17","guid":{"rendered":"https:\/\/aktuelles.uni-frankfurt.de\/?p=37660"},"modified":"2019-05-28T13:42:19","modified_gmt":"2019-05-28T11:42:19","slug":"cornelia-goethe-centrum-erklaert-sich-solidarisch-mit-langjaehriger-kooperationspartnerin","status":"publish","type":"post","link":"https:\/\/aktuelles.uni-frankfurt.de\/en\/gesellschaft\/cornelia-goethe-centrum-erklaert-sich-solidarisch-mit-langjaehriger-kooperationspartnerin\/","title":{"rendered":"Cornelia Goethe Centrum erkl\u00e4rt sich solidarisch mit langj\u00e4hriger Kooperationspartnerin"},"content":{"rendered":"<div class=\"wp-block-image\"><figure class=\"aligncenter is-resized\"><img fetchpriority=\"high\" decoding=\"async\" src=\"https:\/\/aktuelles.uni-frankfurt.de\/wp-content\/uploads\/2019\/05\/beitrag_cgc_solidarisch.jpg\" alt=\"\" class=\"wp-image-37661\" width=\"650\" height=\"450\" srcset=\"https:\/\/aktuelles.uni-frankfurt.de\/wp-content\/uploads\/2019\/05\/beitrag_cgc_solidarisch.jpg 650w, https:\/\/aktuelles.uni-frankfurt.de\/wp-content\/uploads\/2019\/05\/beitrag_cgc_solidarisch-300x208.jpg 300w\" sizes=\"(max-width: 650px) 100vw, 650px\" \/><figcaption>Ayse-G\u00fcl Altinay tr\u00e4gt zum Thema Doing Feminism and Gender Studies in Dark Times vor. \u00a9 CGC, Cigdem Toprak<\/figcaption><\/figure><\/div>\n\n\n\n<p>Am 23. Mai wurde die Kulturanthropologin und Direktorin des Gender and Women\u2019s Studies Centres der Sabanci-Universit\u00e4t Istanbul, Ay\u015fe G\u00fcl Alt\u0131nay, in der T\u00fcrkei zu 25 Monaten Haft verurteilt. Das Cornelia Goethe Centrum und dessen Mitglieder, die bereits seit vielen Jahren mit ihr zusammenarbeiten, erkl\u00e4ren sich solidarisch mit der Wissenschaftlerin. Ay\u015fe G\u00fcl Alt\u0131nay, unter Kolleg*innen und Student*innen als herausragende Gelehrte brillante Analytikerin und Aktivistin bekannt, ist mit \u00fcber 2200 weiteren Wissenschaftler*innen und Student*innen Unterzeichnerin der <a rel=\"noreferrer noopener\" aria-label=\" (\u00f6ffnet in neuem Tab)\" href=\"https:\/\/www.barisicinakademisyenler.net\/node\/63\" target=\"_blank\">Erkl\u00e4rung \u201eWe will not be a party to this crime\u201c der Academics for Peace<\/a>. Genau diese Unterschrift hat zu ihrem Schuldspruch wegen freiwilliger und wissentlicher Unterst\u00fctzung einer terroristischen Organisation gef\u00fchrt hat. Anl\u00e4sslich ihres Gerichtsprozesses <a href=\"http:\/\/www.cgc.uni-frankfurt.de\/92026\/ayse-guel-altinays-aussagen-vor-gericht\/\" target=\"_blank\" rel=\"noreferrer noopener\" aria-label=\" (\u00f6ffnet in neuem Tab)\">begr\u00fcndete<\/a> Alt\u0131nay ihre Unterst\u00fctzung der Erkl\u00e4rung der Academics mit ihrem Glauben an die Demokratisierung und die Befriedung der Gesellschaft durch Einhaltung der Normen des nationalen und internationalen Rechts und ihrer wissenschaftlichen Arbeit zu den langfristigen und verheerenden Auswirkungen von Gewalt auf das soziale Miteinander.<\/p>\n\n\n\n<p>Die Petition, die im Januar 2016 ver\u00f6ffentlicht wurde, verurteilt den schweren Waffeneinsatz durch t\u00fcrkische Streitkr\u00e4fte in st\u00e4dtischen Siedlungen und die Auferlegung monatelanger Ausgangssperren in S\u00fcdosten der T\u00fcrkei. Des Weiteren fordern die Unterzeichner*innen den t\u00fcrkischen Staat dazu auf, besagte Operationen einzustellen und seinen rechtlichen und moralischen Verpflichtungen in dieser Region nachzukommen.<\/p>\n\n\n\n<p>Alt\u0131nay ist nicht die einzige Wissenschaftlerin, die sich f\u00fcr die Wahrnehmung ihres Rechtes auf freie Meinungs\u00e4u\u00dferung vor Gericht verantworten muss. Derzeit sind im Zusammenhang mit dieser Erkl\u00e4rung \u00fcber 700 Verfahren vor Gericht anh\u00e4ngig. Scholars At Risk ordnen die Verfolgung der betroffenen Wissenschaftler*innen als <a rel=\"noreferrer noopener\" aria-label=\" (\u00f6ffnet in neuem Tab)\" href=\"http:\/\/salsa4.salsalabs.com\/o\/50943\/p\/dia\/action4\/common\/public\/?action_KEY=23710\" target=\"_blank\">Gef\u00e4hrdung der Wissenschafts- und Versammlungsfreiheit<\/a> in der T\u00fcrkei ein und haben bereits zum Auftakt der Prozesse im Dezember 2017 dazu aufgerufen, die Verantwortlichen zur Aufgabe der anh\u00e4nglichen Verfahren aufzufordern. <\/p>\n\n\n\n<p>Ay\u015fe G\u00fcl Alt\u0131nay ist und bleibt sowohl f\u00fcr das Cornelia Goethe Centrums f\u00fcr Frauenstudien und die Erforschung der Geschlechterverh\u00e4ltnisse an der Goethe-Universit\u00e4t Frankfurt a. M. als auch f\u00fcr viele weitere Institutionen in der Geschlechterforschung weltweit eine gesch\u00e4tzte Kollegin und Kooperationspartnerin. Die Solidarit\u00e4tserkl\u00e4rung des Centrums k\u00f6nnen Sie unter <a href=\"http:\/\/www.cgc.uni-frankfurt.de\/91076\/statement-of-support-for-ayse-guel-altinay\/\" target=\"_blank\" rel=\"noreferrer noopener\" aria-label=\" (\u00f6ffnet in neuem Tab)\">http:\/\/www.cgc.uni-frankfurt.de\/91076\/statement-of-support-for-ayse-guel-altinay\/<\/a> (englisch) nachlesen.<\/p>","protected":false},"excerpt":{"rendered":"<p>Am 23. Mai wurde die Kulturanthropologin und Direktorin des Gender and Women\u2019s Studies Centres der Sabanci-Universit\u00e4t Istanbul, Ay\u015fe G\u00fcl Alt\u0131nay, in der T\u00fcrkei zu 25 Monaten Haft verurteilt. Das Cornelia [&hellip;]<\/p>\n","protected":false},"author":8,"featured_media":37661,"comment_status":"closed","ping_status":"closed","sticky":false,"template":"","format":"standard","meta":{"_eb_attr":"","_price":"","_stock":"","_tribe_ticket_header":"","_tribe_default_ticket_provider":"","_ticket_start_date":"","_ticket_end_date":"","_tribe_ticket_show_description":"","_tribe_ticket_show_not_going":false,"_tribe_ticket_use_global_stock":"","_tribe_ticket_global_stock_level":"","_global_stock_mode":"","_global_stock_cap":"","_tribe_rsvp_for_event":"","_tribe_ticket_going_count":"","_tribe_ticket_not_going_count":"","_tribe_tickets_list":"[]","_tribe_ticket_has_attendee_info_fields":false,"footnotes":""},"categories":[4],"tags":[],"post_folder":[],"class_list":["post-37660","post","type-post","status-publish","format-standard","has-post-thumbnail","hentry","category-gesellschaft"],"yoast_head":"<!-- This site is optimized with the Yoast SEO plugin v27.5 - https:\/\/yoast.com\/product\/yoast-seo-wordpress\/ -->\n<title>Cornelia Goethe Centrum erkl\u00e4rt sich solidarisch mit langj\u00e4hriger Kooperationspartnerin | Aktuelles aus der Goethe-Universit\u00e4t Frankfurt<\/title>\n<meta name=\"robots\" content=\"index, follow, max-snippet:-1, max-image-preview:large, max-video-preview:-1\" \/>\n<link rel=\"canonical\" href=\"https:\/\/aktuelles.uni-frankfurt.de\/en\/gesellschaft\/cornelia-goethe-centrum-erklaert-sich-solidarisch-mit-langjaehriger-kooperationspartnerin\/\" \/>\n<meta property=\"og:locale\" content=\"en_GB\" \/>\n<meta property=\"og:type\" content=\"article\" \/>\n<meta property=\"og:title\" content=\"Cornelia Goethe Centrum erkl\u00e4rt sich solidarisch mit langj\u00e4hriger Kooperationspartnerin | Aktuelles aus der Goethe-Universit\u00e4t Frankfurt\" \/>\n<meta property=\"og:description\" content=\"Am 23. Mai wurde die Kulturanthropologin und Direktorin des Gender and Women\u2019s Studies Centres der Sabanci-Universit\u00e4t Istanbul, Ay\u015fe G\u00fcl Alt\u0131nay, in der T\u00fcrkei zu 25 Monaten Haft verurteilt. Das Cornelia [&hellip;]\" \/>\n<meta property=\"og:url\" content=\"https:\/\/aktuelles.uni-frankfurt.de\/en\/gesellschaft\/cornelia-goethe-centrum-erklaert-sich-solidarisch-mit-langjaehriger-kooperationspartnerin\/\" \/>\n<meta property=\"og:site_name\" content=\"Aktuelles aus der Goethe-Universit\u00e4t Frankfurt\" \/>\n<meta property=\"article:published_time\" content=\"2019-05-28T11:42:17+00:00\" \/>\n<meta property=\"article:modified_time\" content=\"2019-05-28T11:42:19+00:00\" \/>\n<meta property=\"og:image\" content=\"https:\/\/aktuelles.uni-frankfurt.de\/wp-content\/uploads\/2019\/05\/beitrag_cgc_solidarisch.jpg\" \/>\n\t<meta property=\"og:image:width\" content=\"650\" \/>\n\t<meta property=\"og:image:height\" content=\"450\" \/>\n\t<meta property=\"og:image:type\" content=\"image\/jpeg\" \/>\n<meta name=\"author\" content=\"-\" \/>\n<meta name=\"twitter:card\" content=\"summary_large_image\" \/>\n<meta name=\"twitter:label1\" content=\"Written by\" \/>\n\t<meta name=\"twitter:data1\" content=\"-\" \/>\n\t<meta name=\"twitter:label2\" content=\"Estimated reading time\" \/>\n\t<meta name=\"twitter:data2\" content=\"2 minutes\" \/>\n<script type=\"application\/ld+json\" class=\"yoast-schema-graph\">{\"@context\":\"https:\\\/\\\/schema.org\",\"@graph\":[{\"@type\":\"Article\",\"@id\":\"https:\\\/\\\/aktuelles.uni-frankfurt.de\\\/gesellschaft\\\/cornelia-goethe-centrum-erklaert-sich-solidarisch-mit-langjaehriger-kooperationspartnerin\\\/#article\",\"isPartOf\":{\"@id\":\"https:\\\/\\\/aktuelles.uni-frankfurt.de\\\/gesellschaft\\\/cornelia-goethe-centrum-erklaert-sich-solidarisch-mit-langjaehriger-kooperationspartnerin\\\/\"},\"author\":{\"name\":\"-\",\"@id\":\"https:\\\/\\\/aktuelles.uni-frankfurt.de\\\/#\\\/schema\\\/person\\\/8e55ea338fb65d1ce87a91565d1f1739\"},\"headline\":\"Cornelia Goethe Centrum erkl\u00e4rt sich solidarisch mit langj\u00e4hriger Kooperationspartnerin\",\"datePublished\":\"2019-05-28T11:42:17+00:00\",\"dateModified\":\"2019-05-28T11:42:19+00:00\",\"mainEntityOfPage\":{\"@id\":\"https:\\\/\\\/aktuelles.uni-frankfurt.de\\\/gesellschaft\\\/cornelia-goethe-centrum-erklaert-sich-solidarisch-mit-langjaehriger-kooperationspartnerin\\\/\"},\"wordCount\":405,\"publisher\":{\"@id\":\"https:\\\/\\\/aktuelles.uni-frankfurt.de\\\/#organization\"},\"image\":{\"@id\":\"https:\\\/\\\/aktuelles.uni-frankfurt.de\\\/gesellschaft\\\/cornelia-goethe-centrum-erklaert-sich-solidarisch-mit-langjaehriger-kooperationspartnerin\\\/#primaryimage\"},\"thumbnailUrl\":\"https:\\\/\\\/aktuelles.uni-frankfurt.de\\\/wp-content\\\/uploads\\\/2019\\\/05\\\/beitrag_cgc_solidarisch.jpg\",\"articleSection\":[\"Gesellschaft\"],\"inLanguage\":\"en-GB\"},{\"@type\":\"WebPage\",\"@id\":\"https:\\\/\\\/aktuelles.uni-frankfurt.de\\\/gesellschaft\\\/cornelia-goethe-centrum-erklaert-sich-solidarisch-mit-langjaehriger-kooperationspartnerin\\\/\",\"url\":\"https:\\\/\\\/aktuelles.uni-frankfurt.de\\\/gesellschaft\\\/cornelia-goethe-centrum-erklaert-sich-solidarisch-mit-langjaehriger-kooperationspartnerin\\\/\",\"name\":\"Cornelia Goethe Centrum erkl\u00e4rt sich solidarisch mit langj\u00e4hriger Kooperationspartnerin | Aktuelles aus der Goethe-Universit\u00e4t Frankfurt\",\"isPartOf\":{\"@id\":\"https:\\\/\\\/aktuelles.uni-frankfurt.de\\\/#website\"},\"primaryImageOfPage\":{\"@id\":\"https:\\\/\\\/aktuelles.uni-frankfurt.de\\\/gesellschaft\\\/cornelia-goethe-centrum-erklaert-sich-solidarisch-mit-langjaehriger-kooperationspartnerin\\\/#primaryimage\"},\"image\":{\"@id\":\"https:\\\/\\\/aktuelles.uni-frankfurt.de\\\/gesellschaft\\\/cornelia-goethe-centrum-erklaert-sich-solidarisch-mit-langjaehriger-kooperationspartnerin\\\/#primaryimage\"},\"thumbnailUrl\":\"https:\\\/\\\/aktuelles.uni-frankfurt.de\\\/wp-content\\\/uploads\\\/2019\\\/05\\\/beitrag_cgc_solidarisch.jpg\",\"datePublished\":\"2019-05-28T11:42:17+00:00\",\"dateModified\":\"2019-05-28T11:42:19+00:00\",\"breadcrumb\":{\"@id\":\"https:\\\/\\\/aktuelles.uni-frankfurt.de\\\/gesellschaft\\\/cornelia-goethe-centrum-erklaert-sich-solidarisch-mit-langjaehriger-kooperationspartnerin\\\/#breadcrumb\"},\"inLanguage\":\"en-GB\",\"potentialAction\":[{\"@type\":\"ReadAction\",\"target\":[\"https:\\\/\\\/aktuelles.uni-frankfurt.de\\\/gesellschaft\\\/cornelia-goethe-centrum-erklaert-sich-solidarisch-mit-langjaehriger-kooperationspartnerin\\\/\"]}]},{\"@type\":\"ImageObject\",\"inLanguage\":\"en-GB\",\"@id\":\"https:\\\/\\\/aktuelles.uni-frankfurt.de\\\/gesellschaft\\\/cornelia-goethe-centrum-erklaert-sich-solidarisch-mit-langjaehriger-kooperationspartnerin\\\/#primaryimage\",\"url\":\"https:\\\/\\\/aktuelles.uni-frankfurt.de\\\/wp-content\\\/uploads\\\/2019\\\/05\\\/beitrag_cgc_solidarisch.jpg\",\"contentUrl\":\"https:\\\/\\\/aktuelles.uni-frankfurt.de\\\/wp-content\\\/uploads\\\/2019\\\/05\\\/beitrag_cgc_solidarisch.jpg\",\"width\":650,\"height\":450,\"caption\":\"Ayse-G\u00fcl Altinay tr\u00e4gt zum Thema Doing Feminism and Gender Studies in Dark Times vor. \u00a9 CGC, Cigdem Toprak\"},{\"@type\":\"BreadcrumbList\",\"@id\":\"https:\\\/\\\/aktuelles.uni-frankfurt.de\\\/gesellschaft\\\/cornelia-goethe-centrum-erklaert-sich-solidarisch-mit-langjaehriger-kooperationspartnerin\\\/#breadcrumb\",\"itemListElement\":[{\"@type\":\"ListItem\",\"position\":1,\"name\":\"Startseite\",\"item\":\"https:\\\/\\\/aktuelles.uni-frankfurt.de\\\/\"},{\"@type\":\"ListItem\",\"position\":2,\"name\":\"Cornelia Goethe Centrum erkl\u00e4rt sich solidarisch mit langj\u00e4hriger Kooperationspartnerin\"}]},{\"@type\":\"WebSite\",\"@id\":\"https:\\\/\\\/aktuelles.uni-frankfurt.de\\\/#website\",\"url\":\"https:\\\/\\\/aktuelles.uni-frankfurt.de\\\/\",\"name\":\"Aktuelles aus der Goethe-Universit\u00e4t Frankfurt\",\"description\":\"Aktuelles aus der Goethe-Universit\u00e4t | Neues aus Forschung, Lehre, Studium\",\"publisher\":{\"@id\":\"https:\\\/\\\/aktuelles.uni-frankfurt.de\\\/#organization\"},\"potentialAction\":[{\"@type\":\"SearchAction\",\"target\":{\"@type\":\"EntryPoint\",\"urlTemplate\":\"https:\\\/\\\/aktuelles.uni-frankfurt.de\\\/?s={search_term_string}\"},\"query-input\":{\"@type\":\"PropertyValueSpecification\",\"valueRequired\":true,\"valueName\":\"search_term_string\"}}],\"inLanguage\":\"en-GB\"},{\"@type\":\"Organization\",\"@id\":\"https:\\\/\\\/aktuelles.uni-frankfurt.de\\\/#organization\",\"name\":\"Goethe-Universit\u00e4t\",\"url\":\"https:\\\/\\\/aktuelles.uni-frankfurt.de\\\/\",\"logo\":{\"@type\":\"ImageObject\",\"inLanguage\":\"en-GB\",\"@id\":\"https:\\\/\\\/aktuelles.uni-frankfurt.de\\\/#\\\/schema\\\/logo\\\/image\\\/\",\"url\":\"https:\\\/\\\/aktuelles.uni-frankfurt.de\\\/wp-content\\\/uploads\\\/2022\\\/03\\\/800px-Goethe-Logo.png\",\"contentUrl\":\"https:\\\/\\\/aktuelles.uni-frankfurt.de\\\/wp-content\\\/uploads\\\/2022\\\/03\\\/800px-Goethe-Logo.png\",\"width\":800,\"height\":436,\"caption\":\"Goethe-Universit\u00e4t\"},\"image\":{\"@id\":\"https:\\\/\\\/aktuelles.uni-frankfurt.de\\\/#\\\/schema\\\/logo\\\/image\\\/\"}},{\"@type\":\"Person\",\"@id\":\"https:\\\/\\\/aktuelles.uni-frankfurt.de\\\/#\\\/schema\\\/person\\\/8e55ea338fb65d1ce87a91565d1f1739\",\"name\":\"-\",\"description\":\"Dieser Beitrag wurde von der Online-Redaktion ver\u00f6ffentlicht. Wenn der Beitrag von einem Gastautoren verfasst wurde, findet sich dieser Hinweis am Ende des jeweiligen Artikels.\",\"sameAs\":[\"http:\\\/\\\/aktuelles.uni-frankfurt.de\\\/autoren\"],\"url\":\"https:\\\/\\\/aktuelles.uni-frankfurt.de\\\/en\\\/author\\\/redaktion\\\/\"}]}<\/script>\n<!-- \/ Yoast SEO plugin. -->","yoast_head_json":{"title":"Cornelia Goethe Centrum erkl\u00e4rt sich solidarisch mit langj\u00e4hriger Kooperationspartnerin | Aktuelles aus der Goethe-Universit\u00e4t Frankfurt","robots":{"index":"index","follow":"follow","max-snippet":"max-snippet:-1","max-image-preview":"max-image-preview:large","max-video-preview":"max-video-preview:-1"},"canonical":"https:\/\/aktuelles.uni-frankfurt.de\/en\/gesellschaft\/cornelia-goethe-centrum-erklaert-sich-solidarisch-mit-langjaehriger-kooperationspartnerin\/","og_locale":"en_GB","og_type":"article","og_title":"Cornelia Goethe Centrum erkl\u00e4rt sich solidarisch mit langj\u00e4hriger Kooperationspartnerin | Aktuelles aus der Goethe-Universit\u00e4t Frankfurt","og_description":"Am 23. Mai wurde die Kulturanthropologin und Direktorin des Gender and Women\u2019s Studies Centres der Sabanci-Universit\u00e4t Istanbul, Ay\u015fe G\u00fcl Alt\u0131nay, in der T\u00fcrkei zu 25 Monaten Haft verurteilt. Das Cornelia [&hellip;]","og_url":"https:\/\/aktuelles.uni-frankfurt.de\/en\/gesellschaft\/cornelia-goethe-centrum-erklaert-sich-solidarisch-mit-langjaehriger-kooperationspartnerin\/","og_site_name":"Aktuelles aus der Goethe-Universit\u00e4t Frankfurt","article_published_time":"2019-05-28T11:42:17+00:00","article_modified_time":"2019-05-28T11:42:19+00:00","og_image":[{"width":650,"height":450,"url":"https:\/\/aktuelles.uni-frankfurt.de\/wp-content\/uploads\/2019\/05\/beitrag_cgc_solidarisch.jpg","type":"image\/jpeg"}],"author":"-","twitter_card":"summary_large_image","twitter_misc":{"Written by":"-","Estimated reading time":"2 minutes"},"schema":{"@context":"https:\/\/schema.org","@graph":[{"@type":"Article","@id":"https:\/\/aktuelles.uni-frankfurt.de\/gesellschaft\/cornelia-goethe-centrum-erklaert-sich-solidarisch-mit-langjaehriger-kooperationspartnerin\/#article","isPartOf":{"@id":"https:\/\/aktuelles.uni-frankfurt.de\/gesellschaft\/cornelia-goethe-centrum-erklaert-sich-solidarisch-mit-langjaehriger-kooperationspartnerin\/"},"author":{"name":"-","@id":"https:\/\/aktuelles.uni-frankfurt.de\/#\/schema\/person\/8e55ea338fb65d1ce87a91565d1f1739"},"headline":"Cornelia Goethe Centrum erkl\u00e4rt sich solidarisch mit langj\u00e4hriger Kooperationspartnerin","datePublished":"2019-05-28T11:42:17+00:00","dateModified":"2019-05-28T11:42:19+00:00","mainEntityOfPage":{"@id":"https:\/\/aktuelles.uni-frankfurt.de\/gesellschaft\/cornelia-goethe-centrum-erklaert-sich-solidarisch-mit-langjaehriger-kooperationspartnerin\/"},"wordCount":405,"publisher":{"@id":"https:\/\/aktuelles.uni-frankfurt.de\/#organization"},"image":{"@id":"https:\/\/aktuelles.uni-frankfurt.de\/gesellschaft\/cornelia-goethe-centrum-erklaert-sich-solidarisch-mit-langjaehriger-kooperationspartnerin\/#primaryimage"},"thumbnailUrl":"https:\/\/aktuelles.uni-frankfurt.de\/wp-content\/uploads\/2019\/05\/beitrag_cgc_solidarisch.jpg","articleSection":["Gesellschaft"],"inLanguage":"en-GB"},{"@type":"WebPage","@id":"https:\/\/aktuelles.uni-frankfurt.de\/gesellschaft\/cornelia-goethe-centrum-erklaert-sich-solidarisch-mit-langjaehriger-kooperationspartnerin\/","url":"https:\/\/aktuelles.uni-frankfurt.de\/gesellschaft\/cornelia-goethe-centrum-erklaert-sich-solidarisch-mit-langjaehriger-kooperationspartnerin\/","name":"Cornelia Goethe Centrum erkl\u00e4rt sich solidarisch mit langj\u00e4hriger Kooperationspartnerin | Aktuelles aus der Goethe-Universit\u00e4t Frankfurt","isPartOf":{"@id":"https:\/\/aktuelles.uni-frankfurt.de\/#website"},"primaryImageOfPage":{"@id":"https:\/\/aktuelles.uni-frankfurt.de\/gesellschaft\/cornelia-goethe-centrum-erklaert-sich-solidarisch-mit-langjaehriger-kooperationspartnerin\/#primaryimage"},"image":{"@id":"https:\/\/aktuelles.uni-frankfurt.de\/gesellschaft\/cornelia-goethe-centrum-erklaert-sich-solidarisch-mit-langjaehriger-kooperationspartnerin\/#primaryimage"},"thumbnailUrl":"https:\/\/aktuelles.uni-frankfurt.de\/wp-content\/uploads\/2019\/05\/beitrag_cgc_solidarisch.jpg","datePublished":"2019-05-28T11:42:17+00:00","dateModified":"2019-05-28T11:42:19+00:00","breadcrumb":{"@id":"https:\/\/aktuelles.uni-frankfurt.de\/gesellschaft\/cornelia-goethe-centrum-erklaert-sich-solidarisch-mit-langjaehriger-kooperationspartnerin\/#breadcrumb"},"inLanguage":"en-GB","potentialAction":[{"@type":"ReadAction","target":["https:\/\/aktuelles.uni-frankfurt.de\/gesellschaft\/cornelia-goethe-centrum-erklaert-sich-solidarisch-mit-langjaehriger-kooperationspartnerin\/"]}]},{"@type":"ImageObject","inLanguage":"en-GB","@id":"https:\/\/aktuelles.uni-frankfurt.de\/gesellschaft\/cornelia-goethe-centrum-erklaert-sich-solidarisch-mit-langjaehriger-kooperationspartnerin\/#primaryimage","url":"https:\/\/aktuelles.uni-frankfurt.de\/wp-content\/uploads\/2019\/05\/beitrag_cgc_solidarisch.jpg","contentUrl":"https:\/\/aktuelles.uni-frankfurt.de\/wp-content\/uploads\/2019\/05\/beitrag_cgc_solidarisch.jpg","width":650,"height":450,"caption":"Ayse-G\u00fcl Altinay tr\u00e4gt zum Thema Doing Feminism and Gender Studies in Dark Times vor. \u00a9 CGC, Cigdem Toprak"},{"@type":"BreadcrumbList","@id":"https:\/\/aktuelles.uni-frankfurt.de\/gesellschaft\/cornelia-goethe-centrum-erklaert-sich-solidarisch-mit-langjaehriger-kooperationspartnerin\/#breadcrumb","itemListElement":[{"@type":"ListItem","position":1,"name":"Startseite","item":"https:\/\/aktuelles.uni-frankfurt.de\/"},{"@type":"ListItem","position":2,"name":"Cornelia Goethe Centrum erkl\u00e4rt sich solidarisch mit langj\u00e4hriger Kooperationspartnerin"}]},{"@type":"WebSite","@id":"https:\/\/aktuelles.uni-frankfurt.de\/#website","url":"https:\/\/aktuelles.uni-frankfurt.de\/","name":"Aktuelles aus der Goethe-Universit\u00e4t Frankfurt","description":"Aktuelles aus der Goethe-Universit\u00e4t | Neues aus Forschung, Lehre, Studium","publisher":{"@id":"https:\/\/aktuelles.uni-frankfurt.de\/#organization"},"potentialAction":[{"@type":"SearchAction","target":{"@type":"EntryPoint","urlTemplate":"https:\/\/aktuelles.uni-frankfurt.de\/?s={search_term_string}"},"query-input":{"@type":"PropertyValueSpecification","valueRequired":true,"valueName":"search_term_string"}}],"inLanguage":"en-GB"},{"@type":"Organization","@id":"https:\/\/aktuelles.uni-frankfurt.de\/#organization","name":"Goethe University Frankfurt","url":"https:\/\/aktuelles.uni-frankfurt.de\/","logo":{"@type":"ImageObject","inLanguage":"en-GB","@id":"https:\/\/aktuelles.uni-frankfurt.de\/#\/schema\/logo\/image\/","url":"https:\/\/aktuelles.uni-frankfurt.de\/wp-content\/uploads\/2022\/03\/800px-Goethe-Logo.png","contentUrl":"https:\/\/aktuelles.uni-frankfurt.de\/wp-content\/uploads\/2022\/03\/800px-Goethe-Logo.png","width":800,"height":436,"caption":"Goethe-Universit\u00e4t"},"image":{"@id":"https:\/\/aktuelles.uni-frankfurt.de\/#\/schema\/logo\/image\/"}},{"@type":"Person","@id":"https:\/\/aktuelles.uni-frankfurt.de\/#\/schema\/person\/8e55ea338fb65d1ce87a91565d1f1739","name":"-","description":"Dieser Beitrag wurde von der Online-Redaktion ver\u00f6ffentlicht. Wenn der Beitrag von einem Gastautoren verfasst wurde, findet sich dieser Hinweis am Ende des jeweiligen Artikels.","sameAs":["http:\/\/aktuelles.uni-frankfurt.de\/autoren"],"url":"https:\/\/aktuelles.uni-frankfurt.de\/en\/author\/redaktion\/"}]}},"_links":{"self":[{"href":"https:\/\/aktuelles.uni-frankfurt.de\/en\/wp-json\/wp\/v2\/posts\/37660","targetHints":{"allow":["GET"]}}],"collection":[{"href":"https:\/\/aktuelles.uni-frankfurt.de\/en\/wp-json\/wp\/v2\/posts"}],"about":[{"href":"https:\/\/aktuelles.uni-frankfurt.de\/en\/wp-json\/wp\/v2\/types\/post"}],"author":[{"embeddable":true,"href":"https:\/\/aktuelles.uni-frankfurt.de\/en\/wp-json\/wp\/v2\/users\/8"}],"replies":[{"embeddable":true,"href":"https:\/\/aktuelles.uni-frankfurt.de\/en\/wp-json\/wp\/v2\/comments?post=37660"}],"version-history":[{"count":0,"href":"https:\/\/aktuelles.uni-frankfurt.de\/en\/wp-json\/wp\/v2\/posts\/37660\/revisions"}],"wp:featuredmedia":[{"embeddable":true,"href":"https:\/\/aktuelles.uni-frankfurt.de\/en\/wp-json\/wp\/v2\/media\/37661"}],"wp:attachment":[{"href":"https:\/\/aktuelles.uni-frankfurt.de\/en\/wp-json\/wp\/v2\/media?parent=37660"}],"wp:term":[{"taxonomy":"category","embeddable":true,"href":"https:\/\/aktuelles.uni-frankfurt.de\/en\/wp-json\/wp\/v2\/categories?post=37660"},{"taxonomy":"post_tag","embeddable":true,"href":"https:\/\/aktuelles.uni-frankfurt.de\/en\/wp-json\/wp\/v2\/tags?post=37660"},{"taxonomy":"post_folder","embeddable":true,"href":"https:\/\/aktuelles.uni-frankfurt.de\/en\/wp-json\/wp\/v2\/post_folder?post=37660"}],"curies":[{"name":"wp","href":"https:\/\/api.w.org\/{rel}","templated":true}]}}