{"id":38376,"date":"2019-07-11T11:18:31","date_gmt":"2019-07-11T09:18:31","guid":{"rendered":"https:\/\/aktuelles.uni-frankfurt.de\/?p=38376"},"modified":"2020-06-23T15:19:40","modified_gmt":"2020-06-23T13:19:40","slug":"europaeische-ethnologie-studierende-koennen-kuenftig-lehrveranstaltungen-in-frankfurt-und-marburg-belegen","status":"publish","type":"post","link":"https:\/\/aktuelles.uni-frankfurt.de\/en\/aktuelles\/europaeische-ethnologie-studierende-koennen-kuenftig-lehrveranstaltungen-in-frankfurt-und-marburg-belegen\/","title":{"rendered":"Europ\u00e4ische Ethnologie: Studierende k\u00f6nnen k\u00fcnftig Lehrveranstaltungen in Frankfurt und Marburg belegen"},"content":{"rendered":"<p>Das Institut f\u00fcr Europ\u00e4ische Ethnologie\/Kulturwissenschaft der Philipps-Universit\u00e4t in Marburg und das Institut f\u00fcr Kulturanthropologie und Europ\u00e4ische Ethnologie der Goethe Universit\u00e4t in Frankfurt am Main starten im Wintersemester 2019\/20 erstmals einen universit\u00e4ts\u00fcbergreifenden Austausch von Modulen. Studierende aus Marburg k\u00f6nnen Lehrveranstaltungen aus Frankfurt belegen und umgekehrt. Der jetzt m\u00f6gliche Austausch zwischen den Bachelorstudieng\u00e4ngen ist nicht nur durch einen Kooperationsvertrag zwischen beiden Universit\u00e4ten abgesichert, sondern die Module des jeweils anderen Standortes sind auch Bestandteil der Pr\u00fcfungsordnungen. <\/p>\n\n\n\n<p>Diese im Fach Europ\u00e4ische Ethnologie, das auch unter den Namen Volkskunde, Empirische Kulturwissenschaft und Kulturanthropologie firmiert, einzigartige Innovation wurde durch die Initiative beider Institute an ihren Universit\u00e4ten umgesetzt und soll das Studium in den Bachelorstudieng\u00e4ngen an beiden Standorten noch attraktiver machen. Das Angebotsspektrum f\u00fcr die Studierenden wird dadurch erweitert.  <\/p>\n\n\n\n<p>Beide Institute haben wichtige Lehr- und Forschungsschwerpunkte insbesondere zu den Effekten der europ\u00e4ischen Integration, zu Migration und Mobilit\u00e4t und in der Medienforschung. Das Marburger Institut zeichnet sich durch Schwerpunkte &#8211; sowohl gegenwartsbezogen wie kulturhistorisch &#8211; in den Themen Alltagskultur, Identit\u00e4tsbildung, visuelle und materielle Kultur aus. Die besonderen Kompetenzen des Frankfurter Instituts liegen in den Themen Globalisierung, Urbanisierung, Wissenskulturen und Digitalisierung.  <\/p>\n\n\n\n<p>Auch der wissenschaftliche Dachverband &#8222;Deutsche Gesellschaft f\u00fcr Volkskundebegr\u00fc\u00dft diese Kooperation, weil \u00fcber den Austausch von Lehrinhalten hinaus auch positive Effekte in Hinblick auf die F\u00f6rderung und Betreuung von wissenschaftlichem Nachwuchs entstehen und die Zusammenarbeit in Forschungsfragen gest\u00e4rkt werden wird. Durch die Kooperation sollen die Kompetenzprofile beider Institute, die sich in ihrer Unterschiedlichkeit gut erg\u00e4nzen, optimal genutzt und die gemeinsamen Schwerpunkte vertieft und ausgebaut werden. <\/p>\n\n\n\n<p>In einem im Juni 2019 von beiden Pr\u00e4sidien unterzeichneten Kooperationsvertrag ist festgelegt, welche Pr\u00fcfungsleistungen Studierenden an der Partneruniversit\u00e4t erwerben und in den Studiengang der Herkunftsuniversit\u00e4t anrechnen lassen k\u00f6nnen. Intensive Absprachen zwischen beiden Universit\u00e4ten auf allen Ebenen, von den Referaten zur Studiengangentwicklung, Rechtsabteilungen und Pr\u00fcfungs\u00e4mtern bis hin zu den Pr\u00e4sidien, haben diesen Kooperationsvertrag erm\u00f6glicht, der auf gegenseitige Wissensakkumulation setzt. Perspektivisch sind auch Forschungskooperationen angedacht, die der Lehre weitere Impulse liefern werden. <\/p>\n\n\n\n<p><strong><em>Quelle: Pressemitteilung vom 9. Juli 2019<\/em><\/strong><\/p>","protected":false},"excerpt":{"rendered":"<p>Das Institut f\u00fcr Europ\u00e4ische Ethnologie\/Kulturwissenschaft der Philipps-Universit\u00e4t in Marburg und das Institut f\u00fcr Kulturanthropologie und Europ\u00e4ische Ethnologie der Goethe Universit\u00e4t in Frankfurt am Main starten im Wintersemester 2019\/20 erstmals einen [&hellip;]<\/p>\n","protected":false},"author":8,"featured_media":0,"comment_status":"closed","ping_status":"closed","sticky":false,"template":"","format":"standard","meta":{"_eb_attr":"","_price":"","_stock":"","_tribe_ticket_header":"","_tribe_default_ticket_provider":"","_ticket_start_date":"","_ticket_end_date":"","_tribe_ticket_show_description":"","_tribe_ticket_show_not_going":false,"_tribe_ticket_use_global_stock":"","_tribe_ticket_global_stock_level":"","_global_stock_mode":"","_global_stock_cap":"","_tribe_rsvp_for_event":"","_tribe_ticket_going_count":"","_tribe_ticket_not_going_count":"","_tribe_tickets_list":"[]","_tribe_ticket_has_attendee_info_fields":false,"footnotes":""},"categories":[39],"tags":[44],"post_folder":[],"class_list":["post-38376","post","type-post","status-publish","format-standard","hentry","category-aktuelles","tag-sprach-und-kulturwissenschaften"],"yoast_head":"<!-- This site is optimized with the Yoast SEO plugin v27.5 - https:\/\/yoast.com\/product\/yoast-seo-wordpress\/ -->\n<title>Europ\u00e4ische Ethnologie: Studierende k\u00f6nnen k\u00fcnftig Lehrveranstaltungen in Frankfurt und Marburg belegen | Aktuelles aus der Goethe-Universit\u00e4t Frankfurt<\/title>\n<meta name=\"robots\" content=\"index, follow, max-snippet:-1, max-image-preview:large, max-video-preview:-1\" \/>\n<link rel=\"canonical\" href=\"https:\/\/aktuelles.uni-frankfurt.de\/en\/aktuelles\/europaeische-ethnologie-studierende-koennen-kuenftig-lehrveranstaltungen-in-frankfurt-und-marburg-belegen\/\" \/>\n<meta property=\"og:locale\" content=\"en_GB\" \/>\n<meta property=\"og:type\" content=\"article\" \/>\n<meta property=\"og:title\" content=\"Europ\u00e4ische Ethnologie: Studierende k\u00f6nnen k\u00fcnftig Lehrveranstaltungen in Frankfurt und Marburg belegen | Aktuelles aus der Goethe-Universit\u00e4t Frankfurt\" \/>\n<meta property=\"og:description\" content=\"Das Institut f\u00fcr Europ\u00e4ische Ethnologie\/Kulturwissenschaft der Philipps-Universit\u00e4t in Marburg und das Institut f\u00fcr Kulturanthropologie und Europ\u00e4ische Ethnologie der Goethe Universit\u00e4t in Frankfurt am Main starten im Wintersemester 2019\/20 erstmals einen [&hellip;]\" \/>\n<meta property=\"og:url\" content=\"https:\/\/aktuelles.uni-frankfurt.de\/en\/aktuelles\/europaeische-ethnologie-studierende-koennen-kuenftig-lehrveranstaltungen-in-frankfurt-und-marburg-belegen\/\" \/>\n<meta property=\"og:site_name\" content=\"Aktuelles aus der Goethe-Universit\u00e4t Frankfurt\" \/>\n<meta property=\"article:published_time\" content=\"2019-07-11T09:18:31+00:00\" \/>\n<meta property=\"article:modified_time\" content=\"2020-06-23T13:19:40+00:00\" \/>\n<meta name=\"author\" content=\"-\" \/>\n<meta name=\"twitter:card\" content=\"summary_large_image\" \/>\n<meta name=\"twitter:label1\" content=\"Written by\" \/>\n\t<meta name=\"twitter:data1\" content=\"-\" \/>\n\t<meta name=\"twitter:label2\" content=\"Estimated reading time\" \/>\n\t<meta name=\"twitter:data2\" content=\"2 minutes\" \/>\n<script type=\"application\/ld+json\" class=\"yoast-schema-graph\">{\"@context\":\"https:\\\/\\\/schema.org\",\"@graph\":[{\"@type\":\"Article\",\"@id\":\"https:\\\/\\\/aktuelles.uni-frankfurt.de\\\/aktuelles\\\/europaeische-ethnologie-studierende-koennen-kuenftig-lehrveranstaltungen-in-frankfurt-und-marburg-belegen\\\/#article\",\"isPartOf\":{\"@id\":\"https:\\\/\\\/aktuelles.uni-frankfurt.de\\\/aktuelles\\\/europaeische-ethnologie-studierende-koennen-kuenftig-lehrveranstaltungen-in-frankfurt-und-marburg-belegen\\\/\"},\"author\":{\"name\":\"-\",\"@id\":\"https:\\\/\\\/aktuelles.uni-frankfurt.de\\\/#\\\/schema\\\/person\\\/8e55ea338fb65d1ce87a91565d1f1739\"},\"headline\":\"Europ\u00e4ische Ethnologie: Studierende k\u00f6nnen k\u00fcnftig Lehrveranstaltungen in Frankfurt und Marburg belegen\",\"datePublished\":\"2019-07-11T09:18:31+00:00\",\"dateModified\":\"2020-06-23T13:19:40+00:00\",\"mainEntityOfPage\":{\"@id\":\"https:\\\/\\\/aktuelles.uni-frankfurt.de\\\/aktuelles\\\/europaeische-ethnologie-studierende-koennen-kuenftig-lehrveranstaltungen-in-frankfurt-und-marburg-belegen\\\/\"},\"wordCount\":368,\"publisher\":{\"@id\":\"https:\\\/\\\/aktuelles.uni-frankfurt.de\\\/#organization\"},\"keywords\":[\"Sprach- und Kulturwissenschaften\"],\"articleSection\":[\"Kurz gemeldet\"],\"inLanguage\":\"en-GB\"},{\"@type\":\"WebPage\",\"@id\":\"https:\\\/\\\/aktuelles.uni-frankfurt.de\\\/aktuelles\\\/europaeische-ethnologie-studierende-koennen-kuenftig-lehrveranstaltungen-in-frankfurt-und-marburg-belegen\\\/\",\"url\":\"https:\\\/\\\/aktuelles.uni-frankfurt.de\\\/aktuelles\\\/europaeische-ethnologie-studierende-koennen-kuenftig-lehrveranstaltungen-in-frankfurt-und-marburg-belegen\\\/\",\"name\":\"Europ\u00e4ische Ethnologie: Studierende k\u00f6nnen k\u00fcnftig Lehrveranstaltungen in Frankfurt und Marburg belegen | Aktuelles aus der Goethe-Universit\u00e4t Frankfurt\",\"isPartOf\":{\"@id\":\"https:\\\/\\\/aktuelles.uni-frankfurt.de\\\/#website\"},\"datePublished\":\"2019-07-11T09:18:31+00:00\",\"dateModified\":\"2020-06-23T13:19:40+00:00\",\"breadcrumb\":{\"@id\":\"https:\\\/\\\/aktuelles.uni-frankfurt.de\\\/aktuelles\\\/europaeische-ethnologie-studierende-koennen-kuenftig-lehrveranstaltungen-in-frankfurt-und-marburg-belegen\\\/#breadcrumb\"},\"inLanguage\":\"en-GB\",\"potentialAction\":[{\"@type\":\"ReadAction\",\"target\":[\"https:\\\/\\\/aktuelles.uni-frankfurt.de\\\/aktuelles\\\/europaeische-ethnologie-studierende-koennen-kuenftig-lehrveranstaltungen-in-frankfurt-und-marburg-belegen\\\/\"]}]},{\"@type\":\"BreadcrumbList\",\"@id\":\"https:\\\/\\\/aktuelles.uni-frankfurt.de\\\/aktuelles\\\/europaeische-ethnologie-studierende-koennen-kuenftig-lehrveranstaltungen-in-frankfurt-und-marburg-belegen\\\/#breadcrumb\",\"itemListElement\":[{\"@type\":\"ListItem\",\"position\":1,\"name\":\"Startseite\",\"item\":\"https:\\\/\\\/aktuelles.uni-frankfurt.de\\\/\"},{\"@type\":\"ListItem\",\"position\":2,\"name\":\"Europ\u00e4ische Ethnologie: Studierende k\u00f6nnen k\u00fcnftig Lehrveranstaltungen in Frankfurt und Marburg belegen\"}]},{\"@type\":\"WebSite\",\"@id\":\"https:\\\/\\\/aktuelles.uni-frankfurt.de\\\/#website\",\"url\":\"https:\\\/\\\/aktuelles.uni-frankfurt.de\\\/\",\"name\":\"Aktuelles aus der Goethe-Universit\u00e4t Frankfurt\",\"description\":\"Aktuelles aus der Goethe-Universit\u00e4t | Neues aus Forschung, Lehre, Studium\",\"publisher\":{\"@id\":\"https:\\\/\\\/aktuelles.uni-frankfurt.de\\\/#organization\"},\"potentialAction\":[{\"@type\":\"SearchAction\",\"target\":{\"@type\":\"EntryPoint\",\"urlTemplate\":\"https:\\\/\\\/aktuelles.uni-frankfurt.de\\\/?s={search_term_string}\"},\"query-input\":{\"@type\":\"PropertyValueSpecification\",\"valueRequired\":true,\"valueName\":\"search_term_string\"}}],\"inLanguage\":\"en-GB\"},{\"@type\":\"Organization\",\"@id\":\"https:\\\/\\\/aktuelles.uni-frankfurt.de\\\/#organization\",\"name\":\"Goethe-Universit\u00e4t\",\"url\":\"https:\\\/\\\/aktuelles.uni-frankfurt.de\\\/\",\"logo\":{\"@type\":\"ImageObject\",\"inLanguage\":\"en-GB\",\"@id\":\"https:\\\/\\\/aktuelles.uni-frankfurt.de\\\/#\\\/schema\\\/logo\\\/image\\\/\",\"url\":\"https:\\\/\\\/aktuelles.uni-frankfurt.de\\\/wp-content\\\/uploads\\\/2022\\\/03\\\/800px-Goethe-Logo.png\",\"contentUrl\":\"https:\\\/\\\/aktuelles.uni-frankfurt.de\\\/wp-content\\\/uploads\\\/2022\\\/03\\\/800px-Goethe-Logo.png\",\"width\":800,\"height\":436,\"caption\":\"Goethe-Universit\u00e4t\"},\"image\":{\"@id\":\"https:\\\/\\\/aktuelles.uni-frankfurt.de\\\/#\\\/schema\\\/logo\\\/image\\\/\"}},{\"@type\":\"Person\",\"@id\":\"https:\\\/\\\/aktuelles.uni-frankfurt.de\\\/#\\\/schema\\\/person\\\/8e55ea338fb65d1ce87a91565d1f1739\",\"name\":\"-\",\"description\":\"Dieser Beitrag wurde von der Online-Redaktion ver\u00f6ffentlicht. Wenn der Beitrag von einem Gastautoren verfasst wurde, findet sich dieser Hinweis am Ende des jeweiligen Artikels.\",\"sameAs\":[\"http:\\\/\\\/aktuelles.uni-frankfurt.de\\\/autoren\"],\"url\":\"https:\\\/\\\/aktuelles.uni-frankfurt.de\\\/en\\\/author\\\/redaktion\\\/\"}]}<\/script>\n<!-- \/ Yoast SEO plugin. -->","yoast_head_json":{"title":"Europ\u00e4ische Ethnologie: Studierende k\u00f6nnen k\u00fcnftig Lehrveranstaltungen in Frankfurt und Marburg belegen | Aktuelles aus der Goethe-Universit\u00e4t Frankfurt","robots":{"index":"index","follow":"follow","max-snippet":"max-snippet:-1","max-image-preview":"max-image-preview:large","max-video-preview":"max-video-preview:-1"},"canonical":"https:\/\/aktuelles.uni-frankfurt.de\/en\/aktuelles\/europaeische-ethnologie-studierende-koennen-kuenftig-lehrveranstaltungen-in-frankfurt-und-marburg-belegen\/","og_locale":"en_GB","og_type":"article","og_title":"Europ\u00e4ische Ethnologie: Studierende k\u00f6nnen k\u00fcnftig Lehrveranstaltungen in Frankfurt und Marburg belegen | Aktuelles aus der Goethe-Universit\u00e4t Frankfurt","og_description":"Das Institut f\u00fcr Europ\u00e4ische Ethnologie\/Kulturwissenschaft der Philipps-Universit\u00e4t in Marburg und das Institut f\u00fcr Kulturanthropologie und Europ\u00e4ische Ethnologie der Goethe Universit\u00e4t in Frankfurt am Main starten im Wintersemester 2019\/20 erstmals einen [&hellip;]","og_url":"https:\/\/aktuelles.uni-frankfurt.de\/en\/aktuelles\/europaeische-ethnologie-studierende-koennen-kuenftig-lehrveranstaltungen-in-frankfurt-und-marburg-belegen\/","og_site_name":"Aktuelles aus der Goethe-Universit\u00e4t Frankfurt","article_published_time":"2019-07-11T09:18:31+00:00","article_modified_time":"2020-06-23T13:19:40+00:00","author":"-","twitter_card":"summary_large_image","twitter_misc":{"Written by":"-","Estimated reading time":"2 minutes"},"schema":{"@context":"https:\/\/schema.org","@graph":[{"@type":"Article","@id":"https:\/\/aktuelles.uni-frankfurt.de\/aktuelles\/europaeische-ethnologie-studierende-koennen-kuenftig-lehrveranstaltungen-in-frankfurt-und-marburg-belegen\/#article","isPartOf":{"@id":"https:\/\/aktuelles.uni-frankfurt.de\/aktuelles\/europaeische-ethnologie-studierende-koennen-kuenftig-lehrveranstaltungen-in-frankfurt-und-marburg-belegen\/"},"author":{"name":"-","@id":"https:\/\/aktuelles.uni-frankfurt.de\/#\/schema\/person\/8e55ea338fb65d1ce87a91565d1f1739"},"headline":"Europ\u00e4ische Ethnologie: Studierende k\u00f6nnen k\u00fcnftig Lehrveranstaltungen in Frankfurt und Marburg belegen","datePublished":"2019-07-11T09:18:31+00:00","dateModified":"2020-06-23T13:19:40+00:00","mainEntityOfPage":{"@id":"https:\/\/aktuelles.uni-frankfurt.de\/aktuelles\/europaeische-ethnologie-studierende-koennen-kuenftig-lehrveranstaltungen-in-frankfurt-und-marburg-belegen\/"},"wordCount":368,"publisher":{"@id":"https:\/\/aktuelles.uni-frankfurt.de\/#organization"},"keywords":["Sprach- und Kulturwissenschaften"],"articleSection":["Kurz gemeldet"],"inLanguage":"en-GB"},{"@type":"WebPage","@id":"https:\/\/aktuelles.uni-frankfurt.de\/aktuelles\/europaeische-ethnologie-studierende-koennen-kuenftig-lehrveranstaltungen-in-frankfurt-und-marburg-belegen\/","url":"https:\/\/aktuelles.uni-frankfurt.de\/aktuelles\/europaeische-ethnologie-studierende-koennen-kuenftig-lehrveranstaltungen-in-frankfurt-und-marburg-belegen\/","name":"Europ\u00e4ische Ethnologie: Studierende k\u00f6nnen k\u00fcnftig Lehrveranstaltungen in Frankfurt und Marburg belegen | Aktuelles aus der Goethe-Universit\u00e4t Frankfurt","isPartOf":{"@id":"https:\/\/aktuelles.uni-frankfurt.de\/#website"},"datePublished":"2019-07-11T09:18:31+00:00","dateModified":"2020-06-23T13:19:40+00:00","breadcrumb":{"@id":"https:\/\/aktuelles.uni-frankfurt.de\/aktuelles\/europaeische-ethnologie-studierende-koennen-kuenftig-lehrveranstaltungen-in-frankfurt-und-marburg-belegen\/#breadcrumb"},"inLanguage":"en-GB","potentialAction":[{"@type":"ReadAction","target":["https:\/\/aktuelles.uni-frankfurt.de\/aktuelles\/europaeische-ethnologie-studierende-koennen-kuenftig-lehrveranstaltungen-in-frankfurt-und-marburg-belegen\/"]}]},{"@type":"BreadcrumbList","@id":"https:\/\/aktuelles.uni-frankfurt.de\/aktuelles\/europaeische-ethnologie-studierende-koennen-kuenftig-lehrveranstaltungen-in-frankfurt-und-marburg-belegen\/#breadcrumb","itemListElement":[{"@type":"ListItem","position":1,"name":"Startseite","item":"https:\/\/aktuelles.uni-frankfurt.de\/"},{"@type":"ListItem","position":2,"name":"Europ\u00e4ische Ethnologie: Studierende k\u00f6nnen k\u00fcnftig Lehrveranstaltungen in Frankfurt und Marburg belegen"}]},{"@type":"WebSite","@id":"https:\/\/aktuelles.uni-frankfurt.de\/#website","url":"https:\/\/aktuelles.uni-frankfurt.de\/","name":"Aktuelles aus der Goethe-Universit\u00e4t Frankfurt","description":"Aktuelles aus der Goethe-Universit\u00e4t | Neues aus Forschung, Lehre, Studium","publisher":{"@id":"https:\/\/aktuelles.uni-frankfurt.de\/#organization"},"potentialAction":[{"@type":"SearchAction","target":{"@type":"EntryPoint","urlTemplate":"https:\/\/aktuelles.uni-frankfurt.de\/?s={search_term_string}"},"query-input":{"@type":"PropertyValueSpecification","valueRequired":true,"valueName":"search_term_string"}}],"inLanguage":"en-GB"},{"@type":"Organization","@id":"https:\/\/aktuelles.uni-frankfurt.de\/#organization","name":"Goethe University Frankfurt","url":"https:\/\/aktuelles.uni-frankfurt.de\/","logo":{"@type":"ImageObject","inLanguage":"en-GB","@id":"https:\/\/aktuelles.uni-frankfurt.de\/#\/schema\/logo\/image\/","url":"https:\/\/aktuelles.uni-frankfurt.de\/wp-content\/uploads\/2022\/03\/800px-Goethe-Logo.png","contentUrl":"https:\/\/aktuelles.uni-frankfurt.de\/wp-content\/uploads\/2022\/03\/800px-Goethe-Logo.png","width":800,"height":436,"caption":"Goethe-Universit\u00e4t"},"image":{"@id":"https:\/\/aktuelles.uni-frankfurt.de\/#\/schema\/logo\/image\/"}},{"@type":"Person","@id":"https:\/\/aktuelles.uni-frankfurt.de\/#\/schema\/person\/8e55ea338fb65d1ce87a91565d1f1739","name":"-","description":"Dieser Beitrag wurde von der Online-Redaktion ver\u00f6ffentlicht. Wenn der Beitrag von einem Gastautoren verfasst wurde, findet sich dieser Hinweis am Ende des jeweiligen Artikels.","sameAs":["http:\/\/aktuelles.uni-frankfurt.de\/autoren"],"url":"https:\/\/aktuelles.uni-frankfurt.de\/en\/author\/redaktion\/"}]}},"_links":{"self":[{"href":"https:\/\/aktuelles.uni-frankfurt.de\/en\/wp-json\/wp\/v2\/posts\/38376","targetHints":{"allow":["GET"]}}],"collection":[{"href":"https:\/\/aktuelles.uni-frankfurt.de\/en\/wp-json\/wp\/v2\/posts"}],"about":[{"href":"https:\/\/aktuelles.uni-frankfurt.de\/en\/wp-json\/wp\/v2\/types\/post"}],"author":[{"embeddable":true,"href":"https:\/\/aktuelles.uni-frankfurt.de\/en\/wp-json\/wp\/v2\/users\/8"}],"replies":[{"embeddable":true,"href":"https:\/\/aktuelles.uni-frankfurt.de\/en\/wp-json\/wp\/v2\/comments?post=38376"}],"version-history":[{"count":0,"href":"https:\/\/aktuelles.uni-frankfurt.de\/en\/wp-json\/wp\/v2\/posts\/38376\/revisions"}],"wp:attachment":[{"href":"https:\/\/aktuelles.uni-frankfurt.de\/en\/wp-json\/wp\/v2\/media?parent=38376"}],"wp:term":[{"taxonomy":"category","embeddable":true,"href":"https:\/\/aktuelles.uni-frankfurt.de\/en\/wp-json\/wp\/v2\/categories?post=38376"},{"taxonomy":"post_tag","embeddable":true,"href":"https:\/\/aktuelles.uni-frankfurt.de\/en\/wp-json\/wp\/v2\/tags?post=38376"},{"taxonomy":"post_folder","embeddable":true,"href":"https:\/\/aktuelles.uni-frankfurt.de\/en\/wp-json\/wp\/v2\/post_folder?post=38376"}],"curies":[{"name":"wp","href":"https:\/\/api.w.org\/{rel}","templated":true}]}}