{"id":39298,"date":"2019-09-26T14:00:17","date_gmt":"2019-09-26T12:00:17","guid":{"rendered":"https:\/\/aktuelles.uni-frankfurt.de\/?p=39298"},"modified":"2023-06-16T09:16:46","modified_gmt":"2023-06-16T07:16:46","slug":"ausbildung-was-machen-eigentlich-famis","status":"publish","type":"post","link":"https:\/\/aktuelles.uni-frankfurt.de\/en\/menschen\/ausbildung-was-machen-eigentlich-famis\/","title":{"rendered":"Ausbildung: Was machen eigentlich FaMIs?"},"content":{"rendered":"<div class=\"wp-block-image\">\r\n<figure class=\"aligncenter is-resized\">\r\n<figure id=\"attachment_39300\" aria-describedby=\"caption-attachment-39300\" style=\"width: 650px\" class=\"wp-caption alignnone\"><img fetchpriority=\"high\" decoding=\"async\" class=\"wp-image-39300\" src=\"https:\/\/aktuelles.uni-frankfurt.de\/wp-content\/uploads\/2019\/09\/blog_GS_FaMI.jpg\" alt=\"\" width=\"650\" height=\"450\" srcset=\"https:\/\/aktuelles.uni-frankfurt.de\/wp-content\/uploads\/2019\/09\/blog_GS_FaMI.jpg 650w, https:\/\/aktuelles.uni-frankfurt.de\/wp-content\/uploads\/2019\/09\/blog_GS_FaMI-300x208.jpg 300w\" sizes=\"(max-width: 650px) 100vw, 650px\" \/><figcaption id=\"caption-attachment-39300\" class=\"wp-caption-text\">Die FaMI-Auszubildende Ina Jatzko im Freihandbereich der Bibliothek Sozialwissenschaften und Psychologie<\/figcaption><\/figure>\r\n<\/figure>\r\n<\/div>\r\n<p><strong><em>Was machen eigentlich die Fachangestellten f\u00fcr Medien- und Informationsdienste?<\/em><\/strong><\/p>\n\n\n\n<p>Am 1. August haben f\u00fcnf junge Nachwuchskr\u00e4fte in der Universit\u00e4tsbibliothek Johann Christian Senckenberg (UB JCS) die Ausbildung zur\/zum Fachangestellten f\u00fcr Medien- und Informationsdienste begonnen. Viele Auszubildende w\u00e4hlen diesen Beruf zun\u00e4chst, weil sie gerne lesen, und merken dann, dass der Berufsalltag viel facettenreicher ist. Das Berufsbild des Bibliothekars, der einsam hinter einer Theke sitzt, den Nutzern B\u00fccher heraussucht und, sobald es ein wenig lauter zugeht, den Finger an den Mund legt und mit strengem Blick \u00bbPst\u00ab macht, ist l\u00e4ngst in die Jahre gekommen. So, wie die Bibliothek heute ein kommunikativer Ort mit Gruppenarbeitsr\u00e4umen, Digitalisierung und E-Books ist, hat sich auch die Ausbildung gewandelt.<\/p>\n\n\n\n<p>1998 l\u00f6ste der Ausbildungsberuf der Fachangestellten f\u00fcr Medien- und Informationsdienste (FaMI) den damaligen Assistenten an Bibliotheken ab. FaMIs sind in allen Bereichen der Bibliothek t\u00e4tig: Sie erwerben neue Medien und katalogisieren diese, arbeiten in der Digitalisierung und helfen Nutzern an der Information oder am Lesesaal weiter. Sie holen gew\u00fcnschte Medien aus den Magazinen und helfen Nutzern, in Datenbanken zu recherchieren oder Volltexte auf unterschiedlichen Endger\u00e4ten abzuspeichern. Die UB JCS bildet seit 2001 Fachangestellte f\u00fcr Medien- und Informationsdienste aus; insgesamt 60 Auszubildende schlossen seitdem ihre Pr\u00fcfungen ab. Zurzeit sind 14 Auszubildende in der Bibliothek besch\u00e4ftigt.<\/p>\n\n\n\n<h3 class=\"wp-block-heading\">Das sagen FaMI-Azubis \u00fcber ihren Beruf:<\/h3>\n\n\n\n<p>\u00bbIch hei\u00dfe Nadine Rottl\u00e4nder, bin 24 Jahre alt und mache meine Ausbildung zur FaMI in der Universit\u00e4tsbibliothek an der Goethe-Uni. FaMIs arbeiten in Bibliotheken, Archiven oder im IuD-Bereich. Ich bin also in dem Zusammenhang eine \u203akleine Bibliothekarin\u2039. Zurzeit bin ich im zweiten Ausbildungsjahr, komme aber bald ins dritte. Mein Arbeitsalltag findet in der Zentralbibliothek in Bockenheim statt. Morgens bin ich in der Fr\u00fchschicht, ab vormittags in der Hauptschicht in unterschiedlichen Abteilungen eingesetzt, die ich alle paar Wochen wechsle. Das hat den Vorteil, dass ich die vielen verschiedenen Arbeitsbereiche der Unibibliothek kennenlerne. Au\u00dferdem verstehe ich so den Zusammenhang der unz\u00e4hligen Arbeitsabl\u00e4ufe besser, denn gerade in einer gro\u00dfen Bibliothek mit vielen Abteilungen ist es nicht ganz leicht, den \u00dcberblick zu behalten. Zudem bleibt die Ausbildung dadurch sehr abwechslungsreich, weil ich mich immer wieder auf neue Abteilungen einstellen muss. Warum ich mich f\u00fcr diese Ausbildung entschieden habe? Das hat mehrere Gr\u00fcnde. Zum einen hat mein Interesse f\u00fcr Lesen und Literatur sowie meine Vorliebe f\u00fcr das Fach Deutsch die Entscheidung f\u00fcr den Beruf beeinflusst. Zudem habe ich schon vorher in einer Stadtbibliothek gearbeitet und festgestellt, dass mir die Arbeit in einer Bibliothek gef\u00e4llt. Allerdings war ich neugierig, auch mal in einer Unibibliothek zu arbeiten, weil die Arbeit hier doch ganz anders ist, wie zum Beispiel der Kontakt mit den die Nutzerinnen und Nutzern, der Bestandsaufbau, der Bestand selbst und das Katalogisieren. Ich w\u00fcrde den Beruf des FaMI jedem empfehlen, der eine gewisse Affinit\u00e4t zu B\u00fcchern, Medien, Literatur, Geschichte und\/oder Bibliotheken selbst hat. Je mehr B\u00fccherwurm in dir steckt, umso mehr Freude wirst du am FaMI-Beruf haben.\u00ab<\/p>\n\n\n\n<figure class=\"wp-block-image aligncenter is-resized\"><img decoding=\"async\" src=\"https:\/\/aktuelles.uni-frankfurt.de\/wp-content\/uploads\/2019\/09\/blog_GS_FaMI2.jpg\" alt=\"\" class=\"wp-image-39301\" width=\"650\" height=\"450\" srcset=\"https:\/\/aktuelles.uni-frankfurt.de\/wp-content\/uploads\/2019\/09\/blog_GS_FaMI2.jpg 650w, https:\/\/aktuelles.uni-frankfurt.de\/wp-content\/uploads\/2019\/09\/blog_GS_FaMI2-300x208.jpg 300w\" sizes=\"(max-width: 650px) 100vw, 650px\" \/><figcaption class=\"wp-element-caption\">Begeistert von ihrer Ausbildung: Nadine Rottl\u00e4nder in der Zeitschriftenablage<\/figcaption><\/figure>\n\n\n\n<p>\u00bbHallo, mein Name ist Ina Jatzko. Ich bin 17 Jahre alt und am Anfang des 2. Ausbildungsjahres als Fachangestellte f\u00fcr Medien- und Informationsdienste (FaMI). Durch ein Schulpraktikum in der Stadtbibliothek Hanau wurde ich auf den FaMI-Beruf aufmerksam. Daraufhin bewarb ich mich an der Universit\u00e4tsbibliothek und bekam gl\u00fccklicherweise die Zusage f\u00fcr diese Ausbildung. Das 1. Ausbildungsjahr habe ich in einer Bereichsbibliothek, der Bibliothek Sozialwissenschaften und Psychologie (BSP), verbracht. Mein T\u00e4tigkeitsbereich beinhaltete unter anderem die Erwerbung, Inventarisierung und Katalogisierung von Medien oder die Arbeit an der Ausleihtheke, an der man mit den Nutzerinnen und Nutzern in Kontakt kommt. Das Arbeitsklima in der Bibliothek ist sehr angenehm. Meine Kolleginnen und Kollegen sind sehr freundlich, offen, und meine Fragen zur Ausbildung wurden mir immer gut beantwortet. Letztendlich ist der Umfang der T\u00e4tigkeiten eines FaMI aber gr\u00f6\u00dfer und vielf\u00e4ltiger, als ich es mir urspr\u00fcnglich vorgestellt hatte. Deswegen finde ich diesen Beruf weiterhin sehr interessant. Ich empfehle den Beruf der\/des Fachangestellten f\u00fcr Medien- und Informationsdienste allen, die sich gerne mit der Medienerfassung und Systematik auseinandersetzen und gerne auch mit Nutzern in Kontakt kommen.\u00ab<\/p>\n\n\n\n<p><strong>Ausbildungsdauer:<\/strong> 3 Jahre <br><strong>Ben\u00f6tigter Schulabschluss:<\/strong> Realschulabschluss <br><strong>Fachrichtungen: <\/strong><br>\u2022 Archiv <br>\u2022 Bibliothek <br>\u2022 Bildagentur <br>\u2022 Information und Dokumentation <br>\u2022 Medizinische Dokumentation <br><strong>Duale Ausbildung:<\/strong> Die Berufsschule wird als Blockunterricht an der Stauffenbergschule in Frankfurt gegeben<\/p>\n\n\n\n<p class=\"has-text-align-right\"><em>Petra Schneider <\/em><\/p>\n\n\n\n<p class=\"has-very-light-gray-background-color has-background\"><strong>Ansprechpartnerinnen:<\/strong> Kerstin Henrich (Ausbildungsleitung Goethe-Universit\u00e4t) Petra Schneider (Ausbildungsbeauftragte der UB JCS)<\/p>\n\n\n\n<p><em><strong>Dieser Artikel ist in der Ausgabe 3-2019 des Mitarbeitermagazins GoetheSpektrum erschienen.<\/strong><\/em><\/p>","protected":false},"excerpt":{"rendered":"<p>Am 1. August haben f\u00fcnf junge Nachwuchskr\u00e4fte in der Universit\u00e4tsbibliothek Johann Christian Senckenberg (UB JCS) die Ausbildung zur\/zum Fachangestellten f\u00fcr Medien- und Informationsdienste begonnen. Viele Auszubildende w\u00e4hlen diesen Beruf zun\u00e4chst, [&hellip;]<\/p>\n","protected":false},"author":8,"featured_media":39300,"comment_status":"closed","ping_status":"closed","sticky":false,"template":"","format":"standard","meta":{"_eb_attr":"","_price":"","_stock":"","_tribe_ticket_header":"","_tribe_default_ticket_provider":"","_ticket_start_date":"","_ticket_end_date":"","_tribe_ticket_show_description":"","_tribe_ticket_show_not_going":false,"_tribe_ticket_use_global_stock":"","_tribe_ticket_global_stock_level":"","_global_stock_mode":"","_global_stock_cap":"","_tribe_rsvp_for_event":"","_tribe_ticket_going_count":"","_tribe_ticket_not_going_count":"","_tribe_tickets_list":"[]","_tribe_ticket_has_attendee_info_fields":false,"footnotes":""},"categories":[6],"tags":[304,20,145],"post_folder":[],"class_list":["post-39298","post","type-post","status-publish","format-standard","has-post-thumbnail","hentry","category-menschen","tag-berufliche-ausbildung","tag-goethespektrum","tag-universitaetsbibliothek"],"yoast_head":"<!-- This site is optimized with the Yoast SEO plugin v27.5 - https:\/\/yoast.com\/product\/yoast-seo-wordpress\/ -->\n<title>Ausbildung: Was machen eigentlich FaMIs? | Aktuelles aus der Goethe-Universit\u00e4t Frankfurt<\/title>\n<meta name=\"robots\" content=\"index, follow, max-snippet:-1, max-image-preview:large, max-video-preview:-1\" \/>\n<link rel=\"canonical\" href=\"https:\/\/aktuelles.uni-frankfurt.de\/en\/menschen\/ausbildung-was-machen-eigentlich-famis\/\" \/>\n<meta property=\"og:locale\" content=\"en_GB\" \/>\n<meta property=\"og:type\" content=\"article\" \/>\n<meta property=\"og:title\" content=\"Ausbildung: Was machen eigentlich FaMIs? | Aktuelles aus der Goethe-Universit\u00e4t Frankfurt\" \/>\n<meta property=\"og:description\" content=\"Am 1. August haben f\u00fcnf junge Nachwuchskr\u00e4fte in der Universit\u00e4tsbibliothek Johann Christian Senckenberg (UB JCS) die Ausbildung zur\/zum Fachangestellten f\u00fcr Medien- und Informationsdienste begonnen. Viele Auszubildende w\u00e4hlen diesen Beruf zun\u00e4chst, [&hellip;]\" \/>\n<meta property=\"og:url\" content=\"https:\/\/aktuelles.uni-frankfurt.de\/en\/menschen\/ausbildung-was-machen-eigentlich-famis\/\" \/>\n<meta property=\"og:site_name\" content=\"Aktuelles aus der Goethe-Universit\u00e4t Frankfurt\" \/>\n<meta property=\"article:published_time\" content=\"2019-09-26T12:00:17+00:00\" \/>\n<meta property=\"article:modified_time\" content=\"2023-06-16T07:16:46+00:00\" \/>\n<meta property=\"og:image\" content=\"https:\/\/aktuelles.uni-frankfurt.de\/wp-content\/uploads\/2019\/09\/blog_GS_FaMI.jpg\" \/>\n\t<meta property=\"og:image:width\" content=\"650\" \/>\n\t<meta property=\"og:image:height\" content=\"450\" \/>\n\t<meta property=\"og:image:type\" content=\"image\/jpeg\" \/>\n<meta name=\"author\" content=\"-\" \/>\n<meta name=\"twitter:card\" content=\"summary_large_image\" \/>\n<meta name=\"twitter:label1\" content=\"Written by\" \/>\n\t<meta name=\"twitter:data1\" content=\"-\" \/>\n\t<meta name=\"twitter:label2\" content=\"Estimated reading time\" \/>\n\t<meta name=\"twitter:data2\" content=\"4 minutes\" \/>\n<script type=\"application\/ld+json\" class=\"yoast-schema-graph\">{\"@context\":\"https:\\\/\\\/schema.org\",\"@graph\":[{\"@type\":\"Article\",\"@id\":\"https:\\\/\\\/aktuelles.uni-frankfurt.de\\\/menschen\\\/ausbildung-was-machen-eigentlich-famis\\\/#article\",\"isPartOf\":{\"@id\":\"https:\\\/\\\/aktuelles.uni-frankfurt.de\\\/menschen\\\/ausbildung-was-machen-eigentlich-famis\\\/\"},\"author\":{\"name\":\"-\",\"@id\":\"https:\\\/\\\/aktuelles.uni-frankfurt.de\\\/#\\\/schema\\\/person\\\/8e55ea338fb65d1ce87a91565d1f1739\"},\"headline\":\"Ausbildung: Was machen eigentlich FaMIs?\",\"datePublished\":\"2019-09-26T12:00:17+00:00\",\"dateModified\":\"2023-06-16T07:16:46+00:00\",\"mainEntityOfPage\":{\"@id\":\"https:\\\/\\\/aktuelles.uni-frankfurt.de\\\/menschen\\\/ausbildung-was-machen-eigentlich-famis\\\/\"},\"wordCount\":776,\"publisher\":{\"@id\":\"https:\\\/\\\/aktuelles.uni-frankfurt.de\\\/#organization\"},\"image\":{\"@id\":\"https:\\\/\\\/aktuelles.uni-frankfurt.de\\\/menschen\\\/ausbildung-was-machen-eigentlich-famis\\\/#primaryimage\"},\"thumbnailUrl\":\"https:\\\/\\\/aktuelles.uni-frankfurt.de\\\/wp-content\\\/uploads\\\/2019\\\/09\\\/blog_GS_FaMI.jpg\",\"keywords\":[\"Berufliche Ausbildung\",\"GoetheSpektrum\",\"Universit\u00e4tsbibliothek\"],\"articleSection\":[\"Menschen\"],\"inLanguage\":\"en-GB\"},{\"@type\":\"WebPage\",\"@id\":\"https:\\\/\\\/aktuelles.uni-frankfurt.de\\\/menschen\\\/ausbildung-was-machen-eigentlich-famis\\\/\",\"url\":\"https:\\\/\\\/aktuelles.uni-frankfurt.de\\\/menschen\\\/ausbildung-was-machen-eigentlich-famis\\\/\",\"name\":\"Ausbildung: Was machen eigentlich FaMIs? | Aktuelles aus der Goethe-Universit\u00e4t Frankfurt\",\"isPartOf\":{\"@id\":\"https:\\\/\\\/aktuelles.uni-frankfurt.de\\\/#website\"},\"primaryImageOfPage\":{\"@id\":\"https:\\\/\\\/aktuelles.uni-frankfurt.de\\\/menschen\\\/ausbildung-was-machen-eigentlich-famis\\\/#primaryimage\"},\"image\":{\"@id\":\"https:\\\/\\\/aktuelles.uni-frankfurt.de\\\/menschen\\\/ausbildung-was-machen-eigentlich-famis\\\/#primaryimage\"},\"thumbnailUrl\":\"https:\\\/\\\/aktuelles.uni-frankfurt.de\\\/wp-content\\\/uploads\\\/2019\\\/09\\\/blog_GS_FaMI.jpg\",\"datePublished\":\"2019-09-26T12:00:17+00:00\",\"dateModified\":\"2023-06-16T07:16:46+00:00\",\"breadcrumb\":{\"@id\":\"https:\\\/\\\/aktuelles.uni-frankfurt.de\\\/menschen\\\/ausbildung-was-machen-eigentlich-famis\\\/#breadcrumb\"},\"inLanguage\":\"en-GB\",\"potentialAction\":[{\"@type\":\"ReadAction\",\"target\":[\"https:\\\/\\\/aktuelles.uni-frankfurt.de\\\/menschen\\\/ausbildung-was-machen-eigentlich-famis\\\/\"]}]},{\"@type\":\"ImageObject\",\"inLanguage\":\"en-GB\",\"@id\":\"https:\\\/\\\/aktuelles.uni-frankfurt.de\\\/menschen\\\/ausbildung-was-machen-eigentlich-famis\\\/#primaryimage\",\"url\":\"https:\\\/\\\/aktuelles.uni-frankfurt.de\\\/wp-content\\\/uploads\\\/2019\\\/09\\\/blog_GS_FaMI.jpg\",\"contentUrl\":\"https:\\\/\\\/aktuelles.uni-frankfurt.de\\\/wp-content\\\/uploads\\\/2019\\\/09\\\/blog_GS_FaMI.jpg\",\"width\":650,\"height\":450},{\"@type\":\"BreadcrumbList\",\"@id\":\"https:\\\/\\\/aktuelles.uni-frankfurt.de\\\/menschen\\\/ausbildung-was-machen-eigentlich-famis\\\/#breadcrumb\",\"itemListElement\":[{\"@type\":\"ListItem\",\"position\":1,\"name\":\"Startseite\",\"item\":\"https:\\\/\\\/aktuelles.uni-frankfurt.de\\\/\"},{\"@type\":\"ListItem\",\"position\":2,\"name\":\"Ausbildung: Was machen eigentlich FaMIs?\"}]},{\"@type\":\"WebSite\",\"@id\":\"https:\\\/\\\/aktuelles.uni-frankfurt.de\\\/#website\",\"url\":\"https:\\\/\\\/aktuelles.uni-frankfurt.de\\\/\",\"name\":\"Aktuelles aus der Goethe-Universit\u00e4t Frankfurt\",\"description\":\"Aktuelles aus der Goethe-Universit\u00e4t | Neues aus Forschung, Lehre, Studium\",\"publisher\":{\"@id\":\"https:\\\/\\\/aktuelles.uni-frankfurt.de\\\/#organization\"},\"potentialAction\":[{\"@type\":\"SearchAction\",\"target\":{\"@type\":\"EntryPoint\",\"urlTemplate\":\"https:\\\/\\\/aktuelles.uni-frankfurt.de\\\/?s={search_term_string}\"},\"query-input\":{\"@type\":\"PropertyValueSpecification\",\"valueRequired\":true,\"valueName\":\"search_term_string\"}}],\"inLanguage\":\"en-GB\"},{\"@type\":\"Organization\",\"@id\":\"https:\\\/\\\/aktuelles.uni-frankfurt.de\\\/#organization\",\"name\":\"Goethe-Universit\u00e4t\",\"url\":\"https:\\\/\\\/aktuelles.uni-frankfurt.de\\\/\",\"logo\":{\"@type\":\"ImageObject\",\"inLanguage\":\"en-GB\",\"@id\":\"https:\\\/\\\/aktuelles.uni-frankfurt.de\\\/#\\\/schema\\\/logo\\\/image\\\/\",\"url\":\"https:\\\/\\\/aktuelles.uni-frankfurt.de\\\/wp-content\\\/uploads\\\/2022\\\/03\\\/800px-Goethe-Logo.png\",\"contentUrl\":\"https:\\\/\\\/aktuelles.uni-frankfurt.de\\\/wp-content\\\/uploads\\\/2022\\\/03\\\/800px-Goethe-Logo.png\",\"width\":800,\"height\":436,\"caption\":\"Goethe-Universit\u00e4t\"},\"image\":{\"@id\":\"https:\\\/\\\/aktuelles.uni-frankfurt.de\\\/#\\\/schema\\\/logo\\\/image\\\/\"}},{\"@type\":\"Person\",\"@id\":\"https:\\\/\\\/aktuelles.uni-frankfurt.de\\\/#\\\/schema\\\/person\\\/8e55ea338fb65d1ce87a91565d1f1739\",\"name\":\"-\",\"description\":\"Dieser Beitrag wurde von der Online-Redaktion ver\u00f6ffentlicht. Wenn der Beitrag von einem Gastautoren verfasst wurde, findet sich dieser Hinweis am Ende des jeweiligen Artikels.\",\"sameAs\":[\"http:\\\/\\\/aktuelles.uni-frankfurt.de\\\/autoren\"],\"url\":\"https:\\\/\\\/aktuelles.uni-frankfurt.de\\\/en\\\/author\\\/redaktion\\\/\"}]}<\/script>\n<!-- \/ Yoast SEO plugin. -->","yoast_head_json":{"title":"Ausbildung: Was machen eigentlich FaMIs? | Aktuelles aus der Goethe-Universit\u00e4t Frankfurt","robots":{"index":"index","follow":"follow","max-snippet":"max-snippet:-1","max-image-preview":"max-image-preview:large","max-video-preview":"max-video-preview:-1"},"canonical":"https:\/\/aktuelles.uni-frankfurt.de\/en\/menschen\/ausbildung-was-machen-eigentlich-famis\/","og_locale":"en_GB","og_type":"article","og_title":"Ausbildung: Was machen eigentlich FaMIs? | Aktuelles aus der Goethe-Universit\u00e4t Frankfurt","og_description":"Am 1. August haben f\u00fcnf junge Nachwuchskr\u00e4fte in der Universit\u00e4tsbibliothek Johann Christian Senckenberg (UB JCS) die Ausbildung zur\/zum Fachangestellten f\u00fcr Medien- und Informationsdienste begonnen. Viele Auszubildende w\u00e4hlen diesen Beruf zun\u00e4chst, [&hellip;]","og_url":"https:\/\/aktuelles.uni-frankfurt.de\/en\/menschen\/ausbildung-was-machen-eigentlich-famis\/","og_site_name":"Aktuelles aus der Goethe-Universit\u00e4t Frankfurt","article_published_time":"2019-09-26T12:00:17+00:00","article_modified_time":"2023-06-16T07:16:46+00:00","og_image":[{"width":650,"height":450,"url":"https:\/\/aktuelles.uni-frankfurt.de\/wp-content\/uploads\/2019\/09\/blog_GS_FaMI.jpg","type":"image\/jpeg"}],"author":"-","twitter_card":"summary_large_image","twitter_misc":{"Written by":"-","Estimated reading time":"4 minutes"},"schema":{"@context":"https:\/\/schema.org","@graph":[{"@type":"Article","@id":"https:\/\/aktuelles.uni-frankfurt.de\/menschen\/ausbildung-was-machen-eigentlich-famis\/#article","isPartOf":{"@id":"https:\/\/aktuelles.uni-frankfurt.de\/menschen\/ausbildung-was-machen-eigentlich-famis\/"},"author":{"name":"-","@id":"https:\/\/aktuelles.uni-frankfurt.de\/#\/schema\/person\/8e55ea338fb65d1ce87a91565d1f1739"},"headline":"Ausbildung: Was machen eigentlich FaMIs?","datePublished":"2019-09-26T12:00:17+00:00","dateModified":"2023-06-16T07:16:46+00:00","mainEntityOfPage":{"@id":"https:\/\/aktuelles.uni-frankfurt.de\/menschen\/ausbildung-was-machen-eigentlich-famis\/"},"wordCount":776,"publisher":{"@id":"https:\/\/aktuelles.uni-frankfurt.de\/#organization"},"image":{"@id":"https:\/\/aktuelles.uni-frankfurt.de\/menschen\/ausbildung-was-machen-eigentlich-famis\/#primaryimage"},"thumbnailUrl":"https:\/\/aktuelles.uni-frankfurt.de\/wp-content\/uploads\/2019\/09\/blog_GS_FaMI.jpg","keywords":["Berufliche Ausbildung","GoetheSpektrum","Universit\u00e4tsbibliothek"],"articleSection":["Menschen"],"inLanguage":"en-GB"},{"@type":"WebPage","@id":"https:\/\/aktuelles.uni-frankfurt.de\/menschen\/ausbildung-was-machen-eigentlich-famis\/","url":"https:\/\/aktuelles.uni-frankfurt.de\/menschen\/ausbildung-was-machen-eigentlich-famis\/","name":"Ausbildung: Was machen eigentlich FaMIs? | Aktuelles aus der Goethe-Universit\u00e4t Frankfurt","isPartOf":{"@id":"https:\/\/aktuelles.uni-frankfurt.de\/#website"},"primaryImageOfPage":{"@id":"https:\/\/aktuelles.uni-frankfurt.de\/menschen\/ausbildung-was-machen-eigentlich-famis\/#primaryimage"},"image":{"@id":"https:\/\/aktuelles.uni-frankfurt.de\/menschen\/ausbildung-was-machen-eigentlich-famis\/#primaryimage"},"thumbnailUrl":"https:\/\/aktuelles.uni-frankfurt.de\/wp-content\/uploads\/2019\/09\/blog_GS_FaMI.jpg","datePublished":"2019-09-26T12:00:17+00:00","dateModified":"2023-06-16T07:16:46+00:00","breadcrumb":{"@id":"https:\/\/aktuelles.uni-frankfurt.de\/menschen\/ausbildung-was-machen-eigentlich-famis\/#breadcrumb"},"inLanguage":"en-GB","potentialAction":[{"@type":"ReadAction","target":["https:\/\/aktuelles.uni-frankfurt.de\/menschen\/ausbildung-was-machen-eigentlich-famis\/"]}]},{"@type":"ImageObject","inLanguage":"en-GB","@id":"https:\/\/aktuelles.uni-frankfurt.de\/menschen\/ausbildung-was-machen-eigentlich-famis\/#primaryimage","url":"https:\/\/aktuelles.uni-frankfurt.de\/wp-content\/uploads\/2019\/09\/blog_GS_FaMI.jpg","contentUrl":"https:\/\/aktuelles.uni-frankfurt.de\/wp-content\/uploads\/2019\/09\/blog_GS_FaMI.jpg","width":650,"height":450},{"@type":"BreadcrumbList","@id":"https:\/\/aktuelles.uni-frankfurt.de\/menschen\/ausbildung-was-machen-eigentlich-famis\/#breadcrumb","itemListElement":[{"@type":"ListItem","position":1,"name":"Startseite","item":"https:\/\/aktuelles.uni-frankfurt.de\/"},{"@type":"ListItem","position":2,"name":"Ausbildung: Was machen eigentlich FaMIs?"}]},{"@type":"WebSite","@id":"https:\/\/aktuelles.uni-frankfurt.de\/#website","url":"https:\/\/aktuelles.uni-frankfurt.de\/","name":"Aktuelles aus der Goethe-Universit\u00e4t Frankfurt","description":"Aktuelles aus der Goethe-Universit\u00e4t | Neues aus Forschung, Lehre, Studium","publisher":{"@id":"https:\/\/aktuelles.uni-frankfurt.de\/#organization"},"potentialAction":[{"@type":"SearchAction","target":{"@type":"EntryPoint","urlTemplate":"https:\/\/aktuelles.uni-frankfurt.de\/?s={search_term_string}"},"query-input":{"@type":"PropertyValueSpecification","valueRequired":true,"valueName":"search_term_string"}}],"inLanguage":"en-GB"},{"@type":"Organization","@id":"https:\/\/aktuelles.uni-frankfurt.de\/#organization","name":"Goethe University Frankfurt","url":"https:\/\/aktuelles.uni-frankfurt.de\/","logo":{"@type":"ImageObject","inLanguage":"en-GB","@id":"https:\/\/aktuelles.uni-frankfurt.de\/#\/schema\/logo\/image\/","url":"https:\/\/aktuelles.uni-frankfurt.de\/wp-content\/uploads\/2022\/03\/800px-Goethe-Logo.png","contentUrl":"https:\/\/aktuelles.uni-frankfurt.de\/wp-content\/uploads\/2022\/03\/800px-Goethe-Logo.png","width":800,"height":436,"caption":"Goethe-Universit\u00e4t"},"image":{"@id":"https:\/\/aktuelles.uni-frankfurt.de\/#\/schema\/logo\/image\/"}},{"@type":"Person","@id":"https:\/\/aktuelles.uni-frankfurt.de\/#\/schema\/person\/8e55ea338fb65d1ce87a91565d1f1739","name":"-","description":"Dieser Beitrag wurde von der Online-Redaktion ver\u00f6ffentlicht. Wenn der Beitrag von einem Gastautoren verfasst wurde, findet sich dieser Hinweis am Ende des jeweiligen Artikels.","sameAs":["http:\/\/aktuelles.uni-frankfurt.de\/autoren"],"url":"https:\/\/aktuelles.uni-frankfurt.de\/en\/author\/redaktion\/"}]}},"_links":{"self":[{"href":"https:\/\/aktuelles.uni-frankfurt.de\/en\/wp-json\/wp\/v2\/posts\/39298","targetHints":{"allow":["GET"]}}],"collection":[{"href":"https:\/\/aktuelles.uni-frankfurt.de\/en\/wp-json\/wp\/v2\/posts"}],"about":[{"href":"https:\/\/aktuelles.uni-frankfurt.de\/en\/wp-json\/wp\/v2\/types\/post"}],"author":[{"embeddable":true,"href":"https:\/\/aktuelles.uni-frankfurt.de\/en\/wp-json\/wp\/v2\/users\/8"}],"replies":[{"embeddable":true,"href":"https:\/\/aktuelles.uni-frankfurt.de\/en\/wp-json\/wp\/v2\/comments?post=39298"}],"version-history":[{"count":0,"href":"https:\/\/aktuelles.uni-frankfurt.de\/en\/wp-json\/wp\/v2\/posts\/39298\/revisions"}],"wp:featuredmedia":[{"embeddable":true,"href":"https:\/\/aktuelles.uni-frankfurt.de\/en\/wp-json\/wp\/v2\/media\/39300"}],"wp:attachment":[{"href":"https:\/\/aktuelles.uni-frankfurt.de\/en\/wp-json\/wp\/v2\/media?parent=39298"}],"wp:term":[{"taxonomy":"category","embeddable":true,"href":"https:\/\/aktuelles.uni-frankfurt.de\/en\/wp-json\/wp\/v2\/categories?post=39298"},{"taxonomy":"post_tag","embeddable":true,"href":"https:\/\/aktuelles.uni-frankfurt.de\/en\/wp-json\/wp\/v2\/tags?post=39298"},{"taxonomy":"post_folder","embeddable":true,"href":"https:\/\/aktuelles.uni-frankfurt.de\/en\/wp-json\/wp\/v2\/post_folder?post=39298"}],"curies":[{"name":"wp","href":"https:\/\/api.w.org\/{rel}","templated":true}]}}