{"id":39320,"date":"2019-09-27T16:01:34","date_gmt":"2019-09-27T14:01:34","guid":{"rendered":"https:\/\/aktuelles.uni-frankfurt.de\/?p=39320"},"modified":"2019-09-27T16:01:35","modified_gmt":"2019-09-27T14:01:35","slug":"ab-16-10-die-goethe-universitaet-auf-der-frankfurter-buchmesse","status":"publish","type":"post","link":"https:\/\/aktuelles.uni-frankfurt.de\/en\/aktuelles\/ab-16-10-die-goethe-universitaet-auf-der-frankfurter-buchmesse\/","title":{"rendered":"Ab 16.10. \/ Die Goethe-Universit\u00e4t auf der Frankfurter Buchmesse"},"content":{"rendered":"<div class=\"wp-block-image\"><figure class=\"alignleft is-resized\"><img fetchpriority=\"high\" decoding=\"async\" src=\"https:\/\/aktuelles.uni-frankfurt.de\/wp-content\/uploads\/2019\/09\/beitragsbild_buchmesse.jpg\" alt=\"\" class=\"wp-image-39321\" width=\"332\" height=\"230\" srcset=\"https:\/\/aktuelles.uni-frankfurt.de\/wp-content\/uploads\/2019\/09\/beitragsbild_buchmesse.jpg 650w, https:\/\/aktuelles.uni-frankfurt.de\/wp-content\/uploads\/2019\/09\/beitragsbild_buchmesse-300x208.jpg 300w\" sizes=\"(max-width: 332px) 100vw, 332px\" \/><\/figure><\/div>\n\n\n\n<p><strong>Am 16. Oktober startet wieder die Frankfurter Buchmesse. Die Goethe-Universit\u00e4t ist an einigen Veranstaltungen beteiligt. F\u00fcr Studierende gibt es an den Fachbesuchertagen einen Rabatt.<\/strong><\/p>\n\n\n\n<p><strong>16.10.2019, 17:00 Uhr:<\/strong> Ach! \u00dcber wirkliche Fiktionen und fiktionale Wirklichkeiten. Vortrag von Klaus G\u00fcnther, Professor f\u00fcr Rechtstheorie, Strafrecht und Strafprozessrecht an der Goethe-Universit\u00e4t Frankfurt am Main, Co-Sprecher des Exzellenzclusters \u201eDie Herausbildung normativer Ordnungen\u201c und Mitglied des Frankfurter Instituts f\u00fcr Sozialforschung (IfS), im Rahmen der B3 Biennale des bewegten Bildes 2019. Halle 4.1 \/ Stand N83-R99<\/p>\n\n\n\n<p><strong>16.10.2019, 15:00 &#8211; 15:30 Uhr:<\/strong> Goethes &#8222;JOHNNY&#8220; goes Buchmesse.<br> Die studentische Literaturzeitschrift Johnny der Goethe-Universit\u00e4t stellt sich auf der Frankfurter Buchmesse vor. Frankfurt Authors Stage (Halle 3.0 K15) <\/p>\n\n\n\n<p><strong>17.10.2019, 15.30 Uhr:<\/strong> In der H\u00f6hle. \u00dcber Wirklichkeit und Macht. Vortrag von Prof. Dr. Rainer Forst, Professor f\u00fcr Politische Theorie und Philosophie der Goethe-Universit\u00e4t und Co-Sprecher des Exzellenzclusters &#8222;Die Herausbildung normativer Ordnungen&#8220;, im Rahmen der B3 Biennale des bewegten Bildes 2019. <br> Halle 4.1 \/ Stand N83-R99<\/p>\n\n\n\n<p><strong>19.10.2019, 14:30 &#8211; 15:30 Uhr:<\/strong> Xiong Yuqun und sein Roman \u201eSchneefall 1939\u201c: Eine chinesisch-japanische Liebe in Zeiten des Kriegs. Podiumsdiskussion mit dem Autor \u00fcber seinen Roman und Chinas zweiten Krieg mit Japan (1937-1945) in Verbindung mit dem Konfuzius-Institut an der Goethe-Universit\u00e4t Frankfurt e.V. Prof. Dr. Zhiyi Yang nimmt auch teil. International Stage (Halle 5.1 A128)<\/p>\n\n\n\n<p><strong>19.10.2019, 18.00 Uhr:<\/strong> Empfang anl\u00e4sslich der 71. Frankfurter Buchmesse. Das Frobenius-Institut im Rahmen der 71. Frankfurter Buchmesse herzlich zum Empfang ein im G\u00e4stehaus Frauenlobstra\u00dfe, Frauenlobstra\u00dfe 1, Frankfurt am Main.<\/p>\n\n\n\n<p><strong>19.10.\/20.10.2019, 9.00-18.30 Uhr:<\/strong> Goethes &#8222;JOHNNY&#8220; goes creative. Workshop der Literaturzeitschrift Johnny rund um das kreative Schreiben. Internationales Bibliothekszentrum ILC (Halle 4.2 N75)<\/p>\n\n\n\n<p><strong>20.10.2019, 11.00 \u2013 12.00 Uhr:<\/strong> Eine Reise in die Welt des Cosplay. Eine Podiumsdiskussion zu chinesischem Cosplay und chinesischer Popkultur in Verbindung mit dem Konfuzius-Institut an der Goethe-Universit\u00e4t Frankfurt e.V. Zu Gast sind u.a. Christina Werum-Wang (Konfuzius-Institut Frankfurt e. V., Direktorin), Bernd Dolle-Weinkauff (ehem. Institut f\u00fcr Jugendbuchforschung, Goethe-Universit\u00e4t Frankfurt) u. Elisabeth Smat (Sinologiestudentin an der Goethe-Universit\u00e4t), Michael Grunewald (Soziologe). Frankfurt Cosplay Stage (Halle 4.0 G91). <\/p>\n\n\n\n<p>Den Stand der Universit\u00e4tsbibliothek findet man in Halle 4.2. N 68.<\/p>","protected":false},"excerpt":{"rendered":"<p>Am 16. Oktober startet wieder die Frankfurter Buchmesse. Die Goethe-Universit\u00e4t ist an einigen Veranstaltungen beteiligt. F\u00fcr Studierende gibt es an den Fachbesuchertagen einen Rabatt. 16.10.2019, 17:00 Uhr: Ach! \u00dcber wirkliche [&hellip;]<\/p>\n","protected":false},"author":8,"featured_media":39321,"comment_status":"closed","ping_status":"closed","sticky":false,"template":"","format":"standard","meta":{"_eb_attr":"","_price":"","_stock":"","_tribe_ticket_header":"","_tribe_default_ticket_provider":"","_ticket_start_date":"","_ticket_end_date":"","_tribe_ticket_show_description":"","_tribe_ticket_show_not_going":false,"_tribe_ticket_use_global_stock":"","_tribe_ticket_global_stock_level":"","_global_stock_mode":"","_global_stock_cap":"","_tribe_rsvp_for_event":"","_tribe_ticket_going_count":"","_tribe_ticket_not_going_count":"","_tribe_tickets_list":"[]","_tribe_ticket_has_attendee_info_fields":false,"footnotes":""},"categories":[39],"tags":[],"post_folder":[],"class_list":["post-39320","post","type-post","status-publish","format-standard","has-post-thumbnail","hentry","category-aktuelles"],"yoast_head":"<!-- This site is optimized with the Yoast SEO plugin v27.5 - https:\/\/yoast.com\/product\/yoast-seo-wordpress\/ -->\n<title>Ab 16.10. \/ Die Goethe-Universit\u00e4t auf der Frankfurter Buchmesse | Aktuelles aus der Goethe-Universit\u00e4t Frankfurt<\/title>\n<meta name=\"robots\" content=\"index, follow, max-snippet:-1, max-image-preview:large, max-video-preview:-1\" \/>\n<link rel=\"canonical\" href=\"https:\/\/aktuelles.uni-frankfurt.de\/en\/aktuelles\/ab-16-10-die-goethe-universitaet-auf-der-frankfurter-buchmesse\/\" \/>\n<meta property=\"og:locale\" content=\"en_GB\" \/>\n<meta property=\"og:type\" content=\"article\" \/>\n<meta property=\"og:title\" content=\"Ab 16.10. \/ Die Goethe-Universit\u00e4t auf der Frankfurter Buchmesse | Aktuelles aus der Goethe-Universit\u00e4t Frankfurt\" \/>\n<meta property=\"og:description\" content=\"Am 16. Oktober startet wieder die Frankfurter Buchmesse. Die Goethe-Universit\u00e4t ist an einigen Veranstaltungen beteiligt. F\u00fcr Studierende gibt es an den Fachbesuchertagen einen Rabatt. 16.10.2019, 17:00 Uhr: Ach! \u00dcber wirkliche [&hellip;]\" \/>\n<meta property=\"og:url\" content=\"https:\/\/aktuelles.uni-frankfurt.de\/en\/aktuelles\/ab-16-10-die-goethe-universitaet-auf-der-frankfurter-buchmesse\/\" \/>\n<meta property=\"og:site_name\" content=\"Aktuelles aus der Goethe-Universit\u00e4t Frankfurt\" \/>\n<meta property=\"article:published_time\" content=\"2019-09-27T14:01:34+00:00\" \/>\n<meta property=\"article:modified_time\" content=\"2019-09-27T14:01:35+00:00\" \/>\n<meta property=\"og:image\" content=\"https:\/\/aktuelles.uni-frankfurt.de\/wp-content\/uploads\/2019\/09\/beitragsbild_buchmesse.jpg\" \/>\n\t<meta property=\"og:image:width\" content=\"650\" \/>\n\t<meta property=\"og:image:height\" content=\"450\" \/>\n\t<meta property=\"og:image:type\" content=\"image\/jpeg\" \/>\n<meta name=\"author\" content=\"-\" \/>\n<meta name=\"twitter:card\" content=\"summary_large_image\" \/>\n<meta name=\"twitter:label1\" content=\"Written by\" \/>\n\t<meta name=\"twitter:data1\" content=\"-\" \/>\n\t<meta name=\"twitter:label2\" content=\"Estimated reading time\" \/>\n\t<meta name=\"twitter:data2\" content=\"2 minutes\" \/>\n<script type=\"application\/ld+json\" class=\"yoast-schema-graph\">{\"@context\":\"https:\\\/\\\/schema.org\",\"@graph\":[{\"@type\":\"Article\",\"@id\":\"https:\\\/\\\/aktuelles.uni-frankfurt.de\\\/aktuelles\\\/ab-16-10-die-goethe-universitaet-auf-der-frankfurter-buchmesse\\\/#article\",\"isPartOf\":{\"@id\":\"https:\\\/\\\/aktuelles.uni-frankfurt.de\\\/aktuelles\\\/ab-16-10-die-goethe-universitaet-auf-der-frankfurter-buchmesse\\\/\"},\"author\":{\"name\":\"-\",\"@id\":\"https:\\\/\\\/aktuelles.uni-frankfurt.de\\\/#\\\/schema\\\/person\\\/8e55ea338fb65d1ce87a91565d1f1739\"},\"headline\":\"Ab 16.10. \\\/ Die Goethe-Universit\u00e4t auf der Frankfurter Buchmesse\",\"datePublished\":\"2019-09-27T14:01:34+00:00\",\"dateModified\":\"2019-09-27T14:01:35+00:00\",\"mainEntityOfPage\":{\"@id\":\"https:\\\/\\\/aktuelles.uni-frankfurt.de\\\/aktuelles\\\/ab-16-10-die-goethe-universitaet-auf-der-frankfurter-buchmesse\\\/\"},\"wordCount\":334,\"publisher\":{\"@id\":\"https:\\\/\\\/aktuelles.uni-frankfurt.de\\\/#organization\"},\"image\":{\"@id\":\"https:\\\/\\\/aktuelles.uni-frankfurt.de\\\/aktuelles\\\/ab-16-10-die-goethe-universitaet-auf-der-frankfurter-buchmesse\\\/#primaryimage\"},\"thumbnailUrl\":\"https:\\\/\\\/aktuelles.uni-frankfurt.de\\\/wp-content\\\/uploads\\\/2019\\\/09\\\/beitragsbild_buchmesse.jpg\",\"articleSection\":[\"Kurz gemeldet\"],\"inLanguage\":\"en-GB\"},{\"@type\":\"WebPage\",\"@id\":\"https:\\\/\\\/aktuelles.uni-frankfurt.de\\\/aktuelles\\\/ab-16-10-die-goethe-universitaet-auf-der-frankfurter-buchmesse\\\/\",\"url\":\"https:\\\/\\\/aktuelles.uni-frankfurt.de\\\/aktuelles\\\/ab-16-10-die-goethe-universitaet-auf-der-frankfurter-buchmesse\\\/\",\"name\":\"Ab 16.10. \\\/ Die Goethe-Universit\u00e4t auf der Frankfurter Buchmesse | Aktuelles aus der Goethe-Universit\u00e4t Frankfurt\",\"isPartOf\":{\"@id\":\"https:\\\/\\\/aktuelles.uni-frankfurt.de\\\/#website\"},\"primaryImageOfPage\":{\"@id\":\"https:\\\/\\\/aktuelles.uni-frankfurt.de\\\/aktuelles\\\/ab-16-10-die-goethe-universitaet-auf-der-frankfurter-buchmesse\\\/#primaryimage\"},\"image\":{\"@id\":\"https:\\\/\\\/aktuelles.uni-frankfurt.de\\\/aktuelles\\\/ab-16-10-die-goethe-universitaet-auf-der-frankfurter-buchmesse\\\/#primaryimage\"},\"thumbnailUrl\":\"https:\\\/\\\/aktuelles.uni-frankfurt.de\\\/wp-content\\\/uploads\\\/2019\\\/09\\\/beitragsbild_buchmesse.jpg\",\"datePublished\":\"2019-09-27T14:01:34+00:00\",\"dateModified\":\"2019-09-27T14:01:35+00:00\",\"breadcrumb\":{\"@id\":\"https:\\\/\\\/aktuelles.uni-frankfurt.de\\\/aktuelles\\\/ab-16-10-die-goethe-universitaet-auf-der-frankfurter-buchmesse\\\/#breadcrumb\"},\"inLanguage\":\"en-GB\",\"potentialAction\":[{\"@type\":\"ReadAction\",\"target\":[\"https:\\\/\\\/aktuelles.uni-frankfurt.de\\\/aktuelles\\\/ab-16-10-die-goethe-universitaet-auf-der-frankfurter-buchmesse\\\/\"]}]},{\"@type\":\"ImageObject\",\"inLanguage\":\"en-GB\",\"@id\":\"https:\\\/\\\/aktuelles.uni-frankfurt.de\\\/aktuelles\\\/ab-16-10-die-goethe-universitaet-auf-der-frankfurter-buchmesse\\\/#primaryimage\",\"url\":\"https:\\\/\\\/aktuelles.uni-frankfurt.de\\\/wp-content\\\/uploads\\\/2019\\\/09\\\/beitragsbild_buchmesse.jpg\",\"contentUrl\":\"https:\\\/\\\/aktuelles.uni-frankfurt.de\\\/wp-content\\\/uploads\\\/2019\\\/09\\\/beitragsbild_buchmesse.jpg\",\"width\":650,\"height\":450},{\"@type\":\"BreadcrumbList\",\"@id\":\"https:\\\/\\\/aktuelles.uni-frankfurt.de\\\/aktuelles\\\/ab-16-10-die-goethe-universitaet-auf-der-frankfurter-buchmesse\\\/#breadcrumb\",\"itemListElement\":[{\"@type\":\"ListItem\",\"position\":1,\"name\":\"Startseite\",\"item\":\"https:\\\/\\\/aktuelles.uni-frankfurt.de\\\/\"},{\"@type\":\"ListItem\",\"position\":2,\"name\":\"Ab 16.10. \\\/ Die Goethe-Universit\u00e4t auf der Frankfurter Buchmesse\"}]},{\"@type\":\"WebSite\",\"@id\":\"https:\\\/\\\/aktuelles.uni-frankfurt.de\\\/#website\",\"url\":\"https:\\\/\\\/aktuelles.uni-frankfurt.de\\\/\",\"name\":\"Aktuelles aus der Goethe-Universit\u00e4t Frankfurt\",\"description\":\"Aktuelles aus der Goethe-Universit\u00e4t | Neues aus Forschung, Lehre, Studium\",\"publisher\":{\"@id\":\"https:\\\/\\\/aktuelles.uni-frankfurt.de\\\/#organization\"},\"potentialAction\":[{\"@type\":\"SearchAction\",\"target\":{\"@type\":\"EntryPoint\",\"urlTemplate\":\"https:\\\/\\\/aktuelles.uni-frankfurt.de\\\/?s={search_term_string}\"},\"query-input\":{\"@type\":\"PropertyValueSpecification\",\"valueRequired\":true,\"valueName\":\"search_term_string\"}}],\"inLanguage\":\"en-GB\"},{\"@type\":\"Organization\",\"@id\":\"https:\\\/\\\/aktuelles.uni-frankfurt.de\\\/#organization\",\"name\":\"Goethe-Universit\u00e4t\",\"url\":\"https:\\\/\\\/aktuelles.uni-frankfurt.de\\\/\",\"logo\":{\"@type\":\"ImageObject\",\"inLanguage\":\"en-GB\",\"@id\":\"https:\\\/\\\/aktuelles.uni-frankfurt.de\\\/#\\\/schema\\\/logo\\\/image\\\/\",\"url\":\"https:\\\/\\\/aktuelles.uni-frankfurt.de\\\/wp-content\\\/uploads\\\/2022\\\/03\\\/800px-Goethe-Logo.png\",\"contentUrl\":\"https:\\\/\\\/aktuelles.uni-frankfurt.de\\\/wp-content\\\/uploads\\\/2022\\\/03\\\/800px-Goethe-Logo.png\",\"width\":800,\"height\":436,\"caption\":\"Goethe-Universit\u00e4t\"},\"image\":{\"@id\":\"https:\\\/\\\/aktuelles.uni-frankfurt.de\\\/#\\\/schema\\\/logo\\\/image\\\/\"}},{\"@type\":\"Person\",\"@id\":\"https:\\\/\\\/aktuelles.uni-frankfurt.de\\\/#\\\/schema\\\/person\\\/8e55ea338fb65d1ce87a91565d1f1739\",\"name\":\"-\",\"description\":\"Dieser Beitrag wurde von der Online-Redaktion ver\u00f6ffentlicht. Wenn der Beitrag von einem Gastautoren verfasst wurde, findet sich dieser Hinweis am Ende des jeweiligen Artikels.\",\"sameAs\":[\"http:\\\/\\\/aktuelles.uni-frankfurt.de\\\/autoren\"],\"url\":\"https:\\\/\\\/aktuelles.uni-frankfurt.de\\\/en\\\/author\\\/redaktion\\\/\"}]}<\/script>\n<!-- \/ Yoast SEO plugin. -->","yoast_head_json":{"title":"Ab 16.10. \/ Die Goethe-Universit\u00e4t auf der Frankfurter Buchmesse | Aktuelles aus der Goethe-Universit\u00e4t Frankfurt","robots":{"index":"index","follow":"follow","max-snippet":"max-snippet:-1","max-image-preview":"max-image-preview:large","max-video-preview":"max-video-preview:-1"},"canonical":"https:\/\/aktuelles.uni-frankfurt.de\/en\/aktuelles\/ab-16-10-die-goethe-universitaet-auf-der-frankfurter-buchmesse\/","og_locale":"en_GB","og_type":"article","og_title":"Ab 16.10. \/ Die Goethe-Universit\u00e4t auf der Frankfurter Buchmesse | Aktuelles aus der Goethe-Universit\u00e4t Frankfurt","og_description":"Am 16. Oktober startet wieder die Frankfurter Buchmesse. Die Goethe-Universit\u00e4t ist an einigen Veranstaltungen beteiligt. F\u00fcr Studierende gibt es an den Fachbesuchertagen einen Rabatt. 16.10.2019, 17:00 Uhr: Ach! \u00dcber wirkliche [&hellip;]","og_url":"https:\/\/aktuelles.uni-frankfurt.de\/en\/aktuelles\/ab-16-10-die-goethe-universitaet-auf-der-frankfurter-buchmesse\/","og_site_name":"Aktuelles aus der Goethe-Universit\u00e4t Frankfurt","article_published_time":"2019-09-27T14:01:34+00:00","article_modified_time":"2019-09-27T14:01:35+00:00","og_image":[{"width":650,"height":450,"url":"https:\/\/aktuelles.uni-frankfurt.de\/wp-content\/uploads\/2019\/09\/beitragsbild_buchmesse.jpg","type":"image\/jpeg"}],"author":"-","twitter_card":"summary_large_image","twitter_misc":{"Written by":"-","Estimated reading time":"2 minutes"},"schema":{"@context":"https:\/\/schema.org","@graph":[{"@type":"Article","@id":"https:\/\/aktuelles.uni-frankfurt.de\/aktuelles\/ab-16-10-die-goethe-universitaet-auf-der-frankfurter-buchmesse\/#article","isPartOf":{"@id":"https:\/\/aktuelles.uni-frankfurt.de\/aktuelles\/ab-16-10-die-goethe-universitaet-auf-der-frankfurter-buchmesse\/"},"author":{"name":"-","@id":"https:\/\/aktuelles.uni-frankfurt.de\/#\/schema\/person\/8e55ea338fb65d1ce87a91565d1f1739"},"headline":"Ab 16.10. \/ Die Goethe-Universit\u00e4t auf der Frankfurter Buchmesse","datePublished":"2019-09-27T14:01:34+00:00","dateModified":"2019-09-27T14:01:35+00:00","mainEntityOfPage":{"@id":"https:\/\/aktuelles.uni-frankfurt.de\/aktuelles\/ab-16-10-die-goethe-universitaet-auf-der-frankfurter-buchmesse\/"},"wordCount":334,"publisher":{"@id":"https:\/\/aktuelles.uni-frankfurt.de\/#organization"},"image":{"@id":"https:\/\/aktuelles.uni-frankfurt.de\/aktuelles\/ab-16-10-die-goethe-universitaet-auf-der-frankfurter-buchmesse\/#primaryimage"},"thumbnailUrl":"https:\/\/aktuelles.uni-frankfurt.de\/wp-content\/uploads\/2019\/09\/beitragsbild_buchmesse.jpg","articleSection":["Kurz gemeldet"],"inLanguage":"en-GB"},{"@type":"WebPage","@id":"https:\/\/aktuelles.uni-frankfurt.de\/aktuelles\/ab-16-10-die-goethe-universitaet-auf-der-frankfurter-buchmesse\/","url":"https:\/\/aktuelles.uni-frankfurt.de\/aktuelles\/ab-16-10-die-goethe-universitaet-auf-der-frankfurter-buchmesse\/","name":"Ab 16.10. \/ Die Goethe-Universit\u00e4t auf der Frankfurter Buchmesse | Aktuelles aus der Goethe-Universit\u00e4t Frankfurt","isPartOf":{"@id":"https:\/\/aktuelles.uni-frankfurt.de\/#website"},"primaryImageOfPage":{"@id":"https:\/\/aktuelles.uni-frankfurt.de\/aktuelles\/ab-16-10-die-goethe-universitaet-auf-der-frankfurter-buchmesse\/#primaryimage"},"image":{"@id":"https:\/\/aktuelles.uni-frankfurt.de\/aktuelles\/ab-16-10-die-goethe-universitaet-auf-der-frankfurter-buchmesse\/#primaryimage"},"thumbnailUrl":"https:\/\/aktuelles.uni-frankfurt.de\/wp-content\/uploads\/2019\/09\/beitragsbild_buchmesse.jpg","datePublished":"2019-09-27T14:01:34+00:00","dateModified":"2019-09-27T14:01:35+00:00","breadcrumb":{"@id":"https:\/\/aktuelles.uni-frankfurt.de\/aktuelles\/ab-16-10-die-goethe-universitaet-auf-der-frankfurter-buchmesse\/#breadcrumb"},"inLanguage":"en-GB","potentialAction":[{"@type":"ReadAction","target":["https:\/\/aktuelles.uni-frankfurt.de\/aktuelles\/ab-16-10-die-goethe-universitaet-auf-der-frankfurter-buchmesse\/"]}]},{"@type":"ImageObject","inLanguage":"en-GB","@id":"https:\/\/aktuelles.uni-frankfurt.de\/aktuelles\/ab-16-10-die-goethe-universitaet-auf-der-frankfurter-buchmesse\/#primaryimage","url":"https:\/\/aktuelles.uni-frankfurt.de\/wp-content\/uploads\/2019\/09\/beitragsbild_buchmesse.jpg","contentUrl":"https:\/\/aktuelles.uni-frankfurt.de\/wp-content\/uploads\/2019\/09\/beitragsbild_buchmesse.jpg","width":650,"height":450},{"@type":"BreadcrumbList","@id":"https:\/\/aktuelles.uni-frankfurt.de\/aktuelles\/ab-16-10-die-goethe-universitaet-auf-der-frankfurter-buchmesse\/#breadcrumb","itemListElement":[{"@type":"ListItem","position":1,"name":"Startseite","item":"https:\/\/aktuelles.uni-frankfurt.de\/"},{"@type":"ListItem","position":2,"name":"Ab 16.10. \/ Die Goethe-Universit\u00e4t auf der Frankfurter Buchmesse"}]},{"@type":"WebSite","@id":"https:\/\/aktuelles.uni-frankfurt.de\/#website","url":"https:\/\/aktuelles.uni-frankfurt.de\/","name":"Aktuelles aus der Goethe-Universit\u00e4t Frankfurt","description":"Aktuelles aus der Goethe-Universit\u00e4t | Neues aus Forschung, Lehre, Studium","publisher":{"@id":"https:\/\/aktuelles.uni-frankfurt.de\/#organization"},"potentialAction":[{"@type":"SearchAction","target":{"@type":"EntryPoint","urlTemplate":"https:\/\/aktuelles.uni-frankfurt.de\/?s={search_term_string}"},"query-input":{"@type":"PropertyValueSpecification","valueRequired":true,"valueName":"search_term_string"}}],"inLanguage":"en-GB"},{"@type":"Organization","@id":"https:\/\/aktuelles.uni-frankfurt.de\/#organization","name":"Goethe University Frankfurt","url":"https:\/\/aktuelles.uni-frankfurt.de\/","logo":{"@type":"ImageObject","inLanguage":"en-GB","@id":"https:\/\/aktuelles.uni-frankfurt.de\/#\/schema\/logo\/image\/","url":"https:\/\/aktuelles.uni-frankfurt.de\/wp-content\/uploads\/2022\/03\/800px-Goethe-Logo.png","contentUrl":"https:\/\/aktuelles.uni-frankfurt.de\/wp-content\/uploads\/2022\/03\/800px-Goethe-Logo.png","width":800,"height":436,"caption":"Goethe-Universit\u00e4t"},"image":{"@id":"https:\/\/aktuelles.uni-frankfurt.de\/#\/schema\/logo\/image\/"}},{"@type":"Person","@id":"https:\/\/aktuelles.uni-frankfurt.de\/#\/schema\/person\/8e55ea338fb65d1ce87a91565d1f1739","name":"-","description":"Dieser Beitrag wurde von der Online-Redaktion ver\u00f6ffentlicht. Wenn der Beitrag von einem Gastautoren verfasst wurde, findet sich dieser Hinweis am Ende des jeweiligen Artikels.","sameAs":["http:\/\/aktuelles.uni-frankfurt.de\/autoren"],"url":"https:\/\/aktuelles.uni-frankfurt.de\/en\/author\/redaktion\/"}]}},"_links":{"self":[{"href":"https:\/\/aktuelles.uni-frankfurt.de\/en\/wp-json\/wp\/v2\/posts\/39320","targetHints":{"allow":["GET"]}}],"collection":[{"href":"https:\/\/aktuelles.uni-frankfurt.de\/en\/wp-json\/wp\/v2\/posts"}],"about":[{"href":"https:\/\/aktuelles.uni-frankfurt.de\/en\/wp-json\/wp\/v2\/types\/post"}],"author":[{"embeddable":true,"href":"https:\/\/aktuelles.uni-frankfurt.de\/en\/wp-json\/wp\/v2\/users\/8"}],"replies":[{"embeddable":true,"href":"https:\/\/aktuelles.uni-frankfurt.de\/en\/wp-json\/wp\/v2\/comments?post=39320"}],"version-history":[{"count":0,"href":"https:\/\/aktuelles.uni-frankfurt.de\/en\/wp-json\/wp\/v2\/posts\/39320\/revisions"}],"wp:featuredmedia":[{"embeddable":true,"href":"https:\/\/aktuelles.uni-frankfurt.de\/en\/wp-json\/wp\/v2\/media\/39321"}],"wp:attachment":[{"href":"https:\/\/aktuelles.uni-frankfurt.de\/en\/wp-json\/wp\/v2\/media?parent=39320"}],"wp:term":[{"taxonomy":"category","embeddable":true,"href":"https:\/\/aktuelles.uni-frankfurt.de\/en\/wp-json\/wp\/v2\/categories?post=39320"},{"taxonomy":"post_tag","embeddable":true,"href":"https:\/\/aktuelles.uni-frankfurt.de\/en\/wp-json\/wp\/v2\/tags?post=39320"},{"taxonomy":"post_folder","embeddable":true,"href":"https:\/\/aktuelles.uni-frankfurt.de\/en\/wp-json\/wp\/v2\/post_folder?post=39320"}],"curies":[{"name":"wp","href":"https:\/\/api.w.org\/{rel}","templated":true}]}}