{"id":39505,"date":"2019-10-09T11:37:48","date_gmt":"2019-10-09T09:37:48","guid":{"rendered":"https:\/\/aktuelles.uni-frankfurt.de\/?p=39505"},"modified":"2019-10-10T10:25:23","modified_gmt":"2019-10-10T08:25:23","slug":"unistart-am-10-oktober-goethe-uni-begruesst-neue-studierende","status":"publish","type":"post","link":"https:\/\/aktuelles.uni-frankfurt.de\/en\/studium\/unistart-am-10-oktober-goethe-uni-begruesst-neue-studierende\/","title":{"rendered":"unistart am 10. Oktober \/ Goethe-Uni begr\u00fc\u00dft neue Studierende"},"content":{"rendered":"<div class=\"wp-block-image\"><figure class=\"alignleft is-resized\"><img fetchpriority=\"high\" decoding=\"async\" src=\"https:\/\/aktuelles.uni-frankfurt.de\/wp-content\/uploads\/2019\/10\/beitragsbild_unistrat-WiSe-2019-20.jpg\" alt=\"\" class=\"wp-image-39506\" width=\"378\" height=\"261\" srcset=\"https:\/\/aktuelles.uni-frankfurt.de\/wp-content\/uploads\/2019\/10\/beitragsbild_unistrat-WiSe-2019-20.jpg 650w, https:\/\/aktuelles.uni-frankfurt.de\/wp-content\/uploads\/2019\/10\/beitragsbild_unistrat-WiSe-2019-20-300x208.jpg 300w\" sizes=\"(max-width: 378px) 100vw, 378px\" \/><\/figure><\/div>\n\n\n\n<p>\u00dcber 8.000 Studierende werden am Donnerstag\nan der zentralen Erstsemesterveranstaltung der Goethe-Universit\u00e4t teilnehmen.\nBegr\u00fc\u00dft werden die \u201eErstis\u201c auf der unistart-Messe im H\u00f6rsaalzentrum auch von\nUniversit\u00e4tspr\u00e4sidentin Prof. Birgitta Wolff: <\/p>\n\n\n\n<p> \u201eWir freuen uns \u00fcber alle neuen Studierenden, die sich f\u00fcr ein Studium an der Goethe-Universit\u00e4t entschieden haben. Auf sie wartet eine aufregende Lebensphase, in der sie sich nicht nur berufliche Perspektiven erarbeiten, sondern auch unglaublich viele bereichernde Menschen kennen lernen und sich in unterschiedlichsten Initiativen engagieren k\u00f6nnen\u201c, betont Wolff. Gerade die erste Phase des Studiums k\u00f6nne auch mal anstrengend sein, gelte es doch, einiges selbstst\u00e4ndig zu organisieren. Doch st\u00fcnden vielf\u00e4ltige Beratungs- und Unterst\u00fctzungsangebote der Universit\u00e4t, des Studentenwerks und des AStA zur Verf\u00fcgung.<\/p>\n\n\n\n<p>Zum Wintersemester starten an der Goethe-Universit\u00e4t einige neue Studieng\u00e4nge: Erstmals wird der B.A.\/B.Sc. Natur- und Lebenswissenschaften angeboten, der eine zweisemestrige Orientierungsphase mit einem sechssemestrigen Fachstudium kombiniert. Die Orientierung dient dazu, Studierende bei einer fundierten und nachhaltigen Wahl ihres Studienfaches zu unterst\u00fctzen. Ebenfalls neu sind die Masterstudieng\u00e4nge \u201eArch\u00e4ologie und Kulturgeschichte des Vorderen Orients\u201c und \u201eKlassische Arch\u00e4ologie\u201c. Der Masterstudiengang \u201eKinder- und Jugendbuchliteratur\/Buchwissenschaft\u201c wird im Rahmen des Verbundes der drei Rhein-Main-Universit\u00e4ten (RMU) angeboten. <\/p>\n\n\n\n<p><strong>Medienvertreter sind herzlich zur\nSemesterer\u00f6ffnung eingeladen. &nbsp;<\/strong><\/p>\n\n\n\n<p>Auf der Unistart-Messe mit ihrem Markt der M\u00f6glichkeiten k\u00f6nnen sich die neuen Studierenden \u00fcber zahlreiche Angebote und Serviceleistungen der Goethe-Universit\u00e4t informieren: So pr\u00e4sentieren sich auf der Messe unter anderem das Studierenden-Service-Center (SSC), der Hochschulsport, das International Office und zahlreiche studentische Initiativen.&nbsp; <\/p>\n\n\n\n<p class=\"has-background has-very-light-gray-background-color\"> <strong>Programm der unistart-Messe, 10. Oktober 2019<\/strong> <br><br><strong>13.00 bis 17.00 Uhr:<\/strong> Messe im H\u00f6rsaalzentrum, Campus Westend<br><br><strong>Ab 13.00 Uhr:<\/strong> Verschiedene Vortr\u00e4ge und Pr\u00e4sentationen (u.a. Hochschulrechenzentrum, Deutschlandstipendium, Zentrale Studienberatung)<br><br><strong>14.00 Uhr:<\/strong> Begr\u00fc\u00dfung durch die Pr\u00e4sidentin der Goethe-Universit\u00e4t, Prof. Birgitta Wolff, den Stadtrat der Stadt Frankfurt, Mike Josef, den AStA-Vorstand und Fachschaftsvertreterinnen und -vertreter der Standorte der Goethe-Universit\u00e4t.<br><br><strong>Ab 21.00 Uhr:<\/strong> Gro\u00dfe unistart-Party im Casino<\/p>\n\n\n\n<p class=\"has-background has-very-light-gray-background-color\"><strong>Weitere Informationen<\/strong> gibt es <a href=\"http:\/\/www.uni-frankfurt.de\/48430354\/Programm \" target=\"_blank\" rel=\"noreferrer noopener\" aria-label=\"hier (\u00f6ffnet in neuem Tab)\">hier<\/a><\/p>","protected":false},"excerpt":{"rendered":"<p>\u00dcber 8.000 Studierende werden am Donnerstag an der zentralen Erstsemesterveranstaltung der Goethe-Universit\u00e4t teilnehmen. Begr\u00fc\u00dft werden die \u201eErstis\u201c auf der unistart-Messe im H\u00f6rsaalzentrum auch von Universit\u00e4tspr\u00e4sidentin Prof. Birgitta Wolff: \u201eWir freuen [&hellip;]<\/p>\n","protected":false},"author":8,"featured_media":39506,"comment_status":"closed","ping_status":"closed","sticky":false,"template":"","format":"standard","meta":{"_eb_attr":"","_price":"","_stock":"","_tribe_ticket_header":"","_tribe_default_ticket_provider":"","_ticket_start_date":"","_ticket_end_date":"","_tribe_ticket_show_description":"","_tribe_ticket_show_not_going":false,"_tribe_ticket_use_global_stock":"","_tribe_ticket_global_stock_level":"","_global_stock_mode":"","_global_stock_cap":"","_tribe_rsvp_for_event":"","_tribe_ticket_going_count":"","_tribe_ticket_not_going_count":"","_tribe_tickets_list":"[]","_tribe_ticket_has_attendee_info_fields":false,"footnotes":""},"categories":[139,9],"tags":[],"post_folder":[],"class_list":["post-39505","post","type-post","status-publish","format-standard","has-post-thumbnail","hentry","category-instagram","category-studium"],"yoast_head":"<!-- This site is optimized with the Yoast SEO plugin v27.5 - https:\/\/yoast.com\/product\/yoast-seo-wordpress\/ -->\n<title>unistart am 10. Oktober \/ Goethe-Uni begr\u00fc\u00dft neue Studierende | Aktuelles aus der Goethe-Universit\u00e4t Frankfurt<\/title>\n<meta name=\"robots\" content=\"index, follow, max-snippet:-1, max-image-preview:large, max-video-preview:-1\" \/>\n<link rel=\"canonical\" href=\"https:\/\/aktuelles.uni-frankfurt.de\/en\/studium\/unistart-am-10-oktober-goethe-uni-begruesst-neue-studierende\/\" \/>\n<meta property=\"og:locale\" content=\"en_GB\" \/>\n<meta property=\"og:type\" content=\"article\" \/>\n<meta property=\"og:title\" content=\"unistart am 10. Oktober \/ Goethe-Uni begr\u00fc\u00dft neue Studierende | Aktuelles aus der Goethe-Universit\u00e4t Frankfurt\" \/>\n<meta property=\"og:description\" content=\"\u00dcber 8.000 Studierende werden am Donnerstag an der zentralen Erstsemesterveranstaltung der Goethe-Universit\u00e4t teilnehmen. Begr\u00fc\u00dft werden die \u201eErstis\u201c auf der unistart-Messe im H\u00f6rsaalzentrum auch von Universit\u00e4tspr\u00e4sidentin Prof. Birgitta Wolff: \u201eWir freuen [&hellip;]\" \/>\n<meta property=\"og:url\" content=\"https:\/\/aktuelles.uni-frankfurt.de\/en\/studium\/unistart-am-10-oktober-goethe-uni-begruesst-neue-studierende\/\" \/>\n<meta property=\"og:site_name\" content=\"Aktuelles aus der Goethe-Universit\u00e4t Frankfurt\" \/>\n<meta property=\"article:published_time\" content=\"2019-10-09T09:37:48+00:00\" \/>\n<meta property=\"article:modified_time\" content=\"2019-10-10T08:25:23+00:00\" \/>\n<meta property=\"og:image\" content=\"https:\/\/aktuelles.uni-frankfurt.de\/wp-content\/uploads\/2019\/10\/beitragsbild_unistrat-WiSe-2019-20.jpg\" \/>\n\t<meta property=\"og:image:width\" content=\"650\" \/>\n\t<meta property=\"og:image:height\" content=\"450\" \/>\n\t<meta property=\"og:image:type\" content=\"image\/jpeg\" \/>\n<meta name=\"author\" content=\"-\" \/>\n<meta name=\"twitter:card\" content=\"summary_large_image\" \/>\n<meta name=\"twitter:label1\" content=\"Written by\" \/>\n\t<meta name=\"twitter:data1\" content=\"-\" \/>\n\t<meta name=\"twitter:label2\" content=\"Estimated reading time\" \/>\n\t<meta name=\"twitter:data2\" content=\"2 minutes\" \/>\n<script type=\"application\/ld+json\" class=\"yoast-schema-graph\">{\"@context\":\"https:\\\/\\\/schema.org\",\"@graph\":[{\"@type\":\"Article\",\"@id\":\"https:\\\/\\\/aktuelles.uni-frankfurt.de\\\/studium\\\/unistart-am-10-oktober-goethe-uni-begruesst-neue-studierende\\\/#article\",\"isPartOf\":{\"@id\":\"https:\\\/\\\/aktuelles.uni-frankfurt.de\\\/studium\\\/unistart-am-10-oktober-goethe-uni-begruesst-neue-studierende\\\/\"},\"author\":{\"name\":\"-\",\"@id\":\"https:\\\/\\\/aktuelles.uni-frankfurt.de\\\/#\\\/schema\\\/person\\\/8e55ea338fb65d1ce87a91565d1f1739\"},\"headline\":\"unistart am 10. Oktober \\\/ Goethe-Uni begr\u00fc\u00dft neue Studierende\",\"datePublished\":\"2019-10-09T09:37:48+00:00\",\"dateModified\":\"2019-10-10T08:25:23+00:00\",\"mainEntityOfPage\":{\"@id\":\"https:\\\/\\\/aktuelles.uni-frankfurt.de\\\/studium\\\/unistart-am-10-oktober-goethe-uni-begruesst-neue-studierende\\\/\"},\"wordCount\":336,\"publisher\":{\"@id\":\"https:\\\/\\\/aktuelles.uni-frankfurt.de\\\/#organization\"},\"image\":{\"@id\":\"https:\\\/\\\/aktuelles.uni-frankfurt.de\\\/studium\\\/unistart-am-10-oktober-goethe-uni-begruesst-neue-studierende\\\/#primaryimage\"},\"thumbnailUrl\":\"https:\\\/\\\/aktuelles.uni-frankfurt.de\\\/wp-content\\\/uploads\\\/2019\\\/10\\\/beitragsbild_unistrat-WiSe-2019-20.jpg\",\"articleSection\":[\"Instagram\",\"Studium\"],\"inLanguage\":\"en-GB\"},{\"@type\":\"WebPage\",\"@id\":\"https:\\\/\\\/aktuelles.uni-frankfurt.de\\\/studium\\\/unistart-am-10-oktober-goethe-uni-begruesst-neue-studierende\\\/\",\"url\":\"https:\\\/\\\/aktuelles.uni-frankfurt.de\\\/studium\\\/unistart-am-10-oktober-goethe-uni-begruesst-neue-studierende\\\/\",\"name\":\"unistart am 10. Oktober \\\/ Goethe-Uni begr\u00fc\u00dft neue Studierende | Aktuelles aus der Goethe-Universit\u00e4t Frankfurt\",\"isPartOf\":{\"@id\":\"https:\\\/\\\/aktuelles.uni-frankfurt.de\\\/#website\"},\"primaryImageOfPage\":{\"@id\":\"https:\\\/\\\/aktuelles.uni-frankfurt.de\\\/studium\\\/unistart-am-10-oktober-goethe-uni-begruesst-neue-studierende\\\/#primaryimage\"},\"image\":{\"@id\":\"https:\\\/\\\/aktuelles.uni-frankfurt.de\\\/studium\\\/unistart-am-10-oktober-goethe-uni-begruesst-neue-studierende\\\/#primaryimage\"},\"thumbnailUrl\":\"https:\\\/\\\/aktuelles.uni-frankfurt.de\\\/wp-content\\\/uploads\\\/2019\\\/10\\\/beitragsbild_unistrat-WiSe-2019-20.jpg\",\"datePublished\":\"2019-10-09T09:37:48+00:00\",\"dateModified\":\"2019-10-10T08:25:23+00:00\",\"breadcrumb\":{\"@id\":\"https:\\\/\\\/aktuelles.uni-frankfurt.de\\\/studium\\\/unistart-am-10-oktober-goethe-uni-begruesst-neue-studierende\\\/#breadcrumb\"},\"inLanguage\":\"en-GB\",\"potentialAction\":[{\"@type\":\"ReadAction\",\"target\":[\"https:\\\/\\\/aktuelles.uni-frankfurt.de\\\/studium\\\/unistart-am-10-oktober-goethe-uni-begruesst-neue-studierende\\\/\"]}]},{\"@type\":\"ImageObject\",\"inLanguage\":\"en-GB\",\"@id\":\"https:\\\/\\\/aktuelles.uni-frankfurt.de\\\/studium\\\/unistart-am-10-oktober-goethe-uni-begruesst-neue-studierende\\\/#primaryimage\",\"url\":\"https:\\\/\\\/aktuelles.uni-frankfurt.de\\\/wp-content\\\/uploads\\\/2019\\\/10\\\/beitragsbild_unistrat-WiSe-2019-20.jpg\",\"contentUrl\":\"https:\\\/\\\/aktuelles.uni-frankfurt.de\\\/wp-content\\\/uploads\\\/2019\\\/10\\\/beitragsbild_unistrat-WiSe-2019-20.jpg\",\"width\":650,\"height\":450},{\"@type\":\"BreadcrumbList\",\"@id\":\"https:\\\/\\\/aktuelles.uni-frankfurt.de\\\/studium\\\/unistart-am-10-oktober-goethe-uni-begruesst-neue-studierende\\\/#breadcrumb\",\"itemListElement\":[{\"@type\":\"ListItem\",\"position\":1,\"name\":\"Startseite\",\"item\":\"https:\\\/\\\/aktuelles.uni-frankfurt.de\\\/\"},{\"@type\":\"ListItem\",\"position\":2,\"name\":\"unistart am 10. Oktober \\\/ Goethe-Uni begr\u00fc\u00dft neue Studierende\"}]},{\"@type\":\"WebSite\",\"@id\":\"https:\\\/\\\/aktuelles.uni-frankfurt.de\\\/#website\",\"url\":\"https:\\\/\\\/aktuelles.uni-frankfurt.de\\\/\",\"name\":\"Aktuelles aus der Goethe-Universit\u00e4t Frankfurt\",\"description\":\"Aktuelles aus der Goethe-Universit\u00e4t | Neues aus Forschung, Lehre, Studium\",\"publisher\":{\"@id\":\"https:\\\/\\\/aktuelles.uni-frankfurt.de\\\/#organization\"},\"potentialAction\":[{\"@type\":\"SearchAction\",\"target\":{\"@type\":\"EntryPoint\",\"urlTemplate\":\"https:\\\/\\\/aktuelles.uni-frankfurt.de\\\/?s={search_term_string}\"},\"query-input\":{\"@type\":\"PropertyValueSpecification\",\"valueRequired\":true,\"valueName\":\"search_term_string\"}}],\"inLanguage\":\"en-GB\"},{\"@type\":\"Organization\",\"@id\":\"https:\\\/\\\/aktuelles.uni-frankfurt.de\\\/#organization\",\"name\":\"Goethe-Universit\u00e4t\",\"url\":\"https:\\\/\\\/aktuelles.uni-frankfurt.de\\\/\",\"logo\":{\"@type\":\"ImageObject\",\"inLanguage\":\"en-GB\",\"@id\":\"https:\\\/\\\/aktuelles.uni-frankfurt.de\\\/#\\\/schema\\\/logo\\\/image\\\/\",\"url\":\"https:\\\/\\\/aktuelles.uni-frankfurt.de\\\/wp-content\\\/uploads\\\/2022\\\/03\\\/800px-Goethe-Logo.png\",\"contentUrl\":\"https:\\\/\\\/aktuelles.uni-frankfurt.de\\\/wp-content\\\/uploads\\\/2022\\\/03\\\/800px-Goethe-Logo.png\",\"width\":800,\"height\":436,\"caption\":\"Goethe-Universit\u00e4t\"},\"image\":{\"@id\":\"https:\\\/\\\/aktuelles.uni-frankfurt.de\\\/#\\\/schema\\\/logo\\\/image\\\/\"}},{\"@type\":\"Person\",\"@id\":\"https:\\\/\\\/aktuelles.uni-frankfurt.de\\\/#\\\/schema\\\/person\\\/8e55ea338fb65d1ce87a91565d1f1739\",\"name\":\"-\",\"description\":\"Dieser Beitrag wurde von der Online-Redaktion ver\u00f6ffentlicht. Wenn der Beitrag von einem Gastautoren verfasst wurde, findet sich dieser Hinweis am Ende des jeweiligen Artikels.\",\"sameAs\":[\"http:\\\/\\\/aktuelles.uni-frankfurt.de\\\/autoren\"],\"url\":\"https:\\\/\\\/aktuelles.uni-frankfurt.de\\\/en\\\/author\\\/redaktion\\\/\"}]}<\/script>\n<!-- \/ Yoast SEO plugin. -->","yoast_head_json":{"title":"unistart am 10. Oktober \/ Goethe-Uni begr\u00fc\u00dft neue Studierende | Aktuelles aus der Goethe-Universit\u00e4t Frankfurt","robots":{"index":"index","follow":"follow","max-snippet":"max-snippet:-1","max-image-preview":"max-image-preview:large","max-video-preview":"max-video-preview:-1"},"canonical":"https:\/\/aktuelles.uni-frankfurt.de\/en\/studium\/unistart-am-10-oktober-goethe-uni-begruesst-neue-studierende\/","og_locale":"en_GB","og_type":"article","og_title":"unistart am 10. Oktober \/ Goethe-Uni begr\u00fc\u00dft neue Studierende | Aktuelles aus der Goethe-Universit\u00e4t Frankfurt","og_description":"\u00dcber 8.000 Studierende werden am Donnerstag an der zentralen Erstsemesterveranstaltung der Goethe-Universit\u00e4t teilnehmen. Begr\u00fc\u00dft werden die \u201eErstis\u201c auf der unistart-Messe im H\u00f6rsaalzentrum auch von Universit\u00e4tspr\u00e4sidentin Prof. Birgitta Wolff: \u201eWir freuen [&hellip;]","og_url":"https:\/\/aktuelles.uni-frankfurt.de\/en\/studium\/unistart-am-10-oktober-goethe-uni-begruesst-neue-studierende\/","og_site_name":"Aktuelles aus der Goethe-Universit\u00e4t Frankfurt","article_published_time":"2019-10-09T09:37:48+00:00","article_modified_time":"2019-10-10T08:25:23+00:00","og_image":[{"width":650,"height":450,"url":"https:\/\/aktuelles.uni-frankfurt.de\/wp-content\/uploads\/2019\/10\/beitragsbild_unistrat-WiSe-2019-20.jpg","type":"image\/jpeg"}],"author":"-","twitter_card":"summary_large_image","twitter_misc":{"Written by":"-","Estimated reading time":"2 minutes"},"schema":{"@context":"https:\/\/schema.org","@graph":[{"@type":"Article","@id":"https:\/\/aktuelles.uni-frankfurt.de\/studium\/unistart-am-10-oktober-goethe-uni-begruesst-neue-studierende\/#article","isPartOf":{"@id":"https:\/\/aktuelles.uni-frankfurt.de\/studium\/unistart-am-10-oktober-goethe-uni-begruesst-neue-studierende\/"},"author":{"name":"-","@id":"https:\/\/aktuelles.uni-frankfurt.de\/#\/schema\/person\/8e55ea338fb65d1ce87a91565d1f1739"},"headline":"unistart am 10. Oktober \/ Goethe-Uni begr\u00fc\u00dft neue Studierende","datePublished":"2019-10-09T09:37:48+00:00","dateModified":"2019-10-10T08:25:23+00:00","mainEntityOfPage":{"@id":"https:\/\/aktuelles.uni-frankfurt.de\/studium\/unistart-am-10-oktober-goethe-uni-begruesst-neue-studierende\/"},"wordCount":336,"publisher":{"@id":"https:\/\/aktuelles.uni-frankfurt.de\/#organization"},"image":{"@id":"https:\/\/aktuelles.uni-frankfurt.de\/studium\/unistart-am-10-oktober-goethe-uni-begruesst-neue-studierende\/#primaryimage"},"thumbnailUrl":"https:\/\/aktuelles.uni-frankfurt.de\/wp-content\/uploads\/2019\/10\/beitragsbild_unistrat-WiSe-2019-20.jpg","articleSection":["Instagram","Studium"],"inLanguage":"en-GB"},{"@type":"WebPage","@id":"https:\/\/aktuelles.uni-frankfurt.de\/studium\/unistart-am-10-oktober-goethe-uni-begruesst-neue-studierende\/","url":"https:\/\/aktuelles.uni-frankfurt.de\/studium\/unistart-am-10-oktober-goethe-uni-begruesst-neue-studierende\/","name":"unistart am 10. Oktober \/ Goethe-Uni begr\u00fc\u00dft neue Studierende | Aktuelles aus der Goethe-Universit\u00e4t Frankfurt","isPartOf":{"@id":"https:\/\/aktuelles.uni-frankfurt.de\/#website"},"primaryImageOfPage":{"@id":"https:\/\/aktuelles.uni-frankfurt.de\/studium\/unistart-am-10-oktober-goethe-uni-begruesst-neue-studierende\/#primaryimage"},"image":{"@id":"https:\/\/aktuelles.uni-frankfurt.de\/studium\/unistart-am-10-oktober-goethe-uni-begruesst-neue-studierende\/#primaryimage"},"thumbnailUrl":"https:\/\/aktuelles.uni-frankfurt.de\/wp-content\/uploads\/2019\/10\/beitragsbild_unistrat-WiSe-2019-20.jpg","datePublished":"2019-10-09T09:37:48+00:00","dateModified":"2019-10-10T08:25:23+00:00","breadcrumb":{"@id":"https:\/\/aktuelles.uni-frankfurt.de\/studium\/unistart-am-10-oktober-goethe-uni-begruesst-neue-studierende\/#breadcrumb"},"inLanguage":"en-GB","potentialAction":[{"@type":"ReadAction","target":["https:\/\/aktuelles.uni-frankfurt.de\/studium\/unistart-am-10-oktober-goethe-uni-begruesst-neue-studierende\/"]}]},{"@type":"ImageObject","inLanguage":"en-GB","@id":"https:\/\/aktuelles.uni-frankfurt.de\/studium\/unistart-am-10-oktober-goethe-uni-begruesst-neue-studierende\/#primaryimage","url":"https:\/\/aktuelles.uni-frankfurt.de\/wp-content\/uploads\/2019\/10\/beitragsbild_unistrat-WiSe-2019-20.jpg","contentUrl":"https:\/\/aktuelles.uni-frankfurt.de\/wp-content\/uploads\/2019\/10\/beitragsbild_unistrat-WiSe-2019-20.jpg","width":650,"height":450},{"@type":"BreadcrumbList","@id":"https:\/\/aktuelles.uni-frankfurt.de\/studium\/unistart-am-10-oktober-goethe-uni-begruesst-neue-studierende\/#breadcrumb","itemListElement":[{"@type":"ListItem","position":1,"name":"Startseite","item":"https:\/\/aktuelles.uni-frankfurt.de\/"},{"@type":"ListItem","position":2,"name":"unistart am 10. Oktober \/ Goethe-Uni begr\u00fc\u00dft neue Studierende"}]},{"@type":"WebSite","@id":"https:\/\/aktuelles.uni-frankfurt.de\/#website","url":"https:\/\/aktuelles.uni-frankfurt.de\/","name":"Aktuelles aus der Goethe-Universit\u00e4t Frankfurt","description":"Aktuelles aus der Goethe-Universit\u00e4t | Neues aus Forschung, Lehre, Studium","publisher":{"@id":"https:\/\/aktuelles.uni-frankfurt.de\/#organization"},"potentialAction":[{"@type":"SearchAction","target":{"@type":"EntryPoint","urlTemplate":"https:\/\/aktuelles.uni-frankfurt.de\/?s={search_term_string}"},"query-input":{"@type":"PropertyValueSpecification","valueRequired":true,"valueName":"search_term_string"}}],"inLanguage":"en-GB"},{"@type":"Organization","@id":"https:\/\/aktuelles.uni-frankfurt.de\/#organization","name":"Goethe University Frankfurt","url":"https:\/\/aktuelles.uni-frankfurt.de\/","logo":{"@type":"ImageObject","inLanguage":"en-GB","@id":"https:\/\/aktuelles.uni-frankfurt.de\/#\/schema\/logo\/image\/","url":"https:\/\/aktuelles.uni-frankfurt.de\/wp-content\/uploads\/2022\/03\/800px-Goethe-Logo.png","contentUrl":"https:\/\/aktuelles.uni-frankfurt.de\/wp-content\/uploads\/2022\/03\/800px-Goethe-Logo.png","width":800,"height":436,"caption":"Goethe-Universit\u00e4t"},"image":{"@id":"https:\/\/aktuelles.uni-frankfurt.de\/#\/schema\/logo\/image\/"}},{"@type":"Person","@id":"https:\/\/aktuelles.uni-frankfurt.de\/#\/schema\/person\/8e55ea338fb65d1ce87a91565d1f1739","name":"-","description":"Dieser Beitrag wurde von der Online-Redaktion ver\u00f6ffentlicht. Wenn der Beitrag von einem Gastautoren verfasst wurde, findet sich dieser Hinweis am Ende des jeweiligen Artikels.","sameAs":["http:\/\/aktuelles.uni-frankfurt.de\/autoren"],"url":"https:\/\/aktuelles.uni-frankfurt.de\/en\/author\/redaktion\/"}]}},"_links":{"self":[{"href":"https:\/\/aktuelles.uni-frankfurt.de\/en\/wp-json\/wp\/v2\/posts\/39505","targetHints":{"allow":["GET"]}}],"collection":[{"href":"https:\/\/aktuelles.uni-frankfurt.de\/en\/wp-json\/wp\/v2\/posts"}],"about":[{"href":"https:\/\/aktuelles.uni-frankfurt.de\/en\/wp-json\/wp\/v2\/types\/post"}],"author":[{"embeddable":true,"href":"https:\/\/aktuelles.uni-frankfurt.de\/en\/wp-json\/wp\/v2\/users\/8"}],"replies":[{"embeddable":true,"href":"https:\/\/aktuelles.uni-frankfurt.de\/en\/wp-json\/wp\/v2\/comments?post=39505"}],"version-history":[{"count":0,"href":"https:\/\/aktuelles.uni-frankfurt.de\/en\/wp-json\/wp\/v2\/posts\/39505\/revisions"}],"wp:featuredmedia":[{"embeddable":true,"href":"https:\/\/aktuelles.uni-frankfurt.de\/en\/wp-json\/wp\/v2\/media\/39506"}],"wp:attachment":[{"href":"https:\/\/aktuelles.uni-frankfurt.de\/en\/wp-json\/wp\/v2\/media?parent=39505"}],"wp:term":[{"taxonomy":"category","embeddable":true,"href":"https:\/\/aktuelles.uni-frankfurt.de\/en\/wp-json\/wp\/v2\/categories?post=39505"},{"taxonomy":"post_tag","embeddable":true,"href":"https:\/\/aktuelles.uni-frankfurt.de\/en\/wp-json\/wp\/v2\/tags?post=39505"},{"taxonomy":"post_folder","embeddable":true,"href":"https:\/\/aktuelles.uni-frankfurt.de\/en\/wp-json\/wp\/v2\/post_folder?post=39505"}],"curies":[{"name":"wp","href":"https:\/\/api.w.org\/{rel}","templated":true}]}}