{"id":3970,"date":"2013-12-06T11:51:28","date_gmt":"2013-12-06T10:51:28","guid":{"rendered":"http:\/\/aktuelles.uni-frankfurt.de\/?p=3970"},"modified":"2016-04-04T13:23:29","modified_gmt":"2016-04-04T11:23:29","slug":"herzlichen-glueckwunsch-liebe-goethe-universitaet","status":"publish","type":"post","link":"https:\/\/aktuelles.uni-frankfurt.de\/en\/menschen\/herzlichen-glueckwunsch-liebe-goethe-universitaet\/","title":{"rendered":"&#8222;Herzlichen Gl\u00fcckwunsch, liebe Goethe-Universit\u00e4t.&#8220;"},"content":{"rendered":"<figure id=\"attachment_3984\" aria-describedby=\"caption-attachment-3984\" style=\"width: 300px\" class=\"wp-caption alignleft\"><a class=\"dt-single-image\" href=\"https:\/\/aktuelles.uni-frankfurt.de\/wp-content\/uploads\/2016\/02\/Klopp_Interview-028.jpg\" rel=\"attachment wp-att-3984\" data-dt-img-description=\"\"><img fetchpriority=\"high\" decoding=\"async\" class=\"wp-image-3984\" src=\"https:\/\/aktuelles.uni-frankfurt.de\/wp-content\/uploads\/2016\/02\/Klopp_Interview-028-300x200.jpg\" alt=\"Klopp_Interview-028\" width=\"300\" height=\"200\" srcset=\"https:\/\/aktuelles.uni-frankfurt.de\/wp-content\/uploads\/2016\/02\/Klopp_Interview-028-300x200.jpg 300w, https:\/\/aktuelles.uni-frankfurt.de\/wp-content\/uploads\/2016\/02\/Klopp_Interview-028-768x512.jpg 768w, https:\/\/aktuelles.uni-frankfurt.de\/wp-content\/uploads\/2016\/02\/Klopp_Interview-028-1024x683.jpg 1024w\" sizes=\"(max-width: 300px) 100vw, 300px\" \/><\/a><figcaption id=\"caption-attachment-3984\" class=\"wp-caption-text\">J\u00fcrgen Klopp beim Interview zum hundertsten Jubil\u00e4um der Goethe-Universit\u00e4t in Dortmund.<\/figcaption><\/figure>\n<p>J\u00fcrgen Klopp, Trainer der Borussia Dortmund, gratuliert seiner Alma Mater zum Jubil\u00e4um. 1995 hat Klopp an der Goethe-Universit\u00e4t das Diplom in Sportwissenschaften abgelegt.<\/p>\n<p><em>Herr Klopp, mit welchen Gef\u00fchlen denken Sie eigentlich zur\u00fcck an Ihr Studium in Frankfurt an der Goethe-Universit\u00e4t?<\/em><\/p>\n<p>Mit unglaublich vielen positiven Gef\u00fchlen, weil es zum einen eine sehr sch\u00f6ne Zeit war, zum anderen dadurch eine pr\u00e4gende Zeit. Viele meiner besten Freunde habe ich einfach rund um dieses Studium kennengelernt. Ich wusste damals noch nicht ganz genau, wo es hingehen sollte, aber wenn man sich meinen heutigen Beruf anguckt, dann kann man sagen, ohne Durchblick doch Weitblick bewiesen. Ich konnte zumindest damit sp\u00e4ter etwas anfangen.<\/p>\n<p><em>Die Goethe-Universit\u00e4t hat also einen Anteil daran gehabt hat, dass Sie heute da sind, wo Sie sind?<\/em><\/p>\n<p>Hundertprozentig. Mein Studium hat zwar ein bisschen l\u00e4nger gedauert, weil Reckturnen nicht gerade meine Paradedisziplin war (lacht). Da musste ich h\u00e4ufiger und l\u00e4nger \u00fcben als andere. Ich war zu dieser Zeit ja schon Fu\u00dfballprofi und konnte nicht immer alles direkt dann machen, wenn es vielleicht an der Zeit gewesen w\u00e4re. Es war also eine sehr pr\u00e4gende Zeit, menschlich, aber dar\u00fcber hinaus nat\u00fcrlich auch f\u00fcr mich und mein sp\u00e4teres Berufsleben die perfekte Vorbereitung.<\/p>\n<p><em>Sie haben das Walking als Ihre Diplomthema gew\u00e4hlt, warum?<\/em><\/p>\n<p>(lacht) Gew\u00e4hlt ist nicht ganz richtig! Nee \u2026<\/p>\n<p><em>Unfreiwillig?<\/em><\/p>\n<p>So richtig viel Zeit hatte ich als Fu\u00dfballprofi und junger Vater f\u00fcr eine Diplomarbeit ja nicht. Ich dachte, ich mache die mal schnell fertig, und habe das meinem Betreuer Professor B\u00f6s auch so gesagt&#8230;<\/p>\n<p><em>Wie hat der reagiert?<\/em><\/p>\n<p>Ich schlug ihm vor, etwas zum Thema R\u00fcckenschule zu machen. Da gab es, glaub ich, 48 Millionen Arbeiten vor und 49 Millionen danach. B\u00f6s aber sagte: \u201eNichts da! Das will ich nicht mehr lesen, das kann ich nicht mehr sehen. Aber es gibt da eine neue Trendsportart aus den USA. Die laufen da morgens durch die Malls.\u201c Ehrlich gesagt war ich erst mal \u00fcberhaupt nicht begeistert. Aber dann haben wir uns doch in das Thema reingebissen gemeinsam mit einer Kommilitonin und haben eine richtige Untersuchung gemacht. Am Ende war es, so meine ich, die erste Diplomarbeit in Deutschland zum Thema Walking.<\/p>\n<p>[dt_quote type=&#8220;pullquote&#8220; font_size=&#8220;h4&#8243; background=&#8220;fancy&#8220; layout=&#8220;left&#8220; size=&#8220;3&#8243;]\u201eWir hatten tolle Professoren&#8220;[\/dt_quote]<\/p>\n<p><em>Gab\u2019s bei Ihnen auch mal einen Punkt, wo Sie dachten, jetzt schmei\u00df ich das Studium hin! Oder gar nicht?<\/em><\/p>\n<p>Den gab es bestimmt. Aber wir hatten tolle Professoren. Und die haben uns auch immer ein bisschen die Stange gehalten und uns Perspektiven aufgezeigt. Als ich begann, war Professor Kiphard noch da. Der war im Bereich Motop\u00e4dagogik sicher die Koryph\u00e4e schlechthin. Und er war auch ein au\u00dfergew\u00f6hnlicher Mensch. Und dann hatten wir Professor Schmidtbleicher in Trainingslehre, also einfach viele wirklich gute Leute! Das Problem, das viele junge Menschen heute haben, hatten wir damals auch. Wir wussten nicht so genau, wo es mit dem Studium hingehen sollte. Du musst dich irgendwie festlegen auf einen Schwerpunkt. Der war bei mir dann Pr\u00e4vention und Rehabilitation. Ich habe viele Praktika gemacht, unter anderem bei MPGU in Frankfurt. Das habe ich zwar gern gemacht, konnte aber abends nicht mehr abschalten nach der Arbeit mit diesen vielen schwerverletzten Menschen. Dann habe ich beim Fernsehen Praktika gemacht und bin dann gl\u00fccklicherweise im Fu\u00dfball h\u00e4ngen geblieben. Auch meine ganzen Ex-Kommilitonen, mit denen ich heute noch Kontakt habe, sind alle gl\u00fccklich geworden mit dem Studium.<\/p>\n<p><em>Hatten Sie noch irgendwelche Ber\u00fchrungspunkte in den letzten Jahren [\u2026] zur Goethe-Universit\u00e4t?<\/em><\/p>\n<p>Klar, als ich noch in Mainz Trainer war. Inzwischen nicht mehr. Aber mein Leiter Athletik beim BVB, Andreas Schlumberger, hat an der Uni Frankfurt promoviert. Wir kannten uns zwar schon vorher, haben aber beide auch in Frankfurt studiert. Die Bilder meiner Kreuzband-Reha m\u00fcssten eigentlich noch unten in der Sporttherapie h\u00e4ngen. Die haben wir damals zusammen gemacht, Andreas Schlumberger und ich. Und mit den Fotos und mit dem ganzen Bericht davon ist er dann touren gegangen und hat sogar Vortr\u00e4ge bis Finnland gehalten.<\/p>\n<p><em>Wenn Sie den jungen Menschen einen Rat geben wollten, w\u00fcrden Sie ihnen zum Studium raten?<\/em><\/p>\n<p>Ja, auf jeden Fall! Du kannst ein selbstst\u00e4ndiger Mensch werden. Das ist sehr wichtig. Dein Einsatz, den du bringst, der zahlt sich entweder direkt aus, oder dein nicht erbrachter Einsatz fliegt dir auch sofort um die Ohren. Das sind alles Dinge, die du so nicht \u00fcberall lernen kannst. Und es ist ein gro\u00dfer Sprung. Das war es f\u00fcr mich zumindest damals. Nach der Schule direkt ins Studium. Aber es ist eine tolle Erfahrung. Es ist die beste Art Wissen anzusammeln und dabei erwachsen zu werden, die ich mir so vorstellen k\u00f6nnte. Ich find\u2019s heute immer schade, wenn Leute schon mit 22, 23 auf den Arbeitsmarkt geworfen werden als Bachelor.<\/p>\n<p>[dt_quote type=&#8220;pullquote&#8220; font_size=&#8220;h4&#8243; background=&#8220;fancy&#8220; layout=&#8220;right&#8220; size=&#8220;3&#8243;]\u201eIch w\u00fcrde mir w\u00fcnschen, dass nach mir noch ungef\u00e4hr Millionen anderer junger Menschen genauso viel Spa\u00df haben&#8220;[\/dt_quote]<\/p>\n<p><em>Was w\u00fcnschen Sie der Goethe-Universit\u00e4t zum hundertsten Geburtstag?<\/em><\/p>\n<p>Alles Gute erst mal. Herzlichen Gl\u00fcckwunsch, liebe Goethe-Universit\u00e4t. Ich hatte viel Spa\u00df mit dir. Und ich w\u00fcrde mir w\u00fcnschen, dass nach mir noch ungef\u00e4hr Millionen anderer junger Menschen genauso viel Spa\u00df haben, dass sie bei dir viel lernen k\u00f6nnen, von dir viel lernen, von dir viel abgucken k\u00f6nnen, sich bei dir wohl f\u00fchlen k\u00f6nnen und zu besseren Menschen reifen. Oder zumindest den Start erleichtert bekommen in ein Leben, das nicht so schlecht ist, aber manchmal auch ein bisschen schwierig. Also, alles Gute, auf die n\u00e4chsten Hundert, wir sehen uns. Ciao!<\/p>\n<p>Die Fragen stellte Olaf Kaltenborn.<\/p>\n<p>[dt_call_to_action content_size=&#8220;small&#8220; background=&#8220;fancy&#8220; line=&#8220;true&#8220; animation=&#8220;fadeIn&#8220;]<\/p>\n<h3>Video mit dem damaligen BVB-Trainer J\u00fcrgern Klopp<\/h3>\n<p><iframe src=\"https:\/\/www.youtube-nocookie.com\/embed\/a6N3NO8ZS0g\" width=\"725\" height=\"450\" frameborder=\"0\" allowfullscreen=\"allowfullscreen\"><\/iframe><br \/>\n[\/dt_call_to_action]<\/p>\n","protected":false},"excerpt":{"rendered":"<p>J\u00fcrgen Klopp, Trainer der Borussia Dortmund, gratuliert seiner Alma Mater zum Jubil\u00e4um. 1995 hat Klopp an der Goethe-Universit\u00e4t das Diplom in Sportwissenschaften abgelegt. Herr Klopp, mit welchen Gef\u00fchlen denken Sie [&hellip;]<\/p>\n","protected":false},"author":8,"featured_media":3984,"comment_status":"closed","ping_status":"closed","sticky":false,"template":"","format":"standard","meta":{"_eb_attr":"","_price":"","_stock":"","_tribe_ticket_header":"","_tribe_default_ticket_provider":"","_ticket_start_date":"","_ticket_end_date":"","_tribe_ticket_show_description":"","_tribe_ticket_show_not_going":false,"_tribe_ticket_use_global_stock":"","_tribe_ticket_global_stock_level":"","_global_stock_mode":"","_global_stock_cap":"","_tribe_rsvp_for_event":"","_tribe_ticket_going_count":"","_tribe_ticket_not_going_count":"","_tribe_tickets_list":"[]","_tribe_ticket_has_attendee_info_fields":false,"footnotes":""},"categories":[6,9],"tags":[80,25],"post_folder":[],"class_list":["post-3970","post","type-post","status-publish","format-standard","has-post-thumbnail","hentry","category-menschen","category-studium","tag-alumni","tag-interview"],"yoast_head":"<!-- This site is optimized with the Yoast SEO plugin v27.5 - https:\/\/yoast.com\/product\/yoast-seo-wordpress\/ -->\n<title>&quot;Herzlichen Gl\u00fcckwunsch, liebe Goethe-Universit\u00e4t.&quot; | Aktuelles aus der Goethe-Universit\u00e4t Frankfurt<\/title>\n<meta name=\"robots\" content=\"index, follow, max-snippet:-1, max-image-preview:large, max-video-preview:-1\" \/>\n<link rel=\"canonical\" href=\"https:\/\/aktuelles.uni-frankfurt.de\/en\/menschen\/herzlichen-glueckwunsch-liebe-goethe-universitaet\/\" \/>\n<meta property=\"og:locale\" content=\"en_GB\" \/>\n<meta property=\"og:type\" content=\"article\" \/>\n<meta property=\"og:title\" content=\"&quot;Herzlichen Gl\u00fcckwunsch, liebe Goethe-Universit\u00e4t.&quot; | Aktuelles aus der Goethe-Universit\u00e4t Frankfurt\" \/>\n<meta property=\"og:description\" content=\"J\u00fcrgen Klopp, Trainer der Borussia Dortmund, gratuliert seiner Alma Mater zum Jubil\u00e4um. 1995 hat Klopp an der Goethe-Universit\u00e4t das Diplom in Sportwissenschaften abgelegt. Herr Klopp, mit welchen Gef\u00fchlen denken Sie [&hellip;]\" \/>\n<meta property=\"og:url\" content=\"https:\/\/aktuelles.uni-frankfurt.de\/en\/menschen\/herzlichen-glueckwunsch-liebe-goethe-universitaet\/\" \/>\n<meta property=\"og:site_name\" content=\"Aktuelles aus der Goethe-Universit\u00e4t Frankfurt\" \/>\n<meta property=\"article:published_time\" content=\"2013-12-06T10:51:28+00:00\" \/>\n<meta property=\"article:modified_time\" content=\"2016-04-04T11:23:29+00:00\" \/>\n<meta property=\"og:image\" content=\"https:\/\/aktuelles.uni-frankfurt.de\/wp-content\/uploads\/2016\/02\/Klopp_Interview-028-1024x683.jpg\" \/>\n\t<meta property=\"og:image:width\" content=\"1024\" \/>\n\t<meta property=\"og:image:height\" content=\"683\" \/>\n\t<meta property=\"og:image:type\" content=\"image\/jpeg\" \/>\n<meta name=\"author\" content=\"-\" \/>\n<meta name=\"twitter:card\" content=\"summary_large_image\" \/>\n<meta name=\"twitter:label1\" content=\"Written by\" \/>\n\t<meta name=\"twitter:data1\" content=\"-\" \/>\n\t<meta name=\"twitter:label2\" content=\"Estimated reading time\" \/>\n\t<meta name=\"twitter:data2\" content=\"5 minutes\" \/>\n<script type=\"application\/ld+json\" class=\"yoast-schema-graph\">{\"@context\":\"https:\\\/\\\/schema.org\",\"@graph\":[{\"@type\":\"Article\",\"@id\":\"https:\\\/\\\/aktuelles.uni-frankfurt.de\\\/menschen\\\/herzlichen-glueckwunsch-liebe-goethe-universitaet\\\/#article\",\"isPartOf\":{\"@id\":\"https:\\\/\\\/aktuelles.uni-frankfurt.de\\\/menschen\\\/herzlichen-glueckwunsch-liebe-goethe-universitaet\\\/\"},\"author\":{\"name\":\"-\",\"@id\":\"https:\\\/\\\/aktuelles.uni-frankfurt.de\\\/#\\\/schema\\\/person\\\/8e55ea338fb65d1ce87a91565d1f1739\"},\"headline\":\"&#8222;Herzlichen Gl\u00fcckwunsch, liebe Goethe-Universit\u00e4t.&#8220;\",\"datePublished\":\"2013-12-06T10:51:28+00:00\",\"dateModified\":\"2016-04-04T11:23:29+00:00\",\"mainEntityOfPage\":{\"@id\":\"https:\\\/\\\/aktuelles.uni-frankfurt.de\\\/menschen\\\/herzlichen-glueckwunsch-liebe-goethe-universitaet\\\/\"},\"wordCount\":1017,\"publisher\":{\"@id\":\"https:\\\/\\\/aktuelles.uni-frankfurt.de\\\/#organization\"},\"image\":{\"@id\":\"https:\\\/\\\/aktuelles.uni-frankfurt.de\\\/menschen\\\/herzlichen-glueckwunsch-liebe-goethe-universitaet\\\/#primaryimage\"},\"thumbnailUrl\":\"https:\\\/\\\/aktuelles.uni-frankfurt.de\\\/wp-content\\\/uploads\\\/2016\\\/02\\\/Klopp_Interview-028.jpg\",\"keywords\":[\"Alumni\",\"Interview\"],\"articleSection\":[\"Menschen\",\"Studium\"],\"inLanguage\":\"en-GB\"},{\"@type\":\"WebPage\",\"@id\":\"https:\\\/\\\/aktuelles.uni-frankfurt.de\\\/menschen\\\/herzlichen-glueckwunsch-liebe-goethe-universitaet\\\/\",\"url\":\"https:\\\/\\\/aktuelles.uni-frankfurt.de\\\/menschen\\\/herzlichen-glueckwunsch-liebe-goethe-universitaet\\\/\",\"name\":\"\\\"Herzlichen Gl\u00fcckwunsch, liebe Goethe-Universit\u00e4t.\\\" | Aktuelles aus der Goethe-Universit\u00e4t Frankfurt\",\"isPartOf\":{\"@id\":\"https:\\\/\\\/aktuelles.uni-frankfurt.de\\\/#website\"},\"primaryImageOfPage\":{\"@id\":\"https:\\\/\\\/aktuelles.uni-frankfurt.de\\\/menschen\\\/herzlichen-glueckwunsch-liebe-goethe-universitaet\\\/#primaryimage\"},\"image\":{\"@id\":\"https:\\\/\\\/aktuelles.uni-frankfurt.de\\\/menschen\\\/herzlichen-glueckwunsch-liebe-goethe-universitaet\\\/#primaryimage\"},\"thumbnailUrl\":\"https:\\\/\\\/aktuelles.uni-frankfurt.de\\\/wp-content\\\/uploads\\\/2016\\\/02\\\/Klopp_Interview-028.jpg\",\"datePublished\":\"2013-12-06T10:51:28+00:00\",\"dateModified\":\"2016-04-04T11:23:29+00:00\",\"breadcrumb\":{\"@id\":\"https:\\\/\\\/aktuelles.uni-frankfurt.de\\\/menschen\\\/herzlichen-glueckwunsch-liebe-goethe-universitaet\\\/#breadcrumb\"},\"inLanguage\":\"en-GB\",\"potentialAction\":[{\"@type\":\"ReadAction\",\"target\":[\"https:\\\/\\\/aktuelles.uni-frankfurt.de\\\/menschen\\\/herzlichen-glueckwunsch-liebe-goethe-universitaet\\\/\"]}]},{\"@type\":\"ImageObject\",\"inLanguage\":\"en-GB\",\"@id\":\"https:\\\/\\\/aktuelles.uni-frankfurt.de\\\/menschen\\\/herzlichen-glueckwunsch-liebe-goethe-universitaet\\\/#primaryimage\",\"url\":\"https:\\\/\\\/aktuelles.uni-frankfurt.de\\\/wp-content\\\/uploads\\\/2016\\\/02\\\/Klopp_Interview-028.jpg\",\"contentUrl\":\"https:\\\/\\\/aktuelles.uni-frankfurt.de\\\/wp-content\\\/uploads\\\/2016\\\/02\\\/Klopp_Interview-028.jpg\",\"width\":4752,\"height\":3168},{\"@type\":\"BreadcrumbList\",\"@id\":\"https:\\\/\\\/aktuelles.uni-frankfurt.de\\\/menschen\\\/herzlichen-glueckwunsch-liebe-goethe-universitaet\\\/#breadcrumb\",\"itemListElement\":[{\"@type\":\"ListItem\",\"position\":1,\"name\":\"Startseite\",\"item\":\"https:\\\/\\\/aktuelles.uni-frankfurt.de\\\/\"},{\"@type\":\"ListItem\",\"position\":2,\"name\":\"&#8220;Herzlichen Gl\u00fcckwunsch, liebe Goethe-Universit\u00e4t.&#8221;\"}]},{\"@type\":\"WebSite\",\"@id\":\"https:\\\/\\\/aktuelles.uni-frankfurt.de\\\/#website\",\"url\":\"https:\\\/\\\/aktuelles.uni-frankfurt.de\\\/\",\"name\":\"Aktuelles aus der Goethe-Universit\u00e4t Frankfurt\",\"description\":\"Aktuelles aus der Goethe-Universit\u00e4t | Neues aus Forschung, Lehre, Studium\",\"publisher\":{\"@id\":\"https:\\\/\\\/aktuelles.uni-frankfurt.de\\\/#organization\"},\"potentialAction\":[{\"@type\":\"SearchAction\",\"target\":{\"@type\":\"EntryPoint\",\"urlTemplate\":\"https:\\\/\\\/aktuelles.uni-frankfurt.de\\\/?s={search_term_string}\"},\"query-input\":{\"@type\":\"PropertyValueSpecification\",\"valueRequired\":true,\"valueName\":\"search_term_string\"}}],\"inLanguage\":\"en-GB\"},{\"@type\":\"Organization\",\"@id\":\"https:\\\/\\\/aktuelles.uni-frankfurt.de\\\/#organization\",\"name\":\"Goethe-Universit\u00e4t\",\"url\":\"https:\\\/\\\/aktuelles.uni-frankfurt.de\\\/\",\"logo\":{\"@type\":\"ImageObject\",\"inLanguage\":\"en-GB\",\"@id\":\"https:\\\/\\\/aktuelles.uni-frankfurt.de\\\/#\\\/schema\\\/logo\\\/image\\\/\",\"url\":\"https:\\\/\\\/aktuelles.uni-frankfurt.de\\\/wp-content\\\/uploads\\\/2022\\\/03\\\/800px-Goethe-Logo.png\",\"contentUrl\":\"https:\\\/\\\/aktuelles.uni-frankfurt.de\\\/wp-content\\\/uploads\\\/2022\\\/03\\\/800px-Goethe-Logo.png\",\"width\":800,\"height\":436,\"caption\":\"Goethe-Universit\u00e4t\"},\"image\":{\"@id\":\"https:\\\/\\\/aktuelles.uni-frankfurt.de\\\/#\\\/schema\\\/logo\\\/image\\\/\"}},{\"@type\":\"Person\",\"@id\":\"https:\\\/\\\/aktuelles.uni-frankfurt.de\\\/#\\\/schema\\\/person\\\/8e55ea338fb65d1ce87a91565d1f1739\",\"name\":\"-\",\"description\":\"Dieser Beitrag wurde von der Online-Redaktion ver\u00f6ffentlicht. Wenn der Beitrag von einem Gastautoren verfasst wurde, findet sich dieser Hinweis am Ende des jeweiligen Artikels.\",\"sameAs\":[\"http:\\\/\\\/aktuelles.uni-frankfurt.de\\\/autoren\"],\"url\":\"https:\\\/\\\/aktuelles.uni-frankfurt.de\\\/en\\\/author\\\/redaktion\\\/\"}]}<\/script>\n<!-- \/ Yoast SEO plugin. -->","yoast_head_json":{"title":"\"Herzlichen Gl\u00fcckwunsch, liebe Goethe-Universit\u00e4t.\" | Aktuelles aus der Goethe-Universit\u00e4t Frankfurt","robots":{"index":"index","follow":"follow","max-snippet":"max-snippet:-1","max-image-preview":"max-image-preview:large","max-video-preview":"max-video-preview:-1"},"canonical":"https:\/\/aktuelles.uni-frankfurt.de\/en\/menschen\/herzlichen-glueckwunsch-liebe-goethe-universitaet\/","og_locale":"en_GB","og_type":"article","og_title":"\"Herzlichen Gl\u00fcckwunsch, liebe Goethe-Universit\u00e4t.\" | Aktuelles aus der Goethe-Universit\u00e4t Frankfurt","og_description":"J\u00fcrgen Klopp, Trainer der Borussia Dortmund, gratuliert seiner Alma Mater zum Jubil\u00e4um. 1995 hat Klopp an der Goethe-Universit\u00e4t das Diplom in Sportwissenschaften abgelegt. Herr Klopp, mit welchen Gef\u00fchlen denken Sie [&hellip;]","og_url":"https:\/\/aktuelles.uni-frankfurt.de\/en\/menschen\/herzlichen-glueckwunsch-liebe-goethe-universitaet\/","og_site_name":"Aktuelles aus der Goethe-Universit\u00e4t Frankfurt","article_published_time":"2013-12-06T10:51:28+00:00","article_modified_time":"2016-04-04T11:23:29+00:00","og_image":[{"width":1024,"height":683,"url":"https:\/\/aktuelles.uni-frankfurt.de\/wp-content\/uploads\/2016\/02\/Klopp_Interview-028-1024x683.jpg","type":"image\/jpeg"}],"author":"-","twitter_card":"summary_large_image","twitter_misc":{"Written by":"-","Estimated reading time":"5 minutes"},"schema":{"@context":"https:\/\/schema.org","@graph":[{"@type":"Article","@id":"https:\/\/aktuelles.uni-frankfurt.de\/menschen\/herzlichen-glueckwunsch-liebe-goethe-universitaet\/#article","isPartOf":{"@id":"https:\/\/aktuelles.uni-frankfurt.de\/menschen\/herzlichen-glueckwunsch-liebe-goethe-universitaet\/"},"author":{"name":"-","@id":"https:\/\/aktuelles.uni-frankfurt.de\/#\/schema\/person\/8e55ea338fb65d1ce87a91565d1f1739"},"headline":"&#8222;Herzlichen Gl\u00fcckwunsch, liebe Goethe-Universit\u00e4t.&#8220;","datePublished":"2013-12-06T10:51:28+00:00","dateModified":"2016-04-04T11:23:29+00:00","mainEntityOfPage":{"@id":"https:\/\/aktuelles.uni-frankfurt.de\/menschen\/herzlichen-glueckwunsch-liebe-goethe-universitaet\/"},"wordCount":1017,"publisher":{"@id":"https:\/\/aktuelles.uni-frankfurt.de\/#organization"},"image":{"@id":"https:\/\/aktuelles.uni-frankfurt.de\/menschen\/herzlichen-glueckwunsch-liebe-goethe-universitaet\/#primaryimage"},"thumbnailUrl":"https:\/\/aktuelles.uni-frankfurt.de\/wp-content\/uploads\/2016\/02\/Klopp_Interview-028.jpg","keywords":["Alumni","Interview"],"articleSection":["Menschen","Studium"],"inLanguage":"en-GB"},{"@type":"WebPage","@id":"https:\/\/aktuelles.uni-frankfurt.de\/menschen\/herzlichen-glueckwunsch-liebe-goethe-universitaet\/","url":"https:\/\/aktuelles.uni-frankfurt.de\/menschen\/herzlichen-glueckwunsch-liebe-goethe-universitaet\/","name":"\"Herzlichen Gl\u00fcckwunsch, liebe Goethe-Universit\u00e4t.\" | Aktuelles aus der Goethe-Universit\u00e4t Frankfurt","isPartOf":{"@id":"https:\/\/aktuelles.uni-frankfurt.de\/#website"},"primaryImageOfPage":{"@id":"https:\/\/aktuelles.uni-frankfurt.de\/menschen\/herzlichen-glueckwunsch-liebe-goethe-universitaet\/#primaryimage"},"image":{"@id":"https:\/\/aktuelles.uni-frankfurt.de\/menschen\/herzlichen-glueckwunsch-liebe-goethe-universitaet\/#primaryimage"},"thumbnailUrl":"https:\/\/aktuelles.uni-frankfurt.de\/wp-content\/uploads\/2016\/02\/Klopp_Interview-028.jpg","datePublished":"2013-12-06T10:51:28+00:00","dateModified":"2016-04-04T11:23:29+00:00","breadcrumb":{"@id":"https:\/\/aktuelles.uni-frankfurt.de\/menschen\/herzlichen-glueckwunsch-liebe-goethe-universitaet\/#breadcrumb"},"inLanguage":"en-GB","potentialAction":[{"@type":"ReadAction","target":["https:\/\/aktuelles.uni-frankfurt.de\/menschen\/herzlichen-glueckwunsch-liebe-goethe-universitaet\/"]}]},{"@type":"ImageObject","inLanguage":"en-GB","@id":"https:\/\/aktuelles.uni-frankfurt.de\/menschen\/herzlichen-glueckwunsch-liebe-goethe-universitaet\/#primaryimage","url":"https:\/\/aktuelles.uni-frankfurt.de\/wp-content\/uploads\/2016\/02\/Klopp_Interview-028.jpg","contentUrl":"https:\/\/aktuelles.uni-frankfurt.de\/wp-content\/uploads\/2016\/02\/Klopp_Interview-028.jpg","width":4752,"height":3168},{"@type":"BreadcrumbList","@id":"https:\/\/aktuelles.uni-frankfurt.de\/menschen\/herzlichen-glueckwunsch-liebe-goethe-universitaet\/#breadcrumb","itemListElement":[{"@type":"ListItem","position":1,"name":"Startseite","item":"https:\/\/aktuelles.uni-frankfurt.de\/"},{"@type":"ListItem","position":2,"name":"&#8220;Herzlichen Gl\u00fcckwunsch, liebe Goethe-Universit\u00e4t.&#8221;"}]},{"@type":"WebSite","@id":"https:\/\/aktuelles.uni-frankfurt.de\/#website","url":"https:\/\/aktuelles.uni-frankfurt.de\/","name":"Aktuelles aus der Goethe-Universit\u00e4t Frankfurt","description":"Aktuelles aus der Goethe-Universit\u00e4t | Neues aus Forschung, Lehre, Studium","publisher":{"@id":"https:\/\/aktuelles.uni-frankfurt.de\/#organization"},"potentialAction":[{"@type":"SearchAction","target":{"@type":"EntryPoint","urlTemplate":"https:\/\/aktuelles.uni-frankfurt.de\/?s={search_term_string}"},"query-input":{"@type":"PropertyValueSpecification","valueRequired":true,"valueName":"search_term_string"}}],"inLanguage":"en-GB"},{"@type":"Organization","@id":"https:\/\/aktuelles.uni-frankfurt.de\/#organization","name":"Goethe University Frankfurt","url":"https:\/\/aktuelles.uni-frankfurt.de\/","logo":{"@type":"ImageObject","inLanguage":"en-GB","@id":"https:\/\/aktuelles.uni-frankfurt.de\/#\/schema\/logo\/image\/","url":"https:\/\/aktuelles.uni-frankfurt.de\/wp-content\/uploads\/2022\/03\/800px-Goethe-Logo.png","contentUrl":"https:\/\/aktuelles.uni-frankfurt.de\/wp-content\/uploads\/2022\/03\/800px-Goethe-Logo.png","width":800,"height":436,"caption":"Goethe-Universit\u00e4t"},"image":{"@id":"https:\/\/aktuelles.uni-frankfurt.de\/#\/schema\/logo\/image\/"}},{"@type":"Person","@id":"https:\/\/aktuelles.uni-frankfurt.de\/#\/schema\/person\/8e55ea338fb65d1ce87a91565d1f1739","name":"-","description":"Dieser Beitrag wurde von der Online-Redaktion ver\u00f6ffentlicht. Wenn der Beitrag von einem Gastautoren verfasst wurde, findet sich dieser Hinweis am Ende des jeweiligen Artikels.","sameAs":["http:\/\/aktuelles.uni-frankfurt.de\/autoren"],"url":"https:\/\/aktuelles.uni-frankfurt.de\/en\/author\/redaktion\/"}]}},"_links":{"self":[{"href":"https:\/\/aktuelles.uni-frankfurt.de\/en\/wp-json\/wp\/v2\/posts\/3970","targetHints":{"allow":["GET"]}}],"collection":[{"href":"https:\/\/aktuelles.uni-frankfurt.de\/en\/wp-json\/wp\/v2\/posts"}],"about":[{"href":"https:\/\/aktuelles.uni-frankfurt.de\/en\/wp-json\/wp\/v2\/types\/post"}],"author":[{"embeddable":true,"href":"https:\/\/aktuelles.uni-frankfurt.de\/en\/wp-json\/wp\/v2\/users\/8"}],"replies":[{"embeddable":true,"href":"https:\/\/aktuelles.uni-frankfurt.de\/en\/wp-json\/wp\/v2\/comments?post=3970"}],"version-history":[{"count":0,"href":"https:\/\/aktuelles.uni-frankfurt.de\/en\/wp-json\/wp\/v2\/posts\/3970\/revisions"}],"wp:featuredmedia":[{"embeddable":true,"href":"https:\/\/aktuelles.uni-frankfurt.de\/en\/wp-json\/wp\/v2\/media\/3984"}],"wp:attachment":[{"href":"https:\/\/aktuelles.uni-frankfurt.de\/en\/wp-json\/wp\/v2\/media?parent=3970"}],"wp:term":[{"taxonomy":"category","embeddable":true,"href":"https:\/\/aktuelles.uni-frankfurt.de\/en\/wp-json\/wp\/v2\/categories?post=3970"},{"taxonomy":"post_tag","embeddable":true,"href":"https:\/\/aktuelles.uni-frankfurt.de\/en\/wp-json\/wp\/v2\/tags?post=3970"},{"taxonomy":"post_folder","embeddable":true,"href":"https:\/\/aktuelles.uni-frankfurt.de\/en\/wp-json\/wp\/v2\/post_folder?post=3970"}],"curies":[{"name":"wp","href":"https:\/\/api.w.org\/{rel}","templated":true}]}}